{"id":15122,"date":"2024-04-23T22:05:42","date_gmt":"2024-04-24T01:05:42","guid":{"rendered":"https:\/\/apuntesdesanluis.com\/?p=15122"},"modified":"2024-04-24T13:21:14","modified_gmt":"2024-04-24T16:21:14","slug":"en-san-luis-tambien-fue-masiva-la-manifestacion-de-apoyo-a-la-educacion-publica","status":"publish","type":"post","link":"https:\/\/apuntesdesanluis.com\/index.php\/2024\/04\/23\/en-san-luis-tambien-fue-masiva-la-manifestacion-de-apoyo-a-la-educacion-publica\/","title":{"rendered":"EN SAN LUIS TAMBI\u00c9N FUE MASIVA LA MANIFESTACI\u00d3N DE APOYO A LA EDUCACI\u00d3N P\u00daBLICA"},"content":{"rendered":"<h3>En la ciudad capital de la provincia la concentraci\u00f3n inici\u00f3 a las 17:30 en la zona del Rectorado de la UNSL, ubicado en avenida Ej\u00e9rcito de los Antes, entre calles Estado de Israel y Francia,\u00a0 dondes se hizo presente una bulliciosa multitud con bombos, tambores, carteles y pancartas.<\/h3>\n<h3>La manifestaci\u00f3n se extendi\u00f3 a lo largo de m\u00e1s de diez cuadras, por lo que se calcula entre 15 y 20 mil los adherentes a la gran marcha federal universitaria.<\/h3>\n<h3>Participaron integrantes de la comunidad sanluise\u00f1a, universitaria, estudiantes, docentes, nodocentes y gremios. Acompa\u00f1aron a la Universidad Nacional de San Luis, la Universidad Nacional de Villa Mercedes y la Universidad Nacional de Los Comechingones.<\/h3>\n<h3>La caravana se moviliz\u00f3 por calle Rivadavia hasta el Poder Judicial, frente a la plaza Independencia, para luego regresar por San Mart\u00edn hasta la avenida Illia y concluir en el colegio preuniversitario, Escuela Normal \u201cJuan Pascual Pringles\u201d.<\/h3>\n<h3>En representaci\u00f3n de las autoridades de la UNSL asisti\u00f3 el Vicerrector <strong>H\u00e9ctor Flores<\/strong> y el Secretario General <strong>Ra\u00fal Gil<\/strong>, uno de los que encabez\u00f3 la marcha portando una bandera nacional, entre otras autoridades. Tambi\u00e9n los decanos de las diferentes facultades, entre los cuales se encontraban <strong>Roxana Camiletti<\/strong> (FCEJS) y <strong>Sergio Ribotta<\/strong> (FICA), del Centro Universitario Villa Mercedes.<\/h3>\n<p><img fetchpriority=\"high\" decoding=\"async\" class=\"wp-image-15165 aligncenter\" src=\"https:\/\/apuntesdesanluis.com\/wp-content\/uploads\/2024\/04\/5c3c68a0-b5c8-4db7-879d-1f2de06f32f0-300x200.jpg\" alt=\"\" width=\"787\" height=\"524\" srcset=\"https:\/\/apuntesdesanluis.com\/wp-content\/uploads\/2024\/04\/5c3c68a0-b5c8-4db7-879d-1f2de06f32f0-300x200.jpg 300w, https:\/\/apuntesdesanluis.com\/wp-content\/uploads\/2024\/04\/5c3c68a0-b5c8-4db7-879d-1f2de06f32f0.jpg 700w\" sizes=\"(max-width: 787px) 100vw, 787px\" \/><\/p>\n<h3>\u201cEst\u00e1 claro que el Gobierno nacional va a tener que sentarse a discutir con las universidades en una mesa objetiva de di\u00e1logo sobre lo que va a pasar con el presupuesto de ahora en adelante\u201d, se\u00f1al\u00f3 Gil.<\/h3>\n<p><img decoding=\"async\" class=\"aligncenter\" src=\"https:\/\/noticias.unsl.edu.ar\/wp-content\/uploads\/2024\/04\/20240423-Marcha-en-la-defensa-de-la-educaci%C3%B3n-p%C3%BAblica-33.jpg\" width=\"798\" height=\"532\" \/><\/p>\n<h3>A su lado se encontraba el rector de la UNViMe, Dr. <strong>Marcelo Sosa<\/strong>: \u201cEsta protesta hist\u00f3rica, aqu\u00ed y en todo el pa\u00eds, es un claro mensaje al gobierno nacional, de que la educaci\u00f3n superior es un bien social y un derecho humano que no se debe tocar. Este conflicto no es un problema solo de las universidades, de los docentes y sus estudiantes, sino un tema que atraviesa a toda la sociedad. Espero que el presidente y sus funcionarios reflexionen, por el bien de la Patria que ellos dicen defender\u201d, enfatiz\u00f3.<\/h3>\n<h3>Entre los miles de manifestantes se apreci\u00f3 la presencia de los gremios docentes y nodocente, agrupaciones estudiantiles, sindicatos, organizaciones sociales, legisladores, dirigentes pol\u00edticos y representantes de diferentes instituciones.<\/h3>\n<h3>Tal como se hizo en otras ciudades como Villa Mercedes y Merlo, la manifestaci\u00f3n incluy\u00f3 con la lectura de un comunicado de repudio al brutal ajuste del gobierno nacional contra el sistema universitario nacional y de apoyo a la educaci\u00f3n superior, la ciencia y la tecnolog\u00eda:&#8221;<\/h3>\n<h3>All\u00ed se entonaron con gran emoci\u00f3n las estrofas del Himno Nacional Argentino y se ley\u00f3 un comunicado en defensa de la educaci\u00f3n, la ciencia y la tecnolog\u00eda. El mismo expresa:<\/h3>\n<h3><em>&#8220;Hoy, 23 de abril de 2024, en todo el pa\u00eds marchamos en defensa de la educaci\u00f3n, la ciencia y la tecnolog\u00eda.<\/em><\/h3>\n<h3><em>Marchamos en respuesta pac\u00edfica pero contundente e inflexible a los constantes mensajes agraviantes, estigmatizantes y discriminatorios que emanan de las m\u00e1s altas esferas del Gobierno Nacional y son replicados de manera maliciosa y cobarde por sus lacayos medi\u00e1ticos.<\/em><\/h3>\n<h3><em>Marchamos en unidad, estudiantes, trabajadoras y trabajadores docentes y nodocentes, autoridades de nuestras Universidades, abrazados por nuestra comunidad que entiende cabalmente la importancia de lo que hoy est\u00e1 en juego.<\/em><\/h3>\n<h3 class=\"wp-block-image\"><img decoding=\"async\" class=\"wp-image-98337 aligncenter\" src=\"https:\/\/noticias.unsl.edu.ar\/wp-content\/uploads\/2024\/04\/20240423-Marcha-en-la-defensa-de-la-educaci%C3%B3n-p%C3%BAblica-6.jpg\" sizes=\"(max-width: 1000px) 100vw, 1000px\" srcset=\"https:\/\/noticias.unsl.edu.ar\/wp-content\/uploads\/2024\/04\/20240423-Marcha-en-la-defensa-de-la-educaci\u00f3n-p\u00fablica-6.jpg 1000w, https:\/\/noticias.unsl.edu.ar\/wp-content\/uploads\/2024\/04\/20240423-Marcha-en-la-defensa-de-la-educaci\u00f3n-p\u00fablica-6-300x200.jpg 300w\" alt=\"\" width=\"738\" height=\"493\" \/><\/h3>\n<h3><em>Marchamos en defensa de la Universidad P\u00fablica argentina laica, gratuita, inclusiva y de calidad.<\/em><\/h3>\n<h3><em>Marchamos en defensa de uno de los grandes consensos que une a la sociedad argentina a lo largo de nuestra historia.<\/em><\/h3>\n<h3><em>Marchamos en defensa del derecho de cada ciudadano o ciudadana, independientemente de su origen e historia personal, a formarse en la educaci\u00f3n p\u00fablica y a recibir los beneficios derivados de la generaci\u00f3n y transmisi\u00f3n del conocimiento.<\/em><\/h3>\n<h3><em>Marchamos en defensa de la libertad y pluralidad ideol\u00f3gica, pol\u00edtica y religiosa en la que se desarrollan la docencia, la investigaci\u00f3n, la extensi\u00f3n universitaria. Esa pluralidad a la que solo mentes verdaderamente estrechas o malintencionadas pueden llamar \u00abadoctrinamiento\u00bb.<\/em><\/h3>\n<h3><em>Marchamos en defensa de Universidades con sus puertas cada vez m\u00e1s abiertas, en pos de la comunidad a la que se debe.<\/em><\/h3>\n<h3><em>Marchamos porque las universidades est\u00e1n repletas de juventudes dispuestas a formarse como profesionales a disposici\u00f3n de las necesidades del pueblo argentino y hoy est\u00e1 en peligro su ingreso, permanencia y egreso de la Universidad P\u00fablica, no s\u00f3lo por el desfinanciamiento de las instituciones, sino tambi\u00e9n por la imposibilidad de acceder a becas, el pago de alquileres con precios impagables, el aumento brutal en el transporte p\u00fablico y en los servicios. Reafirmamos que los y las estudiantes son el alma de las Universidades P\u00fablicas y sostenemos como bandera el ingreso, permanencia y egreso de todas y todos los estudiantes.<\/em><\/h3>\n<h3><em>Marchamos porque en enero de 2024, el gobierno retrotrajo el valor del presupuesto de funcionamiento universitario al de enero de 2023 y lo congel\u00f3. Este recorte en t\u00e9rminos reales pone en riesgo el pago de los servicios, las becas, el funcionamiento de los comedores universitarios, los albergues estudiantiles, materiales de docencia e investigaci\u00f3n, laboratorio, equipamiento, bibliotecas, viajes de estudio, construcciones, mantenimiento, mobiliario, etc.<\/em><\/h3>\n<h3><em>Marchamos porque a partir de enero de 2024, 4 de las 5 categor\u00edas de cargos docentes universitarios, al igual que varias categor\u00edas pre-universitarias, y del escalaf\u00f3n nodocente, tienen sus salarios netos por debajo de la l\u00ednea de pobreza.<\/em><\/h3>\n<h3><em>Marchamos en defensa de la ciencia y tecnolog\u00eda argentina, llevada a cabo por y para argentinas y argentinos, en nuestro suelo, de acuerdo a nuestras necesidades y nuestras capacidades, que generan y seguir\u00e1n generando nuevas herramientas para el buen vivir de toda la sociedad.<\/em><\/h3>\n<h3><img loading=\"lazy\" decoding=\"async\" class=\"wp-image-15128 aligncenter\" src=\"https:\/\/apuntesdesanluis.com\/wp-content\/uploads\/2024\/04\/san-luis-marcha-300x162.png\" alt=\"\" width=\"722\" height=\"390\" srcset=\"https:\/\/apuntesdesanluis.com\/wp-content\/uploads\/2024\/04\/san-luis-marcha-300x162.png 300w, https:\/\/apuntesdesanluis.com\/wp-content\/uploads\/2024\/04\/san-luis-marcha.png 600w\" sizes=\"(max-width: 722px) 100vw, 722px\" \/><\/h3>\n<h3><em>Marchamos por el derecho a contar con informaci\u00f3n clara y basada en evidencia cient\u00edfica para la toma de decisiones individuales y colectivas de nuestra sociedad.<\/em><\/h3>\n<h3><em>Marchamos tambi\u00e9n, sin dudarlo un instante, en defensa de todos aquellos que, no habiendo nacido en nuestro pa\u00eds, por dis\u00edmiles razones eligen formarse en nuestras Universidades y enriquecen la ya hermosa pluralidad cultural de nuestras aulas. Ante los mensajes de odio imperantes, ratificamos nuestro derecho a recibirlos en pie de igualdad y el suyo a habitar nuestro suelo y nuestras aulas.<\/em><\/h3>\n<h3><em>Marchamos, y seguiremos marchando todas las veces que sea necesario, en defensa de nuestras escuelas y universidades, de nuestros organismos de ciencia y tecnolog\u00eda, de nuestro Estado como herramienta irreemplazable para construir una vida m\u00e1s digna, justa e igualitaria para los argentinos y para todos los hombres y mujeres que quieran habitar el suelo argentino.<\/em><\/h3>\n<h3><em>Continuaremos en las calles todo el tiempo que sea necesario hasta que quienes hoy tienen la responsabilidad de guiar los destinos de nuestra naci\u00f3n, entiendan que la Educaci\u00f3n, la Ciencia y la Tecnolog\u00eda son deberes indelegables del Estado, y la funci\u00f3n de quienes han sido electos para gobernar es garantizar su funcionamiento en lugar de destruir, estigmatizar, agraviar y desfinanciar&#8221;.<\/em><\/h3>\n<h3>La jornada de protesta concluy\u00f3 en plaza Pringles, donde tuvo lugar un recital organizado por estudiantes y el Instituto de Formaci\u00f3n Docente Continua (IFDC) de San Luis. (UNSL)<\/h3>\n<h3><strong>MERLO<\/strong><\/h3>\n<h3><strong>El Corredor Noticias<\/strong> inform\u00f3 que la protesta arranc\u00f3 pasadas la 18 horas frente al Casino Flamingo. Una nutrida columna de asistentes, de m\u00e1s de cuatro cuadras, march\u00f3 hasta la rotonda de ingreso, donde se realiz\u00f3 un festival.<\/h3>\n<h3>La marcha federal universitaria, que congreg\u00f3 a multitudes en distintos puntos del pa\u00eds, tuvo su eco resonante en esta localidad. Con una asistencia impactante, la movilizaci\u00f3n se posicion\u00f3 como una de las m\u00e1s convocantes en la historia reciente de la ciudad.<\/h3>\n<h3><img loading=\"lazy\" decoding=\"async\" class=\"aligncenter\" src=\"https:\/\/elcorredornoticias-s3.cdn.net.ar\/s3i233\/2024\/04\/elcorredornoticias\/images\/75\/52\/755204_b5a0e17c9e2044069b2f969f3704ac443ae113b8a46fae273df332bf6ae39a0e\/lg.webp\" alt=\"La Marcha Federal Universitaria tuvo una masiva convocatoria en Villa de Merlo\" width=\"812\" height=\"423\" \/><\/h3>\n<h3>La cantidad de participantes que se moviliz\u00f3 en defensa de la educaci\u00f3n p\u00fablica y en rechazo a las pol\u00edticas de ajuste y recortes presupuestarios del Gobierno nacional a trav\u00e9s del presidente Javier Milei, super\u00f3 las expectativas. La afluencia de personas se increment\u00f3 considerablemente en comparaci\u00f3n con eventos anteriores, como el del 24 de enero.<\/h3>\n<h3>El apoyo a la comunidad universitaria fue tal que ciudadanos de a pie, organizaciones pol\u00edticas sin distinci\u00f3n de bandera partidaria, sindicatos, marcharon en conjunto en una nutrida columna al ritmo de consignas como &#8220;la patria no se vende, se defiende&#8221; y con sus libros, pancartas y carteles caseros en defensa de la educaci\u00f3n p\u00fablica, gratuita y de calidad, en las manos.<\/h3>\n<p>&nbsp;<\/p>\n<p>&nbsp;<\/p>\n<p>&nbsp;<\/p>\n<p>&nbsp;<\/p>\n<p>&nbsp;<\/p>\n<p>&nbsp;<\/p>\n<p>&nbsp;<\/p>\n<p>&nbsp;<\/p>\n<p>&nbsp;<\/p>\n<p>&nbsp;<\/p>\n","protected":false},"excerpt":{"rendered":"<p>En la ciudad capital de la provincia la concentraci\u00f3n inici\u00f3 a las 17:30 en la&#8230;<\/p>\n","protected":false},"author":1,"featured_media":15127,"comment_status":"closed","ping_status":"closed","sticky":false,"template":"","format":"standard","meta":{"footnotes":""},"categories":[6],"tags":[],"class_list":["post-15122","post","type-post","status-publish","format-standard","has-post-thumbnail","hentry","category-ciudad-provincia"],"yoast_head":"<!-- This site is optimized with the Yoast SEO plugin v26.1.1 - https:\/\/yoast.com\/wordpress\/plugins\/seo\/ -->\n<title>EN SAN LUIS TAMBI\u00c9N FUE MASIVA LA MANIFESTACI\u00d3N DE APOYO A LA EDUCACI\u00d3N P\u00daBLICA - Apuntes de San Luis<\/title>\n<meta name=\"robots\" content=\"index, follow, max-snippet:-1, max-image-preview:large, max-video-preview:-1\" \/>\n<link rel=\"canonical\" href=\"https:\/\/apuntesdesanluis.com\/index.php\/2024\/04\/23\/en-san-luis-tambien-fue-masiva-la-manifestacion-de-apoyo-a-la-educacion-publica\/\" \/>\n<meta property=\"og:locale\" content=\"es_ES\" \/>\n<meta property=\"og:type\" content=\"article\" \/>\n<meta property=\"og:title\" content=\"EN SAN LUIS TAMBI\u00c9N FUE MASIVA LA MANIFESTACI\u00d3N DE APOYO A LA EDUCACI\u00d3N P\u00daBLICA - Apuntes de San Luis\" \/>\n<meta property=\"og:description\" content=\"En la ciudad capital de la provincia la concentraci\u00f3n inici\u00f3 a las 17:30 en la...\" \/>\n<meta property=\"og:url\" content=\"https:\/\/apuntesdesanluis.com\/index.php\/2024\/04\/23\/en-san-luis-tambien-fue-masiva-la-manifestacion-de-apoyo-a-la-educacion-publica\/\" \/>\n<meta property=\"og:site_name\" content=\"Apuntes de San Luis\" \/>\n<meta property=\"article:published_time\" content=\"2024-04-24T01:05:42+00:00\" \/>\n<meta property=\"article:modified_time\" content=\"2024-04-24T16:21:14+00:00\" \/>\n<meta property=\"og:image\" content=\"https:\/\/apuntesdesanluis.com\/wp-content\/uploads\/2024\/04\/marcha-en-san-luis.png\" \/>\n\t<meta property=\"og:image:width\" content=\"725\" \/>\n\t<meta property=\"og:image:height\" content=\"411\" \/>\n\t<meta property=\"og:image:type\" content=\"image\/png\" \/>\n<meta name=\"author\" content=\"apuntesdesanluis.com\" \/>\n<meta name=\"twitter:card\" content=\"summary_large_image\" \/>\n<meta name=\"twitter:label1\" content=\"Escrito por\" \/>\n\t<meta name=\"twitter:data1\" content=\"apuntesdesanluis.com\" \/>\n\t<meta name=\"twitter:label2\" content=\"Tiempo de lectura\" \/>\n\t<meta name=\"twitter:data2\" content=\"8 minutos\" \/>\n<script type=\"application\/ld+json\" class=\"yoast-schema-graph\">{\"@context\":\"https:\/\/schema.org\",\"@graph\":[{\"@type\":\"Article\",\"@id\":\"https:\/\/apuntesdesanluis.com\/index.php\/2024\/04\/23\/en-san-luis-tambien-fue-masiva-la-manifestacion-de-apoyo-a-la-educacion-publica\/#article\",\"isPartOf\":{\"@id\":\"https:\/\/apuntesdesanluis.com\/index.php\/2024\/04\/23\/en-san-luis-tambien-fue-masiva-la-manifestacion-de-apoyo-a-la-educacion-publica\/\"},\"author\":{\"name\":\"apuntesdesanluis.com\",\"@id\":\"https:\/\/apuntesdesanluis.com\/#\/schema\/person\/b55151d52296fcce64d1a72538a70b90\"},\"headline\":\"EN SAN LUIS TAMBI\u00c9N FUE MASIVA LA MANIFESTACI\u00d3N DE APOYO A LA EDUCACI\u00d3N P\u00daBLICA\",\"datePublished\":\"2024-04-24T01:05:42+00:00\",\"dateModified\":\"2024-04-24T16:21:14+00:00\",\"mainEntityOfPage\":{\"@id\":\"https:\/\/apuntesdesanluis.com\/index.php\/2024\/04\/23\/en-san-luis-tambien-fue-masiva-la-manifestacion-de-apoyo-a-la-educacion-publica\/\"},\"wordCount\":1418,\"publisher\":{\"@id\":\"https:\/\/apuntesdesanluis.com\/#\/schema\/person\/b55151d52296fcce64d1a72538a70b90\"},\"image\":{\"@id\":\"https:\/\/apuntesdesanluis.com\/index.php\/2024\/04\/23\/en-san-luis-tambien-fue-masiva-la-manifestacion-de-apoyo-a-la-educacion-publica\/#primaryimage\"},\"thumbnailUrl\":\"https:\/\/apuntesdesanluis.com\/wp-content\/uploads\/2024\/04\/marcha-en-san-luis.png\",\"articleSection\":[\"Ciudad\/Provincia\"],\"inLanguage\":\"es-AR\"},{\"@type\":\"WebPage\",\"@id\":\"https:\/\/apuntesdesanluis.com\/index.php\/2024\/04\/23\/en-san-luis-tambien-fue-masiva-la-manifestacion-de-apoyo-a-la-educacion-publica\/\",\"url\":\"https:\/\/apuntesdesanluis.com\/index.php\/2024\/04\/23\/en-san-luis-tambien-fue-masiva-la-manifestacion-de-apoyo-a-la-educacion-publica\/\",\"name\":\"EN SAN LUIS TAMBI\u00c9N FUE MASIVA LA MANIFESTACI\u00d3N DE APOYO A LA EDUCACI\u00d3N P\u00daBLICA - Apuntes de San Luis\",\"isPartOf\":{\"@id\":\"https:\/\/apuntesdesanluis.com\/#website\"},\"primaryImageOfPage\":{\"@id\":\"https:\/\/apuntesdesanluis.com\/index.php\/2024\/04\/23\/en-san-luis-tambien-fue-masiva-la-manifestacion-de-apoyo-a-la-educacion-publica\/#primaryimage\"},\"image\":{\"@id\":\"https:\/\/apuntesdesanluis.com\/index.php\/2024\/04\/23\/en-san-luis-tambien-fue-masiva-la-manifestacion-de-apoyo-a-la-educacion-publica\/#primaryimage\"},\"thumbnailUrl\":\"https:\/\/apuntesdesanluis.com\/wp-content\/uploads\/2024\/04\/marcha-en-san-luis.png\",\"datePublished\":\"2024-04-24T01:05:42+00:00\",\"dateModified\":\"2024-04-24T16:21:14+00:00\",\"breadcrumb\":{\"@id\":\"https:\/\/apuntesdesanluis.com\/index.php\/2024\/04\/23\/en-san-luis-tambien-fue-masiva-la-manifestacion-de-apoyo-a-la-educacion-publica\/#breadcrumb\"},\"inLanguage\":\"es-AR\",\"potentialAction\":[{\"@type\":\"ReadAction\",\"target\":[\"https:\/\/apuntesdesanluis.com\/index.php\/2024\/04\/23\/en-san-luis-tambien-fue-masiva-la-manifestacion-de-apoyo-a-la-educacion-publica\/\"]}]},{\"@type\":\"ImageObject\",\"inLanguage\":\"es-AR\",\"@id\":\"https:\/\/apuntesdesanluis.com\/index.php\/2024\/04\/23\/en-san-luis-tambien-fue-masiva-la-manifestacion-de-apoyo-a-la-educacion-publica\/#primaryimage\",\"url\":\"https:\/\/apuntesdesanluis.com\/wp-content\/uploads\/2024\/04\/marcha-en-san-luis.png\",\"contentUrl\":\"https:\/\/apuntesdesanluis.com\/wp-content\/uploads\/2024\/04\/marcha-en-san-luis.png\",\"width\":725,\"height\":411},{\"@type\":\"BreadcrumbList\",\"@id\":\"https:\/\/apuntesdesanluis.com\/index.php\/2024\/04\/23\/en-san-luis-tambien-fue-masiva-la-manifestacion-de-apoyo-a-la-educacion-publica\/#breadcrumb\",\"itemListElement\":[{\"@type\":\"ListItem\",\"position\":1,\"name\":\"Inicio\",\"item\":\"https:\/\/apuntesdesanluis.com\/\"},{\"@type\":\"ListItem\",\"position\":2,\"name\":\"EN SAN LUIS TAMBI\u00c9N FUE MASIVA LA MANIFESTACI\u00d3N DE APOYO A LA EDUCACI\u00d3N P\u00daBLICA\"}]},{\"@type\":\"WebSite\",\"@id\":\"https:\/\/apuntesdesanluis.com\/#website\",\"url\":\"https:\/\/apuntesdesanluis.com\/\",\"name\":\"Apuntes de San Luis\",\"description\":\"\",\"publisher\":{\"@id\":\"https:\/\/apuntesdesanluis.com\/#\/schema\/person\/b55151d52296fcce64d1a72538a70b90\"},\"potentialAction\":[{\"@type\":\"SearchAction\",\"target\":{\"@type\":\"EntryPoint\",\"urlTemplate\":\"https:\/\/apuntesdesanluis.com\/?s={search_term_string}\"},\"query-input\":{\"@type\":\"PropertyValueSpecification\",\"valueRequired\":true,\"valueName\":\"search_term_string\"}}],\"inLanguage\":\"es-AR\"},{\"@type\":[\"Person\",\"Organization\"],\"@id\":\"https:\/\/apuntesdesanluis.com\/#\/schema\/person\/b55151d52296fcce64d1a72538a70b90\",\"name\":\"apuntesdesanluis.com\",\"image\":{\"@type\":\"ImageObject\",\"inLanguage\":\"es-AR\",\"@id\":\"https:\/\/apuntesdesanluis.com\/#\/schema\/person\/image\/\",\"url\":\"https:\/\/apuntesdesanluis.com\/wp-content\/uploads\/2023\/07\/cropped-apuntesdesanluis.png\",\"contentUrl\":\"https:\/\/apuntesdesanluis.com\/wp-content\/uploads\/2023\/07\/cropped-apuntesdesanluis.png\",\"width\":450,\"height\":112,\"caption\":\"apuntesdesanluis.com\"},\"logo\":{\"@id\":\"https:\/\/apuntesdesanluis.com\/#\/schema\/person\/image\/\"},\"sameAs\":[\"https:\/\/apuntesdesanluis.com\"],\"url\":\"https:\/\/apuntesdesanluis.com\/index.php\/author\/apuntesdesanluis-com\/\"}]}<\/script>\n<!-- \/ Yoast SEO plugin. -->","yoast_head_json":{"title":"EN SAN LUIS TAMBI\u00c9N FUE MASIVA LA MANIFESTACI\u00d3N DE APOYO A LA EDUCACI\u00d3N P\u00daBLICA - Apuntes de San Luis","robots":{"index":"index","follow":"follow","max-snippet":"max-snippet:-1","max-image-preview":"max-image-preview:large","max-video-preview":"max-video-preview:-1"},"canonical":"https:\/\/apuntesdesanluis.com\/index.php\/2024\/04\/23\/en-san-luis-tambien-fue-masiva-la-manifestacion-de-apoyo-a-la-educacion-publica\/","og_locale":"es_ES","og_type":"article","og_title":"EN SAN LUIS TAMBI\u00c9N FUE MASIVA LA MANIFESTACI\u00d3N DE APOYO A LA EDUCACI\u00d3N P\u00daBLICA - Apuntes de San Luis","og_description":"En la ciudad capital de la provincia la concentraci\u00f3n inici\u00f3 a las 17:30 en la...","og_url":"https:\/\/apuntesdesanluis.com\/index.php\/2024\/04\/23\/en-san-luis-tambien-fue-masiva-la-manifestacion-de-apoyo-a-la-educacion-publica\/","og_site_name":"Apuntes de San Luis","article_published_time":"2024-04-24T01:05:42+00:00","article_modified_time":"2024-04-24T16:21:14+00:00","og_image":[{"width":725,"height":411,"url":"https:\/\/apuntesdesanluis.com\/wp-content\/uploads\/2024\/04\/marcha-en-san-luis.png","type":"image\/png"}],"author":"apuntesdesanluis.com","twitter_card":"summary_large_image","twitter_misc":{"Escrito por":"apuntesdesanluis.com","Tiempo de lectura":"8 minutos"},"schema":{"@context":"https:\/\/schema.org","@graph":[{"@type":"Article","@id":"https:\/\/apuntesdesanluis.com\/index.php\/2024\/04\/23\/en-san-luis-tambien-fue-masiva-la-manifestacion-de-apoyo-a-la-educacion-publica\/#article","isPartOf":{"@id":"https:\/\/apuntesdesanluis.com\/index.php\/2024\/04\/23\/en-san-luis-tambien-fue-masiva-la-manifestacion-de-apoyo-a-la-educacion-publica\/"},"author":{"name":"apuntesdesanluis.com","@id":"https:\/\/apuntesdesanluis.com\/#\/schema\/person\/b55151d52296fcce64d1a72538a70b90"},"headline":"EN SAN LUIS TAMBI\u00c9N FUE MASIVA LA MANIFESTACI\u00d3N DE APOYO A LA EDUCACI\u00d3N P\u00daBLICA","datePublished":"2024-04-24T01:05:42+00:00","dateModified":"2024-04-24T16:21:14+00:00","mainEntityOfPage":{"@id":"https:\/\/apuntesdesanluis.com\/index.php\/2024\/04\/23\/en-san-luis-tambien-fue-masiva-la-manifestacion-de-apoyo-a-la-educacion-publica\/"},"wordCount":1418,"publisher":{"@id":"https:\/\/apuntesdesanluis.com\/#\/schema\/person\/b55151d52296fcce64d1a72538a70b90"},"image":{"@id":"https:\/\/apuntesdesanluis.com\/index.php\/2024\/04\/23\/en-san-luis-tambien-fue-masiva-la-manifestacion-de-apoyo-a-la-educacion-publica\/#primaryimage"},"thumbnailUrl":"https:\/\/apuntesdesanluis.com\/wp-content\/uploads\/2024\/04\/marcha-en-san-luis.png","articleSection":["Ciudad\/Provincia"],"inLanguage":"es-AR"},{"@type":"WebPage","@id":"https:\/\/apuntesdesanluis.com\/index.php\/2024\/04\/23\/en-san-luis-tambien-fue-masiva-la-manifestacion-de-apoyo-a-la-educacion-publica\/","url":"https:\/\/apuntesdesanluis.com\/index.php\/2024\/04\/23\/en-san-luis-tambien-fue-masiva-la-manifestacion-de-apoyo-a-la-educacion-publica\/","name":"EN SAN LUIS TAMBI\u00c9N FUE MASIVA LA MANIFESTACI\u00d3N DE APOYO A LA EDUCACI\u00d3N P\u00daBLICA - Apuntes de San Luis","isPartOf":{"@id":"https:\/\/apuntesdesanluis.com\/#website"},"primaryImageOfPage":{"@id":"https:\/\/apuntesdesanluis.com\/index.php\/2024\/04\/23\/en-san-luis-tambien-fue-masiva-la-manifestacion-de-apoyo-a-la-educacion-publica\/#primaryimage"},"image":{"@id":"https:\/\/apuntesdesanluis.com\/index.php\/2024\/04\/23\/en-san-luis-tambien-fue-masiva-la-manifestacion-de-apoyo-a-la-educacion-publica\/#primaryimage"},"thumbnailUrl":"https:\/\/apuntesdesanluis.com\/wp-content\/uploads\/2024\/04\/marcha-en-san-luis.png","datePublished":"2024-04-24T01:05:42+00:00","dateModified":"2024-04-24T16:21:14+00:00","breadcrumb":{"@id":"https:\/\/apuntesdesanluis.com\/index.php\/2024\/04\/23\/en-san-luis-tambien-fue-masiva-la-manifestacion-de-apoyo-a-la-educacion-publica\/#breadcrumb"},"inLanguage":"es-AR","potentialAction":[{"@type":"ReadAction","target":["https:\/\/apuntesdesanluis.com\/index.php\/2024\/04\/23\/en-san-luis-tambien-fue-masiva-la-manifestacion-de-apoyo-a-la-educacion-publica\/"]}]},{"@type":"ImageObject","inLanguage":"es-AR","@id":"https:\/\/apuntesdesanluis.com\/index.php\/2024\/04\/23\/en-san-luis-tambien-fue-masiva-la-manifestacion-de-apoyo-a-la-educacion-publica\/#primaryimage","url":"https:\/\/apuntesdesanluis.com\/wp-content\/uploads\/2024\/04\/marcha-en-san-luis.png","contentUrl":"https:\/\/apuntesdesanluis.com\/wp-content\/uploads\/2024\/04\/marcha-en-san-luis.png","width":725,"height":411},{"@type":"BreadcrumbList","@id":"https:\/\/apuntesdesanluis.com\/index.php\/2024\/04\/23\/en-san-luis-tambien-fue-masiva-la-manifestacion-de-apoyo-a-la-educacion-publica\/#breadcrumb","itemListElement":[{"@type":"ListItem","position":1,"name":"Inicio","item":"https:\/\/apuntesdesanluis.com\/"},{"@type":"ListItem","position":2,"name":"EN SAN LUIS TAMBI\u00c9N FUE MASIVA LA MANIFESTACI\u00d3N DE APOYO A LA EDUCACI\u00d3N P\u00daBLICA"}]},{"@type":"WebSite","@id":"https:\/\/apuntesdesanluis.com\/#website","url":"https:\/\/apuntesdesanluis.com\/","name":"Apuntes de San Luis","description":"","publisher":{"@id":"https:\/\/apuntesdesanluis.com\/#\/schema\/person\/b55151d52296fcce64d1a72538a70b90"},"potentialAction":[{"@type":"SearchAction","target":{"@type":"EntryPoint","urlTemplate":"https:\/\/apuntesdesanluis.com\/?s={search_term_string}"},"query-input":{"@type":"PropertyValueSpecification","valueRequired":true,"valueName":"search_term_string"}}],"inLanguage":"es-AR"},{"@type":["Person","Organization"],"@id":"https:\/\/apuntesdesanluis.com\/#\/schema\/person\/b55151d52296fcce64d1a72538a70b90","name":"apuntesdesanluis.com","image":{"@type":"ImageObject","inLanguage":"es-AR","@id":"https:\/\/apuntesdesanluis.com\/#\/schema\/person\/image\/","url":"https:\/\/apuntesdesanluis.com\/wp-content\/uploads\/2023\/07\/cropped-apuntesdesanluis.png","contentUrl":"https:\/\/apuntesdesanluis.com\/wp-content\/uploads\/2023\/07\/cropped-apuntesdesanluis.png","width":450,"height":112,"caption":"apuntesdesanluis.com"},"logo":{"@id":"https:\/\/apuntesdesanluis.com\/#\/schema\/person\/image\/"},"sameAs":["https:\/\/apuntesdesanluis.com"],"url":"https:\/\/apuntesdesanluis.com\/index.php\/author\/apuntesdesanluis-com\/"}]}},"featured_image_urls":{"full":["https:\/\/apuntesdesanluis.com\/wp-content\/uploads\/2024\/04\/marcha-en-san-luis.png",725,411,false],"thumbnail":["https:\/\/apuntesdesanluis.com\/wp-content\/uploads\/2024\/04\/marcha-en-san-luis-150x150.png",150,150,true],"medium":["https:\/\/apuntesdesanluis.com\/wp-content\/uploads\/2024\/04\/marcha-en-san-luis-300x170.png",300,170,true],"medium_large":["https:\/\/apuntesdesanluis.com\/wp-content\/uploads\/2024\/04\/marcha-en-san-luis.png",640,363,false],"large":["https:\/\/apuntesdesanluis.com\/wp-content\/uploads\/2024\/04\/marcha-en-san-luis.png",640,363,false],"1536x1536":["https:\/\/apuntesdesanluis.com\/wp-content\/uploads\/2024\/04\/marcha-en-san-luis.png",725,411,false],"2048x2048":["https:\/\/apuntesdesanluis.com\/wp-content\/uploads\/2024\/04\/marcha-en-san-luis.png",725,411,false],"newsever-slider-full":["https:\/\/apuntesdesanluis.com\/wp-content\/uploads\/2024\/04\/marcha-en-san-luis.png",725,411,false],"newsever-featured":["https:\/\/apuntesdesanluis.com\/wp-content\/uploads\/2024\/04\/marcha-en-san-luis.png",725,411,false],"newsever-medium":["https:\/\/apuntesdesanluis.com\/wp-content\/uploads\/2024\/04\/marcha-en-san-luis-720x411.png",720,411,true]},"author_info":{"display_name":"apuntesdesanluis.com","author_link":"https:\/\/apuntesdesanluis.com\/index.php\/author\/apuntesdesanluis-com\/"},"category_info":"<a href=\"https:\/\/apuntesdesanluis.com\/index.php\/category\/ciudad-provincia\/\" rel=\"category tag\">Ciudad\/Provincia<\/a>","tag_info":"Ciudad\/Provincia","comment_count":"0","_links":{"self":[{"href":"https:\/\/apuntesdesanluis.com\/index.php\/wp-json\/wp\/v2\/posts\/15122","targetHints":{"allow":["GET"]}}],"collection":[{"href":"https:\/\/apuntesdesanluis.com\/index.php\/wp-json\/wp\/v2\/posts"}],"about":[{"href":"https:\/\/apuntesdesanluis.com\/index.php\/wp-json\/wp\/v2\/types\/post"}],"author":[{"embeddable":true,"href":"https:\/\/apuntesdesanluis.com\/index.php\/wp-json\/wp\/v2\/users\/1"}],"replies":[{"embeddable":true,"href":"https:\/\/apuntesdesanluis.com\/index.php\/wp-json\/wp\/v2\/comments?post=15122"}],"version-history":[{"count":9,"href":"https:\/\/apuntesdesanluis.com\/index.php\/wp-json\/wp\/v2\/posts\/15122\/revisions"}],"predecessor-version":[{"id":15167,"href":"https:\/\/apuntesdesanluis.com\/index.php\/wp-json\/wp\/v2\/posts\/15122\/revisions\/15167"}],"wp:featuredmedia":[{"embeddable":true,"href":"https:\/\/apuntesdesanluis.com\/index.php\/wp-json\/wp\/v2\/media\/15127"}],"wp:attachment":[{"href":"https:\/\/apuntesdesanluis.com\/index.php\/wp-json\/wp\/v2\/media?parent=15122"}],"wp:term":[{"taxonomy":"category","embeddable":true,"href":"https:\/\/apuntesdesanluis.com\/index.php\/wp-json\/wp\/v2\/categories?post=15122"},{"taxonomy":"post_tag","embeddable":true,"href":"https:\/\/apuntesdesanluis.com\/index.php\/wp-json\/wp\/v2\/tags?post=15122"}],"curies":[{"name":"wp","href":"https:\/\/api.w.org\/{rel}","templated":true}]}}