{"id":1514,"date":"2023-08-13T21:08:35","date_gmt":"2023-08-14T00:08:35","guid":{"rendered":"https:\/\/apuntesdesanluis.com\/?p=1514"},"modified":"2023-08-13T21:16:44","modified_gmt":"2023-08-14T00:16:44","slug":"paso-2023-voto-el-69-del-electorado-la-participacion-mas-baja-en-una-primaria-presidencial","status":"publish","type":"post","link":"https:\/\/apuntesdesanluis.com\/index.php\/2023\/08\/13\/paso-2023-voto-el-69-del-electorado-la-participacion-mas-baja-en-una-primaria-presidencial\/","title":{"rendered":"PASO 2023: VOT\u00d3 EL 69% DEL ELECTORADO, LA PARTICIPACI\u00d3N M\u00c1S BAJA EN UNA PRIMARIA PRESIDENCIAL"},"content":{"rendered":"<h3 class=\"yiv7409174924ydp6329976emsonormal\" style=\"background: white;\"><span style=\"font-family: 'Arial','sans-serif'; color: #1d2228;\">Concurrieron a las urnas 1,4 millones de electores menos que en 2019. Apenas supera en 1,2 puntos la de los \u00faltimos comicios legislativos, cuando hab\u00eda restricciones por el COVID-19<\/span><\/h3>\n<h3 class=\"yiv7409174924ydp6329976emsonormal\" style=\"background: white;\"><span style=\"font-family: 'Arial','sans-serif'; color: #1d2228;\">La apat\u00eda electoral, esa tendencia que se hab\u00eda manifestado en pr\u00e1cticamente todas las elecciones provinciales que anticiparon estas PASO, se replic\u00f3 ahora a nivel nacional: s\u00f3lo vot\u00f3 el 69% del electorado, lo que representa un aumento hist\u00f3rico del ausentismo en primarias presidenciales. Fue la participaci\u00f3n electoral m\u00e1s baja en una elecci\u00f3n presidencial desde que se instauraron las PASO, en 2011. El ausentismo se ubic\u00f3 apenas 1,2 puntos procentuales por encima de las \u00faltimas primarias legislativas, cuando todav\u00eda hab\u00eda restricciones por el COVID-19.<\/span><\/h3>\n<p><img fetchpriority=\"high\" decoding=\"async\" class=\"wp-image-1519 aligncenter\" src=\"https:\/\/apuntesdesanluis.com\/wp-content\/uploads\/2023\/08\/participacion-paso-2023-300x168.png\" alt=\"\" width=\"646\" height=\"362\" srcset=\"https:\/\/apuntesdesanluis.com\/wp-content\/uploads\/2023\/08\/participacion-paso-2023-300x168.png 300w, https:\/\/apuntesdesanluis.com\/wp-content\/uploads\/2023\/08\/participacion-paso-2023.png 724w\" sizes=\"(max-width: 646px) 100vw, 646px\" \/><\/p>\n<h3 class=\"yiv7409174924ydp6329976emsonormal\" style=\"background: white;\"><span style=\"font-family: 'Arial','sans-serif'; color: #1d2228;\">La comparaci\u00f3n con las internas abiertas de la anterior elecci\u00f3n presidencial lleva esa distancia hasta 7 puntos de diferencia, ya que en 2019 la participaci\u00f3n hab\u00eda llegado al 76,4 % del padr\u00f3n. Habr\u00e1 que seguir, a medida que avanza el escrutinio, la cantidad de voto en blanco, otro de los s\u00edntomas de un descontento masivo con la oferta electoral que tambi\u00e9n creci\u00f3 en las provincias que ya eligieron gobernador. En votos, concurrieron a las urnas 1.438.897 electores menos que en 2019, y 1.419.048 que en 2021.<\/span><\/h3>\n<h3 class=\"yiv7409174924ydp6329976emsonormal\" style=\"background: white;\"><span style=\"font-family: 'Arial','sans-serif'; color: #1d2228;\">El fastidio generalizado por los problemas econ\u00f3micos y el malestar por otras demandas ciudadanas insatisfechas en la \u00faltima d\u00e9cada son algunos de los motivos de esta anemia electoral de los argentinos, coincidieron los analistas consultados. La cifra de ausentismo fue observada durante todo el d\u00eda en los comandos de campa\u00f1a de los principales candidatos, que con los cortes emitidos por la C\u00e1mara Nacional Electoral anticipaban una ca\u00edda en la participaci\u00f3n respecto del 2019, como hab\u00eda ocurrido en casi todos los comicios provinciales. <\/span><\/h3>\n<h3 class=\"yiv7409174924ydp6329976emsonormal\" style=\"background: white;\"><span style=\"font-family: 'Arial','sans-serif'; color: #1d2228;\">El tribunal electoral indic\u00f3 que a las 18 apenas hab\u00eda votado el 66% del padr\u00f3n, pero algunas escuelas todav\u00eda continuaban abiertas, en especial en Capital Federal, donde se autoriz\u00f3 a extender la actividad en algunas mesas hasta las 19.30. La cifra finalmente se cerr\u00f3 cerca de las 20:30, cuando se confirm\u00f3 que llegaba apenas al 69% del electorado.<\/span><\/h3>\n<h3 class=\"yiv7409174924ydp6329976emsonormal\" style=\"background: white;\"><span style=\"font-family: 'Arial','sans-serif'; color: #1d2228;\">Los n\u00fameros del calendario 2023 dan cuenta de una tendencia: el voto en blanco hab\u00eda crecido en 12 de las 17 provincias en las que hubo elecciones; y la participaci\u00f3n electoral hab\u00eda ca\u00eddo en 14 de las 16 provincias que eligieron gobernador. Poco valieron los intentos de los partidos pol\u00edticos y la justicia electoral para evitar que ese fen\u00f3meno se repitiera en estas internas abiertas. Las primeras cifras de participaci\u00f3n electoral, apenas cerradas las urnas, est\u00e1n incluso por debajo de las previsiones tanto de los especialistas como de las principales fuerzas pol\u00edticas, que estimaban alrededor del 70% del padr\u00f3n.<\/span><\/h3>\n<p><img decoding=\"async\" class=\"wp-image-1516 aligncenter\" src=\"https:\/\/apuntesdesanluis.com\/wp-content\/uploads\/2023\/08\/participacion-electoral-300x184.png\" alt=\"\" width=\"660\" height=\"405\" srcset=\"https:\/\/apuntesdesanluis.com\/wp-content\/uploads\/2023\/08\/participacion-electoral-300x184.png 300w, https:\/\/apuntesdesanluis.com\/wp-content\/uploads\/2023\/08\/participacion-electoral-768x470.png 768w, https:\/\/apuntesdesanluis.com\/wp-content\/uploads\/2023\/08\/participacion-electoral.png 846w\" sizes=\"(max-width: 660px) 100vw, 660px\" \/><\/p>\n<h3 class=\"yiv7409174924ydp6329976emsonormal\" style=\"background: white;\"><span style=\"font-family: 'Arial','sans-serif'; color: #1d2228;\">Con los datos del escrutinio en proceso, todav\u00eda no est\u00e1 claro a qui\u00e9n podr\u00eda perjudicar esta tendencia. Los j\u00f3venes sol\u00edan ser los electores m\u00e1s desencantados con los pol\u00edticos, es decir, que los candidatos con m\u00e1s votos de esa franja podr\u00edan sufrir una merma ante la baja participaci\u00f3n. Los n\u00fameros de la \u00faltima elecci\u00f3n, por ejemplo, indican que la baja en la participaci\u00f3n perjudic\u00f3 al kirchnerismo, que perdi\u00f3 millones de votos en los comicios legislativos.<\/span><\/h3>\n<h3 class=\"yiv7409174924ydp6329976emsonormal\" style=\"background: white;\"><span style=\"font-family: 'Arial','sans-serif'; color: #1d2228;\">Los analistas estimaban que el escenario m\u00e1s probable para hoy ser\u00eda que la participaci\u00f3n electoral quede apenas por encima del 70% del electorado, algo m\u00e1s bajo que en las elecciones presidenciales de 2019, cuando se registr\u00f3 el 76,4% de participaci\u00f3n. Es decir, un descenso, pero menos marcado despu\u00e9s de algunos comicios provinciales, como Santa Fe, Chubut o los comicios municipales de la ciudad de C\u00f3rdoba, que hab\u00edan encendido alarmas entre las principales fuerzas pol\u00edticas y la justicia electoral, que pusieron el tema en su agenda. Pero los n\u00fameros registrados hasta el momento son los m\u00e1s bajo desde que se instauraron las PASO, en 2011.<\/span><\/h3>\n<h3 class=\"yiv7409174924ydp6329976emsonormal\" style=\"background: white;\"><span style=\"font-family: 'Arial','sans-serif'; color: #1d2228;\">\u201cEl votante que no va a votar es parte de un electorado enojado, entonces uno deber\u00eda asumir que es un votante potencialmente opositor. Dicho esto, podr\u00edamos concluir que la baja participaci\u00f3n beneficiar\u00eda al oficialismo\u201d, explic\u00f3 el analista Lucas Romero, director de la consultora Synopsys. Pero luego ech\u00f3 mano a un estudio realizado despu\u00e9s de las elecciones legislativas de 2021, que deduce que una buena parte de los millones de votos que perdi\u00f3 el oficialismo en esos comicios no fueron a parar a ninguna otra fuerza pol\u00edtica, sino que, justamente, s\u00f3lo se puede explicar ante el marcado descenso en la participaci\u00f3n electoral.<\/span><\/h3>\n<h3 class=\"yiv7409174924ydp6329976emsonormal\" style=\"background: white;\"><span style=\"font-family: 'Arial','sans-serif'; color: #1d2228;\">Tras esa experiencia, el kirchnerismo hab\u00eda tomado sus precauciones. El gobernador de la provincia de Buenos Aires, Axel Kicillof, le hab\u00eda manifestado a los intendentes del conurbano su preocupaci\u00f3n por el impacto que podr\u00eda tener la baja participaci\u00f3n electoral, pero no fue suficiente para contrarrestar la tendencia. La C\u00e1mara Nacional Electoral emiti\u00f3 un comunicado para alentar el voto: \u201cLlamamos a la ciudadan\u00eda al ejercicio del derecho fundamental del sufragio y a los actores pol\u00edticos a su contribuci\u00f3n para el desarrollo ordenado y pac\u00edfico de la jornada\u201d, indic\u00f3 el tribunal.<\/span><\/h3>\n<h3 class=\"yiv7409174924ydp6329976emsonormal\" style=\"background: white;\"><span style=\"font-family: 'Arial','sans-serif'; color: #1d2228;\">La jueza Mar\u00eda Servini tambi\u00e9n hab\u00eda intentado alertar sobre las consecuencias de faltar a los comicios tras firmar una nota hace semanas que recuerda que el voto es obligatorio y, caso contrario, los incumplidores no podr\u00e1n acceder a postularse a cargos p\u00fablicos durante los pr\u00f3ximos tres a\u00f1os despu\u00e9s de la falta, y no podr\u00e1n hacer tr\u00e1mites ante administraciones p\u00fablicas nacionales, provinciales y municipales hasta un a\u00f1o despu\u00e9s de la fecha de los comicios.<\/span><\/h3>\n<h3 class=\"yiv7409174924ydp6329976emsonormal\" style=\"background: white;\"><span style=\"font-family: 'Arial','sans-serif'; color: #1d2228;\">Romero, define esta actitud del electorado en los comicios provinciales como una \u201cdesafecci\u00f3n\u201d de la ciudadan\u00eda con la pol\u00edtica o una \u201capat\u00eda\u201d electoral. \u201cEs evidente que se rompi\u00f3 el v\u00ednculo de responsabilidad del ciudadano con el sistema pol\u00edtico. Hay un pacto transaccional en la democracia: uno asume la responsabilidad de elegir para que, luego, eso sea beneficioso. Pero si tengo que ir a votar y permanentemente los tipos que elijo me hacen la vida cada vez m\u00e1s dif\u00edcil, entonces, \u00bfpara qu\u00e9 voy a ir a votar? El descenso de la participaci\u00f3n electoral y el voto en blanco son dos expresiones de esta misma problem\u00e1tica\u201d.<\/span><\/h3>\n<h3 class=\"yiv7409174924ydp6329976emsonormal\" style=\"background: white;\"><span style=\"font-family: 'Arial','sans-serif'; color: #1d2228;\">El consultor comenta que, en sus habituales encuestas sobre la situaci\u00f3n del pa\u00eds, el sentimiento m\u00e1s repetido entre los entrevistados es la tristeza. \u201cLa apat\u00eda es el componente de esta crisis que estamos viviendo, que es como un 2001, pero en c\u00e1mara lenta. Hubo alternancia en el gobierno pero no se resuelven los problemas. Cuando te pasa algo malo muy lento es como que no reaccionas. No es reactivo, no hay bronca, sino resignaci\u00f3n y tristeza. Deber\u00edamos sorprendernos de que la gente no responda con m\u00e1s ausentismo del que estamos viendo\u201d.<\/span><\/h3>\n<h3 class=\"yiv7409174924ydp6329976emsonormal\" style=\"background: white;\"><span style=\"font-family: 'Arial','sans-serif'; color: #1d2228;\">En la misma l\u00ednea, Mariel Fornoni, directora de Management &amp; Fit, asegura que se percibe una sensaci\u00f3n de \u201chartazgo\u201d con los dirigentes. \u201cEl principal factor de la baja participaci\u00f3n electoral es el hartazgo, el enojo de la gente con los pol\u00edticos. Las expectativas de la gente con la elecci\u00f3n es muy baja. Si ning\u00fan candidato te moviliza, si no hay nada nuevo, probablemente no vayan a votar\u201d. Y enumer\u00f3 otros factores que desincentivan al electorado, como la intensidad del calendario electoral: \u201cSi ten\u00e9s que ir a votar seis veces en un a\u00f1o, ten\u00e9s PASO en tu provincia, despu\u00e9s ten\u00e9s que elegir a tu intendente otro domingo y tambi\u00e9n ten\u00e9s las nacionales, probablemente elijas s\u00f3lo la que consideres m\u00e1s importante y suelen ser las generales\u201d, analiz\u00f3.<\/span><\/h3>\n<h3 class=\"yiv7409174924ydp6329976emsonormal\" style=\"background: white;\"><span style=\"font-family: 'Arial','sans-serif'; color: #1d2228;\">Otro elemento que permite el alto ausentismo -remarca- es que el castigo por incumplir la ley es pr\u00e1cticamente nulo. El castigo por no ir a votar en las PASO fue de apenas 50 pesos. Adem\u00e1s de la multa, se supone que no haber concurrido a los comicios podr\u00eda dificultar tr\u00e1mites y la gesti\u00f3n de documentos personales, como el pasaporte, pero en la pr\u00e1ctica no se aplica, indicaron fuentes judiciales. La justicia electoral mira con preocupaci\u00f3n la tendencia a la baja de la participaci\u00f3n, incluso antes de las internas abiertas, ya analizaban medidas que puedan incentivar el voto de cara a las pr\u00f3ximas elecciones generales. \u201cLa cuesti\u00f3n punitiva es muy d\u00e9bil. Si votaste o no votaste, eso no te impide nada. La multa es insignificante, entonces permite que la gente vote cada vez menos\u201d, opin\u00f3 Fornoni.<\/span><\/h3>\n<h3 class=\"yiv7409174924ydp6329976emsonormal\" style=\"background: white;\"><span style=\"font-family: 'Arial','sans-serif'; color: #1d2228;\">PARTICIPACI\u00d3N ELECTORAL EN DEMOCRACIA<\/span><\/h3>\n<h3 class=\"yiv7409174924ydp6329976emsonormal\" style=\"background: white;\"><span style=\"font-family: 'Arial','sans-serif'; color: #1d2228;\">El Observatorio de Pol\u00edtica Electoral del Ministerio del Interior detalla que, desde el retorno de la democracia, la participaci\u00f3n electoral siempre estuvo por encima del 70%, con la \u00fanica excepci\u00f3n en las elecciones legislativas de 2021, que se hizo en medio de la pandemia por el Covid. En ese momento, la participaci\u00f3n fue del 68% del padr\u00f3n, la elecci\u00f3n con m\u00e1s baja participaci\u00f3n de las \u00faltimas d\u00e9cadas.<\/span><\/h3>\n<h3 class=\"yiv7409174924ydp6329976emsonormal\" style=\"background: white;\"><span style=\"font-family: 'Arial','sans-serif'; color: #1d2228;\">Seg\u00fan el relevamiento de datos hist\u00f3ricos, las cifras m\u00e1s altas de participaci\u00f3n se registraron en las elecciones de los a\u00f1os 1983 y 1989 superando m\u00e1s del 85% en los dos procesos electorales inmediatamente posteriores a la recuperaci\u00f3n democr\u00e1tica. En las elecciones siguientes de la d\u00e9cada de 1990 los porcentajes bajaron, pero no de manera considerable, ya que la participaci\u00f3n se mantuvo en un 82%.<\/span><\/h3>\n<h3 class=\"yiv7409174924ydp6329976emsonormal\" style=\"background: white;\"><span style=\"font-family: 'Arial','sans-serif'; color: #1d2228;\">Tras la crisis econ\u00f3mica, pol\u00edtica y social desatada a principios de siglo, el porcentaje de la ciudadan\u00eda que ejerci\u00f3 su derecho al voto se mantuvo por debajo del 80% hasta el a\u00f1o 2015. En las elecciones presidenciales del a\u00f1o 2019, la participaci\u00f3n en las PASO estuvo en un 76.40%, pero en las generales el porcentaje super\u00f3 el 80 por ciento. Esta tendencia que mantiene a las PASO con una menor participaci\u00f3n se repite desde que se implementaron las internas abiertas obligatorias, en 2011. En las \u00faltimas elecciones de 2021, la participaci\u00f3n fue de un 68% en las PASO, mientras que en los comicios generales el porcentaje se elev\u00f3 a un 71%. (Infobae)<\/span><\/h3>\n","protected":false},"excerpt":{"rendered":"<p>Concurrieron a las urnas 1,4 millones de electores menos que en 2019. Apenas supera en&#8230;<\/p>\n","protected":false},"author":1,"featured_media":1515,"comment_status":"closed","ping_status":"closed","sticky":false,"template":"","format":"standard","meta":{"footnotes":""},"categories":[5],"tags":[],"class_list":["post-1514","post","type-post","status-publish","format-standard","has-post-thumbnail","hentry","category-nacionales-internacionales"],"yoast_head":"<!-- This site is optimized with the Yoast SEO plugin v26.1.1 - https:\/\/yoast.com\/wordpress\/plugins\/seo\/ -->\n<title>PASO 2023: VOT\u00d3 EL 69% DEL ELECTORADO, LA PARTICIPACI\u00d3N M\u00c1S BAJA EN UNA PRIMARIA PRESIDENCIAL - Apuntes de San Luis<\/title>\n<meta name=\"robots\" content=\"index, follow, max-snippet:-1, max-image-preview:large, max-video-preview:-1\" \/>\n<link rel=\"canonical\" href=\"https:\/\/apuntesdesanluis.com\/index.php\/2023\/08\/13\/paso-2023-voto-el-69-del-electorado-la-participacion-mas-baja-en-una-primaria-presidencial\/\" \/>\n<meta property=\"og:locale\" content=\"es_ES\" \/>\n<meta property=\"og:type\" content=\"article\" \/>\n<meta property=\"og:title\" content=\"PASO 2023: VOT\u00d3 EL 69% DEL ELECTORADO, LA PARTICIPACI\u00d3N M\u00c1S BAJA EN UNA PRIMARIA PRESIDENCIAL - Apuntes de San Luis\" \/>\n<meta property=\"og:description\" content=\"Concurrieron a las urnas 1,4 millones de electores menos que en 2019. Apenas supera en...\" \/>\n<meta property=\"og:url\" content=\"https:\/\/apuntesdesanluis.com\/index.php\/2023\/08\/13\/paso-2023-voto-el-69-del-electorado-la-participacion-mas-baja-en-una-primaria-presidencial\/\" \/>\n<meta property=\"og:site_name\" content=\"Apuntes de San Luis\" \/>\n<meta property=\"article:published_time\" content=\"2023-08-14T00:08:35+00:00\" \/>\n<meta property=\"article:modified_time\" content=\"2023-08-14T00:16:44+00:00\" \/>\n<meta property=\"og:image\" content=\"https:\/\/apuntesdesanluis.com\/wp-content\/uploads\/2023\/08\/elector-votando.png\" \/>\n\t<meta property=\"og:image:width\" content=\"821\" \/>\n\t<meta property=\"og:image:height\" content=\"545\" \/>\n\t<meta property=\"og:image:type\" content=\"image\/png\" \/>\n<meta name=\"author\" content=\"apuntesdesanluis.com\" \/>\n<meta name=\"twitter:card\" content=\"summary_large_image\" \/>\n<meta name=\"twitter:label1\" content=\"Escrito por\" \/>\n\t<meta name=\"twitter:data1\" content=\"apuntesdesanluis.com\" \/>\n\t<meta name=\"twitter:label2\" content=\"Tiempo de lectura\" \/>\n\t<meta name=\"twitter:data2\" content=\"8 minutos\" \/>\n<script type=\"application\/ld+json\" class=\"yoast-schema-graph\">{\"@context\":\"https:\/\/schema.org\",\"@graph\":[{\"@type\":\"Article\",\"@id\":\"https:\/\/apuntesdesanluis.com\/index.php\/2023\/08\/13\/paso-2023-voto-el-69-del-electorado-la-participacion-mas-baja-en-una-primaria-presidencial\/#article\",\"isPartOf\":{\"@id\":\"https:\/\/apuntesdesanluis.com\/index.php\/2023\/08\/13\/paso-2023-voto-el-69-del-electorado-la-participacion-mas-baja-en-una-primaria-presidencial\/\"},\"author\":{\"name\":\"apuntesdesanluis.com\",\"@id\":\"https:\/\/apuntesdesanluis.com\/#\/schema\/person\/b55151d52296fcce64d1a72538a70b90\"},\"headline\":\"PASO 2023: VOT\u00d3 EL 69% DEL ELECTORADO, LA PARTICIPACI\u00d3N M\u00c1S BAJA EN UNA PRIMARIA PRESIDENCIAL\",\"datePublished\":\"2023-08-14T00:08:35+00:00\",\"dateModified\":\"2023-08-14T00:16:44+00:00\",\"mainEntityOfPage\":{\"@id\":\"https:\/\/apuntesdesanluis.com\/index.php\/2023\/08\/13\/paso-2023-voto-el-69-del-electorado-la-participacion-mas-baja-en-una-primaria-presidencial\/\"},\"wordCount\":1711,\"publisher\":{\"@id\":\"https:\/\/apuntesdesanluis.com\/#\/schema\/person\/b55151d52296fcce64d1a72538a70b90\"},\"image\":{\"@id\":\"https:\/\/apuntesdesanluis.com\/index.php\/2023\/08\/13\/paso-2023-voto-el-69-del-electorado-la-participacion-mas-baja-en-una-primaria-presidencial\/#primaryimage\"},\"thumbnailUrl\":\"https:\/\/apuntesdesanluis.com\/wp-content\/uploads\/2023\/08\/elector-votando.png\",\"articleSection\":[\"Nacionales\/Internacionales\"],\"inLanguage\":\"es-AR\"},{\"@type\":\"WebPage\",\"@id\":\"https:\/\/apuntesdesanluis.com\/index.php\/2023\/08\/13\/paso-2023-voto-el-69-del-electorado-la-participacion-mas-baja-en-una-primaria-presidencial\/\",\"url\":\"https:\/\/apuntesdesanluis.com\/index.php\/2023\/08\/13\/paso-2023-voto-el-69-del-electorado-la-participacion-mas-baja-en-una-primaria-presidencial\/\",\"name\":\"PASO 2023: VOT\u00d3 EL 69% DEL ELECTORADO, LA PARTICIPACI\u00d3N M\u00c1S BAJA EN UNA PRIMARIA PRESIDENCIAL - Apuntes de San Luis\",\"isPartOf\":{\"@id\":\"https:\/\/apuntesdesanluis.com\/#website\"},\"primaryImageOfPage\":{\"@id\":\"https:\/\/apuntesdesanluis.com\/index.php\/2023\/08\/13\/paso-2023-voto-el-69-del-electorado-la-participacion-mas-baja-en-una-primaria-presidencial\/#primaryimage\"},\"image\":{\"@id\":\"https:\/\/apuntesdesanluis.com\/index.php\/2023\/08\/13\/paso-2023-voto-el-69-del-electorado-la-participacion-mas-baja-en-una-primaria-presidencial\/#primaryimage\"},\"thumbnailUrl\":\"https:\/\/apuntesdesanluis.com\/wp-content\/uploads\/2023\/08\/elector-votando.png\",\"datePublished\":\"2023-08-14T00:08:35+00:00\",\"dateModified\":\"2023-08-14T00:16:44+00:00\",\"breadcrumb\":{\"@id\":\"https:\/\/apuntesdesanluis.com\/index.php\/2023\/08\/13\/paso-2023-voto-el-69-del-electorado-la-participacion-mas-baja-en-una-primaria-presidencial\/#breadcrumb\"},\"inLanguage\":\"es-AR\",\"potentialAction\":[{\"@type\":\"ReadAction\",\"target\":[\"https:\/\/apuntesdesanluis.com\/index.php\/2023\/08\/13\/paso-2023-voto-el-69-del-electorado-la-participacion-mas-baja-en-una-primaria-presidencial\/\"]}]},{\"@type\":\"ImageObject\",\"inLanguage\":\"es-AR\",\"@id\":\"https:\/\/apuntesdesanluis.com\/index.php\/2023\/08\/13\/paso-2023-voto-el-69-del-electorado-la-participacion-mas-baja-en-una-primaria-presidencial\/#primaryimage\",\"url\":\"https:\/\/apuntesdesanluis.com\/wp-content\/uploads\/2023\/08\/elector-votando.png\",\"contentUrl\":\"https:\/\/apuntesdesanluis.com\/wp-content\/uploads\/2023\/08\/elector-votando.png\",\"width\":821,\"height\":545},{\"@type\":\"BreadcrumbList\",\"@id\":\"https:\/\/apuntesdesanluis.com\/index.php\/2023\/08\/13\/paso-2023-voto-el-69-del-electorado-la-participacion-mas-baja-en-una-primaria-presidencial\/#breadcrumb\",\"itemListElement\":[{\"@type\":\"ListItem\",\"position\":1,\"name\":\"Inicio\",\"item\":\"https:\/\/apuntesdesanluis.com\/\"},{\"@type\":\"ListItem\",\"position\":2,\"name\":\"PASO 2023: VOT\u00d3 EL 69% DEL ELECTORADO, LA PARTICIPACI\u00d3N M\u00c1S BAJA EN UNA PRIMARIA PRESIDENCIAL\"}]},{\"@type\":\"WebSite\",\"@id\":\"https:\/\/apuntesdesanluis.com\/#website\",\"url\":\"https:\/\/apuntesdesanluis.com\/\",\"name\":\"Apuntes de San Luis\",\"description\":\"\",\"publisher\":{\"@id\":\"https:\/\/apuntesdesanluis.com\/#\/schema\/person\/b55151d52296fcce64d1a72538a70b90\"},\"potentialAction\":[{\"@type\":\"SearchAction\",\"target\":{\"@type\":\"EntryPoint\",\"urlTemplate\":\"https:\/\/apuntesdesanluis.com\/?s={search_term_string}\"},\"query-input\":{\"@type\":\"PropertyValueSpecification\",\"valueRequired\":true,\"valueName\":\"search_term_string\"}}],\"inLanguage\":\"es-AR\"},{\"@type\":[\"Person\",\"Organization\"],\"@id\":\"https:\/\/apuntesdesanluis.com\/#\/schema\/person\/b55151d52296fcce64d1a72538a70b90\",\"name\":\"apuntesdesanluis.com\",\"image\":{\"@type\":\"ImageObject\",\"inLanguage\":\"es-AR\",\"@id\":\"https:\/\/apuntesdesanluis.com\/#\/schema\/person\/image\/\",\"url\":\"https:\/\/apuntesdesanluis.com\/wp-content\/uploads\/2023\/07\/cropped-apuntesdesanluis.png\",\"contentUrl\":\"https:\/\/apuntesdesanluis.com\/wp-content\/uploads\/2023\/07\/cropped-apuntesdesanluis.png\",\"width\":450,\"height\":112,\"caption\":\"apuntesdesanluis.com\"},\"logo\":{\"@id\":\"https:\/\/apuntesdesanluis.com\/#\/schema\/person\/image\/\"},\"sameAs\":[\"https:\/\/apuntesdesanluis.com\"],\"url\":\"https:\/\/apuntesdesanluis.com\/index.php\/author\/apuntesdesanluis-com\/\"}]}<\/script>\n<!-- \/ Yoast SEO plugin. -->","yoast_head_json":{"title":"PASO 2023: VOT\u00d3 EL 69% DEL ELECTORADO, LA PARTICIPACI\u00d3N M\u00c1S BAJA EN UNA PRIMARIA PRESIDENCIAL - Apuntes de San Luis","robots":{"index":"index","follow":"follow","max-snippet":"max-snippet:-1","max-image-preview":"max-image-preview:large","max-video-preview":"max-video-preview:-1"},"canonical":"https:\/\/apuntesdesanluis.com\/index.php\/2023\/08\/13\/paso-2023-voto-el-69-del-electorado-la-participacion-mas-baja-en-una-primaria-presidencial\/","og_locale":"es_ES","og_type":"article","og_title":"PASO 2023: VOT\u00d3 EL 69% DEL ELECTORADO, LA PARTICIPACI\u00d3N M\u00c1S BAJA EN UNA PRIMARIA PRESIDENCIAL - Apuntes de San Luis","og_description":"Concurrieron a las urnas 1,4 millones de electores menos que en 2019. Apenas supera en...","og_url":"https:\/\/apuntesdesanluis.com\/index.php\/2023\/08\/13\/paso-2023-voto-el-69-del-electorado-la-participacion-mas-baja-en-una-primaria-presidencial\/","og_site_name":"Apuntes de San Luis","article_published_time":"2023-08-14T00:08:35+00:00","article_modified_time":"2023-08-14T00:16:44+00:00","og_image":[{"width":821,"height":545,"url":"https:\/\/apuntesdesanluis.com\/wp-content\/uploads\/2023\/08\/elector-votando.png","type":"image\/png"}],"author":"apuntesdesanluis.com","twitter_card":"summary_large_image","twitter_misc":{"Escrito por":"apuntesdesanluis.com","Tiempo de lectura":"8 minutos"},"schema":{"@context":"https:\/\/schema.org","@graph":[{"@type":"Article","@id":"https:\/\/apuntesdesanluis.com\/index.php\/2023\/08\/13\/paso-2023-voto-el-69-del-electorado-la-participacion-mas-baja-en-una-primaria-presidencial\/#article","isPartOf":{"@id":"https:\/\/apuntesdesanluis.com\/index.php\/2023\/08\/13\/paso-2023-voto-el-69-del-electorado-la-participacion-mas-baja-en-una-primaria-presidencial\/"},"author":{"name":"apuntesdesanluis.com","@id":"https:\/\/apuntesdesanluis.com\/#\/schema\/person\/b55151d52296fcce64d1a72538a70b90"},"headline":"PASO 2023: VOT\u00d3 EL 69% DEL ELECTORADO, LA PARTICIPACI\u00d3N M\u00c1S BAJA EN UNA PRIMARIA PRESIDENCIAL","datePublished":"2023-08-14T00:08:35+00:00","dateModified":"2023-08-14T00:16:44+00:00","mainEntityOfPage":{"@id":"https:\/\/apuntesdesanluis.com\/index.php\/2023\/08\/13\/paso-2023-voto-el-69-del-electorado-la-participacion-mas-baja-en-una-primaria-presidencial\/"},"wordCount":1711,"publisher":{"@id":"https:\/\/apuntesdesanluis.com\/#\/schema\/person\/b55151d52296fcce64d1a72538a70b90"},"image":{"@id":"https:\/\/apuntesdesanluis.com\/index.php\/2023\/08\/13\/paso-2023-voto-el-69-del-electorado-la-participacion-mas-baja-en-una-primaria-presidencial\/#primaryimage"},"thumbnailUrl":"https:\/\/apuntesdesanluis.com\/wp-content\/uploads\/2023\/08\/elector-votando.png","articleSection":["Nacionales\/Internacionales"],"inLanguage":"es-AR"},{"@type":"WebPage","@id":"https:\/\/apuntesdesanluis.com\/index.php\/2023\/08\/13\/paso-2023-voto-el-69-del-electorado-la-participacion-mas-baja-en-una-primaria-presidencial\/","url":"https:\/\/apuntesdesanluis.com\/index.php\/2023\/08\/13\/paso-2023-voto-el-69-del-electorado-la-participacion-mas-baja-en-una-primaria-presidencial\/","name":"PASO 2023: VOT\u00d3 EL 69% DEL ELECTORADO, LA PARTICIPACI\u00d3N M\u00c1S BAJA EN UNA PRIMARIA PRESIDENCIAL - Apuntes de San Luis","isPartOf":{"@id":"https:\/\/apuntesdesanluis.com\/#website"},"primaryImageOfPage":{"@id":"https:\/\/apuntesdesanluis.com\/index.php\/2023\/08\/13\/paso-2023-voto-el-69-del-electorado-la-participacion-mas-baja-en-una-primaria-presidencial\/#primaryimage"},"image":{"@id":"https:\/\/apuntesdesanluis.com\/index.php\/2023\/08\/13\/paso-2023-voto-el-69-del-electorado-la-participacion-mas-baja-en-una-primaria-presidencial\/#primaryimage"},"thumbnailUrl":"https:\/\/apuntesdesanluis.com\/wp-content\/uploads\/2023\/08\/elector-votando.png","datePublished":"2023-08-14T00:08:35+00:00","dateModified":"2023-08-14T00:16:44+00:00","breadcrumb":{"@id":"https:\/\/apuntesdesanluis.com\/index.php\/2023\/08\/13\/paso-2023-voto-el-69-del-electorado-la-participacion-mas-baja-en-una-primaria-presidencial\/#breadcrumb"},"inLanguage":"es-AR","potentialAction":[{"@type":"ReadAction","target":["https:\/\/apuntesdesanluis.com\/index.php\/2023\/08\/13\/paso-2023-voto-el-69-del-electorado-la-participacion-mas-baja-en-una-primaria-presidencial\/"]}]},{"@type":"ImageObject","inLanguage":"es-AR","@id":"https:\/\/apuntesdesanluis.com\/index.php\/2023\/08\/13\/paso-2023-voto-el-69-del-electorado-la-participacion-mas-baja-en-una-primaria-presidencial\/#primaryimage","url":"https:\/\/apuntesdesanluis.com\/wp-content\/uploads\/2023\/08\/elector-votando.png","contentUrl":"https:\/\/apuntesdesanluis.com\/wp-content\/uploads\/2023\/08\/elector-votando.png","width":821,"height":545},{"@type":"BreadcrumbList","@id":"https:\/\/apuntesdesanluis.com\/index.php\/2023\/08\/13\/paso-2023-voto-el-69-del-electorado-la-participacion-mas-baja-en-una-primaria-presidencial\/#breadcrumb","itemListElement":[{"@type":"ListItem","position":1,"name":"Inicio","item":"https:\/\/apuntesdesanluis.com\/"},{"@type":"ListItem","position":2,"name":"PASO 2023: VOT\u00d3 EL 69% DEL ELECTORADO, LA PARTICIPACI\u00d3N M\u00c1S BAJA EN UNA PRIMARIA PRESIDENCIAL"}]},{"@type":"WebSite","@id":"https:\/\/apuntesdesanluis.com\/#website","url":"https:\/\/apuntesdesanluis.com\/","name":"Apuntes de San Luis","description":"","publisher":{"@id":"https:\/\/apuntesdesanluis.com\/#\/schema\/person\/b55151d52296fcce64d1a72538a70b90"},"potentialAction":[{"@type":"SearchAction","target":{"@type":"EntryPoint","urlTemplate":"https:\/\/apuntesdesanluis.com\/?s={search_term_string}"},"query-input":{"@type":"PropertyValueSpecification","valueRequired":true,"valueName":"search_term_string"}}],"inLanguage":"es-AR"},{"@type":["Person","Organization"],"@id":"https:\/\/apuntesdesanluis.com\/#\/schema\/person\/b55151d52296fcce64d1a72538a70b90","name":"apuntesdesanluis.com","image":{"@type":"ImageObject","inLanguage":"es-AR","@id":"https:\/\/apuntesdesanluis.com\/#\/schema\/person\/image\/","url":"https:\/\/apuntesdesanluis.com\/wp-content\/uploads\/2023\/07\/cropped-apuntesdesanluis.png","contentUrl":"https:\/\/apuntesdesanluis.com\/wp-content\/uploads\/2023\/07\/cropped-apuntesdesanluis.png","width":450,"height":112,"caption":"apuntesdesanluis.com"},"logo":{"@id":"https:\/\/apuntesdesanluis.com\/#\/schema\/person\/image\/"},"sameAs":["https:\/\/apuntesdesanluis.com"],"url":"https:\/\/apuntesdesanluis.com\/index.php\/author\/apuntesdesanluis-com\/"}]}},"featured_image_urls":{"full":["https:\/\/apuntesdesanluis.com\/wp-content\/uploads\/2023\/08\/elector-votando.png",821,545,false],"thumbnail":["https:\/\/apuntesdesanluis.com\/wp-content\/uploads\/2023\/08\/elector-votando-150x150.png",150,150,true],"medium":["https:\/\/apuntesdesanluis.com\/wp-content\/uploads\/2023\/08\/elector-votando-300x199.png",300,199,true],"medium_large":["https:\/\/apuntesdesanluis.com\/wp-content\/uploads\/2023\/08\/elector-votando-768x510.png",640,425,true],"large":["https:\/\/apuntesdesanluis.com\/wp-content\/uploads\/2023\/08\/elector-votando.png",640,425,false],"1536x1536":["https:\/\/apuntesdesanluis.com\/wp-content\/uploads\/2023\/08\/elector-votando.png",821,545,false],"2048x2048":["https:\/\/apuntesdesanluis.com\/wp-content\/uploads\/2023\/08\/elector-votando.png",821,545,false],"newsever-slider-full":["https:\/\/apuntesdesanluis.com\/wp-content\/uploads\/2023\/08\/elector-votando.png",821,545,false],"newsever-featured":["https:\/\/apuntesdesanluis.com\/wp-content\/uploads\/2023\/08\/elector-votando.png",821,545,false],"newsever-medium":["https:\/\/apuntesdesanluis.com\/wp-content\/uploads\/2023\/08\/elector-votando-720x475.png",720,475,true]},"author_info":{"display_name":"apuntesdesanluis.com","author_link":"https:\/\/apuntesdesanluis.com\/index.php\/author\/apuntesdesanluis-com\/"},"category_info":"<a href=\"https:\/\/apuntesdesanluis.com\/index.php\/category\/nacionales-internacionales\/\" rel=\"category tag\">Nacionales\/Internacionales<\/a>","tag_info":"Nacionales\/Internacionales","comment_count":"0","_links":{"self":[{"href":"https:\/\/apuntesdesanluis.com\/index.php\/wp-json\/wp\/v2\/posts\/1514","targetHints":{"allow":["GET"]}}],"collection":[{"href":"https:\/\/apuntesdesanluis.com\/index.php\/wp-json\/wp\/v2\/posts"}],"about":[{"href":"https:\/\/apuntesdesanluis.com\/index.php\/wp-json\/wp\/v2\/types\/post"}],"author":[{"embeddable":true,"href":"https:\/\/apuntesdesanluis.com\/index.php\/wp-json\/wp\/v2\/users\/1"}],"replies":[{"embeddable":true,"href":"https:\/\/apuntesdesanluis.com\/index.php\/wp-json\/wp\/v2\/comments?post=1514"}],"version-history":[{"count":5,"href":"https:\/\/apuntesdesanluis.com\/index.php\/wp-json\/wp\/v2\/posts\/1514\/revisions"}],"predecessor-version":[{"id":1522,"href":"https:\/\/apuntesdesanluis.com\/index.php\/wp-json\/wp\/v2\/posts\/1514\/revisions\/1522"}],"wp:featuredmedia":[{"embeddable":true,"href":"https:\/\/apuntesdesanluis.com\/index.php\/wp-json\/wp\/v2\/media\/1515"}],"wp:attachment":[{"href":"https:\/\/apuntesdesanluis.com\/index.php\/wp-json\/wp\/v2\/media?parent=1514"}],"wp:term":[{"taxonomy":"category","embeddable":true,"href":"https:\/\/apuntesdesanluis.com\/index.php\/wp-json\/wp\/v2\/categories?post=1514"},{"taxonomy":"post_tag","embeddable":true,"href":"https:\/\/apuntesdesanluis.com\/index.php\/wp-json\/wp\/v2\/tags?post=1514"}],"curies":[{"name":"wp","href":"https:\/\/api.w.org\/{rel}","templated":true}]}}