{"id":15141,"date":"2024-04-23T23:03:48","date_gmt":"2024-04-24T02:03:48","guid":{"rendered":"https:\/\/apuntesdesanluis.com\/?p=15141"},"modified":"2024-04-23T23:04:29","modified_gmt":"2024-04-24T02:04:29","slug":"no-la-vio","status":"publish","type":"post","link":"https:\/\/apuntesdesanluis.com\/index.php\/2024\/04\/23\/no-la-vio\/","title":{"rendered":"NO LA VIO"},"content":{"rendered":"<h3>Por <strong>Ignacio Fidanza *<\/strong><\/h3>\n<p><img fetchpriority=\"high\" decoding=\"async\" class=\"wp-image-8458 aligncenter\" src=\"https:\/\/apuntesdesanluis.com\/wp-content\/uploads\/2023\/12\/fidanza-300x227.png\" alt=\"\" width=\"533\" height=\"403\" srcset=\"https:\/\/apuntesdesanluis.com\/wp-content\/uploads\/2023\/12\/fidanza-300x227.png 300w, https:\/\/apuntesdesanluis.com\/wp-content\/uploads\/2023\/12\/fidanza.png 494w\" sizes=\"(max-width: 533px) 100vw, 533px\" \/><\/p>\n<p>&nbsp;<\/p>\n<h3>Milei tuvo su primera derrota importante, que le marca un l\u00edmite a la idea del gobierno monotema y sin pol\u00edtica.<\/h3>\n<h3>Tuvo mil instancias para evitar el tren bala que se lo llev\u00f3 puesto este martes, pero no la vio. La \u00faltima oportunidad desperdiciada fue la cadena nacional de la noche previa, aburrido espect\u00e1culo de autocelebraci\u00f3n.<\/h3>\n<h3>La impresionante marcha en defensa de la educaci\u00f3n p\u00fablica no es un Waterloo, pero hay que ver c\u00f3mo reacciona el gobierno que tiene un gran talento para convertir inconvenientes en derrotas aplastantes (recordar ca\u00edda de la ley \u00f3mnibus). La pol\u00edtica bonzo de Milei, funcion\u00f3 bien en la campa\u00f1a, pero no existe un gobierno democr\u00e1tico posible sin pausas que abran espacios de acuerdo. La t\u00e1ctica vandorista de golpear para despu\u00e9s negociar, incluye negociar.<\/h3>\n<h3>El frenes\u00ed de retuits del Presidente contra la marcha, es la reacci\u00f3n esperable de Milei. Parte del show. \u00bfPero atr\u00e1s de ese impulso hay pol\u00edtica? No parece.<\/h3>\n<h3>Milei sufri\u00f3 la marcha de protesta m\u00e1s grande de la \u00faltima d\u00e9cada y en el gobierno ya hablan de renuncias. La ministra Pettovello reaccion\u00f3 tarde y mal a un conflicto que se fue desplegando durante meses ante sus ojos.<\/h3>\n<h3>Ahora la ministra qued\u00f3 tecleando y en su entorno le echan la culpa a Toto Caputo que pis\u00f3 los fondos, cosa que tambi\u00e9n es verdad. Es posible que caiga el secretario de Educaci\u00f3n, Carlos Torrendel o el inefable subsecretario de Pol\u00edticas Universitarias, Alejandro &#8220;Galleguito&#8221; Alvarez, hijo del fundador de Guardia de Hierro, un pionero en mezclar misticismo y pol\u00edtica.<\/h3>\n<h3>&#8220;Llegamos tarde y mal, pero se liberaron los fondos a las universidades, ya no hay tema, fue una marcha de la oposici\u00f3n que les sali\u00f3 bien, los felicitamos, pero a nosotros nos votaron&#8221;, repet\u00edan este martes por la noche en la Casa Rosada, despu\u00e9s del cimbronazo.<\/h3>\n<h3>La negaci\u00f3n suele ser la primera reacci\u00f3n despu\u00e9s de una derrota fuerte. Pero el conflicto sigue porque los fondos que giraron resuelven mal, apenas el diez por ciento del gasto de las universidades, que son los gastos de funcionamiento. Quedan afuera los salarios docentes, que acumulan una brutal p\u00e9rdida del 36% del poder adquisitivo en los \u00faltimos cuatros meses.<\/h3>\n<h3>Falta pol\u00edtica para desactivar los conflictos antes que empiecen y falta pol\u00edtica para mantener el pulso cuando la pelea se vuelve inevitable.<\/h3>\n<h3>El gobierno de Milei es monotema. Un vac\u00edo profundo se abre cuando lo sacan del equilibrio fiscal. Pero adem\u00e1s, es limitado en su acci\u00f3n pol\u00edtica. Manejar ej\u00e9rcitos de trolls puede parecer que se est\u00e1 haciendo pol\u00edtica, pero no es lo mismo. Este martes se vio en la calle. Milei nunca tuvo nada para confrontar con los l\u00edderes universitarios. Est\u00e1 s\u00f3lo. El &#8220;armado&#8221; que ensaya Karina Milei con Lule Menem, es sobre todo un negocio para el riojano. No hay m\u00fasculo real ah\u00ed.<\/h3>\n<h3>&#8220;Caputo es el jefe de Gabinete del ministro de Econom\u00eda Milei&#8221;, retrata el cordob\u00e9s Mart\u00edn Llaryora al actual gobierno.<\/h3>\n<h3>Falta pol\u00edtica para desactivar los conflictos antes que empiecen y falta pol\u00edtica para mantener el pulso cuando la pelea se vuelve inevitable. Ahora el gobierno descubri\u00f3 que el peronismo se le subi\u00f3 a una protesta que inici\u00f3 el radicalismo universitario y cuando cre\u00eda que la pelea con Yacobitti y Lousteau le sentaba bien, se encontr\u00f3 con una plaza reventada en la que adem\u00e1s de las universidades movilizaron desde la CGT y los intendentes hasta la \u00faltima de las organizaciones piqueteras.<\/h3>\n<h3>\u00bfLe &#8220;politizaron&#8221; la protesta universitaria? Hola Milei, ser Presidente es el trabajo m\u00e1s pol\u00edtico que existe. La oposici\u00f3n hizo lo que hacen las oposiciones: busc\u00f3 y busc\u00f3, hasta que encontr\u00f3 un \u00e1ngulo. La presidencia en la Argentina es m\u00e1s parecido a correr una marat\u00f3n por el desierto de Atacama, que al despliegue de una espl\u00e9ndida bliztkrieg austr\u00edaca.<\/h3>\n<h3>El gobierno pas\u00f3 de mirar la marcha con indiferencia sobrada al desconcierto. Confundir la tolerancia de una sociedad harta de la inflaci\u00f3n, con un cheque en blanco para hacer cualquier locura, es una consecuencia l\u00f3gica de rodearse de gente sin el olfato necesario para detectar incendios antes que empiecen, que es lo que necesita un presidente.<\/h3>\n<h3>Milei ven\u00eda agrandado y a su manera se lo dijo a Macri, la \u00faltima vez que lo apur\u00f3 para que fusione al PRO en La Libertad Avanza. &#8220;Mauricio creo que tenemos que hacerlo ahora, porque me va a ir bien y despu\u00e9s los m\u00edos van a estar muy agrandados y no los voy a poder convencer que les hagan lugar a ustedes&#8221;, le dijo.<\/h3>\n<h3>Santiago Caputo no est\u00e1 tan convencido que est\u00e9n condenados al \u00e9xito. El asesor m\u00e1s pol\u00edtico del Presidente comenta en la intimidad que no cree que ocurra el rebote de la econom\u00eda en V que pronostican Milei y su primo, el ministro. Por eso, ya se junt\u00f3 dos veces con Macri. Pas\u00f3 de ser el stopper que le dec\u00eda &#8220;Mauricio este no es tu segundo tiempo&#8221;, a buscar un acuerdo para cuando el cielo deje de acompa\u00f1arlos. Hace bien, la Argentina es ese lugar donde fracasan todos los gobiernos.<\/h3>\n<h4><strong><em>* Periodista. Editor de La Pol\u00edtica Online.<\/em><\/strong><\/h4>\n<p>&nbsp;<\/p>\n<h3><strong><span style=\"color: #3366ff;\">NOTICIAS RELACIONADAS:<\/span><\/strong><\/h3>\n<p><a href=\"https:\/\/apuntesdesanluis.com\/index.php\/2024\/04\/23\/una-multitud-copo-la-plaza-de-mayo-y-alrededores-y-critico-el-recorte-presupuestario-a-las-universidades\/\" target=\"_blank\" rel=\"noopener\"><img decoding=\"async\" class=\"alignnone wp-image-15143\" src=\"https:\/\/apuntesdesanluis.com\/wp-content\/uploads\/2024\/04\/NOTA-NACIONAL-300x252.png\" alt=\"\" width=\"380\" height=\"319\" srcset=\"https:\/\/apuntesdesanluis.com\/wp-content\/uploads\/2024\/04\/NOTA-NACIONAL-300x252.png 300w, https:\/\/apuntesdesanluis.com\/wp-content\/uploads\/2024\/04\/NOTA-NACIONAL.png 629w\" sizes=\"(max-width: 380px) 100vw, 380px\" \/><\/a><\/p>\n<p><a href=\"https:\/\/apuntesdesanluis.com\/index.php\/2024\/04\/23\/en-san-luis-tambien-fue-masiva-la-manifestacion-de-apoyo-a-la-educacion-publica\/\" target=\"_blank\" rel=\"noopener\"><img decoding=\"async\" class=\"alignnone wp-image-15144\" src=\"https:\/\/apuntesdesanluis.com\/wp-content\/uploads\/2024\/04\/NOTA-SAN-LUIS-300x250.png\" alt=\"\" width=\"384\" height=\"320\" srcset=\"https:\/\/apuntesdesanluis.com\/wp-content\/uploads\/2024\/04\/NOTA-SAN-LUIS-300x250.png 300w, https:\/\/apuntesdesanluis.com\/wp-content\/uploads\/2024\/04\/NOTA-SAN-LUIS.png 625w\" sizes=\"(max-width: 384px) 100vw, 384px\" \/><\/a><\/p>\n<p><a href=\"https:\/\/apuntesdesanluis.com\/index.php\/2024\/04\/23\/villa-mercedes-se-expreso-en-una-multitudinaria-marcha-en-favor-de-las-universidades\/\" target=\"_blank\" rel=\"noopener\"><img loading=\"lazy\" decoding=\"async\" class=\"alignnone wp-image-15145\" src=\"https:\/\/apuntesdesanluis.com\/wp-content\/uploads\/2024\/04\/NOTA-VILLA-MERCEDES-300x236.png\" alt=\"\" width=\"383\" height=\"301\" srcset=\"https:\/\/apuntesdesanluis.com\/wp-content\/uploads\/2024\/04\/NOTA-VILLA-MERCEDES-300x236.png 300w, https:\/\/apuntesdesanluis.com\/wp-content\/uploads\/2024\/04\/NOTA-VILLA-MERCEDES.png 668w\" sizes=\"(max-width: 383px) 100vw, 383px\" \/><\/a><\/p>\n<p>&nbsp;<\/p>\n<p>&nbsp;<\/p>\n<p>&nbsp;<\/p>\n","protected":false},"excerpt":{"rendered":"<p>Por Ignacio Fidanza * &nbsp; Milei tuvo su primera derrota importante, que le marca un&#8230;<\/p>\n","protected":false},"author":1,"featured_media":15142,"comment_status":"closed","ping_status":"closed","sticky":false,"template":"","format":"standard","meta":{"footnotes":""},"categories":[9],"tags":[],"class_list":["post-15141","post","type-post","status-publish","format-standard","has-post-thumbnail","hentry","category-opinion"],"yoast_head":"<!-- This site is optimized with the Yoast SEO plugin v26.1.1 - https:\/\/yoast.com\/wordpress\/plugins\/seo\/ -->\n<title>NO LA VIO - Apuntes de San Luis<\/title>\n<meta name=\"robots\" content=\"index, follow, max-snippet:-1, max-image-preview:large, max-video-preview:-1\" \/>\n<link rel=\"canonical\" href=\"https:\/\/apuntesdesanluis.com\/index.php\/2024\/04\/23\/no-la-vio\/\" \/>\n<meta property=\"og:locale\" content=\"es_ES\" \/>\n<meta property=\"og:type\" content=\"article\" \/>\n<meta property=\"og:title\" content=\"NO LA VIO - Apuntes de San Luis\" \/>\n<meta property=\"og:description\" content=\"Por Ignacio Fidanza * &nbsp; Milei tuvo su primera derrota importante, que le marca un...\" \/>\n<meta property=\"og:url\" content=\"https:\/\/apuntesdesanluis.com\/index.php\/2024\/04\/23\/no-la-vio\/\" \/>\n<meta property=\"og:site_name\" content=\"Apuntes de San Luis\" \/>\n<meta property=\"article:published_time\" content=\"2024-04-24T02:03:48+00:00\" \/>\n<meta property=\"article:modified_time\" content=\"2024-04-24T02:04:29+00:00\" \/>\n<meta property=\"og:image\" content=\"https:\/\/apuntesdesanluis.com\/wp-content\/uploads\/2024\/04\/multitud.png\" \/>\n\t<meta property=\"og:image:width\" content=\"600\" \/>\n\t<meta property=\"og:image:height\" content=\"330\" \/>\n\t<meta property=\"og:image:type\" content=\"image\/png\" \/>\n<meta name=\"author\" content=\"apuntesdesanluis.com\" \/>\n<meta name=\"twitter:card\" content=\"summary_large_image\" \/>\n<meta name=\"twitter:label1\" content=\"Escrito por\" \/>\n\t<meta name=\"twitter:data1\" content=\"apuntesdesanluis.com\" \/>\n\t<meta name=\"twitter:label2\" content=\"Tiempo de lectura\" \/>\n\t<meta name=\"twitter:data2\" content=\"5 minutos\" \/>\n<script type=\"application\/ld+json\" class=\"yoast-schema-graph\">{\"@context\":\"https:\/\/schema.org\",\"@graph\":[{\"@type\":\"Article\",\"@id\":\"https:\/\/apuntesdesanluis.com\/index.php\/2024\/04\/23\/no-la-vio\/#article\",\"isPartOf\":{\"@id\":\"https:\/\/apuntesdesanluis.com\/index.php\/2024\/04\/23\/no-la-vio\/\"},\"author\":{\"name\":\"apuntesdesanluis.com\",\"@id\":\"https:\/\/apuntesdesanluis.com\/#\/schema\/person\/b55151d52296fcce64d1a72538a70b90\"},\"headline\":\"NO LA VIO\",\"datePublished\":\"2024-04-24T02:03:48+00:00\",\"dateModified\":\"2024-04-24T02:04:29+00:00\",\"mainEntityOfPage\":{\"@id\":\"https:\/\/apuntesdesanluis.com\/index.php\/2024\/04\/23\/no-la-vio\/\"},\"wordCount\":909,\"publisher\":{\"@id\":\"https:\/\/apuntesdesanluis.com\/#\/schema\/person\/b55151d52296fcce64d1a72538a70b90\"},\"image\":{\"@id\":\"https:\/\/apuntesdesanluis.com\/index.php\/2024\/04\/23\/no-la-vio\/#primaryimage\"},\"thumbnailUrl\":\"https:\/\/apuntesdesanluis.com\/wp-content\/uploads\/2024\/04\/multitud.png\",\"articleSection\":[\"Opini\u00f3n\"],\"inLanguage\":\"es-AR\"},{\"@type\":\"WebPage\",\"@id\":\"https:\/\/apuntesdesanluis.com\/index.php\/2024\/04\/23\/no-la-vio\/\",\"url\":\"https:\/\/apuntesdesanluis.com\/index.php\/2024\/04\/23\/no-la-vio\/\",\"name\":\"NO LA VIO - Apuntes de San Luis\",\"isPartOf\":{\"@id\":\"https:\/\/apuntesdesanluis.com\/#website\"},\"primaryImageOfPage\":{\"@id\":\"https:\/\/apuntesdesanluis.com\/index.php\/2024\/04\/23\/no-la-vio\/#primaryimage\"},\"image\":{\"@id\":\"https:\/\/apuntesdesanluis.com\/index.php\/2024\/04\/23\/no-la-vio\/#primaryimage\"},\"thumbnailUrl\":\"https:\/\/apuntesdesanluis.com\/wp-content\/uploads\/2024\/04\/multitud.png\",\"datePublished\":\"2024-04-24T02:03:48+00:00\",\"dateModified\":\"2024-04-24T02:04:29+00:00\",\"breadcrumb\":{\"@id\":\"https:\/\/apuntesdesanluis.com\/index.php\/2024\/04\/23\/no-la-vio\/#breadcrumb\"},\"inLanguage\":\"es-AR\",\"potentialAction\":[{\"@type\":\"ReadAction\",\"target\":[\"https:\/\/apuntesdesanluis.com\/index.php\/2024\/04\/23\/no-la-vio\/\"]}]},{\"@type\":\"ImageObject\",\"inLanguage\":\"es-AR\",\"@id\":\"https:\/\/apuntesdesanluis.com\/index.php\/2024\/04\/23\/no-la-vio\/#primaryimage\",\"url\":\"https:\/\/apuntesdesanluis.com\/wp-content\/uploads\/2024\/04\/multitud.png\",\"contentUrl\":\"https:\/\/apuntesdesanluis.com\/wp-content\/uploads\/2024\/04\/multitud.png\",\"width\":600,\"height\":330},{\"@type\":\"BreadcrumbList\",\"@id\":\"https:\/\/apuntesdesanluis.com\/index.php\/2024\/04\/23\/no-la-vio\/#breadcrumb\",\"itemListElement\":[{\"@type\":\"ListItem\",\"position\":1,\"name\":\"Inicio\",\"item\":\"https:\/\/apuntesdesanluis.com\/\"},{\"@type\":\"ListItem\",\"position\":2,\"name\":\"NO LA VIO\"}]},{\"@type\":\"WebSite\",\"@id\":\"https:\/\/apuntesdesanluis.com\/#website\",\"url\":\"https:\/\/apuntesdesanluis.com\/\",\"name\":\"Apuntes de San Luis\",\"description\":\"\",\"publisher\":{\"@id\":\"https:\/\/apuntesdesanluis.com\/#\/schema\/person\/b55151d52296fcce64d1a72538a70b90\"},\"potentialAction\":[{\"@type\":\"SearchAction\",\"target\":{\"@type\":\"EntryPoint\",\"urlTemplate\":\"https:\/\/apuntesdesanluis.com\/?s={search_term_string}\"},\"query-input\":{\"@type\":\"PropertyValueSpecification\",\"valueRequired\":true,\"valueName\":\"search_term_string\"}}],\"inLanguage\":\"es-AR\"},{\"@type\":[\"Person\",\"Organization\"],\"@id\":\"https:\/\/apuntesdesanluis.com\/#\/schema\/person\/b55151d52296fcce64d1a72538a70b90\",\"name\":\"apuntesdesanluis.com\",\"image\":{\"@type\":\"ImageObject\",\"inLanguage\":\"es-AR\",\"@id\":\"https:\/\/apuntesdesanluis.com\/#\/schema\/person\/image\/\",\"url\":\"https:\/\/apuntesdesanluis.com\/wp-content\/uploads\/2023\/07\/cropped-apuntesdesanluis.png\",\"contentUrl\":\"https:\/\/apuntesdesanluis.com\/wp-content\/uploads\/2023\/07\/cropped-apuntesdesanluis.png\",\"width\":450,\"height\":112,\"caption\":\"apuntesdesanluis.com\"},\"logo\":{\"@id\":\"https:\/\/apuntesdesanluis.com\/#\/schema\/person\/image\/\"},\"sameAs\":[\"https:\/\/apuntesdesanluis.com\"],\"url\":\"https:\/\/apuntesdesanluis.com\/index.php\/author\/apuntesdesanluis-com\/\"}]}<\/script>\n<!-- \/ Yoast SEO plugin. -->","yoast_head_json":{"title":"NO LA VIO - Apuntes de San Luis","robots":{"index":"index","follow":"follow","max-snippet":"max-snippet:-1","max-image-preview":"max-image-preview:large","max-video-preview":"max-video-preview:-1"},"canonical":"https:\/\/apuntesdesanluis.com\/index.php\/2024\/04\/23\/no-la-vio\/","og_locale":"es_ES","og_type":"article","og_title":"NO LA VIO - Apuntes de San Luis","og_description":"Por Ignacio Fidanza * &nbsp; Milei tuvo su primera derrota importante, que le marca un...","og_url":"https:\/\/apuntesdesanluis.com\/index.php\/2024\/04\/23\/no-la-vio\/","og_site_name":"Apuntes de San Luis","article_published_time":"2024-04-24T02:03:48+00:00","article_modified_time":"2024-04-24T02:04:29+00:00","og_image":[{"width":600,"height":330,"url":"https:\/\/apuntesdesanluis.com\/wp-content\/uploads\/2024\/04\/multitud.png","type":"image\/png"}],"author":"apuntesdesanluis.com","twitter_card":"summary_large_image","twitter_misc":{"Escrito por":"apuntesdesanluis.com","Tiempo de lectura":"5 minutos"},"schema":{"@context":"https:\/\/schema.org","@graph":[{"@type":"Article","@id":"https:\/\/apuntesdesanluis.com\/index.php\/2024\/04\/23\/no-la-vio\/#article","isPartOf":{"@id":"https:\/\/apuntesdesanluis.com\/index.php\/2024\/04\/23\/no-la-vio\/"},"author":{"name":"apuntesdesanluis.com","@id":"https:\/\/apuntesdesanluis.com\/#\/schema\/person\/b55151d52296fcce64d1a72538a70b90"},"headline":"NO LA VIO","datePublished":"2024-04-24T02:03:48+00:00","dateModified":"2024-04-24T02:04:29+00:00","mainEntityOfPage":{"@id":"https:\/\/apuntesdesanluis.com\/index.php\/2024\/04\/23\/no-la-vio\/"},"wordCount":909,"publisher":{"@id":"https:\/\/apuntesdesanluis.com\/#\/schema\/person\/b55151d52296fcce64d1a72538a70b90"},"image":{"@id":"https:\/\/apuntesdesanluis.com\/index.php\/2024\/04\/23\/no-la-vio\/#primaryimage"},"thumbnailUrl":"https:\/\/apuntesdesanluis.com\/wp-content\/uploads\/2024\/04\/multitud.png","articleSection":["Opini\u00f3n"],"inLanguage":"es-AR"},{"@type":"WebPage","@id":"https:\/\/apuntesdesanluis.com\/index.php\/2024\/04\/23\/no-la-vio\/","url":"https:\/\/apuntesdesanluis.com\/index.php\/2024\/04\/23\/no-la-vio\/","name":"NO LA VIO - Apuntes de San Luis","isPartOf":{"@id":"https:\/\/apuntesdesanluis.com\/#website"},"primaryImageOfPage":{"@id":"https:\/\/apuntesdesanluis.com\/index.php\/2024\/04\/23\/no-la-vio\/#primaryimage"},"image":{"@id":"https:\/\/apuntesdesanluis.com\/index.php\/2024\/04\/23\/no-la-vio\/#primaryimage"},"thumbnailUrl":"https:\/\/apuntesdesanluis.com\/wp-content\/uploads\/2024\/04\/multitud.png","datePublished":"2024-04-24T02:03:48+00:00","dateModified":"2024-04-24T02:04:29+00:00","breadcrumb":{"@id":"https:\/\/apuntesdesanluis.com\/index.php\/2024\/04\/23\/no-la-vio\/#breadcrumb"},"inLanguage":"es-AR","potentialAction":[{"@type":"ReadAction","target":["https:\/\/apuntesdesanluis.com\/index.php\/2024\/04\/23\/no-la-vio\/"]}]},{"@type":"ImageObject","inLanguage":"es-AR","@id":"https:\/\/apuntesdesanluis.com\/index.php\/2024\/04\/23\/no-la-vio\/#primaryimage","url":"https:\/\/apuntesdesanluis.com\/wp-content\/uploads\/2024\/04\/multitud.png","contentUrl":"https:\/\/apuntesdesanluis.com\/wp-content\/uploads\/2024\/04\/multitud.png","width":600,"height":330},{"@type":"BreadcrumbList","@id":"https:\/\/apuntesdesanluis.com\/index.php\/2024\/04\/23\/no-la-vio\/#breadcrumb","itemListElement":[{"@type":"ListItem","position":1,"name":"Inicio","item":"https:\/\/apuntesdesanluis.com\/"},{"@type":"ListItem","position":2,"name":"NO LA VIO"}]},{"@type":"WebSite","@id":"https:\/\/apuntesdesanluis.com\/#website","url":"https:\/\/apuntesdesanluis.com\/","name":"Apuntes de San Luis","description":"","publisher":{"@id":"https:\/\/apuntesdesanluis.com\/#\/schema\/person\/b55151d52296fcce64d1a72538a70b90"},"potentialAction":[{"@type":"SearchAction","target":{"@type":"EntryPoint","urlTemplate":"https:\/\/apuntesdesanluis.com\/?s={search_term_string}"},"query-input":{"@type":"PropertyValueSpecification","valueRequired":true,"valueName":"search_term_string"}}],"inLanguage":"es-AR"},{"@type":["Person","Organization"],"@id":"https:\/\/apuntesdesanluis.com\/#\/schema\/person\/b55151d52296fcce64d1a72538a70b90","name":"apuntesdesanluis.com","image":{"@type":"ImageObject","inLanguage":"es-AR","@id":"https:\/\/apuntesdesanluis.com\/#\/schema\/person\/image\/","url":"https:\/\/apuntesdesanluis.com\/wp-content\/uploads\/2023\/07\/cropped-apuntesdesanluis.png","contentUrl":"https:\/\/apuntesdesanluis.com\/wp-content\/uploads\/2023\/07\/cropped-apuntesdesanluis.png","width":450,"height":112,"caption":"apuntesdesanluis.com"},"logo":{"@id":"https:\/\/apuntesdesanluis.com\/#\/schema\/person\/image\/"},"sameAs":["https:\/\/apuntesdesanluis.com"],"url":"https:\/\/apuntesdesanluis.com\/index.php\/author\/apuntesdesanluis-com\/"}]}},"featured_image_urls":{"full":["https:\/\/apuntesdesanluis.com\/wp-content\/uploads\/2024\/04\/multitud.png",600,330,false],"thumbnail":["https:\/\/apuntesdesanluis.com\/wp-content\/uploads\/2024\/04\/multitud-150x150.png",150,150,true],"medium":["https:\/\/apuntesdesanluis.com\/wp-content\/uploads\/2024\/04\/multitud-300x165.png",300,165,true],"medium_large":["https:\/\/apuntesdesanluis.com\/wp-content\/uploads\/2024\/04\/multitud.png",600,330,false],"large":["https:\/\/apuntesdesanluis.com\/wp-content\/uploads\/2024\/04\/multitud.png",600,330,false],"1536x1536":["https:\/\/apuntesdesanluis.com\/wp-content\/uploads\/2024\/04\/multitud.png",600,330,false],"2048x2048":["https:\/\/apuntesdesanluis.com\/wp-content\/uploads\/2024\/04\/multitud.png",600,330,false],"newsever-slider-full":["https:\/\/apuntesdesanluis.com\/wp-content\/uploads\/2024\/04\/multitud.png",600,330,false],"newsever-featured":["https:\/\/apuntesdesanluis.com\/wp-content\/uploads\/2024\/04\/multitud.png",600,330,false],"newsever-medium":["https:\/\/apuntesdesanluis.com\/wp-content\/uploads\/2024\/04\/multitud.png",600,330,false]},"author_info":{"display_name":"apuntesdesanluis.com","author_link":"https:\/\/apuntesdesanluis.com\/index.php\/author\/apuntesdesanluis-com\/"},"category_info":"<a href=\"https:\/\/apuntesdesanluis.com\/index.php\/category\/opinion\/\" rel=\"category tag\">Opini\u00f3n<\/a>","tag_info":"Opini\u00f3n","comment_count":"0","_links":{"self":[{"href":"https:\/\/apuntesdesanluis.com\/index.php\/wp-json\/wp\/v2\/posts\/15141","targetHints":{"allow":["GET"]}}],"collection":[{"href":"https:\/\/apuntesdesanluis.com\/index.php\/wp-json\/wp\/v2\/posts"}],"about":[{"href":"https:\/\/apuntesdesanluis.com\/index.php\/wp-json\/wp\/v2\/types\/post"}],"author":[{"embeddable":true,"href":"https:\/\/apuntesdesanluis.com\/index.php\/wp-json\/wp\/v2\/users\/1"}],"replies":[{"embeddable":true,"href":"https:\/\/apuntesdesanluis.com\/index.php\/wp-json\/wp\/v2\/comments?post=15141"}],"version-history":[{"count":2,"href":"https:\/\/apuntesdesanluis.com\/index.php\/wp-json\/wp\/v2\/posts\/15141\/revisions"}],"predecessor-version":[{"id":15147,"href":"https:\/\/apuntesdesanluis.com\/index.php\/wp-json\/wp\/v2\/posts\/15141\/revisions\/15147"}],"wp:featuredmedia":[{"embeddable":true,"href":"https:\/\/apuntesdesanluis.com\/index.php\/wp-json\/wp\/v2\/media\/15142"}],"wp:attachment":[{"href":"https:\/\/apuntesdesanluis.com\/index.php\/wp-json\/wp\/v2\/media?parent=15141"}],"wp:term":[{"taxonomy":"category","embeddable":true,"href":"https:\/\/apuntesdesanluis.com\/index.php\/wp-json\/wp\/v2\/categories?post=15141"},{"taxonomy":"post_tag","embeddable":true,"href":"https:\/\/apuntesdesanluis.com\/index.php\/wp-json\/wp\/v2\/tags?post=15141"}],"curies":[{"name":"wp","href":"https:\/\/api.w.org\/{rel}","templated":true}]}}