{"id":15168,"date":"2024-04-24T17:46:09","date_gmt":"2024-04-24T20:46:09","guid":{"rendered":"https:\/\/apuntesdesanluis.com\/?p=15168"},"modified":"2024-04-24T18:36:25","modified_gmt":"2024-04-24T21:36:25","slug":"libertarios-y-aliados-no-dieron-quorum-para-tratar-el-presupuesto-de-las-universidades","status":"publish","type":"post","link":"https:\/\/apuntesdesanluis.com\/index.php\/2024\/04\/24\/libertarios-y-aliados-no-dieron-quorum-para-tratar-el-presupuesto-de-las-universidades\/","title":{"rendered":"LIBERTARIOS Y ALIADOS NO DIERON QUORUM PARA TRATAR EL PRESUPUESTO DE LAS UNIVERSIDADES"},"content":{"rendered":"<h3>Uni\u00f3n por la Patria hab\u00eda pedido una sesi\u00f3n especial para tratar el tema junto con la restituci\u00f3n del Fondo de Incentivo, la reforma de la movilidad jubilatoria y otros temas. La Libertad Avanza y sus socios no aparecieron por el recinto.<\/h3>\n<h3>El mensaje de protesta contra el ajuste de <strong>Javier Milei<\/strong> de los cientos de miles de personas que ayer se sumaron a la marcha universitaria no lleg\u00f3 al pleno de la C\u00e1mara de Diputados, donde el oficialismo y sus socios no acompa\u00f1aron el pedido opositor para tratar el presupuesto universitario y movilidad jubilatoria.<\/h3>\n<h3>Sin el n\u00famero necesario para el quorum, la sesi\u00f3n se cay\u00f3 ante la negativa del titular del cuerpo, Mart\u00edn Menem, de esperar m\u00e1s tiempo para intentar que m\u00e1s legisladores se sentaran en sus bancas.<\/h3>\n<h3>\u201cLa comunidad universitaria que se convoc\u00f3 en una marcha hist\u00f3rica necesitaba una expresi\u00f3n del recinto (de la C\u00e1mara de Diputados). Algunos entendieron esa convocatoria pero otros prefirieron estar detr\u00e1s de las cortinas, en oficinas oscuras negociando con el poder&#8221;, cuestion\u00f3 el presidente del bloque de Uni\u00f3n por la Patria en Diputados, Germ\u00e1n Mart\u00ednez.<\/h3>\n<h3>El legislador critic\u00f3 particularmente a los sectores de la oposici\u00f3n que no bajaron al recinto para tratar la iniciativa y los se\u00f1al\u00f3 como \u201cparte de los que no quieren debatir\u201d mejores partidas para la educaci\u00f3n.<\/h3>\n<h3>Los bloques que respaldaron el tratamiento de ese tema y de un aumento a las jubilaciones y pensiones fueron, adem\u00e1s de Uni\u00f3n por la Patria, el bloque Por Santa Cruz y el Frente de Izquierda y de los Trabajadores. A ellos se le sumaron 15 diputados radicales no alineados con el oficialismo y seis de Hacemos Coalici\u00f3n Federal.<\/h3>\n<h3>En las bancas de la C\u00e1mara baja se sentaron 124 de los 129 necesarios para habilitar el tratamiento de los proyectos para elevar el presupuesto universitario, restituir el Fondo Nacional de Incentivo Docente (Fonid) dado de baja por el Gobierno y la actualizaci\u00f3n de la f\u00f3rmula jubilatoria.<\/h3>\n<h3>La diputada Cecilia Moreau remarc\u00f3 que el compromiso de la coalici\u00f3n opositora fue llevar al recinto un proyecto que est\u00e9 en sinton\u00eda con la demanda de ayer. \u201cEste es nuestro compromiso, representarlos en nuestras bancas y acompa\u00f1arlos en la calle\u201d, dijo y exhort\u00f3 al Congreso \u201ca abrirse no s\u00f3lo para tratar los proyectos del presidente Milei\u201d.<\/h3>\n<h3>La convocatoria hecha por UxP tuvo lugar el d\u00eda despu\u00e9s de la masiva movilizaci\u00f3n en el centro porte\u00f1o y en las grandes ciudades del pa\u00eds en el marco de la Marcha Federal Universitaria para denunciar el desfinanciamiento de la educaci\u00f3n superior por parte del Gobierno de Javier Milei.<\/h3>\n<p>&nbsp;<\/p>\n<p>&nbsp;<\/p>\n<p>&nbsp;<\/p>\n","protected":false},"excerpt":{"rendered":"<p>Uni\u00f3n por la Patria hab\u00eda pedido una sesi\u00f3n especial para tratar el tema junto con&#8230;<\/p>\n","protected":false},"author":1,"featured_media":15169,"comment_status":"closed","ping_status":"closed","sticky":false,"template":"","format":"standard","meta":{"footnotes":""},"categories":[5],"tags":[],"class_list":["post-15168","post","type-post","status-publish","format-standard","has-post-thumbnail","hentry","category-nacionales-internacionales"],"yoast_head":"<!-- This site is optimized with the Yoast SEO plugin v26.1.1 - https:\/\/yoast.com\/wordpress\/plugins\/seo\/ -->\n<title>LIBERTARIOS Y ALIADOS NO DIERON QUORUM PARA TRATAR EL PRESUPUESTO DE LAS UNIVERSIDADES - Apuntes de San Luis<\/title>\n<meta name=\"robots\" content=\"index, follow, max-snippet:-1, max-image-preview:large, max-video-preview:-1\" \/>\n<link rel=\"canonical\" href=\"https:\/\/apuntesdesanluis.com\/index.php\/2024\/04\/24\/libertarios-y-aliados-no-dieron-quorum-para-tratar-el-presupuesto-de-las-universidades\/\" \/>\n<meta property=\"og:locale\" content=\"es_ES\" \/>\n<meta property=\"og:type\" content=\"article\" \/>\n<meta property=\"og:title\" content=\"LIBERTARIOS Y ALIADOS NO DIERON QUORUM PARA TRATAR EL PRESUPUESTO DE LAS UNIVERSIDADES - Apuntes de San Luis\" \/>\n<meta property=\"og:description\" content=\"Uni\u00f3n por la Patria hab\u00eda pedido una sesi\u00f3n especial para tratar el tema junto con...\" \/>\n<meta property=\"og:url\" content=\"https:\/\/apuntesdesanluis.com\/index.php\/2024\/04\/24\/libertarios-y-aliados-no-dieron-quorum-para-tratar-el-presupuesto-de-las-universidades\/\" \/>\n<meta property=\"og:site_name\" content=\"Apuntes de San Luis\" \/>\n<meta property=\"article:published_time\" content=\"2024-04-24T20:46:09+00:00\" \/>\n<meta property=\"article:modified_time\" content=\"2024-04-24T21:36:25+00:00\" \/>\n<meta property=\"og:image\" content=\"https:\/\/apuntesdesanluis.com\/wp-content\/uploads\/2024\/04\/diputados-sin-quorum.png\" \/>\n\t<meta property=\"og:image:width\" content=\"600\" \/>\n\t<meta property=\"og:image:height\" content=\"370\" \/>\n\t<meta property=\"og:image:type\" content=\"image\/png\" \/>\n<meta name=\"author\" content=\"apuntesdesanluis.com\" \/>\n<meta name=\"twitter:card\" content=\"summary_large_image\" \/>\n<meta name=\"twitter:label1\" content=\"Escrito por\" \/>\n\t<meta name=\"twitter:data1\" content=\"apuntesdesanluis.com\" \/>\n\t<meta name=\"twitter:label2\" content=\"Tiempo de lectura\" \/>\n\t<meta name=\"twitter:data2\" content=\"2 minutos\" \/>\n<script type=\"application\/ld+json\" class=\"yoast-schema-graph\">{\"@context\":\"https:\/\/schema.org\",\"@graph\":[{\"@type\":\"Article\",\"@id\":\"https:\/\/apuntesdesanluis.com\/index.php\/2024\/04\/24\/libertarios-y-aliados-no-dieron-quorum-para-tratar-el-presupuesto-de-las-universidades\/#article\",\"isPartOf\":{\"@id\":\"https:\/\/apuntesdesanluis.com\/index.php\/2024\/04\/24\/libertarios-y-aliados-no-dieron-quorum-para-tratar-el-presupuesto-de-las-universidades\/\"},\"author\":{\"name\":\"apuntesdesanluis.com\",\"@id\":\"https:\/\/apuntesdesanluis.com\/#\/schema\/person\/b55151d52296fcce64d1a72538a70b90\"},\"headline\":\"LIBERTARIOS Y ALIADOS NO DIERON QUORUM PARA TRATAR EL PRESUPUESTO DE LAS UNIVERSIDADES\",\"datePublished\":\"2024-04-24T20:46:09+00:00\",\"dateModified\":\"2024-04-24T21:36:25+00:00\",\"mainEntityOfPage\":{\"@id\":\"https:\/\/apuntesdesanluis.com\/index.php\/2024\/04\/24\/libertarios-y-aliados-no-dieron-quorum-para-tratar-el-presupuesto-de-las-universidades\/\"},\"wordCount\":475,\"publisher\":{\"@id\":\"https:\/\/apuntesdesanluis.com\/#\/schema\/person\/b55151d52296fcce64d1a72538a70b90\"},\"image\":{\"@id\":\"https:\/\/apuntesdesanluis.com\/index.php\/2024\/04\/24\/libertarios-y-aliados-no-dieron-quorum-para-tratar-el-presupuesto-de-las-universidades\/#primaryimage\"},\"thumbnailUrl\":\"https:\/\/apuntesdesanluis.com\/wp-content\/uploads\/2024\/04\/diputados-sin-quorum.png\",\"articleSection\":[\"Nacionales\/Internacionales\"],\"inLanguage\":\"es-AR\"},{\"@type\":\"WebPage\",\"@id\":\"https:\/\/apuntesdesanluis.com\/index.php\/2024\/04\/24\/libertarios-y-aliados-no-dieron-quorum-para-tratar-el-presupuesto-de-las-universidades\/\",\"url\":\"https:\/\/apuntesdesanluis.com\/index.php\/2024\/04\/24\/libertarios-y-aliados-no-dieron-quorum-para-tratar-el-presupuesto-de-las-universidades\/\",\"name\":\"LIBERTARIOS Y ALIADOS NO DIERON QUORUM PARA TRATAR EL PRESUPUESTO DE LAS UNIVERSIDADES - Apuntes de San Luis\",\"isPartOf\":{\"@id\":\"https:\/\/apuntesdesanluis.com\/#website\"},\"primaryImageOfPage\":{\"@id\":\"https:\/\/apuntesdesanluis.com\/index.php\/2024\/04\/24\/libertarios-y-aliados-no-dieron-quorum-para-tratar-el-presupuesto-de-las-universidades\/#primaryimage\"},\"image\":{\"@id\":\"https:\/\/apuntesdesanluis.com\/index.php\/2024\/04\/24\/libertarios-y-aliados-no-dieron-quorum-para-tratar-el-presupuesto-de-las-universidades\/#primaryimage\"},\"thumbnailUrl\":\"https:\/\/apuntesdesanluis.com\/wp-content\/uploads\/2024\/04\/diputados-sin-quorum.png\",\"datePublished\":\"2024-04-24T20:46:09+00:00\",\"dateModified\":\"2024-04-24T21:36:25+00:00\",\"breadcrumb\":{\"@id\":\"https:\/\/apuntesdesanluis.com\/index.php\/2024\/04\/24\/libertarios-y-aliados-no-dieron-quorum-para-tratar-el-presupuesto-de-las-universidades\/#breadcrumb\"},\"inLanguage\":\"es-AR\",\"potentialAction\":[{\"@type\":\"ReadAction\",\"target\":[\"https:\/\/apuntesdesanluis.com\/index.php\/2024\/04\/24\/libertarios-y-aliados-no-dieron-quorum-para-tratar-el-presupuesto-de-las-universidades\/\"]}]},{\"@type\":\"ImageObject\",\"inLanguage\":\"es-AR\",\"@id\":\"https:\/\/apuntesdesanluis.com\/index.php\/2024\/04\/24\/libertarios-y-aliados-no-dieron-quorum-para-tratar-el-presupuesto-de-las-universidades\/#primaryimage\",\"url\":\"https:\/\/apuntesdesanluis.com\/wp-content\/uploads\/2024\/04\/diputados-sin-quorum.png\",\"contentUrl\":\"https:\/\/apuntesdesanluis.com\/wp-content\/uploads\/2024\/04\/diputados-sin-quorum.png\",\"width\":600,\"height\":370},{\"@type\":\"BreadcrumbList\",\"@id\":\"https:\/\/apuntesdesanluis.com\/index.php\/2024\/04\/24\/libertarios-y-aliados-no-dieron-quorum-para-tratar-el-presupuesto-de-las-universidades\/#breadcrumb\",\"itemListElement\":[{\"@type\":\"ListItem\",\"position\":1,\"name\":\"Inicio\",\"item\":\"https:\/\/apuntesdesanluis.com\/\"},{\"@type\":\"ListItem\",\"position\":2,\"name\":\"LIBERTARIOS Y ALIADOS NO DIERON QUORUM PARA TRATAR EL PRESUPUESTO DE LAS UNIVERSIDADES\"}]},{\"@type\":\"WebSite\",\"@id\":\"https:\/\/apuntesdesanluis.com\/#website\",\"url\":\"https:\/\/apuntesdesanluis.com\/\",\"name\":\"Apuntes de San Luis\",\"description\":\"\",\"publisher\":{\"@id\":\"https:\/\/apuntesdesanluis.com\/#\/schema\/person\/b55151d52296fcce64d1a72538a70b90\"},\"potentialAction\":[{\"@type\":\"SearchAction\",\"target\":{\"@type\":\"EntryPoint\",\"urlTemplate\":\"https:\/\/apuntesdesanluis.com\/?s={search_term_string}\"},\"query-input\":{\"@type\":\"PropertyValueSpecification\",\"valueRequired\":true,\"valueName\":\"search_term_string\"}}],\"inLanguage\":\"es-AR\"},{\"@type\":[\"Person\",\"Organization\"],\"@id\":\"https:\/\/apuntesdesanluis.com\/#\/schema\/person\/b55151d52296fcce64d1a72538a70b90\",\"name\":\"apuntesdesanluis.com\",\"image\":{\"@type\":\"ImageObject\",\"inLanguage\":\"es-AR\",\"@id\":\"https:\/\/apuntesdesanluis.com\/#\/schema\/person\/image\/\",\"url\":\"https:\/\/apuntesdesanluis.com\/wp-content\/uploads\/2023\/07\/cropped-apuntesdesanluis.png\",\"contentUrl\":\"https:\/\/apuntesdesanluis.com\/wp-content\/uploads\/2023\/07\/cropped-apuntesdesanluis.png\",\"width\":450,\"height\":112,\"caption\":\"apuntesdesanluis.com\"},\"logo\":{\"@id\":\"https:\/\/apuntesdesanluis.com\/#\/schema\/person\/image\/\"},\"sameAs\":[\"https:\/\/apuntesdesanluis.com\"],\"url\":\"https:\/\/apuntesdesanluis.com\/index.php\/author\/apuntesdesanluis-com\/\"}]}<\/script>\n<!-- \/ Yoast SEO plugin. -->","yoast_head_json":{"title":"LIBERTARIOS Y ALIADOS NO DIERON QUORUM PARA TRATAR EL PRESUPUESTO DE LAS UNIVERSIDADES - Apuntes de San Luis","robots":{"index":"index","follow":"follow","max-snippet":"max-snippet:-1","max-image-preview":"max-image-preview:large","max-video-preview":"max-video-preview:-1"},"canonical":"https:\/\/apuntesdesanluis.com\/index.php\/2024\/04\/24\/libertarios-y-aliados-no-dieron-quorum-para-tratar-el-presupuesto-de-las-universidades\/","og_locale":"es_ES","og_type":"article","og_title":"LIBERTARIOS Y ALIADOS NO DIERON QUORUM PARA TRATAR EL PRESUPUESTO DE LAS UNIVERSIDADES - Apuntes de San Luis","og_description":"Uni\u00f3n por la Patria hab\u00eda pedido una sesi\u00f3n especial para tratar el tema junto con...","og_url":"https:\/\/apuntesdesanluis.com\/index.php\/2024\/04\/24\/libertarios-y-aliados-no-dieron-quorum-para-tratar-el-presupuesto-de-las-universidades\/","og_site_name":"Apuntes de San Luis","article_published_time":"2024-04-24T20:46:09+00:00","article_modified_time":"2024-04-24T21:36:25+00:00","og_image":[{"width":600,"height":370,"url":"https:\/\/apuntesdesanluis.com\/wp-content\/uploads\/2024\/04\/diputados-sin-quorum.png","type":"image\/png"}],"author":"apuntesdesanluis.com","twitter_card":"summary_large_image","twitter_misc":{"Escrito por":"apuntesdesanluis.com","Tiempo de lectura":"2 minutos"},"schema":{"@context":"https:\/\/schema.org","@graph":[{"@type":"Article","@id":"https:\/\/apuntesdesanluis.com\/index.php\/2024\/04\/24\/libertarios-y-aliados-no-dieron-quorum-para-tratar-el-presupuesto-de-las-universidades\/#article","isPartOf":{"@id":"https:\/\/apuntesdesanluis.com\/index.php\/2024\/04\/24\/libertarios-y-aliados-no-dieron-quorum-para-tratar-el-presupuesto-de-las-universidades\/"},"author":{"name":"apuntesdesanluis.com","@id":"https:\/\/apuntesdesanluis.com\/#\/schema\/person\/b55151d52296fcce64d1a72538a70b90"},"headline":"LIBERTARIOS Y ALIADOS NO DIERON QUORUM PARA TRATAR EL PRESUPUESTO DE LAS UNIVERSIDADES","datePublished":"2024-04-24T20:46:09+00:00","dateModified":"2024-04-24T21:36:25+00:00","mainEntityOfPage":{"@id":"https:\/\/apuntesdesanluis.com\/index.php\/2024\/04\/24\/libertarios-y-aliados-no-dieron-quorum-para-tratar-el-presupuesto-de-las-universidades\/"},"wordCount":475,"publisher":{"@id":"https:\/\/apuntesdesanluis.com\/#\/schema\/person\/b55151d52296fcce64d1a72538a70b90"},"image":{"@id":"https:\/\/apuntesdesanluis.com\/index.php\/2024\/04\/24\/libertarios-y-aliados-no-dieron-quorum-para-tratar-el-presupuesto-de-las-universidades\/#primaryimage"},"thumbnailUrl":"https:\/\/apuntesdesanluis.com\/wp-content\/uploads\/2024\/04\/diputados-sin-quorum.png","articleSection":["Nacionales\/Internacionales"],"inLanguage":"es-AR"},{"@type":"WebPage","@id":"https:\/\/apuntesdesanluis.com\/index.php\/2024\/04\/24\/libertarios-y-aliados-no-dieron-quorum-para-tratar-el-presupuesto-de-las-universidades\/","url":"https:\/\/apuntesdesanluis.com\/index.php\/2024\/04\/24\/libertarios-y-aliados-no-dieron-quorum-para-tratar-el-presupuesto-de-las-universidades\/","name":"LIBERTARIOS Y ALIADOS NO DIERON QUORUM PARA TRATAR EL PRESUPUESTO DE LAS UNIVERSIDADES - Apuntes de San Luis","isPartOf":{"@id":"https:\/\/apuntesdesanluis.com\/#website"},"primaryImageOfPage":{"@id":"https:\/\/apuntesdesanluis.com\/index.php\/2024\/04\/24\/libertarios-y-aliados-no-dieron-quorum-para-tratar-el-presupuesto-de-las-universidades\/#primaryimage"},"image":{"@id":"https:\/\/apuntesdesanluis.com\/index.php\/2024\/04\/24\/libertarios-y-aliados-no-dieron-quorum-para-tratar-el-presupuesto-de-las-universidades\/#primaryimage"},"thumbnailUrl":"https:\/\/apuntesdesanluis.com\/wp-content\/uploads\/2024\/04\/diputados-sin-quorum.png","datePublished":"2024-04-24T20:46:09+00:00","dateModified":"2024-04-24T21:36:25+00:00","breadcrumb":{"@id":"https:\/\/apuntesdesanluis.com\/index.php\/2024\/04\/24\/libertarios-y-aliados-no-dieron-quorum-para-tratar-el-presupuesto-de-las-universidades\/#breadcrumb"},"inLanguage":"es-AR","potentialAction":[{"@type":"ReadAction","target":["https:\/\/apuntesdesanluis.com\/index.php\/2024\/04\/24\/libertarios-y-aliados-no-dieron-quorum-para-tratar-el-presupuesto-de-las-universidades\/"]}]},{"@type":"ImageObject","inLanguage":"es-AR","@id":"https:\/\/apuntesdesanluis.com\/index.php\/2024\/04\/24\/libertarios-y-aliados-no-dieron-quorum-para-tratar-el-presupuesto-de-las-universidades\/#primaryimage","url":"https:\/\/apuntesdesanluis.com\/wp-content\/uploads\/2024\/04\/diputados-sin-quorum.png","contentUrl":"https:\/\/apuntesdesanluis.com\/wp-content\/uploads\/2024\/04\/diputados-sin-quorum.png","width":600,"height":370},{"@type":"BreadcrumbList","@id":"https:\/\/apuntesdesanluis.com\/index.php\/2024\/04\/24\/libertarios-y-aliados-no-dieron-quorum-para-tratar-el-presupuesto-de-las-universidades\/#breadcrumb","itemListElement":[{"@type":"ListItem","position":1,"name":"Inicio","item":"https:\/\/apuntesdesanluis.com\/"},{"@type":"ListItem","position":2,"name":"LIBERTARIOS Y ALIADOS NO DIERON QUORUM PARA TRATAR EL PRESUPUESTO DE LAS UNIVERSIDADES"}]},{"@type":"WebSite","@id":"https:\/\/apuntesdesanluis.com\/#website","url":"https:\/\/apuntesdesanluis.com\/","name":"Apuntes de San Luis","description":"","publisher":{"@id":"https:\/\/apuntesdesanluis.com\/#\/schema\/person\/b55151d52296fcce64d1a72538a70b90"},"potentialAction":[{"@type":"SearchAction","target":{"@type":"EntryPoint","urlTemplate":"https:\/\/apuntesdesanluis.com\/?s={search_term_string}"},"query-input":{"@type":"PropertyValueSpecification","valueRequired":true,"valueName":"search_term_string"}}],"inLanguage":"es-AR"},{"@type":["Person","Organization"],"@id":"https:\/\/apuntesdesanluis.com\/#\/schema\/person\/b55151d52296fcce64d1a72538a70b90","name":"apuntesdesanluis.com","image":{"@type":"ImageObject","inLanguage":"es-AR","@id":"https:\/\/apuntesdesanluis.com\/#\/schema\/person\/image\/","url":"https:\/\/apuntesdesanluis.com\/wp-content\/uploads\/2023\/07\/cropped-apuntesdesanluis.png","contentUrl":"https:\/\/apuntesdesanluis.com\/wp-content\/uploads\/2023\/07\/cropped-apuntesdesanluis.png","width":450,"height":112,"caption":"apuntesdesanluis.com"},"logo":{"@id":"https:\/\/apuntesdesanluis.com\/#\/schema\/person\/image\/"},"sameAs":["https:\/\/apuntesdesanluis.com"],"url":"https:\/\/apuntesdesanluis.com\/index.php\/author\/apuntesdesanluis-com\/"}]}},"featured_image_urls":{"full":["https:\/\/apuntesdesanluis.com\/wp-content\/uploads\/2024\/04\/diputados-sin-quorum.png",600,370,false],"thumbnail":["https:\/\/apuntesdesanluis.com\/wp-content\/uploads\/2024\/04\/diputados-sin-quorum-150x150.png",150,150,true],"medium":["https:\/\/apuntesdesanluis.com\/wp-content\/uploads\/2024\/04\/diputados-sin-quorum-300x185.png",300,185,true],"medium_large":["https:\/\/apuntesdesanluis.com\/wp-content\/uploads\/2024\/04\/diputados-sin-quorum.png",600,370,false],"large":["https:\/\/apuntesdesanluis.com\/wp-content\/uploads\/2024\/04\/diputados-sin-quorum.png",600,370,false],"1536x1536":["https:\/\/apuntesdesanluis.com\/wp-content\/uploads\/2024\/04\/diputados-sin-quorum.png",600,370,false],"2048x2048":["https:\/\/apuntesdesanluis.com\/wp-content\/uploads\/2024\/04\/diputados-sin-quorum.png",600,370,false],"newsever-slider-full":["https:\/\/apuntesdesanluis.com\/wp-content\/uploads\/2024\/04\/diputados-sin-quorum.png",600,370,false],"newsever-featured":["https:\/\/apuntesdesanluis.com\/wp-content\/uploads\/2024\/04\/diputados-sin-quorum.png",600,370,false],"newsever-medium":["https:\/\/apuntesdesanluis.com\/wp-content\/uploads\/2024\/04\/diputados-sin-quorum.png",600,370,false]},"author_info":{"display_name":"apuntesdesanluis.com","author_link":"https:\/\/apuntesdesanluis.com\/index.php\/author\/apuntesdesanluis-com\/"},"category_info":"<a href=\"https:\/\/apuntesdesanluis.com\/index.php\/category\/nacionales-internacionales\/\" rel=\"category tag\">Nacionales\/Internacionales<\/a>","tag_info":"Nacionales\/Internacionales","comment_count":"0","_links":{"self":[{"href":"https:\/\/apuntesdesanluis.com\/index.php\/wp-json\/wp\/v2\/posts\/15168","targetHints":{"allow":["GET"]}}],"collection":[{"href":"https:\/\/apuntesdesanluis.com\/index.php\/wp-json\/wp\/v2\/posts"}],"about":[{"href":"https:\/\/apuntesdesanluis.com\/index.php\/wp-json\/wp\/v2\/types\/post"}],"author":[{"embeddable":true,"href":"https:\/\/apuntesdesanluis.com\/index.php\/wp-json\/wp\/v2\/users\/1"}],"replies":[{"embeddable":true,"href":"https:\/\/apuntesdesanluis.com\/index.php\/wp-json\/wp\/v2\/comments?post=15168"}],"version-history":[{"count":3,"href":"https:\/\/apuntesdesanluis.com\/index.php\/wp-json\/wp\/v2\/posts\/15168\/revisions"}],"predecessor-version":[{"id":15175,"href":"https:\/\/apuntesdesanluis.com\/index.php\/wp-json\/wp\/v2\/posts\/15168\/revisions\/15175"}],"wp:featuredmedia":[{"embeddable":true,"href":"https:\/\/apuntesdesanluis.com\/index.php\/wp-json\/wp\/v2\/media\/15169"}],"wp:attachment":[{"href":"https:\/\/apuntesdesanluis.com\/index.php\/wp-json\/wp\/v2\/media?parent=15168"}],"wp:term":[{"taxonomy":"category","embeddable":true,"href":"https:\/\/apuntesdesanluis.com\/index.php\/wp-json\/wp\/v2\/categories?post=15168"},{"taxonomy":"post_tag","embeddable":true,"href":"https:\/\/apuntesdesanluis.com\/index.php\/wp-json\/wp\/v2\/tags?post=15168"}],"curies":[{"name":"wp","href":"https:\/\/api.w.org\/{rel}","templated":true}]}}