{"id":15179,"date":"2024-04-24T19:11:24","date_gmt":"2024-04-24T22:11:24","guid":{"rendered":"https:\/\/apuntesdesanluis.com\/?p=15179"},"modified":"2024-04-24T19:12:04","modified_gmt":"2024-04-24T22:12:04","slug":"fuerte-rechazo-del-colegio-de-abogados-a-la-eliminacion-de-la-feria-judicial","status":"publish","type":"post","link":"https:\/\/apuntesdesanluis.com\/index.php\/2024\/04\/24\/fuerte-rechazo-del-colegio-de-abogados-a-la-eliminacion-de-la-feria-judicial\/","title":{"rendered":"FUERTE RECHAZO DEL COLEGIO DE ABOGADOS A LA ELIMINACI\u00d3N DE LA FERIA JUDICIAL"},"content":{"rendered":"<h3>A trav\u00e9s de una nota ingresada al Senado de la provincia, el <strong>Colegio de Abogados y Procuradores<\/strong> <strong>de Villa Mercedes<\/strong> hizo conocer su \u201cm\u00e1s firme y absoluto rechazo\u201d al proyecto de eliminaci\u00f3n de la feria judicial que impulsa el gobernador <strong>Claudio Poggi, <\/strong>y que anunci\u00f3 el 1\u00b0 de abril en la apertura del per\u00edodo ordinario ante la Asamblea Legislativa.<\/h3>\n<h3>\u201cComo actores legitimados en el \u00e1mbito judicial, consideramos esencial ejercer nuestro derecho de proponer medidas para mejorar la administraci\u00f3n de justicia. En este sentido, rechazamos categ\u00f3ricamente el proyecto presentado debido a su completo desconocimiento sobre la funci\u00f3n y la necesidad de las ferias judiciales\u201d, enfatizan los abogados.<\/h3>\n<p><img fetchpriority=\"high\" decoding=\"async\" class=\"wp-image-15180 aligncenter\" src=\"https:\/\/apuntesdesanluis.com\/wp-content\/uploads\/2024\/04\/abogados-problemas-300x297.png\" alt=\"\" width=\"594\" height=\"588\" srcset=\"https:\/\/apuntesdesanluis.com\/wp-content\/uploads\/2024\/04\/abogados-problemas-300x297.png 300w, https:\/\/apuntesdesanluis.com\/wp-content\/uploads\/2024\/04\/abogados-problemas.png 735w\" sizes=\"(max-width: 594px) 100vw, 594px\" \/><\/p>\n<h3>Otros conceptos que vierten en la misiva a los senadores:<\/h3>\n<ul>\n<li>\n<h3>\u201cComo auxiliares de justicia y conocedores de la realidad actual del sistema judicial, queremos manifestar de manera formal nuestro repudio integral hacia esta propuesta. Creemos firmemente que el proyecto exhibe una falta de comprensi\u00f3n tanto pr\u00e1ctica como filos\u00f3fica de los fundamentos que dieron origen a las ferias judiciales y de la imperiosa necesidad sanitaria y human\u00edstica que estas representan\u201d.<\/h3>\n<\/li>\n<li>\n<h3>\u201cEs importante destacar que como parte del sistema judicial, nuestra labor no se limita \u00fanicamente a la pr\u00e1ctica en los tribunales, sino que tambi\u00e9n implica colaborar con los poderes p\u00fablicos en la elaboraci\u00f3n de informes, estudios, proyectos y dem\u00e1s trabajos relacionados con la abogac\u00eda y la legislaci\u00f3n en general. Sin embargo, nos sentimos excluidos de cualquier debate relacionado con este tema que nos afecta directamente\u201d.<\/h3>\n<\/li>\n<li>\n<h3>\u201cEl proyecto parece basarse err\u00f3neamente en la idea de eliminar privilegios y mejorar la funcionalidad del poder judicial, aspectos que est\u00e1n completamente desconectados de la esencia y la raz\u00f3n de ser de las ferias judiciales. La necesidad de mantener estos per\u00edodos de descanso, tanto en enero como en julio de cada a\u00f1o, se fundamenta en la imperiosa necesidad de proporcionar un descanso adecuado para todos los involucrados en el sistema judicial, incluyendo jueces, abogados y empleados\u201d.<\/h3>\n<\/li>\n<\/ul>\n<h3>Finalmente solicitan \u201cde manera urgente una audiencia\u201d para discutir estas preocupaciones y hacer los aportes necesarios que conduzcan a una \u201cpropuesta m\u00e1s sensata y efectiva\u201d.<\/h3>\n<p><img decoding=\"async\" class=\"wp-image-15181 aligncenter\" src=\"https:\/\/apuntesdesanluis.com\/wp-content\/uploads\/2024\/04\/audiencia-abogados-300x218.png\" alt=\"\" width=\"604\" height=\"439\" srcset=\"https:\/\/apuntesdesanluis.com\/wp-content\/uploads\/2024\/04\/audiencia-abogados-300x218.png 300w, https:\/\/apuntesdesanluis.com\/wp-content\/uploads\/2024\/04\/audiencia-abogados.png 733w\" sizes=\"(max-width: 604px) 100vw, 604px\" \/><\/p>\n<p>&nbsp;<\/p>\n<p>&nbsp;<\/p>\n<p>&nbsp;<\/p>\n<p>&nbsp;<\/p>\n<p>&nbsp;<\/p>\n","protected":false},"excerpt":{"rendered":"<p>A trav\u00e9s de una nota ingresada al Senado de la provincia, el Colegio de Abogados&#8230;<\/p>\n","protected":false},"author":1,"featured_media":15182,"comment_status":"closed","ping_status":"closed","sticky":false,"template":"","format":"standard","meta":{"footnotes":""},"categories":[6],"tags":[],"class_list":["post-15179","post","type-post","status-publish","format-standard","has-post-thumbnail","hentry","category-ciudad-provincia"],"yoast_head":"<!-- This site is optimized with the Yoast SEO plugin v26.1.1 - https:\/\/yoast.com\/wordpress\/plugins\/seo\/ -->\n<title>FUERTE RECHAZO DEL COLEGIO DE ABOGADOS A LA ELIMINACI\u00d3N DE LA FERIA JUDICIAL - Apuntes de San Luis<\/title>\n<meta name=\"robots\" content=\"index, follow, max-snippet:-1, max-image-preview:large, max-video-preview:-1\" \/>\n<link rel=\"canonical\" href=\"https:\/\/apuntesdesanluis.com\/index.php\/2024\/04\/24\/fuerte-rechazo-del-colegio-de-abogados-a-la-eliminacion-de-la-feria-judicial\/\" \/>\n<meta property=\"og:locale\" content=\"es_ES\" \/>\n<meta property=\"og:type\" content=\"article\" \/>\n<meta property=\"og:title\" content=\"FUERTE RECHAZO DEL COLEGIO DE ABOGADOS A LA ELIMINACI\u00d3N DE LA FERIA JUDICIAL - Apuntes de San Luis\" \/>\n<meta property=\"og:description\" content=\"A trav\u00e9s de una nota ingresada al Senado de la provincia, el Colegio de Abogados...\" \/>\n<meta property=\"og:url\" content=\"https:\/\/apuntesdesanluis.com\/index.php\/2024\/04\/24\/fuerte-rechazo-del-colegio-de-abogados-a-la-eliminacion-de-la-feria-judicial\/\" \/>\n<meta property=\"og:site_name\" content=\"Apuntes de San Luis\" \/>\n<meta property=\"article:published_time\" content=\"2024-04-24T22:11:24+00:00\" \/>\n<meta property=\"article:modified_time\" content=\"2024-04-24T22:12:04+00:00\" \/>\n<meta property=\"og:image\" content=\"https:\/\/apuntesdesanluis.com\/wp-content\/uploads\/2024\/04\/colegio-abogados.png\" \/>\n\t<meta property=\"og:image:width\" content=\"600\" \/>\n\t<meta property=\"og:image:height\" content=\"372\" \/>\n\t<meta property=\"og:image:type\" content=\"image\/png\" \/>\n<meta name=\"author\" content=\"apuntesdesanluis.com\" \/>\n<meta name=\"twitter:card\" content=\"summary_large_image\" \/>\n<meta name=\"twitter:label1\" content=\"Escrito por\" \/>\n\t<meta name=\"twitter:data1\" content=\"apuntesdesanluis.com\" \/>\n\t<meta name=\"twitter:label2\" content=\"Tiempo de lectura\" \/>\n\t<meta name=\"twitter:data2\" content=\"2 minutos\" \/>\n<script type=\"application\/ld+json\" class=\"yoast-schema-graph\">{\"@context\":\"https:\/\/schema.org\",\"@graph\":[{\"@type\":\"Article\",\"@id\":\"https:\/\/apuntesdesanluis.com\/index.php\/2024\/04\/24\/fuerte-rechazo-del-colegio-de-abogados-a-la-eliminacion-de-la-feria-judicial\/#article\",\"isPartOf\":{\"@id\":\"https:\/\/apuntesdesanluis.com\/index.php\/2024\/04\/24\/fuerte-rechazo-del-colegio-de-abogados-a-la-eliminacion-de-la-feria-judicial\/\"},\"author\":{\"name\":\"apuntesdesanluis.com\",\"@id\":\"https:\/\/apuntesdesanluis.com\/#\/schema\/person\/b55151d52296fcce64d1a72538a70b90\"},\"headline\":\"FUERTE RECHAZO DEL COLEGIO DE ABOGADOS A LA ELIMINACI\u00d3N DE LA FERIA JUDICIAL\",\"datePublished\":\"2024-04-24T22:11:24+00:00\",\"dateModified\":\"2024-04-24T22:12:04+00:00\",\"mainEntityOfPage\":{\"@id\":\"https:\/\/apuntesdesanluis.com\/index.php\/2024\/04\/24\/fuerte-rechazo-del-colegio-de-abogados-a-la-eliminacion-de-la-feria-judicial\/\"},\"wordCount\":383,\"publisher\":{\"@id\":\"https:\/\/apuntesdesanluis.com\/#\/schema\/person\/b55151d52296fcce64d1a72538a70b90\"},\"image\":{\"@id\":\"https:\/\/apuntesdesanluis.com\/index.php\/2024\/04\/24\/fuerte-rechazo-del-colegio-de-abogados-a-la-eliminacion-de-la-feria-judicial\/#primaryimage\"},\"thumbnailUrl\":\"https:\/\/apuntesdesanluis.com\/wp-content\/uploads\/2024\/04\/colegio-abogados.png\",\"articleSection\":[\"Ciudad\/Provincia\"],\"inLanguage\":\"es-AR\"},{\"@type\":\"WebPage\",\"@id\":\"https:\/\/apuntesdesanluis.com\/index.php\/2024\/04\/24\/fuerte-rechazo-del-colegio-de-abogados-a-la-eliminacion-de-la-feria-judicial\/\",\"url\":\"https:\/\/apuntesdesanluis.com\/index.php\/2024\/04\/24\/fuerte-rechazo-del-colegio-de-abogados-a-la-eliminacion-de-la-feria-judicial\/\",\"name\":\"FUERTE RECHAZO DEL COLEGIO DE ABOGADOS A LA ELIMINACI\u00d3N DE LA FERIA JUDICIAL - Apuntes de San Luis\",\"isPartOf\":{\"@id\":\"https:\/\/apuntesdesanluis.com\/#website\"},\"primaryImageOfPage\":{\"@id\":\"https:\/\/apuntesdesanluis.com\/index.php\/2024\/04\/24\/fuerte-rechazo-del-colegio-de-abogados-a-la-eliminacion-de-la-feria-judicial\/#primaryimage\"},\"image\":{\"@id\":\"https:\/\/apuntesdesanluis.com\/index.php\/2024\/04\/24\/fuerte-rechazo-del-colegio-de-abogados-a-la-eliminacion-de-la-feria-judicial\/#primaryimage\"},\"thumbnailUrl\":\"https:\/\/apuntesdesanluis.com\/wp-content\/uploads\/2024\/04\/colegio-abogados.png\",\"datePublished\":\"2024-04-24T22:11:24+00:00\",\"dateModified\":\"2024-04-24T22:12:04+00:00\",\"breadcrumb\":{\"@id\":\"https:\/\/apuntesdesanluis.com\/index.php\/2024\/04\/24\/fuerte-rechazo-del-colegio-de-abogados-a-la-eliminacion-de-la-feria-judicial\/#breadcrumb\"},\"inLanguage\":\"es-AR\",\"potentialAction\":[{\"@type\":\"ReadAction\",\"target\":[\"https:\/\/apuntesdesanluis.com\/index.php\/2024\/04\/24\/fuerte-rechazo-del-colegio-de-abogados-a-la-eliminacion-de-la-feria-judicial\/\"]}]},{\"@type\":\"ImageObject\",\"inLanguage\":\"es-AR\",\"@id\":\"https:\/\/apuntesdesanluis.com\/index.php\/2024\/04\/24\/fuerte-rechazo-del-colegio-de-abogados-a-la-eliminacion-de-la-feria-judicial\/#primaryimage\",\"url\":\"https:\/\/apuntesdesanluis.com\/wp-content\/uploads\/2024\/04\/colegio-abogados.png\",\"contentUrl\":\"https:\/\/apuntesdesanluis.com\/wp-content\/uploads\/2024\/04\/colegio-abogados.png\",\"width\":600,\"height\":372},{\"@type\":\"BreadcrumbList\",\"@id\":\"https:\/\/apuntesdesanluis.com\/index.php\/2024\/04\/24\/fuerte-rechazo-del-colegio-de-abogados-a-la-eliminacion-de-la-feria-judicial\/#breadcrumb\",\"itemListElement\":[{\"@type\":\"ListItem\",\"position\":1,\"name\":\"Inicio\",\"item\":\"https:\/\/apuntesdesanluis.com\/\"},{\"@type\":\"ListItem\",\"position\":2,\"name\":\"FUERTE RECHAZO DEL COLEGIO DE ABOGADOS A LA ELIMINACI\u00d3N DE LA FERIA JUDICIAL\"}]},{\"@type\":\"WebSite\",\"@id\":\"https:\/\/apuntesdesanluis.com\/#website\",\"url\":\"https:\/\/apuntesdesanluis.com\/\",\"name\":\"Apuntes de San Luis\",\"description\":\"\",\"publisher\":{\"@id\":\"https:\/\/apuntesdesanluis.com\/#\/schema\/person\/b55151d52296fcce64d1a72538a70b90\"},\"potentialAction\":[{\"@type\":\"SearchAction\",\"target\":{\"@type\":\"EntryPoint\",\"urlTemplate\":\"https:\/\/apuntesdesanluis.com\/?s={search_term_string}\"},\"query-input\":{\"@type\":\"PropertyValueSpecification\",\"valueRequired\":true,\"valueName\":\"search_term_string\"}}],\"inLanguage\":\"es-AR\"},{\"@type\":[\"Person\",\"Organization\"],\"@id\":\"https:\/\/apuntesdesanluis.com\/#\/schema\/person\/b55151d52296fcce64d1a72538a70b90\",\"name\":\"apuntesdesanluis.com\",\"image\":{\"@type\":\"ImageObject\",\"inLanguage\":\"es-AR\",\"@id\":\"https:\/\/apuntesdesanluis.com\/#\/schema\/person\/image\/\",\"url\":\"https:\/\/apuntesdesanluis.com\/wp-content\/uploads\/2023\/07\/cropped-apuntesdesanluis.png\",\"contentUrl\":\"https:\/\/apuntesdesanluis.com\/wp-content\/uploads\/2023\/07\/cropped-apuntesdesanluis.png\",\"width\":450,\"height\":112,\"caption\":\"apuntesdesanluis.com\"},\"logo\":{\"@id\":\"https:\/\/apuntesdesanluis.com\/#\/schema\/person\/image\/\"},\"sameAs\":[\"https:\/\/apuntesdesanluis.com\"],\"url\":\"https:\/\/apuntesdesanluis.com\/index.php\/author\/apuntesdesanluis-com\/\"}]}<\/script>\n<!-- \/ Yoast SEO plugin. -->","yoast_head_json":{"title":"FUERTE RECHAZO DEL COLEGIO DE ABOGADOS A LA ELIMINACI\u00d3N DE LA FERIA JUDICIAL - Apuntes de San Luis","robots":{"index":"index","follow":"follow","max-snippet":"max-snippet:-1","max-image-preview":"max-image-preview:large","max-video-preview":"max-video-preview:-1"},"canonical":"https:\/\/apuntesdesanluis.com\/index.php\/2024\/04\/24\/fuerte-rechazo-del-colegio-de-abogados-a-la-eliminacion-de-la-feria-judicial\/","og_locale":"es_ES","og_type":"article","og_title":"FUERTE RECHAZO DEL COLEGIO DE ABOGADOS A LA ELIMINACI\u00d3N DE LA FERIA JUDICIAL - Apuntes de San Luis","og_description":"A trav\u00e9s de una nota ingresada al Senado de la provincia, el Colegio de Abogados...","og_url":"https:\/\/apuntesdesanluis.com\/index.php\/2024\/04\/24\/fuerte-rechazo-del-colegio-de-abogados-a-la-eliminacion-de-la-feria-judicial\/","og_site_name":"Apuntes de San Luis","article_published_time":"2024-04-24T22:11:24+00:00","article_modified_time":"2024-04-24T22:12:04+00:00","og_image":[{"width":600,"height":372,"url":"https:\/\/apuntesdesanluis.com\/wp-content\/uploads\/2024\/04\/colegio-abogados.png","type":"image\/png"}],"author":"apuntesdesanluis.com","twitter_card":"summary_large_image","twitter_misc":{"Escrito por":"apuntesdesanluis.com","Tiempo de lectura":"2 minutos"},"schema":{"@context":"https:\/\/schema.org","@graph":[{"@type":"Article","@id":"https:\/\/apuntesdesanluis.com\/index.php\/2024\/04\/24\/fuerte-rechazo-del-colegio-de-abogados-a-la-eliminacion-de-la-feria-judicial\/#article","isPartOf":{"@id":"https:\/\/apuntesdesanluis.com\/index.php\/2024\/04\/24\/fuerte-rechazo-del-colegio-de-abogados-a-la-eliminacion-de-la-feria-judicial\/"},"author":{"name":"apuntesdesanluis.com","@id":"https:\/\/apuntesdesanluis.com\/#\/schema\/person\/b55151d52296fcce64d1a72538a70b90"},"headline":"FUERTE RECHAZO DEL COLEGIO DE ABOGADOS A LA ELIMINACI\u00d3N DE LA FERIA JUDICIAL","datePublished":"2024-04-24T22:11:24+00:00","dateModified":"2024-04-24T22:12:04+00:00","mainEntityOfPage":{"@id":"https:\/\/apuntesdesanluis.com\/index.php\/2024\/04\/24\/fuerte-rechazo-del-colegio-de-abogados-a-la-eliminacion-de-la-feria-judicial\/"},"wordCount":383,"publisher":{"@id":"https:\/\/apuntesdesanluis.com\/#\/schema\/person\/b55151d52296fcce64d1a72538a70b90"},"image":{"@id":"https:\/\/apuntesdesanluis.com\/index.php\/2024\/04\/24\/fuerte-rechazo-del-colegio-de-abogados-a-la-eliminacion-de-la-feria-judicial\/#primaryimage"},"thumbnailUrl":"https:\/\/apuntesdesanluis.com\/wp-content\/uploads\/2024\/04\/colegio-abogados.png","articleSection":["Ciudad\/Provincia"],"inLanguage":"es-AR"},{"@type":"WebPage","@id":"https:\/\/apuntesdesanluis.com\/index.php\/2024\/04\/24\/fuerte-rechazo-del-colegio-de-abogados-a-la-eliminacion-de-la-feria-judicial\/","url":"https:\/\/apuntesdesanluis.com\/index.php\/2024\/04\/24\/fuerte-rechazo-del-colegio-de-abogados-a-la-eliminacion-de-la-feria-judicial\/","name":"FUERTE RECHAZO DEL COLEGIO DE ABOGADOS A LA ELIMINACI\u00d3N DE LA FERIA JUDICIAL - Apuntes de San Luis","isPartOf":{"@id":"https:\/\/apuntesdesanluis.com\/#website"},"primaryImageOfPage":{"@id":"https:\/\/apuntesdesanluis.com\/index.php\/2024\/04\/24\/fuerte-rechazo-del-colegio-de-abogados-a-la-eliminacion-de-la-feria-judicial\/#primaryimage"},"image":{"@id":"https:\/\/apuntesdesanluis.com\/index.php\/2024\/04\/24\/fuerte-rechazo-del-colegio-de-abogados-a-la-eliminacion-de-la-feria-judicial\/#primaryimage"},"thumbnailUrl":"https:\/\/apuntesdesanluis.com\/wp-content\/uploads\/2024\/04\/colegio-abogados.png","datePublished":"2024-04-24T22:11:24+00:00","dateModified":"2024-04-24T22:12:04+00:00","breadcrumb":{"@id":"https:\/\/apuntesdesanluis.com\/index.php\/2024\/04\/24\/fuerte-rechazo-del-colegio-de-abogados-a-la-eliminacion-de-la-feria-judicial\/#breadcrumb"},"inLanguage":"es-AR","potentialAction":[{"@type":"ReadAction","target":["https:\/\/apuntesdesanluis.com\/index.php\/2024\/04\/24\/fuerte-rechazo-del-colegio-de-abogados-a-la-eliminacion-de-la-feria-judicial\/"]}]},{"@type":"ImageObject","inLanguage":"es-AR","@id":"https:\/\/apuntesdesanluis.com\/index.php\/2024\/04\/24\/fuerte-rechazo-del-colegio-de-abogados-a-la-eliminacion-de-la-feria-judicial\/#primaryimage","url":"https:\/\/apuntesdesanluis.com\/wp-content\/uploads\/2024\/04\/colegio-abogados.png","contentUrl":"https:\/\/apuntesdesanluis.com\/wp-content\/uploads\/2024\/04\/colegio-abogados.png","width":600,"height":372},{"@type":"BreadcrumbList","@id":"https:\/\/apuntesdesanluis.com\/index.php\/2024\/04\/24\/fuerte-rechazo-del-colegio-de-abogados-a-la-eliminacion-de-la-feria-judicial\/#breadcrumb","itemListElement":[{"@type":"ListItem","position":1,"name":"Inicio","item":"https:\/\/apuntesdesanluis.com\/"},{"@type":"ListItem","position":2,"name":"FUERTE RECHAZO DEL COLEGIO DE ABOGADOS A LA ELIMINACI\u00d3N DE LA FERIA JUDICIAL"}]},{"@type":"WebSite","@id":"https:\/\/apuntesdesanluis.com\/#website","url":"https:\/\/apuntesdesanluis.com\/","name":"Apuntes de San Luis","description":"","publisher":{"@id":"https:\/\/apuntesdesanluis.com\/#\/schema\/person\/b55151d52296fcce64d1a72538a70b90"},"potentialAction":[{"@type":"SearchAction","target":{"@type":"EntryPoint","urlTemplate":"https:\/\/apuntesdesanluis.com\/?s={search_term_string}"},"query-input":{"@type":"PropertyValueSpecification","valueRequired":true,"valueName":"search_term_string"}}],"inLanguage":"es-AR"},{"@type":["Person","Organization"],"@id":"https:\/\/apuntesdesanluis.com\/#\/schema\/person\/b55151d52296fcce64d1a72538a70b90","name":"apuntesdesanluis.com","image":{"@type":"ImageObject","inLanguage":"es-AR","@id":"https:\/\/apuntesdesanluis.com\/#\/schema\/person\/image\/","url":"https:\/\/apuntesdesanluis.com\/wp-content\/uploads\/2023\/07\/cropped-apuntesdesanluis.png","contentUrl":"https:\/\/apuntesdesanluis.com\/wp-content\/uploads\/2023\/07\/cropped-apuntesdesanluis.png","width":450,"height":112,"caption":"apuntesdesanluis.com"},"logo":{"@id":"https:\/\/apuntesdesanluis.com\/#\/schema\/person\/image\/"},"sameAs":["https:\/\/apuntesdesanluis.com"],"url":"https:\/\/apuntesdesanluis.com\/index.php\/author\/apuntesdesanluis-com\/"}]}},"featured_image_urls":{"full":["https:\/\/apuntesdesanluis.com\/wp-content\/uploads\/2024\/04\/colegio-abogados.png",600,372,false],"thumbnail":["https:\/\/apuntesdesanluis.com\/wp-content\/uploads\/2024\/04\/colegio-abogados-150x150.png",150,150,true],"medium":["https:\/\/apuntesdesanluis.com\/wp-content\/uploads\/2024\/04\/colegio-abogados-300x186.png",300,186,true],"medium_large":["https:\/\/apuntesdesanluis.com\/wp-content\/uploads\/2024\/04\/colegio-abogados.png",600,372,false],"large":["https:\/\/apuntesdesanluis.com\/wp-content\/uploads\/2024\/04\/colegio-abogados.png",600,372,false],"1536x1536":["https:\/\/apuntesdesanluis.com\/wp-content\/uploads\/2024\/04\/colegio-abogados.png",600,372,false],"2048x2048":["https:\/\/apuntesdesanluis.com\/wp-content\/uploads\/2024\/04\/colegio-abogados.png",600,372,false],"newsever-slider-full":["https:\/\/apuntesdesanluis.com\/wp-content\/uploads\/2024\/04\/colegio-abogados.png",600,372,false],"newsever-featured":["https:\/\/apuntesdesanluis.com\/wp-content\/uploads\/2024\/04\/colegio-abogados.png",600,372,false],"newsever-medium":["https:\/\/apuntesdesanluis.com\/wp-content\/uploads\/2024\/04\/colegio-abogados.png",600,372,false]},"author_info":{"display_name":"apuntesdesanluis.com","author_link":"https:\/\/apuntesdesanluis.com\/index.php\/author\/apuntesdesanluis-com\/"},"category_info":"<a href=\"https:\/\/apuntesdesanluis.com\/index.php\/category\/ciudad-provincia\/\" rel=\"category tag\">Ciudad\/Provincia<\/a>","tag_info":"Ciudad\/Provincia","comment_count":"0","_links":{"self":[{"href":"https:\/\/apuntesdesanluis.com\/index.php\/wp-json\/wp\/v2\/posts\/15179","targetHints":{"allow":["GET"]}}],"collection":[{"href":"https:\/\/apuntesdesanluis.com\/index.php\/wp-json\/wp\/v2\/posts"}],"about":[{"href":"https:\/\/apuntesdesanluis.com\/index.php\/wp-json\/wp\/v2\/types\/post"}],"author":[{"embeddable":true,"href":"https:\/\/apuntesdesanluis.com\/index.php\/wp-json\/wp\/v2\/users\/1"}],"replies":[{"embeddable":true,"href":"https:\/\/apuntesdesanluis.com\/index.php\/wp-json\/wp\/v2\/comments?post=15179"}],"version-history":[{"count":3,"href":"https:\/\/apuntesdesanluis.com\/index.php\/wp-json\/wp\/v2\/posts\/15179\/revisions"}],"predecessor-version":[{"id":15185,"href":"https:\/\/apuntesdesanluis.com\/index.php\/wp-json\/wp\/v2\/posts\/15179\/revisions\/15185"}],"wp:featuredmedia":[{"embeddable":true,"href":"https:\/\/apuntesdesanluis.com\/index.php\/wp-json\/wp\/v2\/media\/15182"}],"wp:attachment":[{"href":"https:\/\/apuntesdesanluis.com\/index.php\/wp-json\/wp\/v2\/media?parent=15179"}],"wp:term":[{"taxonomy":"category","embeddable":true,"href":"https:\/\/apuntesdesanluis.com\/index.php\/wp-json\/wp\/v2\/categories?post=15179"},{"taxonomy":"post_tag","embeddable":true,"href":"https:\/\/apuntesdesanluis.com\/index.php\/wp-json\/wp\/v2\/tags?post=15179"}],"curies":[{"name":"wp","href":"https:\/\/api.w.org\/{rel}","templated":true}]}}