{"id":15186,"date":"2024-04-24T19:27:51","date_gmt":"2024-04-24T22:27:51","guid":{"rendered":"https:\/\/apuntesdesanluis.com\/?p=15186"},"modified":"2024-04-24T19:27:51","modified_gmt":"2024-04-24T22:27:51","slug":"invitan-a-conversatorio-sobre-maltrato-infantil","status":"publish","type":"post","link":"https:\/\/apuntesdesanluis.com\/index.php\/2024\/04\/24\/invitan-a-conversatorio-sobre-maltrato-infantil\/","title":{"rendered":"INVITAN A CONVERSATORIO SOBRE MALTRATO INFANTIL"},"content":{"rendered":"<h3>Participar\u00e1n integrantes del Poder Judicial y se realizar\u00e1 en la Municipalidad de Villa Mercedes.<\/h3>\n<h3>Este jueves 25 de abril, en el marco del D\u00eda Internacional de la Lucha contra el Maltrato Infantil, se desarrollar\u00e1 el conversatorio <strong>\u201cInfancias Libres de Violencias\u201d.<\/strong><\/h3>\n<h3>La actividad tendr\u00e1 lugar en el Sal\u00f3n Azul del edificio municipal a partir de las 17:00 hs y es organizada por la Secretaria de Desarrollo Social, de la Familia, de la Mujer, de la Infancia y la Adolescencia, de los Adultos Mayores y de la Discapacidad de la Municipalidad de Villa Mercedes.<\/h3>\n<h3>Desde la instituci\u00f3n judicial participar\u00e1n la Lic. Anal\u00eda \u00c1valos \u2013Integrante de C\u00e1mara Gesell- y el Dr. Diego Nievas -Secretario del \u00c1rea de Despacho de Violencia Penal Juvenil del Juzgado de Familia, Ni\u00f1ez, Adolescencia y Violencia-, ambos de la Segunda Circunscripci\u00f3n Judicial.<\/h3>\n<h3>Tambi\u00e9n disertar\u00e1n la Lic. Florencia De Haro \u2013integrante de la Sub-Secretar\u00eda de la Mujer- y el Comisario Gast\u00f3n Altamirano -Comisar\u00eda de Atenci\u00f3n a la Ni\u00f1ez, Adolescencia y Familia (CANAF)-.<\/h3>\n<h3>Cabe mencionar que este conversatorio fue \u201cdeclarado\u00a0 de inter\u00e9s acad\u00e9mico\u201d por la\u00a0 Escuela de Especializaci\u00f3n para Magistrados y Funcionarios y de Capacitaci\u00f3n para el Personal Judicial \u201cDr. Juan Cris\u00f3stomo Lafinur\u201d mediante resoluci\u00f3n N\u00b016 \u2013 ADM 16026\/24.<\/h3>\n<p><img fetchpriority=\"high\" decoding=\"async\" class=\"wp-image-15188 aligncenter\" src=\"https:\/\/apuntesdesanluis.com\/wp-content\/uploads\/2024\/04\/malt.-inf-194x300.png\" alt=\"\" width=\"545\" height=\"843\" srcset=\"https:\/\/apuntesdesanluis.com\/wp-content\/uploads\/2024\/04\/malt.-inf-194x300.png 194w, https:\/\/apuntesdesanluis.com\/wp-content\/uploads\/2024\/04\/malt.-inf.png 568w\" sizes=\"(max-width: 545px) 100vw, 545px\" \/><\/p>\n<p>&nbsp;<\/p>\n<p>&nbsp;<\/p>\n<p>&nbsp;<\/p>\n<p>&nbsp;<\/p>\n<p>&nbsp;<\/p>\n<p>&nbsp;<\/p>\n<p>&nbsp;<\/p>\n","protected":false},"excerpt":{"rendered":"<p>Participar\u00e1n integrantes del Poder Judicial y se realizar\u00e1 en la Municipalidad de Villa Mercedes. Este&#8230;<\/p>\n","protected":false},"author":1,"featured_media":15187,"comment_status":"closed","ping_status":"closed","sticky":false,"template":"","format":"standard","meta":{"footnotes":""},"categories":[6],"tags":[],"class_list":["post-15186","post","type-post","status-publish","format-standard","has-post-thumbnail","hentry","category-ciudad-provincia"],"yoast_head":"<!-- This site is optimized with the Yoast SEO plugin v26.1.1 - https:\/\/yoast.com\/wordpress\/plugins\/seo\/ -->\n<title>INVITAN A CONVERSATORIO SOBRE MALTRATO INFANTIL - Apuntes de San Luis<\/title>\n<meta name=\"robots\" content=\"index, follow, max-snippet:-1, max-image-preview:large, max-video-preview:-1\" \/>\n<link rel=\"canonical\" href=\"https:\/\/apuntesdesanluis.com\/index.php\/2024\/04\/24\/invitan-a-conversatorio-sobre-maltrato-infantil\/\" \/>\n<meta property=\"og:locale\" content=\"es_ES\" \/>\n<meta property=\"og:type\" content=\"article\" \/>\n<meta property=\"og:title\" content=\"INVITAN A CONVERSATORIO SOBRE MALTRATO INFANTIL - Apuntes de San Luis\" \/>\n<meta property=\"og:description\" content=\"Participar\u00e1n integrantes del Poder Judicial y se realizar\u00e1 en la Municipalidad de Villa Mercedes. Este...\" \/>\n<meta property=\"og:url\" content=\"https:\/\/apuntesdesanluis.com\/index.php\/2024\/04\/24\/invitan-a-conversatorio-sobre-maltrato-infantil\/\" \/>\n<meta property=\"og:site_name\" content=\"Apuntes de San Luis\" \/>\n<meta property=\"article:published_time\" content=\"2024-04-24T22:27:51+00:00\" \/>\n<meta property=\"og:image\" content=\"https:\/\/apuntesdesanluis.com\/wp-content\/uploads\/2024\/04\/maltrato-infantil.png\" \/>\n\t<meta property=\"og:image:width\" content=\"600\" \/>\n\t<meta property=\"og:image:height\" content=\"359\" \/>\n\t<meta property=\"og:image:type\" content=\"image\/png\" \/>\n<meta name=\"author\" content=\"apuntesdesanluis.com\" \/>\n<meta name=\"twitter:card\" content=\"summary_large_image\" \/>\n<meta name=\"twitter:label1\" content=\"Escrito por\" \/>\n\t<meta name=\"twitter:data1\" content=\"apuntesdesanluis.com\" \/>\n\t<meta name=\"twitter:label2\" content=\"Tiempo de lectura\" \/>\n\t<meta name=\"twitter:data2\" content=\"2 minutos\" \/>\n<script type=\"application\/ld+json\" class=\"yoast-schema-graph\">{\"@context\":\"https:\/\/schema.org\",\"@graph\":[{\"@type\":\"Article\",\"@id\":\"https:\/\/apuntesdesanluis.com\/index.php\/2024\/04\/24\/invitan-a-conversatorio-sobre-maltrato-infantil\/#article\",\"isPartOf\":{\"@id\":\"https:\/\/apuntesdesanluis.com\/index.php\/2024\/04\/24\/invitan-a-conversatorio-sobre-maltrato-infantil\/\"},\"author\":{\"name\":\"apuntesdesanluis.com\",\"@id\":\"https:\/\/apuntesdesanluis.com\/#\/schema\/person\/b55151d52296fcce64d1a72538a70b90\"},\"headline\":\"INVITAN A CONVERSATORIO SOBRE MALTRATO INFANTIL\",\"datePublished\":\"2024-04-24T22:27:51+00:00\",\"mainEntityOfPage\":{\"@id\":\"https:\/\/apuntesdesanluis.com\/index.php\/2024\/04\/24\/invitan-a-conversatorio-sobre-maltrato-infantil\/\"},\"wordCount\":230,\"publisher\":{\"@id\":\"https:\/\/apuntesdesanluis.com\/#\/schema\/person\/b55151d52296fcce64d1a72538a70b90\"},\"image\":{\"@id\":\"https:\/\/apuntesdesanluis.com\/index.php\/2024\/04\/24\/invitan-a-conversatorio-sobre-maltrato-infantil\/#primaryimage\"},\"thumbnailUrl\":\"https:\/\/apuntesdesanluis.com\/wp-content\/uploads\/2024\/04\/maltrato-infantil.png\",\"articleSection\":[\"Ciudad\/Provincia\"],\"inLanguage\":\"es-AR\"},{\"@type\":\"WebPage\",\"@id\":\"https:\/\/apuntesdesanluis.com\/index.php\/2024\/04\/24\/invitan-a-conversatorio-sobre-maltrato-infantil\/\",\"url\":\"https:\/\/apuntesdesanluis.com\/index.php\/2024\/04\/24\/invitan-a-conversatorio-sobre-maltrato-infantil\/\",\"name\":\"INVITAN A CONVERSATORIO SOBRE MALTRATO INFANTIL - Apuntes de San Luis\",\"isPartOf\":{\"@id\":\"https:\/\/apuntesdesanluis.com\/#website\"},\"primaryImageOfPage\":{\"@id\":\"https:\/\/apuntesdesanluis.com\/index.php\/2024\/04\/24\/invitan-a-conversatorio-sobre-maltrato-infantil\/#primaryimage\"},\"image\":{\"@id\":\"https:\/\/apuntesdesanluis.com\/index.php\/2024\/04\/24\/invitan-a-conversatorio-sobre-maltrato-infantil\/#primaryimage\"},\"thumbnailUrl\":\"https:\/\/apuntesdesanluis.com\/wp-content\/uploads\/2024\/04\/maltrato-infantil.png\",\"datePublished\":\"2024-04-24T22:27:51+00:00\",\"breadcrumb\":{\"@id\":\"https:\/\/apuntesdesanluis.com\/index.php\/2024\/04\/24\/invitan-a-conversatorio-sobre-maltrato-infantil\/#breadcrumb\"},\"inLanguage\":\"es-AR\",\"potentialAction\":[{\"@type\":\"ReadAction\",\"target\":[\"https:\/\/apuntesdesanluis.com\/index.php\/2024\/04\/24\/invitan-a-conversatorio-sobre-maltrato-infantil\/\"]}]},{\"@type\":\"ImageObject\",\"inLanguage\":\"es-AR\",\"@id\":\"https:\/\/apuntesdesanluis.com\/index.php\/2024\/04\/24\/invitan-a-conversatorio-sobre-maltrato-infantil\/#primaryimage\",\"url\":\"https:\/\/apuntesdesanluis.com\/wp-content\/uploads\/2024\/04\/maltrato-infantil.png\",\"contentUrl\":\"https:\/\/apuntesdesanluis.com\/wp-content\/uploads\/2024\/04\/maltrato-infantil.png\",\"width\":600,\"height\":359},{\"@type\":\"BreadcrumbList\",\"@id\":\"https:\/\/apuntesdesanluis.com\/index.php\/2024\/04\/24\/invitan-a-conversatorio-sobre-maltrato-infantil\/#breadcrumb\",\"itemListElement\":[{\"@type\":\"ListItem\",\"position\":1,\"name\":\"Inicio\",\"item\":\"https:\/\/apuntesdesanluis.com\/\"},{\"@type\":\"ListItem\",\"position\":2,\"name\":\"INVITAN A CONVERSATORIO SOBRE MALTRATO INFANTIL\"}]},{\"@type\":\"WebSite\",\"@id\":\"https:\/\/apuntesdesanluis.com\/#website\",\"url\":\"https:\/\/apuntesdesanluis.com\/\",\"name\":\"Apuntes de San Luis\",\"description\":\"\",\"publisher\":{\"@id\":\"https:\/\/apuntesdesanluis.com\/#\/schema\/person\/b55151d52296fcce64d1a72538a70b90\"},\"potentialAction\":[{\"@type\":\"SearchAction\",\"target\":{\"@type\":\"EntryPoint\",\"urlTemplate\":\"https:\/\/apuntesdesanluis.com\/?s={search_term_string}\"},\"query-input\":{\"@type\":\"PropertyValueSpecification\",\"valueRequired\":true,\"valueName\":\"search_term_string\"}}],\"inLanguage\":\"es-AR\"},{\"@type\":[\"Person\",\"Organization\"],\"@id\":\"https:\/\/apuntesdesanluis.com\/#\/schema\/person\/b55151d52296fcce64d1a72538a70b90\",\"name\":\"apuntesdesanluis.com\",\"image\":{\"@type\":\"ImageObject\",\"inLanguage\":\"es-AR\",\"@id\":\"https:\/\/apuntesdesanluis.com\/#\/schema\/person\/image\/\",\"url\":\"https:\/\/apuntesdesanluis.com\/wp-content\/uploads\/2023\/07\/cropped-apuntesdesanluis.png\",\"contentUrl\":\"https:\/\/apuntesdesanluis.com\/wp-content\/uploads\/2023\/07\/cropped-apuntesdesanluis.png\",\"width\":450,\"height\":112,\"caption\":\"apuntesdesanluis.com\"},\"logo\":{\"@id\":\"https:\/\/apuntesdesanluis.com\/#\/schema\/person\/image\/\"},\"sameAs\":[\"https:\/\/apuntesdesanluis.com\"],\"url\":\"https:\/\/apuntesdesanluis.com\/index.php\/author\/apuntesdesanluis-com\/\"}]}<\/script>\n<!-- \/ Yoast SEO plugin. -->","yoast_head_json":{"title":"INVITAN A CONVERSATORIO SOBRE MALTRATO INFANTIL - Apuntes de San Luis","robots":{"index":"index","follow":"follow","max-snippet":"max-snippet:-1","max-image-preview":"max-image-preview:large","max-video-preview":"max-video-preview:-1"},"canonical":"https:\/\/apuntesdesanluis.com\/index.php\/2024\/04\/24\/invitan-a-conversatorio-sobre-maltrato-infantil\/","og_locale":"es_ES","og_type":"article","og_title":"INVITAN A CONVERSATORIO SOBRE MALTRATO INFANTIL - Apuntes de San Luis","og_description":"Participar\u00e1n integrantes del Poder Judicial y se realizar\u00e1 en la Municipalidad de Villa Mercedes. Este...","og_url":"https:\/\/apuntesdesanluis.com\/index.php\/2024\/04\/24\/invitan-a-conversatorio-sobre-maltrato-infantil\/","og_site_name":"Apuntes de San Luis","article_published_time":"2024-04-24T22:27:51+00:00","og_image":[{"width":600,"height":359,"url":"https:\/\/apuntesdesanluis.com\/wp-content\/uploads\/2024\/04\/maltrato-infantil.png","type":"image\/png"}],"author":"apuntesdesanluis.com","twitter_card":"summary_large_image","twitter_misc":{"Escrito por":"apuntesdesanluis.com","Tiempo de lectura":"2 minutos"},"schema":{"@context":"https:\/\/schema.org","@graph":[{"@type":"Article","@id":"https:\/\/apuntesdesanluis.com\/index.php\/2024\/04\/24\/invitan-a-conversatorio-sobre-maltrato-infantil\/#article","isPartOf":{"@id":"https:\/\/apuntesdesanluis.com\/index.php\/2024\/04\/24\/invitan-a-conversatorio-sobre-maltrato-infantil\/"},"author":{"name":"apuntesdesanluis.com","@id":"https:\/\/apuntesdesanluis.com\/#\/schema\/person\/b55151d52296fcce64d1a72538a70b90"},"headline":"INVITAN A CONVERSATORIO SOBRE MALTRATO INFANTIL","datePublished":"2024-04-24T22:27:51+00:00","mainEntityOfPage":{"@id":"https:\/\/apuntesdesanluis.com\/index.php\/2024\/04\/24\/invitan-a-conversatorio-sobre-maltrato-infantil\/"},"wordCount":230,"publisher":{"@id":"https:\/\/apuntesdesanluis.com\/#\/schema\/person\/b55151d52296fcce64d1a72538a70b90"},"image":{"@id":"https:\/\/apuntesdesanluis.com\/index.php\/2024\/04\/24\/invitan-a-conversatorio-sobre-maltrato-infantil\/#primaryimage"},"thumbnailUrl":"https:\/\/apuntesdesanluis.com\/wp-content\/uploads\/2024\/04\/maltrato-infantil.png","articleSection":["Ciudad\/Provincia"],"inLanguage":"es-AR"},{"@type":"WebPage","@id":"https:\/\/apuntesdesanluis.com\/index.php\/2024\/04\/24\/invitan-a-conversatorio-sobre-maltrato-infantil\/","url":"https:\/\/apuntesdesanluis.com\/index.php\/2024\/04\/24\/invitan-a-conversatorio-sobre-maltrato-infantil\/","name":"INVITAN A CONVERSATORIO SOBRE MALTRATO INFANTIL - Apuntes de San Luis","isPartOf":{"@id":"https:\/\/apuntesdesanluis.com\/#website"},"primaryImageOfPage":{"@id":"https:\/\/apuntesdesanluis.com\/index.php\/2024\/04\/24\/invitan-a-conversatorio-sobre-maltrato-infantil\/#primaryimage"},"image":{"@id":"https:\/\/apuntesdesanluis.com\/index.php\/2024\/04\/24\/invitan-a-conversatorio-sobre-maltrato-infantil\/#primaryimage"},"thumbnailUrl":"https:\/\/apuntesdesanluis.com\/wp-content\/uploads\/2024\/04\/maltrato-infantil.png","datePublished":"2024-04-24T22:27:51+00:00","breadcrumb":{"@id":"https:\/\/apuntesdesanluis.com\/index.php\/2024\/04\/24\/invitan-a-conversatorio-sobre-maltrato-infantil\/#breadcrumb"},"inLanguage":"es-AR","potentialAction":[{"@type":"ReadAction","target":["https:\/\/apuntesdesanluis.com\/index.php\/2024\/04\/24\/invitan-a-conversatorio-sobre-maltrato-infantil\/"]}]},{"@type":"ImageObject","inLanguage":"es-AR","@id":"https:\/\/apuntesdesanluis.com\/index.php\/2024\/04\/24\/invitan-a-conversatorio-sobre-maltrato-infantil\/#primaryimage","url":"https:\/\/apuntesdesanluis.com\/wp-content\/uploads\/2024\/04\/maltrato-infantil.png","contentUrl":"https:\/\/apuntesdesanluis.com\/wp-content\/uploads\/2024\/04\/maltrato-infantil.png","width":600,"height":359},{"@type":"BreadcrumbList","@id":"https:\/\/apuntesdesanluis.com\/index.php\/2024\/04\/24\/invitan-a-conversatorio-sobre-maltrato-infantil\/#breadcrumb","itemListElement":[{"@type":"ListItem","position":1,"name":"Inicio","item":"https:\/\/apuntesdesanluis.com\/"},{"@type":"ListItem","position":2,"name":"INVITAN A CONVERSATORIO SOBRE MALTRATO INFANTIL"}]},{"@type":"WebSite","@id":"https:\/\/apuntesdesanluis.com\/#website","url":"https:\/\/apuntesdesanluis.com\/","name":"Apuntes de San Luis","description":"","publisher":{"@id":"https:\/\/apuntesdesanluis.com\/#\/schema\/person\/b55151d52296fcce64d1a72538a70b90"},"potentialAction":[{"@type":"SearchAction","target":{"@type":"EntryPoint","urlTemplate":"https:\/\/apuntesdesanluis.com\/?s={search_term_string}"},"query-input":{"@type":"PropertyValueSpecification","valueRequired":true,"valueName":"search_term_string"}}],"inLanguage":"es-AR"},{"@type":["Person","Organization"],"@id":"https:\/\/apuntesdesanluis.com\/#\/schema\/person\/b55151d52296fcce64d1a72538a70b90","name":"apuntesdesanluis.com","image":{"@type":"ImageObject","inLanguage":"es-AR","@id":"https:\/\/apuntesdesanluis.com\/#\/schema\/person\/image\/","url":"https:\/\/apuntesdesanluis.com\/wp-content\/uploads\/2023\/07\/cropped-apuntesdesanluis.png","contentUrl":"https:\/\/apuntesdesanluis.com\/wp-content\/uploads\/2023\/07\/cropped-apuntesdesanluis.png","width":450,"height":112,"caption":"apuntesdesanluis.com"},"logo":{"@id":"https:\/\/apuntesdesanluis.com\/#\/schema\/person\/image\/"},"sameAs":["https:\/\/apuntesdesanluis.com"],"url":"https:\/\/apuntesdesanluis.com\/index.php\/author\/apuntesdesanluis-com\/"}]}},"featured_image_urls":{"full":["https:\/\/apuntesdesanluis.com\/wp-content\/uploads\/2024\/04\/maltrato-infantil.png",600,359,false],"thumbnail":["https:\/\/apuntesdesanluis.com\/wp-content\/uploads\/2024\/04\/maltrato-infantil-150x150.png",150,150,true],"medium":["https:\/\/apuntesdesanluis.com\/wp-content\/uploads\/2024\/04\/maltrato-infantil-300x180.png",300,180,true],"medium_large":["https:\/\/apuntesdesanluis.com\/wp-content\/uploads\/2024\/04\/maltrato-infantil.png",600,359,false],"large":["https:\/\/apuntesdesanluis.com\/wp-content\/uploads\/2024\/04\/maltrato-infantil.png",600,359,false],"1536x1536":["https:\/\/apuntesdesanluis.com\/wp-content\/uploads\/2024\/04\/maltrato-infantil.png",600,359,false],"2048x2048":["https:\/\/apuntesdesanluis.com\/wp-content\/uploads\/2024\/04\/maltrato-infantil.png",600,359,false],"newsever-slider-full":["https:\/\/apuntesdesanluis.com\/wp-content\/uploads\/2024\/04\/maltrato-infantil.png",600,359,false],"newsever-featured":["https:\/\/apuntesdesanluis.com\/wp-content\/uploads\/2024\/04\/maltrato-infantil.png",600,359,false],"newsever-medium":["https:\/\/apuntesdesanluis.com\/wp-content\/uploads\/2024\/04\/maltrato-infantil.png",600,359,false]},"author_info":{"display_name":"apuntesdesanluis.com","author_link":"https:\/\/apuntesdesanluis.com\/index.php\/author\/apuntesdesanluis-com\/"},"category_info":"<a href=\"https:\/\/apuntesdesanluis.com\/index.php\/category\/ciudad-provincia\/\" rel=\"category tag\">Ciudad\/Provincia<\/a>","tag_info":"Ciudad\/Provincia","comment_count":"0","_links":{"self":[{"href":"https:\/\/apuntesdesanluis.com\/index.php\/wp-json\/wp\/v2\/posts\/15186","targetHints":{"allow":["GET"]}}],"collection":[{"href":"https:\/\/apuntesdesanluis.com\/index.php\/wp-json\/wp\/v2\/posts"}],"about":[{"href":"https:\/\/apuntesdesanluis.com\/index.php\/wp-json\/wp\/v2\/types\/post"}],"author":[{"embeddable":true,"href":"https:\/\/apuntesdesanluis.com\/index.php\/wp-json\/wp\/v2\/users\/1"}],"replies":[{"embeddable":true,"href":"https:\/\/apuntesdesanluis.com\/index.php\/wp-json\/wp\/v2\/comments?post=15186"}],"version-history":[{"count":1,"href":"https:\/\/apuntesdesanluis.com\/index.php\/wp-json\/wp\/v2\/posts\/15186\/revisions"}],"predecessor-version":[{"id":15189,"href":"https:\/\/apuntesdesanluis.com\/index.php\/wp-json\/wp\/v2\/posts\/15186\/revisions\/15189"}],"wp:featuredmedia":[{"embeddable":true,"href":"https:\/\/apuntesdesanluis.com\/index.php\/wp-json\/wp\/v2\/media\/15187"}],"wp:attachment":[{"href":"https:\/\/apuntesdesanluis.com\/index.php\/wp-json\/wp\/v2\/media?parent=15186"}],"wp:term":[{"taxonomy":"category","embeddable":true,"href":"https:\/\/apuntesdesanluis.com\/index.php\/wp-json\/wp\/v2\/categories?post=15186"},{"taxonomy":"post_tag","embeddable":true,"href":"https:\/\/apuntesdesanluis.com\/index.php\/wp-json\/wp\/v2\/tags?post=15186"}],"curies":[{"name":"wp","href":"https:\/\/api.w.org\/{rel}","templated":true}]}}