{"id":15198,"date":"2024-04-24T20:52:16","date_gmt":"2024-04-24T23:52:16","guid":{"rendered":"https:\/\/apuntesdesanluis.com\/?p=15198"},"modified":"2024-04-24T20:52:16","modified_gmt":"2024-04-24T23:52:16","slug":"el-gobierno-cambio-el-negociador-con-las-universidades-por-el-impacto-de-la-marcha","status":"publish","type":"post","link":"https:\/\/apuntesdesanluis.com\/index.php\/2024\/04\/24\/el-gobierno-cambio-el-negociador-con-las-universidades-por-el-impacto-de-la-marcha\/","title":{"rendered":"EL GOBIERNO CAMBI\u00d3 EL NEGOCIADOR CON LAS UNIVERSIDADES POR EL IMPACTO DE LA MARCHA"},"content":{"rendered":"<h3>Por <strong>Jaime Rosemberg *<\/strong><\/h3>\n<h3><img fetchpriority=\"high\" decoding=\"async\" class=\"wp-image-15205 aligncenter\" src=\"https:\/\/apuntesdesanluis.com\/wp-content\/uploads\/2024\/04\/jaime-rosemberg-300x272.png\" alt=\"\" width=\"499\" height=\"452\" srcset=\"https:\/\/apuntesdesanluis.com\/wp-content\/uploads\/2024\/04\/jaime-rosemberg-300x272.png 300w, https:\/\/apuntesdesanluis.com\/wp-content\/uploads\/2024\/04\/jaime-rosemberg.png 442w\" sizes=\"(max-width: 499px) 100vw, 499px\" \/><\/h3>\n<h3><\/h3>\n<h3>M\u00e1s all\u00e1 de las declaraciones p\u00fablicas, el gobierno de <strong>Javier Milei<\/strong> acus\u00f3 el golpe luego de la multitudinaria marcha universitaria del martes 23 en reclamo de mayor presupuesto para la educaci\u00f3n p\u00fablica, del que participaron estudiantes, agrupaciones pol\u00edticas y gremiales. \u201cFue masivo, es indiscutible; el reclamo existe, aunque no vamos a cerrar ni podemos cerrar las universidades p\u00fablicas; hoy festejan ellos\u201d, reconocieron en la Casa Rosada.<\/h3>\n<h3>La autocr\u00edtica a puertas cerradas contradice los mensajes p\u00fablicos del presidente Javier Milei, que volvi\u00f3 a relativizar la marcha e insisti\u00f3 con los cuestionamientos contra las figuras pol\u00edticas de la protesta. Los cambios, de cara al futuro, ya se definieron: seg\u00fan pudo saber LA NACION, el secretario de Educaci\u00f3n, Carlos Torrendell, ser\u00e1 de ahora en m\u00e1s la cabeza de la negociaci\u00f3n con los rectores, en vez del subsecretario de Pol\u00edticas Universitarias, Alejandro \u00c1lvarez.<\/h3>\n<h3><strong>CORTOCIRCUITO EN EL RELATO LIBERTARIO<\/strong><\/h3>\n<h3>Ante la masividad del reclamo, afloran en el Gobierno dos posturas bien diferenciadas. Una, que incluye a varios de los referentes m\u00e1s cercanos al Presidente, es la de redoblar la apuesta e ir contra los \u201ccurros\u201d que atribuyen al sector de la UCR que responde al liderazgo de <strong>Mart\u00edn Lousteau<\/strong> en la universidad p\u00fablica, a quien visibilizan como uno de los promotores de la manifestaci\u00f3n. Por otro lado, los \u201cmoderados\u201d apuntan a \u201cerrores de comunicaci\u00f3n\u201d en relaci\u00f3n a las negociaciones con los rectores, y apuntan al \u201cdesgaste\u201d de <strong>Alejandro \u00c1lvarez<\/strong>, secretario de Pol\u00edticas Universitarias, bajo la \u00f3rbita del secretario de Educaci\u00f3n Torrendell, en el Ministerio de Capital Humano que encabeza <strong>Sandra Pettovello<\/strong>.<\/h3>\n<h3>\u201cA partir de ahora, el que negocia es Torrendel, Alvarez lo va a acompa\u00f1ar\u201d, contaron a este diario altas fuentes del Gobierno. No fueron pocas las cr\u00edticas internas a Alvarez, que \u201cles dio la plata a las universidades, y encima se comi\u00f3 la protesta\u201d que el martes llen\u00f3 la Plaza de Mayo.<\/h3>\n<h3><a href=\"https:\/\/www.instagram.com\/p\/C6H6Mm9gDM-\/?igsh=MXVmeWFwNHBlcGR1eg%3D%3D\" target=\"_blank\" rel=\"noopener\"><img decoding=\"async\" class=\"wp-image-15207 aligncenter\" src=\"https:\/\/apuntesdesanluis.com\/wp-content\/uploads\/2024\/04\/posteo-de-milei-300x270.png\" alt=\"\" width=\"649\" height=\"584\" srcset=\"https:\/\/apuntesdesanluis.com\/wp-content\/uploads\/2024\/04\/posteo-de-milei-300x270.png 300w, https:\/\/apuntesdesanluis.com\/wp-content\/uploads\/2024\/04\/posteo-de-milei.png 563w\" sizes=\"(max-width: 649px) 100vw, 649px\" \/><\/a><\/h3>\n<h4 style=\"text-align: center;\"><em>Impotente y molesto, Milei hizo un agresivo posteo.<\/em><\/h4>\n<h3>\u201cNo creo que haya malestar (con Torrendel y \u00c1lvarez), se sab\u00eda que la marcha iba a ser masiva\u201d, afirm\u00f3 una de las voces moderadas, pero igualmente cercanas a Milei, que reconoci\u00f3 que \u201cse podr\u00eda haber comunicado m\u00e1s y mejor lo que se estaba haciendo\u201d en pos de resolver la negociaci\u00f3n con las universidades.<\/h3>\n<h3>Desde ese sector, sin embargo, marcaron notorias diferencias entre el secretario de Educaci\u00f3n y \u00c1lvarez, a quien responsabilizan por el fracaso de las negociaciones. \u201cEn las reuniones Torrendel ven\u00eda y pon\u00eda pa\u00f1os fr\u00edos. Despu\u00e9s llegaba \u00c1lvarez y romp\u00eda todo lo que se hab\u00eda negociado\u201d, se\u00f1al\u00f3 uno de los interlocutores de los funcionarios a la hora de revisar el presupuesto y las asignaciones a las casas de estudio. \u201cNo tuvo una buena negociaci\u00f3n\u201d, reconocieron fuentes del Gobierno en relaci\u00f3n con \u00c1lvarez y su contacto con las autoridades universitarias. Por el contrario, el rector de la UBA, Ricardo Gelpi, hab\u00eda elogiado a Torrendel en declaraciones radiales, antes de la manifestaci\u00f3n.<\/h3>\n<h3>Las universidades, expresaron fuentes de ese sector, ve\u00edan la necesidad de otro interlocutor para poder llegar a un acuerdo.<\/h3>\n<h3>\u201cNosotros le hicimos una propuesta que ellos estuvieron de acuerdo, despu\u00e9s \u201cpasaron cosas\u201d, pero no estamos lejos de cerrar el tema de los gastos de funcionamiento\u201d, estimaron voces oficiales con conocimiento de lo negociado.<\/h3>\n<p><img decoding=\"async\" class=\"wp-image-15206 aligncenter\" src=\"https:\/\/apuntesdesanluis.com\/wp-content\/uploads\/2024\/04\/marcha-federal-300x169.png\" alt=\"\" width=\"785\" height=\"442\" srcset=\"https:\/\/apuntesdesanluis.com\/wp-content\/uploads\/2024\/04\/marcha-federal-300x169.png 300w, https:\/\/apuntesdesanluis.com\/wp-content\/uploads\/2024\/04\/marcha-federal.png 600w\" sizes=\"(max-width: 785px) 100vw, 785px\" \/><\/p>\n<h3>En el sector de los \u201cduros\u201d, sin embargo, no hab\u00eda reconocimiento de errores, ni nada que reprocharle a Pettovello y sus colaboradores en materia educativa. \u201cSi avanzamos en las auditor\u00edas, ponemos en debate los curros que existen, que todos saben que est\u00e1n, tambi\u00e9n ser\u00e1 una ganancia para nosotros\u201d, susurraron con tono amenazante voceros de ese sector, que propone ir contra el vicerrector de la UBA, Emiliano Yacobitti, mano derecha de Lousteau, como manera de infringirles \u201cun costo\u201d a los dirigentes radicales, que se oponen frontalmente a la pol\u00edtica del Gobierno.<\/h3>\n<h3>El \u201ccontraataque\u201d por medio de auditor\u00edas-que son potestad de la Auditor\u00eda General de la Naci\u00f3n por orden del Congreso y la Sigen- se dar\u00eda \u201cno ahora, sino en los pr\u00f3ximos meses\u201d, cuando baje la espuma de la manifestaci\u00f3n contra la pol\u00edtica educativa del Gobierno.<\/h3>\n<h3>\u201cLa educaci\u00f3n p\u00fablica es parte de nuestro proyecto, por supuesto con algunos matices\u201d, dijo el portavoz Manuel Adorni, en su conferencia de prensa diaria, aunque se mostr\u00f3 en contra \u201cde que se haya intentado convencer de que vamos a cerrar la universidad p\u00fablica, porque no es cierto\u201d.<\/h3>\n<h3>\u201cQuieren meter miedo, pero no tenemos nada que esconder\u201d, dijeron desde la conducci\u00f3n radical de la universidad, donde ven venir la andanada del Gobierno, tocado luego de las miles de personas que ayer se manifestaron en reclamo por el ajuste a las universidades p\u00fablicas.<\/h3>\n<p><strong><em>\u00a0<\/em><\/strong><\/p>\n<p><strong><em>* Columnista. La Naci\u00f3n<\/em><\/strong><\/p>\n<p>&nbsp;<\/p>\n<p>&nbsp;<\/p>\n<p>&nbsp;<\/p>\n<p>&nbsp;<\/p>\n","protected":false},"excerpt":{"rendered":"<p>Por Jaime Rosemberg * M\u00e1s all\u00e1 de las declaraciones p\u00fablicas, el gobierno de Javier Milei&#8230;<\/p>\n","protected":false},"author":1,"featured_media":15204,"comment_status":"closed","ping_status":"closed","sticky":false,"template":"","format":"standard","meta":{"footnotes":""},"categories":[9],"tags":[],"class_list":["post-15198","post","type-post","status-publish","format-standard","has-post-thumbnail","hentry","category-opinion"],"yoast_head":"<!-- This site is optimized with the Yoast SEO plugin v26.1.1 - https:\/\/yoast.com\/wordpress\/plugins\/seo\/ -->\n<title>EL GOBIERNO CAMBI\u00d3 EL NEGOCIADOR CON LAS UNIVERSIDADES POR EL IMPACTO DE LA MARCHA - Apuntes de San Luis<\/title>\n<meta name=\"robots\" content=\"index, follow, max-snippet:-1, max-image-preview:large, max-video-preview:-1\" \/>\n<link rel=\"canonical\" href=\"https:\/\/apuntesdesanluis.com\/index.php\/2024\/04\/24\/el-gobierno-cambio-el-negociador-con-las-universidades-por-el-impacto-de-la-marcha\/\" \/>\n<meta property=\"og:locale\" content=\"es_ES\" \/>\n<meta property=\"og:type\" content=\"article\" \/>\n<meta property=\"og:title\" content=\"EL GOBIERNO CAMBI\u00d3 EL NEGOCIADOR CON LAS UNIVERSIDADES POR EL IMPACTO DE LA MARCHA - Apuntes de San Luis\" \/>\n<meta property=\"og:description\" content=\"Por Jaime Rosemberg * M\u00e1s all\u00e1 de las declaraciones p\u00fablicas, el gobierno de Javier Milei...\" \/>\n<meta property=\"og:url\" content=\"https:\/\/apuntesdesanluis.com\/index.php\/2024\/04\/24\/el-gobierno-cambio-el-negociador-con-las-universidades-por-el-impacto-de-la-marcha\/\" \/>\n<meta property=\"og:site_name\" content=\"Apuntes de San Luis\" \/>\n<meta property=\"article:published_time\" content=\"2024-04-24T23:52:16+00:00\" \/>\n<meta property=\"og:image\" content=\"https:\/\/apuntesdesanluis.com\/wp-content\/uploads\/2024\/04\/carlos-torrendell.png\" \/>\n\t<meta property=\"og:image:width\" content=\"600\" \/>\n\t<meta property=\"og:image:height\" content=\"365\" \/>\n\t<meta property=\"og:image:type\" content=\"image\/png\" \/>\n<meta name=\"author\" content=\"apuntesdesanluis.com\" \/>\n<meta name=\"twitter:card\" content=\"summary_large_image\" \/>\n<meta name=\"twitter:label1\" content=\"Escrito por\" \/>\n\t<meta name=\"twitter:data1\" content=\"apuntesdesanluis.com\" \/>\n\t<meta name=\"twitter:label2\" content=\"Tiempo de lectura\" \/>\n\t<meta name=\"twitter:data2\" content=\"5 minutos\" \/>\n<script type=\"application\/ld+json\" class=\"yoast-schema-graph\">{\"@context\":\"https:\/\/schema.org\",\"@graph\":[{\"@type\":\"Article\",\"@id\":\"https:\/\/apuntesdesanluis.com\/index.php\/2024\/04\/24\/el-gobierno-cambio-el-negociador-con-las-universidades-por-el-impacto-de-la-marcha\/#article\",\"isPartOf\":{\"@id\":\"https:\/\/apuntesdesanluis.com\/index.php\/2024\/04\/24\/el-gobierno-cambio-el-negociador-con-las-universidades-por-el-impacto-de-la-marcha\/\"},\"author\":{\"name\":\"apuntesdesanluis.com\",\"@id\":\"https:\/\/apuntesdesanluis.com\/#\/schema\/person\/b55151d52296fcce64d1a72538a70b90\"},\"headline\":\"EL GOBIERNO CAMBI\u00d3 EL NEGOCIADOR CON LAS UNIVERSIDADES POR EL IMPACTO DE LA MARCHA\",\"datePublished\":\"2024-04-24T23:52:16+00:00\",\"mainEntityOfPage\":{\"@id\":\"https:\/\/apuntesdesanluis.com\/index.php\/2024\/04\/24\/el-gobierno-cambio-el-negociador-con-las-universidades-por-el-impacto-de-la-marcha\/\"},\"wordCount\":839,\"publisher\":{\"@id\":\"https:\/\/apuntesdesanluis.com\/#\/schema\/person\/b55151d52296fcce64d1a72538a70b90\"},\"image\":{\"@id\":\"https:\/\/apuntesdesanluis.com\/index.php\/2024\/04\/24\/el-gobierno-cambio-el-negociador-con-las-universidades-por-el-impacto-de-la-marcha\/#primaryimage\"},\"thumbnailUrl\":\"https:\/\/apuntesdesanluis.com\/wp-content\/uploads\/2024\/04\/carlos-torrendell.png\",\"articleSection\":[\"Opini\u00f3n\"],\"inLanguage\":\"es-AR\"},{\"@type\":\"WebPage\",\"@id\":\"https:\/\/apuntesdesanluis.com\/index.php\/2024\/04\/24\/el-gobierno-cambio-el-negociador-con-las-universidades-por-el-impacto-de-la-marcha\/\",\"url\":\"https:\/\/apuntesdesanluis.com\/index.php\/2024\/04\/24\/el-gobierno-cambio-el-negociador-con-las-universidades-por-el-impacto-de-la-marcha\/\",\"name\":\"EL GOBIERNO CAMBI\u00d3 EL NEGOCIADOR CON LAS UNIVERSIDADES POR EL IMPACTO DE LA MARCHA - Apuntes de San Luis\",\"isPartOf\":{\"@id\":\"https:\/\/apuntesdesanluis.com\/#website\"},\"primaryImageOfPage\":{\"@id\":\"https:\/\/apuntesdesanluis.com\/index.php\/2024\/04\/24\/el-gobierno-cambio-el-negociador-con-las-universidades-por-el-impacto-de-la-marcha\/#primaryimage\"},\"image\":{\"@id\":\"https:\/\/apuntesdesanluis.com\/index.php\/2024\/04\/24\/el-gobierno-cambio-el-negociador-con-las-universidades-por-el-impacto-de-la-marcha\/#primaryimage\"},\"thumbnailUrl\":\"https:\/\/apuntesdesanluis.com\/wp-content\/uploads\/2024\/04\/carlos-torrendell.png\",\"datePublished\":\"2024-04-24T23:52:16+00:00\",\"breadcrumb\":{\"@id\":\"https:\/\/apuntesdesanluis.com\/index.php\/2024\/04\/24\/el-gobierno-cambio-el-negociador-con-las-universidades-por-el-impacto-de-la-marcha\/#breadcrumb\"},\"inLanguage\":\"es-AR\",\"potentialAction\":[{\"@type\":\"ReadAction\",\"target\":[\"https:\/\/apuntesdesanluis.com\/index.php\/2024\/04\/24\/el-gobierno-cambio-el-negociador-con-las-universidades-por-el-impacto-de-la-marcha\/\"]}]},{\"@type\":\"ImageObject\",\"inLanguage\":\"es-AR\",\"@id\":\"https:\/\/apuntesdesanluis.com\/index.php\/2024\/04\/24\/el-gobierno-cambio-el-negociador-con-las-universidades-por-el-impacto-de-la-marcha\/#primaryimage\",\"url\":\"https:\/\/apuntesdesanluis.com\/wp-content\/uploads\/2024\/04\/carlos-torrendell.png\",\"contentUrl\":\"https:\/\/apuntesdesanluis.com\/wp-content\/uploads\/2024\/04\/carlos-torrendell.png\",\"width\":600,\"height\":365},{\"@type\":\"BreadcrumbList\",\"@id\":\"https:\/\/apuntesdesanluis.com\/index.php\/2024\/04\/24\/el-gobierno-cambio-el-negociador-con-las-universidades-por-el-impacto-de-la-marcha\/#breadcrumb\",\"itemListElement\":[{\"@type\":\"ListItem\",\"position\":1,\"name\":\"Inicio\",\"item\":\"https:\/\/apuntesdesanluis.com\/\"},{\"@type\":\"ListItem\",\"position\":2,\"name\":\"EL GOBIERNO CAMBI\u00d3 EL NEGOCIADOR CON LAS UNIVERSIDADES POR EL IMPACTO DE LA MARCHA\"}]},{\"@type\":\"WebSite\",\"@id\":\"https:\/\/apuntesdesanluis.com\/#website\",\"url\":\"https:\/\/apuntesdesanluis.com\/\",\"name\":\"Apuntes de San Luis\",\"description\":\"\",\"publisher\":{\"@id\":\"https:\/\/apuntesdesanluis.com\/#\/schema\/person\/b55151d52296fcce64d1a72538a70b90\"},\"potentialAction\":[{\"@type\":\"SearchAction\",\"target\":{\"@type\":\"EntryPoint\",\"urlTemplate\":\"https:\/\/apuntesdesanluis.com\/?s={search_term_string}\"},\"query-input\":{\"@type\":\"PropertyValueSpecification\",\"valueRequired\":true,\"valueName\":\"search_term_string\"}}],\"inLanguage\":\"es-AR\"},{\"@type\":[\"Person\",\"Organization\"],\"@id\":\"https:\/\/apuntesdesanluis.com\/#\/schema\/person\/b55151d52296fcce64d1a72538a70b90\",\"name\":\"apuntesdesanluis.com\",\"image\":{\"@type\":\"ImageObject\",\"inLanguage\":\"es-AR\",\"@id\":\"https:\/\/apuntesdesanluis.com\/#\/schema\/person\/image\/\",\"url\":\"https:\/\/apuntesdesanluis.com\/wp-content\/uploads\/2023\/07\/cropped-apuntesdesanluis.png\",\"contentUrl\":\"https:\/\/apuntesdesanluis.com\/wp-content\/uploads\/2023\/07\/cropped-apuntesdesanluis.png\",\"width\":450,\"height\":112,\"caption\":\"apuntesdesanluis.com\"},\"logo\":{\"@id\":\"https:\/\/apuntesdesanluis.com\/#\/schema\/person\/image\/\"},\"sameAs\":[\"https:\/\/apuntesdesanluis.com\"],\"url\":\"https:\/\/apuntesdesanluis.com\/index.php\/author\/apuntesdesanluis-com\/\"}]}<\/script>\n<!-- \/ Yoast SEO plugin. -->","yoast_head_json":{"title":"EL GOBIERNO CAMBI\u00d3 EL NEGOCIADOR CON LAS UNIVERSIDADES POR EL IMPACTO DE LA MARCHA - Apuntes de San Luis","robots":{"index":"index","follow":"follow","max-snippet":"max-snippet:-1","max-image-preview":"max-image-preview:large","max-video-preview":"max-video-preview:-1"},"canonical":"https:\/\/apuntesdesanluis.com\/index.php\/2024\/04\/24\/el-gobierno-cambio-el-negociador-con-las-universidades-por-el-impacto-de-la-marcha\/","og_locale":"es_ES","og_type":"article","og_title":"EL GOBIERNO CAMBI\u00d3 EL NEGOCIADOR CON LAS UNIVERSIDADES POR EL IMPACTO DE LA MARCHA - Apuntes de San Luis","og_description":"Por Jaime Rosemberg * M\u00e1s all\u00e1 de las declaraciones p\u00fablicas, el gobierno de Javier Milei...","og_url":"https:\/\/apuntesdesanluis.com\/index.php\/2024\/04\/24\/el-gobierno-cambio-el-negociador-con-las-universidades-por-el-impacto-de-la-marcha\/","og_site_name":"Apuntes de San Luis","article_published_time":"2024-04-24T23:52:16+00:00","og_image":[{"width":600,"height":365,"url":"https:\/\/apuntesdesanluis.com\/wp-content\/uploads\/2024\/04\/carlos-torrendell.png","type":"image\/png"}],"author":"apuntesdesanluis.com","twitter_card":"summary_large_image","twitter_misc":{"Escrito por":"apuntesdesanluis.com","Tiempo de lectura":"5 minutos"},"schema":{"@context":"https:\/\/schema.org","@graph":[{"@type":"Article","@id":"https:\/\/apuntesdesanluis.com\/index.php\/2024\/04\/24\/el-gobierno-cambio-el-negociador-con-las-universidades-por-el-impacto-de-la-marcha\/#article","isPartOf":{"@id":"https:\/\/apuntesdesanluis.com\/index.php\/2024\/04\/24\/el-gobierno-cambio-el-negociador-con-las-universidades-por-el-impacto-de-la-marcha\/"},"author":{"name":"apuntesdesanluis.com","@id":"https:\/\/apuntesdesanluis.com\/#\/schema\/person\/b55151d52296fcce64d1a72538a70b90"},"headline":"EL GOBIERNO CAMBI\u00d3 EL NEGOCIADOR CON LAS UNIVERSIDADES POR EL IMPACTO DE LA MARCHA","datePublished":"2024-04-24T23:52:16+00:00","mainEntityOfPage":{"@id":"https:\/\/apuntesdesanluis.com\/index.php\/2024\/04\/24\/el-gobierno-cambio-el-negociador-con-las-universidades-por-el-impacto-de-la-marcha\/"},"wordCount":839,"publisher":{"@id":"https:\/\/apuntesdesanluis.com\/#\/schema\/person\/b55151d52296fcce64d1a72538a70b90"},"image":{"@id":"https:\/\/apuntesdesanluis.com\/index.php\/2024\/04\/24\/el-gobierno-cambio-el-negociador-con-las-universidades-por-el-impacto-de-la-marcha\/#primaryimage"},"thumbnailUrl":"https:\/\/apuntesdesanluis.com\/wp-content\/uploads\/2024\/04\/carlos-torrendell.png","articleSection":["Opini\u00f3n"],"inLanguage":"es-AR"},{"@type":"WebPage","@id":"https:\/\/apuntesdesanluis.com\/index.php\/2024\/04\/24\/el-gobierno-cambio-el-negociador-con-las-universidades-por-el-impacto-de-la-marcha\/","url":"https:\/\/apuntesdesanluis.com\/index.php\/2024\/04\/24\/el-gobierno-cambio-el-negociador-con-las-universidades-por-el-impacto-de-la-marcha\/","name":"EL GOBIERNO CAMBI\u00d3 EL NEGOCIADOR CON LAS UNIVERSIDADES POR EL IMPACTO DE LA MARCHA - Apuntes de San Luis","isPartOf":{"@id":"https:\/\/apuntesdesanluis.com\/#website"},"primaryImageOfPage":{"@id":"https:\/\/apuntesdesanluis.com\/index.php\/2024\/04\/24\/el-gobierno-cambio-el-negociador-con-las-universidades-por-el-impacto-de-la-marcha\/#primaryimage"},"image":{"@id":"https:\/\/apuntesdesanluis.com\/index.php\/2024\/04\/24\/el-gobierno-cambio-el-negociador-con-las-universidades-por-el-impacto-de-la-marcha\/#primaryimage"},"thumbnailUrl":"https:\/\/apuntesdesanluis.com\/wp-content\/uploads\/2024\/04\/carlos-torrendell.png","datePublished":"2024-04-24T23:52:16+00:00","breadcrumb":{"@id":"https:\/\/apuntesdesanluis.com\/index.php\/2024\/04\/24\/el-gobierno-cambio-el-negociador-con-las-universidades-por-el-impacto-de-la-marcha\/#breadcrumb"},"inLanguage":"es-AR","potentialAction":[{"@type":"ReadAction","target":["https:\/\/apuntesdesanluis.com\/index.php\/2024\/04\/24\/el-gobierno-cambio-el-negociador-con-las-universidades-por-el-impacto-de-la-marcha\/"]}]},{"@type":"ImageObject","inLanguage":"es-AR","@id":"https:\/\/apuntesdesanluis.com\/index.php\/2024\/04\/24\/el-gobierno-cambio-el-negociador-con-las-universidades-por-el-impacto-de-la-marcha\/#primaryimage","url":"https:\/\/apuntesdesanluis.com\/wp-content\/uploads\/2024\/04\/carlos-torrendell.png","contentUrl":"https:\/\/apuntesdesanluis.com\/wp-content\/uploads\/2024\/04\/carlos-torrendell.png","width":600,"height":365},{"@type":"BreadcrumbList","@id":"https:\/\/apuntesdesanluis.com\/index.php\/2024\/04\/24\/el-gobierno-cambio-el-negociador-con-las-universidades-por-el-impacto-de-la-marcha\/#breadcrumb","itemListElement":[{"@type":"ListItem","position":1,"name":"Inicio","item":"https:\/\/apuntesdesanluis.com\/"},{"@type":"ListItem","position":2,"name":"EL GOBIERNO CAMBI\u00d3 EL NEGOCIADOR CON LAS UNIVERSIDADES POR EL IMPACTO DE LA MARCHA"}]},{"@type":"WebSite","@id":"https:\/\/apuntesdesanluis.com\/#website","url":"https:\/\/apuntesdesanluis.com\/","name":"Apuntes de San Luis","description":"","publisher":{"@id":"https:\/\/apuntesdesanluis.com\/#\/schema\/person\/b55151d52296fcce64d1a72538a70b90"},"potentialAction":[{"@type":"SearchAction","target":{"@type":"EntryPoint","urlTemplate":"https:\/\/apuntesdesanluis.com\/?s={search_term_string}"},"query-input":{"@type":"PropertyValueSpecification","valueRequired":true,"valueName":"search_term_string"}}],"inLanguage":"es-AR"},{"@type":["Person","Organization"],"@id":"https:\/\/apuntesdesanluis.com\/#\/schema\/person\/b55151d52296fcce64d1a72538a70b90","name":"apuntesdesanluis.com","image":{"@type":"ImageObject","inLanguage":"es-AR","@id":"https:\/\/apuntesdesanluis.com\/#\/schema\/person\/image\/","url":"https:\/\/apuntesdesanluis.com\/wp-content\/uploads\/2023\/07\/cropped-apuntesdesanluis.png","contentUrl":"https:\/\/apuntesdesanluis.com\/wp-content\/uploads\/2023\/07\/cropped-apuntesdesanluis.png","width":450,"height":112,"caption":"apuntesdesanluis.com"},"logo":{"@id":"https:\/\/apuntesdesanluis.com\/#\/schema\/person\/image\/"},"sameAs":["https:\/\/apuntesdesanluis.com"],"url":"https:\/\/apuntesdesanluis.com\/index.php\/author\/apuntesdesanluis-com\/"}]}},"featured_image_urls":{"full":["https:\/\/apuntesdesanluis.com\/wp-content\/uploads\/2024\/04\/carlos-torrendell.png",600,365,false],"thumbnail":["https:\/\/apuntesdesanluis.com\/wp-content\/uploads\/2024\/04\/carlos-torrendell-150x150.png",150,150,true],"medium":["https:\/\/apuntesdesanluis.com\/wp-content\/uploads\/2024\/04\/carlos-torrendell-300x183.png",300,183,true],"medium_large":["https:\/\/apuntesdesanluis.com\/wp-content\/uploads\/2024\/04\/carlos-torrendell.png",600,365,false],"large":["https:\/\/apuntesdesanluis.com\/wp-content\/uploads\/2024\/04\/carlos-torrendell.png",600,365,false],"1536x1536":["https:\/\/apuntesdesanluis.com\/wp-content\/uploads\/2024\/04\/carlos-torrendell.png",600,365,false],"2048x2048":["https:\/\/apuntesdesanluis.com\/wp-content\/uploads\/2024\/04\/carlos-torrendell.png",600,365,false],"newsever-slider-full":["https:\/\/apuntesdesanluis.com\/wp-content\/uploads\/2024\/04\/carlos-torrendell.png",600,365,false],"newsever-featured":["https:\/\/apuntesdesanluis.com\/wp-content\/uploads\/2024\/04\/carlos-torrendell.png",600,365,false],"newsever-medium":["https:\/\/apuntesdesanluis.com\/wp-content\/uploads\/2024\/04\/carlos-torrendell.png",600,365,false]},"author_info":{"display_name":"apuntesdesanluis.com","author_link":"https:\/\/apuntesdesanluis.com\/index.php\/author\/apuntesdesanluis-com\/"},"category_info":"<a href=\"https:\/\/apuntesdesanluis.com\/index.php\/category\/opinion\/\" rel=\"category tag\">Opini\u00f3n<\/a>","tag_info":"Opini\u00f3n","comment_count":"0","_links":{"self":[{"href":"https:\/\/apuntesdesanluis.com\/index.php\/wp-json\/wp\/v2\/posts\/15198","targetHints":{"allow":["GET"]}}],"collection":[{"href":"https:\/\/apuntesdesanluis.com\/index.php\/wp-json\/wp\/v2\/posts"}],"about":[{"href":"https:\/\/apuntesdesanluis.com\/index.php\/wp-json\/wp\/v2\/types\/post"}],"author":[{"embeddable":true,"href":"https:\/\/apuntesdesanluis.com\/index.php\/wp-json\/wp\/v2\/users\/1"}],"replies":[{"embeddable":true,"href":"https:\/\/apuntesdesanluis.com\/index.php\/wp-json\/wp\/v2\/comments?post=15198"}],"version-history":[{"count":2,"href":"https:\/\/apuntesdesanluis.com\/index.php\/wp-json\/wp\/v2\/posts\/15198\/revisions"}],"predecessor-version":[{"id":15208,"href":"https:\/\/apuntesdesanluis.com\/index.php\/wp-json\/wp\/v2\/posts\/15198\/revisions\/15208"}],"wp:featuredmedia":[{"embeddable":true,"href":"https:\/\/apuntesdesanluis.com\/index.php\/wp-json\/wp\/v2\/media\/15204"}],"wp:attachment":[{"href":"https:\/\/apuntesdesanluis.com\/index.php\/wp-json\/wp\/v2\/media?parent=15198"}],"wp:term":[{"taxonomy":"category","embeddable":true,"href":"https:\/\/apuntesdesanluis.com\/index.php\/wp-json\/wp\/v2\/categories?post=15198"},{"taxonomy":"post_tag","embeddable":true,"href":"https:\/\/apuntesdesanluis.com\/index.php\/wp-json\/wp\/v2\/tags?post=15198"}],"curies":[{"name":"wp","href":"https:\/\/api.w.org\/{rel}","templated":true}]}}