{"id":15216,"date":"2024-04-24T21:28:36","date_gmt":"2024-04-25T00:28:36","guid":{"rendered":"https:\/\/apuntesdesanluis.com\/?p=15216"},"modified":"2024-04-24T21:28:36","modified_gmt":"2024-04-25T00:28:36","slug":"denunciaron-a-martin-lousteau-por-negociaciones-incompatibles-con-la-funcion-publica","status":"publish","type":"post","link":"https:\/\/apuntesdesanluis.com\/index.php\/2024\/04\/24\/denunciaron-a-martin-lousteau-por-negociaciones-incompatibles-con-la-funcion-publica\/","title":{"rendered":"DENUNCIARON A MART\u00cdN LOUSTEAU POR &#8220;NEGOCIACIONES INCOMPATIBLES CON LA FUNCI\u00d3N P\u00daBLICA&#8221;"},"content":{"rendered":"<h3>Un abogado denunci\u00f3 penalmente al senador radical<strong> Mart\u00edn Lousteau<\/strong> por presuntas \u201cnegociaciones incompatibles con la funci\u00f3n p\u00fablica\u201d por supuestamente venderle, a trav\u00e9s de su consultora, informes econ\u00f3micos al Congreso de la Naci\u00f3n.<\/h3>\n<h3>La denuncia fue formulada por el abogado <strong>Santiago Dupuy de Lome<\/strong>, quien incluy\u00f3 en la presentaci\u00f3n al dirigente radical y vicerrector de la Universidad de Buenos Aires <strong>Emiliano Yacobitti (foto inferior)<\/strong>.<\/h3>\n<p><img fetchpriority=\"high\" decoding=\"async\" class=\"wp-image-15217 aligncenter\" src=\"https:\/\/apuntesdesanluis.com\/wp-content\/uploads\/2024\/04\/YACOBITTI-300x197.png\" alt=\"\" width=\"661\" height=\"434\" srcset=\"https:\/\/apuntesdesanluis.com\/wp-content\/uploads\/2024\/04\/YACOBITTI-300x197.png 300w, https:\/\/apuntesdesanluis.com\/wp-content\/uploads\/2024\/04\/YACOBITTI.png 520w\" sizes=\"(max-width: 661px) 100vw, 661px\" \/><\/p>\n<h3>\u201cEl actual senador Lousteau es due\u00f1o, seg\u00fan su declaraci\u00f3n jurada del a\u00f1o pasado, del 60 por ciento de la consultora LCG, de la cual Yacobitti es director suplente\u201d, sostiene la denuncia.<\/h3>\n<h3>\u201cNo ser\u00eda nada si no fuese porque le vende los estudios de econom\u00eda y macroeconom\u00eda al Congreso de la Naci\u00f3n, lo cual est\u00e1 prohibido de hacer ya que es senador nacional y eso implica un grave conflicto de intereses\u201d, a\u00f1adi\u00f3 el denunciante.<\/h3>\n<h3>PERFIL consult\u00f3 al entorno de Lousteau por esta acusaci\u00f3n, pero hasta el momento no hubo respuesta.<\/h3>\n<h3>La causa qued\u00f3 registrada bajo el n\u00famero 1508\/2024 y recay\u00f3 por sorteo en el juzgado federal n\u00famero 11, actualmente subrogado por el juez Juli\u00e1n Ercolini.<\/h3>\n<h3>\u201cSe debe investigar si se enriqueci\u00f3 de forma il\u00edcita tanto el senador Lousteau como su socio, Yacobitti, que -vale aclarar- fue diputado nacional y es el actual vicerrector de la UBA y que se niega a que haya una auditor\u00eda de los gastos de la universidad\u201d, subray\u00f3 Dupuy de Lome.<\/h3>\n<h3>\u201cSupongo \u2013especul\u00f3- que para que no salgan a la luz los negociados que pueden haber en dicho claustro\u201d.<\/h3>\n<h3>El denunciante pidi\u00f3 que como medida de prueba se cite a declarar como testigo al periodista <strong>Luis Gasulla<\/strong>.<\/h3>\n<p>&nbsp;<\/p>\n<p>&nbsp;<\/p>\n<p>&nbsp;<\/p>\n<p>&nbsp;<\/p>\n<p>&nbsp;<\/p>\n<p>&nbsp;<\/p>\n<p>&nbsp;<\/p>\n","protected":false},"excerpt":{"rendered":"<p>Un abogado denunci\u00f3 penalmente al senador radical Mart\u00edn Lousteau por presuntas \u201cnegociaciones incompatibles con la&#8230;<\/p>\n","protected":false},"author":1,"featured_media":11402,"comment_status":"closed","ping_status":"closed","sticky":false,"template":"","format":"standard","meta":{"footnotes":""},"categories":[5],"tags":[],"class_list":["post-15216","post","type-post","status-publish","format-standard","has-post-thumbnail","hentry","category-nacionales-internacionales"],"yoast_head":"<!-- This site is optimized with the Yoast SEO plugin v26.1.1 - https:\/\/yoast.com\/wordpress\/plugins\/seo\/ -->\n<title>DENUNCIARON A MART\u00cdN LOUSTEAU POR &quot;NEGOCIACIONES INCOMPATIBLES CON LA FUNCI\u00d3N P\u00daBLICA&quot; - Apuntes de San Luis<\/title>\n<meta name=\"robots\" content=\"index, follow, max-snippet:-1, max-image-preview:large, max-video-preview:-1\" \/>\n<link rel=\"canonical\" href=\"https:\/\/apuntesdesanluis.com\/index.php\/2024\/04\/24\/denunciaron-a-martin-lousteau-por-negociaciones-incompatibles-con-la-funcion-publica\/\" \/>\n<meta property=\"og:locale\" content=\"es_ES\" \/>\n<meta property=\"og:type\" content=\"article\" \/>\n<meta property=\"og:title\" content=\"DENUNCIARON A MART\u00cdN LOUSTEAU POR &quot;NEGOCIACIONES INCOMPATIBLES CON LA FUNCI\u00d3N P\u00daBLICA&quot; - Apuntes de San Luis\" \/>\n<meta property=\"og:description\" content=\"Un abogado denunci\u00f3 penalmente al senador radical Mart\u00edn Lousteau por presuntas \u201cnegociaciones incompatibles con la...\" \/>\n<meta property=\"og:url\" content=\"https:\/\/apuntesdesanluis.com\/index.php\/2024\/04\/24\/denunciaron-a-martin-lousteau-por-negociaciones-incompatibles-con-la-funcion-publica\/\" \/>\n<meta property=\"og:site_name\" content=\"Apuntes de San Luis\" \/>\n<meta property=\"article:published_time\" content=\"2024-04-25T00:28:36+00:00\" \/>\n<meta property=\"og:image\" content=\"https:\/\/apuntesdesanluis.com\/wp-content\/uploads\/2024\/02\/MARTIN-LOUSTEAU.png\" \/>\n\t<meta property=\"og:image:width\" content=\"600\" \/>\n\t<meta property=\"og:image:height\" content=\"360\" \/>\n\t<meta property=\"og:image:type\" content=\"image\/png\" \/>\n<meta name=\"author\" content=\"apuntesdesanluis.com\" \/>\n<meta name=\"twitter:card\" content=\"summary_large_image\" \/>\n<meta name=\"twitter:label1\" content=\"Escrito por\" \/>\n\t<meta name=\"twitter:data1\" content=\"apuntesdesanluis.com\" \/>\n\t<meta name=\"twitter:label2\" content=\"Tiempo de lectura\" \/>\n\t<meta name=\"twitter:data2\" content=\"2 minutos\" \/>\n<script type=\"application\/ld+json\" class=\"yoast-schema-graph\">{\"@context\":\"https:\/\/schema.org\",\"@graph\":[{\"@type\":\"Article\",\"@id\":\"https:\/\/apuntesdesanluis.com\/index.php\/2024\/04\/24\/denunciaron-a-martin-lousteau-por-negociaciones-incompatibles-con-la-funcion-publica\/#article\",\"isPartOf\":{\"@id\":\"https:\/\/apuntesdesanluis.com\/index.php\/2024\/04\/24\/denunciaron-a-martin-lousteau-por-negociaciones-incompatibles-con-la-funcion-publica\/\"},\"author\":{\"name\":\"apuntesdesanluis.com\",\"@id\":\"https:\/\/apuntesdesanluis.com\/#\/schema\/person\/b55151d52296fcce64d1a72538a70b90\"},\"headline\":\"DENUNCIARON A MART\u00cdN LOUSTEAU POR &#8220;NEGOCIACIONES INCOMPATIBLES CON LA FUNCI\u00d3N P\u00daBLICA&#8221;\",\"datePublished\":\"2024-04-25T00:28:36+00:00\",\"mainEntityOfPage\":{\"@id\":\"https:\/\/apuntesdesanluis.com\/index.php\/2024\/04\/24\/denunciaron-a-martin-lousteau-por-negociaciones-incompatibles-con-la-funcion-publica\/\"},\"wordCount\":304,\"publisher\":{\"@id\":\"https:\/\/apuntesdesanluis.com\/#\/schema\/person\/b55151d52296fcce64d1a72538a70b90\"},\"image\":{\"@id\":\"https:\/\/apuntesdesanluis.com\/index.php\/2024\/04\/24\/denunciaron-a-martin-lousteau-por-negociaciones-incompatibles-con-la-funcion-publica\/#primaryimage\"},\"thumbnailUrl\":\"https:\/\/apuntesdesanluis.com\/wp-content\/uploads\/2024\/02\/MARTIN-LOUSTEAU.png\",\"articleSection\":[\"Nacionales\/Internacionales\"],\"inLanguage\":\"es-AR\"},{\"@type\":\"WebPage\",\"@id\":\"https:\/\/apuntesdesanluis.com\/index.php\/2024\/04\/24\/denunciaron-a-martin-lousteau-por-negociaciones-incompatibles-con-la-funcion-publica\/\",\"url\":\"https:\/\/apuntesdesanluis.com\/index.php\/2024\/04\/24\/denunciaron-a-martin-lousteau-por-negociaciones-incompatibles-con-la-funcion-publica\/\",\"name\":\"DENUNCIARON A MART\u00cdN LOUSTEAU POR \\\"NEGOCIACIONES INCOMPATIBLES CON LA FUNCI\u00d3N P\u00daBLICA\\\" - Apuntes de San Luis\",\"isPartOf\":{\"@id\":\"https:\/\/apuntesdesanluis.com\/#website\"},\"primaryImageOfPage\":{\"@id\":\"https:\/\/apuntesdesanluis.com\/index.php\/2024\/04\/24\/denunciaron-a-martin-lousteau-por-negociaciones-incompatibles-con-la-funcion-publica\/#primaryimage\"},\"image\":{\"@id\":\"https:\/\/apuntesdesanluis.com\/index.php\/2024\/04\/24\/denunciaron-a-martin-lousteau-por-negociaciones-incompatibles-con-la-funcion-publica\/#primaryimage\"},\"thumbnailUrl\":\"https:\/\/apuntesdesanluis.com\/wp-content\/uploads\/2024\/02\/MARTIN-LOUSTEAU.png\",\"datePublished\":\"2024-04-25T00:28:36+00:00\",\"breadcrumb\":{\"@id\":\"https:\/\/apuntesdesanluis.com\/index.php\/2024\/04\/24\/denunciaron-a-martin-lousteau-por-negociaciones-incompatibles-con-la-funcion-publica\/#breadcrumb\"},\"inLanguage\":\"es-AR\",\"potentialAction\":[{\"@type\":\"ReadAction\",\"target\":[\"https:\/\/apuntesdesanluis.com\/index.php\/2024\/04\/24\/denunciaron-a-martin-lousteau-por-negociaciones-incompatibles-con-la-funcion-publica\/\"]}]},{\"@type\":\"ImageObject\",\"inLanguage\":\"es-AR\",\"@id\":\"https:\/\/apuntesdesanluis.com\/index.php\/2024\/04\/24\/denunciaron-a-martin-lousteau-por-negociaciones-incompatibles-con-la-funcion-publica\/#primaryimage\",\"url\":\"https:\/\/apuntesdesanluis.com\/wp-content\/uploads\/2024\/02\/MARTIN-LOUSTEAU.png\",\"contentUrl\":\"https:\/\/apuntesdesanluis.com\/wp-content\/uploads\/2024\/02\/MARTIN-LOUSTEAU.png\",\"width\":600,\"height\":360},{\"@type\":\"BreadcrumbList\",\"@id\":\"https:\/\/apuntesdesanluis.com\/index.php\/2024\/04\/24\/denunciaron-a-martin-lousteau-por-negociaciones-incompatibles-con-la-funcion-publica\/#breadcrumb\",\"itemListElement\":[{\"@type\":\"ListItem\",\"position\":1,\"name\":\"Inicio\",\"item\":\"https:\/\/apuntesdesanluis.com\/\"},{\"@type\":\"ListItem\",\"position\":2,\"name\":\"DENUNCIARON A MART\u00cdN LOUSTEAU POR &#8220;NEGOCIACIONES INCOMPATIBLES CON LA FUNCI\u00d3N P\u00daBLICA&#8221;\"}]},{\"@type\":\"WebSite\",\"@id\":\"https:\/\/apuntesdesanluis.com\/#website\",\"url\":\"https:\/\/apuntesdesanluis.com\/\",\"name\":\"Apuntes de San Luis\",\"description\":\"\",\"publisher\":{\"@id\":\"https:\/\/apuntesdesanluis.com\/#\/schema\/person\/b55151d52296fcce64d1a72538a70b90\"},\"potentialAction\":[{\"@type\":\"SearchAction\",\"target\":{\"@type\":\"EntryPoint\",\"urlTemplate\":\"https:\/\/apuntesdesanluis.com\/?s={search_term_string}\"},\"query-input\":{\"@type\":\"PropertyValueSpecification\",\"valueRequired\":true,\"valueName\":\"search_term_string\"}}],\"inLanguage\":\"es-AR\"},{\"@type\":[\"Person\",\"Organization\"],\"@id\":\"https:\/\/apuntesdesanluis.com\/#\/schema\/person\/b55151d52296fcce64d1a72538a70b90\",\"name\":\"apuntesdesanluis.com\",\"image\":{\"@type\":\"ImageObject\",\"inLanguage\":\"es-AR\",\"@id\":\"https:\/\/apuntesdesanluis.com\/#\/schema\/person\/image\/\",\"url\":\"https:\/\/apuntesdesanluis.com\/wp-content\/uploads\/2023\/07\/cropped-apuntesdesanluis.png\",\"contentUrl\":\"https:\/\/apuntesdesanluis.com\/wp-content\/uploads\/2023\/07\/cropped-apuntesdesanluis.png\",\"width\":450,\"height\":112,\"caption\":\"apuntesdesanluis.com\"},\"logo\":{\"@id\":\"https:\/\/apuntesdesanluis.com\/#\/schema\/person\/image\/\"},\"sameAs\":[\"https:\/\/apuntesdesanluis.com\"],\"url\":\"https:\/\/apuntesdesanluis.com\/index.php\/author\/apuntesdesanluis-com\/\"}]}<\/script>\n<!-- \/ Yoast SEO plugin. -->","yoast_head_json":{"title":"DENUNCIARON A MART\u00cdN LOUSTEAU POR \"NEGOCIACIONES INCOMPATIBLES CON LA FUNCI\u00d3N P\u00daBLICA\" - Apuntes de San Luis","robots":{"index":"index","follow":"follow","max-snippet":"max-snippet:-1","max-image-preview":"max-image-preview:large","max-video-preview":"max-video-preview:-1"},"canonical":"https:\/\/apuntesdesanluis.com\/index.php\/2024\/04\/24\/denunciaron-a-martin-lousteau-por-negociaciones-incompatibles-con-la-funcion-publica\/","og_locale":"es_ES","og_type":"article","og_title":"DENUNCIARON A MART\u00cdN LOUSTEAU POR \"NEGOCIACIONES INCOMPATIBLES CON LA FUNCI\u00d3N P\u00daBLICA\" - Apuntes de San Luis","og_description":"Un abogado denunci\u00f3 penalmente al senador radical Mart\u00edn Lousteau por presuntas \u201cnegociaciones incompatibles con la...","og_url":"https:\/\/apuntesdesanluis.com\/index.php\/2024\/04\/24\/denunciaron-a-martin-lousteau-por-negociaciones-incompatibles-con-la-funcion-publica\/","og_site_name":"Apuntes de San Luis","article_published_time":"2024-04-25T00:28:36+00:00","og_image":[{"width":600,"height":360,"url":"https:\/\/apuntesdesanluis.com\/wp-content\/uploads\/2024\/02\/MARTIN-LOUSTEAU.png","type":"image\/png"}],"author":"apuntesdesanluis.com","twitter_card":"summary_large_image","twitter_misc":{"Escrito por":"apuntesdesanluis.com","Tiempo de lectura":"2 minutos"},"schema":{"@context":"https:\/\/schema.org","@graph":[{"@type":"Article","@id":"https:\/\/apuntesdesanluis.com\/index.php\/2024\/04\/24\/denunciaron-a-martin-lousteau-por-negociaciones-incompatibles-con-la-funcion-publica\/#article","isPartOf":{"@id":"https:\/\/apuntesdesanluis.com\/index.php\/2024\/04\/24\/denunciaron-a-martin-lousteau-por-negociaciones-incompatibles-con-la-funcion-publica\/"},"author":{"name":"apuntesdesanluis.com","@id":"https:\/\/apuntesdesanluis.com\/#\/schema\/person\/b55151d52296fcce64d1a72538a70b90"},"headline":"DENUNCIARON A MART\u00cdN LOUSTEAU POR &#8220;NEGOCIACIONES INCOMPATIBLES CON LA FUNCI\u00d3N P\u00daBLICA&#8221;","datePublished":"2024-04-25T00:28:36+00:00","mainEntityOfPage":{"@id":"https:\/\/apuntesdesanluis.com\/index.php\/2024\/04\/24\/denunciaron-a-martin-lousteau-por-negociaciones-incompatibles-con-la-funcion-publica\/"},"wordCount":304,"publisher":{"@id":"https:\/\/apuntesdesanluis.com\/#\/schema\/person\/b55151d52296fcce64d1a72538a70b90"},"image":{"@id":"https:\/\/apuntesdesanluis.com\/index.php\/2024\/04\/24\/denunciaron-a-martin-lousteau-por-negociaciones-incompatibles-con-la-funcion-publica\/#primaryimage"},"thumbnailUrl":"https:\/\/apuntesdesanluis.com\/wp-content\/uploads\/2024\/02\/MARTIN-LOUSTEAU.png","articleSection":["Nacionales\/Internacionales"],"inLanguage":"es-AR"},{"@type":"WebPage","@id":"https:\/\/apuntesdesanluis.com\/index.php\/2024\/04\/24\/denunciaron-a-martin-lousteau-por-negociaciones-incompatibles-con-la-funcion-publica\/","url":"https:\/\/apuntesdesanluis.com\/index.php\/2024\/04\/24\/denunciaron-a-martin-lousteau-por-negociaciones-incompatibles-con-la-funcion-publica\/","name":"DENUNCIARON A MART\u00cdN LOUSTEAU POR \"NEGOCIACIONES INCOMPATIBLES CON LA FUNCI\u00d3N P\u00daBLICA\" - Apuntes de San Luis","isPartOf":{"@id":"https:\/\/apuntesdesanluis.com\/#website"},"primaryImageOfPage":{"@id":"https:\/\/apuntesdesanluis.com\/index.php\/2024\/04\/24\/denunciaron-a-martin-lousteau-por-negociaciones-incompatibles-con-la-funcion-publica\/#primaryimage"},"image":{"@id":"https:\/\/apuntesdesanluis.com\/index.php\/2024\/04\/24\/denunciaron-a-martin-lousteau-por-negociaciones-incompatibles-con-la-funcion-publica\/#primaryimage"},"thumbnailUrl":"https:\/\/apuntesdesanluis.com\/wp-content\/uploads\/2024\/02\/MARTIN-LOUSTEAU.png","datePublished":"2024-04-25T00:28:36+00:00","breadcrumb":{"@id":"https:\/\/apuntesdesanluis.com\/index.php\/2024\/04\/24\/denunciaron-a-martin-lousteau-por-negociaciones-incompatibles-con-la-funcion-publica\/#breadcrumb"},"inLanguage":"es-AR","potentialAction":[{"@type":"ReadAction","target":["https:\/\/apuntesdesanluis.com\/index.php\/2024\/04\/24\/denunciaron-a-martin-lousteau-por-negociaciones-incompatibles-con-la-funcion-publica\/"]}]},{"@type":"ImageObject","inLanguage":"es-AR","@id":"https:\/\/apuntesdesanluis.com\/index.php\/2024\/04\/24\/denunciaron-a-martin-lousteau-por-negociaciones-incompatibles-con-la-funcion-publica\/#primaryimage","url":"https:\/\/apuntesdesanluis.com\/wp-content\/uploads\/2024\/02\/MARTIN-LOUSTEAU.png","contentUrl":"https:\/\/apuntesdesanluis.com\/wp-content\/uploads\/2024\/02\/MARTIN-LOUSTEAU.png","width":600,"height":360},{"@type":"BreadcrumbList","@id":"https:\/\/apuntesdesanluis.com\/index.php\/2024\/04\/24\/denunciaron-a-martin-lousteau-por-negociaciones-incompatibles-con-la-funcion-publica\/#breadcrumb","itemListElement":[{"@type":"ListItem","position":1,"name":"Inicio","item":"https:\/\/apuntesdesanluis.com\/"},{"@type":"ListItem","position":2,"name":"DENUNCIARON A MART\u00cdN LOUSTEAU POR &#8220;NEGOCIACIONES INCOMPATIBLES CON LA FUNCI\u00d3N P\u00daBLICA&#8221;"}]},{"@type":"WebSite","@id":"https:\/\/apuntesdesanluis.com\/#website","url":"https:\/\/apuntesdesanluis.com\/","name":"Apuntes de San Luis","description":"","publisher":{"@id":"https:\/\/apuntesdesanluis.com\/#\/schema\/person\/b55151d52296fcce64d1a72538a70b90"},"potentialAction":[{"@type":"SearchAction","target":{"@type":"EntryPoint","urlTemplate":"https:\/\/apuntesdesanluis.com\/?s={search_term_string}"},"query-input":{"@type":"PropertyValueSpecification","valueRequired":true,"valueName":"search_term_string"}}],"inLanguage":"es-AR"},{"@type":["Person","Organization"],"@id":"https:\/\/apuntesdesanluis.com\/#\/schema\/person\/b55151d52296fcce64d1a72538a70b90","name":"apuntesdesanluis.com","image":{"@type":"ImageObject","inLanguage":"es-AR","@id":"https:\/\/apuntesdesanluis.com\/#\/schema\/person\/image\/","url":"https:\/\/apuntesdesanluis.com\/wp-content\/uploads\/2023\/07\/cropped-apuntesdesanluis.png","contentUrl":"https:\/\/apuntesdesanluis.com\/wp-content\/uploads\/2023\/07\/cropped-apuntesdesanluis.png","width":450,"height":112,"caption":"apuntesdesanluis.com"},"logo":{"@id":"https:\/\/apuntesdesanluis.com\/#\/schema\/person\/image\/"},"sameAs":["https:\/\/apuntesdesanluis.com"],"url":"https:\/\/apuntesdesanluis.com\/index.php\/author\/apuntesdesanluis-com\/"}]}},"featured_image_urls":{"full":["https:\/\/apuntesdesanluis.com\/wp-content\/uploads\/2024\/02\/MARTIN-LOUSTEAU.png",600,360,false],"thumbnail":["https:\/\/apuntesdesanluis.com\/wp-content\/uploads\/2024\/02\/MARTIN-LOUSTEAU-150x150.png",150,150,true],"medium":["https:\/\/apuntesdesanluis.com\/wp-content\/uploads\/2024\/02\/MARTIN-LOUSTEAU-300x180.png",300,180,true],"medium_large":["https:\/\/apuntesdesanluis.com\/wp-content\/uploads\/2024\/02\/MARTIN-LOUSTEAU.png",600,360,false],"large":["https:\/\/apuntesdesanluis.com\/wp-content\/uploads\/2024\/02\/MARTIN-LOUSTEAU.png",600,360,false],"1536x1536":["https:\/\/apuntesdesanluis.com\/wp-content\/uploads\/2024\/02\/MARTIN-LOUSTEAU.png",600,360,false],"2048x2048":["https:\/\/apuntesdesanluis.com\/wp-content\/uploads\/2024\/02\/MARTIN-LOUSTEAU.png",600,360,false],"newsever-slider-full":["https:\/\/apuntesdesanluis.com\/wp-content\/uploads\/2024\/02\/MARTIN-LOUSTEAU.png",600,360,false],"newsever-featured":["https:\/\/apuntesdesanluis.com\/wp-content\/uploads\/2024\/02\/MARTIN-LOUSTEAU.png",600,360,false],"newsever-medium":["https:\/\/apuntesdesanluis.com\/wp-content\/uploads\/2024\/02\/MARTIN-LOUSTEAU.png",600,360,false]},"author_info":{"display_name":"apuntesdesanluis.com","author_link":"https:\/\/apuntesdesanluis.com\/index.php\/author\/apuntesdesanluis-com\/"},"category_info":"<a href=\"https:\/\/apuntesdesanluis.com\/index.php\/category\/nacionales-internacionales\/\" rel=\"category tag\">Nacionales\/Internacionales<\/a>","tag_info":"Nacionales\/Internacionales","comment_count":"0","_links":{"self":[{"href":"https:\/\/apuntesdesanluis.com\/index.php\/wp-json\/wp\/v2\/posts\/15216","targetHints":{"allow":["GET"]}}],"collection":[{"href":"https:\/\/apuntesdesanluis.com\/index.php\/wp-json\/wp\/v2\/posts"}],"about":[{"href":"https:\/\/apuntesdesanluis.com\/index.php\/wp-json\/wp\/v2\/types\/post"}],"author":[{"embeddable":true,"href":"https:\/\/apuntesdesanluis.com\/index.php\/wp-json\/wp\/v2\/users\/1"}],"replies":[{"embeddable":true,"href":"https:\/\/apuntesdesanluis.com\/index.php\/wp-json\/wp\/v2\/comments?post=15216"}],"version-history":[{"count":1,"href":"https:\/\/apuntesdesanluis.com\/index.php\/wp-json\/wp\/v2\/posts\/15216\/revisions"}],"predecessor-version":[{"id":15218,"href":"https:\/\/apuntesdesanluis.com\/index.php\/wp-json\/wp\/v2\/posts\/15216\/revisions\/15218"}],"wp:featuredmedia":[{"embeddable":true,"href":"https:\/\/apuntesdesanluis.com\/index.php\/wp-json\/wp\/v2\/media\/11402"}],"wp:attachment":[{"href":"https:\/\/apuntesdesanluis.com\/index.php\/wp-json\/wp\/v2\/media?parent=15216"}],"wp:term":[{"taxonomy":"category","embeddable":true,"href":"https:\/\/apuntesdesanluis.com\/index.php\/wp-json\/wp\/v2\/categories?post=15216"},{"taxonomy":"post_tag","embeddable":true,"href":"https:\/\/apuntesdesanluis.com\/index.php\/wp-json\/wp\/v2\/tags?post=15216"}],"curies":[{"name":"wp","href":"https:\/\/api.w.org\/{rel}","templated":true}]}}