{"id":15219,"date":"2024-04-25T00:21:04","date_gmt":"2024-04-25T03:21:04","guid":{"rendered":"https:\/\/apuntesdesanluis.com\/?p=15219"},"modified":"2024-04-25T06:59:51","modified_gmt":"2024-04-25T09:59:51","slug":"poggi-frente-a-la-soledad-del-poder","status":"publish","type":"post","link":"https:\/\/apuntesdesanluis.com\/index.php\/2024\/04\/25\/poggi-frente-a-la-soledad-del-poder\/","title":{"rendered":"POGGI FRENTE A LA SOLEDAD DEL PODER"},"content":{"rendered":"<h3>Por <span style=\"color: #000000;\"><strong>Eduardo Gargiulo<\/strong><\/span><\/h3>\n<h3>Las \u00faltimas semanas no han sido placenteras para el gobernador <strong>Claudio Poggi<\/strong>, en t\u00e9rminos de su imagen personal y la gesti\u00f3n que encabeza. Una serie de hechos lo mantienen intranquilo y se le nota en el rostro, m\u00e1s tenso que de costumbre.<\/h3>\n<h3>La falta de recursos que oxigenen la gesti\u00f3n y le permitan realizar anuncios de relevancia le disgusta. El gobierno trata de ganar tiempo instalando algunos debates menores, como para distraer la atenci\u00f3n p\u00fablica, pero le terminan costando caro o creando confusi\u00f3n en la ciudadan\u00eda. Algunos lo justifican en \u201cproblemas de comunicaci\u00f3n\u201d. Otros lo asignan directamente a decisiones del propio gobernador y su entorno m\u00e1s cercano.<\/h3>\n<h3>Veamos seis ejemplos para graficar de qu\u00e9 hablamos:<\/h3>\n<h3><strong>1.-<\/strong> \u00bfEra necesario confrontar con los m\u00e9dicos refreg\u00e1ndoles lo que ganan? Convengamos que $1.500.000 para un profesional que estudi\u00f3 entre 10 y 12 a\u00f1os y adem\u00e1s salva vidas, no suena a fortuna. Si a eso se suma que el b\u00e1sico es de 500 o 600 mil pesos y lo dem\u00e1s es por guardias o bloqueo de t\u00edtulo, en realidad uno termina pensando que en realidad ganan poco. Porque esos otros conceptos son NO remunerativos.<\/h3>\n<h3>Si la idea es enfrentarlos con la sociedad a partir de los billetes que entran al bolsillo cada mes, suena equivocado. Aplicando la misma vara, \u00bfentonces deber\u00edamos meter presos a los concejales, diputados, senadores o ministros provinciales por lo que cobran?<\/h3>\n<h3><strong>2.-<\/strong> \u00bfNo es confuso que profese un alineamiento permanente con el presidente <strong>Javier Milei<\/strong> (\u201cHay que aprobarle los proyectos que necesita para gobernar\u201d, repite) y, en simult\u00e1neo, publique todos los meses desde enero que el gobierno nacional le reduce las transferencias por coparticipaci\u00f3n?<\/h3>\n<h3><strong>3.-\u00a0<\/strong>La sorpresiva<strong> licencia<\/strong> de una semana que se tom\u00f3 a mediados de este mes, \u00bfno mereci\u00f3 alg\u00fan tipo de explicaci\u00f3n?<\/h3>\n<h3>Se sabe que el vac\u00edo informativo es el principal combustible del rumor. A partir de all\u00ed se lleg\u00f3 a decir que necesitaba descansar porque se sent\u00eda estresado, que lo hac\u00eda para dedicarse a acompa\u00f1ar a su esposa enferma y otro, que era para abocarse a preparar su defensa por una causa de enriquecimiento il\u00edcito que impuls\u00f3 un conocido operador de prensa albertista.<\/h3>\n<h3>A pesar de estas versiones, oficialmente nada se dijo, por lo que se habilit\u00f3 la libre circulaci\u00f3n de bolazos de todo tipo.<\/h3>\n<h3><strong>4.-<\/strong> \u00bfFue realmente meditado y estudiado en profundidad el anuncio de <strong>eliminaci\u00f3n de la feria judicial<\/strong>, sin reconocer que los problemas del servicio de justicia son much\u00edsimo m\u00e1s profundos?<\/h3>\n<h3>La dur\u00edsima postura expresada por el <strong>Colegio de Abogados y Procuradores de Villa Mercedes,<\/strong> en contra de la citada medida, deber\u00edan hacerlo recapacitar.<\/h3>\n<h3><strong>5.-<\/strong> Plantear la modificaci\u00f3n de <strong>carrera sanitaria<\/strong> eliminando en algunos casos el <strong>bloqueo de t\u00edtulo<\/strong>, \u00bfno debi\u00f3 someterse previamente a un consenso con los principales actores?<\/h3>\n<h3>La oposici\u00f3n a la medida expresada por la combativa <strong>APTS<\/strong>, cuya conducci\u00f3n supo tejer una buena relaci\u00f3n a\u00f1os atr\u00e1s con el entonces candidato a gobernador, hace pensar que en algo se est\u00e1 fallando.<\/h3>\n<h3><strong>6.-<\/strong> \u00bfNo result\u00f3 inoportuno que hiciera anuncios de car\u00e1cter provincial la misma noche en que conclu\u00eda la <strong>Marcha Federal Universitaria<\/strong>?<\/h3>\n<h3>Lo que dijo qued\u00f3 eclipsado, naturalmente, por la expectativa y magnitud de la protesta universitaria. Pero adem\u00e1s, los anuncios tampoco tuvieron la envergadura y urgencia que justificaran el momento elegido.<\/h3>\n<h3>Teniendo en cuenta la excelente vinculaci\u00f3n que el gobernador ha logrado construir con las universidades nacionales, firmando importantes convenios. Y el rol que su administraci\u00f3n concede a las casas de estudios superiores \u00bfno ameritaba su presencia encabezando la protesta?.<\/h3>\n<h3>Se vienen meses dur\u00edsimos. Lo que queda de Oto\u00f1o y el Invierno que se avecina, son estaciones que marcar\u00e1n no s\u00f3lo el rumbo de la econom\u00eda y la suerte del gobierno libertario, sino tambi\u00e9n la orientaci\u00f3n del humor social.<\/h3>\n<h3>Por ahora el gobernador apuesta todas sus fichas a que la moratoria provincial provea de fondos frescos a su administraci\u00f3n y que el Congreso apruebe la Ley Bases y el restablecimiento del impuesto a las ganancias, para que engorde la magra coparticipaci\u00f3n que recibe del gobierno nacional.<\/h3>\n<h3>Mientras tanto, insiste en propiciar que el sector privado aumente su productividad para que se convierta en el motor generador de empleo. Buen plan, aunque poco probable, por la vertiginosa ca\u00edda del consumo y de los principales indicadores econ\u00f3micos. \u00c9l lo sabe, como buen contador que es.<\/h3>\n<h3>Tiempos dif\u00edciles si los hay. Diez a\u00f1os atr\u00e1s, en el mismo cargo, gobernaba una provincia con fondo anticrisis y los padrinos de doble apellido asesorando. Hoy no tiene plata, gobierna sin tutores y un presidente al que le rinde pleites\u00eda pero con el que nunca habla. Tampoco dispone de interlocutores directos (diputados o senadores) que le dispensen ese puente.<\/h3>\n<h3>Claudio Poggi, por estas horas, y a pesar de todos los funcionarios que lo rodean, debe haber comenzado a experimentar la llamada soledad del poder. Ese estado de conciencia que se adquiere en la c\u00faspide de la potestad. De encontrarse solo, frente a la toma de decisiones y el temor al grave error.<\/h3>\n<h3>Si ese momento hubiera llegado, y no sea solo elucubraci\u00f3n de este analista, ojal\u00e1 sepa diferenciar entre aduladores y realistas, para equivocarse un poco menos y sentirse mejor acompa\u00f1ado.<\/h3>\n<h3>Ser\u00eda una pena dilapidar tantas esperanzas en \u00e9l depositadas.<\/h3>\n<p>&nbsp;<\/p>\n<p>&nbsp;<\/p>\n<p>&nbsp;<\/p>\n<h3><\/h3>\n<h3><\/h3>\n<h3><\/h3>\n","protected":false},"excerpt":{"rendered":"<p>Por Eduardo Gargiulo Las \u00faltimas semanas no han sido placenteras para el gobernador Claudio Poggi,&#8230;<\/p>\n","protected":false},"author":1,"featured_media":15220,"comment_status":"closed","ping_status":"closed","sticky":false,"template":"","format":"standard","meta":{"footnotes":""},"categories":[9],"tags":[],"class_list":["post-15219","post","type-post","status-publish","format-standard","has-post-thumbnail","hentry","category-opinion"],"yoast_head":"<!-- This site is optimized with the Yoast SEO plugin v26.1.1 - https:\/\/yoast.com\/wordpress\/plugins\/seo\/ -->\n<title>POGGI FRENTE A LA SOLEDAD DEL PODER - Apuntes de San Luis<\/title>\n<meta name=\"robots\" content=\"index, follow, max-snippet:-1, max-image-preview:large, max-video-preview:-1\" \/>\n<link rel=\"canonical\" href=\"https:\/\/apuntesdesanluis.com\/index.php\/2024\/04\/25\/poggi-frente-a-la-soledad-del-poder\/\" \/>\n<meta property=\"og:locale\" content=\"es_ES\" \/>\n<meta property=\"og:type\" content=\"article\" \/>\n<meta property=\"og:title\" content=\"POGGI FRENTE A LA SOLEDAD DEL PODER - Apuntes de San Luis\" \/>\n<meta property=\"og:description\" content=\"Por Eduardo Gargiulo Las \u00faltimas semanas no han sido placenteras para el gobernador Claudio Poggi,...\" \/>\n<meta property=\"og:url\" content=\"https:\/\/apuntesdesanluis.com\/index.php\/2024\/04\/25\/poggi-frente-a-la-soledad-del-poder\/\" \/>\n<meta property=\"og:site_name\" content=\"Apuntes de San Luis\" \/>\n<meta property=\"article:published_time\" content=\"2024-04-25T03:21:04+00:00\" \/>\n<meta property=\"article:modified_time\" content=\"2024-04-25T09:59:51+00:00\" \/>\n<meta property=\"og:image\" content=\"https:\/\/apuntesdesanluis.com\/wp-content\/uploads\/2024\/04\/poggi-2.png\" \/>\n\t<meta property=\"og:image:width\" content=\"590\" \/>\n\t<meta property=\"og:image:height\" content=\"348\" \/>\n\t<meta property=\"og:image:type\" content=\"image\/png\" \/>\n<meta name=\"author\" content=\"apuntesdesanluis.com\" \/>\n<meta name=\"twitter:card\" content=\"summary_large_image\" \/>\n<meta name=\"twitter:label1\" content=\"Escrito por\" \/>\n\t<meta name=\"twitter:data1\" content=\"apuntesdesanluis.com\" \/>\n\t<meta name=\"twitter:label2\" content=\"Tiempo de lectura\" \/>\n\t<meta name=\"twitter:data2\" content=\"4 minutos\" \/>\n<script type=\"application\/ld+json\" class=\"yoast-schema-graph\">{\"@context\":\"https:\/\/schema.org\",\"@graph\":[{\"@type\":\"Article\",\"@id\":\"https:\/\/apuntesdesanluis.com\/index.php\/2024\/04\/25\/poggi-frente-a-la-soledad-del-poder\/#article\",\"isPartOf\":{\"@id\":\"https:\/\/apuntesdesanluis.com\/index.php\/2024\/04\/25\/poggi-frente-a-la-soledad-del-poder\/\"},\"author\":{\"name\":\"apuntesdesanluis.com\",\"@id\":\"https:\/\/apuntesdesanluis.com\/#\/schema\/person\/b55151d52296fcce64d1a72538a70b90\"},\"headline\":\"POGGI FRENTE A LA SOLEDAD DEL PODER\",\"datePublished\":\"2024-04-25T03:21:04+00:00\",\"dateModified\":\"2024-04-25T09:59:51+00:00\",\"mainEntityOfPage\":{\"@id\":\"https:\/\/apuntesdesanluis.com\/index.php\/2024\/04\/25\/poggi-frente-a-la-soledad-del-poder\/\"},\"wordCount\":933,\"publisher\":{\"@id\":\"https:\/\/apuntesdesanluis.com\/#\/schema\/person\/b55151d52296fcce64d1a72538a70b90\"},\"image\":{\"@id\":\"https:\/\/apuntesdesanluis.com\/index.php\/2024\/04\/25\/poggi-frente-a-la-soledad-del-poder\/#primaryimage\"},\"thumbnailUrl\":\"https:\/\/apuntesdesanluis.com\/wp-content\/uploads\/2024\/04\/poggi-2.png\",\"articleSection\":[\"Opini\u00f3n\"],\"inLanguage\":\"es-AR\"},{\"@type\":\"WebPage\",\"@id\":\"https:\/\/apuntesdesanluis.com\/index.php\/2024\/04\/25\/poggi-frente-a-la-soledad-del-poder\/\",\"url\":\"https:\/\/apuntesdesanluis.com\/index.php\/2024\/04\/25\/poggi-frente-a-la-soledad-del-poder\/\",\"name\":\"POGGI FRENTE A LA SOLEDAD DEL PODER - Apuntes de San Luis\",\"isPartOf\":{\"@id\":\"https:\/\/apuntesdesanluis.com\/#website\"},\"primaryImageOfPage\":{\"@id\":\"https:\/\/apuntesdesanluis.com\/index.php\/2024\/04\/25\/poggi-frente-a-la-soledad-del-poder\/#primaryimage\"},\"image\":{\"@id\":\"https:\/\/apuntesdesanluis.com\/index.php\/2024\/04\/25\/poggi-frente-a-la-soledad-del-poder\/#primaryimage\"},\"thumbnailUrl\":\"https:\/\/apuntesdesanluis.com\/wp-content\/uploads\/2024\/04\/poggi-2.png\",\"datePublished\":\"2024-04-25T03:21:04+00:00\",\"dateModified\":\"2024-04-25T09:59:51+00:00\",\"breadcrumb\":{\"@id\":\"https:\/\/apuntesdesanluis.com\/index.php\/2024\/04\/25\/poggi-frente-a-la-soledad-del-poder\/#breadcrumb\"},\"inLanguage\":\"es-AR\",\"potentialAction\":[{\"@type\":\"ReadAction\",\"target\":[\"https:\/\/apuntesdesanluis.com\/index.php\/2024\/04\/25\/poggi-frente-a-la-soledad-del-poder\/\"]}]},{\"@type\":\"ImageObject\",\"inLanguage\":\"es-AR\",\"@id\":\"https:\/\/apuntesdesanluis.com\/index.php\/2024\/04\/25\/poggi-frente-a-la-soledad-del-poder\/#primaryimage\",\"url\":\"https:\/\/apuntesdesanluis.com\/wp-content\/uploads\/2024\/04\/poggi-2.png\",\"contentUrl\":\"https:\/\/apuntesdesanluis.com\/wp-content\/uploads\/2024\/04\/poggi-2.png\",\"width\":590,\"height\":348},{\"@type\":\"BreadcrumbList\",\"@id\":\"https:\/\/apuntesdesanluis.com\/index.php\/2024\/04\/25\/poggi-frente-a-la-soledad-del-poder\/#breadcrumb\",\"itemListElement\":[{\"@type\":\"ListItem\",\"position\":1,\"name\":\"Inicio\",\"item\":\"https:\/\/apuntesdesanluis.com\/\"},{\"@type\":\"ListItem\",\"position\":2,\"name\":\"POGGI FRENTE A LA SOLEDAD DEL PODER\"}]},{\"@type\":\"WebSite\",\"@id\":\"https:\/\/apuntesdesanluis.com\/#website\",\"url\":\"https:\/\/apuntesdesanluis.com\/\",\"name\":\"Apuntes de San Luis\",\"description\":\"\",\"publisher\":{\"@id\":\"https:\/\/apuntesdesanluis.com\/#\/schema\/person\/b55151d52296fcce64d1a72538a70b90\"},\"potentialAction\":[{\"@type\":\"SearchAction\",\"target\":{\"@type\":\"EntryPoint\",\"urlTemplate\":\"https:\/\/apuntesdesanluis.com\/?s={search_term_string}\"},\"query-input\":{\"@type\":\"PropertyValueSpecification\",\"valueRequired\":true,\"valueName\":\"search_term_string\"}}],\"inLanguage\":\"es-AR\"},{\"@type\":[\"Person\",\"Organization\"],\"@id\":\"https:\/\/apuntesdesanluis.com\/#\/schema\/person\/b55151d52296fcce64d1a72538a70b90\",\"name\":\"apuntesdesanluis.com\",\"image\":{\"@type\":\"ImageObject\",\"inLanguage\":\"es-AR\",\"@id\":\"https:\/\/apuntesdesanluis.com\/#\/schema\/person\/image\/\",\"url\":\"https:\/\/apuntesdesanluis.com\/wp-content\/uploads\/2023\/07\/cropped-apuntesdesanluis.png\",\"contentUrl\":\"https:\/\/apuntesdesanluis.com\/wp-content\/uploads\/2023\/07\/cropped-apuntesdesanluis.png\",\"width\":450,\"height\":112,\"caption\":\"apuntesdesanluis.com\"},\"logo\":{\"@id\":\"https:\/\/apuntesdesanluis.com\/#\/schema\/person\/image\/\"},\"sameAs\":[\"https:\/\/apuntesdesanluis.com\"],\"url\":\"https:\/\/apuntesdesanluis.com\/index.php\/author\/apuntesdesanluis-com\/\"}]}<\/script>\n<!-- \/ Yoast SEO plugin. -->","yoast_head_json":{"title":"POGGI FRENTE A LA SOLEDAD DEL PODER - Apuntes de San Luis","robots":{"index":"index","follow":"follow","max-snippet":"max-snippet:-1","max-image-preview":"max-image-preview:large","max-video-preview":"max-video-preview:-1"},"canonical":"https:\/\/apuntesdesanluis.com\/index.php\/2024\/04\/25\/poggi-frente-a-la-soledad-del-poder\/","og_locale":"es_ES","og_type":"article","og_title":"POGGI FRENTE A LA SOLEDAD DEL PODER - Apuntes de San Luis","og_description":"Por Eduardo Gargiulo Las \u00faltimas semanas no han sido placenteras para el gobernador Claudio Poggi,...","og_url":"https:\/\/apuntesdesanluis.com\/index.php\/2024\/04\/25\/poggi-frente-a-la-soledad-del-poder\/","og_site_name":"Apuntes de San Luis","article_published_time":"2024-04-25T03:21:04+00:00","article_modified_time":"2024-04-25T09:59:51+00:00","og_image":[{"width":590,"height":348,"url":"https:\/\/apuntesdesanluis.com\/wp-content\/uploads\/2024\/04\/poggi-2.png","type":"image\/png"}],"author":"apuntesdesanluis.com","twitter_card":"summary_large_image","twitter_misc":{"Escrito por":"apuntesdesanluis.com","Tiempo de lectura":"4 minutos"},"schema":{"@context":"https:\/\/schema.org","@graph":[{"@type":"Article","@id":"https:\/\/apuntesdesanluis.com\/index.php\/2024\/04\/25\/poggi-frente-a-la-soledad-del-poder\/#article","isPartOf":{"@id":"https:\/\/apuntesdesanluis.com\/index.php\/2024\/04\/25\/poggi-frente-a-la-soledad-del-poder\/"},"author":{"name":"apuntesdesanluis.com","@id":"https:\/\/apuntesdesanluis.com\/#\/schema\/person\/b55151d52296fcce64d1a72538a70b90"},"headline":"POGGI FRENTE A LA SOLEDAD DEL PODER","datePublished":"2024-04-25T03:21:04+00:00","dateModified":"2024-04-25T09:59:51+00:00","mainEntityOfPage":{"@id":"https:\/\/apuntesdesanluis.com\/index.php\/2024\/04\/25\/poggi-frente-a-la-soledad-del-poder\/"},"wordCount":933,"publisher":{"@id":"https:\/\/apuntesdesanluis.com\/#\/schema\/person\/b55151d52296fcce64d1a72538a70b90"},"image":{"@id":"https:\/\/apuntesdesanluis.com\/index.php\/2024\/04\/25\/poggi-frente-a-la-soledad-del-poder\/#primaryimage"},"thumbnailUrl":"https:\/\/apuntesdesanluis.com\/wp-content\/uploads\/2024\/04\/poggi-2.png","articleSection":["Opini\u00f3n"],"inLanguage":"es-AR"},{"@type":"WebPage","@id":"https:\/\/apuntesdesanluis.com\/index.php\/2024\/04\/25\/poggi-frente-a-la-soledad-del-poder\/","url":"https:\/\/apuntesdesanluis.com\/index.php\/2024\/04\/25\/poggi-frente-a-la-soledad-del-poder\/","name":"POGGI FRENTE A LA SOLEDAD DEL PODER - Apuntes de San Luis","isPartOf":{"@id":"https:\/\/apuntesdesanluis.com\/#website"},"primaryImageOfPage":{"@id":"https:\/\/apuntesdesanluis.com\/index.php\/2024\/04\/25\/poggi-frente-a-la-soledad-del-poder\/#primaryimage"},"image":{"@id":"https:\/\/apuntesdesanluis.com\/index.php\/2024\/04\/25\/poggi-frente-a-la-soledad-del-poder\/#primaryimage"},"thumbnailUrl":"https:\/\/apuntesdesanluis.com\/wp-content\/uploads\/2024\/04\/poggi-2.png","datePublished":"2024-04-25T03:21:04+00:00","dateModified":"2024-04-25T09:59:51+00:00","breadcrumb":{"@id":"https:\/\/apuntesdesanluis.com\/index.php\/2024\/04\/25\/poggi-frente-a-la-soledad-del-poder\/#breadcrumb"},"inLanguage":"es-AR","potentialAction":[{"@type":"ReadAction","target":["https:\/\/apuntesdesanluis.com\/index.php\/2024\/04\/25\/poggi-frente-a-la-soledad-del-poder\/"]}]},{"@type":"ImageObject","inLanguage":"es-AR","@id":"https:\/\/apuntesdesanluis.com\/index.php\/2024\/04\/25\/poggi-frente-a-la-soledad-del-poder\/#primaryimage","url":"https:\/\/apuntesdesanluis.com\/wp-content\/uploads\/2024\/04\/poggi-2.png","contentUrl":"https:\/\/apuntesdesanluis.com\/wp-content\/uploads\/2024\/04\/poggi-2.png","width":590,"height":348},{"@type":"BreadcrumbList","@id":"https:\/\/apuntesdesanluis.com\/index.php\/2024\/04\/25\/poggi-frente-a-la-soledad-del-poder\/#breadcrumb","itemListElement":[{"@type":"ListItem","position":1,"name":"Inicio","item":"https:\/\/apuntesdesanluis.com\/"},{"@type":"ListItem","position":2,"name":"POGGI FRENTE A LA SOLEDAD DEL PODER"}]},{"@type":"WebSite","@id":"https:\/\/apuntesdesanluis.com\/#website","url":"https:\/\/apuntesdesanluis.com\/","name":"Apuntes de San Luis","description":"","publisher":{"@id":"https:\/\/apuntesdesanluis.com\/#\/schema\/person\/b55151d52296fcce64d1a72538a70b90"},"potentialAction":[{"@type":"SearchAction","target":{"@type":"EntryPoint","urlTemplate":"https:\/\/apuntesdesanluis.com\/?s={search_term_string}"},"query-input":{"@type":"PropertyValueSpecification","valueRequired":true,"valueName":"search_term_string"}}],"inLanguage":"es-AR"},{"@type":["Person","Organization"],"@id":"https:\/\/apuntesdesanluis.com\/#\/schema\/person\/b55151d52296fcce64d1a72538a70b90","name":"apuntesdesanluis.com","image":{"@type":"ImageObject","inLanguage":"es-AR","@id":"https:\/\/apuntesdesanluis.com\/#\/schema\/person\/image\/","url":"https:\/\/apuntesdesanluis.com\/wp-content\/uploads\/2023\/07\/cropped-apuntesdesanluis.png","contentUrl":"https:\/\/apuntesdesanluis.com\/wp-content\/uploads\/2023\/07\/cropped-apuntesdesanluis.png","width":450,"height":112,"caption":"apuntesdesanluis.com"},"logo":{"@id":"https:\/\/apuntesdesanluis.com\/#\/schema\/person\/image\/"},"sameAs":["https:\/\/apuntesdesanluis.com"],"url":"https:\/\/apuntesdesanluis.com\/index.php\/author\/apuntesdesanluis-com\/"}]}},"featured_image_urls":{"full":["https:\/\/apuntesdesanluis.com\/wp-content\/uploads\/2024\/04\/poggi-2.png",590,348,false],"thumbnail":["https:\/\/apuntesdesanluis.com\/wp-content\/uploads\/2024\/04\/poggi-2-150x150.png",150,150,true],"medium":["https:\/\/apuntesdesanluis.com\/wp-content\/uploads\/2024\/04\/poggi-2-300x177.png",300,177,true],"medium_large":["https:\/\/apuntesdesanluis.com\/wp-content\/uploads\/2024\/04\/poggi-2.png",590,348,false],"large":["https:\/\/apuntesdesanluis.com\/wp-content\/uploads\/2024\/04\/poggi-2.png",590,348,false],"1536x1536":["https:\/\/apuntesdesanluis.com\/wp-content\/uploads\/2024\/04\/poggi-2.png",590,348,false],"2048x2048":["https:\/\/apuntesdesanluis.com\/wp-content\/uploads\/2024\/04\/poggi-2.png",590,348,false],"newsever-slider-full":["https:\/\/apuntesdesanluis.com\/wp-content\/uploads\/2024\/04\/poggi-2.png",590,348,false],"newsever-featured":["https:\/\/apuntesdesanluis.com\/wp-content\/uploads\/2024\/04\/poggi-2.png",590,348,false],"newsever-medium":["https:\/\/apuntesdesanluis.com\/wp-content\/uploads\/2024\/04\/poggi-2.png",590,348,false]},"author_info":{"display_name":"apuntesdesanluis.com","author_link":"https:\/\/apuntesdesanluis.com\/index.php\/author\/apuntesdesanluis-com\/"},"category_info":"<a href=\"https:\/\/apuntesdesanluis.com\/index.php\/category\/opinion\/\" rel=\"category tag\">Opini\u00f3n<\/a>","tag_info":"Opini\u00f3n","comment_count":"0","_links":{"self":[{"href":"https:\/\/apuntesdesanluis.com\/index.php\/wp-json\/wp\/v2\/posts\/15219","targetHints":{"allow":["GET"]}}],"collection":[{"href":"https:\/\/apuntesdesanluis.com\/index.php\/wp-json\/wp\/v2\/posts"}],"about":[{"href":"https:\/\/apuntesdesanluis.com\/index.php\/wp-json\/wp\/v2\/types\/post"}],"author":[{"embeddable":true,"href":"https:\/\/apuntesdesanluis.com\/index.php\/wp-json\/wp\/v2\/users\/1"}],"replies":[{"embeddable":true,"href":"https:\/\/apuntesdesanluis.com\/index.php\/wp-json\/wp\/v2\/comments?post=15219"}],"version-history":[{"count":16,"href":"https:\/\/apuntesdesanluis.com\/index.php\/wp-json\/wp\/v2\/posts\/15219\/revisions"}],"predecessor-version":[{"id":15236,"href":"https:\/\/apuntesdesanluis.com\/index.php\/wp-json\/wp\/v2\/posts\/15219\/revisions\/15236"}],"wp:featuredmedia":[{"embeddable":true,"href":"https:\/\/apuntesdesanluis.com\/index.php\/wp-json\/wp\/v2\/media\/15220"}],"wp:attachment":[{"href":"https:\/\/apuntesdesanluis.com\/index.php\/wp-json\/wp\/v2\/media?parent=15219"}],"wp:term":[{"taxonomy":"category","embeddable":true,"href":"https:\/\/apuntesdesanluis.com\/index.php\/wp-json\/wp\/v2\/categories?post=15219"},{"taxonomy":"post_tag","embeddable":true,"href":"https:\/\/apuntesdesanluis.com\/index.php\/wp-json\/wp\/v2\/tags?post=15219"}],"curies":[{"name":"wp","href":"https:\/\/api.w.org\/{rel}","templated":true}]}}