{"id":15239,"date":"2024-04-25T09:02:18","date_gmt":"2024-04-25T12:02:18","guid":{"rendered":"https:\/\/apuntesdesanluis.com\/?p=15239"},"modified":"2024-04-25T10:40:46","modified_gmt":"2024-04-25T13:40:46","slug":"el-gobernador-suspendio-toda-su-actividad-por-un-estado-gripal","status":"publish","type":"post","link":"https:\/\/apuntesdesanluis.com\/index.php\/2024\/04\/25\/el-gobernador-suspendio-toda-su-actividad-por-un-estado-gripal\/","title":{"rendered":"EL GOBERNADOR SUSPENDI\u00d3 TODA SU ACTIVIDAD POR UN ESTADO GRIPAL"},"content":{"rendered":"<h3>La Agencia de Noticias del gobierno confirm\u00f3 la noticia este jueves a las 07: 36 h.<\/h3>\n<h3>\u201cProducto de un estado gripal que lo aqueja desde hace unos d\u00edas, el gobernador de la provincia, Claudio Poggi, ha suspendido todas sus actividades oficiales y administrativas previstas para la jornada del jueves 25 de abril\u201d, se indic\u00f3.<\/h3>\n<h3>Por esta raz\u00f3n, se inform\u00f3 la suspensi\u00f3n de la actividad prevista en el B\u00b0 Pringles de Villa Mercedes para hoy a las 17:00 h, por la puesta en marcha de la primera etapa de la Alarma Ciudadana, la cual ser\u00e1 reprogramada.<\/h3>\n<p>&nbsp;<\/p>\n<p>&nbsp;<\/p>\n<p>&nbsp;<\/p>\n","protected":false},"excerpt":{"rendered":"<p>La Agencia de Noticias del gobierno confirm\u00f3 la noticia este jueves a las 07: 36&#8230;<\/p>\n","protected":false},"author":1,"featured_media":15240,"comment_status":"closed","ping_status":"closed","sticky":false,"template":"","format":"standard","meta":{"footnotes":""},"categories":[6],"tags":[],"class_list":["post-15239","post","type-post","status-publish","format-standard","has-post-thumbnail","hentry","category-ciudad-provincia"],"yoast_head":"<!-- This site is optimized with the Yoast SEO plugin v26.1.1 - https:\/\/yoast.com\/wordpress\/plugins\/seo\/ -->\n<title>EL GOBERNADOR SUSPENDI\u00d3 TODA SU ACTIVIDAD POR UN ESTADO GRIPAL - Apuntes de San Luis<\/title>\n<meta name=\"robots\" content=\"index, follow, max-snippet:-1, max-image-preview:large, max-video-preview:-1\" \/>\n<link rel=\"canonical\" href=\"https:\/\/apuntesdesanluis.com\/index.php\/2024\/04\/25\/el-gobernador-suspendio-toda-su-actividad-por-un-estado-gripal\/\" \/>\n<meta property=\"og:locale\" content=\"es_ES\" \/>\n<meta property=\"og:type\" content=\"article\" \/>\n<meta property=\"og:title\" content=\"EL GOBERNADOR SUSPENDI\u00d3 TODA SU ACTIVIDAD POR UN ESTADO GRIPAL - Apuntes de San Luis\" \/>\n<meta property=\"og:description\" content=\"La Agencia de Noticias del gobierno confirm\u00f3 la noticia este jueves a las 07: 36...\" \/>\n<meta property=\"og:url\" content=\"https:\/\/apuntesdesanluis.com\/index.php\/2024\/04\/25\/el-gobernador-suspendio-toda-su-actividad-por-un-estado-gripal\/\" \/>\n<meta property=\"og:site_name\" content=\"Apuntes de San Luis\" \/>\n<meta property=\"article:published_time\" content=\"2024-04-25T12:02:18+00:00\" \/>\n<meta property=\"article:modified_time\" content=\"2024-04-25T13:40:46+00:00\" \/>\n<meta property=\"og:image\" content=\"https:\/\/apuntesdesanluis.com\/wp-content\/uploads\/2024\/04\/terrazas-1.png\" \/>\n\t<meta property=\"og:image:width\" content=\"550\" \/>\n\t<meta property=\"og:image:height\" content=\"321\" \/>\n\t<meta property=\"og:image:type\" content=\"image\/png\" \/>\n<meta name=\"author\" content=\"apuntesdesanluis.com\" \/>\n<meta name=\"twitter:card\" content=\"summary_large_image\" \/>\n<meta name=\"twitter:label1\" content=\"Escrito por\" \/>\n\t<meta name=\"twitter:data1\" content=\"apuntesdesanluis.com\" \/>\n\t<meta name=\"twitter:label2\" content=\"Tiempo de lectura\" \/>\n\t<meta name=\"twitter:data2\" content=\"1 minuto\" \/>\n<script type=\"application\/ld+json\" class=\"yoast-schema-graph\">{\"@context\":\"https:\/\/schema.org\",\"@graph\":[{\"@type\":\"Article\",\"@id\":\"https:\/\/apuntesdesanluis.com\/index.php\/2024\/04\/25\/el-gobernador-suspendio-toda-su-actividad-por-un-estado-gripal\/#article\",\"isPartOf\":{\"@id\":\"https:\/\/apuntesdesanluis.com\/index.php\/2024\/04\/25\/el-gobernador-suspendio-toda-su-actividad-por-un-estado-gripal\/\"},\"author\":{\"name\":\"apuntesdesanluis.com\",\"@id\":\"https:\/\/apuntesdesanluis.com\/#\/schema\/person\/b55151d52296fcce64d1a72538a70b90\"},\"headline\":\"EL GOBERNADOR SUSPENDI\u00d3 TODA SU ACTIVIDAD POR UN ESTADO GRIPAL\",\"datePublished\":\"2024-04-25T12:02:18+00:00\",\"dateModified\":\"2024-04-25T13:40:46+00:00\",\"mainEntityOfPage\":{\"@id\":\"https:\/\/apuntesdesanluis.com\/index.php\/2024\/04\/25\/el-gobernador-suspendio-toda-su-actividad-por-un-estado-gripal\/\"},\"wordCount\":107,\"publisher\":{\"@id\":\"https:\/\/apuntesdesanluis.com\/#\/schema\/person\/b55151d52296fcce64d1a72538a70b90\"},\"image\":{\"@id\":\"https:\/\/apuntesdesanluis.com\/index.php\/2024\/04\/25\/el-gobernador-suspendio-toda-su-actividad-por-un-estado-gripal\/#primaryimage\"},\"thumbnailUrl\":\"https:\/\/apuntesdesanluis.com\/wp-content\/uploads\/2024\/04\/terrazas-1.png\",\"articleSection\":[\"Ciudad\/Provincia\"],\"inLanguage\":\"es-AR\"},{\"@type\":\"WebPage\",\"@id\":\"https:\/\/apuntesdesanluis.com\/index.php\/2024\/04\/25\/el-gobernador-suspendio-toda-su-actividad-por-un-estado-gripal\/\",\"url\":\"https:\/\/apuntesdesanluis.com\/index.php\/2024\/04\/25\/el-gobernador-suspendio-toda-su-actividad-por-un-estado-gripal\/\",\"name\":\"EL GOBERNADOR SUSPENDI\u00d3 TODA SU ACTIVIDAD POR UN ESTADO GRIPAL - Apuntes de San Luis\",\"isPartOf\":{\"@id\":\"https:\/\/apuntesdesanluis.com\/#website\"},\"primaryImageOfPage\":{\"@id\":\"https:\/\/apuntesdesanluis.com\/index.php\/2024\/04\/25\/el-gobernador-suspendio-toda-su-actividad-por-un-estado-gripal\/#primaryimage\"},\"image\":{\"@id\":\"https:\/\/apuntesdesanluis.com\/index.php\/2024\/04\/25\/el-gobernador-suspendio-toda-su-actividad-por-un-estado-gripal\/#primaryimage\"},\"thumbnailUrl\":\"https:\/\/apuntesdesanluis.com\/wp-content\/uploads\/2024\/04\/terrazas-1.png\",\"datePublished\":\"2024-04-25T12:02:18+00:00\",\"dateModified\":\"2024-04-25T13:40:46+00:00\",\"breadcrumb\":{\"@id\":\"https:\/\/apuntesdesanluis.com\/index.php\/2024\/04\/25\/el-gobernador-suspendio-toda-su-actividad-por-un-estado-gripal\/#breadcrumb\"},\"inLanguage\":\"es-AR\",\"potentialAction\":[{\"@type\":\"ReadAction\",\"target\":[\"https:\/\/apuntesdesanluis.com\/index.php\/2024\/04\/25\/el-gobernador-suspendio-toda-su-actividad-por-un-estado-gripal\/\"]}]},{\"@type\":\"ImageObject\",\"inLanguage\":\"es-AR\",\"@id\":\"https:\/\/apuntesdesanluis.com\/index.php\/2024\/04\/25\/el-gobernador-suspendio-toda-su-actividad-por-un-estado-gripal\/#primaryimage\",\"url\":\"https:\/\/apuntesdesanluis.com\/wp-content\/uploads\/2024\/04\/terrazas-1.png\",\"contentUrl\":\"https:\/\/apuntesdesanluis.com\/wp-content\/uploads\/2024\/04\/terrazas-1.png\",\"width\":550,\"height\":321},{\"@type\":\"BreadcrumbList\",\"@id\":\"https:\/\/apuntesdesanluis.com\/index.php\/2024\/04\/25\/el-gobernador-suspendio-toda-su-actividad-por-un-estado-gripal\/#breadcrumb\",\"itemListElement\":[{\"@type\":\"ListItem\",\"position\":1,\"name\":\"Inicio\",\"item\":\"https:\/\/apuntesdesanluis.com\/\"},{\"@type\":\"ListItem\",\"position\":2,\"name\":\"EL GOBERNADOR SUSPENDI\u00d3 TODA SU ACTIVIDAD POR UN ESTADO GRIPAL\"}]},{\"@type\":\"WebSite\",\"@id\":\"https:\/\/apuntesdesanluis.com\/#website\",\"url\":\"https:\/\/apuntesdesanluis.com\/\",\"name\":\"Apuntes de San Luis\",\"description\":\"\",\"publisher\":{\"@id\":\"https:\/\/apuntesdesanluis.com\/#\/schema\/person\/b55151d52296fcce64d1a72538a70b90\"},\"potentialAction\":[{\"@type\":\"SearchAction\",\"target\":{\"@type\":\"EntryPoint\",\"urlTemplate\":\"https:\/\/apuntesdesanluis.com\/?s={search_term_string}\"},\"query-input\":{\"@type\":\"PropertyValueSpecification\",\"valueRequired\":true,\"valueName\":\"search_term_string\"}}],\"inLanguage\":\"es-AR\"},{\"@type\":[\"Person\",\"Organization\"],\"@id\":\"https:\/\/apuntesdesanluis.com\/#\/schema\/person\/b55151d52296fcce64d1a72538a70b90\",\"name\":\"apuntesdesanluis.com\",\"image\":{\"@type\":\"ImageObject\",\"inLanguage\":\"es-AR\",\"@id\":\"https:\/\/apuntesdesanluis.com\/#\/schema\/person\/image\/\",\"url\":\"https:\/\/apuntesdesanluis.com\/wp-content\/uploads\/2023\/07\/cropped-apuntesdesanluis.png\",\"contentUrl\":\"https:\/\/apuntesdesanluis.com\/wp-content\/uploads\/2023\/07\/cropped-apuntesdesanluis.png\",\"width\":450,\"height\":112,\"caption\":\"apuntesdesanluis.com\"},\"logo\":{\"@id\":\"https:\/\/apuntesdesanluis.com\/#\/schema\/person\/image\/\"},\"sameAs\":[\"https:\/\/apuntesdesanluis.com\"],\"url\":\"https:\/\/apuntesdesanluis.com\/index.php\/author\/apuntesdesanluis-com\/\"}]}<\/script>\n<!-- \/ Yoast SEO plugin. -->","yoast_head_json":{"title":"EL GOBERNADOR SUSPENDI\u00d3 TODA SU ACTIVIDAD POR UN ESTADO GRIPAL - Apuntes de San Luis","robots":{"index":"index","follow":"follow","max-snippet":"max-snippet:-1","max-image-preview":"max-image-preview:large","max-video-preview":"max-video-preview:-1"},"canonical":"https:\/\/apuntesdesanluis.com\/index.php\/2024\/04\/25\/el-gobernador-suspendio-toda-su-actividad-por-un-estado-gripal\/","og_locale":"es_ES","og_type":"article","og_title":"EL GOBERNADOR SUSPENDI\u00d3 TODA SU ACTIVIDAD POR UN ESTADO GRIPAL - Apuntes de San Luis","og_description":"La Agencia de Noticias del gobierno confirm\u00f3 la noticia este jueves a las 07: 36...","og_url":"https:\/\/apuntesdesanluis.com\/index.php\/2024\/04\/25\/el-gobernador-suspendio-toda-su-actividad-por-un-estado-gripal\/","og_site_name":"Apuntes de San Luis","article_published_time":"2024-04-25T12:02:18+00:00","article_modified_time":"2024-04-25T13:40:46+00:00","og_image":[{"width":550,"height":321,"url":"https:\/\/apuntesdesanluis.com\/wp-content\/uploads\/2024\/04\/terrazas-1.png","type":"image\/png"}],"author":"apuntesdesanluis.com","twitter_card":"summary_large_image","twitter_misc":{"Escrito por":"apuntesdesanluis.com","Tiempo de lectura":"1 minuto"},"schema":{"@context":"https:\/\/schema.org","@graph":[{"@type":"Article","@id":"https:\/\/apuntesdesanluis.com\/index.php\/2024\/04\/25\/el-gobernador-suspendio-toda-su-actividad-por-un-estado-gripal\/#article","isPartOf":{"@id":"https:\/\/apuntesdesanluis.com\/index.php\/2024\/04\/25\/el-gobernador-suspendio-toda-su-actividad-por-un-estado-gripal\/"},"author":{"name":"apuntesdesanluis.com","@id":"https:\/\/apuntesdesanluis.com\/#\/schema\/person\/b55151d52296fcce64d1a72538a70b90"},"headline":"EL GOBERNADOR SUSPENDI\u00d3 TODA SU ACTIVIDAD POR UN ESTADO GRIPAL","datePublished":"2024-04-25T12:02:18+00:00","dateModified":"2024-04-25T13:40:46+00:00","mainEntityOfPage":{"@id":"https:\/\/apuntesdesanluis.com\/index.php\/2024\/04\/25\/el-gobernador-suspendio-toda-su-actividad-por-un-estado-gripal\/"},"wordCount":107,"publisher":{"@id":"https:\/\/apuntesdesanluis.com\/#\/schema\/person\/b55151d52296fcce64d1a72538a70b90"},"image":{"@id":"https:\/\/apuntesdesanluis.com\/index.php\/2024\/04\/25\/el-gobernador-suspendio-toda-su-actividad-por-un-estado-gripal\/#primaryimage"},"thumbnailUrl":"https:\/\/apuntesdesanluis.com\/wp-content\/uploads\/2024\/04\/terrazas-1.png","articleSection":["Ciudad\/Provincia"],"inLanguage":"es-AR"},{"@type":"WebPage","@id":"https:\/\/apuntesdesanluis.com\/index.php\/2024\/04\/25\/el-gobernador-suspendio-toda-su-actividad-por-un-estado-gripal\/","url":"https:\/\/apuntesdesanluis.com\/index.php\/2024\/04\/25\/el-gobernador-suspendio-toda-su-actividad-por-un-estado-gripal\/","name":"EL GOBERNADOR SUSPENDI\u00d3 TODA SU ACTIVIDAD POR UN ESTADO GRIPAL - Apuntes de San Luis","isPartOf":{"@id":"https:\/\/apuntesdesanluis.com\/#website"},"primaryImageOfPage":{"@id":"https:\/\/apuntesdesanluis.com\/index.php\/2024\/04\/25\/el-gobernador-suspendio-toda-su-actividad-por-un-estado-gripal\/#primaryimage"},"image":{"@id":"https:\/\/apuntesdesanluis.com\/index.php\/2024\/04\/25\/el-gobernador-suspendio-toda-su-actividad-por-un-estado-gripal\/#primaryimage"},"thumbnailUrl":"https:\/\/apuntesdesanluis.com\/wp-content\/uploads\/2024\/04\/terrazas-1.png","datePublished":"2024-04-25T12:02:18+00:00","dateModified":"2024-04-25T13:40:46+00:00","breadcrumb":{"@id":"https:\/\/apuntesdesanluis.com\/index.php\/2024\/04\/25\/el-gobernador-suspendio-toda-su-actividad-por-un-estado-gripal\/#breadcrumb"},"inLanguage":"es-AR","potentialAction":[{"@type":"ReadAction","target":["https:\/\/apuntesdesanluis.com\/index.php\/2024\/04\/25\/el-gobernador-suspendio-toda-su-actividad-por-un-estado-gripal\/"]}]},{"@type":"ImageObject","inLanguage":"es-AR","@id":"https:\/\/apuntesdesanluis.com\/index.php\/2024\/04\/25\/el-gobernador-suspendio-toda-su-actividad-por-un-estado-gripal\/#primaryimage","url":"https:\/\/apuntesdesanluis.com\/wp-content\/uploads\/2024\/04\/terrazas-1.png","contentUrl":"https:\/\/apuntesdesanluis.com\/wp-content\/uploads\/2024\/04\/terrazas-1.png","width":550,"height":321},{"@type":"BreadcrumbList","@id":"https:\/\/apuntesdesanluis.com\/index.php\/2024\/04\/25\/el-gobernador-suspendio-toda-su-actividad-por-un-estado-gripal\/#breadcrumb","itemListElement":[{"@type":"ListItem","position":1,"name":"Inicio","item":"https:\/\/apuntesdesanluis.com\/"},{"@type":"ListItem","position":2,"name":"EL GOBERNADOR SUSPENDI\u00d3 TODA SU ACTIVIDAD POR UN ESTADO GRIPAL"}]},{"@type":"WebSite","@id":"https:\/\/apuntesdesanluis.com\/#website","url":"https:\/\/apuntesdesanluis.com\/","name":"Apuntes de San Luis","description":"","publisher":{"@id":"https:\/\/apuntesdesanluis.com\/#\/schema\/person\/b55151d52296fcce64d1a72538a70b90"},"potentialAction":[{"@type":"SearchAction","target":{"@type":"EntryPoint","urlTemplate":"https:\/\/apuntesdesanluis.com\/?s={search_term_string}"},"query-input":{"@type":"PropertyValueSpecification","valueRequired":true,"valueName":"search_term_string"}}],"inLanguage":"es-AR"},{"@type":["Person","Organization"],"@id":"https:\/\/apuntesdesanluis.com\/#\/schema\/person\/b55151d52296fcce64d1a72538a70b90","name":"apuntesdesanluis.com","image":{"@type":"ImageObject","inLanguage":"es-AR","@id":"https:\/\/apuntesdesanluis.com\/#\/schema\/person\/image\/","url":"https:\/\/apuntesdesanluis.com\/wp-content\/uploads\/2023\/07\/cropped-apuntesdesanluis.png","contentUrl":"https:\/\/apuntesdesanluis.com\/wp-content\/uploads\/2023\/07\/cropped-apuntesdesanluis.png","width":450,"height":112,"caption":"apuntesdesanluis.com"},"logo":{"@id":"https:\/\/apuntesdesanluis.com\/#\/schema\/person\/image\/"},"sameAs":["https:\/\/apuntesdesanluis.com"],"url":"https:\/\/apuntesdesanluis.com\/index.php\/author\/apuntesdesanluis-com\/"}]}},"featured_image_urls":{"full":["https:\/\/apuntesdesanluis.com\/wp-content\/uploads\/2024\/04\/terrazas-1.png",550,321,false],"thumbnail":["https:\/\/apuntesdesanluis.com\/wp-content\/uploads\/2024\/04\/terrazas-1-150x150.png",150,150,true],"medium":["https:\/\/apuntesdesanluis.com\/wp-content\/uploads\/2024\/04\/terrazas-1-300x175.png",300,175,true],"medium_large":["https:\/\/apuntesdesanluis.com\/wp-content\/uploads\/2024\/04\/terrazas-1.png",550,321,false],"large":["https:\/\/apuntesdesanluis.com\/wp-content\/uploads\/2024\/04\/terrazas-1.png",550,321,false],"1536x1536":["https:\/\/apuntesdesanluis.com\/wp-content\/uploads\/2024\/04\/terrazas-1.png",550,321,false],"2048x2048":["https:\/\/apuntesdesanluis.com\/wp-content\/uploads\/2024\/04\/terrazas-1.png",550,321,false],"newsever-slider-full":["https:\/\/apuntesdesanluis.com\/wp-content\/uploads\/2024\/04\/terrazas-1.png",550,321,false],"newsever-featured":["https:\/\/apuntesdesanluis.com\/wp-content\/uploads\/2024\/04\/terrazas-1.png",550,321,false],"newsever-medium":["https:\/\/apuntesdesanluis.com\/wp-content\/uploads\/2024\/04\/terrazas-1.png",550,321,false]},"author_info":{"display_name":"apuntesdesanluis.com","author_link":"https:\/\/apuntesdesanluis.com\/index.php\/author\/apuntesdesanluis-com\/"},"category_info":"<a href=\"https:\/\/apuntesdesanluis.com\/index.php\/category\/ciudad-provincia\/\" rel=\"category tag\">Ciudad\/Provincia<\/a>","tag_info":"Ciudad\/Provincia","comment_count":"0","_links":{"self":[{"href":"https:\/\/apuntesdesanluis.com\/index.php\/wp-json\/wp\/v2\/posts\/15239","targetHints":{"allow":["GET"]}}],"collection":[{"href":"https:\/\/apuntesdesanluis.com\/index.php\/wp-json\/wp\/v2\/posts"}],"about":[{"href":"https:\/\/apuntesdesanluis.com\/index.php\/wp-json\/wp\/v2\/types\/post"}],"author":[{"embeddable":true,"href":"https:\/\/apuntesdesanluis.com\/index.php\/wp-json\/wp\/v2\/users\/1"}],"replies":[{"embeddable":true,"href":"https:\/\/apuntesdesanluis.com\/index.php\/wp-json\/wp\/v2\/comments?post=15239"}],"version-history":[{"count":4,"href":"https:\/\/apuntesdesanluis.com\/index.php\/wp-json\/wp\/v2\/posts\/15239\/revisions"}],"predecessor-version":[{"id":15254,"href":"https:\/\/apuntesdesanluis.com\/index.php\/wp-json\/wp\/v2\/posts\/15239\/revisions\/15254"}],"wp:featuredmedia":[{"embeddable":true,"href":"https:\/\/apuntesdesanluis.com\/index.php\/wp-json\/wp\/v2\/media\/15240"}],"wp:attachment":[{"href":"https:\/\/apuntesdesanluis.com\/index.php\/wp-json\/wp\/v2\/media?parent=15239"}],"wp:term":[{"taxonomy":"category","embeddable":true,"href":"https:\/\/apuntesdesanluis.com\/index.php\/wp-json\/wp\/v2\/categories?post=15239"},{"taxonomy":"post_tag","embeddable":true,"href":"https:\/\/apuntesdesanluis.com\/index.php\/wp-json\/wp\/v2\/tags?post=15239"}],"curies":[{"name":"wp","href":"https:\/\/api.w.org\/{rel}","templated":true}]}}