{"id":15243,"date":"2024-04-25T09:51:31","date_gmt":"2024-04-25T12:51:31","guid":{"rendered":"https:\/\/apuntesdesanluis.com\/?p=15243"},"modified":"2024-04-25T10:55:40","modified_gmt":"2024-04-25T13:55:40","slug":"natalia-zabala-chacur-no-descarta-ser-candidata-a-gobernadora","status":"publish","type":"post","link":"https:\/\/apuntesdesanluis.com\/index.php\/2024\/04\/25\/natalia-zabala-chacur-no-descarta-ser-candidata-a-gobernadora\/","title":{"rendered":"NATALIA ZABALA CHACUR NO DESCARTA SER CANDIDATA A GOBERNADORA"},"content":{"rendered":"<h3>La actual diputada nacional del PJ, <strong>Natalia Zabala Chacur<\/strong>, conmovi\u00f3 el tablero pol\u00edtico en las \u00faltimas horas, con definiciones que dejan trascender sus serias aspiraciones de ocupar un lugar de privilegio en la mesa de decisiones.<\/h3>\n<h3>Poseedora de una s\u00f3lida formaci\u00f3n en econom\u00eda y una amplia trayectoria pol\u00edtica, la ex jefa de Gabinete del gobierno provincial y ex ministra de Hacienda, entre otros cargos, es una de las dirigentes m\u00e1s experimentadas de la oposici\u00f3n.<\/h3>\n<h3>Tambi\u00e9n ha ejercido como diputada provincial, por lo que su expertiz le permite conocer cada vericueto del poder y las caracter\u00edsticas de su funcionamiento. Los que la conocen de cerca destacan que &#8220;es mandona&#8221;, pero reconocen que tiene una gran capacidad de trabajo y es obsesiva: se prepara cada vez que tiene que hablar de alg\u00fan tema y no le gusta improvisar.<\/h3>\n<h3>Le cupo adem\u00e1s gran responsabilidad en las negociaciones que emprendi\u00f3 a\u00f1os atr\u00e1s con el entonces diputado <strong>Carlos Ponce<\/strong>, para que el gobierno nacional reconociera la deuda con San Luis.<\/h3>\n<h3>Como contadora p\u00fablica y amplio conocimiento del presupuesto provincial y nacional, le discut\u00eda a los funcionarios del Ministerio de Econom\u00eda \u201cmano a mano\u201d, le cont\u00f3 un colaborador a <span style=\"color: #000000;\"><strong>Apuntes de San Luis<\/strong><\/span>.<\/h3>\n<p><img fetchpriority=\"high\" decoding=\"async\" class=\"wp-image-15245 aligncenter\" src=\"https:\/\/apuntesdesanluis.com\/wp-content\/uploads\/2024\/04\/zabala-chacur-con-ponce-300x169.png\" alt=\"\" width=\"575\" height=\"324\" srcset=\"https:\/\/apuntesdesanluis.com\/wp-content\/uploads\/2024\/04\/zabala-chacur-con-ponce-300x169.png 300w, https:\/\/apuntesdesanluis.com\/wp-content\/uploads\/2024\/04\/zabala-chacur-con-ponce.png 600w\" sizes=\"(max-width: 575px) 100vw, 575px\" \/><\/p>\n<h3>Esta semana public\u00f3 varios posteos apoyando el reclamo de las universidades y haci\u00e9ndose eco de la defensa de la educaci\u00f3n p\u00fablica y la necesidad de asegurar el presupuesto de las casas de altos estudios.<\/h3>\n<h3><img decoding=\"async\" class=\"wp-image-15246 aligncenter\" src=\"https:\/\/apuntesdesanluis.com\/wp-content\/uploads\/2024\/04\/posteo-de-naty-256x300.png\" alt=\"\" width=\"448\" height=\"525\" srcset=\"https:\/\/apuntesdesanluis.com\/wp-content\/uploads\/2024\/04\/posteo-de-naty-256x300.png 256w, https:\/\/apuntesdesanluis.com\/wp-content\/uploads\/2024\/04\/posteo-de-naty.png 291w\" sizes=\"(max-width: 448px) 100vw, 448px\" \/><\/h3>\n<h3>Due\u00f1a de un fuerte car\u00e1cter, ayer sali\u00f3 a pegarle a sus colegas del oficialismo por la fallida sesi\u00f3n de la C\u00e1mara baja, en la que la oposici\u00f3n pretend\u00eda tratar una Ley de emergencia de las universidades nacionales. <em>\u201cMenos militancia digital y m\u00e1s trabajo, muchachos\u201d,<\/em> los chicane\u00f3 punzante.<\/h3>\n<h3>En di\u00e1logo con el periodista <strong>Fito Carranza<\/strong>, reconoci\u00f3 que no descarta ser candidata en las pr\u00f3ximas elecciones y una potencial postulaci\u00f3n a la gobernaci\u00f3n, si se dan ciertas condiciones. Reconoci\u00f3 que ya est\u00e1 conversando con algunos sectores. Por ahora primere\u00f3 a varios que quieren, pero cuya imagen no les ayuda.<\/h3>\n<div style=\"width: 234px;\" class=\"wp-video\"><!--[if lt IE 9]><script>document.createElement('video');<\/script><![endif]-->\n<video class=\"wp-video-shortcode\" id=\"video-15243-1\" width=\"234\" height=\"216\" preload=\"metadata\" controls=\"controls\"><source type=\"video\/mp4\" src=\"https:\/\/apuntesdesanluis.com\/wp-content\/uploads\/2024\/04\/WhatsApp-Video-2024-04-25-at-01.04.09.mp4?_=1\" \/><a href=\"https:\/\/apuntesdesanluis.com\/wp-content\/uploads\/2024\/04\/WhatsApp-Video-2024-04-25-at-01.04.09.mp4\">https:\/\/apuntesdesanluis.com\/wp-content\/uploads\/2024\/04\/WhatsApp-Video-2024-04-25-at-01.04.09.mp4<\/a><\/video><\/div>\n<p>&nbsp;<\/p>\n<p>&nbsp;<\/p>\n<p>&nbsp;<\/p>\n<p>&nbsp;<\/p>\n<p>&nbsp;<\/p>\n<p>&nbsp;<\/p>\n<p>&nbsp;<\/p>\n","protected":false},"excerpt":{"rendered":"<p>La actual diputada nacional del PJ, Natalia Zabala Chacur, conmovi\u00f3 el tablero pol\u00edtico en las&#8230;<\/p>\n","protected":false},"author":1,"featured_media":15248,"comment_status":"closed","ping_status":"closed","sticky":false,"template":"","format":"standard","meta":{"footnotes":""},"categories":[9],"tags":[],"class_list":["post-15243","post","type-post","status-publish","format-standard","has-post-thumbnail","hentry","category-opinion"],"yoast_head":"<!-- This site is optimized with the Yoast SEO plugin v26.1.1 - https:\/\/yoast.com\/wordpress\/plugins\/seo\/ -->\n<title>NATALIA ZABALA CHACUR NO DESCARTA SER CANDIDATA A GOBERNADORA - Apuntes de San Luis<\/title>\n<meta name=\"robots\" content=\"index, follow, max-snippet:-1, max-image-preview:large, max-video-preview:-1\" \/>\n<link rel=\"canonical\" href=\"https:\/\/apuntesdesanluis.com\/index.php\/2024\/04\/25\/natalia-zabala-chacur-no-descarta-ser-candidata-a-gobernadora\/\" \/>\n<meta property=\"og:locale\" content=\"es_ES\" \/>\n<meta property=\"og:type\" content=\"article\" \/>\n<meta property=\"og:title\" content=\"NATALIA ZABALA CHACUR NO DESCARTA SER CANDIDATA A GOBERNADORA - Apuntes de San Luis\" \/>\n<meta property=\"og:description\" content=\"La actual diputada nacional del PJ, Natalia Zabala Chacur, conmovi\u00f3 el tablero pol\u00edtico en las...\" \/>\n<meta property=\"og:url\" content=\"https:\/\/apuntesdesanluis.com\/index.php\/2024\/04\/25\/natalia-zabala-chacur-no-descarta-ser-candidata-a-gobernadora\/\" \/>\n<meta property=\"og:site_name\" content=\"Apuntes de San Luis\" \/>\n<meta property=\"article:published_time\" content=\"2024-04-25T12:51:31+00:00\" \/>\n<meta property=\"article:modified_time\" content=\"2024-04-25T13:55:40+00:00\" \/>\n<meta property=\"og:image\" content=\"https:\/\/apuntesdesanluis.com\/wp-content\/uploads\/2024\/04\/naty-linda.png\" \/>\n\t<meta property=\"og:image:width\" content=\"571\" \/>\n\t<meta property=\"og:image:height\" content=\"341\" \/>\n\t<meta property=\"og:image:type\" content=\"image\/png\" \/>\n<meta name=\"author\" content=\"apuntesdesanluis.com\" \/>\n<meta name=\"twitter:card\" content=\"summary_large_image\" \/>\n<meta name=\"twitter:label1\" content=\"Escrito por\" \/>\n\t<meta name=\"twitter:data1\" content=\"apuntesdesanluis.com\" \/>\n\t<meta name=\"twitter:label2\" content=\"Tiempo de lectura\" \/>\n\t<meta name=\"twitter:data2\" content=\"2 minutos\" \/>\n<script type=\"application\/ld+json\" class=\"yoast-schema-graph\">{\"@context\":\"https:\/\/schema.org\",\"@graph\":[{\"@type\":\"Article\",\"@id\":\"https:\/\/apuntesdesanluis.com\/index.php\/2024\/04\/25\/natalia-zabala-chacur-no-descarta-ser-candidata-a-gobernadora\/#article\",\"isPartOf\":{\"@id\":\"https:\/\/apuntesdesanluis.com\/index.php\/2024\/04\/25\/natalia-zabala-chacur-no-descarta-ser-candidata-a-gobernadora\/\"},\"author\":{\"name\":\"apuntesdesanluis.com\",\"@id\":\"https:\/\/apuntesdesanluis.com\/#\/schema\/person\/b55151d52296fcce64d1a72538a70b90\"},\"headline\":\"NATALIA ZABALA CHACUR NO DESCARTA SER CANDIDATA A GOBERNADORA\",\"datePublished\":\"2024-04-25T12:51:31+00:00\",\"dateModified\":\"2024-04-25T13:55:40+00:00\",\"mainEntityOfPage\":{\"@id\":\"https:\/\/apuntesdesanluis.com\/index.php\/2024\/04\/25\/natalia-zabala-chacur-no-descarta-ser-candidata-a-gobernadora\/\"},\"wordCount\":389,\"publisher\":{\"@id\":\"https:\/\/apuntesdesanluis.com\/#\/schema\/person\/b55151d52296fcce64d1a72538a70b90\"},\"image\":{\"@id\":\"https:\/\/apuntesdesanluis.com\/index.php\/2024\/04\/25\/natalia-zabala-chacur-no-descarta-ser-candidata-a-gobernadora\/#primaryimage\"},\"thumbnailUrl\":\"https:\/\/apuntesdesanluis.com\/wp-content\/uploads\/2024\/04\/naty-linda.png\",\"articleSection\":[\"Opini\u00f3n\"],\"inLanguage\":\"es-AR\"},{\"@type\":\"WebPage\",\"@id\":\"https:\/\/apuntesdesanluis.com\/index.php\/2024\/04\/25\/natalia-zabala-chacur-no-descarta-ser-candidata-a-gobernadora\/\",\"url\":\"https:\/\/apuntesdesanluis.com\/index.php\/2024\/04\/25\/natalia-zabala-chacur-no-descarta-ser-candidata-a-gobernadora\/\",\"name\":\"NATALIA ZABALA CHACUR NO DESCARTA SER CANDIDATA A GOBERNADORA - Apuntes de San Luis\",\"isPartOf\":{\"@id\":\"https:\/\/apuntesdesanluis.com\/#website\"},\"primaryImageOfPage\":{\"@id\":\"https:\/\/apuntesdesanluis.com\/index.php\/2024\/04\/25\/natalia-zabala-chacur-no-descarta-ser-candidata-a-gobernadora\/#primaryimage\"},\"image\":{\"@id\":\"https:\/\/apuntesdesanluis.com\/index.php\/2024\/04\/25\/natalia-zabala-chacur-no-descarta-ser-candidata-a-gobernadora\/#primaryimage\"},\"thumbnailUrl\":\"https:\/\/apuntesdesanluis.com\/wp-content\/uploads\/2024\/04\/naty-linda.png\",\"datePublished\":\"2024-04-25T12:51:31+00:00\",\"dateModified\":\"2024-04-25T13:55:40+00:00\",\"breadcrumb\":{\"@id\":\"https:\/\/apuntesdesanluis.com\/index.php\/2024\/04\/25\/natalia-zabala-chacur-no-descarta-ser-candidata-a-gobernadora\/#breadcrumb\"},\"inLanguage\":\"es-AR\",\"potentialAction\":[{\"@type\":\"ReadAction\",\"target\":[\"https:\/\/apuntesdesanluis.com\/index.php\/2024\/04\/25\/natalia-zabala-chacur-no-descarta-ser-candidata-a-gobernadora\/\"]}]},{\"@type\":\"ImageObject\",\"inLanguage\":\"es-AR\",\"@id\":\"https:\/\/apuntesdesanluis.com\/index.php\/2024\/04\/25\/natalia-zabala-chacur-no-descarta-ser-candidata-a-gobernadora\/#primaryimage\",\"url\":\"https:\/\/apuntesdesanluis.com\/wp-content\/uploads\/2024\/04\/naty-linda.png\",\"contentUrl\":\"https:\/\/apuntesdesanluis.com\/wp-content\/uploads\/2024\/04\/naty-linda.png\",\"width\":571,\"height\":341},{\"@type\":\"BreadcrumbList\",\"@id\":\"https:\/\/apuntesdesanluis.com\/index.php\/2024\/04\/25\/natalia-zabala-chacur-no-descarta-ser-candidata-a-gobernadora\/#breadcrumb\",\"itemListElement\":[{\"@type\":\"ListItem\",\"position\":1,\"name\":\"Inicio\",\"item\":\"https:\/\/apuntesdesanluis.com\/\"},{\"@type\":\"ListItem\",\"position\":2,\"name\":\"NATALIA ZABALA CHACUR NO DESCARTA SER CANDIDATA A GOBERNADORA\"}]},{\"@type\":\"WebSite\",\"@id\":\"https:\/\/apuntesdesanluis.com\/#website\",\"url\":\"https:\/\/apuntesdesanluis.com\/\",\"name\":\"Apuntes de San Luis\",\"description\":\"\",\"publisher\":{\"@id\":\"https:\/\/apuntesdesanluis.com\/#\/schema\/person\/b55151d52296fcce64d1a72538a70b90\"},\"potentialAction\":[{\"@type\":\"SearchAction\",\"target\":{\"@type\":\"EntryPoint\",\"urlTemplate\":\"https:\/\/apuntesdesanluis.com\/?s={search_term_string}\"},\"query-input\":{\"@type\":\"PropertyValueSpecification\",\"valueRequired\":true,\"valueName\":\"search_term_string\"}}],\"inLanguage\":\"es-AR\"},{\"@type\":[\"Person\",\"Organization\"],\"@id\":\"https:\/\/apuntesdesanluis.com\/#\/schema\/person\/b55151d52296fcce64d1a72538a70b90\",\"name\":\"apuntesdesanluis.com\",\"image\":{\"@type\":\"ImageObject\",\"inLanguage\":\"es-AR\",\"@id\":\"https:\/\/apuntesdesanluis.com\/#\/schema\/person\/image\/\",\"url\":\"https:\/\/apuntesdesanluis.com\/wp-content\/uploads\/2023\/07\/cropped-apuntesdesanluis.png\",\"contentUrl\":\"https:\/\/apuntesdesanluis.com\/wp-content\/uploads\/2023\/07\/cropped-apuntesdesanluis.png\",\"width\":450,\"height\":112,\"caption\":\"apuntesdesanluis.com\"},\"logo\":{\"@id\":\"https:\/\/apuntesdesanluis.com\/#\/schema\/person\/image\/\"},\"sameAs\":[\"https:\/\/apuntesdesanluis.com\"],\"url\":\"https:\/\/apuntesdesanluis.com\/index.php\/author\/apuntesdesanluis-com\/\"}]}<\/script>\n<!-- \/ Yoast SEO plugin. -->","yoast_head_json":{"title":"NATALIA ZABALA CHACUR NO DESCARTA SER CANDIDATA A GOBERNADORA - Apuntes de San Luis","robots":{"index":"index","follow":"follow","max-snippet":"max-snippet:-1","max-image-preview":"max-image-preview:large","max-video-preview":"max-video-preview:-1"},"canonical":"https:\/\/apuntesdesanluis.com\/index.php\/2024\/04\/25\/natalia-zabala-chacur-no-descarta-ser-candidata-a-gobernadora\/","og_locale":"es_ES","og_type":"article","og_title":"NATALIA ZABALA CHACUR NO DESCARTA SER CANDIDATA A GOBERNADORA - Apuntes de San Luis","og_description":"La actual diputada nacional del PJ, Natalia Zabala Chacur, conmovi\u00f3 el tablero pol\u00edtico en las...","og_url":"https:\/\/apuntesdesanluis.com\/index.php\/2024\/04\/25\/natalia-zabala-chacur-no-descarta-ser-candidata-a-gobernadora\/","og_site_name":"Apuntes de San Luis","article_published_time":"2024-04-25T12:51:31+00:00","article_modified_time":"2024-04-25T13:55:40+00:00","og_image":[{"width":571,"height":341,"url":"https:\/\/apuntesdesanluis.com\/wp-content\/uploads\/2024\/04\/naty-linda.png","type":"image\/png"}],"author":"apuntesdesanluis.com","twitter_card":"summary_large_image","twitter_misc":{"Escrito por":"apuntesdesanluis.com","Tiempo de lectura":"2 minutos"},"schema":{"@context":"https:\/\/schema.org","@graph":[{"@type":"Article","@id":"https:\/\/apuntesdesanluis.com\/index.php\/2024\/04\/25\/natalia-zabala-chacur-no-descarta-ser-candidata-a-gobernadora\/#article","isPartOf":{"@id":"https:\/\/apuntesdesanluis.com\/index.php\/2024\/04\/25\/natalia-zabala-chacur-no-descarta-ser-candidata-a-gobernadora\/"},"author":{"name":"apuntesdesanluis.com","@id":"https:\/\/apuntesdesanluis.com\/#\/schema\/person\/b55151d52296fcce64d1a72538a70b90"},"headline":"NATALIA ZABALA CHACUR NO DESCARTA SER CANDIDATA A GOBERNADORA","datePublished":"2024-04-25T12:51:31+00:00","dateModified":"2024-04-25T13:55:40+00:00","mainEntityOfPage":{"@id":"https:\/\/apuntesdesanluis.com\/index.php\/2024\/04\/25\/natalia-zabala-chacur-no-descarta-ser-candidata-a-gobernadora\/"},"wordCount":389,"publisher":{"@id":"https:\/\/apuntesdesanluis.com\/#\/schema\/person\/b55151d52296fcce64d1a72538a70b90"},"image":{"@id":"https:\/\/apuntesdesanluis.com\/index.php\/2024\/04\/25\/natalia-zabala-chacur-no-descarta-ser-candidata-a-gobernadora\/#primaryimage"},"thumbnailUrl":"https:\/\/apuntesdesanluis.com\/wp-content\/uploads\/2024\/04\/naty-linda.png","articleSection":["Opini\u00f3n"],"inLanguage":"es-AR"},{"@type":"WebPage","@id":"https:\/\/apuntesdesanluis.com\/index.php\/2024\/04\/25\/natalia-zabala-chacur-no-descarta-ser-candidata-a-gobernadora\/","url":"https:\/\/apuntesdesanluis.com\/index.php\/2024\/04\/25\/natalia-zabala-chacur-no-descarta-ser-candidata-a-gobernadora\/","name":"NATALIA ZABALA CHACUR NO DESCARTA SER CANDIDATA A GOBERNADORA - Apuntes de San Luis","isPartOf":{"@id":"https:\/\/apuntesdesanluis.com\/#website"},"primaryImageOfPage":{"@id":"https:\/\/apuntesdesanluis.com\/index.php\/2024\/04\/25\/natalia-zabala-chacur-no-descarta-ser-candidata-a-gobernadora\/#primaryimage"},"image":{"@id":"https:\/\/apuntesdesanluis.com\/index.php\/2024\/04\/25\/natalia-zabala-chacur-no-descarta-ser-candidata-a-gobernadora\/#primaryimage"},"thumbnailUrl":"https:\/\/apuntesdesanluis.com\/wp-content\/uploads\/2024\/04\/naty-linda.png","datePublished":"2024-04-25T12:51:31+00:00","dateModified":"2024-04-25T13:55:40+00:00","breadcrumb":{"@id":"https:\/\/apuntesdesanluis.com\/index.php\/2024\/04\/25\/natalia-zabala-chacur-no-descarta-ser-candidata-a-gobernadora\/#breadcrumb"},"inLanguage":"es-AR","potentialAction":[{"@type":"ReadAction","target":["https:\/\/apuntesdesanluis.com\/index.php\/2024\/04\/25\/natalia-zabala-chacur-no-descarta-ser-candidata-a-gobernadora\/"]}]},{"@type":"ImageObject","inLanguage":"es-AR","@id":"https:\/\/apuntesdesanluis.com\/index.php\/2024\/04\/25\/natalia-zabala-chacur-no-descarta-ser-candidata-a-gobernadora\/#primaryimage","url":"https:\/\/apuntesdesanluis.com\/wp-content\/uploads\/2024\/04\/naty-linda.png","contentUrl":"https:\/\/apuntesdesanluis.com\/wp-content\/uploads\/2024\/04\/naty-linda.png","width":571,"height":341},{"@type":"BreadcrumbList","@id":"https:\/\/apuntesdesanluis.com\/index.php\/2024\/04\/25\/natalia-zabala-chacur-no-descarta-ser-candidata-a-gobernadora\/#breadcrumb","itemListElement":[{"@type":"ListItem","position":1,"name":"Inicio","item":"https:\/\/apuntesdesanluis.com\/"},{"@type":"ListItem","position":2,"name":"NATALIA ZABALA CHACUR NO DESCARTA SER CANDIDATA A GOBERNADORA"}]},{"@type":"WebSite","@id":"https:\/\/apuntesdesanluis.com\/#website","url":"https:\/\/apuntesdesanluis.com\/","name":"Apuntes de San Luis","description":"","publisher":{"@id":"https:\/\/apuntesdesanluis.com\/#\/schema\/person\/b55151d52296fcce64d1a72538a70b90"},"potentialAction":[{"@type":"SearchAction","target":{"@type":"EntryPoint","urlTemplate":"https:\/\/apuntesdesanluis.com\/?s={search_term_string}"},"query-input":{"@type":"PropertyValueSpecification","valueRequired":true,"valueName":"search_term_string"}}],"inLanguage":"es-AR"},{"@type":["Person","Organization"],"@id":"https:\/\/apuntesdesanluis.com\/#\/schema\/person\/b55151d52296fcce64d1a72538a70b90","name":"apuntesdesanluis.com","image":{"@type":"ImageObject","inLanguage":"es-AR","@id":"https:\/\/apuntesdesanluis.com\/#\/schema\/person\/image\/","url":"https:\/\/apuntesdesanluis.com\/wp-content\/uploads\/2023\/07\/cropped-apuntesdesanluis.png","contentUrl":"https:\/\/apuntesdesanluis.com\/wp-content\/uploads\/2023\/07\/cropped-apuntesdesanluis.png","width":450,"height":112,"caption":"apuntesdesanluis.com"},"logo":{"@id":"https:\/\/apuntesdesanluis.com\/#\/schema\/person\/image\/"},"sameAs":["https:\/\/apuntesdesanluis.com"],"url":"https:\/\/apuntesdesanluis.com\/index.php\/author\/apuntesdesanluis-com\/"}]}},"featured_image_urls":{"full":["https:\/\/apuntesdesanluis.com\/wp-content\/uploads\/2024\/04\/naty-linda.png",571,341,false],"thumbnail":["https:\/\/apuntesdesanluis.com\/wp-content\/uploads\/2024\/04\/naty-linda-150x150.png",150,150,true],"medium":["https:\/\/apuntesdesanluis.com\/wp-content\/uploads\/2024\/04\/naty-linda-300x179.png",300,179,true],"medium_large":["https:\/\/apuntesdesanluis.com\/wp-content\/uploads\/2024\/04\/naty-linda.png",571,341,false],"large":["https:\/\/apuntesdesanluis.com\/wp-content\/uploads\/2024\/04\/naty-linda.png",571,341,false],"1536x1536":["https:\/\/apuntesdesanluis.com\/wp-content\/uploads\/2024\/04\/naty-linda.png",571,341,false],"2048x2048":["https:\/\/apuntesdesanluis.com\/wp-content\/uploads\/2024\/04\/naty-linda.png",571,341,false],"newsever-slider-full":["https:\/\/apuntesdesanluis.com\/wp-content\/uploads\/2024\/04\/naty-linda.png",571,341,false],"newsever-featured":["https:\/\/apuntesdesanluis.com\/wp-content\/uploads\/2024\/04\/naty-linda.png",571,341,false],"newsever-medium":["https:\/\/apuntesdesanluis.com\/wp-content\/uploads\/2024\/04\/naty-linda.png",571,341,false]},"author_info":{"display_name":"apuntesdesanluis.com","author_link":"https:\/\/apuntesdesanluis.com\/index.php\/author\/apuntesdesanluis-com\/"},"category_info":"<a href=\"https:\/\/apuntesdesanluis.com\/index.php\/category\/opinion\/\" rel=\"category tag\">Opini\u00f3n<\/a>","tag_info":"Opini\u00f3n","comment_count":"0","_links":{"self":[{"href":"https:\/\/apuntesdesanluis.com\/index.php\/wp-json\/wp\/v2\/posts\/15243","targetHints":{"allow":["GET"]}}],"collection":[{"href":"https:\/\/apuntesdesanluis.com\/index.php\/wp-json\/wp\/v2\/posts"}],"about":[{"href":"https:\/\/apuntesdesanluis.com\/index.php\/wp-json\/wp\/v2\/types\/post"}],"author":[{"embeddable":true,"href":"https:\/\/apuntesdesanluis.com\/index.php\/wp-json\/wp\/v2\/users\/1"}],"replies":[{"embeddable":true,"href":"https:\/\/apuntesdesanluis.com\/index.php\/wp-json\/wp\/v2\/comments?post=15243"}],"version-history":[{"count":5,"href":"https:\/\/apuntesdesanluis.com\/index.php\/wp-json\/wp\/v2\/posts\/15243\/revisions"}],"predecessor-version":[{"id":15255,"href":"https:\/\/apuntesdesanluis.com\/index.php\/wp-json\/wp\/v2\/posts\/15243\/revisions\/15255"}],"wp:featuredmedia":[{"embeddable":true,"href":"https:\/\/apuntesdesanluis.com\/index.php\/wp-json\/wp\/v2\/media\/15248"}],"wp:attachment":[{"href":"https:\/\/apuntesdesanluis.com\/index.php\/wp-json\/wp\/v2\/media?parent=15243"}],"wp:term":[{"taxonomy":"category","embeddable":true,"href":"https:\/\/apuntesdesanluis.com\/index.php\/wp-json\/wp\/v2\/categories?post=15243"},{"taxonomy":"post_tag","embeddable":true,"href":"https:\/\/apuntesdesanluis.com\/index.php\/wp-json\/wp\/v2\/tags?post=15243"}],"curies":[{"name":"wp","href":"https:\/\/api.w.org\/{rel}","templated":true}]}}