{"id":1526,"date":"2023-08-13T23:22:42","date_gmt":"2023-08-14T02:22:42","guid":{"rendered":"https:\/\/apuntesdesanluis.com\/?p=1526"},"modified":"2023-08-14T00:22:57","modified_gmt":"2023-08-14T03:22:57","slug":"javier-milei-mata-encuestas-gana-las-paso-con-mas-del-30-de-los-votos-seguido-por-juntos-por-el-cambio-y-union-por-la-patria","status":"publish","type":"post","link":"https:\/\/apuntesdesanluis.com\/index.php\/2023\/08\/13\/javier-milei-mata-encuestas-gana-las-paso-con-mas-del-30-de-los-votos-seguido-por-juntos-por-el-cambio-y-union-por-la-patria\/","title":{"rendered":"JAVIER MILEI MATA ENCUESTAS: GANA LAS PASO CON M\u00c1S DEL 30% DE LOS VOTOS, SEGUIDO POR JUNTOS POR EL CAMBIO Y UNI\u00d3N POR LA PATRIA"},"content":{"rendered":"<h3 class=\"yiv7409174924ydp6329976emsonormal\" style=\"background: white;\"><span style=\"font-family: 'Arial','sans-serif'; color: #1d2228;\">El l\u00edder libertario super\u00f3 todos los pron\u00f3sticos. El otro dato destacado es que la ex ministra de Seguridad <strong>Patricia Bullrich<\/strong> derrot\u00f3 al jefe de Gobierno porte\u00f1o <strong>Horacio Rodr\u00edguez Larreta<\/strong> en la interna de Juntos por el Cambio, por 17% a 10.5%. En tanto que Uni\u00f3n por la Patria quedo en tercer lugar, con poco m\u00e1s del 25%. El candidato a presidente <strong>Sergio Massa<\/strong> fue el segundo m\u00e1s votado en forma individual, sumando 20,63%<\/span><\/h3>\n<h3 class=\"yiv7409174924ydp6329976emsonormal\" style=\"background: white;\"><span style=\"font-family: 'Arial','sans-serif'; color: #1d2228;\">Javier Milei y su incendiario discurso contra la &#8220;casta pol\u00edtica&#8221; fue el gran ganador esta noche de\u00a0las elecciones m\u00e1s impactantes\u00a0desde el retorno de la democracia en 1983.<\/span><\/h3>\n<h3 class=\"yiv7409174924ydp6329976emsonormal\" style=\"background: white;\"><span style=\"font-family: 'Arial','sans-serif'; color: #1d2228;\">Cuando nadie lo esperaba, Milei fue el candidato m\u00e1s votado y obtuvo triunfos resonantes en provincias como C\u00f3rdoba, Mendoza, Tucum\u00e1n y Neuqu\u00e9n.<\/span><\/h3>\n<h3 class=\"yiv7409174924ydp6329976emsonormal\" style=\"background: white;\"><span style=\"font-family: 'Arial','sans-serif'; color: #1d2228;\">La otra vencedora fue\u00a0Patricia Bullrich, que borr\u00f3 del mapa a Horacio Rodr\u00edguez Larreta\u00a0en la interna de Juntos por el Cambio y queda bien posicionada para la pelea en las generales de octubre.<\/span><\/h3>\n<h3 class=\"yiv7409174924ydp6329976emsonormal\" style=\"background: white;\"><span style=\"font-family: 'Arial','sans-serif'; color: #1d2228;\">En la provincia de Buenos Aires, el postulante a gobernador por el sector de Bullrich, el intendente de Lan\u00fas,\u00a0N\u00e9stor\u00a0Grindetti, le sacaba una luz de ventaja a\u00a0Diego Santilli, el candidato de Rodr\u00edguez Larreta.<\/span><\/h3>\n<h3 class=\"yiv7409174924ydp6329976emsonormal\" style=\"background: white;\"><span style=\"font-family: 'Arial','sans-serif'; color: #1d2228;\">Los primeros resultados del escrutinio provisorio confirmaron las versiones que ya hab\u00edan comenzado a circular desde el cierre de mesas: <strong>Javier Milei<\/strong>, el l\u00edder de La Libertad Avanza, se impone como el candidato presidencial m\u00e1s votado con el 32,57%. Los contundentes datos sacudieron al mundo pol\u00edtico y anticipan una transformaci\u00f3n radical del escenario electoral de cara a octubre.<\/span><\/h3>\n<h3 class=\"yiv7409174924ydp6329976emsonormal\" style=\"background: white;\"><span style=\"font-family: 'Arial','sans-serif'; color: #1d2228;\">En su primer intento como aspirante al sill\u00f3n de Rivadavia (ya fue candidato pero a diputado nacional en 2021), el economista libertario logr\u00f3 capitalizar el descontento generalizado con la situaci\u00f3n econ\u00f3mica y social del pa\u00eds. Incluso super\u00f3 ampliamente las estimaciones de la mayor\u00eda de las encuestas p\u00fablicas.<\/span><\/h3>\n<h3 class=\"yiv7409174924ydp6329976emsonormal\" style=\"background: white;\"><span style=\"font-family: 'Arial','sans-serif'; color: #1d2228;\">Milei tuvo una gran performance en los grandes centros urbanos, con una actuaci\u00f3n destacada en las provincias de C\u00f3rdoba, Santa Fe, Mendoza y Neuqu\u00e9n. En tanto, Carolina P\u00edparo, la candidata a gobernadora bonaerense de La Libertad Avanza, tambi\u00e9n logr\u00f3 un resultado hist\u00f3rico: \u201cenganchada\u201d de la boleta del economista, qued\u00f3 en segundo lugar -en t\u00e9rminos individuales- con 24,16% de los votos, detr\u00e1s de Axel Kicillof (37,29%). N\u00e9stor Grindetti y Diego Santilli, juntos, suman 31,64%.<\/span><\/h3>\n<h3 class=\"yiv7409174924ydp6329976emsonormal\" style=\"background: white;\"><span style=\"font-family: 'Arial','sans-serif'; color: #1d2228;\">Seg\u00fan el conteo provisorio, Sergio Massa (20,68%), el representante de Uni\u00f3n por la Patria, se queda con el segundo lugar en t\u00e9rminos individuales. Uni\u00f3n por la Patria obtuvo el 25,48%. Tal como se esperaba, el ministro de Econom\u00eda se impuso con holgura sobre su competidor interno, Juan Grabois (4,90%), quien no logr\u00f3 quedarse -como esperaba- con el grueso de los votos duros del kirchnerismo.<\/span><\/h3>\n<h3 class=\"yiv7409174924ydp6329976emsonormal\" style=\"background: white;\"><span style=\"font-family: 'Arial','sans-serif'; color: #1d2228;\">La interna de Juntos por el Cambio, que durante la campa\u00f1a acapar\u00f3 gran parte de la atenci\u00f3n, tiene como ganadora a la ex ministra de Seguridad, Patricia Bullrich (16,99%), que le saca casi 7 puntos de ventaja al jefe de Gobierno porte\u00f1o, Horacio Rodr\u00edguez Larreta (10,61%).<\/span><\/h3>\n<h3 class=\"yiv7409174924ydp6329976emsonormal\" style=\"background: white;\"><span style=\"font-family: 'Arial','sans-serif'; color: #1d2228;\">Los sectores m\u00e1s \u201cduros\u201d del PRO, conocidos popularmente como \u201chalcones\u201d, tambi\u00e9n recibieron buenas noticias de la ciudad de Buenos Aires, donde Jorge Macri se impuso a Mart\u00edn Lousteau -aliado pol\u00edtico de Rodr\u00edguez Larreta- en la carrera por la jefatura de Gobierno.<\/span><\/h3>\n<h3 class=\"yiv7409174924ydp6329976emsonormal\" style=\"background: white;\"><strong><span style=\"font-family: 'Arial','sans-serif'; color: #1d2228;\">PROVINCIA DE BUENOS AIRES<\/span><\/strong><\/h3>\n<h3 class=\"yiv7409174924ydp6329976emsonormal\" style=\"background: white;\"><span style=\"font-family: 'Arial','sans-serif'; color: #1d2228;\">Con el 44,81%% de las mesas escrutadas, el actual gobernador <strong>Axel Kicillof<\/strong> fue el candidato m\u00e1s votado en el territorio \u2014con el 37,25% de los votos\u2014 . Sorprendi\u00f3 la elecci\u00f3n de la candidata referenciada en Javier Milei Carolina P\u00edparo (24,14%, La Libertad Avanza) . Adem\u00e1s, sobresali\u00f3 la victoria parcial de N\u00e9stor Grindetti (584.884 votos) sobre Diego Santilli (567.501) en la interna de Juntos por el Cambio por la gobernaci\u00f3n de la provincia de Buenos Aires.<\/span><\/h3>\n<h3 class=\"yiv7409174924ydp6329976emsonormal\" style=\"background: white;\"><span style=\"font-family: 'Arial','sans-serif'; color: #1d2228;\">Referenciada en Javier Milei, quien logr\u00f3 una sorprendente elecci\u00f3n en las presidenciales \u2014lider\u00f3 las PASO en el pa\u00eds\u2014, Carolina P\u00edparo se ubica segunda entre los candidatos individuales m\u00e1s votados, con m\u00e1s de medio mill\u00f3n de votos en la provincia de Buenos Aires. Hasta el momento, registra un total de 877.344 votos para La Libertad Avanza.<\/span><\/h3>\n<h3 class=\"yiv7409174924ydp6329976emsonormal\" style=\"background: white;\"><span style=\"font-family: 'Arial','sans-serif'; color: #1d2228;\">En lo que respecta a Juntos por el Cambio, N\u00e9stor Grindetti supera en la interna por la candidatura a la gobernaci\u00f3n de la provincia de Buenos Aires a Diego Santilli. El intendente en uso de licencia del municipio de Lan\u00fas registra un total de 584.884 votos, mientras que su competidor en la interna acumula 567.501 votos.<\/span><\/h3>\n<h3 class=\"yiv7409174924ydp6329976emsonormal\" style=\"background: white;\"><span style=\"font-family: 'Arial','sans-serif'; color: #1d2228;\">En la interna del Frente de Izquierda y de los Trabajadores &#8211; Unidad, la f\u00f3rmula que vence es la encabezada por Rub\u00e9n Sobrero (90.167 votos), sobre la encabezada por Alejandro Bodart (40.726 votos).<\/span><\/h3>\n<h3 class=\"yiv7409174924ydp6329976emsonormal\" style=\"background: white;\"><span style=\"font-family: 'Arial','sans-serif'; color: #1d2228;\">Adem\u00e1s, en lo que respecta al c\u00e1lculo seg\u00fan el espacio pol\u00edtico, el detalle en provincia de Buenos Aires es el siguiente: Uni\u00f3n por la Patria 37,25%, Juntos por el Cambio 31,71%, La Libertad Avanza 24,16%, Frente de Izquierda y de los Trabajadores &#8211; Unidad 3,60%.<\/span><\/h3>\n","protected":false},"excerpt":{"rendered":"<p>El l\u00edder libertario super\u00f3 todos los pron\u00f3sticos. El otro dato destacado es que la ex&#8230;<\/p>\n","protected":false},"author":1,"featured_media":1527,"comment_status":"closed","ping_status":"closed","sticky":false,"template":"","format":"standard","meta":{"footnotes":""},"categories":[5],"tags":[],"class_list":["post-1526","post","type-post","status-publish","format-standard","has-post-thumbnail","hentry","category-nacionales-internacionales"],"yoast_head":"<!-- This site is optimized with the Yoast SEO plugin v26.1.1 - https:\/\/yoast.com\/wordpress\/plugins\/seo\/ -->\n<title>JAVIER MILEI MATA ENCUESTAS: GANA LAS PASO CON M\u00c1S DEL 30% DE LOS VOTOS, SEGUIDO POR JUNTOS POR EL CAMBIO Y UNI\u00d3N POR LA PATRIA - Apuntes de San Luis<\/title>\n<meta name=\"robots\" content=\"index, follow, max-snippet:-1, max-image-preview:large, max-video-preview:-1\" \/>\n<link rel=\"canonical\" href=\"https:\/\/apuntesdesanluis.com\/index.php\/2023\/08\/13\/javier-milei-mata-encuestas-gana-las-paso-con-mas-del-30-de-los-votos-seguido-por-juntos-por-el-cambio-y-union-por-la-patria\/\" \/>\n<meta property=\"og:locale\" content=\"es_ES\" \/>\n<meta property=\"og:type\" content=\"article\" \/>\n<meta property=\"og:title\" content=\"JAVIER MILEI MATA ENCUESTAS: GANA LAS PASO CON M\u00c1S DEL 30% DE LOS VOTOS, SEGUIDO POR JUNTOS POR EL CAMBIO Y UNI\u00d3N POR LA PATRIA - Apuntes de San Luis\" \/>\n<meta property=\"og:description\" content=\"El l\u00edder libertario super\u00f3 todos los pron\u00f3sticos. El otro dato destacado es que la ex...\" \/>\n<meta property=\"og:url\" content=\"https:\/\/apuntesdesanluis.com\/index.php\/2023\/08\/13\/javier-milei-mata-encuestas-gana-las-paso-con-mas-del-30-de-los-votos-seguido-por-juntos-por-el-cambio-y-union-por-la-patria\/\" \/>\n<meta property=\"og:site_name\" content=\"Apuntes de San Luis\" \/>\n<meta property=\"article:published_time\" content=\"2023-08-14T02:22:42+00:00\" \/>\n<meta property=\"article:modified_time\" content=\"2023-08-14T03:22:57+00:00\" \/>\n<meta property=\"og:image\" content=\"https:\/\/apuntesdesanluis.com\/wp-content\/uploads\/2023\/08\/MILEI.webp\" \/>\n\t<meta property=\"og:image:width\" content=\"887\" \/>\n\t<meta property=\"og:image:height\" content=\"573\" \/>\n\t<meta property=\"og:image:type\" content=\"image\/webp\" \/>\n<meta name=\"author\" content=\"apuntesdesanluis.com\" \/>\n<meta name=\"twitter:card\" content=\"summary_large_image\" \/>\n<meta name=\"twitter:label1\" content=\"Escrito por\" \/>\n\t<meta name=\"twitter:data1\" content=\"apuntesdesanluis.com\" \/>\n\t<meta name=\"twitter:label2\" content=\"Tiempo de lectura\" \/>\n\t<meta name=\"twitter:data2\" content=\"4 minutos\" \/>\n<script type=\"application\/ld+json\" class=\"yoast-schema-graph\">{\"@context\":\"https:\/\/schema.org\",\"@graph\":[{\"@type\":\"Article\",\"@id\":\"https:\/\/apuntesdesanluis.com\/index.php\/2023\/08\/13\/javier-milei-mata-encuestas-gana-las-paso-con-mas-del-30-de-los-votos-seguido-por-juntos-por-el-cambio-y-union-por-la-patria\/#article\",\"isPartOf\":{\"@id\":\"https:\/\/apuntesdesanluis.com\/index.php\/2023\/08\/13\/javier-milei-mata-encuestas-gana-las-paso-con-mas-del-30-de-los-votos-seguido-por-juntos-por-el-cambio-y-union-por-la-patria\/\"},\"author\":{\"name\":\"apuntesdesanluis.com\",\"@id\":\"https:\/\/apuntesdesanluis.com\/#\/schema\/person\/b55151d52296fcce64d1a72538a70b90\"},\"headline\":\"JAVIER MILEI MATA ENCUESTAS: GANA LAS PASO CON M\u00c1S DEL 30% DE LOS VOTOS, SEGUIDO POR JUNTOS POR EL CAMBIO Y UNI\u00d3N POR LA PATRIA\",\"datePublished\":\"2023-08-14T02:22:42+00:00\",\"dateModified\":\"2023-08-14T03:22:57+00:00\",\"mainEntityOfPage\":{\"@id\":\"https:\/\/apuntesdesanluis.com\/index.php\/2023\/08\/13\/javier-milei-mata-encuestas-gana-las-paso-con-mas-del-30-de-los-votos-seguido-por-juntos-por-el-cambio-y-union-por-la-patria\/\"},\"wordCount\":857,\"publisher\":{\"@id\":\"https:\/\/apuntesdesanluis.com\/#\/schema\/person\/b55151d52296fcce64d1a72538a70b90\"},\"image\":{\"@id\":\"https:\/\/apuntesdesanluis.com\/index.php\/2023\/08\/13\/javier-milei-mata-encuestas-gana-las-paso-con-mas-del-30-de-los-votos-seguido-por-juntos-por-el-cambio-y-union-por-la-patria\/#primaryimage\"},\"thumbnailUrl\":\"https:\/\/apuntesdesanluis.com\/wp-content\/uploads\/2023\/08\/MILEI.webp\",\"articleSection\":[\"Nacionales\/Internacionales\"],\"inLanguage\":\"es-AR\"},{\"@type\":\"WebPage\",\"@id\":\"https:\/\/apuntesdesanluis.com\/index.php\/2023\/08\/13\/javier-milei-mata-encuestas-gana-las-paso-con-mas-del-30-de-los-votos-seguido-por-juntos-por-el-cambio-y-union-por-la-patria\/\",\"url\":\"https:\/\/apuntesdesanluis.com\/index.php\/2023\/08\/13\/javier-milei-mata-encuestas-gana-las-paso-con-mas-del-30-de-los-votos-seguido-por-juntos-por-el-cambio-y-union-por-la-patria\/\",\"name\":\"JAVIER MILEI MATA ENCUESTAS: GANA LAS PASO CON M\u00c1S DEL 30% DE LOS VOTOS, SEGUIDO POR JUNTOS POR EL CAMBIO Y UNI\u00d3N POR LA PATRIA - Apuntes de San Luis\",\"isPartOf\":{\"@id\":\"https:\/\/apuntesdesanluis.com\/#website\"},\"primaryImageOfPage\":{\"@id\":\"https:\/\/apuntesdesanluis.com\/index.php\/2023\/08\/13\/javier-milei-mata-encuestas-gana-las-paso-con-mas-del-30-de-los-votos-seguido-por-juntos-por-el-cambio-y-union-por-la-patria\/#primaryimage\"},\"image\":{\"@id\":\"https:\/\/apuntesdesanluis.com\/index.php\/2023\/08\/13\/javier-milei-mata-encuestas-gana-las-paso-con-mas-del-30-de-los-votos-seguido-por-juntos-por-el-cambio-y-union-por-la-patria\/#primaryimage\"},\"thumbnailUrl\":\"https:\/\/apuntesdesanluis.com\/wp-content\/uploads\/2023\/08\/MILEI.webp\",\"datePublished\":\"2023-08-14T02:22:42+00:00\",\"dateModified\":\"2023-08-14T03:22:57+00:00\",\"breadcrumb\":{\"@id\":\"https:\/\/apuntesdesanluis.com\/index.php\/2023\/08\/13\/javier-milei-mata-encuestas-gana-las-paso-con-mas-del-30-de-los-votos-seguido-por-juntos-por-el-cambio-y-union-por-la-patria\/#breadcrumb\"},\"inLanguage\":\"es-AR\",\"potentialAction\":[{\"@type\":\"ReadAction\",\"target\":[\"https:\/\/apuntesdesanluis.com\/index.php\/2023\/08\/13\/javier-milei-mata-encuestas-gana-las-paso-con-mas-del-30-de-los-votos-seguido-por-juntos-por-el-cambio-y-union-por-la-patria\/\"]}]},{\"@type\":\"ImageObject\",\"inLanguage\":\"es-AR\",\"@id\":\"https:\/\/apuntesdesanluis.com\/index.php\/2023\/08\/13\/javier-milei-mata-encuestas-gana-las-paso-con-mas-del-30-de-los-votos-seguido-por-juntos-por-el-cambio-y-union-por-la-patria\/#primaryimage\",\"url\":\"https:\/\/apuntesdesanluis.com\/wp-content\/uploads\/2023\/08\/MILEI.webp\",\"contentUrl\":\"https:\/\/apuntesdesanluis.com\/wp-content\/uploads\/2023\/08\/MILEI.webp\",\"width\":887,\"height\":573},{\"@type\":\"BreadcrumbList\",\"@id\":\"https:\/\/apuntesdesanluis.com\/index.php\/2023\/08\/13\/javier-milei-mata-encuestas-gana-las-paso-con-mas-del-30-de-los-votos-seguido-por-juntos-por-el-cambio-y-union-por-la-patria\/#breadcrumb\",\"itemListElement\":[{\"@type\":\"ListItem\",\"position\":1,\"name\":\"Inicio\",\"item\":\"https:\/\/apuntesdesanluis.com\/\"},{\"@type\":\"ListItem\",\"position\":2,\"name\":\"JAVIER MILEI MATA ENCUESTAS: GANA LAS PASO CON M\u00c1S DEL 30% DE LOS VOTOS, SEGUIDO POR JUNTOS POR EL CAMBIO Y UNI\u00d3N POR LA PATRIA\"}]},{\"@type\":\"WebSite\",\"@id\":\"https:\/\/apuntesdesanluis.com\/#website\",\"url\":\"https:\/\/apuntesdesanluis.com\/\",\"name\":\"Apuntes de San Luis\",\"description\":\"\",\"publisher\":{\"@id\":\"https:\/\/apuntesdesanluis.com\/#\/schema\/person\/b55151d52296fcce64d1a72538a70b90\"},\"potentialAction\":[{\"@type\":\"SearchAction\",\"target\":{\"@type\":\"EntryPoint\",\"urlTemplate\":\"https:\/\/apuntesdesanluis.com\/?s={search_term_string}\"},\"query-input\":{\"@type\":\"PropertyValueSpecification\",\"valueRequired\":true,\"valueName\":\"search_term_string\"}}],\"inLanguage\":\"es-AR\"},{\"@type\":[\"Person\",\"Organization\"],\"@id\":\"https:\/\/apuntesdesanluis.com\/#\/schema\/person\/b55151d52296fcce64d1a72538a70b90\",\"name\":\"apuntesdesanluis.com\",\"image\":{\"@type\":\"ImageObject\",\"inLanguage\":\"es-AR\",\"@id\":\"https:\/\/apuntesdesanluis.com\/#\/schema\/person\/image\/\",\"url\":\"https:\/\/apuntesdesanluis.com\/wp-content\/uploads\/2023\/07\/cropped-apuntesdesanluis.png\",\"contentUrl\":\"https:\/\/apuntesdesanluis.com\/wp-content\/uploads\/2023\/07\/cropped-apuntesdesanluis.png\",\"width\":450,\"height\":112,\"caption\":\"apuntesdesanluis.com\"},\"logo\":{\"@id\":\"https:\/\/apuntesdesanluis.com\/#\/schema\/person\/image\/\"},\"sameAs\":[\"https:\/\/apuntesdesanluis.com\"],\"url\":\"https:\/\/apuntesdesanluis.com\/index.php\/author\/apuntesdesanluis-com\/\"}]}<\/script>\n<!-- \/ Yoast SEO plugin. -->","yoast_head_json":{"title":"JAVIER MILEI MATA ENCUESTAS: GANA LAS PASO CON M\u00c1S DEL 30% DE LOS VOTOS, SEGUIDO POR JUNTOS POR EL CAMBIO Y UNI\u00d3N POR LA PATRIA - Apuntes de San Luis","robots":{"index":"index","follow":"follow","max-snippet":"max-snippet:-1","max-image-preview":"max-image-preview:large","max-video-preview":"max-video-preview:-1"},"canonical":"https:\/\/apuntesdesanluis.com\/index.php\/2023\/08\/13\/javier-milei-mata-encuestas-gana-las-paso-con-mas-del-30-de-los-votos-seguido-por-juntos-por-el-cambio-y-union-por-la-patria\/","og_locale":"es_ES","og_type":"article","og_title":"JAVIER MILEI MATA ENCUESTAS: GANA LAS PASO CON M\u00c1S DEL 30% DE LOS VOTOS, SEGUIDO POR JUNTOS POR EL CAMBIO Y UNI\u00d3N POR LA PATRIA - Apuntes de San Luis","og_description":"El l\u00edder libertario super\u00f3 todos los pron\u00f3sticos. El otro dato destacado es que la ex...","og_url":"https:\/\/apuntesdesanluis.com\/index.php\/2023\/08\/13\/javier-milei-mata-encuestas-gana-las-paso-con-mas-del-30-de-los-votos-seguido-por-juntos-por-el-cambio-y-union-por-la-patria\/","og_site_name":"Apuntes de San Luis","article_published_time":"2023-08-14T02:22:42+00:00","article_modified_time":"2023-08-14T03:22:57+00:00","og_image":[{"width":887,"height":573,"url":"https:\/\/apuntesdesanluis.com\/wp-content\/uploads\/2023\/08\/MILEI.webp","type":"image\/webp"}],"author":"apuntesdesanluis.com","twitter_card":"summary_large_image","twitter_misc":{"Escrito por":"apuntesdesanluis.com","Tiempo de lectura":"4 minutos"},"schema":{"@context":"https:\/\/schema.org","@graph":[{"@type":"Article","@id":"https:\/\/apuntesdesanluis.com\/index.php\/2023\/08\/13\/javier-milei-mata-encuestas-gana-las-paso-con-mas-del-30-de-los-votos-seguido-por-juntos-por-el-cambio-y-union-por-la-patria\/#article","isPartOf":{"@id":"https:\/\/apuntesdesanluis.com\/index.php\/2023\/08\/13\/javier-milei-mata-encuestas-gana-las-paso-con-mas-del-30-de-los-votos-seguido-por-juntos-por-el-cambio-y-union-por-la-patria\/"},"author":{"name":"apuntesdesanluis.com","@id":"https:\/\/apuntesdesanluis.com\/#\/schema\/person\/b55151d52296fcce64d1a72538a70b90"},"headline":"JAVIER MILEI MATA ENCUESTAS: GANA LAS PASO CON M\u00c1S DEL 30% DE LOS VOTOS, SEGUIDO POR JUNTOS POR EL CAMBIO Y UNI\u00d3N POR LA PATRIA","datePublished":"2023-08-14T02:22:42+00:00","dateModified":"2023-08-14T03:22:57+00:00","mainEntityOfPage":{"@id":"https:\/\/apuntesdesanluis.com\/index.php\/2023\/08\/13\/javier-milei-mata-encuestas-gana-las-paso-con-mas-del-30-de-los-votos-seguido-por-juntos-por-el-cambio-y-union-por-la-patria\/"},"wordCount":857,"publisher":{"@id":"https:\/\/apuntesdesanluis.com\/#\/schema\/person\/b55151d52296fcce64d1a72538a70b90"},"image":{"@id":"https:\/\/apuntesdesanluis.com\/index.php\/2023\/08\/13\/javier-milei-mata-encuestas-gana-las-paso-con-mas-del-30-de-los-votos-seguido-por-juntos-por-el-cambio-y-union-por-la-patria\/#primaryimage"},"thumbnailUrl":"https:\/\/apuntesdesanluis.com\/wp-content\/uploads\/2023\/08\/MILEI.webp","articleSection":["Nacionales\/Internacionales"],"inLanguage":"es-AR"},{"@type":"WebPage","@id":"https:\/\/apuntesdesanluis.com\/index.php\/2023\/08\/13\/javier-milei-mata-encuestas-gana-las-paso-con-mas-del-30-de-los-votos-seguido-por-juntos-por-el-cambio-y-union-por-la-patria\/","url":"https:\/\/apuntesdesanluis.com\/index.php\/2023\/08\/13\/javier-milei-mata-encuestas-gana-las-paso-con-mas-del-30-de-los-votos-seguido-por-juntos-por-el-cambio-y-union-por-la-patria\/","name":"JAVIER MILEI MATA ENCUESTAS: GANA LAS PASO CON M\u00c1S DEL 30% DE LOS VOTOS, SEGUIDO POR JUNTOS POR EL CAMBIO Y UNI\u00d3N POR LA PATRIA - Apuntes de San Luis","isPartOf":{"@id":"https:\/\/apuntesdesanluis.com\/#website"},"primaryImageOfPage":{"@id":"https:\/\/apuntesdesanluis.com\/index.php\/2023\/08\/13\/javier-milei-mata-encuestas-gana-las-paso-con-mas-del-30-de-los-votos-seguido-por-juntos-por-el-cambio-y-union-por-la-patria\/#primaryimage"},"image":{"@id":"https:\/\/apuntesdesanluis.com\/index.php\/2023\/08\/13\/javier-milei-mata-encuestas-gana-las-paso-con-mas-del-30-de-los-votos-seguido-por-juntos-por-el-cambio-y-union-por-la-patria\/#primaryimage"},"thumbnailUrl":"https:\/\/apuntesdesanluis.com\/wp-content\/uploads\/2023\/08\/MILEI.webp","datePublished":"2023-08-14T02:22:42+00:00","dateModified":"2023-08-14T03:22:57+00:00","breadcrumb":{"@id":"https:\/\/apuntesdesanluis.com\/index.php\/2023\/08\/13\/javier-milei-mata-encuestas-gana-las-paso-con-mas-del-30-de-los-votos-seguido-por-juntos-por-el-cambio-y-union-por-la-patria\/#breadcrumb"},"inLanguage":"es-AR","potentialAction":[{"@type":"ReadAction","target":["https:\/\/apuntesdesanluis.com\/index.php\/2023\/08\/13\/javier-milei-mata-encuestas-gana-las-paso-con-mas-del-30-de-los-votos-seguido-por-juntos-por-el-cambio-y-union-por-la-patria\/"]}]},{"@type":"ImageObject","inLanguage":"es-AR","@id":"https:\/\/apuntesdesanluis.com\/index.php\/2023\/08\/13\/javier-milei-mata-encuestas-gana-las-paso-con-mas-del-30-de-los-votos-seguido-por-juntos-por-el-cambio-y-union-por-la-patria\/#primaryimage","url":"https:\/\/apuntesdesanluis.com\/wp-content\/uploads\/2023\/08\/MILEI.webp","contentUrl":"https:\/\/apuntesdesanluis.com\/wp-content\/uploads\/2023\/08\/MILEI.webp","width":887,"height":573},{"@type":"BreadcrumbList","@id":"https:\/\/apuntesdesanluis.com\/index.php\/2023\/08\/13\/javier-milei-mata-encuestas-gana-las-paso-con-mas-del-30-de-los-votos-seguido-por-juntos-por-el-cambio-y-union-por-la-patria\/#breadcrumb","itemListElement":[{"@type":"ListItem","position":1,"name":"Inicio","item":"https:\/\/apuntesdesanluis.com\/"},{"@type":"ListItem","position":2,"name":"JAVIER MILEI MATA ENCUESTAS: GANA LAS PASO CON M\u00c1S DEL 30% DE LOS VOTOS, SEGUIDO POR JUNTOS POR EL CAMBIO Y UNI\u00d3N POR LA PATRIA"}]},{"@type":"WebSite","@id":"https:\/\/apuntesdesanluis.com\/#website","url":"https:\/\/apuntesdesanluis.com\/","name":"Apuntes de San Luis","description":"","publisher":{"@id":"https:\/\/apuntesdesanluis.com\/#\/schema\/person\/b55151d52296fcce64d1a72538a70b90"},"potentialAction":[{"@type":"SearchAction","target":{"@type":"EntryPoint","urlTemplate":"https:\/\/apuntesdesanluis.com\/?s={search_term_string}"},"query-input":{"@type":"PropertyValueSpecification","valueRequired":true,"valueName":"search_term_string"}}],"inLanguage":"es-AR"},{"@type":["Person","Organization"],"@id":"https:\/\/apuntesdesanluis.com\/#\/schema\/person\/b55151d52296fcce64d1a72538a70b90","name":"apuntesdesanluis.com","image":{"@type":"ImageObject","inLanguage":"es-AR","@id":"https:\/\/apuntesdesanluis.com\/#\/schema\/person\/image\/","url":"https:\/\/apuntesdesanluis.com\/wp-content\/uploads\/2023\/07\/cropped-apuntesdesanluis.png","contentUrl":"https:\/\/apuntesdesanluis.com\/wp-content\/uploads\/2023\/07\/cropped-apuntesdesanluis.png","width":450,"height":112,"caption":"apuntesdesanluis.com"},"logo":{"@id":"https:\/\/apuntesdesanluis.com\/#\/schema\/person\/image\/"},"sameAs":["https:\/\/apuntesdesanluis.com"],"url":"https:\/\/apuntesdesanluis.com\/index.php\/author\/apuntesdesanluis-com\/"}]}},"featured_image_urls":{"full":["https:\/\/apuntesdesanluis.com\/wp-content\/uploads\/2023\/08\/MILEI.webp",887,573,false],"thumbnail":["https:\/\/apuntesdesanluis.com\/wp-content\/uploads\/2023\/08\/MILEI-150x150.webp",150,150,true],"medium":["https:\/\/apuntesdesanluis.com\/wp-content\/uploads\/2023\/08\/MILEI-300x194.webp",300,194,true],"medium_large":["https:\/\/apuntesdesanluis.com\/wp-content\/uploads\/2023\/08\/MILEI-768x496.webp",640,413,true],"large":["https:\/\/apuntesdesanluis.com\/wp-content\/uploads\/2023\/08\/MILEI.webp",640,413,false],"1536x1536":["https:\/\/apuntesdesanluis.com\/wp-content\/uploads\/2023\/08\/MILEI.webp",887,573,false],"2048x2048":["https:\/\/apuntesdesanluis.com\/wp-content\/uploads\/2023\/08\/MILEI.webp",887,573,false],"newsever-slider-full":["https:\/\/apuntesdesanluis.com\/wp-content\/uploads\/2023\/08\/MILEI.webp",887,573,false],"newsever-featured":["https:\/\/apuntesdesanluis.com\/wp-content\/uploads\/2023\/08\/MILEI.webp",887,573,false],"newsever-medium":["https:\/\/apuntesdesanluis.com\/wp-content\/uploads\/2023\/08\/MILEI-720x475.webp",720,475,true]},"author_info":{"display_name":"apuntesdesanluis.com","author_link":"https:\/\/apuntesdesanluis.com\/index.php\/author\/apuntesdesanluis-com\/"},"category_info":"<a href=\"https:\/\/apuntesdesanluis.com\/index.php\/category\/nacionales-internacionales\/\" rel=\"category tag\">Nacionales\/Internacionales<\/a>","tag_info":"Nacionales\/Internacionales","comment_count":"0","_links":{"self":[{"href":"https:\/\/apuntesdesanluis.com\/index.php\/wp-json\/wp\/v2\/posts\/1526","targetHints":{"allow":["GET"]}}],"collection":[{"href":"https:\/\/apuntesdesanluis.com\/index.php\/wp-json\/wp\/v2\/posts"}],"about":[{"href":"https:\/\/apuntesdesanluis.com\/index.php\/wp-json\/wp\/v2\/types\/post"}],"author":[{"embeddable":true,"href":"https:\/\/apuntesdesanluis.com\/index.php\/wp-json\/wp\/v2\/users\/1"}],"replies":[{"embeddable":true,"href":"https:\/\/apuntesdesanluis.com\/index.php\/wp-json\/wp\/v2\/comments?post=1526"}],"version-history":[{"count":7,"href":"https:\/\/apuntesdesanluis.com\/index.php\/wp-json\/wp\/v2\/posts\/1526\/revisions"}],"predecessor-version":[{"id":1534,"href":"https:\/\/apuntesdesanluis.com\/index.php\/wp-json\/wp\/v2\/posts\/1526\/revisions\/1534"}],"wp:featuredmedia":[{"embeddable":true,"href":"https:\/\/apuntesdesanluis.com\/index.php\/wp-json\/wp\/v2\/media\/1527"}],"wp:attachment":[{"href":"https:\/\/apuntesdesanluis.com\/index.php\/wp-json\/wp\/v2\/media?parent=1526"}],"wp:term":[{"taxonomy":"category","embeddable":true,"href":"https:\/\/apuntesdesanluis.com\/index.php\/wp-json\/wp\/v2\/categories?post=1526"},{"taxonomy":"post_tag","embeddable":true,"href":"https:\/\/apuntesdesanluis.com\/index.php\/wp-json\/wp\/v2\/tags?post=1526"}],"curies":[{"name":"wp","href":"https:\/\/api.w.org\/{rel}","templated":true}]}}