{"id":15264,"date":"2024-04-25T17:33:01","date_gmt":"2024-04-25T20:33:01","guid":{"rendered":"https:\/\/apuntesdesanluis.com\/?p=15264"},"modified":"2024-04-25T21:34:38","modified_gmt":"2024-04-26T00:34:38","slug":"lo-condenaron-a-11-anos-de-prision-por-abusar-sexualmente-de-su-sobrina","status":"publish","type":"post","link":"https:\/\/apuntesdesanluis.com\/index.php\/2024\/04\/25\/lo-condenaron-a-11-anos-de-prision-por-abusar-sexualmente-de-su-sobrina\/","title":{"rendered":"LO CONDENARON A 11 A\u00d1OS DE PRISI\u00d3N POR ABUSAR SEXUALMENTE DE SU SOBRINA"},"content":{"rendered":"<h3>La v\u00edctima ten\u00eda 10 a\u00f1os al momento del hecho y efectu\u00f3 la denuncia en 2019 cuando ya era mayor de edad.<\/h3>\n<h3>Este jueves, la Sala Penal de la Tercera Circunscripci\u00f3n Judicial emiti\u00f3 veredicto condenatorio contra C.A.V., un hombre de 58 a\u00f1os acusado de abusar sexualmente de la sobrina de su pareja.<\/h3>\n<h3>Los ultrajes ocurrieron en la casa de la damnificada, ubicada en la localidad de Tilisarao. La v\u00edctima ten\u00eda 10 a\u00f1os en ese momento, pero radic\u00f3 la denuncia en 2019, luego de cumplir la mayor\u00eda de edad, cuando se anim\u00f3 a exponer ante las autoridades los abusos que sufri\u00f3 en manos de su t\u00edo.<\/h3>\n<h3>El tribunal a cargo del juicio estuvo integrado por los Dres. Daniel Sanchi\u00f1o, Mar\u00eda Claudia Uccello y Sandra Piguillem, asistidos por la secretaria subrogante, Dra. Romina Quatroque.<\/h3>\n<h3>Por el Ministerio P\u00fablico Fiscal, intervino el Dr. Mario N\u00e9stor Zudaire, y en representaci\u00f3n del acusado, actu\u00f3 el Defensor Oficial en lo Penal, Jos\u00e9 Luis Gui\u00f1az\u00fa.<\/h3>\n<h3>Iniciada la audiencia, la fiscal\u00eda inform\u00f3 el acuerdo de juicio abreviado arribado con la defensa, mediante el cual C.A.V. reconoci\u00f3 el hecho atribuido y su autor\u00eda en el mismo, aceptando la imposici\u00f3n de una pena de 11 a\u00f1os de prisi\u00f3n efectiva.<\/h3>\n<h3>En ese sentido, el fiscal aclar\u00f3 que el sustrato jur\u00eddico para abreviar el proceso era justamente el reconocimiento por parte del acusado del injusto penal que se le endilga, esto es, ser el autor del delito de abuso sexual con acceso carnal agravado por provocar un grave da\u00f1o en la salud mental de la v\u00edctima, del que resultara damnificada su sobrina pol\u00edtica.<\/h3>\n<h3>Como circunstancias atenuantes de la pena, la fiscal\u00eda consider\u00f3 la ausencia de antecedentes penales computables y, como agravantes, la naturaleza de la acci\u00f3n desplegada, los medios empleados para ejecutarla y la extensi\u00f3n del da\u00f1o causado.<\/h3>\n<h3>La damnificada estuvo presente en el recinto y, al ser preguntada por el tribunal si comprend\u00eda los alcances del acuerdo y si quer\u00eda efectuar alguna manifestaci\u00f3n al respecto, expres\u00f3 que esperaba que por medio de la condena su t\u00edo entendiera que \u201cahora soy grande y que no soy esa ni\u00f1a que se qued\u00f3 callada todo este tiempo\u201d.<\/h3>\n<h3>Luego de escuchar a las partes, los magistrados resolvieron homologar el acuerdo de juicio abreviado y dictar, en consecuencia, el siguiente veredicto: declarar a C.A.V. culpable como autor material y penalmente responsable del delito de abuso sexual con acceso carnal, agravado por resultar un grave da\u00f1o en la salud mental de la v\u00edctima, conden\u00e1ndolo a sufrir la pena de 11 a\u00f1os de prisi\u00f3n, accesorias de ley y costas procesales.<\/h3>\n<h3>Finalmente, ordenaron su inmediato reintegro al Servicio Penitenciario Provincial.<\/h3>\n<h3 style=\"text-align: center;\">\u2026\u2026\u2026..<\/h3>\n<h3>Nota aclarativa: por tratarse de un delito contra la integridad sexual, no se consignan los datos identificatorios de las partes a fin de preservar el derecho a la intimidad, privacidad y confidencialidad de la v\u00edctima.<\/h3>\n<p>&nbsp;<\/p>\n<p>&nbsp;<\/p>\n<p>&nbsp;<\/p>\n","protected":false},"excerpt":{"rendered":"<p>La v\u00edctima ten\u00eda 10 a\u00f1os al momento del hecho y efectu\u00f3 la denuncia en 2019&#8230;<\/p>\n","protected":false},"author":1,"featured_media":15265,"comment_status":"closed","ping_status":"closed","sticky":false,"template":"","format":"standard","meta":{"footnotes":""},"categories":[6],"tags":[],"class_list":["post-15264","post","type-post","status-publish","format-standard","has-post-thumbnail","hentry","category-ciudad-provincia"],"yoast_head":"<!-- This site is optimized with the Yoast SEO plugin v26.1.1 - https:\/\/yoast.com\/wordpress\/plugins\/seo\/ -->\n<title>LO CONDENARON A 11 A\u00d1OS DE PRISI\u00d3N POR ABUSAR SEXUALMENTE DE SU SOBRINA - Apuntes de San Luis<\/title>\n<meta name=\"robots\" content=\"index, follow, max-snippet:-1, max-image-preview:large, max-video-preview:-1\" \/>\n<link rel=\"canonical\" href=\"https:\/\/apuntesdesanluis.com\/index.php\/2024\/04\/25\/lo-condenaron-a-11-anos-de-prision-por-abusar-sexualmente-de-su-sobrina\/\" \/>\n<meta property=\"og:locale\" content=\"es_ES\" \/>\n<meta property=\"og:type\" content=\"article\" \/>\n<meta property=\"og:title\" content=\"LO CONDENARON A 11 A\u00d1OS DE PRISI\u00d3N POR ABUSAR SEXUALMENTE DE SU SOBRINA - Apuntes de San Luis\" \/>\n<meta property=\"og:description\" content=\"La v\u00edctima ten\u00eda 10 a\u00f1os al momento del hecho y efectu\u00f3 la denuncia en 2019...\" \/>\n<meta property=\"og:url\" content=\"https:\/\/apuntesdesanluis.com\/index.php\/2024\/04\/25\/lo-condenaron-a-11-anos-de-prision-por-abusar-sexualmente-de-su-sobrina\/\" \/>\n<meta property=\"og:site_name\" content=\"Apuntes de San Luis\" \/>\n<meta property=\"article:published_time\" content=\"2024-04-25T20:33:01+00:00\" \/>\n<meta property=\"article:modified_time\" content=\"2024-04-26T00:34:38+00:00\" \/>\n<meta property=\"og:image\" content=\"https:\/\/apuntesdesanluis.com\/wp-content\/uploads\/2024\/04\/abusador.png\" \/>\n\t<meta property=\"og:image:width\" content=\"600\" \/>\n\t<meta property=\"og:image:height\" content=\"362\" \/>\n\t<meta property=\"og:image:type\" content=\"image\/png\" \/>\n<meta name=\"author\" content=\"apuntesdesanluis.com\" \/>\n<meta name=\"twitter:card\" content=\"summary_large_image\" \/>\n<meta name=\"twitter:label1\" content=\"Escrito por\" \/>\n\t<meta name=\"twitter:data1\" content=\"apuntesdesanluis.com\" \/>\n\t<meta name=\"twitter:label2\" content=\"Tiempo de lectura\" \/>\n\t<meta name=\"twitter:data2\" content=\"3 minutos\" \/>\n<script type=\"application\/ld+json\" class=\"yoast-schema-graph\">{\"@context\":\"https:\/\/schema.org\",\"@graph\":[{\"@type\":\"Article\",\"@id\":\"https:\/\/apuntesdesanluis.com\/index.php\/2024\/04\/25\/lo-condenaron-a-11-anos-de-prision-por-abusar-sexualmente-de-su-sobrina\/#article\",\"isPartOf\":{\"@id\":\"https:\/\/apuntesdesanluis.com\/index.php\/2024\/04\/25\/lo-condenaron-a-11-anos-de-prision-por-abusar-sexualmente-de-su-sobrina\/\"},\"author\":{\"name\":\"apuntesdesanluis.com\",\"@id\":\"https:\/\/apuntesdesanluis.com\/#\/schema\/person\/b55151d52296fcce64d1a72538a70b90\"},\"headline\":\"LO CONDENARON A 11 A\u00d1OS DE PRISI\u00d3N POR ABUSAR SEXUALMENTE DE SU SOBRINA\",\"datePublished\":\"2024-04-25T20:33:01+00:00\",\"dateModified\":\"2024-04-26T00:34:38+00:00\",\"mainEntityOfPage\":{\"@id\":\"https:\/\/apuntesdesanluis.com\/index.php\/2024\/04\/25\/lo-condenaron-a-11-anos-de-prision-por-abusar-sexualmente-de-su-sobrina\/\"},\"wordCount\":521,\"publisher\":{\"@id\":\"https:\/\/apuntesdesanluis.com\/#\/schema\/person\/b55151d52296fcce64d1a72538a70b90\"},\"image\":{\"@id\":\"https:\/\/apuntesdesanluis.com\/index.php\/2024\/04\/25\/lo-condenaron-a-11-anos-de-prision-por-abusar-sexualmente-de-su-sobrina\/#primaryimage\"},\"thumbnailUrl\":\"https:\/\/apuntesdesanluis.com\/wp-content\/uploads\/2024\/04\/abusador.png\",\"articleSection\":[\"Ciudad\/Provincia\"],\"inLanguage\":\"es-AR\"},{\"@type\":\"WebPage\",\"@id\":\"https:\/\/apuntesdesanluis.com\/index.php\/2024\/04\/25\/lo-condenaron-a-11-anos-de-prision-por-abusar-sexualmente-de-su-sobrina\/\",\"url\":\"https:\/\/apuntesdesanluis.com\/index.php\/2024\/04\/25\/lo-condenaron-a-11-anos-de-prision-por-abusar-sexualmente-de-su-sobrina\/\",\"name\":\"LO CONDENARON A 11 A\u00d1OS DE PRISI\u00d3N POR ABUSAR SEXUALMENTE DE SU SOBRINA - Apuntes de San Luis\",\"isPartOf\":{\"@id\":\"https:\/\/apuntesdesanluis.com\/#website\"},\"primaryImageOfPage\":{\"@id\":\"https:\/\/apuntesdesanluis.com\/index.php\/2024\/04\/25\/lo-condenaron-a-11-anos-de-prision-por-abusar-sexualmente-de-su-sobrina\/#primaryimage\"},\"image\":{\"@id\":\"https:\/\/apuntesdesanluis.com\/index.php\/2024\/04\/25\/lo-condenaron-a-11-anos-de-prision-por-abusar-sexualmente-de-su-sobrina\/#primaryimage\"},\"thumbnailUrl\":\"https:\/\/apuntesdesanluis.com\/wp-content\/uploads\/2024\/04\/abusador.png\",\"datePublished\":\"2024-04-25T20:33:01+00:00\",\"dateModified\":\"2024-04-26T00:34:38+00:00\",\"breadcrumb\":{\"@id\":\"https:\/\/apuntesdesanluis.com\/index.php\/2024\/04\/25\/lo-condenaron-a-11-anos-de-prision-por-abusar-sexualmente-de-su-sobrina\/#breadcrumb\"},\"inLanguage\":\"es-AR\",\"potentialAction\":[{\"@type\":\"ReadAction\",\"target\":[\"https:\/\/apuntesdesanluis.com\/index.php\/2024\/04\/25\/lo-condenaron-a-11-anos-de-prision-por-abusar-sexualmente-de-su-sobrina\/\"]}]},{\"@type\":\"ImageObject\",\"inLanguage\":\"es-AR\",\"@id\":\"https:\/\/apuntesdesanluis.com\/index.php\/2024\/04\/25\/lo-condenaron-a-11-anos-de-prision-por-abusar-sexualmente-de-su-sobrina\/#primaryimage\",\"url\":\"https:\/\/apuntesdesanluis.com\/wp-content\/uploads\/2024\/04\/abusador.png\",\"contentUrl\":\"https:\/\/apuntesdesanluis.com\/wp-content\/uploads\/2024\/04\/abusador.png\",\"width\":600,\"height\":362},{\"@type\":\"BreadcrumbList\",\"@id\":\"https:\/\/apuntesdesanluis.com\/index.php\/2024\/04\/25\/lo-condenaron-a-11-anos-de-prision-por-abusar-sexualmente-de-su-sobrina\/#breadcrumb\",\"itemListElement\":[{\"@type\":\"ListItem\",\"position\":1,\"name\":\"Inicio\",\"item\":\"https:\/\/apuntesdesanluis.com\/\"},{\"@type\":\"ListItem\",\"position\":2,\"name\":\"LO CONDENARON A 11 A\u00d1OS DE PRISI\u00d3N POR ABUSAR SEXUALMENTE DE SU SOBRINA\"}]},{\"@type\":\"WebSite\",\"@id\":\"https:\/\/apuntesdesanluis.com\/#website\",\"url\":\"https:\/\/apuntesdesanluis.com\/\",\"name\":\"Apuntes de San Luis\",\"description\":\"\",\"publisher\":{\"@id\":\"https:\/\/apuntesdesanluis.com\/#\/schema\/person\/b55151d52296fcce64d1a72538a70b90\"},\"potentialAction\":[{\"@type\":\"SearchAction\",\"target\":{\"@type\":\"EntryPoint\",\"urlTemplate\":\"https:\/\/apuntesdesanluis.com\/?s={search_term_string}\"},\"query-input\":{\"@type\":\"PropertyValueSpecification\",\"valueRequired\":true,\"valueName\":\"search_term_string\"}}],\"inLanguage\":\"es-AR\"},{\"@type\":[\"Person\",\"Organization\"],\"@id\":\"https:\/\/apuntesdesanluis.com\/#\/schema\/person\/b55151d52296fcce64d1a72538a70b90\",\"name\":\"apuntesdesanluis.com\",\"image\":{\"@type\":\"ImageObject\",\"inLanguage\":\"es-AR\",\"@id\":\"https:\/\/apuntesdesanluis.com\/#\/schema\/person\/image\/\",\"url\":\"https:\/\/apuntesdesanluis.com\/wp-content\/uploads\/2023\/07\/cropped-apuntesdesanluis.png\",\"contentUrl\":\"https:\/\/apuntesdesanluis.com\/wp-content\/uploads\/2023\/07\/cropped-apuntesdesanluis.png\",\"width\":450,\"height\":112,\"caption\":\"apuntesdesanluis.com\"},\"logo\":{\"@id\":\"https:\/\/apuntesdesanluis.com\/#\/schema\/person\/image\/\"},\"sameAs\":[\"https:\/\/apuntesdesanluis.com\"],\"url\":\"https:\/\/apuntesdesanluis.com\/index.php\/author\/apuntesdesanluis-com\/\"}]}<\/script>\n<!-- \/ Yoast SEO plugin. -->","yoast_head_json":{"title":"LO CONDENARON A 11 A\u00d1OS DE PRISI\u00d3N POR ABUSAR SEXUALMENTE DE SU SOBRINA - Apuntes de San Luis","robots":{"index":"index","follow":"follow","max-snippet":"max-snippet:-1","max-image-preview":"max-image-preview:large","max-video-preview":"max-video-preview:-1"},"canonical":"https:\/\/apuntesdesanluis.com\/index.php\/2024\/04\/25\/lo-condenaron-a-11-anos-de-prision-por-abusar-sexualmente-de-su-sobrina\/","og_locale":"es_ES","og_type":"article","og_title":"LO CONDENARON A 11 A\u00d1OS DE PRISI\u00d3N POR ABUSAR SEXUALMENTE DE SU SOBRINA - Apuntes de San Luis","og_description":"La v\u00edctima ten\u00eda 10 a\u00f1os al momento del hecho y efectu\u00f3 la denuncia en 2019...","og_url":"https:\/\/apuntesdesanluis.com\/index.php\/2024\/04\/25\/lo-condenaron-a-11-anos-de-prision-por-abusar-sexualmente-de-su-sobrina\/","og_site_name":"Apuntes de San Luis","article_published_time":"2024-04-25T20:33:01+00:00","article_modified_time":"2024-04-26T00:34:38+00:00","og_image":[{"width":600,"height":362,"url":"https:\/\/apuntesdesanluis.com\/wp-content\/uploads\/2024\/04\/abusador.png","type":"image\/png"}],"author":"apuntesdesanluis.com","twitter_card":"summary_large_image","twitter_misc":{"Escrito por":"apuntesdesanluis.com","Tiempo de lectura":"3 minutos"},"schema":{"@context":"https:\/\/schema.org","@graph":[{"@type":"Article","@id":"https:\/\/apuntesdesanluis.com\/index.php\/2024\/04\/25\/lo-condenaron-a-11-anos-de-prision-por-abusar-sexualmente-de-su-sobrina\/#article","isPartOf":{"@id":"https:\/\/apuntesdesanluis.com\/index.php\/2024\/04\/25\/lo-condenaron-a-11-anos-de-prision-por-abusar-sexualmente-de-su-sobrina\/"},"author":{"name":"apuntesdesanluis.com","@id":"https:\/\/apuntesdesanluis.com\/#\/schema\/person\/b55151d52296fcce64d1a72538a70b90"},"headline":"LO CONDENARON A 11 A\u00d1OS DE PRISI\u00d3N POR ABUSAR SEXUALMENTE DE SU SOBRINA","datePublished":"2024-04-25T20:33:01+00:00","dateModified":"2024-04-26T00:34:38+00:00","mainEntityOfPage":{"@id":"https:\/\/apuntesdesanluis.com\/index.php\/2024\/04\/25\/lo-condenaron-a-11-anos-de-prision-por-abusar-sexualmente-de-su-sobrina\/"},"wordCount":521,"publisher":{"@id":"https:\/\/apuntesdesanluis.com\/#\/schema\/person\/b55151d52296fcce64d1a72538a70b90"},"image":{"@id":"https:\/\/apuntesdesanluis.com\/index.php\/2024\/04\/25\/lo-condenaron-a-11-anos-de-prision-por-abusar-sexualmente-de-su-sobrina\/#primaryimage"},"thumbnailUrl":"https:\/\/apuntesdesanluis.com\/wp-content\/uploads\/2024\/04\/abusador.png","articleSection":["Ciudad\/Provincia"],"inLanguage":"es-AR"},{"@type":"WebPage","@id":"https:\/\/apuntesdesanluis.com\/index.php\/2024\/04\/25\/lo-condenaron-a-11-anos-de-prision-por-abusar-sexualmente-de-su-sobrina\/","url":"https:\/\/apuntesdesanluis.com\/index.php\/2024\/04\/25\/lo-condenaron-a-11-anos-de-prision-por-abusar-sexualmente-de-su-sobrina\/","name":"LO CONDENARON A 11 A\u00d1OS DE PRISI\u00d3N POR ABUSAR SEXUALMENTE DE SU SOBRINA - Apuntes de San Luis","isPartOf":{"@id":"https:\/\/apuntesdesanluis.com\/#website"},"primaryImageOfPage":{"@id":"https:\/\/apuntesdesanluis.com\/index.php\/2024\/04\/25\/lo-condenaron-a-11-anos-de-prision-por-abusar-sexualmente-de-su-sobrina\/#primaryimage"},"image":{"@id":"https:\/\/apuntesdesanluis.com\/index.php\/2024\/04\/25\/lo-condenaron-a-11-anos-de-prision-por-abusar-sexualmente-de-su-sobrina\/#primaryimage"},"thumbnailUrl":"https:\/\/apuntesdesanluis.com\/wp-content\/uploads\/2024\/04\/abusador.png","datePublished":"2024-04-25T20:33:01+00:00","dateModified":"2024-04-26T00:34:38+00:00","breadcrumb":{"@id":"https:\/\/apuntesdesanluis.com\/index.php\/2024\/04\/25\/lo-condenaron-a-11-anos-de-prision-por-abusar-sexualmente-de-su-sobrina\/#breadcrumb"},"inLanguage":"es-AR","potentialAction":[{"@type":"ReadAction","target":["https:\/\/apuntesdesanluis.com\/index.php\/2024\/04\/25\/lo-condenaron-a-11-anos-de-prision-por-abusar-sexualmente-de-su-sobrina\/"]}]},{"@type":"ImageObject","inLanguage":"es-AR","@id":"https:\/\/apuntesdesanluis.com\/index.php\/2024\/04\/25\/lo-condenaron-a-11-anos-de-prision-por-abusar-sexualmente-de-su-sobrina\/#primaryimage","url":"https:\/\/apuntesdesanluis.com\/wp-content\/uploads\/2024\/04\/abusador.png","contentUrl":"https:\/\/apuntesdesanluis.com\/wp-content\/uploads\/2024\/04\/abusador.png","width":600,"height":362},{"@type":"BreadcrumbList","@id":"https:\/\/apuntesdesanluis.com\/index.php\/2024\/04\/25\/lo-condenaron-a-11-anos-de-prision-por-abusar-sexualmente-de-su-sobrina\/#breadcrumb","itemListElement":[{"@type":"ListItem","position":1,"name":"Inicio","item":"https:\/\/apuntesdesanluis.com\/"},{"@type":"ListItem","position":2,"name":"LO CONDENARON A 11 A\u00d1OS DE PRISI\u00d3N POR ABUSAR SEXUALMENTE DE SU SOBRINA"}]},{"@type":"WebSite","@id":"https:\/\/apuntesdesanluis.com\/#website","url":"https:\/\/apuntesdesanluis.com\/","name":"Apuntes de San Luis","description":"","publisher":{"@id":"https:\/\/apuntesdesanluis.com\/#\/schema\/person\/b55151d52296fcce64d1a72538a70b90"},"potentialAction":[{"@type":"SearchAction","target":{"@type":"EntryPoint","urlTemplate":"https:\/\/apuntesdesanluis.com\/?s={search_term_string}"},"query-input":{"@type":"PropertyValueSpecification","valueRequired":true,"valueName":"search_term_string"}}],"inLanguage":"es-AR"},{"@type":["Person","Organization"],"@id":"https:\/\/apuntesdesanluis.com\/#\/schema\/person\/b55151d52296fcce64d1a72538a70b90","name":"apuntesdesanluis.com","image":{"@type":"ImageObject","inLanguage":"es-AR","@id":"https:\/\/apuntesdesanluis.com\/#\/schema\/person\/image\/","url":"https:\/\/apuntesdesanluis.com\/wp-content\/uploads\/2023\/07\/cropped-apuntesdesanluis.png","contentUrl":"https:\/\/apuntesdesanluis.com\/wp-content\/uploads\/2023\/07\/cropped-apuntesdesanluis.png","width":450,"height":112,"caption":"apuntesdesanluis.com"},"logo":{"@id":"https:\/\/apuntesdesanluis.com\/#\/schema\/person\/image\/"},"sameAs":["https:\/\/apuntesdesanluis.com"],"url":"https:\/\/apuntesdesanluis.com\/index.php\/author\/apuntesdesanluis-com\/"}]}},"featured_image_urls":{"full":["https:\/\/apuntesdesanluis.com\/wp-content\/uploads\/2024\/04\/abusador.png",600,362,false],"thumbnail":["https:\/\/apuntesdesanluis.com\/wp-content\/uploads\/2024\/04\/abusador-150x150.png",150,150,true],"medium":["https:\/\/apuntesdesanluis.com\/wp-content\/uploads\/2024\/04\/abusador-300x181.png",300,181,true],"medium_large":["https:\/\/apuntesdesanluis.com\/wp-content\/uploads\/2024\/04\/abusador.png",600,362,false],"large":["https:\/\/apuntesdesanluis.com\/wp-content\/uploads\/2024\/04\/abusador.png",600,362,false],"1536x1536":["https:\/\/apuntesdesanluis.com\/wp-content\/uploads\/2024\/04\/abusador.png",600,362,false],"2048x2048":["https:\/\/apuntesdesanluis.com\/wp-content\/uploads\/2024\/04\/abusador.png",600,362,false],"newsever-slider-full":["https:\/\/apuntesdesanluis.com\/wp-content\/uploads\/2024\/04\/abusador.png",600,362,false],"newsever-featured":["https:\/\/apuntesdesanluis.com\/wp-content\/uploads\/2024\/04\/abusador.png",600,362,false],"newsever-medium":["https:\/\/apuntesdesanluis.com\/wp-content\/uploads\/2024\/04\/abusador.png",600,362,false]},"author_info":{"display_name":"apuntesdesanluis.com","author_link":"https:\/\/apuntesdesanluis.com\/index.php\/author\/apuntesdesanluis-com\/"},"category_info":"<a href=\"https:\/\/apuntesdesanluis.com\/index.php\/category\/ciudad-provincia\/\" rel=\"category tag\">Ciudad\/Provincia<\/a>","tag_info":"Ciudad\/Provincia","comment_count":"0","_links":{"self":[{"href":"https:\/\/apuntesdesanluis.com\/index.php\/wp-json\/wp\/v2\/posts\/15264","targetHints":{"allow":["GET"]}}],"collection":[{"href":"https:\/\/apuntesdesanluis.com\/index.php\/wp-json\/wp\/v2\/posts"}],"about":[{"href":"https:\/\/apuntesdesanluis.com\/index.php\/wp-json\/wp\/v2\/types\/post"}],"author":[{"embeddable":true,"href":"https:\/\/apuntesdesanluis.com\/index.php\/wp-json\/wp\/v2\/users\/1"}],"replies":[{"embeddable":true,"href":"https:\/\/apuntesdesanluis.com\/index.php\/wp-json\/wp\/v2\/comments?post=15264"}],"version-history":[{"count":1,"href":"https:\/\/apuntesdesanluis.com\/index.php\/wp-json\/wp\/v2\/posts\/15264\/revisions"}],"predecessor-version":[{"id":15266,"href":"https:\/\/apuntesdesanluis.com\/index.php\/wp-json\/wp\/v2\/posts\/15264\/revisions\/15266"}],"wp:featuredmedia":[{"embeddable":true,"href":"https:\/\/apuntesdesanluis.com\/index.php\/wp-json\/wp\/v2\/media\/15265"}],"wp:attachment":[{"href":"https:\/\/apuntesdesanluis.com\/index.php\/wp-json\/wp\/v2\/media?parent=15264"}],"wp:term":[{"taxonomy":"category","embeddable":true,"href":"https:\/\/apuntesdesanluis.com\/index.php\/wp-json\/wp\/v2\/categories?post=15264"},{"taxonomy":"post_tag","embeddable":true,"href":"https:\/\/apuntesdesanluis.com\/index.php\/wp-json\/wp\/v2\/tags?post=15264"}],"curies":[{"name":"wp","href":"https:\/\/api.w.org\/{rel}","templated":true}]}}