{"id":15277,"date":"2024-04-25T22:17:26","date_gmt":"2024-04-26T01:17:26","guid":{"rendered":"https:\/\/apuntesdesanluis.com\/?p=15277"},"modified":"2024-04-25T22:17:26","modified_gmt":"2024-04-26T01:17:26","slug":"por-la-perdida-de-poder-adquisitivo-los-argentinos-tienen-la-menor-capacidad-de-ahorro-en-la-region","status":"publish","type":"post","link":"https:\/\/apuntesdesanluis.com\/index.php\/2024\/04\/25\/por-la-perdida-de-poder-adquisitivo-los-argentinos-tienen-la-menor-capacidad-de-ahorro-en-la-region\/","title":{"rendered":"POR LA P\u00c9RDIDA DE PODER ADQUISITIVO, LOS ARGENTINOS TIENEN LA MENOR CAPACIDAD DE AHORRO EN LA REGI\u00d3N"},"content":{"rendered":"<h3>Los argentinos son quienes tienen menor capacidad de ahorro en Sudam\u00e9rica, en el marco de una fuerte ca\u00edda del poder adquisitivo que se profundiz\u00f3 tras la devaluaci\u00f3n de diciembre \u00faltimo.<\/h3>\n<h3>No obstante, el 75% de los consultados espera que su situaci\u00f3n financiera mejore en 2024, dado que buena parte conf\u00eda en que el Gobierno podr\u00e1 recuperar la situaci\u00f3n econ\u00f3mica y social.<\/h3>\n<h3>Los datos surgieron de un estudio de la agencia de investigaci\u00f3n de mercado y opini\u00f3n p\u00fablica Quiddity junto con la consultora \u00c1gora, titulado Monitor de humor social 2024, que releva las expectativas y demandas de la poblaci\u00f3n de cara al 2024.<\/h3>\n<h3>En tanto, un estudio de la consultora Opinaia arroj\u00f3 que el 75% de los consultados considerar que su situaci\u00f3n econ\u00f3mica y social es mala.<\/h3>\n<h3>Pero un 45% cree que el escenario mejorar\u00e1 en los pr\u00f3ximos meses.<\/h3>\n<h3>PODER ADQUISITIVO, INFLACI\u00d3N, INSEGURIDAD.<\/h3>\n<h3>Seg\u00fan los resultados de la investigaci\u00f3n de Quiddity y Agora, la agenda local est\u00e1 dominada por la inflaci\u00f3n y la inseguridad, donde cuatro de cada seis argentinos los identifica como los principales problemas que afectan a la poblaci\u00f3n.<\/h3>\n<h3>Mientras que 3 de cada 10 menciona a la corrupci\u00f3n, los salarios, la pobreza y la econom\u00eda del pa\u00eds. La agenda local est\u00e1 marcada por problemas eminentemente econ\u00f3micos.<\/h3>\n<h3>En el resto de los pa\u00edses de la regi\u00f3n lideran la preocupaci\u00f3n de la poblaci\u00f3n los problemas asociados a la corrupci\u00f3n e inseguridad.<\/h3>\n<h3>Por ejemplo, seis de cada 10 mexicanos y colombianos los mencionan como los que m\u00e1s afectan a la poblaci\u00f3n; mientras que cuatro de cada 10 colombianos menciona tambi\u00e9n a la pobreza y desempleo.<\/h3>\n<h3>Comparativamente con el mismo estudio realizado en 2023, en la Argentina se deteriora la situaci\u00f3n financiera personal, con un aumento que pasa del 19% al 26% de aquellos encuestados que declaran que gasta m\u00e1s de lo que gana.<\/h3>\n<h3>Al mismo tiempo, desciende del 29% al 24% el porcentaje de aquellos que afirman tener capacidad de ahorro; lo que a su vez representa el valor m\u00e1s bajo de la regi\u00f3n en comparaci\u00f3n con los dem\u00e1s pa\u00edses relevados: colombianos con un 47%, mexicanos un 57% y brasile\u00f1os un 42%.<\/h3>\n<h3>Otra encuesta hecha en marzo pasado por la consultora Opina Argentina tambi\u00e9n lleg\u00f3 a la conclusi\u00f3n de que, en el pa\u00eds, solo dos de cada diez personas tuvieron capacidad de ahorro en el \u00faltimo mes.<\/h3>\n<h3>Seg\u00fan estos datos, el grupo de menor nivel educativo fue el que report\u00f3 una menor posibilidad de ahorro. Mientras que el 39% de los j\u00f3venes al igual que el 27% de los hombres resultaron los segmentos m\u00e1s propensos a conservar alg\u00fan excedente de sus ingresos.<\/h3>\n<h3>A pesar de que la inflaci\u00f3n es una de las principales preocupaciones de los argentinos, el 60% de los encuestados, seg\u00fan la encuesta de Quiddity, declar\u00f3 no haber implementado ninguna medida para mitigarla.<\/h3>\n<h3>En el estudio de Quiddity, la expectativa de la gente en relaci\u00f3n con su situaci\u00f3n financiera, mostr\u00f3 que el 75% de los argentinos espera que mejore respecto de 2023. Este porcentaje aumenta entre los j\u00f3venes de 18 a 25 a\u00f1os, alcanzando el 91%.. Adem\u00e1s, seis de cada 10 declar\u00f3 que su a\u00f1o ser\u00e1 mejor respecto del 2023.<\/h3>\n<h3>Si bien hay expectativas positivas, en el contexto de la regi\u00f3n la Argentina aparece como el pa\u00eds m\u00e1s pesimista; ya que ocho de cada 10 brasile\u00f1os, colombianos y mexicanos cree que su 2024 ser\u00e1 mejor.<\/h3>\n<h3>Por otro lado, seis de cada 10 argentinos conf\u00eda en que el Gobierno podr\u00e1 mejorar la situaci\u00f3n econ\u00f3mico-social; este porcentaje crece entre los j\u00f3venes alcanzando el 69% y cae al 52% entre los mayores de 60 a\u00f1os.<\/h3>\n<h3>La Argentina se recorta como el pa\u00eds de las emociones negativas y el \u00fanico de la regi\u00f3n que menciona la frustraci\u00f3n y la tristeza entre su Top 5.<\/h3>\n<h3>Al ser consultados acerca de las emociones que predominaron su estado de \u00e1nimo durante el 2023, entre los consultados for\u00e1neos predominan las emociones negativas alcanzando un 62%; mientras que en el resto de los pa\u00edses predominan las emociones positivas: Colombia con un 57%, M\u00e9xico con el 59% y Brasil con el 52%.<\/h3>\n<h3>A nivel local, la dimensi\u00f3n &#8220;Gobierno&#8221; es la que re\u00fane mayor expectativa de mejora, alcanzando el 38%, mientras que la pobreza y el desempleo son las dimensiones con las miradas m\u00e1s negativas por parte de la poblaci\u00f3n en cuanto a posibilidad de mejora.<\/h3>\n<h3>En Colombia la educaci\u00f3n es la dimensi\u00f3n que re\u00fane mayor expectativa positiva con un 45%, mientras que mientras que sobre la corrupci\u00f3n, el problema m\u00e1s relevante predomina una visi\u00f3n pesimista.<\/h3>\n<h3>En M\u00e9xico las \u00e1reas de educaci\u00f3n y econom\u00eda concentran las expectativas positivas 40% y 36% respectivamente, mientras que en la corrupci\u00f3n, uno de los principales problemas, predomina una visi\u00f3n pesimista.<\/h3>\n<h3>En Brasil econom\u00eda y desempleo son las tem\u00e1ticas que concentran m\u00e1s expectativas de mejora con el 35% y 36%, mientras que la corrupci\u00f3n es el aspecto en el que la gente se manifiesta m\u00e1s pesimista.<\/h3>\n<h3>Acerca de los resultados del estudio, Ver\u00f3nica Rodr\u00edguez Cel\u00edn, directora regional de Quiddity se\u00f1ala que \u201ceste estudio regional nos permite ver c\u00f3mo los altos niveles de preocupaci\u00f3n y frustraci\u00f3n de los argentinos en relaci\u00f3n al contexto econ\u00f3mico se recortan del resto de los pa\u00edses y, al mismo tiempo, se conjugan con una alt\u00edsima expectativa de mejora y confianza en el Gobierno&#8221;, resumi\u00f3.<\/h3>\n<p>&nbsp;<\/p>\n<p>&nbsp;<\/p>\n<p>&nbsp;<\/p>\n<p>&nbsp;<\/p>\n<p>&nbsp;<\/p>\n<p>&nbsp;<\/p>\n<p>&nbsp;<\/p>\n","protected":false},"excerpt":{"rendered":"<p>Los argentinos son quienes tienen menor capacidad de ahorro en Sudam\u00e9rica, en el marco de&#8230;<\/p>\n","protected":false},"author":1,"featured_media":15281,"comment_status":"closed","ping_status":"closed","sticky":false,"template":"","format":"standard","meta":{"footnotes":""},"categories":[5],"tags":[],"class_list":["post-15277","post","type-post","status-publish","format-standard","has-post-thumbnail","hentry","category-nacionales-internacionales"],"yoast_head":"<!-- This site is optimized with the Yoast SEO plugin v26.1.1 - https:\/\/yoast.com\/wordpress\/plugins\/seo\/ -->\n<title>POR LA P\u00c9RDIDA DE PODER ADQUISITIVO, LOS ARGENTINOS TIENEN LA MENOR CAPACIDAD DE AHORRO EN LA REGI\u00d3N - Apuntes de San Luis<\/title>\n<meta name=\"robots\" content=\"index, follow, max-snippet:-1, max-image-preview:large, max-video-preview:-1\" \/>\n<link rel=\"canonical\" href=\"https:\/\/apuntesdesanluis.com\/index.php\/2024\/04\/25\/por-la-perdida-de-poder-adquisitivo-los-argentinos-tienen-la-menor-capacidad-de-ahorro-en-la-region\/\" \/>\n<meta property=\"og:locale\" content=\"es_ES\" \/>\n<meta property=\"og:type\" content=\"article\" \/>\n<meta property=\"og:title\" content=\"POR LA P\u00c9RDIDA DE PODER ADQUISITIVO, LOS ARGENTINOS TIENEN LA MENOR CAPACIDAD DE AHORRO EN LA REGI\u00d3N - Apuntes de San Luis\" \/>\n<meta property=\"og:description\" content=\"Los argentinos son quienes tienen menor capacidad de ahorro en Sudam\u00e9rica, en el marco de...\" \/>\n<meta property=\"og:url\" content=\"https:\/\/apuntesdesanluis.com\/index.php\/2024\/04\/25\/por-la-perdida-de-poder-adquisitivo-los-argentinos-tienen-la-menor-capacidad-de-ahorro-en-la-region\/\" \/>\n<meta property=\"og:site_name\" content=\"Apuntes de San Luis\" \/>\n<meta property=\"article:published_time\" content=\"2024-04-26T01:17:26+00:00\" \/>\n<meta property=\"og:image\" content=\"https:\/\/apuntesdesanluis.com\/wp-content\/uploads\/2024\/04\/CHANCHITO.png\" \/>\n\t<meta property=\"og:image:width\" content=\"600\" \/>\n\t<meta property=\"og:image:height\" content=\"348\" \/>\n\t<meta property=\"og:image:type\" content=\"image\/png\" \/>\n<meta name=\"author\" content=\"apuntesdesanluis.com\" \/>\n<meta name=\"twitter:card\" content=\"summary_large_image\" \/>\n<meta name=\"twitter:label1\" content=\"Escrito por\" \/>\n\t<meta name=\"twitter:data1\" content=\"apuntesdesanluis.com\" \/>\n\t<meta name=\"twitter:label2\" content=\"Tiempo de lectura\" \/>\n\t<meta name=\"twitter:data2\" content=\"5 minutos\" \/>\n<script type=\"application\/ld+json\" class=\"yoast-schema-graph\">{\"@context\":\"https:\/\/schema.org\",\"@graph\":[{\"@type\":\"Article\",\"@id\":\"https:\/\/apuntesdesanluis.com\/index.php\/2024\/04\/25\/por-la-perdida-de-poder-adquisitivo-los-argentinos-tienen-la-menor-capacidad-de-ahorro-en-la-region\/#article\",\"isPartOf\":{\"@id\":\"https:\/\/apuntesdesanluis.com\/index.php\/2024\/04\/25\/por-la-perdida-de-poder-adquisitivo-los-argentinos-tienen-la-menor-capacidad-de-ahorro-en-la-region\/\"},\"author\":{\"name\":\"apuntesdesanluis.com\",\"@id\":\"https:\/\/apuntesdesanluis.com\/#\/schema\/person\/b55151d52296fcce64d1a72538a70b90\"},\"headline\":\"POR LA P\u00c9RDIDA DE PODER ADQUISITIVO, LOS ARGENTINOS TIENEN LA MENOR CAPACIDAD DE AHORRO EN LA REGI\u00d3N\",\"datePublished\":\"2024-04-26T01:17:26+00:00\",\"mainEntityOfPage\":{\"@id\":\"https:\/\/apuntesdesanluis.com\/index.php\/2024\/04\/25\/por-la-perdida-de-poder-adquisitivo-los-argentinos-tienen-la-menor-capacidad-de-ahorro-en-la-region\/\"},\"wordCount\":953,\"publisher\":{\"@id\":\"https:\/\/apuntesdesanluis.com\/#\/schema\/person\/b55151d52296fcce64d1a72538a70b90\"},\"image\":{\"@id\":\"https:\/\/apuntesdesanluis.com\/index.php\/2024\/04\/25\/por-la-perdida-de-poder-adquisitivo-los-argentinos-tienen-la-menor-capacidad-de-ahorro-en-la-region\/#primaryimage\"},\"thumbnailUrl\":\"https:\/\/apuntesdesanluis.com\/wp-content\/uploads\/2024\/04\/CHANCHITO.png\",\"articleSection\":[\"Nacionales\/Internacionales\"],\"inLanguage\":\"es-AR\"},{\"@type\":\"WebPage\",\"@id\":\"https:\/\/apuntesdesanluis.com\/index.php\/2024\/04\/25\/por-la-perdida-de-poder-adquisitivo-los-argentinos-tienen-la-menor-capacidad-de-ahorro-en-la-region\/\",\"url\":\"https:\/\/apuntesdesanluis.com\/index.php\/2024\/04\/25\/por-la-perdida-de-poder-adquisitivo-los-argentinos-tienen-la-menor-capacidad-de-ahorro-en-la-region\/\",\"name\":\"POR LA P\u00c9RDIDA DE PODER ADQUISITIVO, LOS ARGENTINOS TIENEN LA MENOR CAPACIDAD DE AHORRO EN LA REGI\u00d3N - Apuntes de San Luis\",\"isPartOf\":{\"@id\":\"https:\/\/apuntesdesanluis.com\/#website\"},\"primaryImageOfPage\":{\"@id\":\"https:\/\/apuntesdesanluis.com\/index.php\/2024\/04\/25\/por-la-perdida-de-poder-adquisitivo-los-argentinos-tienen-la-menor-capacidad-de-ahorro-en-la-region\/#primaryimage\"},\"image\":{\"@id\":\"https:\/\/apuntesdesanluis.com\/index.php\/2024\/04\/25\/por-la-perdida-de-poder-adquisitivo-los-argentinos-tienen-la-menor-capacidad-de-ahorro-en-la-region\/#primaryimage\"},\"thumbnailUrl\":\"https:\/\/apuntesdesanluis.com\/wp-content\/uploads\/2024\/04\/CHANCHITO.png\",\"datePublished\":\"2024-04-26T01:17:26+00:00\",\"breadcrumb\":{\"@id\":\"https:\/\/apuntesdesanluis.com\/index.php\/2024\/04\/25\/por-la-perdida-de-poder-adquisitivo-los-argentinos-tienen-la-menor-capacidad-de-ahorro-en-la-region\/#breadcrumb\"},\"inLanguage\":\"es-AR\",\"potentialAction\":[{\"@type\":\"ReadAction\",\"target\":[\"https:\/\/apuntesdesanluis.com\/index.php\/2024\/04\/25\/por-la-perdida-de-poder-adquisitivo-los-argentinos-tienen-la-menor-capacidad-de-ahorro-en-la-region\/\"]}]},{\"@type\":\"ImageObject\",\"inLanguage\":\"es-AR\",\"@id\":\"https:\/\/apuntesdesanluis.com\/index.php\/2024\/04\/25\/por-la-perdida-de-poder-adquisitivo-los-argentinos-tienen-la-menor-capacidad-de-ahorro-en-la-region\/#primaryimage\",\"url\":\"https:\/\/apuntesdesanluis.com\/wp-content\/uploads\/2024\/04\/CHANCHITO.png\",\"contentUrl\":\"https:\/\/apuntesdesanluis.com\/wp-content\/uploads\/2024\/04\/CHANCHITO.png\",\"width\":600,\"height\":348},{\"@type\":\"BreadcrumbList\",\"@id\":\"https:\/\/apuntesdesanluis.com\/index.php\/2024\/04\/25\/por-la-perdida-de-poder-adquisitivo-los-argentinos-tienen-la-menor-capacidad-de-ahorro-en-la-region\/#breadcrumb\",\"itemListElement\":[{\"@type\":\"ListItem\",\"position\":1,\"name\":\"Inicio\",\"item\":\"https:\/\/apuntesdesanluis.com\/\"},{\"@type\":\"ListItem\",\"position\":2,\"name\":\"POR LA P\u00c9RDIDA DE PODER ADQUISITIVO, LOS ARGENTINOS TIENEN LA MENOR CAPACIDAD DE AHORRO EN LA REGI\u00d3N\"}]},{\"@type\":\"WebSite\",\"@id\":\"https:\/\/apuntesdesanluis.com\/#website\",\"url\":\"https:\/\/apuntesdesanluis.com\/\",\"name\":\"Apuntes de San Luis\",\"description\":\"\",\"publisher\":{\"@id\":\"https:\/\/apuntesdesanluis.com\/#\/schema\/person\/b55151d52296fcce64d1a72538a70b90\"},\"potentialAction\":[{\"@type\":\"SearchAction\",\"target\":{\"@type\":\"EntryPoint\",\"urlTemplate\":\"https:\/\/apuntesdesanluis.com\/?s={search_term_string}\"},\"query-input\":{\"@type\":\"PropertyValueSpecification\",\"valueRequired\":true,\"valueName\":\"search_term_string\"}}],\"inLanguage\":\"es-AR\"},{\"@type\":[\"Person\",\"Organization\"],\"@id\":\"https:\/\/apuntesdesanluis.com\/#\/schema\/person\/b55151d52296fcce64d1a72538a70b90\",\"name\":\"apuntesdesanluis.com\",\"image\":{\"@type\":\"ImageObject\",\"inLanguage\":\"es-AR\",\"@id\":\"https:\/\/apuntesdesanluis.com\/#\/schema\/person\/image\/\",\"url\":\"https:\/\/apuntesdesanluis.com\/wp-content\/uploads\/2023\/07\/cropped-apuntesdesanluis.png\",\"contentUrl\":\"https:\/\/apuntesdesanluis.com\/wp-content\/uploads\/2023\/07\/cropped-apuntesdesanluis.png\",\"width\":450,\"height\":112,\"caption\":\"apuntesdesanluis.com\"},\"logo\":{\"@id\":\"https:\/\/apuntesdesanluis.com\/#\/schema\/person\/image\/\"},\"sameAs\":[\"https:\/\/apuntesdesanluis.com\"],\"url\":\"https:\/\/apuntesdesanluis.com\/index.php\/author\/apuntesdesanluis-com\/\"}]}<\/script>\n<!-- \/ Yoast SEO plugin. -->","yoast_head_json":{"title":"POR LA P\u00c9RDIDA DE PODER ADQUISITIVO, LOS ARGENTINOS TIENEN LA MENOR CAPACIDAD DE AHORRO EN LA REGI\u00d3N - Apuntes de San Luis","robots":{"index":"index","follow":"follow","max-snippet":"max-snippet:-1","max-image-preview":"max-image-preview:large","max-video-preview":"max-video-preview:-1"},"canonical":"https:\/\/apuntesdesanluis.com\/index.php\/2024\/04\/25\/por-la-perdida-de-poder-adquisitivo-los-argentinos-tienen-la-menor-capacidad-de-ahorro-en-la-region\/","og_locale":"es_ES","og_type":"article","og_title":"POR LA P\u00c9RDIDA DE PODER ADQUISITIVO, LOS ARGENTINOS TIENEN LA MENOR CAPACIDAD DE AHORRO EN LA REGI\u00d3N - Apuntes de San Luis","og_description":"Los argentinos son quienes tienen menor capacidad de ahorro en Sudam\u00e9rica, en el marco de...","og_url":"https:\/\/apuntesdesanluis.com\/index.php\/2024\/04\/25\/por-la-perdida-de-poder-adquisitivo-los-argentinos-tienen-la-menor-capacidad-de-ahorro-en-la-region\/","og_site_name":"Apuntes de San Luis","article_published_time":"2024-04-26T01:17:26+00:00","og_image":[{"width":600,"height":348,"url":"https:\/\/apuntesdesanluis.com\/wp-content\/uploads\/2024\/04\/CHANCHITO.png","type":"image\/png"}],"author":"apuntesdesanluis.com","twitter_card":"summary_large_image","twitter_misc":{"Escrito por":"apuntesdesanluis.com","Tiempo de lectura":"5 minutos"},"schema":{"@context":"https:\/\/schema.org","@graph":[{"@type":"Article","@id":"https:\/\/apuntesdesanluis.com\/index.php\/2024\/04\/25\/por-la-perdida-de-poder-adquisitivo-los-argentinos-tienen-la-menor-capacidad-de-ahorro-en-la-region\/#article","isPartOf":{"@id":"https:\/\/apuntesdesanluis.com\/index.php\/2024\/04\/25\/por-la-perdida-de-poder-adquisitivo-los-argentinos-tienen-la-menor-capacidad-de-ahorro-en-la-region\/"},"author":{"name":"apuntesdesanluis.com","@id":"https:\/\/apuntesdesanluis.com\/#\/schema\/person\/b55151d52296fcce64d1a72538a70b90"},"headline":"POR LA P\u00c9RDIDA DE PODER ADQUISITIVO, LOS ARGENTINOS TIENEN LA MENOR CAPACIDAD DE AHORRO EN LA REGI\u00d3N","datePublished":"2024-04-26T01:17:26+00:00","mainEntityOfPage":{"@id":"https:\/\/apuntesdesanluis.com\/index.php\/2024\/04\/25\/por-la-perdida-de-poder-adquisitivo-los-argentinos-tienen-la-menor-capacidad-de-ahorro-en-la-region\/"},"wordCount":953,"publisher":{"@id":"https:\/\/apuntesdesanluis.com\/#\/schema\/person\/b55151d52296fcce64d1a72538a70b90"},"image":{"@id":"https:\/\/apuntesdesanluis.com\/index.php\/2024\/04\/25\/por-la-perdida-de-poder-adquisitivo-los-argentinos-tienen-la-menor-capacidad-de-ahorro-en-la-region\/#primaryimage"},"thumbnailUrl":"https:\/\/apuntesdesanluis.com\/wp-content\/uploads\/2024\/04\/CHANCHITO.png","articleSection":["Nacionales\/Internacionales"],"inLanguage":"es-AR"},{"@type":"WebPage","@id":"https:\/\/apuntesdesanluis.com\/index.php\/2024\/04\/25\/por-la-perdida-de-poder-adquisitivo-los-argentinos-tienen-la-menor-capacidad-de-ahorro-en-la-region\/","url":"https:\/\/apuntesdesanluis.com\/index.php\/2024\/04\/25\/por-la-perdida-de-poder-adquisitivo-los-argentinos-tienen-la-menor-capacidad-de-ahorro-en-la-region\/","name":"POR LA P\u00c9RDIDA DE PODER ADQUISITIVO, LOS ARGENTINOS TIENEN LA MENOR CAPACIDAD DE AHORRO EN LA REGI\u00d3N - Apuntes de San Luis","isPartOf":{"@id":"https:\/\/apuntesdesanluis.com\/#website"},"primaryImageOfPage":{"@id":"https:\/\/apuntesdesanluis.com\/index.php\/2024\/04\/25\/por-la-perdida-de-poder-adquisitivo-los-argentinos-tienen-la-menor-capacidad-de-ahorro-en-la-region\/#primaryimage"},"image":{"@id":"https:\/\/apuntesdesanluis.com\/index.php\/2024\/04\/25\/por-la-perdida-de-poder-adquisitivo-los-argentinos-tienen-la-menor-capacidad-de-ahorro-en-la-region\/#primaryimage"},"thumbnailUrl":"https:\/\/apuntesdesanluis.com\/wp-content\/uploads\/2024\/04\/CHANCHITO.png","datePublished":"2024-04-26T01:17:26+00:00","breadcrumb":{"@id":"https:\/\/apuntesdesanluis.com\/index.php\/2024\/04\/25\/por-la-perdida-de-poder-adquisitivo-los-argentinos-tienen-la-menor-capacidad-de-ahorro-en-la-region\/#breadcrumb"},"inLanguage":"es-AR","potentialAction":[{"@type":"ReadAction","target":["https:\/\/apuntesdesanluis.com\/index.php\/2024\/04\/25\/por-la-perdida-de-poder-adquisitivo-los-argentinos-tienen-la-menor-capacidad-de-ahorro-en-la-region\/"]}]},{"@type":"ImageObject","inLanguage":"es-AR","@id":"https:\/\/apuntesdesanluis.com\/index.php\/2024\/04\/25\/por-la-perdida-de-poder-adquisitivo-los-argentinos-tienen-la-menor-capacidad-de-ahorro-en-la-region\/#primaryimage","url":"https:\/\/apuntesdesanluis.com\/wp-content\/uploads\/2024\/04\/CHANCHITO.png","contentUrl":"https:\/\/apuntesdesanluis.com\/wp-content\/uploads\/2024\/04\/CHANCHITO.png","width":600,"height":348},{"@type":"BreadcrumbList","@id":"https:\/\/apuntesdesanluis.com\/index.php\/2024\/04\/25\/por-la-perdida-de-poder-adquisitivo-los-argentinos-tienen-la-menor-capacidad-de-ahorro-en-la-region\/#breadcrumb","itemListElement":[{"@type":"ListItem","position":1,"name":"Inicio","item":"https:\/\/apuntesdesanluis.com\/"},{"@type":"ListItem","position":2,"name":"POR LA P\u00c9RDIDA DE PODER ADQUISITIVO, LOS ARGENTINOS TIENEN LA MENOR CAPACIDAD DE AHORRO EN LA REGI\u00d3N"}]},{"@type":"WebSite","@id":"https:\/\/apuntesdesanluis.com\/#website","url":"https:\/\/apuntesdesanluis.com\/","name":"Apuntes de San Luis","description":"","publisher":{"@id":"https:\/\/apuntesdesanluis.com\/#\/schema\/person\/b55151d52296fcce64d1a72538a70b90"},"potentialAction":[{"@type":"SearchAction","target":{"@type":"EntryPoint","urlTemplate":"https:\/\/apuntesdesanluis.com\/?s={search_term_string}"},"query-input":{"@type":"PropertyValueSpecification","valueRequired":true,"valueName":"search_term_string"}}],"inLanguage":"es-AR"},{"@type":["Person","Organization"],"@id":"https:\/\/apuntesdesanluis.com\/#\/schema\/person\/b55151d52296fcce64d1a72538a70b90","name":"apuntesdesanluis.com","image":{"@type":"ImageObject","inLanguage":"es-AR","@id":"https:\/\/apuntesdesanluis.com\/#\/schema\/person\/image\/","url":"https:\/\/apuntesdesanluis.com\/wp-content\/uploads\/2023\/07\/cropped-apuntesdesanluis.png","contentUrl":"https:\/\/apuntesdesanluis.com\/wp-content\/uploads\/2023\/07\/cropped-apuntesdesanluis.png","width":450,"height":112,"caption":"apuntesdesanluis.com"},"logo":{"@id":"https:\/\/apuntesdesanluis.com\/#\/schema\/person\/image\/"},"sameAs":["https:\/\/apuntesdesanluis.com"],"url":"https:\/\/apuntesdesanluis.com\/index.php\/author\/apuntesdesanluis-com\/"}]}},"featured_image_urls":{"full":["https:\/\/apuntesdesanluis.com\/wp-content\/uploads\/2024\/04\/CHANCHITO.png",600,348,false],"thumbnail":["https:\/\/apuntesdesanluis.com\/wp-content\/uploads\/2024\/04\/CHANCHITO-150x150.png",150,150,true],"medium":["https:\/\/apuntesdesanluis.com\/wp-content\/uploads\/2024\/04\/CHANCHITO-300x174.png",300,174,true],"medium_large":["https:\/\/apuntesdesanluis.com\/wp-content\/uploads\/2024\/04\/CHANCHITO.png",600,348,false],"large":["https:\/\/apuntesdesanluis.com\/wp-content\/uploads\/2024\/04\/CHANCHITO.png",600,348,false],"1536x1536":["https:\/\/apuntesdesanluis.com\/wp-content\/uploads\/2024\/04\/CHANCHITO.png",600,348,false],"2048x2048":["https:\/\/apuntesdesanluis.com\/wp-content\/uploads\/2024\/04\/CHANCHITO.png",600,348,false],"newsever-slider-full":["https:\/\/apuntesdesanluis.com\/wp-content\/uploads\/2024\/04\/CHANCHITO.png",600,348,false],"newsever-featured":["https:\/\/apuntesdesanluis.com\/wp-content\/uploads\/2024\/04\/CHANCHITO.png",600,348,false],"newsever-medium":["https:\/\/apuntesdesanluis.com\/wp-content\/uploads\/2024\/04\/CHANCHITO.png",600,348,false]},"author_info":{"display_name":"apuntesdesanluis.com","author_link":"https:\/\/apuntesdesanluis.com\/index.php\/author\/apuntesdesanluis-com\/"},"category_info":"<a href=\"https:\/\/apuntesdesanluis.com\/index.php\/category\/nacionales-internacionales\/\" rel=\"category tag\">Nacionales\/Internacionales<\/a>","tag_info":"Nacionales\/Internacionales","comment_count":"0","_links":{"self":[{"href":"https:\/\/apuntesdesanluis.com\/index.php\/wp-json\/wp\/v2\/posts\/15277","targetHints":{"allow":["GET"]}}],"collection":[{"href":"https:\/\/apuntesdesanluis.com\/index.php\/wp-json\/wp\/v2\/posts"}],"about":[{"href":"https:\/\/apuntesdesanluis.com\/index.php\/wp-json\/wp\/v2\/types\/post"}],"author":[{"embeddable":true,"href":"https:\/\/apuntesdesanluis.com\/index.php\/wp-json\/wp\/v2\/users\/1"}],"replies":[{"embeddable":true,"href":"https:\/\/apuntesdesanluis.com\/index.php\/wp-json\/wp\/v2\/comments?post=15277"}],"version-history":[{"count":2,"href":"https:\/\/apuntesdesanluis.com\/index.php\/wp-json\/wp\/v2\/posts\/15277\/revisions"}],"predecessor-version":[{"id":15282,"href":"https:\/\/apuntesdesanluis.com\/index.php\/wp-json\/wp\/v2\/posts\/15277\/revisions\/15282"}],"wp:featuredmedia":[{"embeddable":true,"href":"https:\/\/apuntesdesanluis.com\/index.php\/wp-json\/wp\/v2\/media\/15281"}],"wp:attachment":[{"href":"https:\/\/apuntesdesanluis.com\/index.php\/wp-json\/wp\/v2\/media?parent=15277"}],"wp:term":[{"taxonomy":"category","embeddable":true,"href":"https:\/\/apuntesdesanluis.com\/index.php\/wp-json\/wp\/v2\/categories?post=15277"},{"taxonomy":"post_tag","embeddable":true,"href":"https:\/\/apuntesdesanluis.com\/index.php\/wp-json\/wp\/v2\/tags?post=15277"}],"curies":[{"name":"wp","href":"https:\/\/api.w.org\/{rel}","templated":true}]}}