{"id":15283,"date":"2024-04-26T07:57:35","date_gmt":"2024-04-26T10:57:35","guid":{"rendered":"https:\/\/apuntesdesanluis.com\/?p=15283"},"modified":"2024-04-26T07:57:35","modified_gmt":"2024-04-26T10:57:35","slug":"ponen-en-marcha-la-campana-nacional-por-la-alfabetizacion","status":"publish","type":"post","link":"https:\/\/apuntesdesanluis.com\/index.php\/2024\/04\/26\/ponen-en-marcha-la-campana-nacional-por-la-alfabetizacion\/","title":{"rendered":"PONEN EN MARCHA LA CAMPA\u00d1A NACIONAL POR LA ALFABETIZACI\u00d3N"},"content":{"rendered":"<h3>La iniciativa de Argentinos por la Educaci\u00f3n apunta a visibilizar y revertir una situaci\u00f3n cr\u00edtica: uno de cada dos alumnos de tercer grado no entienden lo que leen.<\/h3>\n<h3>Las cifras alarman. Seg\u00fan las evaluaciones internacionales de la Unesco que datan de 2019, de las que participaron 16 pa\u00edses, en Argentina el 46% de los chicos de tercer grado no entiende lo que lee. Por eso, el observatorio Argentinos por la Educaci\u00f3n y m\u00e1s de 180 organizaciones de la sociedad civil se propusieron no solo visibilizar la situaci\u00f3n, sino revertirla con la Campa\u00f1a Nacional por la Alfabetizaci\u00f3n, relanzada oficialmente este jueves 25 de abril y que apunta a trabajar en pol\u00edticas que logren alfabetizar a todos los ni\u00f1os.<\/h3>\n<h3>A principios de julio de 2023, el entonces gobernador electo, <strong>Claudio Poggi<\/strong>, suscribi\u00f3 al \u201cCompromiso por la Alfabetizaci\u00f3n Inicial\u201d junto a Ignacio Ibarzabal, director Ejecutivo de Argentinos por la Educaci\u00f3n, y situ\u00f3 a <strong>San Luis<\/strong> como una de las 16 provincia que integran la iniciativa.<\/h3>\n<p><img fetchpriority=\"high\" decoding=\"async\" class=\"wp-image-15285 aligncenter\" src=\"https:\/\/apuntesdesanluis.com\/wp-content\/uploads\/2024\/04\/Poggi-3-300x212.png\" alt=\"\" width=\"521\" height=\"368\" srcset=\"https:\/\/apuntesdesanluis.com\/wp-content\/uploads\/2024\/04\/Poggi-3-300x212.png 300w, https:\/\/apuntesdesanluis.com\/wp-content\/uploads\/2024\/04\/Poggi-3.png 600w\" sizes=\"(max-width: 521px) 100vw, 521px\" \/><\/p>\n<h3>El objetivo central de la campa\u00f1a es situar a la comprensi\u00f3n lectora como una prioridad en la agenda educativa, invertir recursos adecuados en materiales y desarrollar indicadores que den cuenta de la evoluci\u00f3n del desempe\u00f1o. Tambi\u00e9n que las provincias puedan desarrollar avances en la materia e impulsar la adhesi\u00f3n de las jurisdicciones que a\u00fan no se sumaron.<\/h3>\n<h3>En el \u00faltimo a\u00f1o, 15 gobernadores y el Jefe de gobierno de la Ciudad de Buenos Aires firmaron el compromiso: Claudio Poggi (San Luis), Alfredo Cornejo (Mendoza), Ricardo Quintela (La Rioja), Jorge Macri (Ciudad Aut\u00f3noma de Buenos Aires), Claudio Vidal (Santa Cruz), Gustavo Vald\u00e9s (Corrientes), Ra\u00fal Jalil (Catamarca), Rogelio Frigerio (Entre R\u00edos), Mart\u00edn Llaryora (C\u00f3rdoba), Leandro Zdero (Chaco), Maximiliano Pullaro (Santa Fe), Hugo Passalacqua (Misiones), Gustavo Melella (Tierra del Fuego), Alberto Weretilneck (R\u00edo Negro), Marcelo Orrego (San Juan) e Ignacio Torres (Chubut).<\/h3>\n<h3>Como parte de la campa\u00f1a Argentinos por la Educaci\u00f3n realiza una Gira Federal que incluye actividades y reuniones con organizaciones, referentes educativos, docentes y acad\u00e9micos, autoridades y familias de las provincias. En 2023 la Campa\u00f1a pas\u00f3 por La Rioja, Catamarca, Chaco, Corrientes, Misiones, Entre R\u00edos, Santa Fe, Salta, Jujuy, Tucum\u00e1n, Santiago del Estero, San Juan y San Luis. Este a\u00f1o, la gira continuar\u00e1 en Chubut, Santa Cruz y Neuqu\u00e9n.<\/h3>\n<h3><strong>UN PROBLEMA SIST\u00c9MICO<\/strong><\/h3>\n<h3>Seg\u00fan las pruebas ERCE 2019 de Unesco, en Argentina el 46% de los chicos de tercer grado no entiende lo que lee, pero la cifra asciende al 61,5% entre los estudiantes de menor nivel socioecon\u00f3mico. En nuestro pa\u00eds, s\u00f3lo 1 de cada 10 alumnos (14%) se ubica en el nivel de desempe\u00f1o m\u00e1s alto en lectura, mientras que para la regi\u00f3n el promedio es 2 de cada 10 alumnos (21%). En Brasil (30%) y Per\u00fa (30,8%), o sea que 3 de cada 10 alumnos alcanzan el nivel m\u00e1s alto.<\/h3>\n<p><img decoding=\"async\" class=\"wp-image-15286 aligncenter\" src=\"https:\/\/apuntesdesanluis.com\/wp-content\/uploads\/2024\/04\/campana-alfabetizacion-240x300.jpg\" alt=\"\" width=\"508\" height=\"635\" srcset=\"https:\/\/apuntesdesanluis.com\/wp-content\/uploads\/2024\/04\/campana-alfabetizacion-240x300.jpg 240w, https:\/\/apuntesdesanluis.com\/wp-content\/uploads\/2024\/04\/campana-alfabetizacion.jpg 600w\" sizes=\"(max-width: 508px) 100vw, 508px\" \/><\/p>\n<h3>Con una necesidad urgente de cambio, el 4 de mayo de 2023 se lanz\u00f3 por primera vez la Campa\u00f1a Nacional de Alfabetizaci\u00f3n con la consigna #NoEntiendenLoQueLeen, con la adhesi\u00f3n y participaci\u00f3n de periodistas, artistas y personalidades, que se sumaron a la iniciativa compartiendo fotos y mensajes en redes sociales.<\/h3>\n<h3>El sitio oficial de Argentinos por la Educaci\u00f3n menciona que este a\u00f1o, con nuevas estad\u00edsticas, m\u00e1s de 180 ONG se proponen reinstalar la Campa\u00f1a para revertir la cr\u00edtica situaci\u00f3n educativa, entendiendo que se trata de un problema sist\u00e9mico que atraviesa a todos los niveles socioecon\u00f3micos y que sit\u00faan a la Argentina como un pa\u00eds en desventaja en relaci\u00f3n a sus vecinos: los estudiantes argentinos m\u00e1s ricos, se ubican en segundo lugar como los m\u00e1s ricos de la regi\u00f3n y aun as\u00ed tienen peores resultados en la evaluaci\u00f3n PISA que sus pares de Chile, Uruguay, Colombia, Per\u00fa y M\u00e9xico.<\/h3>\n<h3>\u201cApostamos a la educaci\u00f3n porque es lo que nos va a sacar de la postergaci\u00f3n como sociedad\u201d, sostuvo Poggi a fines de febrero, cuando comenz\u00f3 su gira por las escuelas de toda la provincia con el inicio del ciclo lectivo, situando al eje educativo como un pilar central de su gesti\u00f3n. Este lunes, en una reuni\u00f3n de m\u00e1s de dos horas con el equipo del ministerio de Educaci\u00f3n, uno de los temas centrales fue justamente el Proyecto de Alfabetizaci\u00f3n Inicial, fiel al compromiso adquirido en 2023 ante Ibarzabal.<\/h3>\n<p>&nbsp;<\/p>\n<p>&nbsp;<\/p>\n<p>&nbsp;<\/p>\n","protected":false},"excerpt":{"rendered":"<p>La iniciativa de Argentinos por la Educaci\u00f3n apunta a visibilizar y revertir una situaci\u00f3n cr\u00edtica:&#8230;<\/p>\n","protected":false},"author":1,"featured_media":15284,"comment_status":"closed","ping_status":"closed","sticky":false,"template":"","format":"standard","meta":{"footnotes":""},"categories":[6],"tags":[],"class_list":["post-15283","post","type-post","status-publish","format-standard","has-post-thumbnail","hentry","category-ciudad-provincia"],"yoast_head":"<!-- This site is optimized with the Yoast SEO plugin v26.1.1 - https:\/\/yoast.com\/wordpress\/plugins\/seo\/ -->\n<title>PONEN EN MARCHA LA CAMPA\u00d1A NACIONAL POR LA ALFABETIZACI\u00d3N - Apuntes de San Luis<\/title>\n<meta name=\"robots\" content=\"index, follow, max-snippet:-1, max-image-preview:large, max-video-preview:-1\" \/>\n<link rel=\"canonical\" href=\"https:\/\/apuntesdesanluis.com\/index.php\/2024\/04\/26\/ponen-en-marcha-la-campana-nacional-por-la-alfabetizacion\/\" \/>\n<meta property=\"og:locale\" content=\"es_ES\" \/>\n<meta property=\"og:type\" content=\"article\" \/>\n<meta property=\"og:title\" content=\"PONEN EN MARCHA LA CAMPA\u00d1A NACIONAL POR LA ALFABETIZACI\u00d3N - Apuntes de San Luis\" \/>\n<meta property=\"og:description\" content=\"La iniciativa de Argentinos por la Educaci\u00f3n apunta a visibilizar y revertir una situaci\u00f3n cr\u00edtica:...\" \/>\n<meta property=\"og:url\" content=\"https:\/\/apuntesdesanluis.com\/index.php\/2024\/04\/26\/ponen-en-marcha-la-campana-nacional-por-la-alfabetizacion\/\" \/>\n<meta property=\"og:site_name\" content=\"Apuntes de San Luis\" \/>\n<meta property=\"article:published_time\" content=\"2024-04-26T10:57:35+00:00\" \/>\n<meta property=\"og:image\" content=\"https:\/\/apuntesdesanluis.com\/wp-content\/uploads\/2024\/04\/alfabetizacion.png\" \/>\n\t<meta property=\"og:image:width\" content=\"600\" \/>\n\t<meta property=\"og:image:height\" content=\"407\" \/>\n\t<meta property=\"og:image:type\" content=\"image\/png\" \/>\n<meta name=\"author\" content=\"apuntesdesanluis.com\" \/>\n<meta name=\"twitter:card\" content=\"summary_large_image\" \/>\n<meta name=\"twitter:label1\" content=\"Escrito por\" \/>\n\t<meta name=\"twitter:data1\" content=\"apuntesdesanluis.com\" \/>\n\t<meta name=\"twitter:label2\" content=\"Tiempo de lectura\" \/>\n\t<meta name=\"twitter:data2\" content=\"4 minutos\" \/>\n<script type=\"application\/ld+json\" class=\"yoast-schema-graph\">{\"@context\":\"https:\/\/schema.org\",\"@graph\":[{\"@type\":\"Article\",\"@id\":\"https:\/\/apuntesdesanluis.com\/index.php\/2024\/04\/26\/ponen-en-marcha-la-campana-nacional-por-la-alfabetizacion\/#article\",\"isPartOf\":{\"@id\":\"https:\/\/apuntesdesanluis.com\/index.php\/2024\/04\/26\/ponen-en-marcha-la-campana-nacional-por-la-alfabetizacion\/\"},\"author\":{\"name\":\"apuntesdesanluis.com\",\"@id\":\"https:\/\/apuntesdesanluis.com\/#\/schema\/person\/b55151d52296fcce64d1a72538a70b90\"},\"headline\":\"PONEN EN MARCHA LA CAMPA\u00d1A NACIONAL POR LA ALFABETIZACI\u00d3N\",\"datePublished\":\"2024-04-26T10:57:35+00:00\",\"mainEntityOfPage\":{\"@id\":\"https:\/\/apuntesdesanluis.com\/index.php\/2024\/04\/26\/ponen-en-marcha-la-campana-nacional-por-la-alfabetizacion\/\"},\"wordCount\":759,\"publisher\":{\"@id\":\"https:\/\/apuntesdesanluis.com\/#\/schema\/person\/b55151d52296fcce64d1a72538a70b90\"},\"image\":{\"@id\":\"https:\/\/apuntesdesanluis.com\/index.php\/2024\/04\/26\/ponen-en-marcha-la-campana-nacional-por-la-alfabetizacion\/#primaryimage\"},\"thumbnailUrl\":\"https:\/\/apuntesdesanluis.com\/wp-content\/uploads\/2024\/04\/alfabetizacion.png\",\"articleSection\":[\"Ciudad\/Provincia\"],\"inLanguage\":\"es-AR\"},{\"@type\":\"WebPage\",\"@id\":\"https:\/\/apuntesdesanluis.com\/index.php\/2024\/04\/26\/ponen-en-marcha-la-campana-nacional-por-la-alfabetizacion\/\",\"url\":\"https:\/\/apuntesdesanluis.com\/index.php\/2024\/04\/26\/ponen-en-marcha-la-campana-nacional-por-la-alfabetizacion\/\",\"name\":\"PONEN EN MARCHA LA CAMPA\u00d1A NACIONAL POR LA ALFABETIZACI\u00d3N - Apuntes de San Luis\",\"isPartOf\":{\"@id\":\"https:\/\/apuntesdesanluis.com\/#website\"},\"primaryImageOfPage\":{\"@id\":\"https:\/\/apuntesdesanluis.com\/index.php\/2024\/04\/26\/ponen-en-marcha-la-campana-nacional-por-la-alfabetizacion\/#primaryimage\"},\"image\":{\"@id\":\"https:\/\/apuntesdesanluis.com\/index.php\/2024\/04\/26\/ponen-en-marcha-la-campana-nacional-por-la-alfabetizacion\/#primaryimage\"},\"thumbnailUrl\":\"https:\/\/apuntesdesanluis.com\/wp-content\/uploads\/2024\/04\/alfabetizacion.png\",\"datePublished\":\"2024-04-26T10:57:35+00:00\",\"breadcrumb\":{\"@id\":\"https:\/\/apuntesdesanluis.com\/index.php\/2024\/04\/26\/ponen-en-marcha-la-campana-nacional-por-la-alfabetizacion\/#breadcrumb\"},\"inLanguage\":\"es-AR\",\"potentialAction\":[{\"@type\":\"ReadAction\",\"target\":[\"https:\/\/apuntesdesanluis.com\/index.php\/2024\/04\/26\/ponen-en-marcha-la-campana-nacional-por-la-alfabetizacion\/\"]}]},{\"@type\":\"ImageObject\",\"inLanguage\":\"es-AR\",\"@id\":\"https:\/\/apuntesdesanluis.com\/index.php\/2024\/04\/26\/ponen-en-marcha-la-campana-nacional-por-la-alfabetizacion\/#primaryimage\",\"url\":\"https:\/\/apuntesdesanluis.com\/wp-content\/uploads\/2024\/04\/alfabetizacion.png\",\"contentUrl\":\"https:\/\/apuntesdesanluis.com\/wp-content\/uploads\/2024\/04\/alfabetizacion.png\",\"width\":600,\"height\":407},{\"@type\":\"BreadcrumbList\",\"@id\":\"https:\/\/apuntesdesanluis.com\/index.php\/2024\/04\/26\/ponen-en-marcha-la-campana-nacional-por-la-alfabetizacion\/#breadcrumb\",\"itemListElement\":[{\"@type\":\"ListItem\",\"position\":1,\"name\":\"Inicio\",\"item\":\"https:\/\/apuntesdesanluis.com\/\"},{\"@type\":\"ListItem\",\"position\":2,\"name\":\"PONEN EN MARCHA LA CAMPA\u00d1A NACIONAL POR LA ALFABETIZACI\u00d3N\"}]},{\"@type\":\"WebSite\",\"@id\":\"https:\/\/apuntesdesanluis.com\/#website\",\"url\":\"https:\/\/apuntesdesanluis.com\/\",\"name\":\"Apuntes de San Luis\",\"description\":\"\",\"publisher\":{\"@id\":\"https:\/\/apuntesdesanluis.com\/#\/schema\/person\/b55151d52296fcce64d1a72538a70b90\"},\"potentialAction\":[{\"@type\":\"SearchAction\",\"target\":{\"@type\":\"EntryPoint\",\"urlTemplate\":\"https:\/\/apuntesdesanluis.com\/?s={search_term_string}\"},\"query-input\":{\"@type\":\"PropertyValueSpecification\",\"valueRequired\":true,\"valueName\":\"search_term_string\"}}],\"inLanguage\":\"es-AR\"},{\"@type\":[\"Person\",\"Organization\"],\"@id\":\"https:\/\/apuntesdesanluis.com\/#\/schema\/person\/b55151d52296fcce64d1a72538a70b90\",\"name\":\"apuntesdesanluis.com\",\"image\":{\"@type\":\"ImageObject\",\"inLanguage\":\"es-AR\",\"@id\":\"https:\/\/apuntesdesanluis.com\/#\/schema\/person\/image\/\",\"url\":\"https:\/\/apuntesdesanluis.com\/wp-content\/uploads\/2023\/07\/cropped-apuntesdesanluis.png\",\"contentUrl\":\"https:\/\/apuntesdesanluis.com\/wp-content\/uploads\/2023\/07\/cropped-apuntesdesanluis.png\",\"width\":450,\"height\":112,\"caption\":\"apuntesdesanluis.com\"},\"logo\":{\"@id\":\"https:\/\/apuntesdesanluis.com\/#\/schema\/person\/image\/\"},\"sameAs\":[\"https:\/\/apuntesdesanluis.com\"],\"url\":\"https:\/\/apuntesdesanluis.com\/index.php\/author\/apuntesdesanluis-com\/\"}]}<\/script>\n<!-- \/ Yoast SEO plugin. -->","yoast_head_json":{"title":"PONEN EN MARCHA LA CAMPA\u00d1A NACIONAL POR LA ALFABETIZACI\u00d3N - Apuntes de San Luis","robots":{"index":"index","follow":"follow","max-snippet":"max-snippet:-1","max-image-preview":"max-image-preview:large","max-video-preview":"max-video-preview:-1"},"canonical":"https:\/\/apuntesdesanluis.com\/index.php\/2024\/04\/26\/ponen-en-marcha-la-campana-nacional-por-la-alfabetizacion\/","og_locale":"es_ES","og_type":"article","og_title":"PONEN EN MARCHA LA CAMPA\u00d1A NACIONAL POR LA ALFABETIZACI\u00d3N - Apuntes de San Luis","og_description":"La iniciativa de Argentinos por la Educaci\u00f3n apunta a visibilizar y revertir una situaci\u00f3n cr\u00edtica:...","og_url":"https:\/\/apuntesdesanluis.com\/index.php\/2024\/04\/26\/ponen-en-marcha-la-campana-nacional-por-la-alfabetizacion\/","og_site_name":"Apuntes de San Luis","article_published_time":"2024-04-26T10:57:35+00:00","og_image":[{"width":600,"height":407,"url":"https:\/\/apuntesdesanluis.com\/wp-content\/uploads\/2024\/04\/alfabetizacion.png","type":"image\/png"}],"author":"apuntesdesanluis.com","twitter_card":"summary_large_image","twitter_misc":{"Escrito por":"apuntesdesanluis.com","Tiempo de lectura":"4 minutos"},"schema":{"@context":"https:\/\/schema.org","@graph":[{"@type":"Article","@id":"https:\/\/apuntesdesanluis.com\/index.php\/2024\/04\/26\/ponen-en-marcha-la-campana-nacional-por-la-alfabetizacion\/#article","isPartOf":{"@id":"https:\/\/apuntesdesanluis.com\/index.php\/2024\/04\/26\/ponen-en-marcha-la-campana-nacional-por-la-alfabetizacion\/"},"author":{"name":"apuntesdesanluis.com","@id":"https:\/\/apuntesdesanluis.com\/#\/schema\/person\/b55151d52296fcce64d1a72538a70b90"},"headline":"PONEN EN MARCHA LA CAMPA\u00d1A NACIONAL POR LA ALFABETIZACI\u00d3N","datePublished":"2024-04-26T10:57:35+00:00","mainEntityOfPage":{"@id":"https:\/\/apuntesdesanluis.com\/index.php\/2024\/04\/26\/ponen-en-marcha-la-campana-nacional-por-la-alfabetizacion\/"},"wordCount":759,"publisher":{"@id":"https:\/\/apuntesdesanluis.com\/#\/schema\/person\/b55151d52296fcce64d1a72538a70b90"},"image":{"@id":"https:\/\/apuntesdesanluis.com\/index.php\/2024\/04\/26\/ponen-en-marcha-la-campana-nacional-por-la-alfabetizacion\/#primaryimage"},"thumbnailUrl":"https:\/\/apuntesdesanluis.com\/wp-content\/uploads\/2024\/04\/alfabetizacion.png","articleSection":["Ciudad\/Provincia"],"inLanguage":"es-AR"},{"@type":"WebPage","@id":"https:\/\/apuntesdesanluis.com\/index.php\/2024\/04\/26\/ponen-en-marcha-la-campana-nacional-por-la-alfabetizacion\/","url":"https:\/\/apuntesdesanluis.com\/index.php\/2024\/04\/26\/ponen-en-marcha-la-campana-nacional-por-la-alfabetizacion\/","name":"PONEN EN MARCHA LA CAMPA\u00d1A NACIONAL POR LA ALFABETIZACI\u00d3N - Apuntes de San Luis","isPartOf":{"@id":"https:\/\/apuntesdesanluis.com\/#website"},"primaryImageOfPage":{"@id":"https:\/\/apuntesdesanluis.com\/index.php\/2024\/04\/26\/ponen-en-marcha-la-campana-nacional-por-la-alfabetizacion\/#primaryimage"},"image":{"@id":"https:\/\/apuntesdesanluis.com\/index.php\/2024\/04\/26\/ponen-en-marcha-la-campana-nacional-por-la-alfabetizacion\/#primaryimage"},"thumbnailUrl":"https:\/\/apuntesdesanluis.com\/wp-content\/uploads\/2024\/04\/alfabetizacion.png","datePublished":"2024-04-26T10:57:35+00:00","breadcrumb":{"@id":"https:\/\/apuntesdesanluis.com\/index.php\/2024\/04\/26\/ponen-en-marcha-la-campana-nacional-por-la-alfabetizacion\/#breadcrumb"},"inLanguage":"es-AR","potentialAction":[{"@type":"ReadAction","target":["https:\/\/apuntesdesanluis.com\/index.php\/2024\/04\/26\/ponen-en-marcha-la-campana-nacional-por-la-alfabetizacion\/"]}]},{"@type":"ImageObject","inLanguage":"es-AR","@id":"https:\/\/apuntesdesanluis.com\/index.php\/2024\/04\/26\/ponen-en-marcha-la-campana-nacional-por-la-alfabetizacion\/#primaryimage","url":"https:\/\/apuntesdesanluis.com\/wp-content\/uploads\/2024\/04\/alfabetizacion.png","contentUrl":"https:\/\/apuntesdesanluis.com\/wp-content\/uploads\/2024\/04\/alfabetizacion.png","width":600,"height":407},{"@type":"BreadcrumbList","@id":"https:\/\/apuntesdesanluis.com\/index.php\/2024\/04\/26\/ponen-en-marcha-la-campana-nacional-por-la-alfabetizacion\/#breadcrumb","itemListElement":[{"@type":"ListItem","position":1,"name":"Inicio","item":"https:\/\/apuntesdesanluis.com\/"},{"@type":"ListItem","position":2,"name":"PONEN EN MARCHA LA CAMPA\u00d1A NACIONAL POR LA ALFABETIZACI\u00d3N"}]},{"@type":"WebSite","@id":"https:\/\/apuntesdesanluis.com\/#website","url":"https:\/\/apuntesdesanluis.com\/","name":"Apuntes de San Luis","description":"","publisher":{"@id":"https:\/\/apuntesdesanluis.com\/#\/schema\/person\/b55151d52296fcce64d1a72538a70b90"},"potentialAction":[{"@type":"SearchAction","target":{"@type":"EntryPoint","urlTemplate":"https:\/\/apuntesdesanluis.com\/?s={search_term_string}"},"query-input":{"@type":"PropertyValueSpecification","valueRequired":true,"valueName":"search_term_string"}}],"inLanguage":"es-AR"},{"@type":["Person","Organization"],"@id":"https:\/\/apuntesdesanluis.com\/#\/schema\/person\/b55151d52296fcce64d1a72538a70b90","name":"apuntesdesanluis.com","image":{"@type":"ImageObject","inLanguage":"es-AR","@id":"https:\/\/apuntesdesanluis.com\/#\/schema\/person\/image\/","url":"https:\/\/apuntesdesanluis.com\/wp-content\/uploads\/2023\/07\/cropped-apuntesdesanluis.png","contentUrl":"https:\/\/apuntesdesanluis.com\/wp-content\/uploads\/2023\/07\/cropped-apuntesdesanluis.png","width":450,"height":112,"caption":"apuntesdesanluis.com"},"logo":{"@id":"https:\/\/apuntesdesanluis.com\/#\/schema\/person\/image\/"},"sameAs":["https:\/\/apuntesdesanluis.com"],"url":"https:\/\/apuntesdesanluis.com\/index.php\/author\/apuntesdesanluis-com\/"}]}},"featured_image_urls":{"full":["https:\/\/apuntesdesanluis.com\/wp-content\/uploads\/2024\/04\/alfabetizacion.png",600,407,false],"thumbnail":["https:\/\/apuntesdesanluis.com\/wp-content\/uploads\/2024\/04\/alfabetizacion-150x150.png",150,150,true],"medium":["https:\/\/apuntesdesanluis.com\/wp-content\/uploads\/2024\/04\/alfabetizacion-300x204.png",300,204,true],"medium_large":["https:\/\/apuntesdesanluis.com\/wp-content\/uploads\/2024\/04\/alfabetizacion.png",600,407,false],"large":["https:\/\/apuntesdesanluis.com\/wp-content\/uploads\/2024\/04\/alfabetizacion.png",600,407,false],"1536x1536":["https:\/\/apuntesdesanluis.com\/wp-content\/uploads\/2024\/04\/alfabetizacion.png",600,407,false],"2048x2048":["https:\/\/apuntesdesanluis.com\/wp-content\/uploads\/2024\/04\/alfabetizacion.png",600,407,false],"newsever-slider-full":["https:\/\/apuntesdesanluis.com\/wp-content\/uploads\/2024\/04\/alfabetizacion.png",600,407,false],"newsever-featured":["https:\/\/apuntesdesanluis.com\/wp-content\/uploads\/2024\/04\/alfabetizacion.png",600,407,false],"newsever-medium":["https:\/\/apuntesdesanluis.com\/wp-content\/uploads\/2024\/04\/alfabetizacion.png",600,407,false]},"author_info":{"display_name":"apuntesdesanluis.com","author_link":"https:\/\/apuntesdesanluis.com\/index.php\/author\/apuntesdesanluis-com\/"},"category_info":"<a href=\"https:\/\/apuntesdesanluis.com\/index.php\/category\/ciudad-provincia\/\" rel=\"category tag\">Ciudad\/Provincia<\/a>","tag_info":"Ciudad\/Provincia","comment_count":"0","_links":{"self":[{"href":"https:\/\/apuntesdesanluis.com\/index.php\/wp-json\/wp\/v2\/posts\/15283","targetHints":{"allow":["GET"]}}],"collection":[{"href":"https:\/\/apuntesdesanluis.com\/index.php\/wp-json\/wp\/v2\/posts"}],"about":[{"href":"https:\/\/apuntesdesanluis.com\/index.php\/wp-json\/wp\/v2\/types\/post"}],"author":[{"embeddable":true,"href":"https:\/\/apuntesdesanluis.com\/index.php\/wp-json\/wp\/v2\/users\/1"}],"replies":[{"embeddable":true,"href":"https:\/\/apuntesdesanluis.com\/index.php\/wp-json\/wp\/v2\/comments?post=15283"}],"version-history":[{"count":1,"href":"https:\/\/apuntesdesanluis.com\/index.php\/wp-json\/wp\/v2\/posts\/15283\/revisions"}],"predecessor-version":[{"id":15287,"href":"https:\/\/apuntesdesanluis.com\/index.php\/wp-json\/wp\/v2\/posts\/15283\/revisions\/15287"}],"wp:featuredmedia":[{"embeddable":true,"href":"https:\/\/apuntesdesanluis.com\/index.php\/wp-json\/wp\/v2\/media\/15284"}],"wp:attachment":[{"href":"https:\/\/apuntesdesanluis.com\/index.php\/wp-json\/wp\/v2\/media?parent=15283"}],"wp:term":[{"taxonomy":"category","embeddable":true,"href":"https:\/\/apuntesdesanluis.com\/index.php\/wp-json\/wp\/v2\/categories?post=15283"},{"taxonomy":"post_tag","embeddable":true,"href":"https:\/\/apuntesdesanluis.com\/index.php\/wp-json\/wp\/v2\/tags?post=15283"}],"curies":[{"name":"wp","href":"https:\/\/api.w.org\/{rel}","templated":true}]}}