{"id":15288,"date":"2024-04-25T21:07:26","date_gmt":"2024-04-26T00:07:26","guid":{"rendered":"https:\/\/apuntesdesanluis.com\/?p=15288"},"modified":"2024-04-26T08:11:19","modified_gmt":"2024-04-26T11:11:19","slug":"la-feria-del-libro-cuestiono-la-visita-de-milei-y-dijo-que-no-podra-garantizar-su-seguridad-no-hay-plata","status":"publish","type":"post","link":"https:\/\/apuntesdesanluis.com\/index.php\/2024\/04\/25\/la-feria-del-libro-cuestiono-la-visita-de-milei-y-dijo-que-no-podra-garantizar-su-seguridad-no-hay-plata\/","title":{"rendered":"LA FERIA DEL LIBRO CUESTION\u00d3 LA VISITA DE MILEI Y DIJO QUE NO PODR\u00c1 GARANTIZAR SU SEGURIDAD: \u201cNO HAY PLATA\u201d"},"content":{"rendered":"<h3>Resulta contradictorio que por un lado el gobierno nacional lance la Campa\u00f1a Nacional de Alfabetizaci\u00f3n, para incentivar la lectura y comprensi\u00f3n y por otro no apoye el evento literario m\u00e1s importante de Latinoam\u00e9rica y el pa\u00eds, que promueve la difusi\u00f3n cultural a trav\u00e9s del libro y la lectura.<\/h3>\n<h3>La inauguraci\u00f3n de la <strong>Feria del Libro<\/strong> del a\u00f1o 2024 dej\u00f3 un fuerte contrapunto entre el presidente de la Fundaci\u00f3n del Libro, <strong>Alejandro Vaccaro<\/strong>, entidad que se encarga de organizar el popular evento, y el presidente de la Naci\u00f3n, <strong>Javier Milei<\/strong>.<\/h3>\n<h3>Durante su discurso en la ceremonia de apertura, Vaccaro cuestion\u00f3 en duros t\u00e9rminos al jefe de Estado, a quien le reproch\u00f3 que su gesti\u00f3n no realiz\u00f3 aportes para la concreci\u00f3n de la feria, y a\u00fan as\u00ed habr\u00eda reclamado participar.<\/h3>\n<p><iframe title=\"Alejandro Vaccaro : &quot;Se\u00f1or presidente, no hay plata&quot;.\" width=\"640\" height=\"360\" src=\"https:\/\/www.youtube.com\/embed\/hedRQJ6B228?feature=oembed\" frameborder=\"0\" allow=\"accelerometer; autoplay; clipboard-write; encrypted-media; gyroscope; picture-in-picture; web-share\" referrerpolicy=\"strict-origin-when-cross-origin\" allowfullscreen><\/iframe><\/p>\n<h3>\u201cLuego de despreciar nuestra feria, no se sonroja y pide participar en este espacio, cuya presencia est\u00e1 prevista para el pr\u00f3ximo domingo 12 de mayo en la pista central de La Rural\u201d, introdujo Vaccaro, mientras su auditorio silbaba al Presidente. Luego explic\u00f3 que la presencia de Milei implicar\u00eda un esfuerzo econ\u00f3mico que la organizaci\u00f3n no est\u00e1 en condiciones de afrontar. \u201cSe\u00f1or presidente, se lo digo con una mano en el coraz\u00f3n, no hay plata\u201d, ironiz\u00f3 utilizando una muletilla del l\u00edder libertario. Esa expresi\u00f3n despert\u00f3 aplausos en la sala.<\/h3>\n<h3>\u201cSu participaci\u00f3n en la Feria implica una serie de erogaciones extraordinarias que la Fundaci\u00f3n del Libro no puede afrontar\u201d, remarc\u00f3 Vaccaro.<\/h3>\n<h3>\u201cConcurrir a la Feria este a\u00f1o representa un acto de rebeld\u00eda y resistencia. Como nunca este espacio cultural, activo, ser\u00e1 el eje central alrededor del cu\u00e1l girar\u00e1 el repudio de todas las fuerzas culturales a las pol\u00edticas desbastadoras que propone este gobierno\u201d, profundiz\u00f3 su cr\u00edtica Vaccaro.<\/h3>\n<h3>El convocante evento tuvo su edici\u00f3n 48 desde este jueves 25 de abril hasta el lunes 13 de mayo, d\u00eda en que se realizar\u00e1 el cierre. El lugar ser\u00e1, como es tradici\u00f3n, en las instalaciones de la Sociedad Rural, en el barrio de Palermo, en la Ciudad de Buenos Aires.<\/h3>\n<p><img fetchpriority=\"high\" decoding=\"async\" class=\"wp-image-15290 aligncenter\" src=\"https:\/\/apuntesdesanluis.com\/wp-content\/uploads\/2024\/04\/FERIA-DEL-LIBRO-300x147.png\" alt=\"\" width=\"600\" height=\"294\" srcset=\"https:\/\/apuntesdesanluis.com\/wp-content\/uploads\/2024\/04\/FERIA-DEL-LIBRO-300x147.png 300w, https:\/\/apuntesdesanluis.com\/wp-content\/uploads\/2024\/04\/FERIA-DEL-LIBRO.png 600w\" sizes=\"(max-width: 600px) 100vw, 600px\" \/><\/p>\n<h3>Cada a\u00f1o, la Fundaci\u00f3n del Libro, responsable de la organizaci\u00f3n, cuenta con le aporte del Estado, en sus distintos niveles. Este a\u00f1o, sin embargo, en el marco del ajuste que viene realizando la presidencia de Javier Milei en todas las \u00e1reas del Estado, esa contribuci\u00f3n se vio alterada. El propio Vaccaro lo cont\u00f3 de esta forma: \u201cNo registra la memoria de nuestra feria que el Gobierno nacional haya estado ausente, si un stand, en este evento. La excusa de que la participaci\u00f3n del Estado implicaba una erogaci\u00f3n de 300 millones de pesos es una flagrante mentira\u201d.<\/h3>\n<h3>\u201cDespu\u00e9s de una ardua negociaci\u00f3n, en la cu\u00e1l accedimos a todos sus requerimientos, el Banco Naci\u00f3n decidi\u00f3 retirar, despu\u00e9s de muchos a\u00f1os, su sponsoreo de la Feria, dejando trascender que la orden vino de arriba\u201d, agreg\u00f3 el presidente de la Fundaci\u00f3n del Libro, sin ocultar su malestar.<\/h3>\n<h3>La confrontaci\u00f3n abierta hacia el jefe de Estado es el corolario de una disputa expuesta incluso antes del fuerte discurso en la apertura de la Feria. D\u00edas atr\u00e1s, Vaccaro hab\u00eda se\u00f1alado su sorpresa por la intenci\u00f3n del presidente de Milei de asistir a la feria para presentar un libro. \u201cUn gobierno que est\u00e1 denostando todas las expresiones culturales, que intent\u00f3 cerrar el Fondo Nacional de las Artes y el Instituto de Teatro, que est\u00e1 desguazando el INCAA, que atac\u00f3 la Ley de Defensa de la Actividad Llibrera, que anunci\u00f3 su negativa a comprar millones de libros que estaban programados&#8230;\u201d, enumer\u00f3, para luego calificarlo como \u201cel gobierno m\u00e1s hostil a la cultura que yo recuerde\u201d.<\/h3>\n<h3>Milei ha escrito numerosos libros y su presencia en la Feria tiene antecedentes. Sin embargo, su nuevo rol como primer mandatario nacional y su pol\u00edtica de recorte de fondos en todas las reparticiones estatales, lo que \u00e9l mismo denomina con orgullo \u201cla motosierra\u201d viene generando m\u00faltiples conflictos, tanto por la forma en que la nueva gesti\u00f3n ejecuta el ajuste como por los sectores que elige ajustar.<\/h3>\n<h3>El presidente tiene previsto presentar un libro que asegura haber terminado en largos viajes de avi\u00f3n el domingo 12 de mayo, a las 16.30 en la Pista Central de la Rural.<\/h3>\n<p>&nbsp;<\/p>\n<p>&nbsp;<\/p>\n<p>&nbsp;<\/p>\n<p>&nbsp;<\/p>\n<p>&nbsp;<\/p>\n<p>&nbsp;<\/p>\n","protected":false},"excerpt":{"rendered":"<p>Resulta contradictorio que por un lado el gobierno nacional lance la Campa\u00f1a Nacional de Alfabetizaci\u00f3n,&#8230;<\/p>\n","protected":false},"author":1,"featured_media":15289,"comment_status":"closed","ping_status":"closed","sticky":false,"template":"","format":"standard","meta":{"footnotes":""},"categories":[5],"tags":[],"class_list":["post-15288","post","type-post","status-publish","format-standard","has-post-thumbnail","hentry","category-nacionales-internacionales"],"yoast_head":"<!-- This site is optimized with the Yoast SEO plugin v26.1.1 - https:\/\/yoast.com\/wordpress\/plugins\/seo\/ -->\n<title>LA FERIA DEL LIBRO CUESTION\u00d3 LA VISITA DE MILEI Y DIJO QUE NO PODR\u00c1 GARANTIZAR SU SEGURIDAD: \u201cNO HAY PLATA\u201d - Apuntes de San Luis<\/title>\n<meta name=\"robots\" content=\"index, follow, max-snippet:-1, max-image-preview:large, max-video-preview:-1\" \/>\n<link rel=\"canonical\" href=\"https:\/\/apuntesdesanluis.com\/index.php\/2024\/04\/25\/la-feria-del-libro-cuestiono-la-visita-de-milei-y-dijo-que-no-podra-garantizar-su-seguridad-no-hay-plata\/\" \/>\n<meta property=\"og:locale\" content=\"es_ES\" \/>\n<meta property=\"og:type\" content=\"article\" \/>\n<meta property=\"og:title\" content=\"LA FERIA DEL LIBRO CUESTION\u00d3 LA VISITA DE MILEI Y DIJO QUE NO PODR\u00c1 GARANTIZAR SU SEGURIDAD: \u201cNO HAY PLATA\u201d - Apuntes de San Luis\" \/>\n<meta property=\"og:description\" content=\"Resulta contradictorio que por un lado el gobierno nacional lance la Campa\u00f1a Nacional de Alfabetizaci\u00f3n,...\" \/>\n<meta property=\"og:url\" content=\"https:\/\/apuntesdesanluis.com\/index.php\/2024\/04\/25\/la-feria-del-libro-cuestiono-la-visita-de-milei-y-dijo-que-no-podra-garantizar-su-seguridad-no-hay-plata\/\" \/>\n<meta property=\"og:site_name\" content=\"Apuntes de San Luis\" \/>\n<meta property=\"article:published_time\" content=\"2024-04-26T00:07:26+00:00\" \/>\n<meta property=\"article:modified_time\" content=\"2024-04-26T11:11:19+00:00\" \/>\n<meta property=\"og:image\" content=\"https:\/\/apuntesdesanluis.com\/wp-content\/uploads\/2024\/04\/VACCARO.png\" \/>\n\t<meta property=\"og:image:width\" content=\"600\" \/>\n\t<meta property=\"og:image:height\" content=\"366\" \/>\n\t<meta property=\"og:image:type\" content=\"image\/png\" \/>\n<meta name=\"author\" content=\"apuntesdesanluis.com\" \/>\n<meta name=\"twitter:card\" content=\"summary_large_image\" \/>\n<meta name=\"twitter:label1\" content=\"Escrito por\" \/>\n\t<meta name=\"twitter:data1\" content=\"apuntesdesanluis.com\" \/>\n\t<meta name=\"twitter:label2\" content=\"Tiempo de lectura\" \/>\n\t<meta name=\"twitter:data2\" content=\"4 minutos\" \/>\n<script type=\"application\/ld+json\" class=\"yoast-schema-graph\">{\"@context\":\"https:\/\/schema.org\",\"@graph\":[{\"@type\":\"Article\",\"@id\":\"https:\/\/apuntesdesanluis.com\/index.php\/2024\/04\/25\/la-feria-del-libro-cuestiono-la-visita-de-milei-y-dijo-que-no-podra-garantizar-su-seguridad-no-hay-plata\/#article\",\"isPartOf\":{\"@id\":\"https:\/\/apuntesdesanluis.com\/index.php\/2024\/04\/25\/la-feria-del-libro-cuestiono-la-visita-de-milei-y-dijo-que-no-podra-garantizar-su-seguridad-no-hay-plata\/\"},\"author\":{\"name\":\"apuntesdesanluis.com\",\"@id\":\"https:\/\/apuntesdesanluis.com\/#\/schema\/person\/b55151d52296fcce64d1a72538a70b90\"},\"headline\":\"LA FERIA DEL LIBRO CUESTION\u00d3 LA VISITA DE MILEI Y DIJO QUE NO PODR\u00c1 GARANTIZAR SU SEGURIDAD: \u201cNO HAY PLATA\u201d\",\"datePublished\":\"2024-04-26T00:07:26+00:00\",\"dateModified\":\"2024-04-26T11:11:19+00:00\",\"mainEntityOfPage\":{\"@id\":\"https:\/\/apuntesdesanluis.com\/index.php\/2024\/04\/25\/la-feria-del-libro-cuestiono-la-visita-de-milei-y-dijo-que-no-podra-garantizar-su-seguridad-no-hay-plata\/\"},\"wordCount\":774,\"publisher\":{\"@id\":\"https:\/\/apuntesdesanluis.com\/#\/schema\/person\/b55151d52296fcce64d1a72538a70b90\"},\"image\":{\"@id\":\"https:\/\/apuntesdesanluis.com\/index.php\/2024\/04\/25\/la-feria-del-libro-cuestiono-la-visita-de-milei-y-dijo-que-no-podra-garantizar-su-seguridad-no-hay-plata\/#primaryimage\"},\"thumbnailUrl\":\"https:\/\/apuntesdesanluis.com\/wp-content\/uploads\/2024\/04\/VACCARO.png\",\"articleSection\":[\"Nacionales\/Internacionales\"],\"inLanguage\":\"es-AR\"},{\"@type\":\"WebPage\",\"@id\":\"https:\/\/apuntesdesanluis.com\/index.php\/2024\/04\/25\/la-feria-del-libro-cuestiono-la-visita-de-milei-y-dijo-que-no-podra-garantizar-su-seguridad-no-hay-plata\/\",\"url\":\"https:\/\/apuntesdesanluis.com\/index.php\/2024\/04\/25\/la-feria-del-libro-cuestiono-la-visita-de-milei-y-dijo-que-no-podra-garantizar-su-seguridad-no-hay-plata\/\",\"name\":\"LA FERIA DEL LIBRO CUESTION\u00d3 LA VISITA DE MILEI Y DIJO QUE NO PODR\u00c1 GARANTIZAR SU SEGURIDAD: \u201cNO HAY PLATA\u201d - Apuntes de San Luis\",\"isPartOf\":{\"@id\":\"https:\/\/apuntesdesanluis.com\/#website\"},\"primaryImageOfPage\":{\"@id\":\"https:\/\/apuntesdesanluis.com\/index.php\/2024\/04\/25\/la-feria-del-libro-cuestiono-la-visita-de-milei-y-dijo-que-no-podra-garantizar-su-seguridad-no-hay-plata\/#primaryimage\"},\"image\":{\"@id\":\"https:\/\/apuntesdesanluis.com\/index.php\/2024\/04\/25\/la-feria-del-libro-cuestiono-la-visita-de-milei-y-dijo-que-no-podra-garantizar-su-seguridad-no-hay-plata\/#primaryimage\"},\"thumbnailUrl\":\"https:\/\/apuntesdesanluis.com\/wp-content\/uploads\/2024\/04\/VACCARO.png\",\"datePublished\":\"2024-04-26T00:07:26+00:00\",\"dateModified\":\"2024-04-26T11:11:19+00:00\",\"breadcrumb\":{\"@id\":\"https:\/\/apuntesdesanluis.com\/index.php\/2024\/04\/25\/la-feria-del-libro-cuestiono-la-visita-de-milei-y-dijo-que-no-podra-garantizar-su-seguridad-no-hay-plata\/#breadcrumb\"},\"inLanguage\":\"es-AR\",\"potentialAction\":[{\"@type\":\"ReadAction\",\"target\":[\"https:\/\/apuntesdesanluis.com\/index.php\/2024\/04\/25\/la-feria-del-libro-cuestiono-la-visita-de-milei-y-dijo-que-no-podra-garantizar-su-seguridad-no-hay-plata\/\"]}]},{\"@type\":\"ImageObject\",\"inLanguage\":\"es-AR\",\"@id\":\"https:\/\/apuntesdesanluis.com\/index.php\/2024\/04\/25\/la-feria-del-libro-cuestiono-la-visita-de-milei-y-dijo-que-no-podra-garantizar-su-seguridad-no-hay-plata\/#primaryimage\",\"url\":\"https:\/\/apuntesdesanluis.com\/wp-content\/uploads\/2024\/04\/VACCARO.png\",\"contentUrl\":\"https:\/\/apuntesdesanluis.com\/wp-content\/uploads\/2024\/04\/VACCARO.png\",\"width\":600,\"height\":366},{\"@type\":\"BreadcrumbList\",\"@id\":\"https:\/\/apuntesdesanluis.com\/index.php\/2024\/04\/25\/la-feria-del-libro-cuestiono-la-visita-de-milei-y-dijo-que-no-podra-garantizar-su-seguridad-no-hay-plata\/#breadcrumb\",\"itemListElement\":[{\"@type\":\"ListItem\",\"position\":1,\"name\":\"Inicio\",\"item\":\"https:\/\/apuntesdesanluis.com\/\"},{\"@type\":\"ListItem\",\"position\":2,\"name\":\"LA FERIA DEL LIBRO CUESTION\u00d3 LA VISITA DE MILEI Y DIJO QUE NO PODR\u00c1 GARANTIZAR SU SEGURIDAD: \u201cNO HAY PLATA\u201d\"}]},{\"@type\":\"WebSite\",\"@id\":\"https:\/\/apuntesdesanluis.com\/#website\",\"url\":\"https:\/\/apuntesdesanluis.com\/\",\"name\":\"Apuntes de San Luis\",\"description\":\"\",\"publisher\":{\"@id\":\"https:\/\/apuntesdesanluis.com\/#\/schema\/person\/b55151d52296fcce64d1a72538a70b90\"},\"potentialAction\":[{\"@type\":\"SearchAction\",\"target\":{\"@type\":\"EntryPoint\",\"urlTemplate\":\"https:\/\/apuntesdesanluis.com\/?s={search_term_string}\"},\"query-input\":{\"@type\":\"PropertyValueSpecification\",\"valueRequired\":true,\"valueName\":\"search_term_string\"}}],\"inLanguage\":\"es-AR\"},{\"@type\":[\"Person\",\"Organization\"],\"@id\":\"https:\/\/apuntesdesanluis.com\/#\/schema\/person\/b55151d52296fcce64d1a72538a70b90\",\"name\":\"apuntesdesanluis.com\",\"image\":{\"@type\":\"ImageObject\",\"inLanguage\":\"es-AR\",\"@id\":\"https:\/\/apuntesdesanluis.com\/#\/schema\/person\/image\/\",\"url\":\"https:\/\/apuntesdesanluis.com\/wp-content\/uploads\/2023\/07\/cropped-apuntesdesanluis.png\",\"contentUrl\":\"https:\/\/apuntesdesanluis.com\/wp-content\/uploads\/2023\/07\/cropped-apuntesdesanluis.png\",\"width\":450,\"height\":112,\"caption\":\"apuntesdesanluis.com\"},\"logo\":{\"@id\":\"https:\/\/apuntesdesanluis.com\/#\/schema\/person\/image\/\"},\"sameAs\":[\"https:\/\/apuntesdesanluis.com\"],\"url\":\"https:\/\/apuntesdesanluis.com\/index.php\/author\/apuntesdesanluis-com\/\"}]}<\/script>\n<!-- \/ Yoast SEO plugin. -->","yoast_head_json":{"title":"LA FERIA DEL LIBRO CUESTION\u00d3 LA VISITA DE MILEI Y DIJO QUE NO PODR\u00c1 GARANTIZAR SU SEGURIDAD: \u201cNO HAY PLATA\u201d - Apuntes de San Luis","robots":{"index":"index","follow":"follow","max-snippet":"max-snippet:-1","max-image-preview":"max-image-preview:large","max-video-preview":"max-video-preview:-1"},"canonical":"https:\/\/apuntesdesanluis.com\/index.php\/2024\/04\/25\/la-feria-del-libro-cuestiono-la-visita-de-milei-y-dijo-que-no-podra-garantizar-su-seguridad-no-hay-plata\/","og_locale":"es_ES","og_type":"article","og_title":"LA FERIA DEL LIBRO CUESTION\u00d3 LA VISITA DE MILEI Y DIJO QUE NO PODR\u00c1 GARANTIZAR SU SEGURIDAD: \u201cNO HAY PLATA\u201d - Apuntes de San Luis","og_description":"Resulta contradictorio que por un lado el gobierno nacional lance la Campa\u00f1a Nacional de Alfabetizaci\u00f3n,...","og_url":"https:\/\/apuntesdesanluis.com\/index.php\/2024\/04\/25\/la-feria-del-libro-cuestiono-la-visita-de-milei-y-dijo-que-no-podra-garantizar-su-seguridad-no-hay-plata\/","og_site_name":"Apuntes de San Luis","article_published_time":"2024-04-26T00:07:26+00:00","article_modified_time":"2024-04-26T11:11:19+00:00","og_image":[{"width":600,"height":366,"url":"https:\/\/apuntesdesanluis.com\/wp-content\/uploads\/2024\/04\/VACCARO.png","type":"image\/png"}],"author":"apuntesdesanluis.com","twitter_card":"summary_large_image","twitter_misc":{"Escrito por":"apuntesdesanluis.com","Tiempo de lectura":"4 minutos"},"schema":{"@context":"https:\/\/schema.org","@graph":[{"@type":"Article","@id":"https:\/\/apuntesdesanluis.com\/index.php\/2024\/04\/25\/la-feria-del-libro-cuestiono-la-visita-de-milei-y-dijo-que-no-podra-garantizar-su-seguridad-no-hay-plata\/#article","isPartOf":{"@id":"https:\/\/apuntesdesanluis.com\/index.php\/2024\/04\/25\/la-feria-del-libro-cuestiono-la-visita-de-milei-y-dijo-que-no-podra-garantizar-su-seguridad-no-hay-plata\/"},"author":{"name":"apuntesdesanluis.com","@id":"https:\/\/apuntesdesanluis.com\/#\/schema\/person\/b55151d52296fcce64d1a72538a70b90"},"headline":"LA FERIA DEL LIBRO CUESTION\u00d3 LA VISITA DE MILEI Y DIJO QUE NO PODR\u00c1 GARANTIZAR SU SEGURIDAD: \u201cNO HAY PLATA\u201d","datePublished":"2024-04-26T00:07:26+00:00","dateModified":"2024-04-26T11:11:19+00:00","mainEntityOfPage":{"@id":"https:\/\/apuntesdesanluis.com\/index.php\/2024\/04\/25\/la-feria-del-libro-cuestiono-la-visita-de-milei-y-dijo-que-no-podra-garantizar-su-seguridad-no-hay-plata\/"},"wordCount":774,"publisher":{"@id":"https:\/\/apuntesdesanluis.com\/#\/schema\/person\/b55151d52296fcce64d1a72538a70b90"},"image":{"@id":"https:\/\/apuntesdesanluis.com\/index.php\/2024\/04\/25\/la-feria-del-libro-cuestiono-la-visita-de-milei-y-dijo-que-no-podra-garantizar-su-seguridad-no-hay-plata\/#primaryimage"},"thumbnailUrl":"https:\/\/apuntesdesanluis.com\/wp-content\/uploads\/2024\/04\/VACCARO.png","articleSection":["Nacionales\/Internacionales"],"inLanguage":"es-AR"},{"@type":"WebPage","@id":"https:\/\/apuntesdesanluis.com\/index.php\/2024\/04\/25\/la-feria-del-libro-cuestiono-la-visita-de-milei-y-dijo-que-no-podra-garantizar-su-seguridad-no-hay-plata\/","url":"https:\/\/apuntesdesanluis.com\/index.php\/2024\/04\/25\/la-feria-del-libro-cuestiono-la-visita-de-milei-y-dijo-que-no-podra-garantizar-su-seguridad-no-hay-plata\/","name":"LA FERIA DEL LIBRO CUESTION\u00d3 LA VISITA DE MILEI Y DIJO QUE NO PODR\u00c1 GARANTIZAR SU SEGURIDAD: \u201cNO HAY PLATA\u201d - Apuntes de San Luis","isPartOf":{"@id":"https:\/\/apuntesdesanluis.com\/#website"},"primaryImageOfPage":{"@id":"https:\/\/apuntesdesanluis.com\/index.php\/2024\/04\/25\/la-feria-del-libro-cuestiono-la-visita-de-milei-y-dijo-que-no-podra-garantizar-su-seguridad-no-hay-plata\/#primaryimage"},"image":{"@id":"https:\/\/apuntesdesanluis.com\/index.php\/2024\/04\/25\/la-feria-del-libro-cuestiono-la-visita-de-milei-y-dijo-que-no-podra-garantizar-su-seguridad-no-hay-plata\/#primaryimage"},"thumbnailUrl":"https:\/\/apuntesdesanluis.com\/wp-content\/uploads\/2024\/04\/VACCARO.png","datePublished":"2024-04-26T00:07:26+00:00","dateModified":"2024-04-26T11:11:19+00:00","breadcrumb":{"@id":"https:\/\/apuntesdesanluis.com\/index.php\/2024\/04\/25\/la-feria-del-libro-cuestiono-la-visita-de-milei-y-dijo-que-no-podra-garantizar-su-seguridad-no-hay-plata\/#breadcrumb"},"inLanguage":"es-AR","potentialAction":[{"@type":"ReadAction","target":["https:\/\/apuntesdesanluis.com\/index.php\/2024\/04\/25\/la-feria-del-libro-cuestiono-la-visita-de-milei-y-dijo-que-no-podra-garantizar-su-seguridad-no-hay-plata\/"]}]},{"@type":"ImageObject","inLanguage":"es-AR","@id":"https:\/\/apuntesdesanluis.com\/index.php\/2024\/04\/25\/la-feria-del-libro-cuestiono-la-visita-de-milei-y-dijo-que-no-podra-garantizar-su-seguridad-no-hay-plata\/#primaryimage","url":"https:\/\/apuntesdesanluis.com\/wp-content\/uploads\/2024\/04\/VACCARO.png","contentUrl":"https:\/\/apuntesdesanluis.com\/wp-content\/uploads\/2024\/04\/VACCARO.png","width":600,"height":366},{"@type":"BreadcrumbList","@id":"https:\/\/apuntesdesanluis.com\/index.php\/2024\/04\/25\/la-feria-del-libro-cuestiono-la-visita-de-milei-y-dijo-que-no-podra-garantizar-su-seguridad-no-hay-plata\/#breadcrumb","itemListElement":[{"@type":"ListItem","position":1,"name":"Inicio","item":"https:\/\/apuntesdesanluis.com\/"},{"@type":"ListItem","position":2,"name":"LA FERIA DEL LIBRO CUESTION\u00d3 LA VISITA DE MILEI Y DIJO QUE NO PODR\u00c1 GARANTIZAR SU SEGURIDAD: \u201cNO HAY PLATA\u201d"}]},{"@type":"WebSite","@id":"https:\/\/apuntesdesanluis.com\/#website","url":"https:\/\/apuntesdesanluis.com\/","name":"Apuntes de San Luis","description":"","publisher":{"@id":"https:\/\/apuntesdesanluis.com\/#\/schema\/person\/b55151d52296fcce64d1a72538a70b90"},"potentialAction":[{"@type":"SearchAction","target":{"@type":"EntryPoint","urlTemplate":"https:\/\/apuntesdesanluis.com\/?s={search_term_string}"},"query-input":{"@type":"PropertyValueSpecification","valueRequired":true,"valueName":"search_term_string"}}],"inLanguage":"es-AR"},{"@type":["Person","Organization"],"@id":"https:\/\/apuntesdesanluis.com\/#\/schema\/person\/b55151d52296fcce64d1a72538a70b90","name":"apuntesdesanluis.com","image":{"@type":"ImageObject","inLanguage":"es-AR","@id":"https:\/\/apuntesdesanluis.com\/#\/schema\/person\/image\/","url":"https:\/\/apuntesdesanluis.com\/wp-content\/uploads\/2023\/07\/cropped-apuntesdesanluis.png","contentUrl":"https:\/\/apuntesdesanluis.com\/wp-content\/uploads\/2023\/07\/cropped-apuntesdesanluis.png","width":450,"height":112,"caption":"apuntesdesanluis.com"},"logo":{"@id":"https:\/\/apuntesdesanluis.com\/#\/schema\/person\/image\/"},"sameAs":["https:\/\/apuntesdesanluis.com"],"url":"https:\/\/apuntesdesanluis.com\/index.php\/author\/apuntesdesanluis-com\/"}]}},"featured_image_urls":{"full":["https:\/\/apuntesdesanluis.com\/wp-content\/uploads\/2024\/04\/VACCARO.png",600,366,false],"thumbnail":["https:\/\/apuntesdesanluis.com\/wp-content\/uploads\/2024\/04\/VACCARO-150x150.png",150,150,true],"medium":["https:\/\/apuntesdesanluis.com\/wp-content\/uploads\/2024\/04\/VACCARO-300x183.png",300,183,true],"medium_large":["https:\/\/apuntesdesanluis.com\/wp-content\/uploads\/2024\/04\/VACCARO.png",600,366,false],"large":["https:\/\/apuntesdesanluis.com\/wp-content\/uploads\/2024\/04\/VACCARO.png",600,366,false],"1536x1536":["https:\/\/apuntesdesanluis.com\/wp-content\/uploads\/2024\/04\/VACCARO.png",600,366,false],"2048x2048":["https:\/\/apuntesdesanluis.com\/wp-content\/uploads\/2024\/04\/VACCARO.png",600,366,false],"newsever-slider-full":["https:\/\/apuntesdesanluis.com\/wp-content\/uploads\/2024\/04\/VACCARO.png",600,366,false],"newsever-featured":["https:\/\/apuntesdesanluis.com\/wp-content\/uploads\/2024\/04\/VACCARO.png",600,366,false],"newsever-medium":["https:\/\/apuntesdesanluis.com\/wp-content\/uploads\/2024\/04\/VACCARO.png",600,366,false]},"author_info":{"display_name":"apuntesdesanluis.com","author_link":"https:\/\/apuntesdesanluis.com\/index.php\/author\/apuntesdesanluis-com\/"},"category_info":"<a href=\"https:\/\/apuntesdesanluis.com\/index.php\/category\/nacionales-internacionales\/\" rel=\"category tag\">Nacionales\/Internacionales<\/a>","tag_info":"Nacionales\/Internacionales","comment_count":"0","_links":{"self":[{"href":"https:\/\/apuntesdesanluis.com\/index.php\/wp-json\/wp\/v2\/posts\/15288","targetHints":{"allow":["GET"]}}],"collection":[{"href":"https:\/\/apuntesdesanluis.com\/index.php\/wp-json\/wp\/v2\/posts"}],"about":[{"href":"https:\/\/apuntesdesanluis.com\/index.php\/wp-json\/wp\/v2\/types\/post"}],"author":[{"embeddable":true,"href":"https:\/\/apuntesdesanluis.com\/index.php\/wp-json\/wp\/v2\/users\/1"}],"replies":[{"embeddable":true,"href":"https:\/\/apuntesdesanluis.com\/index.php\/wp-json\/wp\/v2\/comments?post=15288"}],"version-history":[{"count":3,"href":"https:\/\/apuntesdesanluis.com\/index.php\/wp-json\/wp\/v2\/posts\/15288\/revisions"}],"predecessor-version":[{"id":15293,"href":"https:\/\/apuntesdesanluis.com\/index.php\/wp-json\/wp\/v2\/posts\/15288\/revisions\/15293"}],"wp:featuredmedia":[{"embeddable":true,"href":"https:\/\/apuntesdesanluis.com\/index.php\/wp-json\/wp\/v2\/media\/15289"}],"wp:attachment":[{"href":"https:\/\/apuntesdesanluis.com\/index.php\/wp-json\/wp\/v2\/media?parent=15288"}],"wp:term":[{"taxonomy":"category","embeddable":true,"href":"https:\/\/apuntesdesanluis.com\/index.php\/wp-json\/wp\/v2\/categories?post=15288"},{"taxonomy":"post_tag","embeddable":true,"href":"https:\/\/apuntesdesanluis.com\/index.php\/wp-json\/wp\/v2\/tags?post=15288"}],"curies":[{"name":"wp","href":"https:\/\/api.w.org\/{rel}","templated":true}]}}