{"id":15317,"date":"2024-04-26T20:55:10","date_gmt":"2024-04-26T23:55:10","guid":{"rendered":"https:\/\/apuntesdesanluis.com\/?p=15317"},"modified":"2024-04-26T20:56:31","modified_gmt":"2024-04-26T23:56:31","slug":"condenaron-a-un-hombre-a-prision-efectiva-en-causa-por-robo-y-amenazas","status":"publish","type":"post","link":"https:\/\/apuntesdesanluis.com\/index.php\/2024\/04\/26\/condenaron-a-un-hombre-a-prision-efectiva-en-causa-por-robo-y-amenazas\/","title":{"rendered":"CONDENARON A UN HOMBRE A PRISI\u00d3N EFECTIVA EN CAUSA POR ROBO Y AMENAZAS"},"content":{"rendered":"<h3><strong>Federico Mateo Escudero<\/strong> reconoci\u00f3 su participaci\u00f3n en el hecho, la calificaci\u00f3n legal y la imposici\u00f3n de la pena. La audiencia se celebr\u00f3 en el Juzgado de Garant\u00eda N\u00ba 1 de la Segunda Circunscripci\u00f3n Judicial.<\/h3>\n<h3>Federico Mateo Escudero fue declarado autor penalmente responsable de los delitos de robo simple en concurso real, amenazas y desobediencia a una orden judicial, en los t\u00e9rminos de los Arts. 164, 149 bis primera parte, 239, 45, 55 y 54 del C\u00f3digo Penal Argentino y condenado a sufrir la pena de dos a\u00f1os y seis meses de prisi\u00f3n efectiva en el Servicio Penitenciario Provincial.<\/h3>\n<h3>La audiencia se desarroll\u00f3 en la ma\u00f1ana del mi\u00e9rcoles en el Juzgado de Garant\u00eda N\u00ba 1 de la Segunda Circunscripci\u00f3n Judicial, a cargo del Dr. Alfredo Cuello. Intervino como secretario el Dr. Fabi\u00e1n Aguilar.<\/h3>\n<h3>Participaron en representaci\u00f3n del Ministerio P\u00fablico Fiscal el Dr. Leandro Estrada\u00a0 y la Dra. Laura Parisi. Por la defensa del imputado estuvieron presentes la Dra.\u00a0 Victoria Su\u00e1rez y la Dra. Ximena Bertoli.<\/h3>\n<h3>El robo investigado ocurri\u00f3 el pasado 31 de enero, en un domicilio de jurisdicci\u00f3n de la Sub Comisar\u00eda 24\u00ba, en la calle Bolivar al 500, en Villa Mercedes. En ese momento, el propietario, quien se encontraba trabajando recibi\u00f3 un llamado de alerta sobre el ingreso de un masculino quien hab\u00eda sustra\u00eddo elementos. Al llegar a su casa, encontr\u00f3 rota la puerta de ingreso y visualiz\u00f3 el faltante de dinero en efectivo, una guitarra criolla, una motosierra, cubiertas, un televisor, una garrafa, un parlante, entre otros elementos.<\/h3>\n<h3>Seg\u00fan la orden de detenci\u00f3n labrada por el Ministerio P\u00fablico Fiscal, el damnificado observ\u00f3, tras revisar el domicilio, que hab\u00edan realizado un boquete para as\u00ed pasarse a su habitaci\u00f3n y sustraer elementos.<\/h3>\n<h3>A su vez, al imputado tambi\u00e9n se le formularon cargos oportunamente por el delito de amenazas, por un hecho registrado en perjuicio de un familiar del damnificado en el robo, a quien el imputado agredi\u00f3 verbalmente en su domicilio, incumpliendo entonces una orden judicial\u00a0 de prohibici\u00f3n de acercamiento.<\/h3>\n<h3>En la audiencia, las partes pidieron someterse al tr\u00e1mite de juicio abreviado. Cedida la palabra al imputado, asumi\u00f3 ser autor de los hechos endilgados, reconoci\u00f3 las evidencias recogidas y acept\u00f3 la condena solicitada.<\/h3>\n<h3>Luego de escuchar a las partes, finalmente, el Dr. Cuello declar\u00f3 a Federico Mateo Escudero autor penalmente responsable de los delitos de robo simple en concurso real, amenazas y desobediencia a una orden judicial y lo conden\u00f3 a sufrir la pena de dos a\u00f1os y seis meses de prisi\u00f3n de cumplimiento efectivo, accesorias legales y costas procesales, con expresa declaraci\u00f3n de reincidencia.<\/h3>\n<p>&nbsp;<\/p>\n<p>&nbsp;<\/p>\n<p>&nbsp;<\/p>\n","protected":false},"excerpt":{"rendered":"<p>Federico Mateo Escudero reconoci\u00f3 su participaci\u00f3n en el hecho, la calificaci\u00f3n legal y la imposici\u00f3n&#8230;<\/p>\n","protected":false},"author":1,"featured_media":15318,"comment_status":"closed","ping_status":"closed","sticky":false,"template":"","format":"standard","meta":{"footnotes":""},"categories":[6],"tags":[],"class_list":["post-15317","post","type-post","status-publish","format-standard","has-post-thumbnail","hentry","category-ciudad-provincia"],"yoast_head":"<!-- This site is optimized with the Yoast SEO plugin v26.1.1 - https:\/\/yoast.com\/wordpress\/plugins\/seo\/ -->\n<title>CONDENARON A UN HOMBRE A PRISI\u00d3N EFECTIVA EN CAUSA POR ROBO Y AMENAZAS - Apuntes de San Luis<\/title>\n<meta name=\"robots\" content=\"index, follow, max-snippet:-1, max-image-preview:large, max-video-preview:-1\" \/>\n<link rel=\"canonical\" href=\"https:\/\/apuntesdesanluis.com\/index.php\/2024\/04\/26\/condenaron-a-un-hombre-a-prision-efectiva-en-causa-por-robo-y-amenazas\/\" \/>\n<meta property=\"og:locale\" content=\"es_ES\" \/>\n<meta property=\"og:type\" content=\"article\" \/>\n<meta property=\"og:title\" content=\"CONDENARON A UN HOMBRE A PRISI\u00d3N EFECTIVA EN CAUSA POR ROBO Y AMENAZAS - Apuntes de San Luis\" \/>\n<meta property=\"og:description\" content=\"Federico Mateo Escudero reconoci\u00f3 su participaci\u00f3n en el hecho, la calificaci\u00f3n legal y la imposici\u00f3n...\" \/>\n<meta property=\"og:url\" content=\"https:\/\/apuntesdesanluis.com\/index.php\/2024\/04\/26\/condenaron-a-un-hombre-a-prision-efectiva-en-causa-por-robo-y-amenazas\/\" \/>\n<meta property=\"og:site_name\" content=\"Apuntes de San Luis\" \/>\n<meta property=\"article:published_time\" content=\"2024-04-26T23:55:10+00:00\" \/>\n<meta property=\"article:modified_time\" content=\"2024-04-26T23:56:31+00:00\" \/>\n<meta property=\"og:image\" content=\"https:\/\/apuntesdesanluis.com\/wp-content\/uploads\/2024\/04\/CUELLO-e1714175784916.png\" \/>\n\t<meta property=\"og:image:width\" content=\"520\" \/>\n\t<meta property=\"og:image:height\" content=\"324\" \/>\n\t<meta property=\"og:image:type\" content=\"image\/png\" \/>\n<meta name=\"author\" content=\"apuntesdesanluis.com\" \/>\n<meta name=\"twitter:card\" content=\"summary_large_image\" \/>\n<meta name=\"twitter:label1\" content=\"Escrito por\" \/>\n\t<meta name=\"twitter:data1\" content=\"apuntesdesanluis.com\" \/>\n\t<meta name=\"twitter:label2\" content=\"Tiempo de lectura\" \/>\n\t<meta name=\"twitter:data2\" content=\"2 minutos\" \/>\n<script type=\"application\/ld+json\" class=\"yoast-schema-graph\">{\"@context\":\"https:\/\/schema.org\",\"@graph\":[{\"@type\":\"Article\",\"@id\":\"https:\/\/apuntesdesanluis.com\/index.php\/2024\/04\/26\/condenaron-a-un-hombre-a-prision-efectiva-en-causa-por-robo-y-amenazas\/#article\",\"isPartOf\":{\"@id\":\"https:\/\/apuntesdesanluis.com\/index.php\/2024\/04\/26\/condenaron-a-un-hombre-a-prision-efectiva-en-causa-por-robo-y-amenazas\/\"},\"author\":{\"name\":\"apuntesdesanluis.com\",\"@id\":\"https:\/\/apuntesdesanluis.com\/#\/schema\/person\/b55151d52296fcce64d1a72538a70b90\"},\"headline\":\"CONDENARON A UN HOMBRE A PRISI\u00d3N EFECTIVA EN CAUSA POR ROBO Y AMENAZAS\",\"datePublished\":\"2024-04-26T23:55:10+00:00\",\"dateModified\":\"2024-04-26T23:56:31+00:00\",\"mainEntityOfPage\":{\"@id\":\"https:\/\/apuntesdesanluis.com\/index.php\/2024\/04\/26\/condenaron-a-un-hombre-a-prision-efectiva-en-causa-por-robo-y-amenazas\/\"},\"wordCount\":463,\"publisher\":{\"@id\":\"https:\/\/apuntesdesanluis.com\/#\/schema\/person\/b55151d52296fcce64d1a72538a70b90\"},\"image\":{\"@id\":\"https:\/\/apuntesdesanluis.com\/index.php\/2024\/04\/26\/condenaron-a-un-hombre-a-prision-efectiva-en-causa-por-robo-y-amenazas\/#primaryimage\"},\"thumbnailUrl\":\"https:\/\/apuntesdesanluis.com\/wp-content\/uploads\/2024\/04\/CUELLO-e1714175784916.png\",\"articleSection\":[\"Ciudad\/Provincia\"],\"inLanguage\":\"es-AR\"},{\"@type\":\"WebPage\",\"@id\":\"https:\/\/apuntesdesanluis.com\/index.php\/2024\/04\/26\/condenaron-a-un-hombre-a-prision-efectiva-en-causa-por-robo-y-amenazas\/\",\"url\":\"https:\/\/apuntesdesanluis.com\/index.php\/2024\/04\/26\/condenaron-a-un-hombre-a-prision-efectiva-en-causa-por-robo-y-amenazas\/\",\"name\":\"CONDENARON A UN HOMBRE A PRISI\u00d3N EFECTIVA EN CAUSA POR ROBO Y AMENAZAS - Apuntes de San Luis\",\"isPartOf\":{\"@id\":\"https:\/\/apuntesdesanluis.com\/#website\"},\"primaryImageOfPage\":{\"@id\":\"https:\/\/apuntesdesanluis.com\/index.php\/2024\/04\/26\/condenaron-a-un-hombre-a-prision-efectiva-en-causa-por-robo-y-amenazas\/#primaryimage\"},\"image\":{\"@id\":\"https:\/\/apuntesdesanluis.com\/index.php\/2024\/04\/26\/condenaron-a-un-hombre-a-prision-efectiva-en-causa-por-robo-y-amenazas\/#primaryimage\"},\"thumbnailUrl\":\"https:\/\/apuntesdesanluis.com\/wp-content\/uploads\/2024\/04\/CUELLO-e1714175784916.png\",\"datePublished\":\"2024-04-26T23:55:10+00:00\",\"dateModified\":\"2024-04-26T23:56:31+00:00\",\"breadcrumb\":{\"@id\":\"https:\/\/apuntesdesanluis.com\/index.php\/2024\/04\/26\/condenaron-a-un-hombre-a-prision-efectiva-en-causa-por-robo-y-amenazas\/#breadcrumb\"},\"inLanguage\":\"es-AR\",\"potentialAction\":[{\"@type\":\"ReadAction\",\"target\":[\"https:\/\/apuntesdesanluis.com\/index.php\/2024\/04\/26\/condenaron-a-un-hombre-a-prision-efectiva-en-causa-por-robo-y-amenazas\/\"]}]},{\"@type\":\"ImageObject\",\"inLanguage\":\"es-AR\",\"@id\":\"https:\/\/apuntesdesanluis.com\/index.php\/2024\/04\/26\/condenaron-a-un-hombre-a-prision-efectiva-en-causa-por-robo-y-amenazas\/#primaryimage\",\"url\":\"https:\/\/apuntesdesanluis.com\/wp-content\/uploads\/2024\/04\/CUELLO-e1714175784916.png\",\"contentUrl\":\"https:\/\/apuntesdesanluis.com\/wp-content\/uploads\/2024\/04\/CUELLO-e1714175784916.png\",\"width\":520,\"height\":324},{\"@type\":\"BreadcrumbList\",\"@id\":\"https:\/\/apuntesdesanluis.com\/index.php\/2024\/04\/26\/condenaron-a-un-hombre-a-prision-efectiva-en-causa-por-robo-y-amenazas\/#breadcrumb\",\"itemListElement\":[{\"@type\":\"ListItem\",\"position\":1,\"name\":\"Inicio\",\"item\":\"https:\/\/apuntesdesanluis.com\/\"},{\"@type\":\"ListItem\",\"position\":2,\"name\":\"CONDENARON A UN HOMBRE A PRISI\u00d3N EFECTIVA EN CAUSA POR ROBO Y AMENAZAS\"}]},{\"@type\":\"WebSite\",\"@id\":\"https:\/\/apuntesdesanluis.com\/#website\",\"url\":\"https:\/\/apuntesdesanluis.com\/\",\"name\":\"Apuntes de San Luis\",\"description\":\"\",\"publisher\":{\"@id\":\"https:\/\/apuntesdesanluis.com\/#\/schema\/person\/b55151d52296fcce64d1a72538a70b90\"},\"potentialAction\":[{\"@type\":\"SearchAction\",\"target\":{\"@type\":\"EntryPoint\",\"urlTemplate\":\"https:\/\/apuntesdesanluis.com\/?s={search_term_string}\"},\"query-input\":{\"@type\":\"PropertyValueSpecification\",\"valueRequired\":true,\"valueName\":\"search_term_string\"}}],\"inLanguage\":\"es-AR\"},{\"@type\":[\"Person\",\"Organization\"],\"@id\":\"https:\/\/apuntesdesanluis.com\/#\/schema\/person\/b55151d52296fcce64d1a72538a70b90\",\"name\":\"apuntesdesanluis.com\",\"image\":{\"@type\":\"ImageObject\",\"inLanguage\":\"es-AR\",\"@id\":\"https:\/\/apuntesdesanluis.com\/#\/schema\/person\/image\/\",\"url\":\"https:\/\/apuntesdesanluis.com\/wp-content\/uploads\/2023\/07\/cropped-apuntesdesanluis.png\",\"contentUrl\":\"https:\/\/apuntesdesanluis.com\/wp-content\/uploads\/2023\/07\/cropped-apuntesdesanluis.png\",\"width\":450,\"height\":112,\"caption\":\"apuntesdesanluis.com\"},\"logo\":{\"@id\":\"https:\/\/apuntesdesanluis.com\/#\/schema\/person\/image\/\"},\"sameAs\":[\"https:\/\/apuntesdesanluis.com\"],\"url\":\"https:\/\/apuntesdesanluis.com\/index.php\/author\/apuntesdesanluis-com\/\"}]}<\/script>\n<!-- \/ Yoast SEO plugin. -->","yoast_head_json":{"title":"CONDENARON A UN HOMBRE A PRISI\u00d3N EFECTIVA EN CAUSA POR ROBO Y AMENAZAS - Apuntes de San Luis","robots":{"index":"index","follow":"follow","max-snippet":"max-snippet:-1","max-image-preview":"max-image-preview:large","max-video-preview":"max-video-preview:-1"},"canonical":"https:\/\/apuntesdesanluis.com\/index.php\/2024\/04\/26\/condenaron-a-un-hombre-a-prision-efectiva-en-causa-por-robo-y-amenazas\/","og_locale":"es_ES","og_type":"article","og_title":"CONDENARON A UN HOMBRE A PRISI\u00d3N EFECTIVA EN CAUSA POR ROBO Y AMENAZAS - Apuntes de San Luis","og_description":"Federico Mateo Escudero reconoci\u00f3 su participaci\u00f3n en el hecho, la calificaci\u00f3n legal y la imposici\u00f3n...","og_url":"https:\/\/apuntesdesanluis.com\/index.php\/2024\/04\/26\/condenaron-a-un-hombre-a-prision-efectiva-en-causa-por-robo-y-amenazas\/","og_site_name":"Apuntes de San Luis","article_published_time":"2024-04-26T23:55:10+00:00","article_modified_time":"2024-04-26T23:56:31+00:00","og_image":[{"width":520,"height":324,"url":"https:\/\/apuntesdesanluis.com\/wp-content\/uploads\/2024\/04\/CUELLO-e1714175784916.png","type":"image\/png"}],"author":"apuntesdesanluis.com","twitter_card":"summary_large_image","twitter_misc":{"Escrito por":"apuntesdesanluis.com","Tiempo de lectura":"2 minutos"},"schema":{"@context":"https:\/\/schema.org","@graph":[{"@type":"Article","@id":"https:\/\/apuntesdesanluis.com\/index.php\/2024\/04\/26\/condenaron-a-un-hombre-a-prision-efectiva-en-causa-por-robo-y-amenazas\/#article","isPartOf":{"@id":"https:\/\/apuntesdesanluis.com\/index.php\/2024\/04\/26\/condenaron-a-un-hombre-a-prision-efectiva-en-causa-por-robo-y-amenazas\/"},"author":{"name":"apuntesdesanluis.com","@id":"https:\/\/apuntesdesanluis.com\/#\/schema\/person\/b55151d52296fcce64d1a72538a70b90"},"headline":"CONDENARON A UN HOMBRE A PRISI\u00d3N EFECTIVA EN CAUSA POR ROBO Y AMENAZAS","datePublished":"2024-04-26T23:55:10+00:00","dateModified":"2024-04-26T23:56:31+00:00","mainEntityOfPage":{"@id":"https:\/\/apuntesdesanluis.com\/index.php\/2024\/04\/26\/condenaron-a-un-hombre-a-prision-efectiva-en-causa-por-robo-y-amenazas\/"},"wordCount":463,"publisher":{"@id":"https:\/\/apuntesdesanluis.com\/#\/schema\/person\/b55151d52296fcce64d1a72538a70b90"},"image":{"@id":"https:\/\/apuntesdesanluis.com\/index.php\/2024\/04\/26\/condenaron-a-un-hombre-a-prision-efectiva-en-causa-por-robo-y-amenazas\/#primaryimage"},"thumbnailUrl":"https:\/\/apuntesdesanluis.com\/wp-content\/uploads\/2024\/04\/CUELLO-e1714175784916.png","articleSection":["Ciudad\/Provincia"],"inLanguage":"es-AR"},{"@type":"WebPage","@id":"https:\/\/apuntesdesanluis.com\/index.php\/2024\/04\/26\/condenaron-a-un-hombre-a-prision-efectiva-en-causa-por-robo-y-amenazas\/","url":"https:\/\/apuntesdesanluis.com\/index.php\/2024\/04\/26\/condenaron-a-un-hombre-a-prision-efectiva-en-causa-por-robo-y-amenazas\/","name":"CONDENARON A UN HOMBRE A PRISI\u00d3N EFECTIVA EN CAUSA POR ROBO Y AMENAZAS - Apuntes de San Luis","isPartOf":{"@id":"https:\/\/apuntesdesanluis.com\/#website"},"primaryImageOfPage":{"@id":"https:\/\/apuntesdesanluis.com\/index.php\/2024\/04\/26\/condenaron-a-un-hombre-a-prision-efectiva-en-causa-por-robo-y-amenazas\/#primaryimage"},"image":{"@id":"https:\/\/apuntesdesanluis.com\/index.php\/2024\/04\/26\/condenaron-a-un-hombre-a-prision-efectiva-en-causa-por-robo-y-amenazas\/#primaryimage"},"thumbnailUrl":"https:\/\/apuntesdesanluis.com\/wp-content\/uploads\/2024\/04\/CUELLO-e1714175784916.png","datePublished":"2024-04-26T23:55:10+00:00","dateModified":"2024-04-26T23:56:31+00:00","breadcrumb":{"@id":"https:\/\/apuntesdesanluis.com\/index.php\/2024\/04\/26\/condenaron-a-un-hombre-a-prision-efectiva-en-causa-por-robo-y-amenazas\/#breadcrumb"},"inLanguage":"es-AR","potentialAction":[{"@type":"ReadAction","target":["https:\/\/apuntesdesanluis.com\/index.php\/2024\/04\/26\/condenaron-a-un-hombre-a-prision-efectiva-en-causa-por-robo-y-amenazas\/"]}]},{"@type":"ImageObject","inLanguage":"es-AR","@id":"https:\/\/apuntesdesanluis.com\/index.php\/2024\/04\/26\/condenaron-a-un-hombre-a-prision-efectiva-en-causa-por-robo-y-amenazas\/#primaryimage","url":"https:\/\/apuntesdesanluis.com\/wp-content\/uploads\/2024\/04\/CUELLO-e1714175784916.png","contentUrl":"https:\/\/apuntesdesanluis.com\/wp-content\/uploads\/2024\/04\/CUELLO-e1714175784916.png","width":520,"height":324},{"@type":"BreadcrumbList","@id":"https:\/\/apuntesdesanluis.com\/index.php\/2024\/04\/26\/condenaron-a-un-hombre-a-prision-efectiva-en-causa-por-robo-y-amenazas\/#breadcrumb","itemListElement":[{"@type":"ListItem","position":1,"name":"Inicio","item":"https:\/\/apuntesdesanluis.com\/"},{"@type":"ListItem","position":2,"name":"CONDENARON A UN HOMBRE A PRISI\u00d3N EFECTIVA EN CAUSA POR ROBO Y AMENAZAS"}]},{"@type":"WebSite","@id":"https:\/\/apuntesdesanluis.com\/#website","url":"https:\/\/apuntesdesanluis.com\/","name":"Apuntes de San Luis","description":"","publisher":{"@id":"https:\/\/apuntesdesanluis.com\/#\/schema\/person\/b55151d52296fcce64d1a72538a70b90"},"potentialAction":[{"@type":"SearchAction","target":{"@type":"EntryPoint","urlTemplate":"https:\/\/apuntesdesanluis.com\/?s={search_term_string}"},"query-input":{"@type":"PropertyValueSpecification","valueRequired":true,"valueName":"search_term_string"}}],"inLanguage":"es-AR"},{"@type":["Person","Organization"],"@id":"https:\/\/apuntesdesanluis.com\/#\/schema\/person\/b55151d52296fcce64d1a72538a70b90","name":"apuntesdesanluis.com","image":{"@type":"ImageObject","inLanguage":"es-AR","@id":"https:\/\/apuntesdesanluis.com\/#\/schema\/person\/image\/","url":"https:\/\/apuntesdesanluis.com\/wp-content\/uploads\/2023\/07\/cropped-apuntesdesanluis.png","contentUrl":"https:\/\/apuntesdesanluis.com\/wp-content\/uploads\/2023\/07\/cropped-apuntesdesanluis.png","width":450,"height":112,"caption":"apuntesdesanluis.com"},"logo":{"@id":"https:\/\/apuntesdesanluis.com\/#\/schema\/person\/image\/"},"sameAs":["https:\/\/apuntesdesanluis.com"],"url":"https:\/\/apuntesdesanluis.com\/index.php\/author\/apuntesdesanluis-com\/"}]}},"featured_image_urls":{"full":["https:\/\/apuntesdesanluis.com\/wp-content\/uploads\/2024\/04\/CUELLO-e1714175784916.png",520,324,false],"thumbnail":["https:\/\/apuntesdesanluis.com\/wp-content\/uploads\/2024\/04\/CUELLO-e1714175784916-150x150.png",150,150,true],"medium":["https:\/\/apuntesdesanluis.com\/wp-content\/uploads\/2024\/04\/CUELLO-e1714175784916-300x187.png",300,187,true],"medium_large":["https:\/\/apuntesdesanluis.com\/wp-content\/uploads\/2024\/04\/CUELLO-e1714175784916.png",520,324,false],"large":["https:\/\/apuntesdesanluis.com\/wp-content\/uploads\/2024\/04\/CUELLO-e1714175784916.png",520,324,false],"1536x1536":["https:\/\/apuntesdesanluis.com\/wp-content\/uploads\/2024\/04\/CUELLO-e1714175784916.png",520,324,false],"2048x2048":["https:\/\/apuntesdesanluis.com\/wp-content\/uploads\/2024\/04\/CUELLO-e1714175784916.png",520,324,false],"newsever-slider-full":["https:\/\/apuntesdesanluis.com\/wp-content\/uploads\/2024\/04\/CUELLO-e1714175784916.png",520,324,false],"newsever-featured":["https:\/\/apuntesdesanluis.com\/wp-content\/uploads\/2024\/04\/CUELLO-e1714175784916.png",520,324,false],"newsever-medium":["https:\/\/apuntesdesanluis.com\/wp-content\/uploads\/2024\/04\/CUELLO-e1714175784916.png",520,324,false]},"author_info":{"display_name":"apuntesdesanluis.com","author_link":"https:\/\/apuntesdesanluis.com\/index.php\/author\/apuntesdesanluis-com\/"},"category_info":"<a href=\"https:\/\/apuntesdesanluis.com\/index.php\/category\/ciudad-provincia\/\" rel=\"category tag\">Ciudad\/Provincia<\/a>","tag_info":"Ciudad\/Provincia","comment_count":"0","_links":{"self":[{"href":"https:\/\/apuntesdesanluis.com\/index.php\/wp-json\/wp\/v2\/posts\/15317","targetHints":{"allow":["GET"]}}],"collection":[{"href":"https:\/\/apuntesdesanluis.com\/index.php\/wp-json\/wp\/v2\/posts"}],"about":[{"href":"https:\/\/apuntesdesanluis.com\/index.php\/wp-json\/wp\/v2\/types\/post"}],"author":[{"embeddable":true,"href":"https:\/\/apuntesdesanluis.com\/index.php\/wp-json\/wp\/v2\/users\/1"}],"replies":[{"embeddable":true,"href":"https:\/\/apuntesdesanluis.com\/index.php\/wp-json\/wp\/v2\/comments?post=15317"}],"version-history":[{"count":1,"href":"https:\/\/apuntesdesanluis.com\/index.php\/wp-json\/wp\/v2\/posts\/15317\/revisions"}],"predecessor-version":[{"id":15319,"href":"https:\/\/apuntesdesanluis.com\/index.php\/wp-json\/wp\/v2\/posts\/15317\/revisions\/15319"}],"wp:featuredmedia":[{"embeddable":true,"href":"https:\/\/apuntesdesanluis.com\/index.php\/wp-json\/wp\/v2\/media\/15318"}],"wp:attachment":[{"href":"https:\/\/apuntesdesanluis.com\/index.php\/wp-json\/wp\/v2\/media?parent=15317"}],"wp:term":[{"taxonomy":"category","embeddable":true,"href":"https:\/\/apuntesdesanluis.com\/index.php\/wp-json\/wp\/v2\/categories?post=15317"},{"taxonomy":"post_tag","embeddable":true,"href":"https:\/\/apuntesdesanluis.com\/index.php\/wp-json\/wp\/v2\/tags?post=15317"}],"curies":[{"name":"wp","href":"https:\/\/api.w.org\/{rel}","templated":true}]}}