{"id":15320,"date":"2024-04-26T21:08:20","date_gmt":"2024-04-27T00:08:20","guid":{"rendered":"https:\/\/apuntesdesanluis.com\/?p=15320"},"modified":"2024-04-26T21:08:20","modified_gmt":"2024-04-27T00:08:20","slug":"por-ser-victima-de-violencia-piden-atenuar-pena-contra-acusada-de-acuchillar-a-su-ex-pareja","status":"publish","type":"post","link":"https:\/\/apuntesdesanluis.com\/index.php\/2024\/04\/26\/por-ser-victima-de-violencia-piden-atenuar-pena-contra-acusada-de-acuchillar-a-su-ex-pareja\/","title":{"rendered":"POR SER V\u00cdCTIMA DE VIOLENCIA, PIDEN ATENUAR PENA CONTRA ACUSADA DE ACUCHILLAR A SU EX PAREJA"},"content":{"rendered":"<h3>El hecho ocurri\u00f3 en agosto de 2022 en la localidad de <strong>Tilisarao<\/strong>, cuando la mujer atac\u00f3 a su ex pareja con un cuchillo. Al momento de la acusaci\u00f3n, la fiscal\u00eda tuvo en cuenta los antecedentes de violencia que sufri\u00f3 la imputada durante su relaci\u00f3n con el denunciante.<\/h3>\n<h3>El jueves 25 de abril, se dispuso la elevaci\u00f3n a juicio de la causa que se sigue contra <strong>A.C.L.<\/strong>, una mujer de 39 a\u00f1os con domicilio en Tilisarao, quien lesion\u00f3 gravemente a su ex pareja con un arma blanca.<\/h3>\n<h3>En su presentaci\u00f3n del caso la Fiscal de Instrucci\u00f3n, Dra. D\u00e9bora Roy Gitto, refiri\u00f3 que el d\u00eda 5 de agosto de 2022 a las 14:30 hs., A.C.L. se present\u00f3 en el domicilio del damnificado incumpliendo la orden de restricci\u00f3n vigente que exist\u00eda entre ambos.<\/h3>\n<h3>Su ex le pidi\u00f3 que se retirara, pero ella hizo caso omiso y lo atac\u00f3 con un cuchillo, provoc\u00e1ndole una lesi\u00f3n de gravedad en el t\u00f3rax a la altura de la tetilla derecha.<\/h3>\n<h3>Un testigo relat\u00f3 que vio a la mujer correr \u201cdespavorida\u201d por la calle. Ella le pidi\u00f3 que la llevara a su casa y en el camino le manifest\u00f3 que hab\u00eda \u201cclavado\u201d a su ex, que hab\u00eda quedado tirado y que cre\u00eda que lo hab\u00eda matado.<\/h3>\n<h3>La fiscal calific\u00f3 el hecho como: homicidio agravado por el v\u00ednculo en grado de tentativa y en circunstancias extraordinarias de atenuaci\u00f3n.<\/h3>\n<h3>Para determinar el monto de la pena, consider\u00f3 como atenuantes que la imputada no posee antecedentes penales computables, adem\u00e1s de la situaci\u00f3n de vulnerabilidad de la mujer y el historial de violencia del que fue v\u00edctima durante su relaci\u00f3n con el denunciante.<\/h3>\n<h3>En ese sentido, Roy Gitto se\u00f1al\u00f3 que A.C.L. tiene una hija en com\u00fan con el damnificado. El d\u00eda del hecho, la mujer lo llam\u00f3 para ir a buscar a la beb\u00e9 y a otro de sus hijos. \u00c9l le contest\u00f3 que no se los iba a entregar, y la agredi\u00f3 verbalmente.<\/h3>\n<h3>Tambi\u00e9n dej\u00f3 constancia que, previo a lo ocurrido, A.C.L. hab\u00eda denunciado nueve veces a su ex por violencia de g\u00e9nero, y que \u00e9l incumpl\u00eda permanentemente las medidas ordenadas por la justicia.<\/h3>\n<h3>Finalmente, mencion\u00f3 las entrevistas realizadas por profesionales del Cuerpo Forense de la Tercera Circunscripci\u00f3n, a quienes la mujer les manifest\u00f3 que su ex siempre fue manipulador, celoso y controlador, que la amenazaba con suicidarse si lo dejaba, pero que estaba arrepentida por lo sucedido y que no fue su intenci\u00f3n agredir al padre de su hija.<\/h3>\n<h3>En virtud de lo expuesto, la fiscal solicit\u00f3 elevar la causa a juicio y que, al momento de dictar sentencia, se condene a la acusada a cuatro a\u00f1os de prisi\u00f3n domiciliaria, valorando que tiene tres hijos menores de edad a su cargo. Tambi\u00e9n requiri\u00f3, para dicha oportunidad, la aplicaci\u00f3n de las Reglas de Bangkok que, en su punto 57, determinan que se deber\u00e1n elaborar medidas opcionales y alternativas a la prisi\u00f3n preventiva y a la condena, teniendo presente el historial de victimizaci\u00f3n de la imputada y sus responsabilidades de cuidado de otras personas.<\/h3>\n<h3>La defensa de la mujer, ejercida por el Dr. Orlando Villegas, no efectu\u00f3 objeciones a los requerimientos de la fiscal\u00eda y adelant\u00f3 que en los pr\u00f3ximos d\u00edas presentar\u00e1 prueba documental para el momento del juicio.<\/h3>\n<h3>El magistrado interviniente es el Dr. Jorge Pinto, quien tuvo por deducida la acusaci\u00f3n en contra de A.C.L., ordenando la elevaci\u00f3n de la causa a la C\u00e1mara de Apelaciones de la Tercera Circunscripci\u00f3n Judicial para la oportuna realizaci\u00f3n del debate oral.<\/h3>\n<p>&nbsp;<\/p>\n<p>&nbsp;<\/p>\n<p>&nbsp;<\/p>\n","protected":false},"excerpt":{"rendered":"<p>El hecho ocurri\u00f3 en agosto de 2022 en la localidad de Tilisarao, cuando la mujer&#8230;<\/p>\n","protected":false},"author":1,"featured_media":15321,"comment_status":"closed","ping_status":"closed","sticky":false,"template":"","format":"standard","meta":{"footnotes":""},"categories":[6],"tags":[],"class_list":["post-15320","post","type-post","status-publish","format-standard","has-post-thumbnail","hentry","category-ciudad-provincia"],"yoast_head":"<!-- This site is optimized with the Yoast SEO plugin v26.1.1 - https:\/\/yoast.com\/wordpress\/plugins\/seo\/ -->\n<title>POR SER V\u00cdCTIMA DE VIOLENCIA, PIDEN ATENUAR PENA CONTRA ACUSADA DE ACUCHILLAR A SU EX PAREJA - Apuntes de San Luis<\/title>\n<meta name=\"robots\" content=\"index, follow, max-snippet:-1, max-image-preview:large, max-video-preview:-1\" \/>\n<link rel=\"canonical\" href=\"https:\/\/apuntesdesanluis.com\/index.php\/2024\/04\/26\/por-ser-victima-de-violencia-piden-atenuar-pena-contra-acusada-de-acuchillar-a-su-ex-pareja\/\" \/>\n<meta property=\"og:locale\" content=\"es_ES\" \/>\n<meta property=\"og:type\" content=\"article\" \/>\n<meta property=\"og:title\" content=\"POR SER V\u00cdCTIMA DE VIOLENCIA, PIDEN ATENUAR PENA CONTRA ACUSADA DE ACUCHILLAR A SU EX PAREJA - Apuntes de San Luis\" \/>\n<meta property=\"og:description\" content=\"El hecho ocurri\u00f3 en agosto de 2022 en la localidad de Tilisarao, cuando la mujer...\" \/>\n<meta property=\"og:url\" content=\"https:\/\/apuntesdesanluis.com\/index.php\/2024\/04\/26\/por-ser-victima-de-violencia-piden-atenuar-pena-contra-acusada-de-acuchillar-a-su-ex-pareja\/\" \/>\n<meta property=\"og:site_name\" content=\"Apuntes de San Luis\" \/>\n<meta property=\"article:published_time\" content=\"2024-04-27T00:08:20+00:00\" \/>\n<meta property=\"og:image\" content=\"https:\/\/apuntesdesanluis.com\/wp-content\/uploads\/2024\/04\/ACUSADA.png\" \/>\n\t<meta property=\"og:image:width\" content=\"600\" \/>\n\t<meta property=\"og:image:height\" content=\"273\" \/>\n\t<meta property=\"og:image:type\" content=\"image\/png\" \/>\n<meta name=\"author\" content=\"apuntesdesanluis.com\" \/>\n<meta name=\"twitter:card\" content=\"summary_large_image\" \/>\n<meta name=\"twitter:label1\" content=\"Escrito por\" \/>\n\t<meta name=\"twitter:data1\" content=\"apuntesdesanluis.com\" \/>\n\t<meta name=\"twitter:label2\" content=\"Tiempo de lectura\" \/>\n\t<meta name=\"twitter:data2\" content=\"3 minutos\" \/>\n<script type=\"application\/ld+json\" class=\"yoast-schema-graph\">{\"@context\":\"https:\/\/schema.org\",\"@graph\":[{\"@type\":\"Article\",\"@id\":\"https:\/\/apuntesdesanluis.com\/index.php\/2024\/04\/26\/por-ser-victima-de-violencia-piden-atenuar-pena-contra-acusada-de-acuchillar-a-su-ex-pareja\/#article\",\"isPartOf\":{\"@id\":\"https:\/\/apuntesdesanluis.com\/index.php\/2024\/04\/26\/por-ser-victima-de-violencia-piden-atenuar-pena-contra-acusada-de-acuchillar-a-su-ex-pareja\/\"},\"author\":{\"name\":\"apuntesdesanluis.com\",\"@id\":\"https:\/\/apuntesdesanluis.com\/#\/schema\/person\/b55151d52296fcce64d1a72538a70b90\"},\"headline\":\"POR SER V\u00cdCTIMA DE VIOLENCIA, PIDEN ATENUAR PENA CONTRA ACUSADA DE ACUCHILLAR A SU EX PAREJA\",\"datePublished\":\"2024-04-27T00:08:20+00:00\",\"mainEntityOfPage\":{\"@id\":\"https:\/\/apuntesdesanluis.com\/index.php\/2024\/04\/26\/por-ser-victima-de-violencia-piden-atenuar-pena-contra-acusada-de-acuchillar-a-su-ex-pareja\/\"},\"wordCount\":649,\"publisher\":{\"@id\":\"https:\/\/apuntesdesanluis.com\/#\/schema\/person\/b55151d52296fcce64d1a72538a70b90\"},\"image\":{\"@id\":\"https:\/\/apuntesdesanluis.com\/index.php\/2024\/04\/26\/por-ser-victima-de-violencia-piden-atenuar-pena-contra-acusada-de-acuchillar-a-su-ex-pareja\/#primaryimage\"},\"thumbnailUrl\":\"https:\/\/apuntesdesanluis.com\/wp-content\/uploads\/2024\/04\/ACUSADA.png\",\"articleSection\":[\"Ciudad\/Provincia\"],\"inLanguage\":\"es-AR\"},{\"@type\":\"WebPage\",\"@id\":\"https:\/\/apuntesdesanluis.com\/index.php\/2024\/04\/26\/por-ser-victima-de-violencia-piden-atenuar-pena-contra-acusada-de-acuchillar-a-su-ex-pareja\/\",\"url\":\"https:\/\/apuntesdesanluis.com\/index.php\/2024\/04\/26\/por-ser-victima-de-violencia-piden-atenuar-pena-contra-acusada-de-acuchillar-a-su-ex-pareja\/\",\"name\":\"POR SER V\u00cdCTIMA DE VIOLENCIA, PIDEN ATENUAR PENA CONTRA ACUSADA DE ACUCHILLAR A SU EX PAREJA - Apuntes de San Luis\",\"isPartOf\":{\"@id\":\"https:\/\/apuntesdesanluis.com\/#website\"},\"primaryImageOfPage\":{\"@id\":\"https:\/\/apuntesdesanluis.com\/index.php\/2024\/04\/26\/por-ser-victima-de-violencia-piden-atenuar-pena-contra-acusada-de-acuchillar-a-su-ex-pareja\/#primaryimage\"},\"image\":{\"@id\":\"https:\/\/apuntesdesanluis.com\/index.php\/2024\/04\/26\/por-ser-victima-de-violencia-piden-atenuar-pena-contra-acusada-de-acuchillar-a-su-ex-pareja\/#primaryimage\"},\"thumbnailUrl\":\"https:\/\/apuntesdesanluis.com\/wp-content\/uploads\/2024\/04\/ACUSADA.png\",\"datePublished\":\"2024-04-27T00:08:20+00:00\",\"breadcrumb\":{\"@id\":\"https:\/\/apuntesdesanluis.com\/index.php\/2024\/04\/26\/por-ser-victima-de-violencia-piden-atenuar-pena-contra-acusada-de-acuchillar-a-su-ex-pareja\/#breadcrumb\"},\"inLanguage\":\"es-AR\",\"potentialAction\":[{\"@type\":\"ReadAction\",\"target\":[\"https:\/\/apuntesdesanluis.com\/index.php\/2024\/04\/26\/por-ser-victima-de-violencia-piden-atenuar-pena-contra-acusada-de-acuchillar-a-su-ex-pareja\/\"]}]},{\"@type\":\"ImageObject\",\"inLanguage\":\"es-AR\",\"@id\":\"https:\/\/apuntesdesanluis.com\/index.php\/2024\/04\/26\/por-ser-victima-de-violencia-piden-atenuar-pena-contra-acusada-de-acuchillar-a-su-ex-pareja\/#primaryimage\",\"url\":\"https:\/\/apuntesdesanluis.com\/wp-content\/uploads\/2024\/04\/ACUSADA.png\",\"contentUrl\":\"https:\/\/apuntesdesanluis.com\/wp-content\/uploads\/2024\/04\/ACUSADA.png\",\"width\":600,\"height\":273},{\"@type\":\"BreadcrumbList\",\"@id\":\"https:\/\/apuntesdesanluis.com\/index.php\/2024\/04\/26\/por-ser-victima-de-violencia-piden-atenuar-pena-contra-acusada-de-acuchillar-a-su-ex-pareja\/#breadcrumb\",\"itemListElement\":[{\"@type\":\"ListItem\",\"position\":1,\"name\":\"Inicio\",\"item\":\"https:\/\/apuntesdesanluis.com\/\"},{\"@type\":\"ListItem\",\"position\":2,\"name\":\"POR SER V\u00cdCTIMA DE VIOLENCIA, PIDEN ATENUAR PENA CONTRA ACUSADA DE ACUCHILLAR A SU EX PAREJA\"}]},{\"@type\":\"WebSite\",\"@id\":\"https:\/\/apuntesdesanluis.com\/#website\",\"url\":\"https:\/\/apuntesdesanluis.com\/\",\"name\":\"Apuntes de San Luis\",\"description\":\"\",\"publisher\":{\"@id\":\"https:\/\/apuntesdesanluis.com\/#\/schema\/person\/b55151d52296fcce64d1a72538a70b90\"},\"potentialAction\":[{\"@type\":\"SearchAction\",\"target\":{\"@type\":\"EntryPoint\",\"urlTemplate\":\"https:\/\/apuntesdesanluis.com\/?s={search_term_string}\"},\"query-input\":{\"@type\":\"PropertyValueSpecification\",\"valueRequired\":true,\"valueName\":\"search_term_string\"}}],\"inLanguage\":\"es-AR\"},{\"@type\":[\"Person\",\"Organization\"],\"@id\":\"https:\/\/apuntesdesanluis.com\/#\/schema\/person\/b55151d52296fcce64d1a72538a70b90\",\"name\":\"apuntesdesanluis.com\",\"image\":{\"@type\":\"ImageObject\",\"inLanguage\":\"es-AR\",\"@id\":\"https:\/\/apuntesdesanluis.com\/#\/schema\/person\/image\/\",\"url\":\"https:\/\/apuntesdesanluis.com\/wp-content\/uploads\/2023\/07\/cropped-apuntesdesanluis.png\",\"contentUrl\":\"https:\/\/apuntesdesanluis.com\/wp-content\/uploads\/2023\/07\/cropped-apuntesdesanluis.png\",\"width\":450,\"height\":112,\"caption\":\"apuntesdesanluis.com\"},\"logo\":{\"@id\":\"https:\/\/apuntesdesanluis.com\/#\/schema\/person\/image\/\"},\"sameAs\":[\"https:\/\/apuntesdesanluis.com\"],\"url\":\"https:\/\/apuntesdesanluis.com\/index.php\/author\/apuntesdesanluis-com\/\"}]}<\/script>\n<!-- \/ Yoast SEO plugin. -->","yoast_head_json":{"title":"POR SER V\u00cdCTIMA DE VIOLENCIA, PIDEN ATENUAR PENA CONTRA ACUSADA DE ACUCHILLAR A SU EX PAREJA - Apuntes de San Luis","robots":{"index":"index","follow":"follow","max-snippet":"max-snippet:-1","max-image-preview":"max-image-preview:large","max-video-preview":"max-video-preview:-1"},"canonical":"https:\/\/apuntesdesanluis.com\/index.php\/2024\/04\/26\/por-ser-victima-de-violencia-piden-atenuar-pena-contra-acusada-de-acuchillar-a-su-ex-pareja\/","og_locale":"es_ES","og_type":"article","og_title":"POR SER V\u00cdCTIMA DE VIOLENCIA, PIDEN ATENUAR PENA CONTRA ACUSADA DE ACUCHILLAR A SU EX PAREJA - Apuntes de San Luis","og_description":"El hecho ocurri\u00f3 en agosto de 2022 en la localidad de Tilisarao, cuando la mujer...","og_url":"https:\/\/apuntesdesanluis.com\/index.php\/2024\/04\/26\/por-ser-victima-de-violencia-piden-atenuar-pena-contra-acusada-de-acuchillar-a-su-ex-pareja\/","og_site_name":"Apuntes de San Luis","article_published_time":"2024-04-27T00:08:20+00:00","og_image":[{"width":600,"height":273,"url":"https:\/\/apuntesdesanluis.com\/wp-content\/uploads\/2024\/04\/ACUSADA.png","type":"image\/png"}],"author":"apuntesdesanluis.com","twitter_card":"summary_large_image","twitter_misc":{"Escrito por":"apuntesdesanluis.com","Tiempo de lectura":"3 minutos"},"schema":{"@context":"https:\/\/schema.org","@graph":[{"@type":"Article","@id":"https:\/\/apuntesdesanluis.com\/index.php\/2024\/04\/26\/por-ser-victima-de-violencia-piden-atenuar-pena-contra-acusada-de-acuchillar-a-su-ex-pareja\/#article","isPartOf":{"@id":"https:\/\/apuntesdesanluis.com\/index.php\/2024\/04\/26\/por-ser-victima-de-violencia-piden-atenuar-pena-contra-acusada-de-acuchillar-a-su-ex-pareja\/"},"author":{"name":"apuntesdesanluis.com","@id":"https:\/\/apuntesdesanluis.com\/#\/schema\/person\/b55151d52296fcce64d1a72538a70b90"},"headline":"POR SER V\u00cdCTIMA DE VIOLENCIA, PIDEN ATENUAR PENA CONTRA ACUSADA DE ACUCHILLAR A SU EX PAREJA","datePublished":"2024-04-27T00:08:20+00:00","mainEntityOfPage":{"@id":"https:\/\/apuntesdesanluis.com\/index.php\/2024\/04\/26\/por-ser-victima-de-violencia-piden-atenuar-pena-contra-acusada-de-acuchillar-a-su-ex-pareja\/"},"wordCount":649,"publisher":{"@id":"https:\/\/apuntesdesanluis.com\/#\/schema\/person\/b55151d52296fcce64d1a72538a70b90"},"image":{"@id":"https:\/\/apuntesdesanluis.com\/index.php\/2024\/04\/26\/por-ser-victima-de-violencia-piden-atenuar-pena-contra-acusada-de-acuchillar-a-su-ex-pareja\/#primaryimage"},"thumbnailUrl":"https:\/\/apuntesdesanluis.com\/wp-content\/uploads\/2024\/04\/ACUSADA.png","articleSection":["Ciudad\/Provincia"],"inLanguage":"es-AR"},{"@type":"WebPage","@id":"https:\/\/apuntesdesanluis.com\/index.php\/2024\/04\/26\/por-ser-victima-de-violencia-piden-atenuar-pena-contra-acusada-de-acuchillar-a-su-ex-pareja\/","url":"https:\/\/apuntesdesanluis.com\/index.php\/2024\/04\/26\/por-ser-victima-de-violencia-piden-atenuar-pena-contra-acusada-de-acuchillar-a-su-ex-pareja\/","name":"POR SER V\u00cdCTIMA DE VIOLENCIA, PIDEN ATENUAR PENA CONTRA ACUSADA DE ACUCHILLAR A SU EX PAREJA - Apuntes de San Luis","isPartOf":{"@id":"https:\/\/apuntesdesanluis.com\/#website"},"primaryImageOfPage":{"@id":"https:\/\/apuntesdesanluis.com\/index.php\/2024\/04\/26\/por-ser-victima-de-violencia-piden-atenuar-pena-contra-acusada-de-acuchillar-a-su-ex-pareja\/#primaryimage"},"image":{"@id":"https:\/\/apuntesdesanluis.com\/index.php\/2024\/04\/26\/por-ser-victima-de-violencia-piden-atenuar-pena-contra-acusada-de-acuchillar-a-su-ex-pareja\/#primaryimage"},"thumbnailUrl":"https:\/\/apuntesdesanluis.com\/wp-content\/uploads\/2024\/04\/ACUSADA.png","datePublished":"2024-04-27T00:08:20+00:00","breadcrumb":{"@id":"https:\/\/apuntesdesanluis.com\/index.php\/2024\/04\/26\/por-ser-victima-de-violencia-piden-atenuar-pena-contra-acusada-de-acuchillar-a-su-ex-pareja\/#breadcrumb"},"inLanguage":"es-AR","potentialAction":[{"@type":"ReadAction","target":["https:\/\/apuntesdesanluis.com\/index.php\/2024\/04\/26\/por-ser-victima-de-violencia-piden-atenuar-pena-contra-acusada-de-acuchillar-a-su-ex-pareja\/"]}]},{"@type":"ImageObject","inLanguage":"es-AR","@id":"https:\/\/apuntesdesanluis.com\/index.php\/2024\/04\/26\/por-ser-victima-de-violencia-piden-atenuar-pena-contra-acusada-de-acuchillar-a-su-ex-pareja\/#primaryimage","url":"https:\/\/apuntesdesanluis.com\/wp-content\/uploads\/2024\/04\/ACUSADA.png","contentUrl":"https:\/\/apuntesdesanluis.com\/wp-content\/uploads\/2024\/04\/ACUSADA.png","width":600,"height":273},{"@type":"BreadcrumbList","@id":"https:\/\/apuntesdesanluis.com\/index.php\/2024\/04\/26\/por-ser-victima-de-violencia-piden-atenuar-pena-contra-acusada-de-acuchillar-a-su-ex-pareja\/#breadcrumb","itemListElement":[{"@type":"ListItem","position":1,"name":"Inicio","item":"https:\/\/apuntesdesanluis.com\/"},{"@type":"ListItem","position":2,"name":"POR SER V\u00cdCTIMA DE VIOLENCIA, PIDEN ATENUAR PENA CONTRA ACUSADA DE ACUCHILLAR A SU EX PAREJA"}]},{"@type":"WebSite","@id":"https:\/\/apuntesdesanluis.com\/#website","url":"https:\/\/apuntesdesanluis.com\/","name":"Apuntes de San Luis","description":"","publisher":{"@id":"https:\/\/apuntesdesanluis.com\/#\/schema\/person\/b55151d52296fcce64d1a72538a70b90"},"potentialAction":[{"@type":"SearchAction","target":{"@type":"EntryPoint","urlTemplate":"https:\/\/apuntesdesanluis.com\/?s={search_term_string}"},"query-input":{"@type":"PropertyValueSpecification","valueRequired":true,"valueName":"search_term_string"}}],"inLanguage":"es-AR"},{"@type":["Person","Organization"],"@id":"https:\/\/apuntesdesanluis.com\/#\/schema\/person\/b55151d52296fcce64d1a72538a70b90","name":"apuntesdesanluis.com","image":{"@type":"ImageObject","inLanguage":"es-AR","@id":"https:\/\/apuntesdesanluis.com\/#\/schema\/person\/image\/","url":"https:\/\/apuntesdesanluis.com\/wp-content\/uploads\/2023\/07\/cropped-apuntesdesanluis.png","contentUrl":"https:\/\/apuntesdesanluis.com\/wp-content\/uploads\/2023\/07\/cropped-apuntesdesanluis.png","width":450,"height":112,"caption":"apuntesdesanluis.com"},"logo":{"@id":"https:\/\/apuntesdesanluis.com\/#\/schema\/person\/image\/"},"sameAs":["https:\/\/apuntesdesanluis.com"],"url":"https:\/\/apuntesdesanluis.com\/index.php\/author\/apuntesdesanluis-com\/"}]}},"featured_image_urls":{"full":["https:\/\/apuntesdesanluis.com\/wp-content\/uploads\/2024\/04\/ACUSADA.png",600,273,false],"thumbnail":["https:\/\/apuntesdesanluis.com\/wp-content\/uploads\/2024\/04\/ACUSADA-150x150.png",150,150,true],"medium":["https:\/\/apuntesdesanluis.com\/wp-content\/uploads\/2024\/04\/ACUSADA-300x137.png",300,137,true],"medium_large":["https:\/\/apuntesdesanluis.com\/wp-content\/uploads\/2024\/04\/ACUSADA.png",600,273,false],"large":["https:\/\/apuntesdesanluis.com\/wp-content\/uploads\/2024\/04\/ACUSADA.png",600,273,false],"1536x1536":["https:\/\/apuntesdesanluis.com\/wp-content\/uploads\/2024\/04\/ACUSADA.png",600,273,false],"2048x2048":["https:\/\/apuntesdesanluis.com\/wp-content\/uploads\/2024\/04\/ACUSADA.png",600,273,false],"newsever-slider-full":["https:\/\/apuntesdesanluis.com\/wp-content\/uploads\/2024\/04\/ACUSADA.png",600,273,false],"newsever-featured":["https:\/\/apuntesdesanluis.com\/wp-content\/uploads\/2024\/04\/ACUSADA.png",600,273,false],"newsever-medium":["https:\/\/apuntesdesanluis.com\/wp-content\/uploads\/2024\/04\/ACUSADA.png",600,273,false]},"author_info":{"display_name":"apuntesdesanluis.com","author_link":"https:\/\/apuntesdesanluis.com\/index.php\/author\/apuntesdesanluis-com\/"},"category_info":"<a href=\"https:\/\/apuntesdesanluis.com\/index.php\/category\/ciudad-provincia\/\" rel=\"category tag\">Ciudad\/Provincia<\/a>","tag_info":"Ciudad\/Provincia","comment_count":"0","_links":{"self":[{"href":"https:\/\/apuntesdesanluis.com\/index.php\/wp-json\/wp\/v2\/posts\/15320","targetHints":{"allow":["GET"]}}],"collection":[{"href":"https:\/\/apuntesdesanluis.com\/index.php\/wp-json\/wp\/v2\/posts"}],"about":[{"href":"https:\/\/apuntesdesanluis.com\/index.php\/wp-json\/wp\/v2\/types\/post"}],"author":[{"embeddable":true,"href":"https:\/\/apuntesdesanluis.com\/index.php\/wp-json\/wp\/v2\/users\/1"}],"replies":[{"embeddable":true,"href":"https:\/\/apuntesdesanluis.com\/index.php\/wp-json\/wp\/v2\/comments?post=15320"}],"version-history":[{"count":1,"href":"https:\/\/apuntesdesanluis.com\/index.php\/wp-json\/wp\/v2\/posts\/15320\/revisions"}],"predecessor-version":[{"id":15322,"href":"https:\/\/apuntesdesanluis.com\/index.php\/wp-json\/wp\/v2\/posts\/15320\/revisions\/15322"}],"wp:featuredmedia":[{"embeddable":true,"href":"https:\/\/apuntesdesanluis.com\/index.php\/wp-json\/wp\/v2\/media\/15321"}],"wp:attachment":[{"href":"https:\/\/apuntesdesanluis.com\/index.php\/wp-json\/wp\/v2\/media?parent=15320"}],"wp:term":[{"taxonomy":"category","embeddable":true,"href":"https:\/\/apuntesdesanluis.com\/index.php\/wp-json\/wp\/v2\/categories?post=15320"},{"taxonomy":"post_tag","embeddable":true,"href":"https:\/\/apuntesdesanluis.com\/index.php\/wp-json\/wp\/v2\/tags?post=15320"}],"curies":[{"name":"wp","href":"https:\/\/api.w.org\/{rel}","templated":true}]}}