{"id":15323,"date":"2024-04-26T21:22:25","date_gmt":"2024-04-27T00:22:25","guid":{"rendered":"https:\/\/apuntesdesanluis.com\/?p=15323"},"modified":"2024-04-26T21:22:25","modified_gmt":"2024-04-27T00:22:25","slug":"la-provincia-recupero-un-campo-de-casi-2-000-ha-que-habia-vendido-y-nunca-cobro","status":"publish","type":"post","link":"https:\/\/apuntesdesanluis.com\/index.php\/2024\/04\/26\/la-provincia-recupero-un-campo-de-casi-2-000-ha-que-habia-vendido-y-nunca-cobro\/","title":{"rendered":"LA PROVINCIA RECUPER\u00d3 UN CAMPO DE CASI 2.000 HA QUE HAB\u00cdA VENDIDO Y NUNCA COBR\u00d3"},"content":{"rendered":"<h3>Se trata de una extensi\u00f3n de 1.997 hect\u00e1reas que le compr\u00f3 un particular en 2009, pero s\u00f3lo pag\u00f3 cinco de las 48 cuotas pactadas. En 2017 comenzaron las acciones legales para recuperar el campo y en 2022 se rechazaron las \u00faltimas apelaciones, pero nunca se concret\u00f3 en los hechos durante la gesti\u00f3n anterior.<\/h3>\n<h3>La provincia de San Luis recuper\u00f3 un campo de 1.997 hect\u00e1reas cuyo ingreso est\u00e1 en el kil\u00f3metro 144 de la ruta 27, en el departamento Dupuy, a escasos cuatro kil\u00f3metros del Pueblo Ranquel, donde en diciembre tambi\u00e9n tuvo que intervenir para terminar con diversos actos de corrupci\u00f3n y devolverles sus tierras a la comunidad originaria.<\/h3>\n<h3>El inmueble hab\u00eda sido vendido en 2009 a <strong>Daniel Lucero<\/strong>, quien se comprometi\u00f3 a pagarlo en 48 cuotas y a llevar adelante una fuerte inversi\u00f3n a trav\u00e9s del proyecto Pioneros Siglo XXI. Pero en realidad s\u00f3lo pag\u00f3 cinco y luego se dedic\u00f3 a explotarlo en su beneficio, sin poner un centavo m\u00e1s.<\/h3>\n<h3>Abri\u00f3 un centro de transferencia embrionaria de equinos llamado \u2018El Cabur\u00e9\u2019, que cerr\u00f3 durante la pandemia, pero sigui\u00f3 criando caballos y, en los \u00faltimos a\u00f1os, cultivando ma\u00edz sin cumplir con lo pactado. Incluso hay sospechas de que terceriz\u00f3 algunos negocios, algo que ya est\u00e1 investigando la secretar\u00eda de \u00c9tica P\u00fablica y Control de Gesti\u00f3n.<\/h3>\n<h3><img fetchpriority=\"high\" decoding=\"async\" class=\"wp-image-15325 aligncenter\" src=\"https:\/\/apuntesdesanluis.com\/wp-content\/uploads\/2024\/04\/BAZLA-2-300x206.png\" alt=\"\" width=\"660\" height=\"453\" srcset=\"https:\/\/apuntesdesanluis.com\/wp-content\/uploads\/2024\/04\/BAZLA-2-300x206.png 300w, https:\/\/apuntesdesanluis.com\/wp-content\/uploads\/2024\/04\/BAZLA-2.png 627w\" sizes=\"(max-width: 660px) 100vw, 660px\" \/><\/h3>\n<h3>El problema para todos los sanluise\u00f1os es que la gesti\u00f3n anterior, si bien inici\u00f3 el tr\u00e1mite administrativo nunca desaloj\u00f3 a quienes incumplieron con su compromiso, y les dej\u00f3 que sigan con sus negocios particulares, perjudicando al Estado, verdadero due\u00f1o del campo.<\/h3>\n<h3>Justamente el titular de la secretar\u00eda, <strong>Ricardo Bazla<\/strong>, encabez\u00f3 el operativo para recuperar el patrimonio del Estado. Acompa\u00f1ado por efectivos policiales, una escribana del Gobierno y Dar\u00edo Oviedo, quien es el director de \u00c9tica y Legalidad, lleg\u00f3 este viernes al campo para notificar al \u00fanico morador, un encargado de cuidar los caballos que estaba acompa\u00f1ado por su hijo, que volv\u00eda a ser propiedad de la Provincia, exhibi\u00e9ndole los decretos que as\u00ed lo confirman.<\/h3>\n<h3>El Gobierno le ceder\u00e1 las casi dos mil hect\u00e1reas al ministerio de Desarrollo Productivo, que eval\u00faa diversas opciones, una de ellas es que lo maneje Sol Puntano.<\/h3>\n<p>&nbsp;<\/p>\n<p>&nbsp;<\/p>\n<p>&nbsp;<\/p>\n<p>&nbsp;<\/p>\n","protected":false},"excerpt":{"rendered":"<p>Se trata de una extensi\u00f3n de 1.997 hect\u00e1reas que le compr\u00f3 un particular en 2009,&#8230;<\/p>\n","protected":false},"author":1,"featured_media":15324,"comment_status":"closed","ping_status":"closed","sticky":false,"template":"","format":"standard","meta":{"footnotes":""},"categories":[6],"tags":[],"class_list":["post-15323","post","type-post","status-publish","format-standard","has-post-thumbnail","hentry","category-ciudad-provincia"],"yoast_head":"<!-- This site is optimized with the Yoast SEO plugin v26.1.1 - https:\/\/yoast.com\/wordpress\/plugins\/seo\/ -->\n<title>LA PROVINCIA RECUPER\u00d3 UN CAMPO DE CASI 2.000 HA QUE HAB\u00cdA VENDIDO Y NUNCA COBR\u00d3 - Apuntes de San Luis<\/title>\n<meta name=\"robots\" content=\"index, follow, max-snippet:-1, max-image-preview:large, max-video-preview:-1\" \/>\n<link rel=\"canonical\" href=\"https:\/\/apuntesdesanluis.com\/index.php\/2024\/04\/26\/la-provincia-recupero-un-campo-de-casi-2-000-ha-que-habia-vendido-y-nunca-cobro\/\" \/>\n<meta property=\"og:locale\" content=\"es_ES\" \/>\n<meta property=\"og:type\" content=\"article\" \/>\n<meta property=\"og:title\" content=\"LA PROVINCIA RECUPER\u00d3 UN CAMPO DE CASI 2.000 HA QUE HAB\u00cdA VENDIDO Y NUNCA COBR\u00d3 - Apuntes de San Luis\" \/>\n<meta property=\"og:description\" content=\"Se trata de una extensi\u00f3n de 1.997 hect\u00e1reas que le compr\u00f3 un particular en 2009,...\" \/>\n<meta property=\"og:url\" content=\"https:\/\/apuntesdesanluis.com\/index.php\/2024\/04\/26\/la-provincia-recupero-un-campo-de-casi-2-000-ha-que-habia-vendido-y-nunca-cobro\/\" \/>\n<meta property=\"og:site_name\" content=\"Apuntes de San Luis\" \/>\n<meta property=\"article:published_time\" content=\"2024-04-27T00:22:25+00:00\" \/>\n<meta property=\"og:image\" content=\"https:\/\/apuntesdesanluis.com\/wp-content\/uploads\/2024\/04\/BAZLA-1.png\" \/>\n\t<meta property=\"og:image:width\" content=\"568\" \/>\n\t<meta property=\"og:image:height\" content=\"346\" \/>\n\t<meta property=\"og:image:type\" content=\"image\/png\" \/>\n<meta name=\"author\" content=\"apuntesdesanluis.com\" \/>\n<meta name=\"twitter:card\" content=\"summary_large_image\" \/>\n<meta name=\"twitter:label1\" content=\"Escrito por\" \/>\n\t<meta name=\"twitter:data1\" content=\"apuntesdesanluis.com\" \/>\n\t<meta name=\"twitter:label2\" content=\"Tiempo de lectura\" \/>\n\t<meta name=\"twitter:data2\" content=\"2 minutos\" \/>\n<script type=\"application\/ld+json\" class=\"yoast-schema-graph\">{\"@context\":\"https:\/\/schema.org\",\"@graph\":[{\"@type\":\"Article\",\"@id\":\"https:\/\/apuntesdesanluis.com\/index.php\/2024\/04\/26\/la-provincia-recupero-un-campo-de-casi-2-000-ha-que-habia-vendido-y-nunca-cobro\/#article\",\"isPartOf\":{\"@id\":\"https:\/\/apuntesdesanluis.com\/index.php\/2024\/04\/26\/la-provincia-recupero-un-campo-de-casi-2-000-ha-que-habia-vendido-y-nunca-cobro\/\"},\"author\":{\"name\":\"apuntesdesanluis.com\",\"@id\":\"https:\/\/apuntesdesanluis.com\/#\/schema\/person\/b55151d52296fcce64d1a72538a70b90\"},\"headline\":\"LA PROVINCIA RECUPER\u00d3 UN CAMPO DE CASI 2.000 HA QUE HAB\u00cdA VENDIDO Y NUNCA COBR\u00d3\",\"datePublished\":\"2024-04-27T00:22:25+00:00\",\"mainEntityOfPage\":{\"@id\":\"https:\/\/apuntesdesanluis.com\/index.php\/2024\/04\/26\/la-provincia-recupero-un-campo-de-casi-2-000-ha-que-habia-vendido-y-nunca-cobro\/\"},\"wordCount\":395,\"publisher\":{\"@id\":\"https:\/\/apuntesdesanluis.com\/#\/schema\/person\/b55151d52296fcce64d1a72538a70b90\"},\"image\":{\"@id\":\"https:\/\/apuntesdesanluis.com\/index.php\/2024\/04\/26\/la-provincia-recupero-un-campo-de-casi-2-000-ha-que-habia-vendido-y-nunca-cobro\/#primaryimage\"},\"thumbnailUrl\":\"https:\/\/apuntesdesanluis.com\/wp-content\/uploads\/2024\/04\/BAZLA-1.png\",\"articleSection\":[\"Ciudad\/Provincia\"],\"inLanguage\":\"es-AR\"},{\"@type\":\"WebPage\",\"@id\":\"https:\/\/apuntesdesanluis.com\/index.php\/2024\/04\/26\/la-provincia-recupero-un-campo-de-casi-2-000-ha-que-habia-vendido-y-nunca-cobro\/\",\"url\":\"https:\/\/apuntesdesanluis.com\/index.php\/2024\/04\/26\/la-provincia-recupero-un-campo-de-casi-2-000-ha-que-habia-vendido-y-nunca-cobro\/\",\"name\":\"LA PROVINCIA RECUPER\u00d3 UN CAMPO DE CASI 2.000 HA QUE HAB\u00cdA VENDIDO Y NUNCA COBR\u00d3 - Apuntes de San Luis\",\"isPartOf\":{\"@id\":\"https:\/\/apuntesdesanluis.com\/#website\"},\"primaryImageOfPage\":{\"@id\":\"https:\/\/apuntesdesanluis.com\/index.php\/2024\/04\/26\/la-provincia-recupero-un-campo-de-casi-2-000-ha-que-habia-vendido-y-nunca-cobro\/#primaryimage\"},\"image\":{\"@id\":\"https:\/\/apuntesdesanluis.com\/index.php\/2024\/04\/26\/la-provincia-recupero-un-campo-de-casi-2-000-ha-que-habia-vendido-y-nunca-cobro\/#primaryimage\"},\"thumbnailUrl\":\"https:\/\/apuntesdesanluis.com\/wp-content\/uploads\/2024\/04\/BAZLA-1.png\",\"datePublished\":\"2024-04-27T00:22:25+00:00\",\"breadcrumb\":{\"@id\":\"https:\/\/apuntesdesanluis.com\/index.php\/2024\/04\/26\/la-provincia-recupero-un-campo-de-casi-2-000-ha-que-habia-vendido-y-nunca-cobro\/#breadcrumb\"},\"inLanguage\":\"es-AR\",\"potentialAction\":[{\"@type\":\"ReadAction\",\"target\":[\"https:\/\/apuntesdesanluis.com\/index.php\/2024\/04\/26\/la-provincia-recupero-un-campo-de-casi-2-000-ha-que-habia-vendido-y-nunca-cobro\/\"]}]},{\"@type\":\"ImageObject\",\"inLanguage\":\"es-AR\",\"@id\":\"https:\/\/apuntesdesanluis.com\/index.php\/2024\/04\/26\/la-provincia-recupero-un-campo-de-casi-2-000-ha-que-habia-vendido-y-nunca-cobro\/#primaryimage\",\"url\":\"https:\/\/apuntesdesanluis.com\/wp-content\/uploads\/2024\/04\/BAZLA-1.png\",\"contentUrl\":\"https:\/\/apuntesdesanluis.com\/wp-content\/uploads\/2024\/04\/BAZLA-1.png\",\"width\":568,\"height\":346},{\"@type\":\"BreadcrumbList\",\"@id\":\"https:\/\/apuntesdesanluis.com\/index.php\/2024\/04\/26\/la-provincia-recupero-un-campo-de-casi-2-000-ha-que-habia-vendido-y-nunca-cobro\/#breadcrumb\",\"itemListElement\":[{\"@type\":\"ListItem\",\"position\":1,\"name\":\"Inicio\",\"item\":\"https:\/\/apuntesdesanluis.com\/\"},{\"@type\":\"ListItem\",\"position\":2,\"name\":\"LA PROVINCIA RECUPER\u00d3 UN CAMPO DE CASI 2.000 HA QUE HAB\u00cdA VENDIDO Y NUNCA COBR\u00d3\"}]},{\"@type\":\"WebSite\",\"@id\":\"https:\/\/apuntesdesanluis.com\/#website\",\"url\":\"https:\/\/apuntesdesanluis.com\/\",\"name\":\"Apuntes de San Luis\",\"description\":\"\",\"publisher\":{\"@id\":\"https:\/\/apuntesdesanluis.com\/#\/schema\/person\/b55151d52296fcce64d1a72538a70b90\"},\"potentialAction\":[{\"@type\":\"SearchAction\",\"target\":{\"@type\":\"EntryPoint\",\"urlTemplate\":\"https:\/\/apuntesdesanluis.com\/?s={search_term_string}\"},\"query-input\":{\"@type\":\"PropertyValueSpecification\",\"valueRequired\":true,\"valueName\":\"search_term_string\"}}],\"inLanguage\":\"es-AR\"},{\"@type\":[\"Person\",\"Organization\"],\"@id\":\"https:\/\/apuntesdesanluis.com\/#\/schema\/person\/b55151d52296fcce64d1a72538a70b90\",\"name\":\"apuntesdesanluis.com\",\"image\":{\"@type\":\"ImageObject\",\"inLanguage\":\"es-AR\",\"@id\":\"https:\/\/apuntesdesanluis.com\/#\/schema\/person\/image\/\",\"url\":\"https:\/\/apuntesdesanluis.com\/wp-content\/uploads\/2023\/07\/cropped-apuntesdesanluis.png\",\"contentUrl\":\"https:\/\/apuntesdesanluis.com\/wp-content\/uploads\/2023\/07\/cropped-apuntesdesanluis.png\",\"width\":450,\"height\":112,\"caption\":\"apuntesdesanluis.com\"},\"logo\":{\"@id\":\"https:\/\/apuntesdesanluis.com\/#\/schema\/person\/image\/\"},\"sameAs\":[\"https:\/\/apuntesdesanluis.com\"],\"url\":\"https:\/\/apuntesdesanluis.com\/index.php\/author\/apuntesdesanluis-com\/\"}]}<\/script>\n<!-- \/ Yoast SEO plugin. -->","yoast_head_json":{"title":"LA PROVINCIA RECUPER\u00d3 UN CAMPO DE CASI 2.000 HA QUE HAB\u00cdA VENDIDO Y NUNCA COBR\u00d3 - Apuntes de San Luis","robots":{"index":"index","follow":"follow","max-snippet":"max-snippet:-1","max-image-preview":"max-image-preview:large","max-video-preview":"max-video-preview:-1"},"canonical":"https:\/\/apuntesdesanluis.com\/index.php\/2024\/04\/26\/la-provincia-recupero-un-campo-de-casi-2-000-ha-que-habia-vendido-y-nunca-cobro\/","og_locale":"es_ES","og_type":"article","og_title":"LA PROVINCIA RECUPER\u00d3 UN CAMPO DE CASI 2.000 HA QUE HAB\u00cdA VENDIDO Y NUNCA COBR\u00d3 - Apuntes de San Luis","og_description":"Se trata de una extensi\u00f3n de 1.997 hect\u00e1reas que le compr\u00f3 un particular en 2009,...","og_url":"https:\/\/apuntesdesanluis.com\/index.php\/2024\/04\/26\/la-provincia-recupero-un-campo-de-casi-2-000-ha-que-habia-vendido-y-nunca-cobro\/","og_site_name":"Apuntes de San Luis","article_published_time":"2024-04-27T00:22:25+00:00","og_image":[{"width":568,"height":346,"url":"https:\/\/apuntesdesanluis.com\/wp-content\/uploads\/2024\/04\/BAZLA-1.png","type":"image\/png"}],"author":"apuntesdesanluis.com","twitter_card":"summary_large_image","twitter_misc":{"Escrito por":"apuntesdesanluis.com","Tiempo de lectura":"2 minutos"},"schema":{"@context":"https:\/\/schema.org","@graph":[{"@type":"Article","@id":"https:\/\/apuntesdesanluis.com\/index.php\/2024\/04\/26\/la-provincia-recupero-un-campo-de-casi-2-000-ha-que-habia-vendido-y-nunca-cobro\/#article","isPartOf":{"@id":"https:\/\/apuntesdesanluis.com\/index.php\/2024\/04\/26\/la-provincia-recupero-un-campo-de-casi-2-000-ha-que-habia-vendido-y-nunca-cobro\/"},"author":{"name":"apuntesdesanluis.com","@id":"https:\/\/apuntesdesanluis.com\/#\/schema\/person\/b55151d52296fcce64d1a72538a70b90"},"headline":"LA PROVINCIA RECUPER\u00d3 UN CAMPO DE CASI 2.000 HA QUE HAB\u00cdA VENDIDO Y NUNCA COBR\u00d3","datePublished":"2024-04-27T00:22:25+00:00","mainEntityOfPage":{"@id":"https:\/\/apuntesdesanluis.com\/index.php\/2024\/04\/26\/la-provincia-recupero-un-campo-de-casi-2-000-ha-que-habia-vendido-y-nunca-cobro\/"},"wordCount":395,"publisher":{"@id":"https:\/\/apuntesdesanluis.com\/#\/schema\/person\/b55151d52296fcce64d1a72538a70b90"},"image":{"@id":"https:\/\/apuntesdesanluis.com\/index.php\/2024\/04\/26\/la-provincia-recupero-un-campo-de-casi-2-000-ha-que-habia-vendido-y-nunca-cobro\/#primaryimage"},"thumbnailUrl":"https:\/\/apuntesdesanluis.com\/wp-content\/uploads\/2024\/04\/BAZLA-1.png","articleSection":["Ciudad\/Provincia"],"inLanguage":"es-AR"},{"@type":"WebPage","@id":"https:\/\/apuntesdesanluis.com\/index.php\/2024\/04\/26\/la-provincia-recupero-un-campo-de-casi-2-000-ha-que-habia-vendido-y-nunca-cobro\/","url":"https:\/\/apuntesdesanluis.com\/index.php\/2024\/04\/26\/la-provincia-recupero-un-campo-de-casi-2-000-ha-que-habia-vendido-y-nunca-cobro\/","name":"LA PROVINCIA RECUPER\u00d3 UN CAMPO DE CASI 2.000 HA QUE HAB\u00cdA VENDIDO Y NUNCA COBR\u00d3 - Apuntes de San Luis","isPartOf":{"@id":"https:\/\/apuntesdesanluis.com\/#website"},"primaryImageOfPage":{"@id":"https:\/\/apuntesdesanluis.com\/index.php\/2024\/04\/26\/la-provincia-recupero-un-campo-de-casi-2-000-ha-que-habia-vendido-y-nunca-cobro\/#primaryimage"},"image":{"@id":"https:\/\/apuntesdesanluis.com\/index.php\/2024\/04\/26\/la-provincia-recupero-un-campo-de-casi-2-000-ha-que-habia-vendido-y-nunca-cobro\/#primaryimage"},"thumbnailUrl":"https:\/\/apuntesdesanluis.com\/wp-content\/uploads\/2024\/04\/BAZLA-1.png","datePublished":"2024-04-27T00:22:25+00:00","breadcrumb":{"@id":"https:\/\/apuntesdesanluis.com\/index.php\/2024\/04\/26\/la-provincia-recupero-un-campo-de-casi-2-000-ha-que-habia-vendido-y-nunca-cobro\/#breadcrumb"},"inLanguage":"es-AR","potentialAction":[{"@type":"ReadAction","target":["https:\/\/apuntesdesanluis.com\/index.php\/2024\/04\/26\/la-provincia-recupero-un-campo-de-casi-2-000-ha-que-habia-vendido-y-nunca-cobro\/"]}]},{"@type":"ImageObject","inLanguage":"es-AR","@id":"https:\/\/apuntesdesanluis.com\/index.php\/2024\/04\/26\/la-provincia-recupero-un-campo-de-casi-2-000-ha-que-habia-vendido-y-nunca-cobro\/#primaryimage","url":"https:\/\/apuntesdesanluis.com\/wp-content\/uploads\/2024\/04\/BAZLA-1.png","contentUrl":"https:\/\/apuntesdesanluis.com\/wp-content\/uploads\/2024\/04\/BAZLA-1.png","width":568,"height":346},{"@type":"BreadcrumbList","@id":"https:\/\/apuntesdesanluis.com\/index.php\/2024\/04\/26\/la-provincia-recupero-un-campo-de-casi-2-000-ha-que-habia-vendido-y-nunca-cobro\/#breadcrumb","itemListElement":[{"@type":"ListItem","position":1,"name":"Inicio","item":"https:\/\/apuntesdesanluis.com\/"},{"@type":"ListItem","position":2,"name":"LA PROVINCIA RECUPER\u00d3 UN CAMPO DE CASI 2.000 HA QUE HAB\u00cdA VENDIDO Y NUNCA COBR\u00d3"}]},{"@type":"WebSite","@id":"https:\/\/apuntesdesanluis.com\/#website","url":"https:\/\/apuntesdesanluis.com\/","name":"Apuntes de San Luis","description":"","publisher":{"@id":"https:\/\/apuntesdesanluis.com\/#\/schema\/person\/b55151d52296fcce64d1a72538a70b90"},"potentialAction":[{"@type":"SearchAction","target":{"@type":"EntryPoint","urlTemplate":"https:\/\/apuntesdesanluis.com\/?s={search_term_string}"},"query-input":{"@type":"PropertyValueSpecification","valueRequired":true,"valueName":"search_term_string"}}],"inLanguage":"es-AR"},{"@type":["Person","Organization"],"@id":"https:\/\/apuntesdesanluis.com\/#\/schema\/person\/b55151d52296fcce64d1a72538a70b90","name":"apuntesdesanluis.com","image":{"@type":"ImageObject","inLanguage":"es-AR","@id":"https:\/\/apuntesdesanluis.com\/#\/schema\/person\/image\/","url":"https:\/\/apuntesdesanluis.com\/wp-content\/uploads\/2023\/07\/cropped-apuntesdesanluis.png","contentUrl":"https:\/\/apuntesdesanluis.com\/wp-content\/uploads\/2023\/07\/cropped-apuntesdesanluis.png","width":450,"height":112,"caption":"apuntesdesanluis.com"},"logo":{"@id":"https:\/\/apuntesdesanluis.com\/#\/schema\/person\/image\/"},"sameAs":["https:\/\/apuntesdesanluis.com"],"url":"https:\/\/apuntesdesanluis.com\/index.php\/author\/apuntesdesanluis-com\/"}]}},"featured_image_urls":{"full":["https:\/\/apuntesdesanluis.com\/wp-content\/uploads\/2024\/04\/BAZLA-1.png",568,346,false],"thumbnail":["https:\/\/apuntesdesanluis.com\/wp-content\/uploads\/2024\/04\/BAZLA-1-150x150.png",150,150,true],"medium":["https:\/\/apuntesdesanluis.com\/wp-content\/uploads\/2024\/04\/BAZLA-1-300x183.png",300,183,true],"medium_large":["https:\/\/apuntesdesanluis.com\/wp-content\/uploads\/2024\/04\/BAZLA-1.png",568,346,false],"large":["https:\/\/apuntesdesanluis.com\/wp-content\/uploads\/2024\/04\/BAZLA-1.png",568,346,false],"1536x1536":["https:\/\/apuntesdesanluis.com\/wp-content\/uploads\/2024\/04\/BAZLA-1.png",568,346,false],"2048x2048":["https:\/\/apuntesdesanluis.com\/wp-content\/uploads\/2024\/04\/BAZLA-1.png",568,346,false],"newsever-slider-full":["https:\/\/apuntesdesanluis.com\/wp-content\/uploads\/2024\/04\/BAZLA-1.png",568,346,false],"newsever-featured":["https:\/\/apuntesdesanluis.com\/wp-content\/uploads\/2024\/04\/BAZLA-1.png",568,346,false],"newsever-medium":["https:\/\/apuntesdesanluis.com\/wp-content\/uploads\/2024\/04\/BAZLA-1.png",568,346,false]},"author_info":{"display_name":"apuntesdesanluis.com","author_link":"https:\/\/apuntesdesanluis.com\/index.php\/author\/apuntesdesanluis-com\/"},"category_info":"<a href=\"https:\/\/apuntesdesanluis.com\/index.php\/category\/ciudad-provincia\/\" rel=\"category tag\">Ciudad\/Provincia<\/a>","tag_info":"Ciudad\/Provincia","comment_count":"0","_links":{"self":[{"href":"https:\/\/apuntesdesanluis.com\/index.php\/wp-json\/wp\/v2\/posts\/15323","targetHints":{"allow":["GET"]}}],"collection":[{"href":"https:\/\/apuntesdesanluis.com\/index.php\/wp-json\/wp\/v2\/posts"}],"about":[{"href":"https:\/\/apuntesdesanluis.com\/index.php\/wp-json\/wp\/v2\/types\/post"}],"author":[{"embeddable":true,"href":"https:\/\/apuntesdesanluis.com\/index.php\/wp-json\/wp\/v2\/users\/1"}],"replies":[{"embeddable":true,"href":"https:\/\/apuntesdesanluis.com\/index.php\/wp-json\/wp\/v2\/comments?post=15323"}],"version-history":[{"count":1,"href":"https:\/\/apuntesdesanluis.com\/index.php\/wp-json\/wp\/v2\/posts\/15323\/revisions"}],"predecessor-version":[{"id":15326,"href":"https:\/\/apuntesdesanluis.com\/index.php\/wp-json\/wp\/v2\/posts\/15323\/revisions\/15326"}],"wp:featuredmedia":[{"embeddable":true,"href":"https:\/\/apuntesdesanluis.com\/index.php\/wp-json\/wp\/v2\/media\/15324"}],"wp:attachment":[{"href":"https:\/\/apuntesdesanluis.com\/index.php\/wp-json\/wp\/v2\/media?parent=15323"}],"wp:term":[{"taxonomy":"category","embeddable":true,"href":"https:\/\/apuntesdesanluis.com\/index.php\/wp-json\/wp\/v2\/categories?post=15323"},{"taxonomy":"post_tag","embeddable":true,"href":"https:\/\/apuntesdesanluis.com\/index.php\/wp-json\/wp\/v2\/tags?post=15323"}],"curies":[{"name":"wp","href":"https:\/\/api.w.org\/{rel}","templated":true}]}}