{"id":15333,"date":"2024-04-26T08:46:27","date_gmt":"2024-04-26T11:46:27","guid":{"rendered":"https:\/\/apuntesdesanluis.com\/?p=15333"},"modified":"2024-04-27T08:49:43","modified_gmt":"2024-04-27T11:49:43","slug":"estudiantes-de-villa-mercedes-fueron-diputados-por-un-dia","status":"publish","type":"post","link":"https:\/\/apuntesdesanluis.com\/index.php\/2024\/04\/26\/estudiantes-de-villa-mercedes-fueron-diputados-por-un-dia\/","title":{"rendered":"ESTUDIANTES DE VILLA MERCEDES FUERON &#8220;DIPUTADOS POR UN D\u00cdA&#8221;"},"content":{"rendered":"<h3>Los alumnos de la <strong>Escuela N\u00b0 431 \u2018\u00c1ngela Nelly Chenau de Vecino\u2019<\/strong> vivieron la experiencia de ser legisladores provinciales durante toda una jornada y presentaron sus propios proyectos de ley. La actividad fue organizada por la secretar\u00eda de Estado de Asuntos Institucionales y Enlace Parlamentario, que ocupa <strong>Jos\u00e9 Giraudo<\/strong>, en conjunto con la <strong>Legislatura de San Luis<\/strong>.<\/h3>\n<h3>La experiencia comenz\u00f3 con una visita al Senado, donde fueron recibidos por el vicegobernador de la provincia, <strong>Ricardo Endeiza<\/strong>, quien comparti\u00f3 con ellos la importancia del trabajo parlamentario.<\/h3>\n<h3><img fetchpriority=\"high\" decoding=\"async\" class=\"wp-image-15334 aligncenter\" src=\"https:\/\/apuntesdesanluis.com\/wp-content\/uploads\/2024\/04\/Endeiza.-Senado.-Explicando-300x200.jpg\" alt=\"\" width=\"597\" height=\"398\" srcset=\"https:\/\/apuntesdesanluis.com\/wp-content\/uploads\/2024\/04\/Endeiza.-Senado.-Explicando-300x200.jpg 300w, https:\/\/apuntesdesanluis.com\/wp-content\/uploads\/2024\/04\/Endeiza.-Senado.-Explicando.jpg 600w\" sizes=\"(max-width: 597px) 100vw, 597px\" \/><\/h3>\n<h3>Posteriormente, los estudiantes recorrieron la C\u00e1mara de Diputados, donde recibieron informaci\u00f3n detallada sobre su funcionamiento de parte del presidente, <strong>Alberto Leyes<\/strong>, y el secretario de Asuntos Institucionales y Enlace Parlamentario, <strong>Jos\u00e9 Giraudo<\/strong>. Se les explic\u00f3 sobre taquigraf\u00eda y c\u00f3mo realizar intervenciones y pedir la palabra correctamente, poni\u00e9ndolo en pr\u00e1ctica, adem\u00e1s de conversar sobre el papel de las mujeres diputadas en la historia legislativa.<\/h3>\n<h3>Al mediod\u00eda, el grupo se traslad\u00f3 a la Casa de Gobierno y recorrieron de forma guiada las instalaciones. En la Secretar\u00eda de Legal y T\u00e9cnica aprendieron sobre leyes y decretos, adem\u00e1s de la relevancia del Bolet\u00edn Oficial como fuente de informaci\u00f3n ciudadana. Tambi\u00e9n sostuvieron una breve charla con el equipo de la Secretar\u00eda de \u00c9tica P\u00fablica y Control de Gesti\u00f3n, enriqueciendo su comprensi\u00f3n sobre la responsabilidad p\u00fablica.<\/h3>\n<h3><img decoding=\"async\" class=\"wp-image-15335 aligncenter\" src=\"https:\/\/apuntesdesanluis.com\/wp-content\/uploads\/2024\/04\/Diputada-Causi-300x223.jpg\" alt=\"\" width=\"603\" height=\"448\" srcset=\"https:\/\/apuntesdesanluis.com\/wp-content\/uploads\/2024\/04\/Diputada-Causi-300x223.jpg 300w, https:\/\/apuntesdesanluis.com\/wp-content\/uploads\/2024\/04\/Diputada-Causi.jpg 504w\" sizes=\"(max-width: 603px) 100vw, 603px\" \/><\/h3>\n<h3>Al regresar a la Legislatura provincial, disfrutaron de un almuerzo en el Sal\u00f3n Azul de la Puntanidad, donde charlaron con H\u00e9ctor Torino, exsenador nacional por San Luis, quien comparti\u00f3 su experiencia con ellos.<\/h3>\n<h3>Luego, se dio por iniciada la sesi\u00f3n legislativa que se extendi\u00f3 por casi cuatro horas, donde respetaron el protocolo existente y asumieron el rol de diputados, conformando distintos bloques con sus respectivos presidentes. All\u00ed presentaron y discutieron proyectos de ley elaborados por ellos mismos:<\/h3>\n<h3>1) Proyecto de Ley sobre Salud Mental en las Instituciones.<\/h3>\n<h3>2) Proyecto de Ley sobre Integraci\u00f3n e Inclusi\u00f3n de personas con discapacidad y neurodivergencia en las Instituciones.<\/h3>\n<h3>3) Proyecto de Ley sobre Pasant\u00edas Educativas.<\/h3>\n<h3>4) Proyecto de Ley de \u201cProtecci\u00f3n de la Biodiversidad Puntana\u201d.<\/h3>\n<h3>5) Proyecto de Ley de \u201cImplementaci\u00f3n de ESI como Materia\u201d.<\/h3>\n<h3>6) Proyecto de Ley de \u201cDisposici\u00f3n de Centros de Psicopedagogos\u201d.<\/h3>\n<h3>7) Proyecto de Ley de \u201cEstacionamiento para personas con discapacidad\u201d.<\/h3>\n<h3>8) Proyecto de Ley Juvenil de trabajo.<\/h3>\n<h3>9) Proyecto de Ley de Productos de Higiene Femenina.<\/h3>\n<h3>10) Proyecto de Ley de \u201cReducci\u00f3n de la edad de Imputabilidad en Menores\u201d.<\/h3>\n<h3>11) Proyecto de Ley de \u201cExtender la beca al M\u00e9rito a los abanderados y escoltas de la bandera de la Provincia\u201d.<\/h3>\n<h3>12) Proyecto de Ley de \u201cIdoneidad de los Diputados\u201d.<\/h3>\n<h3><img decoding=\"async\" class=\"wp-image-15336 aligncenter\" src=\"https:\/\/apuntesdesanluis.com\/wp-content\/uploads\/2024\/04\/Giruado.-Alumnos.-Poder-Legislativo-300x200.jpg\" alt=\"\" width=\"660\" height=\"440\" srcset=\"https:\/\/apuntesdesanluis.com\/wp-content\/uploads\/2024\/04\/Giruado.-Alumnos.-Poder-Legislativo-300x200.jpg 300w, https:\/\/apuntesdesanluis.com\/wp-content\/uploads\/2024\/04\/Giruado.-Alumnos.-Poder-Legislativo-1024x683.jpg 1024w, https:\/\/apuntesdesanluis.com\/wp-content\/uploads\/2024\/04\/Giruado.-Alumnos.-Poder-Legislativo-768x512.jpg 768w, https:\/\/apuntesdesanluis.com\/wp-content\/uploads\/2024\/04\/Giruado.-Alumnos.-Poder-Legislativo-1536x1024.jpg 1536w, https:\/\/apuntesdesanluis.com\/wp-content\/uploads\/2024\/04\/Giruado.-Alumnos.-Poder-Legislativo-2048x1366.jpg 2048w\" sizes=\"(max-width: 660px) 100vw, 660px\" \/><\/h3>\n<h3>La actividad les brind\u00f3 la oportunidad de explorar de primera mano el funcionamiento del Poder Legislativo y participar activamente en el debate sobre proyectos de ley relevantes para la comunidad, fomentando la capacidad de llegar a acuerdos y consensos entre los participantes.<\/h3>\n<h3>En el evento estuvieron presentes legisladores provinciales, entre ellos Adolfo Castro Luna, Martin Olivero, Ver\u00f3nica Causi, Maia Loredo, Claudia D\u00edaz, Luciana Perano y Marisa Patafio, representantes del ministerio de Educaci\u00f3n y funcionarios de la secretar\u00eda de Estado de Asuntos Institucionales y Enlace Parlamentario. Tambi\u00e9n se cont\u00f3 con la colaboraci\u00f3n de la secretar\u00eda de Deporte y la secretar\u00eda de Transporte para el traslado de los estudiantes.<\/h3>\n<h3>Al concluir la actividad, se les entregaron certificados de participaci\u00f3n firmados por el presidente de la C\u00e1mara de Diputados, el presidente de Senadores y el gobernador, Claudio Poggi.<\/h3>\n<p><img loading=\"lazy\" decoding=\"async\" class=\"wp-image-15337 aligncenter\" src=\"https:\/\/apuntesdesanluis.com\/wp-content\/uploads\/2024\/04\/Poder-Legislativo.-Completo-2048x1366-1-300x198.jpg\" alt=\"\" width=\"648\" height=\"428\" srcset=\"https:\/\/apuntesdesanluis.com\/wp-content\/uploads\/2024\/04\/Poder-Legislativo.-Completo-2048x1366-1-300x198.jpg 300w, https:\/\/apuntesdesanluis.com\/wp-content\/uploads\/2024\/04\/Poder-Legislativo.-Completo-2048x1366-1.jpg 600w\" sizes=\"(max-width: 648px) 100vw, 648px\" \/><\/p>\n<p>&nbsp;<\/p>\n<p>&nbsp;<\/p>\n<p>&nbsp;<\/p>\n","protected":false},"excerpt":{"rendered":"<p>Los alumnos de la Escuela N\u00b0 431 \u2018\u00c1ngela Nelly Chenau de Vecino\u2019 vivieron la experiencia&#8230;<\/p>\n","protected":false},"author":1,"featured_media":15341,"comment_status":"closed","ping_status":"closed","sticky":false,"template":"","format":"standard","meta":{"footnotes":""},"categories":[6],"tags":[],"class_list":["post-15333","post","type-post","status-publish","format-standard","has-post-thumbnail","hentry","category-ciudad-provincia"],"yoast_head":"<!-- This site is optimized with the Yoast SEO plugin v26.1.1 - https:\/\/yoast.com\/wordpress\/plugins\/seo\/ -->\n<title>ESTUDIANTES DE VILLA MERCEDES FUERON &quot;DIPUTADOS POR UN D\u00cdA&quot; - Apuntes de San Luis<\/title>\n<meta name=\"robots\" content=\"index, follow, max-snippet:-1, max-image-preview:large, max-video-preview:-1\" \/>\n<link rel=\"canonical\" href=\"https:\/\/apuntesdesanluis.com\/index.php\/2024\/04\/26\/estudiantes-de-villa-mercedes-fueron-diputados-por-un-dia\/\" \/>\n<meta property=\"og:locale\" content=\"es_ES\" \/>\n<meta property=\"og:type\" content=\"article\" \/>\n<meta property=\"og:title\" content=\"ESTUDIANTES DE VILLA MERCEDES FUERON &quot;DIPUTADOS POR UN D\u00cdA&quot; - Apuntes de San Luis\" \/>\n<meta property=\"og:description\" content=\"Los alumnos de la Escuela N\u00b0 431 \u2018\u00c1ngela Nelly Chenau de Vecino\u2019 vivieron la experiencia...\" \/>\n<meta property=\"og:url\" content=\"https:\/\/apuntesdesanluis.com\/index.php\/2024\/04\/26\/estudiantes-de-villa-mercedes-fueron-diputados-por-un-dia\/\" \/>\n<meta property=\"og:site_name\" content=\"Apuntes de San Luis\" \/>\n<meta property=\"article:published_time\" content=\"2024-04-26T11:46:27+00:00\" \/>\n<meta property=\"article:modified_time\" content=\"2024-04-27T11:49:43+00:00\" \/>\n<meta property=\"og:image\" content=\"https:\/\/apuntesdesanluis.com\/wp-content\/uploads\/2024\/04\/dipu-chicos.png\" \/>\n\t<meta property=\"og:image:width\" content=\"600\" \/>\n\t<meta property=\"og:image:height\" content=\"363\" \/>\n\t<meta property=\"og:image:type\" content=\"image\/png\" \/>\n<meta name=\"author\" content=\"apuntesdesanluis.com\" \/>\n<meta name=\"twitter:card\" content=\"summary_large_image\" \/>\n<meta name=\"twitter:label1\" content=\"Escrito por\" \/>\n\t<meta name=\"twitter:data1\" content=\"apuntesdesanluis.com\" \/>\n\t<meta name=\"twitter:label2\" content=\"Tiempo de lectura\" \/>\n\t<meta name=\"twitter:data2\" content=\"4 minutos\" \/>\n<script type=\"application\/ld+json\" class=\"yoast-schema-graph\">{\"@context\":\"https:\/\/schema.org\",\"@graph\":[{\"@type\":\"Article\",\"@id\":\"https:\/\/apuntesdesanluis.com\/index.php\/2024\/04\/26\/estudiantes-de-villa-mercedes-fueron-diputados-por-un-dia\/#article\",\"isPartOf\":{\"@id\":\"https:\/\/apuntesdesanluis.com\/index.php\/2024\/04\/26\/estudiantes-de-villa-mercedes-fueron-diputados-por-un-dia\/\"},\"author\":{\"name\":\"apuntesdesanluis.com\",\"@id\":\"https:\/\/apuntesdesanluis.com\/#\/schema\/person\/b55151d52296fcce64d1a72538a70b90\"},\"headline\":\"ESTUDIANTES DE VILLA MERCEDES FUERON &#8220;DIPUTADOS POR UN D\u00cdA&#8221;\",\"datePublished\":\"2024-04-26T11:46:27+00:00\",\"dateModified\":\"2024-04-27T11:49:43+00:00\",\"mainEntityOfPage\":{\"@id\":\"https:\/\/apuntesdesanluis.com\/index.php\/2024\/04\/26\/estudiantes-de-villa-mercedes-fueron-diputados-por-un-dia\/\"},\"wordCount\":601,\"publisher\":{\"@id\":\"https:\/\/apuntesdesanluis.com\/#\/schema\/person\/b55151d52296fcce64d1a72538a70b90\"},\"image\":{\"@id\":\"https:\/\/apuntesdesanluis.com\/index.php\/2024\/04\/26\/estudiantes-de-villa-mercedes-fueron-diputados-por-un-dia\/#primaryimage\"},\"thumbnailUrl\":\"https:\/\/apuntesdesanluis.com\/wp-content\/uploads\/2024\/04\/dipu-chicos.png\",\"articleSection\":[\"Ciudad\/Provincia\"],\"inLanguage\":\"es-AR\"},{\"@type\":\"WebPage\",\"@id\":\"https:\/\/apuntesdesanluis.com\/index.php\/2024\/04\/26\/estudiantes-de-villa-mercedes-fueron-diputados-por-un-dia\/\",\"url\":\"https:\/\/apuntesdesanluis.com\/index.php\/2024\/04\/26\/estudiantes-de-villa-mercedes-fueron-diputados-por-un-dia\/\",\"name\":\"ESTUDIANTES DE VILLA MERCEDES FUERON \\\"DIPUTADOS POR UN D\u00cdA\\\" - Apuntes de San Luis\",\"isPartOf\":{\"@id\":\"https:\/\/apuntesdesanluis.com\/#website\"},\"primaryImageOfPage\":{\"@id\":\"https:\/\/apuntesdesanluis.com\/index.php\/2024\/04\/26\/estudiantes-de-villa-mercedes-fueron-diputados-por-un-dia\/#primaryimage\"},\"image\":{\"@id\":\"https:\/\/apuntesdesanluis.com\/index.php\/2024\/04\/26\/estudiantes-de-villa-mercedes-fueron-diputados-por-un-dia\/#primaryimage\"},\"thumbnailUrl\":\"https:\/\/apuntesdesanluis.com\/wp-content\/uploads\/2024\/04\/dipu-chicos.png\",\"datePublished\":\"2024-04-26T11:46:27+00:00\",\"dateModified\":\"2024-04-27T11:49:43+00:00\",\"breadcrumb\":{\"@id\":\"https:\/\/apuntesdesanluis.com\/index.php\/2024\/04\/26\/estudiantes-de-villa-mercedes-fueron-diputados-por-un-dia\/#breadcrumb\"},\"inLanguage\":\"es-AR\",\"potentialAction\":[{\"@type\":\"ReadAction\",\"target\":[\"https:\/\/apuntesdesanluis.com\/index.php\/2024\/04\/26\/estudiantes-de-villa-mercedes-fueron-diputados-por-un-dia\/\"]}]},{\"@type\":\"ImageObject\",\"inLanguage\":\"es-AR\",\"@id\":\"https:\/\/apuntesdesanluis.com\/index.php\/2024\/04\/26\/estudiantes-de-villa-mercedes-fueron-diputados-por-un-dia\/#primaryimage\",\"url\":\"https:\/\/apuntesdesanluis.com\/wp-content\/uploads\/2024\/04\/dipu-chicos.png\",\"contentUrl\":\"https:\/\/apuntesdesanluis.com\/wp-content\/uploads\/2024\/04\/dipu-chicos.png\",\"width\":600,\"height\":363},{\"@type\":\"BreadcrumbList\",\"@id\":\"https:\/\/apuntesdesanluis.com\/index.php\/2024\/04\/26\/estudiantes-de-villa-mercedes-fueron-diputados-por-un-dia\/#breadcrumb\",\"itemListElement\":[{\"@type\":\"ListItem\",\"position\":1,\"name\":\"Inicio\",\"item\":\"https:\/\/apuntesdesanluis.com\/\"},{\"@type\":\"ListItem\",\"position\":2,\"name\":\"ESTUDIANTES DE VILLA MERCEDES FUERON &#8220;DIPUTADOS POR UN D\u00cdA&#8221;\"}]},{\"@type\":\"WebSite\",\"@id\":\"https:\/\/apuntesdesanluis.com\/#website\",\"url\":\"https:\/\/apuntesdesanluis.com\/\",\"name\":\"Apuntes de San Luis\",\"description\":\"\",\"publisher\":{\"@id\":\"https:\/\/apuntesdesanluis.com\/#\/schema\/person\/b55151d52296fcce64d1a72538a70b90\"},\"potentialAction\":[{\"@type\":\"SearchAction\",\"target\":{\"@type\":\"EntryPoint\",\"urlTemplate\":\"https:\/\/apuntesdesanluis.com\/?s={search_term_string}\"},\"query-input\":{\"@type\":\"PropertyValueSpecification\",\"valueRequired\":true,\"valueName\":\"search_term_string\"}}],\"inLanguage\":\"es-AR\"},{\"@type\":[\"Person\",\"Organization\"],\"@id\":\"https:\/\/apuntesdesanluis.com\/#\/schema\/person\/b55151d52296fcce64d1a72538a70b90\",\"name\":\"apuntesdesanluis.com\",\"image\":{\"@type\":\"ImageObject\",\"inLanguage\":\"es-AR\",\"@id\":\"https:\/\/apuntesdesanluis.com\/#\/schema\/person\/image\/\",\"url\":\"https:\/\/apuntesdesanluis.com\/wp-content\/uploads\/2023\/07\/cropped-apuntesdesanluis.png\",\"contentUrl\":\"https:\/\/apuntesdesanluis.com\/wp-content\/uploads\/2023\/07\/cropped-apuntesdesanluis.png\",\"width\":450,\"height\":112,\"caption\":\"apuntesdesanluis.com\"},\"logo\":{\"@id\":\"https:\/\/apuntesdesanluis.com\/#\/schema\/person\/image\/\"},\"sameAs\":[\"https:\/\/apuntesdesanluis.com\"],\"url\":\"https:\/\/apuntesdesanluis.com\/index.php\/author\/apuntesdesanluis-com\/\"}]}<\/script>\n<!-- \/ Yoast SEO plugin. -->","yoast_head_json":{"title":"ESTUDIANTES DE VILLA MERCEDES FUERON \"DIPUTADOS POR UN D\u00cdA\" - Apuntes de San Luis","robots":{"index":"index","follow":"follow","max-snippet":"max-snippet:-1","max-image-preview":"max-image-preview:large","max-video-preview":"max-video-preview:-1"},"canonical":"https:\/\/apuntesdesanluis.com\/index.php\/2024\/04\/26\/estudiantes-de-villa-mercedes-fueron-diputados-por-un-dia\/","og_locale":"es_ES","og_type":"article","og_title":"ESTUDIANTES DE VILLA MERCEDES FUERON \"DIPUTADOS POR UN D\u00cdA\" - Apuntes de San Luis","og_description":"Los alumnos de la Escuela N\u00b0 431 \u2018\u00c1ngela Nelly Chenau de Vecino\u2019 vivieron la experiencia...","og_url":"https:\/\/apuntesdesanluis.com\/index.php\/2024\/04\/26\/estudiantes-de-villa-mercedes-fueron-diputados-por-un-dia\/","og_site_name":"Apuntes de San Luis","article_published_time":"2024-04-26T11:46:27+00:00","article_modified_time":"2024-04-27T11:49:43+00:00","og_image":[{"width":600,"height":363,"url":"https:\/\/apuntesdesanluis.com\/wp-content\/uploads\/2024\/04\/dipu-chicos.png","type":"image\/png"}],"author":"apuntesdesanluis.com","twitter_card":"summary_large_image","twitter_misc":{"Escrito por":"apuntesdesanluis.com","Tiempo de lectura":"4 minutos"},"schema":{"@context":"https:\/\/schema.org","@graph":[{"@type":"Article","@id":"https:\/\/apuntesdesanluis.com\/index.php\/2024\/04\/26\/estudiantes-de-villa-mercedes-fueron-diputados-por-un-dia\/#article","isPartOf":{"@id":"https:\/\/apuntesdesanluis.com\/index.php\/2024\/04\/26\/estudiantes-de-villa-mercedes-fueron-diputados-por-un-dia\/"},"author":{"name":"apuntesdesanluis.com","@id":"https:\/\/apuntesdesanluis.com\/#\/schema\/person\/b55151d52296fcce64d1a72538a70b90"},"headline":"ESTUDIANTES DE VILLA MERCEDES FUERON &#8220;DIPUTADOS POR UN D\u00cdA&#8221;","datePublished":"2024-04-26T11:46:27+00:00","dateModified":"2024-04-27T11:49:43+00:00","mainEntityOfPage":{"@id":"https:\/\/apuntesdesanluis.com\/index.php\/2024\/04\/26\/estudiantes-de-villa-mercedes-fueron-diputados-por-un-dia\/"},"wordCount":601,"publisher":{"@id":"https:\/\/apuntesdesanluis.com\/#\/schema\/person\/b55151d52296fcce64d1a72538a70b90"},"image":{"@id":"https:\/\/apuntesdesanluis.com\/index.php\/2024\/04\/26\/estudiantes-de-villa-mercedes-fueron-diputados-por-un-dia\/#primaryimage"},"thumbnailUrl":"https:\/\/apuntesdesanluis.com\/wp-content\/uploads\/2024\/04\/dipu-chicos.png","articleSection":["Ciudad\/Provincia"],"inLanguage":"es-AR"},{"@type":"WebPage","@id":"https:\/\/apuntesdesanluis.com\/index.php\/2024\/04\/26\/estudiantes-de-villa-mercedes-fueron-diputados-por-un-dia\/","url":"https:\/\/apuntesdesanluis.com\/index.php\/2024\/04\/26\/estudiantes-de-villa-mercedes-fueron-diputados-por-un-dia\/","name":"ESTUDIANTES DE VILLA MERCEDES FUERON \"DIPUTADOS POR UN D\u00cdA\" - Apuntes de San Luis","isPartOf":{"@id":"https:\/\/apuntesdesanluis.com\/#website"},"primaryImageOfPage":{"@id":"https:\/\/apuntesdesanluis.com\/index.php\/2024\/04\/26\/estudiantes-de-villa-mercedes-fueron-diputados-por-un-dia\/#primaryimage"},"image":{"@id":"https:\/\/apuntesdesanluis.com\/index.php\/2024\/04\/26\/estudiantes-de-villa-mercedes-fueron-diputados-por-un-dia\/#primaryimage"},"thumbnailUrl":"https:\/\/apuntesdesanluis.com\/wp-content\/uploads\/2024\/04\/dipu-chicos.png","datePublished":"2024-04-26T11:46:27+00:00","dateModified":"2024-04-27T11:49:43+00:00","breadcrumb":{"@id":"https:\/\/apuntesdesanluis.com\/index.php\/2024\/04\/26\/estudiantes-de-villa-mercedes-fueron-diputados-por-un-dia\/#breadcrumb"},"inLanguage":"es-AR","potentialAction":[{"@type":"ReadAction","target":["https:\/\/apuntesdesanluis.com\/index.php\/2024\/04\/26\/estudiantes-de-villa-mercedes-fueron-diputados-por-un-dia\/"]}]},{"@type":"ImageObject","inLanguage":"es-AR","@id":"https:\/\/apuntesdesanluis.com\/index.php\/2024\/04\/26\/estudiantes-de-villa-mercedes-fueron-diputados-por-un-dia\/#primaryimage","url":"https:\/\/apuntesdesanluis.com\/wp-content\/uploads\/2024\/04\/dipu-chicos.png","contentUrl":"https:\/\/apuntesdesanluis.com\/wp-content\/uploads\/2024\/04\/dipu-chicos.png","width":600,"height":363},{"@type":"BreadcrumbList","@id":"https:\/\/apuntesdesanluis.com\/index.php\/2024\/04\/26\/estudiantes-de-villa-mercedes-fueron-diputados-por-un-dia\/#breadcrumb","itemListElement":[{"@type":"ListItem","position":1,"name":"Inicio","item":"https:\/\/apuntesdesanluis.com\/"},{"@type":"ListItem","position":2,"name":"ESTUDIANTES DE VILLA MERCEDES FUERON &#8220;DIPUTADOS POR UN D\u00cdA&#8221;"}]},{"@type":"WebSite","@id":"https:\/\/apuntesdesanluis.com\/#website","url":"https:\/\/apuntesdesanluis.com\/","name":"Apuntes de San Luis","description":"","publisher":{"@id":"https:\/\/apuntesdesanluis.com\/#\/schema\/person\/b55151d52296fcce64d1a72538a70b90"},"potentialAction":[{"@type":"SearchAction","target":{"@type":"EntryPoint","urlTemplate":"https:\/\/apuntesdesanluis.com\/?s={search_term_string}"},"query-input":{"@type":"PropertyValueSpecification","valueRequired":true,"valueName":"search_term_string"}}],"inLanguage":"es-AR"},{"@type":["Person","Organization"],"@id":"https:\/\/apuntesdesanluis.com\/#\/schema\/person\/b55151d52296fcce64d1a72538a70b90","name":"apuntesdesanluis.com","image":{"@type":"ImageObject","inLanguage":"es-AR","@id":"https:\/\/apuntesdesanluis.com\/#\/schema\/person\/image\/","url":"https:\/\/apuntesdesanluis.com\/wp-content\/uploads\/2023\/07\/cropped-apuntesdesanluis.png","contentUrl":"https:\/\/apuntesdesanluis.com\/wp-content\/uploads\/2023\/07\/cropped-apuntesdesanluis.png","width":450,"height":112,"caption":"apuntesdesanluis.com"},"logo":{"@id":"https:\/\/apuntesdesanluis.com\/#\/schema\/person\/image\/"},"sameAs":["https:\/\/apuntesdesanluis.com"],"url":"https:\/\/apuntesdesanluis.com\/index.php\/author\/apuntesdesanluis-com\/"}]}},"featured_image_urls":{"full":["https:\/\/apuntesdesanluis.com\/wp-content\/uploads\/2024\/04\/dipu-chicos.png",600,363,false],"thumbnail":["https:\/\/apuntesdesanluis.com\/wp-content\/uploads\/2024\/04\/dipu-chicos-150x150.png",150,150,true],"medium":["https:\/\/apuntesdesanluis.com\/wp-content\/uploads\/2024\/04\/dipu-chicos-300x182.png",300,182,true],"medium_large":["https:\/\/apuntesdesanluis.com\/wp-content\/uploads\/2024\/04\/dipu-chicos.png",600,363,false],"large":["https:\/\/apuntesdesanluis.com\/wp-content\/uploads\/2024\/04\/dipu-chicos.png",600,363,false],"1536x1536":["https:\/\/apuntesdesanluis.com\/wp-content\/uploads\/2024\/04\/dipu-chicos.png",600,363,false],"2048x2048":["https:\/\/apuntesdesanluis.com\/wp-content\/uploads\/2024\/04\/dipu-chicos.png",600,363,false],"newsever-slider-full":["https:\/\/apuntesdesanluis.com\/wp-content\/uploads\/2024\/04\/dipu-chicos.png",600,363,false],"newsever-featured":["https:\/\/apuntesdesanluis.com\/wp-content\/uploads\/2024\/04\/dipu-chicos.png",600,363,false],"newsever-medium":["https:\/\/apuntesdesanluis.com\/wp-content\/uploads\/2024\/04\/dipu-chicos.png",600,363,false]},"author_info":{"display_name":"apuntesdesanluis.com","author_link":"https:\/\/apuntesdesanluis.com\/index.php\/author\/apuntesdesanluis-com\/"},"category_info":"<a href=\"https:\/\/apuntesdesanluis.com\/index.php\/category\/ciudad-provincia\/\" rel=\"category tag\">Ciudad\/Provincia<\/a>","tag_info":"Ciudad\/Provincia","comment_count":"0","_links":{"self":[{"href":"https:\/\/apuntesdesanluis.com\/index.php\/wp-json\/wp\/v2\/posts\/15333","targetHints":{"allow":["GET"]}}],"collection":[{"href":"https:\/\/apuntesdesanluis.com\/index.php\/wp-json\/wp\/v2\/posts"}],"about":[{"href":"https:\/\/apuntesdesanluis.com\/index.php\/wp-json\/wp\/v2\/types\/post"}],"author":[{"embeddable":true,"href":"https:\/\/apuntesdesanluis.com\/index.php\/wp-json\/wp\/v2\/users\/1"}],"replies":[{"embeddable":true,"href":"https:\/\/apuntesdesanluis.com\/index.php\/wp-json\/wp\/v2\/comments?post=15333"}],"version-history":[{"count":3,"href":"https:\/\/apuntesdesanluis.com\/index.php\/wp-json\/wp\/v2\/posts\/15333\/revisions"}],"predecessor-version":[{"id":15343,"href":"https:\/\/apuntesdesanluis.com\/index.php\/wp-json\/wp\/v2\/posts\/15333\/revisions\/15343"}],"wp:featuredmedia":[{"embeddable":true,"href":"https:\/\/apuntesdesanluis.com\/index.php\/wp-json\/wp\/v2\/media\/15341"}],"wp:attachment":[{"href":"https:\/\/apuntesdesanluis.com\/index.php\/wp-json\/wp\/v2\/media?parent=15333"}],"wp:term":[{"taxonomy":"category","embeddable":true,"href":"https:\/\/apuntesdesanluis.com\/index.php\/wp-json\/wp\/v2\/categories?post=15333"},{"taxonomy":"post_tag","embeddable":true,"href":"https:\/\/apuntesdesanluis.com\/index.php\/wp-json\/wp\/v2\/tags?post=15333"}],"curies":[{"name":"wp","href":"https:\/\/api.w.org\/{rel}","templated":true}]}}