{"id":1535,"date":"2023-08-14T09:21:54","date_gmt":"2023-08-14T12:21:54","guid":{"rendered":"https:\/\/apuntesdesanluis.com\/?p=1535"},"modified":"2023-08-14T13:18:13","modified_gmt":"2023-08-14T16:18:13","slug":"finalmente-bullrich-gano-en-san-luis-en-categoria-de-presidente","status":"publish","type":"post","link":"https:\/\/apuntesdesanluis.com\/index.php\/2023\/08\/14\/finalmente-bullrich-gano-en-san-luis-en-categoria-de-presidente\/","title":{"rendered":"FINALMENTE BULLRICH GAN\u00d3 SU INTERNA EN SAN LUIS EN CATEGOR\u00cdA DE PRESIDENTE"},"content":{"rendered":"<h3>La precandidata a presidente por La Fuerza del Cambio, <strong>Patricia Bullrich<\/strong>, se impuso a nivel nacional y tambi\u00e9n en San Luis sobre su contrincante, el jefe de gobierno porte\u00f1o <strong>Horacio Rodr\u00edguez Larreta<\/strong>. La Libertad Avanza que lidera Javier Milei sorprendi\u00f3 ganando con 49,71% de los votos.<\/h3>\n<h3>Con el 99,69% de las mesas escrutadas, Juntos por el Cambio alcanz\u00f3 el segundo lugar y cosech\u00f3 24,35% de los votos, de los cuales\u00a0la ex ministra de Seguridad concentr\u00f3 el apoyo del 50,11% y Larreta del 49,89%.<\/h3>\n<h3>La diferencia fue muy estrecha, cerca de 150 votos, lo que habla a las claras de lo re\u00f1ida que fue la puja electoral en la interna del PRO.<\/h3>\n<p><img fetchpriority=\"high\" decoding=\"async\" class=\"wp-image-1537 aligncenter\" src=\"https:\/\/apuntesdesanluis.com\/wp-content\/uploads\/2023\/08\/Escrutinio-paso-san-luis-2023-300x219.png\" alt=\"\" width=\"568\" height=\"414\" srcset=\"https:\/\/apuntesdesanluis.com\/wp-content\/uploads\/2023\/08\/Escrutinio-paso-san-luis-2023-300x219.png 300w, https:\/\/apuntesdesanluis.com\/wp-content\/uploads\/2023\/08\/Escrutinio-paso-san-luis-2023.png 600w\" sizes=\"(max-width: 568px) 100vw, 568px\" \/><\/p>\n<h3>El principal referente de Patricia Bullrich en San Luis, <strong>Charly Pereyra<\/strong>, expres\u00f3: &#8220;La Fuerza del Cambio que lidera Patricia ha hecho una elecci\u00f3n muy importante en todo el pa\u00eds, incluido San Luis. Ahora empieza otra historia, tenemos dos meses hasta las generales de octubre. Primero es tiempo de analizar el mensaje de las urnas, el descontento de grandes sectores, para interpretar sus demandas m\u00e1s sentidas. Luego salir con nuestro mensaje, con humildad y firmeza, en el marco de la unidad de Juntos por el Cambio&#8221;, concluy\u00f3.<\/h3>\n<div style=\"width: 640px;\" class=\"wp-video\"><!--[if lt IE 9]><script>document.createElement('video');<\/script><![endif]-->\n<video class=\"wp-video-shortcode\" id=\"video-1535-1\" width=\"640\" height=\"368\" preload=\"metadata\" controls=\"controls\"><source type=\"video\/mp4\" src=\"https:\/\/apuntesdesanluis.com\/wp-content\/uploads\/2023\/08\/WhatsApp-Video-2023-08-14-at-08.42.40.mp4?_=1\" \/><a href=\"https:\/\/apuntesdesanluis.com\/wp-content\/uploads\/2023\/08\/WhatsApp-Video-2023-08-14-at-08.42.40.mp4\">https:\/\/apuntesdesanluis.com\/wp-content\/uploads\/2023\/08\/WhatsApp-Video-2023-08-14-at-08.42.40.mp4<\/a><\/video><\/div>\n<p>&nbsp;<\/p>\n<p>&nbsp;<\/p>\n","protected":false},"excerpt":{"rendered":"<p>La precandidata a presidente por La Fuerza del Cambio, Patricia Bullrich, se impuso a nivel&#8230;<\/p>\n","protected":false},"author":1,"featured_media":1538,"comment_status":"closed","ping_status":"closed","sticky":false,"template":"","format":"standard","meta":{"footnotes":""},"categories":[6],"tags":[],"class_list":["post-1535","post","type-post","status-publish","format-standard","has-post-thumbnail","hentry","category-ciudad-provincia"],"yoast_head":"<!-- This site is optimized with the Yoast SEO plugin v26.1.1 - https:\/\/yoast.com\/wordpress\/plugins\/seo\/ -->\n<title>FINALMENTE BULLRICH GAN\u00d3 SU INTERNA EN SAN LUIS EN CATEGOR\u00cdA DE PRESIDENTE - Apuntes de San Luis<\/title>\n<meta name=\"robots\" content=\"index, follow, max-snippet:-1, max-image-preview:large, max-video-preview:-1\" \/>\n<link rel=\"canonical\" href=\"https:\/\/apuntesdesanluis.com\/index.php\/2023\/08\/14\/finalmente-bullrich-gano-en-san-luis-en-categoria-de-presidente\/\" \/>\n<meta property=\"og:locale\" content=\"es_ES\" \/>\n<meta property=\"og:type\" content=\"article\" \/>\n<meta property=\"og:title\" content=\"FINALMENTE BULLRICH GAN\u00d3 SU INTERNA EN SAN LUIS EN CATEGOR\u00cdA DE PRESIDENTE - Apuntes de San Luis\" \/>\n<meta property=\"og:description\" content=\"La precandidata a presidente por La Fuerza del Cambio, Patricia Bullrich, se impuso a nivel...\" \/>\n<meta property=\"og:url\" content=\"https:\/\/apuntesdesanluis.com\/index.php\/2023\/08\/14\/finalmente-bullrich-gano-en-san-luis-en-categoria-de-presidente\/\" \/>\n<meta property=\"og:site_name\" content=\"Apuntes de San Luis\" \/>\n<meta property=\"article:published_time\" content=\"2023-08-14T12:21:54+00:00\" \/>\n<meta property=\"article:modified_time\" content=\"2023-08-14T16:18:13+00:00\" \/>\n<meta property=\"og:image\" content=\"https:\/\/apuntesdesanluis.com\/wp-content\/uploads\/2023\/08\/charly-con-bullrich.png\" \/>\n\t<meta property=\"og:image:width\" content=\"600\" \/>\n\t<meta property=\"og:image:height\" content=\"365\" \/>\n\t<meta property=\"og:image:type\" content=\"image\/png\" \/>\n<meta name=\"author\" content=\"apuntesdesanluis.com\" \/>\n<meta name=\"twitter:card\" content=\"summary_large_image\" \/>\n<meta name=\"twitter:label1\" content=\"Escrito por\" \/>\n\t<meta name=\"twitter:data1\" content=\"apuntesdesanluis.com\" \/>\n\t<meta name=\"twitter:label2\" content=\"Tiempo de lectura\" \/>\n\t<meta name=\"twitter:data2\" content=\"2 minutos\" \/>\n<script type=\"application\/ld+json\" class=\"yoast-schema-graph\">{\"@context\":\"https:\/\/schema.org\",\"@graph\":[{\"@type\":\"Article\",\"@id\":\"https:\/\/apuntesdesanluis.com\/index.php\/2023\/08\/14\/finalmente-bullrich-gano-en-san-luis-en-categoria-de-presidente\/#article\",\"isPartOf\":{\"@id\":\"https:\/\/apuntesdesanluis.com\/index.php\/2023\/08\/14\/finalmente-bullrich-gano-en-san-luis-en-categoria-de-presidente\/\"},\"author\":{\"name\":\"apuntesdesanluis.com\",\"@id\":\"https:\/\/apuntesdesanluis.com\/#\/schema\/person\/b55151d52296fcce64d1a72538a70b90\"},\"headline\":\"FINALMENTE BULLRICH GAN\u00d3 SU INTERNA EN SAN LUIS EN CATEGOR\u00cdA DE PRESIDENTE\",\"datePublished\":\"2023-08-14T12:21:54+00:00\",\"dateModified\":\"2023-08-14T16:18:13+00:00\",\"mainEntityOfPage\":{\"@id\":\"https:\/\/apuntesdesanluis.com\/index.php\/2023\/08\/14\/finalmente-bullrich-gano-en-san-luis-en-categoria-de-presidente\/\"},\"wordCount\":229,\"publisher\":{\"@id\":\"https:\/\/apuntesdesanluis.com\/#\/schema\/person\/b55151d52296fcce64d1a72538a70b90\"},\"image\":{\"@id\":\"https:\/\/apuntesdesanluis.com\/index.php\/2023\/08\/14\/finalmente-bullrich-gano-en-san-luis-en-categoria-de-presidente\/#primaryimage\"},\"thumbnailUrl\":\"https:\/\/apuntesdesanluis.com\/wp-content\/uploads\/2023\/08\/charly-con-bullrich.png\",\"articleSection\":[\"Ciudad\/Provincia\"],\"inLanguage\":\"es-AR\"},{\"@type\":\"WebPage\",\"@id\":\"https:\/\/apuntesdesanluis.com\/index.php\/2023\/08\/14\/finalmente-bullrich-gano-en-san-luis-en-categoria-de-presidente\/\",\"url\":\"https:\/\/apuntesdesanluis.com\/index.php\/2023\/08\/14\/finalmente-bullrich-gano-en-san-luis-en-categoria-de-presidente\/\",\"name\":\"FINALMENTE BULLRICH GAN\u00d3 SU INTERNA EN SAN LUIS EN CATEGOR\u00cdA DE PRESIDENTE - Apuntes de San Luis\",\"isPartOf\":{\"@id\":\"https:\/\/apuntesdesanluis.com\/#website\"},\"primaryImageOfPage\":{\"@id\":\"https:\/\/apuntesdesanluis.com\/index.php\/2023\/08\/14\/finalmente-bullrich-gano-en-san-luis-en-categoria-de-presidente\/#primaryimage\"},\"image\":{\"@id\":\"https:\/\/apuntesdesanluis.com\/index.php\/2023\/08\/14\/finalmente-bullrich-gano-en-san-luis-en-categoria-de-presidente\/#primaryimage\"},\"thumbnailUrl\":\"https:\/\/apuntesdesanluis.com\/wp-content\/uploads\/2023\/08\/charly-con-bullrich.png\",\"datePublished\":\"2023-08-14T12:21:54+00:00\",\"dateModified\":\"2023-08-14T16:18:13+00:00\",\"breadcrumb\":{\"@id\":\"https:\/\/apuntesdesanluis.com\/index.php\/2023\/08\/14\/finalmente-bullrich-gano-en-san-luis-en-categoria-de-presidente\/#breadcrumb\"},\"inLanguage\":\"es-AR\",\"potentialAction\":[{\"@type\":\"ReadAction\",\"target\":[\"https:\/\/apuntesdesanluis.com\/index.php\/2023\/08\/14\/finalmente-bullrich-gano-en-san-luis-en-categoria-de-presidente\/\"]}]},{\"@type\":\"ImageObject\",\"inLanguage\":\"es-AR\",\"@id\":\"https:\/\/apuntesdesanluis.com\/index.php\/2023\/08\/14\/finalmente-bullrich-gano-en-san-luis-en-categoria-de-presidente\/#primaryimage\",\"url\":\"https:\/\/apuntesdesanluis.com\/wp-content\/uploads\/2023\/08\/charly-con-bullrich.png\",\"contentUrl\":\"https:\/\/apuntesdesanluis.com\/wp-content\/uploads\/2023\/08\/charly-con-bullrich.png\",\"width\":600,\"height\":365},{\"@type\":\"BreadcrumbList\",\"@id\":\"https:\/\/apuntesdesanluis.com\/index.php\/2023\/08\/14\/finalmente-bullrich-gano-en-san-luis-en-categoria-de-presidente\/#breadcrumb\",\"itemListElement\":[{\"@type\":\"ListItem\",\"position\":1,\"name\":\"Inicio\",\"item\":\"https:\/\/apuntesdesanluis.com\/\"},{\"@type\":\"ListItem\",\"position\":2,\"name\":\"FINALMENTE BULLRICH GAN\u00d3 SU INTERNA EN SAN LUIS EN CATEGOR\u00cdA DE PRESIDENTE\"}]},{\"@type\":\"WebSite\",\"@id\":\"https:\/\/apuntesdesanluis.com\/#website\",\"url\":\"https:\/\/apuntesdesanluis.com\/\",\"name\":\"Apuntes de San Luis\",\"description\":\"\",\"publisher\":{\"@id\":\"https:\/\/apuntesdesanluis.com\/#\/schema\/person\/b55151d52296fcce64d1a72538a70b90\"},\"potentialAction\":[{\"@type\":\"SearchAction\",\"target\":{\"@type\":\"EntryPoint\",\"urlTemplate\":\"https:\/\/apuntesdesanluis.com\/?s={search_term_string}\"},\"query-input\":{\"@type\":\"PropertyValueSpecification\",\"valueRequired\":true,\"valueName\":\"search_term_string\"}}],\"inLanguage\":\"es-AR\"},{\"@type\":[\"Person\",\"Organization\"],\"@id\":\"https:\/\/apuntesdesanluis.com\/#\/schema\/person\/b55151d52296fcce64d1a72538a70b90\",\"name\":\"apuntesdesanluis.com\",\"image\":{\"@type\":\"ImageObject\",\"inLanguage\":\"es-AR\",\"@id\":\"https:\/\/apuntesdesanluis.com\/#\/schema\/person\/image\/\",\"url\":\"https:\/\/apuntesdesanluis.com\/wp-content\/uploads\/2023\/07\/cropped-apuntesdesanluis.png\",\"contentUrl\":\"https:\/\/apuntesdesanluis.com\/wp-content\/uploads\/2023\/07\/cropped-apuntesdesanluis.png\",\"width\":450,\"height\":112,\"caption\":\"apuntesdesanluis.com\"},\"logo\":{\"@id\":\"https:\/\/apuntesdesanluis.com\/#\/schema\/person\/image\/\"},\"sameAs\":[\"https:\/\/apuntesdesanluis.com\"],\"url\":\"https:\/\/apuntesdesanluis.com\/index.php\/author\/apuntesdesanluis-com\/\"}]}<\/script>\n<!-- \/ Yoast SEO plugin. -->","yoast_head_json":{"title":"FINALMENTE BULLRICH GAN\u00d3 SU INTERNA EN SAN LUIS EN CATEGOR\u00cdA DE PRESIDENTE - Apuntes de San Luis","robots":{"index":"index","follow":"follow","max-snippet":"max-snippet:-1","max-image-preview":"max-image-preview:large","max-video-preview":"max-video-preview:-1"},"canonical":"https:\/\/apuntesdesanluis.com\/index.php\/2023\/08\/14\/finalmente-bullrich-gano-en-san-luis-en-categoria-de-presidente\/","og_locale":"es_ES","og_type":"article","og_title":"FINALMENTE BULLRICH GAN\u00d3 SU INTERNA EN SAN LUIS EN CATEGOR\u00cdA DE PRESIDENTE - Apuntes de San Luis","og_description":"La precandidata a presidente por La Fuerza del Cambio, Patricia Bullrich, se impuso a nivel...","og_url":"https:\/\/apuntesdesanluis.com\/index.php\/2023\/08\/14\/finalmente-bullrich-gano-en-san-luis-en-categoria-de-presidente\/","og_site_name":"Apuntes de San Luis","article_published_time":"2023-08-14T12:21:54+00:00","article_modified_time":"2023-08-14T16:18:13+00:00","og_image":[{"width":600,"height":365,"url":"https:\/\/apuntesdesanluis.com\/wp-content\/uploads\/2023\/08\/charly-con-bullrich.png","type":"image\/png"}],"author":"apuntesdesanluis.com","twitter_card":"summary_large_image","twitter_misc":{"Escrito por":"apuntesdesanluis.com","Tiempo de lectura":"2 minutos"},"schema":{"@context":"https:\/\/schema.org","@graph":[{"@type":"Article","@id":"https:\/\/apuntesdesanluis.com\/index.php\/2023\/08\/14\/finalmente-bullrich-gano-en-san-luis-en-categoria-de-presidente\/#article","isPartOf":{"@id":"https:\/\/apuntesdesanluis.com\/index.php\/2023\/08\/14\/finalmente-bullrich-gano-en-san-luis-en-categoria-de-presidente\/"},"author":{"name":"apuntesdesanluis.com","@id":"https:\/\/apuntesdesanluis.com\/#\/schema\/person\/b55151d52296fcce64d1a72538a70b90"},"headline":"FINALMENTE BULLRICH GAN\u00d3 SU INTERNA EN SAN LUIS EN CATEGOR\u00cdA DE PRESIDENTE","datePublished":"2023-08-14T12:21:54+00:00","dateModified":"2023-08-14T16:18:13+00:00","mainEntityOfPage":{"@id":"https:\/\/apuntesdesanluis.com\/index.php\/2023\/08\/14\/finalmente-bullrich-gano-en-san-luis-en-categoria-de-presidente\/"},"wordCount":229,"publisher":{"@id":"https:\/\/apuntesdesanluis.com\/#\/schema\/person\/b55151d52296fcce64d1a72538a70b90"},"image":{"@id":"https:\/\/apuntesdesanluis.com\/index.php\/2023\/08\/14\/finalmente-bullrich-gano-en-san-luis-en-categoria-de-presidente\/#primaryimage"},"thumbnailUrl":"https:\/\/apuntesdesanluis.com\/wp-content\/uploads\/2023\/08\/charly-con-bullrich.png","articleSection":["Ciudad\/Provincia"],"inLanguage":"es-AR"},{"@type":"WebPage","@id":"https:\/\/apuntesdesanluis.com\/index.php\/2023\/08\/14\/finalmente-bullrich-gano-en-san-luis-en-categoria-de-presidente\/","url":"https:\/\/apuntesdesanluis.com\/index.php\/2023\/08\/14\/finalmente-bullrich-gano-en-san-luis-en-categoria-de-presidente\/","name":"FINALMENTE BULLRICH GAN\u00d3 SU INTERNA EN SAN LUIS EN CATEGOR\u00cdA DE PRESIDENTE - Apuntes de San Luis","isPartOf":{"@id":"https:\/\/apuntesdesanluis.com\/#website"},"primaryImageOfPage":{"@id":"https:\/\/apuntesdesanluis.com\/index.php\/2023\/08\/14\/finalmente-bullrich-gano-en-san-luis-en-categoria-de-presidente\/#primaryimage"},"image":{"@id":"https:\/\/apuntesdesanluis.com\/index.php\/2023\/08\/14\/finalmente-bullrich-gano-en-san-luis-en-categoria-de-presidente\/#primaryimage"},"thumbnailUrl":"https:\/\/apuntesdesanluis.com\/wp-content\/uploads\/2023\/08\/charly-con-bullrich.png","datePublished":"2023-08-14T12:21:54+00:00","dateModified":"2023-08-14T16:18:13+00:00","breadcrumb":{"@id":"https:\/\/apuntesdesanluis.com\/index.php\/2023\/08\/14\/finalmente-bullrich-gano-en-san-luis-en-categoria-de-presidente\/#breadcrumb"},"inLanguage":"es-AR","potentialAction":[{"@type":"ReadAction","target":["https:\/\/apuntesdesanluis.com\/index.php\/2023\/08\/14\/finalmente-bullrich-gano-en-san-luis-en-categoria-de-presidente\/"]}]},{"@type":"ImageObject","inLanguage":"es-AR","@id":"https:\/\/apuntesdesanluis.com\/index.php\/2023\/08\/14\/finalmente-bullrich-gano-en-san-luis-en-categoria-de-presidente\/#primaryimage","url":"https:\/\/apuntesdesanluis.com\/wp-content\/uploads\/2023\/08\/charly-con-bullrich.png","contentUrl":"https:\/\/apuntesdesanluis.com\/wp-content\/uploads\/2023\/08\/charly-con-bullrich.png","width":600,"height":365},{"@type":"BreadcrumbList","@id":"https:\/\/apuntesdesanluis.com\/index.php\/2023\/08\/14\/finalmente-bullrich-gano-en-san-luis-en-categoria-de-presidente\/#breadcrumb","itemListElement":[{"@type":"ListItem","position":1,"name":"Inicio","item":"https:\/\/apuntesdesanluis.com\/"},{"@type":"ListItem","position":2,"name":"FINALMENTE BULLRICH GAN\u00d3 SU INTERNA EN SAN LUIS EN CATEGOR\u00cdA DE PRESIDENTE"}]},{"@type":"WebSite","@id":"https:\/\/apuntesdesanluis.com\/#website","url":"https:\/\/apuntesdesanluis.com\/","name":"Apuntes de San Luis","description":"","publisher":{"@id":"https:\/\/apuntesdesanluis.com\/#\/schema\/person\/b55151d52296fcce64d1a72538a70b90"},"potentialAction":[{"@type":"SearchAction","target":{"@type":"EntryPoint","urlTemplate":"https:\/\/apuntesdesanluis.com\/?s={search_term_string}"},"query-input":{"@type":"PropertyValueSpecification","valueRequired":true,"valueName":"search_term_string"}}],"inLanguage":"es-AR"},{"@type":["Person","Organization"],"@id":"https:\/\/apuntesdesanluis.com\/#\/schema\/person\/b55151d52296fcce64d1a72538a70b90","name":"apuntesdesanluis.com","image":{"@type":"ImageObject","inLanguage":"es-AR","@id":"https:\/\/apuntesdesanluis.com\/#\/schema\/person\/image\/","url":"https:\/\/apuntesdesanluis.com\/wp-content\/uploads\/2023\/07\/cropped-apuntesdesanluis.png","contentUrl":"https:\/\/apuntesdesanluis.com\/wp-content\/uploads\/2023\/07\/cropped-apuntesdesanluis.png","width":450,"height":112,"caption":"apuntesdesanluis.com"},"logo":{"@id":"https:\/\/apuntesdesanluis.com\/#\/schema\/person\/image\/"},"sameAs":["https:\/\/apuntesdesanluis.com"],"url":"https:\/\/apuntesdesanluis.com\/index.php\/author\/apuntesdesanluis-com\/"}]}},"featured_image_urls":{"full":["https:\/\/apuntesdesanluis.com\/wp-content\/uploads\/2023\/08\/charly-con-bullrich.png",600,365,false],"thumbnail":["https:\/\/apuntesdesanluis.com\/wp-content\/uploads\/2023\/08\/charly-con-bullrich-150x150.png",150,150,true],"medium":["https:\/\/apuntesdesanluis.com\/wp-content\/uploads\/2023\/08\/charly-con-bullrich-300x183.png",300,183,true],"medium_large":["https:\/\/apuntesdesanluis.com\/wp-content\/uploads\/2023\/08\/charly-con-bullrich.png",600,365,false],"large":["https:\/\/apuntesdesanluis.com\/wp-content\/uploads\/2023\/08\/charly-con-bullrich.png",600,365,false],"1536x1536":["https:\/\/apuntesdesanluis.com\/wp-content\/uploads\/2023\/08\/charly-con-bullrich.png",600,365,false],"2048x2048":["https:\/\/apuntesdesanluis.com\/wp-content\/uploads\/2023\/08\/charly-con-bullrich.png",600,365,false],"newsever-slider-full":["https:\/\/apuntesdesanluis.com\/wp-content\/uploads\/2023\/08\/charly-con-bullrich.png",600,365,false],"newsever-featured":["https:\/\/apuntesdesanluis.com\/wp-content\/uploads\/2023\/08\/charly-con-bullrich.png",600,365,false],"newsever-medium":["https:\/\/apuntesdesanluis.com\/wp-content\/uploads\/2023\/08\/charly-con-bullrich.png",600,365,false]},"author_info":{"display_name":"apuntesdesanluis.com","author_link":"https:\/\/apuntesdesanluis.com\/index.php\/author\/apuntesdesanluis-com\/"},"category_info":"<a href=\"https:\/\/apuntesdesanluis.com\/index.php\/category\/ciudad-provincia\/\" rel=\"category tag\">Ciudad\/Provincia<\/a>","tag_info":"Ciudad\/Provincia","comment_count":"0","_links":{"self":[{"href":"https:\/\/apuntesdesanluis.com\/index.php\/wp-json\/wp\/v2\/posts\/1535","targetHints":{"allow":["GET"]}}],"collection":[{"href":"https:\/\/apuntesdesanluis.com\/index.php\/wp-json\/wp\/v2\/posts"}],"about":[{"href":"https:\/\/apuntesdesanluis.com\/index.php\/wp-json\/wp\/v2\/types\/post"}],"author":[{"embeddable":true,"href":"https:\/\/apuntesdesanluis.com\/index.php\/wp-json\/wp\/v2\/users\/1"}],"replies":[{"embeddable":true,"href":"https:\/\/apuntesdesanluis.com\/index.php\/wp-json\/wp\/v2\/comments?post=1535"}],"version-history":[{"count":5,"href":"https:\/\/apuntesdesanluis.com\/index.php\/wp-json\/wp\/v2\/posts\/1535\/revisions"}],"predecessor-version":[{"id":1558,"href":"https:\/\/apuntesdesanluis.com\/index.php\/wp-json\/wp\/v2\/posts\/1535\/revisions\/1558"}],"wp:featuredmedia":[{"embeddable":true,"href":"https:\/\/apuntesdesanluis.com\/index.php\/wp-json\/wp\/v2\/media\/1538"}],"wp:attachment":[{"href":"https:\/\/apuntesdesanluis.com\/index.php\/wp-json\/wp\/v2\/media?parent=1535"}],"wp:term":[{"taxonomy":"category","embeddable":true,"href":"https:\/\/apuntesdesanluis.com\/index.php\/wp-json\/wp\/v2\/categories?post=1535"},{"taxonomy":"post_tag","embeddable":true,"href":"https:\/\/apuntesdesanluis.com\/index.php\/wp-json\/wp\/v2\/tags?post=1535"}],"curies":[{"name":"wp","href":"https:\/\/api.w.org\/{rel}","templated":true}]}}