{"id":15364,"date":"2024-04-27T18:17:27","date_gmt":"2024-04-27T21:17:27","guid":{"rendered":"https:\/\/apuntesdesanluis.com\/?p=15364"},"modified":"2024-04-27T18:17:27","modified_gmt":"2024-04-27T21:17:27","slug":"conmocion-en-chile-asesinaron-a-tres-carabineros-en-la-region-de-la-araucania","status":"publish","type":"post","link":"https:\/\/apuntesdesanluis.com\/index.php\/2024\/04\/27\/conmocion-en-chile-asesinaron-a-tres-carabineros-en-la-region-de-la-araucania\/","title":{"rendered":"CONMOCI\u00d3N EN CHILE: ASESINARON A TRES CARABINEROS EN LA REGI\u00d3N DE LA ARAUCAN\u00cdA"},"content":{"rendered":"<h3>Tres agentes del cuerpo militarizado de polic\u00eda Carabineros de Chile murieron hoy en un ataque en La Araucan\u00eda, una regi\u00f3n que es escenario de un conflicto ancestral entre pueblos originarios, el gobierno y grandes empresarios latifundistas y forestales que explotan tierras y bosques milenarios.<\/h3>\n<h3>Nada m\u00e1s conocerse la noticia, en un d\u00eda en el que la instituci\u00f3n celebra con un desfile su aniversario, el presidente de la Rep\u00fablica, Gabriel Boric, reuni\u00f3 a su gabinete de crisis, conden\u00f3 el atentado y dijo que no habr\u00eda pausa en la persecuci\u00f3n de los asesinos.<\/h3>\n<h3>\u201cEsta madrugada recibimos la grave y dolorosa noticia de un atentado en la provincia de Arauco en el que fueron asesinados tres carabineros. Luego de una reuni\u00f3n de emergencia con las ministras Carolina Toh\u00e1, Maya Fern\u00e1ndez, los subsecretarios Manuel Monsalve y Ricardo Montero, y la delegada presidencial de Biob\u00edo, Daniela Dresdner; coordinamos acciones inmediatas para responder a este cobarde atentado. En las pr\u00f3ximas horas, viajar\u00e9 con diversas autoridades del Estado a la zona\u201d, explic\u00f3 el mandatario en redes sociales.<\/h3>\n<h3>\u201cLas polic\u00edas, Fuerzas Armadas y los equipos de Gobierno ya trabajan en el lugar. Les aseguro a los chilenos y chilenas que no habr\u00e1 impunidad y que daremos con el paradero de los autores de este terrible crimen. Por \u00faltimo, he decidido decretar Duelo Nacional por tres d\u00edas en todo el pa\u00eds. Sepan, Carabineros de Chile, que no est\u00e1n solos\u201d, agreg\u00f3.<\/h3>\n<h3><img fetchpriority=\"high\" decoding=\"async\" class=\"wp-image-15366 aligncenter\" src=\"https:\/\/apuntesdesanluis.com\/wp-content\/uploads\/2024\/04\/mensaje-219x300.png\" alt=\"\" width=\"584\" height=\"800\" \/><\/h3>\n<h4 style=\"text-align: center;\"><em>El mensaje de Gabriel Boric.<\/em><\/h4>\n<h3>En la misma l\u00ednea, el jefe de los carabineros, general Ricardo Ya\u00f1ez, lament\u00f3 que \u201cuna vez m\u00e1s cargamos con el luto, con el peso de un cruel y vil asesinato. Fueron terriblemente asesinados tres carabineros que se encontraban cumpliendo y brindando seguridad, en una zona que sabemos que es compleja\u201d.<\/h3>\n<h3>\u201cNuevamente, nuestro mes de abril, nuestro aniversario, se ve te\u00f1ido por sangre, por quienes no dudan en asesinar a quienes nos cuidan. Estamos dolidos, profundamente acongojados por esto, y transmitimos nuestras condolencias a sus familias y compa\u00f1eros de trabajo\u201d, dijo Ya\u00f1ez, quien anunci\u00f3 la suspensi\u00f3n de los actos protocolarios por el d\u00eda del Carabinero.<\/h3>\n<h3>El ataque tuvo lugar sobre la 1:30 horas (6:30 GMT) en la localidad central de Ca\u00f1ete, cuando un grupo de hombres armados se abalanz\u00f3 contra un veh\u00edculo policial que transportaba a funcionarios de Control de Orden P\u00fablico (COP) de la comisar\u00eda de Los \u00c1lamos e incendiaron el veh\u00edculo, donde murieron calcinados un sargento y dos cabos.<\/h3>\n<h3>La Araucan\u00eda est\u00e1 bajo estado de emergencia desde mayo de 2022 en un intento por controlar los ataques, en su mayor\u00eda sabotajes incendiarios, de los grupos armados.<\/h3>\n<h3>En di\u00e1logo con Infobae, el ex subsecretario de Defensa de Chile Gabriel Gaspar sostuvo que \u201cel condenable asesinato de tres carabineros demuestra que es necesario reexaminar la estrategia de seguridad adoptada para la llamada Macrozona Sur\u201d del pa\u00eds.<\/h3>\n<h3>\u201cLa presencia de las m\u00e1s altas autoridades del pa\u00eds en estos instantes en la zona sur permitir\u00e1 que escuchen a la comunidad y a los encargados del orden. En la pr\u00e1citca, es posible transformar esta visita en un Consejo de Seguridad Nacional en el terreno que analice por qu\u00e9 no ha funcionado la estrategia adoptada\u201d, estim\u00f3.<\/h3>\n<p>&nbsp;<\/p>\n<p>&nbsp;<\/p>\n<p>&nbsp;<\/p>\n","protected":false},"excerpt":{"rendered":"<p>Tres agentes del cuerpo militarizado de polic\u00eda Carabineros de Chile murieron hoy en un ataque&#8230;<\/p>\n","protected":false},"author":1,"featured_media":15365,"comment_status":"closed","ping_status":"closed","sticky":false,"template":"","format":"standard","meta":{"footnotes":""},"categories":[5],"tags":[],"class_list":["post-15364","post","type-post","status-publish","format-standard","has-post-thumbnail","hentry","category-nacionales-internacionales"],"yoast_head":"<!-- This site is optimized with the Yoast SEO plugin v26.1.1 - https:\/\/yoast.com\/wordpress\/plugins\/seo\/ -->\n<title>CONMOCI\u00d3N EN CHILE: ASESINARON A TRES CARABINEROS EN LA REGI\u00d3N DE LA ARAUCAN\u00cdA - Apuntes de San Luis<\/title>\n<meta name=\"robots\" content=\"index, follow, max-snippet:-1, max-image-preview:large, max-video-preview:-1\" \/>\n<link rel=\"canonical\" href=\"https:\/\/apuntesdesanluis.com\/index.php\/2024\/04\/27\/conmocion-en-chile-asesinaron-a-tres-carabineros-en-la-region-de-la-araucania\/\" \/>\n<meta property=\"og:locale\" content=\"es_ES\" \/>\n<meta property=\"og:type\" content=\"article\" \/>\n<meta property=\"og:title\" content=\"CONMOCI\u00d3N EN CHILE: ASESINARON A TRES CARABINEROS EN LA REGI\u00d3N DE LA ARAUCAN\u00cdA - Apuntes de San Luis\" \/>\n<meta property=\"og:description\" content=\"Tres agentes del cuerpo militarizado de polic\u00eda Carabineros de Chile murieron hoy en un ataque...\" \/>\n<meta property=\"og:url\" content=\"https:\/\/apuntesdesanluis.com\/index.php\/2024\/04\/27\/conmocion-en-chile-asesinaron-a-tres-carabineros-en-la-region-de-la-araucania\/\" \/>\n<meta property=\"og:site_name\" content=\"Apuntes de San Luis\" \/>\n<meta property=\"article:published_time\" content=\"2024-04-27T21:17:27+00:00\" \/>\n<meta property=\"og:image\" content=\"https:\/\/apuntesdesanluis.com\/wp-content\/uploads\/2024\/04\/camionerta-chile-apuntes.png\" \/>\n\t<meta property=\"og:image:width\" content=\"600\" \/>\n\t<meta property=\"og:image:height\" content=\"387\" \/>\n\t<meta property=\"og:image:type\" content=\"image\/png\" \/>\n<meta name=\"author\" content=\"apuntesdesanluis.com\" \/>\n<meta name=\"twitter:card\" content=\"summary_large_image\" \/>\n<meta name=\"twitter:label1\" content=\"Escrito por\" \/>\n\t<meta name=\"twitter:data1\" content=\"apuntesdesanluis.com\" \/>\n\t<meta name=\"twitter:label2\" content=\"Tiempo de lectura\" \/>\n\t<meta name=\"twitter:data2\" content=\"3 minutos\" \/>\n<script type=\"application\/ld+json\" class=\"yoast-schema-graph\">{\"@context\":\"https:\/\/schema.org\",\"@graph\":[{\"@type\":\"Article\",\"@id\":\"https:\/\/apuntesdesanluis.com\/index.php\/2024\/04\/27\/conmocion-en-chile-asesinaron-a-tres-carabineros-en-la-region-de-la-araucania\/#article\",\"isPartOf\":{\"@id\":\"https:\/\/apuntesdesanluis.com\/index.php\/2024\/04\/27\/conmocion-en-chile-asesinaron-a-tres-carabineros-en-la-region-de-la-araucania\/\"},\"author\":{\"name\":\"apuntesdesanluis.com\",\"@id\":\"https:\/\/apuntesdesanluis.com\/#\/schema\/person\/b55151d52296fcce64d1a72538a70b90\"},\"headline\":\"CONMOCI\u00d3N EN CHILE: ASESINARON A TRES CARABINEROS EN LA REGI\u00d3N DE LA ARAUCAN\u00cdA\",\"datePublished\":\"2024-04-27T21:17:27+00:00\",\"mainEntityOfPage\":{\"@id\":\"https:\/\/apuntesdesanluis.com\/index.php\/2024\/04\/27\/conmocion-en-chile-asesinaron-a-tres-carabineros-en-la-region-de-la-araucania\/\"},\"wordCount\":570,\"publisher\":{\"@id\":\"https:\/\/apuntesdesanluis.com\/#\/schema\/person\/b55151d52296fcce64d1a72538a70b90\"},\"image\":{\"@id\":\"https:\/\/apuntesdesanluis.com\/index.php\/2024\/04\/27\/conmocion-en-chile-asesinaron-a-tres-carabineros-en-la-region-de-la-araucania\/#primaryimage\"},\"thumbnailUrl\":\"https:\/\/apuntesdesanluis.com\/wp-content\/uploads\/2024\/04\/camionerta-chile-apuntes.png\",\"articleSection\":[\"Nacionales\/Internacionales\"],\"inLanguage\":\"es-AR\"},{\"@type\":\"WebPage\",\"@id\":\"https:\/\/apuntesdesanluis.com\/index.php\/2024\/04\/27\/conmocion-en-chile-asesinaron-a-tres-carabineros-en-la-region-de-la-araucania\/\",\"url\":\"https:\/\/apuntesdesanluis.com\/index.php\/2024\/04\/27\/conmocion-en-chile-asesinaron-a-tres-carabineros-en-la-region-de-la-araucania\/\",\"name\":\"CONMOCI\u00d3N EN CHILE: ASESINARON A TRES CARABINEROS EN LA REGI\u00d3N DE LA ARAUCAN\u00cdA - Apuntes de San Luis\",\"isPartOf\":{\"@id\":\"https:\/\/apuntesdesanluis.com\/#website\"},\"primaryImageOfPage\":{\"@id\":\"https:\/\/apuntesdesanluis.com\/index.php\/2024\/04\/27\/conmocion-en-chile-asesinaron-a-tres-carabineros-en-la-region-de-la-araucania\/#primaryimage\"},\"image\":{\"@id\":\"https:\/\/apuntesdesanluis.com\/index.php\/2024\/04\/27\/conmocion-en-chile-asesinaron-a-tres-carabineros-en-la-region-de-la-araucania\/#primaryimage\"},\"thumbnailUrl\":\"https:\/\/apuntesdesanluis.com\/wp-content\/uploads\/2024\/04\/camionerta-chile-apuntes.png\",\"datePublished\":\"2024-04-27T21:17:27+00:00\",\"breadcrumb\":{\"@id\":\"https:\/\/apuntesdesanluis.com\/index.php\/2024\/04\/27\/conmocion-en-chile-asesinaron-a-tres-carabineros-en-la-region-de-la-araucania\/#breadcrumb\"},\"inLanguage\":\"es-AR\",\"potentialAction\":[{\"@type\":\"ReadAction\",\"target\":[\"https:\/\/apuntesdesanluis.com\/index.php\/2024\/04\/27\/conmocion-en-chile-asesinaron-a-tres-carabineros-en-la-region-de-la-araucania\/\"]}]},{\"@type\":\"ImageObject\",\"inLanguage\":\"es-AR\",\"@id\":\"https:\/\/apuntesdesanluis.com\/index.php\/2024\/04\/27\/conmocion-en-chile-asesinaron-a-tres-carabineros-en-la-region-de-la-araucania\/#primaryimage\",\"url\":\"https:\/\/apuntesdesanluis.com\/wp-content\/uploads\/2024\/04\/camionerta-chile-apuntes.png\",\"contentUrl\":\"https:\/\/apuntesdesanluis.com\/wp-content\/uploads\/2024\/04\/camionerta-chile-apuntes.png\",\"width\":600,\"height\":387},{\"@type\":\"BreadcrumbList\",\"@id\":\"https:\/\/apuntesdesanluis.com\/index.php\/2024\/04\/27\/conmocion-en-chile-asesinaron-a-tres-carabineros-en-la-region-de-la-araucania\/#breadcrumb\",\"itemListElement\":[{\"@type\":\"ListItem\",\"position\":1,\"name\":\"Inicio\",\"item\":\"https:\/\/apuntesdesanluis.com\/\"},{\"@type\":\"ListItem\",\"position\":2,\"name\":\"CONMOCI\u00d3N EN CHILE: ASESINARON A TRES CARABINEROS EN LA REGI\u00d3N DE LA ARAUCAN\u00cdA\"}]},{\"@type\":\"WebSite\",\"@id\":\"https:\/\/apuntesdesanluis.com\/#website\",\"url\":\"https:\/\/apuntesdesanluis.com\/\",\"name\":\"Apuntes de San Luis\",\"description\":\"\",\"publisher\":{\"@id\":\"https:\/\/apuntesdesanluis.com\/#\/schema\/person\/b55151d52296fcce64d1a72538a70b90\"},\"potentialAction\":[{\"@type\":\"SearchAction\",\"target\":{\"@type\":\"EntryPoint\",\"urlTemplate\":\"https:\/\/apuntesdesanluis.com\/?s={search_term_string}\"},\"query-input\":{\"@type\":\"PropertyValueSpecification\",\"valueRequired\":true,\"valueName\":\"search_term_string\"}}],\"inLanguage\":\"es-AR\"},{\"@type\":[\"Person\",\"Organization\"],\"@id\":\"https:\/\/apuntesdesanluis.com\/#\/schema\/person\/b55151d52296fcce64d1a72538a70b90\",\"name\":\"apuntesdesanluis.com\",\"image\":{\"@type\":\"ImageObject\",\"inLanguage\":\"es-AR\",\"@id\":\"https:\/\/apuntesdesanluis.com\/#\/schema\/person\/image\/\",\"url\":\"https:\/\/apuntesdesanluis.com\/wp-content\/uploads\/2023\/07\/cropped-apuntesdesanluis.png\",\"contentUrl\":\"https:\/\/apuntesdesanluis.com\/wp-content\/uploads\/2023\/07\/cropped-apuntesdesanluis.png\",\"width\":450,\"height\":112,\"caption\":\"apuntesdesanluis.com\"},\"logo\":{\"@id\":\"https:\/\/apuntesdesanluis.com\/#\/schema\/person\/image\/\"},\"sameAs\":[\"https:\/\/apuntesdesanluis.com\"],\"url\":\"https:\/\/apuntesdesanluis.com\/index.php\/author\/apuntesdesanluis-com\/\"}]}<\/script>\n<!-- \/ Yoast SEO plugin. -->","yoast_head_json":{"title":"CONMOCI\u00d3N EN CHILE: ASESINARON A TRES CARABINEROS EN LA REGI\u00d3N DE LA ARAUCAN\u00cdA - Apuntes de San Luis","robots":{"index":"index","follow":"follow","max-snippet":"max-snippet:-1","max-image-preview":"max-image-preview:large","max-video-preview":"max-video-preview:-1"},"canonical":"https:\/\/apuntesdesanluis.com\/index.php\/2024\/04\/27\/conmocion-en-chile-asesinaron-a-tres-carabineros-en-la-region-de-la-araucania\/","og_locale":"es_ES","og_type":"article","og_title":"CONMOCI\u00d3N EN CHILE: ASESINARON A TRES CARABINEROS EN LA REGI\u00d3N DE LA ARAUCAN\u00cdA - Apuntes de San Luis","og_description":"Tres agentes del cuerpo militarizado de polic\u00eda Carabineros de Chile murieron hoy en un ataque...","og_url":"https:\/\/apuntesdesanluis.com\/index.php\/2024\/04\/27\/conmocion-en-chile-asesinaron-a-tres-carabineros-en-la-region-de-la-araucania\/","og_site_name":"Apuntes de San Luis","article_published_time":"2024-04-27T21:17:27+00:00","og_image":[{"width":600,"height":387,"url":"https:\/\/apuntesdesanluis.com\/wp-content\/uploads\/2024\/04\/camionerta-chile-apuntes.png","type":"image\/png"}],"author":"apuntesdesanluis.com","twitter_card":"summary_large_image","twitter_misc":{"Escrito por":"apuntesdesanluis.com","Tiempo de lectura":"3 minutos"},"schema":{"@context":"https:\/\/schema.org","@graph":[{"@type":"Article","@id":"https:\/\/apuntesdesanluis.com\/index.php\/2024\/04\/27\/conmocion-en-chile-asesinaron-a-tres-carabineros-en-la-region-de-la-araucania\/#article","isPartOf":{"@id":"https:\/\/apuntesdesanluis.com\/index.php\/2024\/04\/27\/conmocion-en-chile-asesinaron-a-tres-carabineros-en-la-region-de-la-araucania\/"},"author":{"name":"apuntesdesanluis.com","@id":"https:\/\/apuntesdesanluis.com\/#\/schema\/person\/b55151d52296fcce64d1a72538a70b90"},"headline":"CONMOCI\u00d3N EN CHILE: ASESINARON A TRES CARABINEROS EN LA REGI\u00d3N DE LA ARAUCAN\u00cdA","datePublished":"2024-04-27T21:17:27+00:00","mainEntityOfPage":{"@id":"https:\/\/apuntesdesanluis.com\/index.php\/2024\/04\/27\/conmocion-en-chile-asesinaron-a-tres-carabineros-en-la-region-de-la-araucania\/"},"wordCount":570,"publisher":{"@id":"https:\/\/apuntesdesanluis.com\/#\/schema\/person\/b55151d52296fcce64d1a72538a70b90"},"image":{"@id":"https:\/\/apuntesdesanluis.com\/index.php\/2024\/04\/27\/conmocion-en-chile-asesinaron-a-tres-carabineros-en-la-region-de-la-araucania\/#primaryimage"},"thumbnailUrl":"https:\/\/apuntesdesanluis.com\/wp-content\/uploads\/2024\/04\/camionerta-chile-apuntes.png","articleSection":["Nacionales\/Internacionales"],"inLanguage":"es-AR"},{"@type":"WebPage","@id":"https:\/\/apuntesdesanluis.com\/index.php\/2024\/04\/27\/conmocion-en-chile-asesinaron-a-tres-carabineros-en-la-region-de-la-araucania\/","url":"https:\/\/apuntesdesanluis.com\/index.php\/2024\/04\/27\/conmocion-en-chile-asesinaron-a-tres-carabineros-en-la-region-de-la-araucania\/","name":"CONMOCI\u00d3N EN CHILE: ASESINARON A TRES CARABINEROS EN LA REGI\u00d3N DE LA ARAUCAN\u00cdA - Apuntes de San Luis","isPartOf":{"@id":"https:\/\/apuntesdesanluis.com\/#website"},"primaryImageOfPage":{"@id":"https:\/\/apuntesdesanluis.com\/index.php\/2024\/04\/27\/conmocion-en-chile-asesinaron-a-tres-carabineros-en-la-region-de-la-araucania\/#primaryimage"},"image":{"@id":"https:\/\/apuntesdesanluis.com\/index.php\/2024\/04\/27\/conmocion-en-chile-asesinaron-a-tres-carabineros-en-la-region-de-la-araucania\/#primaryimage"},"thumbnailUrl":"https:\/\/apuntesdesanluis.com\/wp-content\/uploads\/2024\/04\/camionerta-chile-apuntes.png","datePublished":"2024-04-27T21:17:27+00:00","breadcrumb":{"@id":"https:\/\/apuntesdesanluis.com\/index.php\/2024\/04\/27\/conmocion-en-chile-asesinaron-a-tres-carabineros-en-la-region-de-la-araucania\/#breadcrumb"},"inLanguage":"es-AR","potentialAction":[{"@type":"ReadAction","target":["https:\/\/apuntesdesanluis.com\/index.php\/2024\/04\/27\/conmocion-en-chile-asesinaron-a-tres-carabineros-en-la-region-de-la-araucania\/"]}]},{"@type":"ImageObject","inLanguage":"es-AR","@id":"https:\/\/apuntesdesanluis.com\/index.php\/2024\/04\/27\/conmocion-en-chile-asesinaron-a-tres-carabineros-en-la-region-de-la-araucania\/#primaryimage","url":"https:\/\/apuntesdesanluis.com\/wp-content\/uploads\/2024\/04\/camionerta-chile-apuntes.png","contentUrl":"https:\/\/apuntesdesanluis.com\/wp-content\/uploads\/2024\/04\/camionerta-chile-apuntes.png","width":600,"height":387},{"@type":"BreadcrumbList","@id":"https:\/\/apuntesdesanluis.com\/index.php\/2024\/04\/27\/conmocion-en-chile-asesinaron-a-tres-carabineros-en-la-region-de-la-araucania\/#breadcrumb","itemListElement":[{"@type":"ListItem","position":1,"name":"Inicio","item":"https:\/\/apuntesdesanluis.com\/"},{"@type":"ListItem","position":2,"name":"CONMOCI\u00d3N EN CHILE: ASESINARON A TRES CARABINEROS EN LA REGI\u00d3N DE LA ARAUCAN\u00cdA"}]},{"@type":"WebSite","@id":"https:\/\/apuntesdesanluis.com\/#website","url":"https:\/\/apuntesdesanluis.com\/","name":"Apuntes de San Luis","description":"","publisher":{"@id":"https:\/\/apuntesdesanluis.com\/#\/schema\/person\/b55151d52296fcce64d1a72538a70b90"},"potentialAction":[{"@type":"SearchAction","target":{"@type":"EntryPoint","urlTemplate":"https:\/\/apuntesdesanluis.com\/?s={search_term_string}"},"query-input":{"@type":"PropertyValueSpecification","valueRequired":true,"valueName":"search_term_string"}}],"inLanguage":"es-AR"},{"@type":["Person","Organization"],"@id":"https:\/\/apuntesdesanluis.com\/#\/schema\/person\/b55151d52296fcce64d1a72538a70b90","name":"apuntesdesanluis.com","image":{"@type":"ImageObject","inLanguage":"es-AR","@id":"https:\/\/apuntesdesanluis.com\/#\/schema\/person\/image\/","url":"https:\/\/apuntesdesanluis.com\/wp-content\/uploads\/2023\/07\/cropped-apuntesdesanluis.png","contentUrl":"https:\/\/apuntesdesanluis.com\/wp-content\/uploads\/2023\/07\/cropped-apuntesdesanluis.png","width":450,"height":112,"caption":"apuntesdesanluis.com"},"logo":{"@id":"https:\/\/apuntesdesanluis.com\/#\/schema\/person\/image\/"},"sameAs":["https:\/\/apuntesdesanluis.com"],"url":"https:\/\/apuntesdesanluis.com\/index.php\/author\/apuntesdesanluis-com\/"}]}},"featured_image_urls":{"full":["https:\/\/apuntesdesanluis.com\/wp-content\/uploads\/2024\/04\/camionerta-chile-apuntes.png",600,387,false],"thumbnail":["https:\/\/apuntesdesanluis.com\/wp-content\/uploads\/2024\/04\/camionerta-chile-apuntes-150x150.png",150,150,true],"medium":["https:\/\/apuntesdesanluis.com\/wp-content\/uploads\/2024\/04\/camionerta-chile-apuntes-300x194.png",300,194,true],"medium_large":["https:\/\/apuntesdesanluis.com\/wp-content\/uploads\/2024\/04\/camionerta-chile-apuntes.png",600,387,false],"large":["https:\/\/apuntesdesanluis.com\/wp-content\/uploads\/2024\/04\/camionerta-chile-apuntes.png",600,387,false],"1536x1536":["https:\/\/apuntesdesanluis.com\/wp-content\/uploads\/2024\/04\/camionerta-chile-apuntes.png",600,387,false],"2048x2048":["https:\/\/apuntesdesanluis.com\/wp-content\/uploads\/2024\/04\/camionerta-chile-apuntes.png",600,387,false],"newsever-slider-full":["https:\/\/apuntesdesanluis.com\/wp-content\/uploads\/2024\/04\/camionerta-chile-apuntes.png",600,387,false],"newsever-featured":["https:\/\/apuntesdesanluis.com\/wp-content\/uploads\/2024\/04\/camionerta-chile-apuntes.png",600,387,false],"newsever-medium":["https:\/\/apuntesdesanluis.com\/wp-content\/uploads\/2024\/04\/camionerta-chile-apuntes.png",600,387,false]},"author_info":{"display_name":"apuntesdesanluis.com","author_link":"https:\/\/apuntesdesanluis.com\/index.php\/author\/apuntesdesanluis-com\/"},"category_info":"<a href=\"https:\/\/apuntesdesanluis.com\/index.php\/category\/nacionales-internacionales\/\" rel=\"category tag\">Nacionales\/Internacionales<\/a>","tag_info":"Nacionales\/Internacionales","comment_count":"0","_links":{"self":[{"href":"https:\/\/apuntesdesanluis.com\/index.php\/wp-json\/wp\/v2\/posts\/15364","targetHints":{"allow":["GET"]}}],"collection":[{"href":"https:\/\/apuntesdesanluis.com\/index.php\/wp-json\/wp\/v2\/posts"}],"about":[{"href":"https:\/\/apuntesdesanluis.com\/index.php\/wp-json\/wp\/v2\/types\/post"}],"author":[{"embeddable":true,"href":"https:\/\/apuntesdesanluis.com\/index.php\/wp-json\/wp\/v2\/users\/1"}],"replies":[{"embeddable":true,"href":"https:\/\/apuntesdesanluis.com\/index.php\/wp-json\/wp\/v2\/comments?post=15364"}],"version-history":[{"count":1,"href":"https:\/\/apuntesdesanluis.com\/index.php\/wp-json\/wp\/v2\/posts\/15364\/revisions"}],"predecessor-version":[{"id":15367,"href":"https:\/\/apuntesdesanluis.com\/index.php\/wp-json\/wp\/v2\/posts\/15364\/revisions\/15367"}],"wp:featuredmedia":[{"embeddable":true,"href":"https:\/\/apuntesdesanluis.com\/index.php\/wp-json\/wp\/v2\/media\/15365"}],"wp:attachment":[{"href":"https:\/\/apuntesdesanluis.com\/index.php\/wp-json\/wp\/v2\/media?parent=15364"}],"wp:term":[{"taxonomy":"category","embeddable":true,"href":"https:\/\/apuntesdesanluis.com\/index.php\/wp-json\/wp\/v2\/categories?post=15364"},{"taxonomy":"post_tag","embeddable":true,"href":"https:\/\/apuntesdesanluis.com\/index.php\/wp-json\/wp\/v2\/tags?post=15364"}],"curies":[{"name":"wp","href":"https:\/\/api.w.org\/{rel}","templated":true}]}}