{"id":15378,"date":"2024-04-27T18:39:29","date_gmt":"2024-04-27T21:39:29","guid":{"rendered":"https:\/\/apuntesdesanluis.com\/?p=15378"},"modified":"2024-04-27T18:39:29","modified_gmt":"2024-04-27T21:39:29","slug":"tras-la-multitudinaria-marcha-el-gobierno-apuesta-a-mejorar-el-vinculo-con-las-universidades","status":"publish","type":"post","link":"https:\/\/apuntesdesanluis.com\/index.php\/2024\/04\/27\/tras-la-multitudinaria-marcha-el-gobierno-apuesta-a-mejorar-el-vinculo-con-las-universidades\/","title":{"rendered":"TRAS LA MULTITUDINARIA MARCHA, EL GOBIERNO APUESTA A MEJORAR EL V\u00cdNCULO CON LAS UNIVERSIDADES"},"content":{"rendered":"<h3>Tras la multitudinaria marcha del pasado martes, el Gobierno apuesta a mejorar el v\u00ednculo con las universidades y arrancar\u00e1 la semana con dos reuniones de alto calibre con autoridades de las casas de altos estudios.<\/h3>\n<h3>La ministra de Capital Humano, <strong>Sandra Pettovello<\/strong>, y el secretario de Educaci\u00f3n, <strong>Carlos Torrendell<\/strong>, ser\u00e1n los encargados de recibir a los rectores.<\/h3>\n<h3>El lunes arrancar\u00e1 con un encuentro con el rector de la Universidad de Buenos Aires (UBA), <strong>Ricardo Gelpi<\/strong>: la casa de altos estudios porte\u00f1a estuvo al frente de los reclamos al Gobierno.<\/h3>\n<h3>En tanto, el martes habr\u00e1 otra reuni\u00f3n de Pettovello y Torrendell con los miembros del <strong>Consejo Interuniversitario Nacional (CIN)<\/strong>.<\/h3>\n<h3>&#8220;La multitudinaria marcha mostr\u00f3 que la sociedad est\u00e1 dispuesta a defender la educaci\u00f3n p\u00fablica. Cualquiera que haga otra lectura sobre la marcha se equivoca. No fue a favor ni en contra de ning\u00fan sector, sino a favor de defender la universidad p\u00fablica. Eso lo recepcion\u00f3 el Gobierno y es lo positivo&#8221;, sostuvo el vicerrector de la UBA, Emiliano Yacobitti.<\/h3>\n<h3>En declaraciones radiales, el exdiputado nacional remarc\u00f3 que &#8220;ahora es el momento de sentarse y dialogar&#8221;, al tiempo que pidi\u00f3 &#8220;hay que ser conscientes de que el Gobierno tiene que rever la decisi\u00f3n de congelar el presupuesto de las universidades, porque se mostr\u00f3 que es un recorte de casi el 80%&#8221;.<\/h3>\n<h3>En ese sentido, consider\u00f3 que &#8220;el Gobierno tiene que reconocer que el ajuste en las universidades fue un error&#8221; y subray\u00f3 que &#8220;la respuesta ciudadana fue impactante&#8221;.<\/h3>\n<p>&nbsp;<\/p>\n<p>&nbsp;<\/p>\n<p>&nbsp;<\/p>\n<p>&nbsp;<\/p>\n<p>&nbsp;<\/p>\n<p>&nbsp;<\/p>\n","protected":false},"excerpt":{"rendered":"<p>Tras la multitudinaria marcha del pasado martes, el Gobierno apuesta a mejorar el v\u00ednculo con&#8230;<\/p>\n","protected":false},"author":1,"featured_media":15379,"comment_status":"closed","ping_status":"closed","sticky":false,"template":"","format":"standard","meta":{"footnotes":""},"categories":[5],"tags":[],"class_list":["post-15378","post","type-post","status-publish","format-standard","has-post-thumbnail","hentry","category-nacionales-internacionales"],"yoast_head":"<!-- This site is optimized with the Yoast SEO plugin v26.1.1 - https:\/\/yoast.com\/wordpress\/plugins\/seo\/ -->\n<title>TRAS LA MULTITUDINARIA MARCHA, EL GOBIERNO APUESTA A MEJORAR EL V\u00cdNCULO CON LAS UNIVERSIDADES - Apuntes de San Luis<\/title>\n<meta name=\"robots\" content=\"index, follow, max-snippet:-1, max-image-preview:large, max-video-preview:-1\" \/>\n<link rel=\"canonical\" href=\"https:\/\/apuntesdesanluis.com\/index.php\/2024\/04\/27\/tras-la-multitudinaria-marcha-el-gobierno-apuesta-a-mejorar-el-vinculo-con-las-universidades\/\" \/>\n<meta property=\"og:locale\" content=\"es_ES\" \/>\n<meta property=\"og:type\" content=\"article\" \/>\n<meta property=\"og:title\" content=\"TRAS LA MULTITUDINARIA MARCHA, EL GOBIERNO APUESTA A MEJORAR EL V\u00cdNCULO CON LAS UNIVERSIDADES - Apuntes de San Luis\" \/>\n<meta property=\"og:description\" content=\"Tras la multitudinaria marcha del pasado martes, el Gobierno apuesta a mejorar el v\u00ednculo con...\" \/>\n<meta property=\"og:url\" content=\"https:\/\/apuntesdesanluis.com\/index.php\/2024\/04\/27\/tras-la-multitudinaria-marcha-el-gobierno-apuesta-a-mejorar-el-vinculo-con-las-universidades\/\" \/>\n<meta property=\"og:site_name\" content=\"Apuntes de San Luis\" \/>\n<meta property=\"article:published_time\" content=\"2024-04-27T21:39:29+00:00\" \/>\n<meta property=\"og:image\" content=\"https:\/\/apuntesdesanluis.com\/wp-content\/uploads\/2024\/04\/MARCHA-FEDERAL-UNIVERSITARIA.png\" \/>\n\t<meta property=\"og:image:width\" content=\"745\" \/>\n\t<meta property=\"og:image:height\" content=\"431\" \/>\n\t<meta property=\"og:image:type\" content=\"image\/png\" \/>\n<meta name=\"author\" content=\"apuntesdesanluis.com\" \/>\n<meta name=\"twitter:card\" content=\"summary_large_image\" \/>\n<meta name=\"twitter:label1\" content=\"Escrito por\" \/>\n\t<meta name=\"twitter:data1\" content=\"apuntesdesanluis.com\" \/>\n\t<meta name=\"twitter:label2\" content=\"Tiempo de lectura\" \/>\n\t<meta name=\"twitter:data2\" content=\"2 minutos\" \/>\n<script type=\"application\/ld+json\" class=\"yoast-schema-graph\">{\"@context\":\"https:\/\/schema.org\",\"@graph\":[{\"@type\":\"Article\",\"@id\":\"https:\/\/apuntesdesanluis.com\/index.php\/2024\/04\/27\/tras-la-multitudinaria-marcha-el-gobierno-apuesta-a-mejorar-el-vinculo-con-las-universidades\/#article\",\"isPartOf\":{\"@id\":\"https:\/\/apuntesdesanluis.com\/index.php\/2024\/04\/27\/tras-la-multitudinaria-marcha-el-gobierno-apuesta-a-mejorar-el-vinculo-con-las-universidades\/\"},\"author\":{\"name\":\"apuntesdesanluis.com\",\"@id\":\"https:\/\/apuntesdesanluis.com\/#\/schema\/person\/b55151d52296fcce64d1a72538a70b90\"},\"headline\":\"TRAS LA MULTITUDINARIA MARCHA, EL GOBIERNO APUESTA A MEJORAR EL V\u00cdNCULO CON LAS UNIVERSIDADES\",\"datePublished\":\"2024-04-27T21:39:29+00:00\",\"mainEntityOfPage\":{\"@id\":\"https:\/\/apuntesdesanluis.com\/index.php\/2024\/04\/27\/tras-la-multitudinaria-marcha-el-gobierno-apuesta-a-mejorar-el-vinculo-con-las-universidades\/\"},\"wordCount\":275,\"publisher\":{\"@id\":\"https:\/\/apuntesdesanluis.com\/#\/schema\/person\/b55151d52296fcce64d1a72538a70b90\"},\"image\":{\"@id\":\"https:\/\/apuntesdesanluis.com\/index.php\/2024\/04\/27\/tras-la-multitudinaria-marcha-el-gobierno-apuesta-a-mejorar-el-vinculo-con-las-universidades\/#primaryimage\"},\"thumbnailUrl\":\"https:\/\/apuntesdesanluis.com\/wp-content\/uploads\/2024\/04\/MARCHA-FEDERAL-UNIVERSITARIA.png\",\"articleSection\":[\"Nacionales\/Internacionales\"],\"inLanguage\":\"es-AR\"},{\"@type\":\"WebPage\",\"@id\":\"https:\/\/apuntesdesanluis.com\/index.php\/2024\/04\/27\/tras-la-multitudinaria-marcha-el-gobierno-apuesta-a-mejorar-el-vinculo-con-las-universidades\/\",\"url\":\"https:\/\/apuntesdesanluis.com\/index.php\/2024\/04\/27\/tras-la-multitudinaria-marcha-el-gobierno-apuesta-a-mejorar-el-vinculo-con-las-universidades\/\",\"name\":\"TRAS LA MULTITUDINARIA MARCHA, EL GOBIERNO APUESTA A MEJORAR EL V\u00cdNCULO CON LAS UNIVERSIDADES - Apuntes de San Luis\",\"isPartOf\":{\"@id\":\"https:\/\/apuntesdesanluis.com\/#website\"},\"primaryImageOfPage\":{\"@id\":\"https:\/\/apuntesdesanluis.com\/index.php\/2024\/04\/27\/tras-la-multitudinaria-marcha-el-gobierno-apuesta-a-mejorar-el-vinculo-con-las-universidades\/#primaryimage\"},\"image\":{\"@id\":\"https:\/\/apuntesdesanluis.com\/index.php\/2024\/04\/27\/tras-la-multitudinaria-marcha-el-gobierno-apuesta-a-mejorar-el-vinculo-con-las-universidades\/#primaryimage\"},\"thumbnailUrl\":\"https:\/\/apuntesdesanluis.com\/wp-content\/uploads\/2024\/04\/MARCHA-FEDERAL-UNIVERSITARIA.png\",\"datePublished\":\"2024-04-27T21:39:29+00:00\",\"breadcrumb\":{\"@id\":\"https:\/\/apuntesdesanluis.com\/index.php\/2024\/04\/27\/tras-la-multitudinaria-marcha-el-gobierno-apuesta-a-mejorar-el-vinculo-con-las-universidades\/#breadcrumb\"},\"inLanguage\":\"es-AR\",\"potentialAction\":[{\"@type\":\"ReadAction\",\"target\":[\"https:\/\/apuntesdesanluis.com\/index.php\/2024\/04\/27\/tras-la-multitudinaria-marcha-el-gobierno-apuesta-a-mejorar-el-vinculo-con-las-universidades\/\"]}]},{\"@type\":\"ImageObject\",\"inLanguage\":\"es-AR\",\"@id\":\"https:\/\/apuntesdesanluis.com\/index.php\/2024\/04\/27\/tras-la-multitudinaria-marcha-el-gobierno-apuesta-a-mejorar-el-vinculo-con-las-universidades\/#primaryimage\",\"url\":\"https:\/\/apuntesdesanluis.com\/wp-content\/uploads\/2024\/04\/MARCHA-FEDERAL-UNIVERSITARIA.png\",\"contentUrl\":\"https:\/\/apuntesdesanluis.com\/wp-content\/uploads\/2024\/04\/MARCHA-FEDERAL-UNIVERSITARIA.png\",\"width\":745,\"height\":431},{\"@type\":\"BreadcrumbList\",\"@id\":\"https:\/\/apuntesdesanluis.com\/index.php\/2024\/04\/27\/tras-la-multitudinaria-marcha-el-gobierno-apuesta-a-mejorar-el-vinculo-con-las-universidades\/#breadcrumb\",\"itemListElement\":[{\"@type\":\"ListItem\",\"position\":1,\"name\":\"Inicio\",\"item\":\"https:\/\/apuntesdesanluis.com\/\"},{\"@type\":\"ListItem\",\"position\":2,\"name\":\"TRAS LA MULTITUDINARIA MARCHA, EL GOBIERNO APUESTA A MEJORAR EL V\u00cdNCULO CON LAS UNIVERSIDADES\"}]},{\"@type\":\"WebSite\",\"@id\":\"https:\/\/apuntesdesanluis.com\/#website\",\"url\":\"https:\/\/apuntesdesanluis.com\/\",\"name\":\"Apuntes de San Luis\",\"description\":\"\",\"publisher\":{\"@id\":\"https:\/\/apuntesdesanluis.com\/#\/schema\/person\/b55151d52296fcce64d1a72538a70b90\"},\"potentialAction\":[{\"@type\":\"SearchAction\",\"target\":{\"@type\":\"EntryPoint\",\"urlTemplate\":\"https:\/\/apuntesdesanluis.com\/?s={search_term_string}\"},\"query-input\":{\"@type\":\"PropertyValueSpecification\",\"valueRequired\":true,\"valueName\":\"search_term_string\"}}],\"inLanguage\":\"es-AR\"},{\"@type\":[\"Person\",\"Organization\"],\"@id\":\"https:\/\/apuntesdesanluis.com\/#\/schema\/person\/b55151d52296fcce64d1a72538a70b90\",\"name\":\"apuntesdesanluis.com\",\"image\":{\"@type\":\"ImageObject\",\"inLanguage\":\"es-AR\",\"@id\":\"https:\/\/apuntesdesanluis.com\/#\/schema\/person\/image\/\",\"url\":\"https:\/\/apuntesdesanluis.com\/wp-content\/uploads\/2023\/07\/cropped-apuntesdesanluis.png\",\"contentUrl\":\"https:\/\/apuntesdesanluis.com\/wp-content\/uploads\/2023\/07\/cropped-apuntesdesanluis.png\",\"width\":450,\"height\":112,\"caption\":\"apuntesdesanluis.com\"},\"logo\":{\"@id\":\"https:\/\/apuntesdesanluis.com\/#\/schema\/person\/image\/\"},\"sameAs\":[\"https:\/\/apuntesdesanluis.com\"],\"url\":\"https:\/\/apuntesdesanluis.com\/index.php\/author\/apuntesdesanluis-com\/\"}]}<\/script>\n<!-- \/ Yoast SEO plugin. -->","yoast_head_json":{"title":"TRAS LA MULTITUDINARIA MARCHA, EL GOBIERNO APUESTA A MEJORAR EL V\u00cdNCULO CON LAS UNIVERSIDADES - Apuntes de San Luis","robots":{"index":"index","follow":"follow","max-snippet":"max-snippet:-1","max-image-preview":"max-image-preview:large","max-video-preview":"max-video-preview:-1"},"canonical":"https:\/\/apuntesdesanluis.com\/index.php\/2024\/04\/27\/tras-la-multitudinaria-marcha-el-gobierno-apuesta-a-mejorar-el-vinculo-con-las-universidades\/","og_locale":"es_ES","og_type":"article","og_title":"TRAS LA MULTITUDINARIA MARCHA, EL GOBIERNO APUESTA A MEJORAR EL V\u00cdNCULO CON LAS UNIVERSIDADES - Apuntes de San Luis","og_description":"Tras la multitudinaria marcha del pasado martes, el Gobierno apuesta a mejorar el v\u00ednculo con...","og_url":"https:\/\/apuntesdesanluis.com\/index.php\/2024\/04\/27\/tras-la-multitudinaria-marcha-el-gobierno-apuesta-a-mejorar-el-vinculo-con-las-universidades\/","og_site_name":"Apuntes de San Luis","article_published_time":"2024-04-27T21:39:29+00:00","og_image":[{"width":745,"height":431,"url":"https:\/\/apuntesdesanluis.com\/wp-content\/uploads\/2024\/04\/MARCHA-FEDERAL-UNIVERSITARIA.png","type":"image\/png"}],"author":"apuntesdesanluis.com","twitter_card":"summary_large_image","twitter_misc":{"Escrito por":"apuntesdesanluis.com","Tiempo de lectura":"2 minutos"},"schema":{"@context":"https:\/\/schema.org","@graph":[{"@type":"Article","@id":"https:\/\/apuntesdesanluis.com\/index.php\/2024\/04\/27\/tras-la-multitudinaria-marcha-el-gobierno-apuesta-a-mejorar-el-vinculo-con-las-universidades\/#article","isPartOf":{"@id":"https:\/\/apuntesdesanluis.com\/index.php\/2024\/04\/27\/tras-la-multitudinaria-marcha-el-gobierno-apuesta-a-mejorar-el-vinculo-con-las-universidades\/"},"author":{"name":"apuntesdesanluis.com","@id":"https:\/\/apuntesdesanluis.com\/#\/schema\/person\/b55151d52296fcce64d1a72538a70b90"},"headline":"TRAS LA MULTITUDINARIA MARCHA, EL GOBIERNO APUESTA A MEJORAR EL V\u00cdNCULO CON LAS UNIVERSIDADES","datePublished":"2024-04-27T21:39:29+00:00","mainEntityOfPage":{"@id":"https:\/\/apuntesdesanluis.com\/index.php\/2024\/04\/27\/tras-la-multitudinaria-marcha-el-gobierno-apuesta-a-mejorar-el-vinculo-con-las-universidades\/"},"wordCount":275,"publisher":{"@id":"https:\/\/apuntesdesanluis.com\/#\/schema\/person\/b55151d52296fcce64d1a72538a70b90"},"image":{"@id":"https:\/\/apuntesdesanluis.com\/index.php\/2024\/04\/27\/tras-la-multitudinaria-marcha-el-gobierno-apuesta-a-mejorar-el-vinculo-con-las-universidades\/#primaryimage"},"thumbnailUrl":"https:\/\/apuntesdesanluis.com\/wp-content\/uploads\/2024\/04\/MARCHA-FEDERAL-UNIVERSITARIA.png","articleSection":["Nacionales\/Internacionales"],"inLanguage":"es-AR"},{"@type":"WebPage","@id":"https:\/\/apuntesdesanluis.com\/index.php\/2024\/04\/27\/tras-la-multitudinaria-marcha-el-gobierno-apuesta-a-mejorar-el-vinculo-con-las-universidades\/","url":"https:\/\/apuntesdesanluis.com\/index.php\/2024\/04\/27\/tras-la-multitudinaria-marcha-el-gobierno-apuesta-a-mejorar-el-vinculo-con-las-universidades\/","name":"TRAS LA MULTITUDINARIA MARCHA, EL GOBIERNO APUESTA A MEJORAR EL V\u00cdNCULO CON LAS UNIVERSIDADES - Apuntes de San Luis","isPartOf":{"@id":"https:\/\/apuntesdesanluis.com\/#website"},"primaryImageOfPage":{"@id":"https:\/\/apuntesdesanluis.com\/index.php\/2024\/04\/27\/tras-la-multitudinaria-marcha-el-gobierno-apuesta-a-mejorar-el-vinculo-con-las-universidades\/#primaryimage"},"image":{"@id":"https:\/\/apuntesdesanluis.com\/index.php\/2024\/04\/27\/tras-la-multitudinaria-marcha-el-gobierno-apuesta-a-mejorar-el-vinculo-con-las-universidades\/#primaryimage"},"thumbnailUrl":"https:\/\/apuntesdesanluis.com\/wp-content\/uploads\/2024\/04\/MARCHA-FEDERAL-UNIVERSITARIA.png","datePublished":"2024-04-27T21:39:29+00:00","breadcrumb":{"@id":"https:\/\/apuntesdesanluis.com\/index.php\/2024\/04\/27\/tras-la-multitudinaria-marcha-el-gobierno-apuesta-a-mejorar-el-vinculo-con-las-universidades\/#breadcrumb"},"inLanguage":"es-AR","potentialAction":[{"@type":"ReadAction","target":["https:\/\/apuntesdesanluis.com\/index.php\/2024\/04\/27\/tras-la-multitudinaria-marcha-el-gobierno-apuesta-a-mejorar-el-vinculo-con-las-universidades\/"]}]},{"@type":"ImageObject","inLanguage":"es-AR","@id":"https:\/\/apuntesdesanluis.com\/index.php\/2024\/04\/27\/tras-la-multitudinaria-marcha-el-gobierno-apuesta-a-mejorar-el-vinculo-con-las-universidades\/#primaryimage","url":"https:\/\/apuntesdesanluis.com\/wp-content\/uploads\/2024\/04\/MARCHA-FEDERAL-UNIVERSITARIA.png","contentUrl":"https:\/\/apuntesdesanluis.com\/wp-content\/uploads\/2024\/04\/MARCHA-FEDERAL-UNIVERSITARIA.png","width":745,"height":431},{"@type":"BreadcrumbList","@id":"https:\/\/apuntesdesanluis.com\/index.php\/2024\/04\/27\/tras-la-multitudinaria-marcha-el-gobierno-apuesta-a-mejorar-el-vinculo-con-las-universidades\/#breadcrumb","itemListElement":[{"@type":"ListItem","position":1,"name":"Inicio","item":"https:\/\/apuntesdesanluis.com\/"},{"@type":"ListItem","position":2,"name":"TRAS LA MULTITUDINARIA MARCHA, EL GOBIERNO APUESTA A MEJORAR EL V\u00cdNCULO CON LAS UNIVERSIDADES"}]},{"@type":"WebSite","@id":"https:\/\/apuntesdesanluis.com\/#website","url":"https:\/\/apuntesdesanluis.com\/","name":"Apuntes de San Luis","description":"","publisher":{"@id":"https:\/\/apuntesdesanluis.com\/#\/schema\/person\/b55151d52296fcce64d1a72538a70b90"},"potentialAction":[{"@type":"SearchAction","target":{"@type":"EntryPoint","urlTemplate":"https:\/\/apuntesdesanluis.com\/?s={search_term_string}"},"query-input":{"@type":"PropertyValueSpecification","valueRequired":true,"valueName":"search_term_string"}}],"inLanguage":"es-AR"},{"@type":["Person","Organization"],"@id":"https:\/\/apuntesdesanluis.com\/#\/schema\/person\/b55151d52296fcce64d1a72538a70b90","name":"apuntesdesanluis.com","image":{"@type":"ImageObject","inLanguage":"es-AR","@id":"https:\/\/apuntesdesanluis.com\/#\/schema\/person\/image\/","url":"https:\/\/apuntesdesanluis.com\/wp-content\/uploads\/2023\/07\/cropped-apuntesdesanluis.png","contentUrl":"https:\/\/apuntesdesanluis.com\/wp-content\/uploads\/2023\/07\/cropped-apuntesdesanluis.png","width":450,"height":112,"caption":"apuntesdesanluis.com"},"logo":{"@id":"https:\/\/apuntesdesanluis.com\/#\/schema\/person\/image\/"},"sameAs":["https:\/\/apuntesdesanluis.com"],"url":"https:\/\/apuntesdesanluis.com\/index.php\/author\/apuntesdesanluis-com\/"}]}},"featured_image_urls":{"full":["https:\/\/apuntesdesanluis.com\/wp-content\/uploads\/2024\/04\/MARCHA-FEDERAL-UNIVERSITARIA.png",745,431,false],"thumbnail":["https:\/\/apuntesdesanluis.com\/wp-content\/uploads\/2024\/04\/MARCHA-FEDERAL-UNIVERSITARIA-150x150.png",150,150,true],"medium":["https:\/\/apuntesdesanluis.com\/wp-content\/uploads\/2024\/04\/MARCHA-FEDERAL-UNIVERSITARIA-300x174.png",300,174,true],"medium_large":["https:\/\/apuntesdesanluis.com\/wp-content\/uploads\/2024\/04\/MARCHA-FEDERAL-UNIVERSITARIA.png",640,370,false],"large":["https:\/\/apuntesdesanluis.com\/wp-content\/uploads\/2024\/04\/MARCHA-FEDERAL-UNIVERSITARIA.png",640,370,false],"1536x1536":["https:\/\/apuntesdesanluis.com\/wp-content\/uploads\/2024\/04\/MARCHA-FEDERAL-UNIVERSITARIA.png",745,431,false],"2048x2048":["https:\/\/apuntesdesanluis.com\/wp-content\/uploads\/2024\/04\/MARCHA-FEDERAL-UNIVERSITARIA.png",745,431,false],"newsever-slider-full":["https:\/\/apuntesdesanluis.com\/wp-content\/uploads\/2024\/04\/MARCHA-FEDERAL-UNIVERSITARIA.png",745,431,false],"newsever-featured":["https:\/\/apuntesdesanluis.com\/wp-content\/uploads\/2024\/04\/MARCHA-FEDERAL-UNIVERSITARIA.png",745,431,false],"newsever-medium":["https:\/\/apuntesdesanluis.com\/wp-content\/uploads\/2024\/04\/MARCHA-FEDERAL-UNIVERSITARIA-720x431.png",720,431,true]},"author_info":{"display_name":"apuntesdesanluis.com","author_link":"https:\/\/apuntesdesanluis.com\/index.php\/author\/apuntesdesanluis-com\/"},"category_info":"<a href=\"https:\/\/apuntesdesanluis.com\/index.php\/category\/nacionales-internacionales\/\" rel=\"category tag\">Nacionales\/Internacionales<\/a>","tag_info":"Nacionales\/Internacionales","comment_count":"0","_links":{"self":[{"href":"https:\/\/apuntesdesanluis.com\/index.php\/wp-json\/wp\/v2\/posts\/15378","targetHints":{"allow":["GET"]}}],"collection":[{"href":"https:\/\/apuntesdesanluis.com\/index.php\/wp-json\/wp\/v2\/posts"}],"about":[{"href":"https:\/\/apuntesdesanluis.com\/index.php\/wp-json\/wp\/v2\/types\/post"}],"author":[{"embeddable":true,"href":"https:\/\/apuntesdesanluis.com\/index.php\/wp-json\/wp\/v2\/users\/1"}],"replies":[{"embeddable":true,"href":"https:\/\/apuntesdesanluis.com\/index.php\/wp-json\/wp\/v2\/comments?post=15378"}],"version-history":[{"count":1,"href":"https:\/\/apuntesdesanluis.com\/index.php\/wp-json\/wp\/v2\/posts\/15378\/revisions"}],"predecessor-version":[{"id":15380,"href":"https:\/\/apuntesdesanluis.com\/index.php\/wp-json\/wp\/v2\/posts\/15378\/revisions\/15380"}],"wp:featuredmedia":[{"embeddable":true,"href":"https:\/\/apuntesdesanluis.com\/index.php\/wp-json\/wp\/v2\/media\/15379"}],"wp:attachment":[{"href":"https:\/\/apuntesdesanluis.com\/index.php\/wp-json\/wp\/v2\/media?parent=15378"}],"wp:term":[{"taxonomy":"category","embeddable":true,"href":"https:\/\/apuntesdesanluis.com\/index.php\/wp-json\/wp\/v2\/categories?post=15378"},{"taxonomy":"post_tag","embeddable":true,"href":"https:\/\/apuntesdesanluis.com\/index.php\/wp-json\/wp\/v2\/tags?post=15378"}],"curies":[{"name":"wp","href":"https:\/\/api.w.org\/{rel}","templated":true}]}}