{"id":1540,"date":"2023-08-14T10:00:46","date_gmt":"2023-08-14T13:00:46","guid":{"rendered":"https:\/\/apuntesdesanluis.com\/?p=1540"},"modified":"2023-08-14T10:01:02","modified_gmt":"2023-08-14T13:01:02","slug":"el-dipy-supero-a-juntos-por-el-cambio-en-la-matanza-y-salio-segundo-detras-de-fernando-espinoza","status":"publish","type":"post","link":"https:\/\/apuntesdesanluis.com\/index.php\/2023\/08\/14\/el-dipy-supero-a-juntos-por-el-cambio-en-la-matanza-y-salio-segundo-detras-de-fernando-espinoza\/","title":{"rendered":"EL DIPY SUPER\u00d3 A JUNTOS POR EL CAMBIO EN LA MATANZA Y SALI\u00d3 SEGUNDO DETR\u00c1S DE FERNANDO ESPINOZA"},"content":{"rendered":"<h3>El artista, cuyo nombre es<strong>\u00a0David Adri\u00e1n Mart\u00ednez<\/strong>,\u00a0que se postul\u00f3 como candidato a intendente de La Libertad Avanza, fue la segunda fuerza en uno de los distritos m\u00e1s poblados de la provincia de Buenos Aires. En La Matanza el triunfo correspondi\u00f3 al hist\u00f3rico<strong> Fernando Espinoza<\/strong>, de Uni\u00f3n por la Patria.<\/h3>\n<h3>El cantante de cumbia se hab\u00eda postulado de la mano del economista y actual diputado Javier Milei, liderando su partido, La libertad Avanza, con el cual hizo una elecci\u00f3n muy positiva obteniendo el 23,13% de los votos.<\/h3>\n<h3>En este marco, el artista le gan\u00f3 a Juntos por el Cambio (22,96%) y al Frente de Izquierda (5,02%). Sin embargo, cabe destacar que fue Fernando Espinoza, candidato de Uni\u00f3n por la Patria, quien se llev\u00f3 la victoria con un 44,81% de los votos, logrando retener el espacio hist\u00f3ricamente peronista desde el 2005, que asumi\u00f3 el justicialista Alberto Balestrini.<\/h3>\n<h3>David Adri\u00e1n Mart\u00ednez es un conocido cantante de cumbia villera, DJ y piloto de automovilismo, pero fue hace unos a\u00f1os que decidi\u00f3 adentrarse en el mundo de la pol\u00edtica, oficializando su participaci\u00f3n en estas elecciones el pasado 23 de mayo, d\u00eda en el que comunic\u00f3 p\u00fablicamente que ser\u00eda el candidato de Javier Milei en la intendencia de La Matanza.<\/h3>\n<h3>Nacido en Gualeguaych\u00fa, Entre R\u00edos, el 3 de diciembre de 1977, luego de hacer cada vez m\u00e1s visibles sus opiniones pol\u00edticas, tanto en las redes sociales como en diferentes espacios televisivos, el cantante se llev\u00f3 el segundo lugar en las elecciones a intendente del distrito m\u00e1s pujante de Buenos Aires.<\/h3>\n","protected":false},"excerpt":{"rendered":"<p>El artista, cuyo nombre es\u00a0David Adri\u00e1n Mart\u00ednez,\u00a0que se postul\u00f3 como candidato a intendente de La&#8230;<\/p>\n","protected":false},"author":1,"featured_media":1541,"comment_status":"closed","ping_status":"closed","sticky":false,"template":"","format":"standard","meta":{"footnotes":""},"categories":[5],"tags":[],"class_list":["post-1540","post","type-post","status-publish","format-standard","has-post-thumbnail","hentry","category-nacionales-internacionales"],"yoast_head":"<!-- This site is optimized with the Yoast SEO plugin v26.1.1 - https:\/\/yoast.com\/wordpress\/plugins\/seo\/ -->\n<title>EL DIPY SUPER\u00d3 A JUNTOS POR EL CAMBIO EN LA MATANZA Y SALI\u00d3 SEGUNDO DETR\u00c1S DE FERNANDO ESPINOZA - Apuntes de San Luis<\/title>\n<meta name=\"robots\" content=\"index, follow, max-snippet:-1, max-image-preview:large, max-video-preview:-1\" \/>\n<link rel=\"canonical\" href=\"https:\/\/apuntesdesanluis.com\/index.php\/2023\/08\/14\/el-dipy-supero-a-juntos-por-el-cambio-en-la-matanza-y-salio-segundo-detras-de-fernando-espinoza\/\" \/>\n<meta property=\"og:locale\" content=\"es_ES\" \/>\n<meta property=\"og:type\" content=\"article\" \/>\n<meta property=\"og:title\" content=\"EL DIPY SUPER\u00d3 A JUNTOS POR EL CAMBIO EN LA MATANZA Y SALI\u00d3 SEGUNDO DETR\u00c1S DE FERNANDO ESPINOZA - Apuntes de San Luis\" \/>\n<meta property=\"og:description\" content=\"El artista, cuyo nombre es\u00a0David Adri\u00e1n Mart\u00ednez,\u00a0que se postul\u00f3 como candidato a intendente de La...\" \/>\n<meta property=\"og:url\" content=\"https:\/\/apuntesdesanluis.com\/index.php\/2023\/08\/14\/el-dipy-supero-a-juntos-por-el-cambio-en-la-matanza-y-salio-segundo-detras-de-fernando-espinoza\/\" \/>\n<meta property=\"og:site_name\" content=\"Apuntes de San Luis\" \/>\n<meta property=\"article:published_time\" content=\"2023-08-14T13:00:46+00:00\" \/>\n<meta property=\"article:modified_time\" content=\"2023-08-14T13:01:02+00:00\" \/>\n<meta property=\"og:image\" content=\"https:\/\/apuntesdesanluis.com\/wp-content\/uploads\/2023\/08\/el-dippy.png\" \/>\n\t<meta property=\"og:image:width\" content=\"600\" \/>\n\t<meta property=\"og:image:height\" content=\"408\" \/>\n\t<meta property=\"og:image:type\" content=\"image\/png\" \/>\n<meta name=\"author\" content=\"apuntesdesanluis.com\" \/>\n<meta name=\"twitter:card\" content=\"summary_large_image\" \/>\n<meta name=\"twitter:label1\" content=\"Escrito por\" \/>\n\t<meta name=\"twitter:data1\" content=\"apuntesdesanluis.com\" \/>\n\t<meta name=\"twitter:label2\" content=\"Tiempo de lectura\" \/>\n\t<meta name=\"twitter:data2\" content=\"2 minutos\" \/>\n<script type=\"application\/ld+json\" class=\"yoast-schema-graph\">{\"@context\":\"https:\/\/schema.org\",\"@graph\":[{\"@type\":\"Article\",\"@id\":\"https:\/\/apuntesdesanluis.com\/index.php\/2023\/08\/14\/el-dipy-supero-a-juntos-por-el-cambio-en-la-matanza-y-salio-segundo-detras-de-fernando-espinoza\/#article\",\"isPartOf\":{\"@id\":\"https:\/\/apuntesdesanluis.com\/index.php\/2023\/08\/14\/el-dipy-supero-a-juntos-por-el-cambio-en-la-matanza-y-salio-segundo-detras-de-fernando-espinoza\/\"},\"author\":{\"name\":\"apuntesdesanluis.com\",\"@id\":\"https:\/\/apuntesdesanluis.com\/#\/schema\/person\/b55151d52296fcce64d1a72538a70b90\"},\"headline\":\"EL DIPY SUPER\u00d3 A JUNTOS POR EL CAMBIO EN LA MATANZA Y SALI\u00d3 SEGUNDO DETR\u00c1S DE FERNANDO ESPINOZA\",\"datePublished\":\"2023-08-14T13:00:46+00:00\",\"dateModified\":\"2023-08-14T13:01:02+00:00\",\"mainEntityOfPage\":{\"@id\":\"https:\/\/apuntesdesanluis.com\/index.php\/2023\/08\/14\/el-dipy-supero-a-juntos-por-el-cambio-en-la-matanza-y-salio-segundo-detras-de-fernando-espinoza\/\"},\"wordCount\":288,\"publisher\":{\"@id\":\"https:\/\/apuntesdesanluis.com\/#\/schema\/person\/b55151d52296fcce64d1a72538a70b90\"},\"image\":{\"@id\":\"https:\/\/apuntesdesanluis.com\/index.php\/2023\/08\/14\/el-dipy-supero-a-juntos-por-el-cambio-en-la-matanza-y-salio-segundo-detras-de-fernando-espinoza\/#primaryimage\"},\"thumbnailUrl\":\"https:\/\/apuntesdesanluis.com\/wp-content\/uploads\/2023\/08\/el-dippy.png\",\"articleSection\":[\"Nacionales\/Internacionales\"],\"inLanguage\":\"es-AR\"},{\"@type\":\"WebPage\",\"@id\":\"https:\/\/apuntesdesanluis.com\/index.php\/2023\/08\/14\/el-dipy-supero-a-juntos-por-el-cambio-en-la-matanza-y-salio-segundo-detras-de-fernando-espinoza\/\",\"url\":\"https:\/\/apuntesdesanluis.com\/index.php\/2023\/08\/14\/el-dipy-supero-a-juntos-por-el-cambio-en-la-matanza-y-salio-segundo-detras-de-fernando-espinoza\/\",\"name\":\"EL DIPY SUPER\u00d3 A JUNTOS POR EL CAMBIO EN LA MATANZA Y SALI\u00d3 SEGUNDO DETR\u00c1S DE FERNANDO ESPINOZA - Apuntes de San Luis\",\"isPartOf\":{\"@id\":\"https:\/\/apuntesdesanluis.com\/#website\"},\"primaryImageOfPage\":{\"@id\":\"https:\/\/apuntesdesanluis.com\/index.php\/2023\/08\/14\/el-dipy-supero-a-juntos-por-el-cambio-en-la-matanza-y-salio-segundo-detras-de-fernando-espinoza\/#primaryimage\"},\"image\":{\"@id\":\"https:\/\/apuntesdesanluis.com\/index.php\/2023\/08\/14\/el-dipy-supero-a-juntos-por-el-cambio-en-la-matanza-y-salio-segundo-detras-de-fernando-espinoza\/#primaryimage\"},\"thumbnailUrl\":\"https:\/\/apuntesdesanluis.com\/wp-content\/uploads\/2023\/08\/el-dippy.png\",\"datePublished\":\"2023-08-14T13:00:46+00:00\",\"dateModified\":\"2023-08-14T13:01:02+00:00\",\"breadcrumb\":{\"@id\":\"https:\/\/apuntesdesanluis.com\/index.php\/2023\/08\/14\/el-dipy-supero-a-juntos-por-el-cambio-en-la-matanza-y-salio-segundo-detras-de-fernando-espinoza\/#breadcrumb\"},\"inLanguage\":\"es-AR\",\"potentialAction\":[{\"@type\":\"ReadAction\",\"target\":[\"https:\/\/apuntesdesanluis.com\/index.php\/2023\/08\/14\/el-dipy-supero-a-juntos-por-el-cambio-en-la-matanza-y-salio-segundo-detras-de-fernando-espinoza\/\"]}]},{\"@type\":\"ImageObject\",\"inLanguage\":\"es-AR\",\"@id\":\"https:\/\/apuntesdesanluis.com\/index.php\/2023\/08\/14\/el-dipy-supero-a-juntos-por-el-cambio-en-la-matanza-y-salio-segundo-detras-de-fernando-espinoza\/#primaryimage\",\"url\":\"https:\/\/apuntesdesanluis.com\/wp-content\/uploads\/2023\/08\/el-dippy.png\",\"contentUrl\":\"https:\/\/apuntesdesanluis.com\/wp-content\/uploads\/2023\/08\/el-dippy.png\",\"width\":600,\"height\":408},{\"@type\":\"BreadcrumbList\",\"@id\":\"https:\/\/apuntesdesanluis.com\/index.php\/2023\/08\/14\/el-dipy-supero-a-juntos-por-el-cambio-en-la-matanza-y-salio-segundo-detras-de-fernando-espinoza\/#breadcrumb\",\"itemListElement\":[{\"@type\":\"ListItem\",\"position\":1,\"name\":\"Inicio\",\"item\":\"https:\/\/apuntesdesanluis.com\/\"},{\"@type\":\"ListItem\",\"position\":2,\"name\":\"EL DIPY SUPER\u00d3 A JUNTOS POR EL CAMBIO EN LA MATANZA Y SALI\u00d3 SEGUNDO DETR\u00c1S DE FERNANDO ESPINOZA\"}]},{\"@type\":\"WebSite\",\"@id\":\"https:\/\/apuntesdesanluis.com\/#website\",\"url\":\"https:\/\/apuntesdesanluis.com\/\",\"name\":\"Apuntes de San Luis\",\"description\":\"\",\"publisher\":{\"@id\":\"https:\/\/apuntesdesanluis.com\/#\/schema\/person\/b55151d52296fcce64d1a72538a70b90\"},\"potentialAction\":[{\"@type\":\"SearchAction\",\"target\":{\"@type\":\"EntryPoint\",\"urlTemplate\":\"https:\/\/apuntesdesanluis.com\/?s={search_term_string}\"},\"query-input\":{\"@type\":\"PropertyValueSpecification\",\"valueRequired\":true,\"valueName\":\"search_term_string\"}}],\"inLanguage\":\"es-AR\"},{\"@type\":[\"Person\",\"Organization\"],\"@id\":\"https:\/\/apuntesdesanluis.com\/#\/schema\/person\/b55151d52296fcce64d1a72538a70b90\",\"name\":\"apuntesdesanluis.com\",\"image\":{\"@type\":\"ImageObject\",\"inLanguage\":\"es-AR\",\"@id\":\"https:\/\/apuntesdesanluis.com\/#\/schema\/person\/image\/\",\"url\":\"https:\/\/apuntesdesanluis.com\/wp-content\/uploads\/2023\/07\/cropped-apuntesdesanluis.png\",\"contentUrl\":\"https:\/\/apuntesdesanluis.com\/wp-content\/uploads\/2023\/07\/cropped-apuntesdesanluis.png\",\"width\":450,\"height\":112,\"caption\":\"apuntesdesanluis.com\"},\"logo\":{\"@id\":\"https:\/\/apuntesdesanluis.com\/#\/schema\/person\/image\/\"},\"sameAs\":[\"https:\/\/apuntesdesanluis.com\"],\"url\":\"https:\/\/apuntesdesanluis.com\/index.php\/author\/apuntesdesanluis-com\/\"}]}<\/script>\n<!-- \/ Yoast SEO plugin. -->","yoast_head_json":{"title":"EL DIPY SUPER\u00d3 A JUNTOS POR EL CAMBIO EN LA MATANZA Y SALI\u00d3 SEGUNDO DETR\u00c1S DE FERNANDO ESPINOZA - Apuntes de San Luis","robots":{"index":"index","follow":"follow","max-snippet":"max-snippet:-1","max-image-preview":"max-image-preview:large","max-video-preview":"max-video-preview:-1"},"canonical":"https:\/\/apuntesdesanluis.com\/index.php\/2023\/08\/14\/el-dipy-supero-a-juntos-por-el-cambio-en-la-matanza-y-salio-segundo-detras-de-fernando-espinoza\/","og_locale":"es_ES","og_type":"article","og_title":"EL DIPY SUPER\u00d3 A JUNTOS POR EL CAMBIO EN LA MATANZA Y SALI\u00d3 SEGUNDO DETR\u00c1S DE FERNANDO ESPINOZA - Apuntes de San Luis","og_description":"El artista, cuyo nombre es\u00a0David Adri\u00e1n Mart\u00ednez,\u00a0que se postul\u00f3 como candidato a intendente de La...","og_url":"https:\/\/apuntesdesanluis.com\/index.php\/2023\/08\/14\/el-dipy-supero-a-juntos-por-el-cambio-en-la-matanza-y-salio-segundo-detras-de-fernando-espinoza\/","og_site_name":"Apuntes de San Luis","article_published_time":"2023-08-14T13:00:46+00:00","article_modified_time":"2023-08-14T13:01:02+00:00","og_image":[{"width":600,"height":408,"url":"https:\/\/apuntesdesanluis.com\/wp-content\/uploads\/2023\/08\/el-dippy.png","type":"image\/png"}],"author":"apuntesdesanluis.com","twitter_card":"summary_large_image","twitter_misc":{"Escrito por":"apuntesdesanluis.com","Tiempo de lectura":"2 minutos"},"schema":{"@context":"https:\/\/schema.org","@graph":[{"@type":"Article","@id":"https:\/\/apuntesdesanluis.com\/index.php\/2023\/08\/14\/el-dipy-supero-a-juntos-por-el-cambio-en-la-matanza-y-salio-segundo-detras-de-fernando-espinoza\/#article","isPartOf":{"@id":"https:\/\/apuntesdesanluis.com\/index.php\/2023\/08\/14\/el-dipy-supero-a-juntos-por-el-cambio-en-la-matanza-y-salio-segundo-detras-de-fernando-espinoza\/"},"author":{"name":"apuntesdesanluis.com","@id":"https:\/\/apuntesdesanluis.com\/#\/schema\/person\/b55151d52296fcce64d1a72538a70b90"},"headline":"EL DIPY SUPER\u00d3 A JUNTOS POR EL CAMBIO EN LA MATANZA Y SALI\u00d3 SEGUNDO DETR\u00c1S DE FERNANDO ESPINOZA","datePublished":"2023-08-14T13:00:46+00:00","dateModified":"2023-08-14T13:01:02+00:00","mainEntityOfPage":{"@id":"https:\/\/apuntesdesanluis.com\/index.php\/2023\/08\/14\/el-dipy-supero-a-juntos-por-el-cambio-en-la-matanza-y-salio-segundo-detras-de-fernando-espinoza\/"},"wordCount":288,"publisher":{"@id":"https:\/\/apuntesdesanluis.com\/#\/schema\/person\/b55151d52296fcce64d1a72538a70b90"},"image":{"@id":"https:\/\/apuntesdesanluis.com\/index.php\/2023\/08\/14\/el-dipy-supero-a-juntos-por-el-cambio-en-la-matanza-y-salio-segundo-detras-de-fernando-espinoza\/#primaryimage"},"thumbnailUrl":"https:\/\/apuntesdesanluis.com\/wp-content\/uploads\/2023\/08\/el-dippy.png","articleSection":["Nacionales\/Internacionales"],"inLanguage":"es-AR"},{"@type":"WebPage","@id":"https:\/\/apuntesdesanluis.com\/index.php\/2023\/08\/14\/el-dipy-supero-a-juntos-por-el-cambio-en-la-matanza-y-salio-segundo-detras-de-fernando-espinoza\/","url":"https:\/\/apuntesdesanluis.com\/index.php\/2023\/08\/14\/el-dipy-supero-a-juntos-por-el-cambio-en-la-matanza-y-salio-segundo-detras-de-fernando-espinoza\/","name":"EL DIPY SUPER\u00d3 A JUNTOS POR EL CAMBIO EN LA MATANZA Y SALI\u00d3 SEGUNDO DETR\u00c1S DE FERNANDO ESPINOZA - Apuntes de San Luis","isPartOf":{"@id":"https:\/\/apuntesdesanluis.com\/#website"},"primaryImageOfPage":{"@id":"https:\/\/apuntesdesanluis.com\/index.php\/2023\/08\/14\/el-dipy-supero-a-juntos-por-el-cambio-en-la-matanza-y-salio-segundo-detras-de-fernando-espinoza\/#primaryimage"},"image":{"@id":"https:\/\/apuntesdesanluis.com\/index.php\/2023\/08\/14\/el-dipy-supero-a-juntos-por-el-cambio-en-la-matanza-y-salio-segundo-detras-de-fernando-espinoza\/#primaryimage"},"thumbnailUrl":"https:\/\/apuntesdesanluis.com\/wp-content\/uploads\/2023\/08\/el-dippy.png","datePublished":"2023-08-14T13:00:46+00:00","dateModified":"2023-08-14T13:01:02+00:00","breadcrumb":{"@id":"https:\/\/apuntesdesanluis.com\/index.php\/2023\/08\/14\/el-dipy-supero-a-juntos-por-el-cambio-en-la-matanza-y-salio-segundo-detras-de-fernando-espinoza\/#breadcrumb"},"inLanguage":"es-AR","potentialAction":[{"@type":"ReadAction","target":["https:\/\/apuntesdesanluis.com\/index.php\/2023\/08\/14\/el-dipy-supero-a-juntos-por-el-cambio-en-la-matanza-y-salio-segundo-detras-de-fernando-espinoza\/"]}]},{"@type":"ImageObject","inLanguage":"es-AR","@id":"https:\/\/apuntesdesanluis.com\/index.php\/2023\/08\/14\/el-dipy-supero-a-juntos-por-el-cambio-en-la-matanza-y-salio-segundo-detras-de-fernando-espinoza\/#primaryimage","url":"https:\/\/apuntesdesanluis.com\/wp-content\/uploads\/2023\/08\/el-dippy.png","contentUrl":"https:\/\/apuntesdesanluis.com\/wp-content\/uploads\/2023\/08\/el-dippy.png","width":600,"height":408},{"@type":"BreadcrumbList","@id":"https:\/\/apuntesdesanluis.com\/index.php\/2023\/08\/14\/el-dipy-supero-a-juntos-por-el-cambio-en-la-matanza-y-salio-segundo-detras-de-fernando-espinoza\/#breadcrumb","itemListElement":[{"@type":"ListItem","position":1,"name":"Inicio","item":"https:\/\/apuntesdesanluis.com\/"},{"@type":"ListItem","position":2,"name":"EL DIPY SUPER\u00d3 A JUNTOS POR EL CAMBIO EN LA MATANZA Y SALI\u00d3 SEGUNDO DETR\u00c1S DE FERNANDO ESPINOZA"}]},{"@type":"WebSite","@id":"https:\/\/apuntesdesanluis.com\/#website","url":"https:\/\/apuntesdesanluis.com\/","name":"Apuntes de San Luis","description":"","publisher":{"@id":"https:\/\/apuntesdesanluis.com\/#\/schema\/person\/b55151d52296fcce64d1a72538a70b90"},"potentialAction":[{"@type":"SearchAction","target":{"@type":"EntryPoint","urlTemplate":"https:\/\/apuntesdesanluis.com\/?s={search_term_string}"},"query-input":{"@type":"PropertyValueSpecification","valueRequired":true,"valueName":"search_term_string"}}],"inLanguage":"es-AR"},{"@type":["Person","Organization"],"@id":"https:\/\/apuntesdesanluis.com\/#\/schema\/person\/b55151d52296fcce64d1a72538a70b90","name":"apuntesdesanluis.com","image":{"@type":"ImageObject","inLanguage":"es-AR","@id":"https:\/\/apuntesdesanluis.com\/#\/schema\/person\/image\/","url":"https:\/\/apuntesdesanluis.com\/wp-content\/uploads\/2023\/07\/cropped-apuntesdesanluis.png","contentUrl":"https:\/\/apuntesdesanluis.com\/wp-content\/uploads\/2023\/07\/cropped-apuntesdesanluis.png","width":450,"height":112,"caption":"apuntesdesanluis.com"},"logo":{"@id":"https:\/\/apuntesdesanluis.com\/#\/schema\/person\/image\/"},"sameAs":["https:\/\/apuntesdesanluis.com"],"url":"https:\/\/apuntesdesanluis.com\/index.php\/author\/apuntesdesanluis-com\/"}]}},"featured_image_urls":{"full":["https:\/\/apuntesdesanluis.com\/wp-content\/uploads\/2023\/08\/el-dippy.png",600,408,false],"thumbnail":["https:\/\/apuntesdesanluis.com\/wp-content\/uploads\/2023\/08\/el-dippy-150x150.png",150,150,true],"medium":["https:\/\/apuntesdesanluis.com\/wp-content\/uploads\/2023\/08\/el-dippy-300x204.png",300,204,true],"medium_large":["https:\/\/apuntesdesanluis.com\/wp-content\/uploads\/2023\/08\/el-dippy.png",600,408,false],"large":["https:\/\/apuntesdesanluis.com\/wp-content\/uploads\/2023\/08\/el-dippy.png",600,408,false],"1536x1536":["https:\/\/apuntesdesanluis.com\/wp-content\/uploads\/2023\/08\/el-dippy.png",600,408,false],"2048x2048":["https:\/\/apuntesdesanluis.com\/wp-content\/uploads\/2023\/08\/el-dippy.png",600,408,false],"newsever-slider-full":["https:\/\/apuntesdesanluis.com\/wp-content\/uploads\/2023\/08\/el-dippy.png",600,408,false],"newsever-featured":["https:\/\/apuntesdesanluis.com\/wp-content\/uploads\/2023\/08\/el-dippy.png",600,408,false],"newsever-medium":["https:\/\/apuntesdesanluis.com\/wp-content\/uploads\/2023\/08\/el-dippy.png",600,408,false]},"author_info":{"display_name":"apuntesdesanluis.com","author_link":"https:\/\/apuntesdesanluis.com\/index.php\/author\/apuntesdesanluis-com\/"},"category_info":"<a href=\"https:\/\/apuntesdesanluis.com\/index.php\/category\/nacionales-internacionales\/\" rel=\"category tag\">Nacionales\/Internacionales<\/a>","tag_info":"Nacionales\/Internacionales","comment_count":"0","_links":{"self":[{"href":"https:\/\/apuntesdesanluis.com\/index.php\/wp-json\/wp\/v2\/posts\/1540","targetHints":{"allow":["GET"]}}],"collection":[{"href":"https:\/\/apuntesdesanluis.com\/index.php\/wp-json\/wp\/v2\/posts"}],"about":[{"href":"https:\/\/apuntesdesanluis.com\/index.php\/wp-json\/wp\/v2\/types\/post"}],"author":[{"embeddable":true,"href":"https:\/\/apuntesdesanluis.com\/index.php\/wp-json\/wp\/v2\/users\/1"}],"replies":[{"embeddable":true,"href":"https:\/\/apuntesdesanluis.com\/index.php\/wp-json\/wp\/v2\/comments?post=1540"}],"version-history":[{"count":1,"href":"https:\/\/apuntesdesanluis.com\/index.php\/wp-json\/wp\/v2\/posts\/1540\/revisions"}],"predecessor-version":[{"id":1542,"href":"https:\/\/apuntesdesanluis.com\/index.php\/wp-json\/wp\/v2\/posts\/1540\/revisions\/1542"}],"wp:featuredmedia":[{"embeddable":true,"href":"https:\/\/apuntesdesanluis.com\/index.php\/wp-json\/wp\/v2\/media\/1541"}],"wp:attachment":[{"href":"https:\/\/apuntesdesanluis.com\/index.php\/wp-json\/wp\/v2\/media?parent=1540"}],"wp:term":[{"taxonomy":"category","embeddable":true,"href":"https:\/\/apuntesdesanluis.com\/index.php\/wp-json\/wp\/v2\/categories?post=1540"},{"taxonomy":"post_tag","embeddable":true,"href":"https:\/\/apuntesdesanluis.com\/index.php\/wp-json\/wp\/v2\/tags?post=1540"}],"curies":[{"name":"wp","href":"https:\/\/api.w.org\/{rel}","templated":true}]}}