{"id":15423,"date":"2024-04-28T18:07:08","date_gmt":"2024-04-28T21:07:08","guid":{"rendered":"https:\/\/apuntesdesanluis.com\/?p=15423"},"modified":"2024-04-28T18:07:08","modified_gmt":"2024-04-28T21:07:08","slug":"la-cgt-realizara-una-marcha-por-el-dia-del-trabajador-con-el-segundo-paro-contra-milei-a-la-vuelta-de-la-esquina","status":"publish","type":"post","link":"https:\/\/apuntesdesanluis.com\/index.php\/2024\/04\/28\/la-cgt-realizara-una-marcha-por-el-dia-del-trabajador-con-el-segundo-paro-contra-milei-a-la-vuelta-de-la-esquina\/","title":{"rendered":"LA CGT REALIZAR\u00c1 UNA MARCHA POR EL D\u00cdA DEL TRABAJADOR CON EL SEGUNDO PARO CONTRA MILEI A LA VUELTA DE LA ESQUINA"},"content":{"rendered":"<h3>La <strong>Confederaci\u00f3n General del Trabajo (CGT)<\/strong> llevar\u00e1 a cabo una movilizaci\u00f3n este mi\u00e9rcoles 1\u00b0 de mayo, en el marco del <strong>D\u00eda del Trabajador y la Trabajadora<\/strong>, pocos d\u00edas antes que realice un paro nacional contra el Gobierno, el segundo desde que asumi\u00f3<strong> Javier Milei<\/strong> a la Presidencia.<\/h3>\n<h3>La central obrera ratific\u00f3 la semana pasada que har\u00e1 este mi\u00e9rcoles una marcha bajo el lema \u201cLa Patria no se vende\u201d. Fue convocada a partir de las 10 en la avenida Independencia y Defensa, en la Ciudad de Buenos Aires, desde donde se movilizar\u00e1n hasta el monumento al Trabajo, ubicado en la avenida Paseo Col\u00f3n al 800.<\/h3>\n<h3>\u201cLa Patria no se vende. En la calle para cambiar la vida. Los derechos se defienden\u201d, public\u00f3 en sus redes sociales la CGT el jueves pasado para ratificar la marcha que hab\u00edan anunciado d\u00edas atr\u00e1s.<\/h3>\n<h3>Esta nueva convocatoria de la CGT se da luego que participara tambi\u00e9n de la marcha nacional universitaria, junto con estudiantes y otros pol\u00edticos de la oposici\u00f3n, que se opusieron al recorte presupuestario de las universidades.<\/h3>\n<h3>\u201cLa reivindicaci\u00f3n tendr\u00e1 que ver no solamente con la conmemoraci\u00f3n de esta fecha hist\u00f3rica sino tambi\u00e9n tendr\u00e1 como agenda un documento del pa\u00eds que nosotros planteamos, en el que discutiremos cuestiones que se han desbaratado en este \u00faltimo tiempo\u201d, dijo el cotitular de la CCT H\u00e9ctor Daer, quien est\u00e1 al frente de la Federaci\u00f3n de Asociaciones de Trabajadores de la Sanidad de Argentina (FATSA).<\/h3>\n<h3><strong>LA CGT REALIZAR\u00c1 EL SEGUNDO PARO<\/strong><\/h3>\n<h3>En ese marco, y con su plan de lucha a\u00fan latente, la central obrera tambi\u00e9n confirm\u00f3 que el jueves 9 de mayo har\u00e1 el segundo paro nacional en contra del Gobierno.<\/h3>\n<h3>La CGT llev\u00f3 a cabo el pasado 24 de enero el primer paro nacional, junto con ambas CTA, la Aut\u00f3noma y la de los Trabajadores, contra Javier Milei.<\/h3>\n<h3>En concreto, mostraron sus diferencias respecto de dos propuestas del Gobierno como la \u201cley \u00f3mnibus\u201d y el Decreto de Necesidad y Urgencia (DNU) 70\/2023. Se produjo antes de que el Presidente llegara a los dos meses de mandato.<\/h3>\n<p>&nbsp;<\/p>\n<p>&nbsp;<\/p>\n<p>&nbsp;<\/p>\n","protected":false},"excerpt":{"rendered":"<p>La Confederaci\u00f3n General del Trabajo (CGT) llevar\u00e1 a cabo una movilizaci\u00f3n este mi\u00e9rcoles 1\u00b0 de&#8230;<\/p>\n","protected":false},"author":1,"featured_media":15424,"comment_status":"closed","ping_status":"closed","sticky":false,"template":"","format":"standard","meta":{"footnotes":""},"categories":[5],"tags":[],"class_list":["post-15423","post","type-post","status-publish","format-standard","has-post-thumbnail","hentry","category-nacionales-internacionales"],"yoast_head":"<!-- This site is optimized with the Yoast SEO plugin v26.1.1 - https:\/\/yoast.com\/wordpress\/plugins\/seo\/ -->\n<title>LA CGT REALIZAR\u00c1 UNA MARCHA POR EL D\u00cdA DEL TRABAJADOR CON EL SEGUNDO PARO CONTRA MILEI A LA VUELTA DE LA ESQUINA - Apuntes de San Luis<\/title>\n<meta name=\"robots\" content=\"index, follow, max-snippet:-1, max-image-preview:large, max-video-preview:-1\" \/>\n<link rel=\"canonical\" href=\"https:\/\/apuntesdesanluis.com\/index.php\/2024\/04\/28\/la-cgt-realizara-una-marcha-por-el-dia-del-trabajador-con-el-segundo-paro-contra-milei-a-la-vuelta-de-la-esquina\/\" \/>\n<meta property=\"og:locale\" content=\"es_ES\" \/>\n<meta property=\"og:type\" content=\"article\" \/>\n<meta property=\"og:title\" content=\"LA CGT REALIZAR\u00c1 UNA MARCHA POR EL D\u00cdA DEL TRABAJADOR CON EL SEGUNDO PARO CONTRA MILEI A LA VUELTA DE LA ESQUINA - Apuntes de San Luis\" \/>\n<meta property=\"og:description\" content=\"La Confederaci\u00f3n General del Trabajo (CGT) llevar\u00e1 a cabo una movilizaci\u00f3n este mi\u00e9rcoles 1\u00b0 de...\" \/>\n<meta property=\"og:url\" content=\"https:\/\/apuntesdesanluis.com\/index.php\/2024\/04\/28\/la-cgt-realizara-una-marcha-por-el-dia-del-trabajador-con-el-segundo-paro-contra-milei-a-la-vuelta-de-la-esquina\/\" \/>\n<meta property=\"og:site_name\" content=\"Apuntes de San Luis\" \/>\n<meta property=\"article:published_time\" content=\"2024-04-28T21:07:08+00:00\" \/>\n<meta property=\"og:image\" content=\"https:\/\/apuntesdesanluis.com\/wp-content\/uploads\/2024\/04\/daer-moyano-cgt.png\" \/>\n\t<meta property=\"og:image:width\" content=\"655\" \/>\n\t<meta property=\"og:image:height\" content=\"429\" \/>\n\t<meta property=\"og:image:type\" content=\"image\/png\" \/>\n<meta name=\"author\" content=\"apuntesdesanluis.com\" \/>\n<meta name=\"twitter:card\" content=\"summary_large_image\" \/>\n<meta name=\"twitter:label1\" content=\"Escrito por\" \/>\n\t<meta name=\"twitter:data1\" content=\"apuntesdesanluis.com\" \/>\n\t<meta name=\"twitter:label2\" content=\"Tiempo de lectura\" \/>\n\t<meta name=\"twitter:data2\" content=\"2 minutos\" \/>\n<script type=\"application\/ld+json\" class=\"yoast-schema-graph\">{\"@context\":\"https:\/\/schema.org\",\"@graph\":[{\"@type\":\"Article\",\"@id\":\"https:\/\/apuntesdesanluis.com\/index.php\/2024\/04\/28\/la-cgt-realizara-una-marcha-por-el-dia-del-trabajador-con-el-segundo-paro-contra-milei-a-la-vuelta-de-la-esquina\/#article\",\"isPartOf\":{\"@id\":\"https:\/\/apuntesdesanluis.com\/index.php\/2024\/04\/28\/la-cgt-realizara-una-marcha-por-el-dia-del-trabajador-con-el-segundo-paro-contra-milei-a-la-vuelta-de-la-esquina\/\"},\"author\":{\"name\":\"apuntesdesanluis.com\",\"@id\":\"https:\/\/apuntesdesanluis.com\/#\/schema\/person\/b55151d52296fcce64d1a72538a70b90\"},\"headline\":\"LA CGT REALIZAR\u00c1 UNA MARCHA POR EL D\u00cdA DEL TRABAJADOR CON EL SEGUNDO PARO CONTRA MILEI A LA VUELTA DE LA ESQUINA\",\"datePublished\":\"2024-04-28T21:07:08+00:00\",\"mainEntityOfPage\":{\"@id\":\"https:\/\/apuntesdesanluis.com\/index.php\/2024\/04\/28\/la-cgt-realizara-una-marcha-por-el-dia-del-trabajador-con-el-segundo-paro-contra-milei-a-la-vuelta-de-la-esquina\/\"},\"wordCount\":385,\"publisher\":{\"@id\":\"https:\/\/apuntesdesanluis.com\/#\/schema\/person\/b55151d52296fcce64d1a72538a70b90\"},\"image\":{\"@id\":\"https:\/\/apuntesdesanluis.com\/index.php\/2024\/04\/28\/la-cgt-realizara-una-marcha-por-el-dia-del-trabajador-con-el-segundo-paro-contra-milei-a-la-vuelta-de-la-esquina\/#primaryimage\"},\"thumbnailUrl\":\"https:\/\/apuntesdesanluis.com\/wp-content\/uploads\/2024\/04\/daer-moyano-cgt.png\",\"articleSection\":[\"Nacionales\/Internacionales\"],\"inLanguage\":\"es-AR\"},{\"@type\":\"WebPage\",\"@id\":\"https:\/\/apuntesdesanluis.com\/index.php\/2024\/04\/28\/la-cgt-realizara-una-marcha-por-el-dia-del-trabajador-con-el-segundo-paro-contra-milei-a-la-vuelta-de-la-esquina\/\",\"url\":\"https:\/\/apuntesdesanluis.com\/index.php\/2024\/04\/28\/la-cgt-realizara-una-marcha-por-el-dia-del-trabajador-con-el-segundo-paro-contra-milei-a-la-vuelta-de-la-esquina\/\",\"name\":\"LA CGT REALIZAR\u00c1 UNA MARCHA POR EL D\u00cdA DEL TRABAJADOR CON EL SEGUNDO PARO CONTRA MILEI A LA VUELTA DE LA ESQUINA - Apuntes de San Luis\",\"isPartOf\":{\"@id\":\"https:\/\/apuntesdesanluis.com\/#website\"},\"primaryImageOfPage\":{\"@id\":\"https:\/\/apuntesdesanluis.com\/index.php\/2024\/04\/28\/la-cgt-realizara-una-marcha-por-el-dia-del-trabajador-con-el-segundo-paro-contra-milei-a-la-vuelta-de-la-esquina\/#primaryimage\"},\"image\":{\"@id\":\"https:\/\/apuntesdesanluis.com\/index.php\/2024\/04\/28\/la-cgt-realizara-una-marcha-por-el-dia-del-trabajador-con-el-segundo-paro-contra-milei-a-la-vuelta-de-la-esquina\/#primaryimage\"},\"thumbnailUrl\":\"https:\/\/apuntesdesanluis.com\/wp-content\/uploads\/2024\/04\/daer-moyano-cgt.png\",\"datePublished\":\"2024-04-28T21:07:08+00:00\",\"breadcrumb\":{\"@id\":\"https:\/\/apuntesdesanluis.com\/index.php\/2024\/04\/28\/la-cgt-realizara-una-marcha-por-el-dia-del-trabajador-con-el-segundo-paro-contra-milei-a-la-vuelta-de-la-esquina\/#breadcrumb\"},\"inLanguage\":\"es-AR\",\"potentialAction\":[{\"@type\":\"ReadAction\",\"target\":[\"https:\/\/apuntesdesanluis.com\/index.php\/2024\/04\/28\/la-cgt-realizara-una-marcha-por-el-dia-del-trabajador-con-el-segundo-paro-contra-milei-a-la-vuelta-de-la-esquina\/\"]}]},{\"@type\":\"ImageObject\",\"inLanguage\":\"es-AR\",\"@id\":\"https:\/\/apuntesdesanluis.com\/index.php\/2024\/04\/28\/la-cgt-realizara-una-marcha-por-el-dia-del-trabajador-con-el-segundo-paro-contra-milei-a-la-vuelta-de-la-esquina\/#primaryimage\",\"url\":\"https:\/\/apuntesdesanluis.com\/wp-content\/uploads\/2024\/04\/daer-moyano-cgt.png\",\"contentUrl\":\"https:\/\/apuntesdesanluis.com\/wp-content\/uploads\/2024\/04\/daer-moyano-cgt.png\",\"width\":655,\"height\":429},{\"@type\":\"BreadcrumbList\",\"@id\":\"https:\/\/apuntesdesanluis.com\/index.php\/2024\/04\/28\/la-cgt-realizara-una-marcha-por-el-dia-del-trabajador-con-el-segundo-paro-contra-milei-a-la-vuelta-de-la-esquina\/#breadcrumb\",\"itemListElement\":[{\"@type\":\"ListItem\",\"position\":1,\"name\":\"Inicio\",\"item\":\"https:\/\/apuntesdesanluis.com\/\"},{\"@type\":\"ListItem\",\"position\":2,\"name\":\"LA CGT REALIZAR\u00c1 UNA MARCHA POR EL D\u00cdA DEL TRABAJADOR CON EL SEGUNDO PARO CONTRA MILEI A LA VUELTA DE LA ESQUINA\"}]},{\"@type\":\"WebSite\",\"@id\":\"https:\/\/apuntesdesanluis.com\/#website\",\"url\":\"https:\/\/apuntesdesanluis.com\/\",\"name\":\"Apuntes de San Luis\",\"description\":\"\",\"publisher\":{\"@id\":\"https:\/\/apuntesdesanluis.com\/#\/schema\/person\/b55151d52296fcce64d1a72538a70b90\"},\"potentialAction\":[{\"@type\":\"SearchAction\",\"target\":{\"@type\":\"EntryPoint\",\"urlTemplate\":\"https:\/\/apuntesdesanluis.com\/?s={search_term_string}\"},\"query-input\":{\"@type\":\"PropertyValueSpecification\",\"valueRequired\":true,\"valueName\":\"search_term_string\"}}],\"inLanguage\":\"es-AR\"},{\"@type\":[\"Person\",\"Organization\"],\"@id\":\"https:\/\/apuntesdesanluis.com\/#\/schema\/person\/b55151d52296fcce64d1a72538a70b90\",\"name\":\"apuntesdesanluis.com\",\"image\":{\"@type\":\"ImageObject\",\"inLanguage\":\"es-AR\",\"@id\":\"https:\/\/apuntesdesanluis.com\/#\/schema\/person\/image\/\",\"url\":\"https:\/\/apuntesdesanluis.com\/wp-content\/uploads\/2023\/07\/cropped-apuntesdesanluis.png\",\"contentUrl\":\"https:\/\/apuntesdesanluis.com\/wp-content\/uploads\/2023\/07\/cropped-apuntesdesanluis.png\",\"width\":450,\"height\":112,\"caption\":\"apuntesdesanluis.com\"},\"logo\":{\"@id\":\"https:\/\/apuntesdesanluis.com\/#\/schema\/person\/image\/\"},\"sameAs\":[\"https:\/\/apuntesdesanluis.com\"],\"url\":\"https:\/\/apuntesdesanluis.com\/index.php\/author\/apuntesdesanluis-com\/\"}]}<\/script>\n<!-- \/ Yoast SEO plugin. -->","yoast_head_json":{"title":"LA CGT REALIZAR\u00c1 UNA MARCHA POR EL D\u00cdA DEL TRABAJADOR CON EL SEGUNDO PARO CONTRA MILEI A LA VUELTA DE LA ESQUINA - Apuntes de San Luis","robots":{"index":"index","follow":"follow","max-snippet":"max-snippet:-1","max-image-preview":"max-image-preview:large","max-video-preview":"max-video-preview:-1"},"canonical":"https:\/\/apuntesdesanluis.com\/index.php\/2024\/04\/28\/la-cgt-realizara-una-marcha-por-el-dia-del-trabajador-con-el-segundo-paro-contra-milei-a-la-vuelta-de-la-esquina\/","og_locale":"es_ES","og_type":"article","og_title":"LA CGT REALIZAR\u00c1 UNA MARCHA POR EL D\u00cdA DEL TRABAJADOR CON EL SEGUNDO PARO CONTRA MILEI A LA VUELTA DE LA ESQUINA - Apuntes de San Luis","og_description":"La Confederaci\u00f3n General del Trabajo (CGT) llevar\u00e1 a cabo una movilizaci\u00f3n este mi\u00e9rcoles 1\u00b0 de...","og_url":"https:\/\/apuntesdesanluis.com\/index.php\/2024\/04\/28\/la-cgt-realizara-una-marcha-por-el-dia-del-trabajador-con-el-segundo-paro-contra-milei-a-la-vuelta-de-la-esquina\/","og_site_name":"Apuntes de San Luis","article_published_time":"2024-04-28T21:07:08+00:00","og_image":[{"width":655,"height":429,"url":"https:\/\/apuntesdesanluis.com\/wp-content\/uploads\/2024\/04\/daer-moyano-cgt.png","type":"image\/png"}],"author":"apuntesdesanluis.com","twitter_card":"summary_large_image","twitter_misc":{"Escrito por":"apuntesdesanluis.com","Tiempo de lectura":"2 minutos"},"schema":{"@context":"https:\/\/schema.org","@graph":[{"@type":"Article","@id":"https:\/\/apuntesdesanluis.com\/index.php\/2024\/04\/28\/la-cgt-realizara-una-marcha-por-el-dia-del-trabajador-con-el-segundo-paro-contra-milei-a-la-vuelta-de-la-esquina\/#article","isPartOf":{"@id":"https:\/\/apuntesdesanluis.com\/index.php\/2024\/04\/28\/la-cgt-realizara-una-marcha-por-el-dia-del-trabajador-con-el-segundo-paro-contra-milei-a-la-vuelta-de-la-esquina\/"},"author":{"name":"apuntesdesanluis.com","@id":"https:\/\/apuntesdesanluis.com\/#\/schema\/person\/b55151d52296fcce64d1a72538a70b90"},"headline":"LA CGT REALIZAR\u00c1 UNA MARCHA POR EL D\u00cdA DEL TRABAJADOR CON EL SEGUNDO PARO CONTRA MILEI A LA VUELTA DE LA ESQUINA","datePublished":"2024-04-28T21:07:08+00:00","mainEntityOfPage":{"@id":"https:\/\/apuntesdesanluis.com\/index.php\/2024\/04\/28\/la-cgt-realizara-una-marcha-por-el-dia-del-trabajador-con-el-segundo-paro-contra-milei-a-la-vuelta-de-la-esquina\/"},"wordCount":385,"publisher":{"@id":"https:\/\/apuntesdesanluis.com\/#\/schema\/person\/b55151d52296fcce64d1a72538a70b90"},"image":{"@id":"https:\/\/apuntesdesanluis.com\/index.php\/2024\/04\/28\/la-cgt-realizara-una-marcha-por-el-dia-del-trabajador-con-el-segundo-paro-contra-milei-a-la-vuelta-de-la-esquina\/#primaryimage"},"thumbnailUrl":"https:\/\/apuntesdesanluis.com\/wp-content\/uploads\/2024\/04\/daer-moyano-cgt.png","articleSection":["Nacionales\/Internacionales"],"inLanguage":"es-AR"},{"@type":"WebPage","@id":"https:\/\/apuntesdesanluis.com\/index.php\/2024\/04\/28\/la-cgt-realizara-una-marcha-por-el-dia-del-trabajador-con-el-segundo-paro-contra-milei-a-la-vuelta-de-la-esquina\/","url":"https:\/\/apuntesdesanluis.com\/index.php\/2024\/04\/28\/la-cgt-realizara-una-marcha-por-el-dia-del-trabajador-con-el-segundo-paro-contra-milei-a-la-vuelta-de-la-esquina\/","name":"LA CGT REALIZAR\u00c1 UNA MARCHA POR EL D\u00cdA DEL TRABAJADOR CON EL SEGUNDO PARO CONTRA MILEI A LA VUELTA DE LA ESQUINA - Apuntes de San Luis","isPartOf":{"@id":"https:\/\/apuntesdesanluis.com\/#website"},"primaryImageOfPage":{"@id":"https:\/\/apuntesdesanluis.com\/index.php\/2024\/04\/28\/la-cgt-realizara-una-marcha-por-el-dia-del-trabajador-con-el-segundo-paro-contra-milei-a-la-vuelta-de-la-esquina\/#primaryimage"},"image":{"@id":"https:\/\/apuntesdesanluis.com\/index.php\/2024\/04\/28\/la-cgt-realizara-una-marcha-por-el-dia-del-trabajador-con-el-segundo-paro-contra-milei-a-la-vuelta-de-la-esquina\/#primaryimage"},"thumbnailUrl":"https:\/\/apuntesdesanluis.com\/wp-content\/uploads\/2024\/04\/daer-moyano-cgt.png","datePublished":"2024-04-28T21:07:08+00:00","breadcrumb":{"@id":"https:\/\/apuntesdesanluis.com\/index.php\/2024\/04\/28\/la-cgt-realizara-una-marcha-por-el-dia-del-trabajador-con-el-segundo-paro-contra-milei-a-la-vuelta-de-la-esquina\/#breadcrumb"},"inLanguage":"es-AR","potentialAction":[{"@type":"ReadAction","target":["https:\/\/apuntesdesanluis.com\/index.php\/2024\/04\/28\/la-cgt-realizara-una-marcha-por-el-dia-del-trabajador-con-el-segundo-paro-contra-milei-a-la-vuelta-de-la-esquina\/"]}]},{"@type":"ImageObject","inLanguage":"es-AR","@id":"https:\/\/apuntesdesanluis.com\/index.php\/2024\/04\/28\/la-cgt-realizara-una-marcha-por-el-dia-del-trabajador-con-el-segundo-paro-contra-milei-a-la-vuelta-de-la-esquina\/#primaryimage","url":"https:\/\/apuntesdesanluis.com\/wp-content\/uploads\/2024\/04\/daer-moyano-cgt.png","contentUrl":"https:\/\/apuntesdesanluis.com\/wp-content\/uploads\/2024\/04\/daer-moyano-cgt.png","width":655,"height":429},{"@type":"BreadcrumbList","@id":"https:\/\/apuntesdesanluis.com\/index.php\/2024\/04\/28\/la-cgt-realizara-una-marcha-por-el-dia-del-trabajador-con-el-segundo-paro-contra-milei-a-la-vuelta-de-la-esquina\/#breadcrumb","itemListElement":[{"@type":"ListItem","position":1,"name":"Inicio","item":"https:\/\/apuntesdesanluis.com\/"},{"@type":"ListItem","position":2,"name":"LA CGT REALIZAR\u00c1 UNA MARCHA POR EL D\u00cdA DEL TRABAJADOR CON EL SEGUNDO PARO CONTRA MILEI A LA VUELTA DE LA ESQUINA"}]},{"@type":"WebSite","@id":"https:\/\/apuntesdesanluis.com\/#website","url":"https:\/\/apuntesdesanluis.com\/","name":"Apuntes de San Luis","description":"","publisher":{"@id":"https:\/\/apuntesdesanluis.com\/#\/schema\/person\/b55151d52296fcce64d1a72538a70b90"},"potentialAction":[{"@type":"SearchAction","target":{"@type":"EntryPoint","urlTemplate":"https:\/\/apuntesdesanluis.com\/?s={search_term_string}"},"query-input":{"@type":"PropertyValueSpecification","valueRequired":true,"valueName":"search_term_string"}}],"inLanguage":"es-AR"},{"@type":["Person","Organization"],"@id":"https:\/\/apuntesdesanluis.com\/#\/schema\/person\/b55151d52296fcce64d1a72538a70b90","name":"apuntesdesanluis.com","image":{"@type":"ImageObject","inLanguage":"es-AR","@id":"https:\/\/apuntesdesanluis.com\/#\/schema\/person\/image\/","url":"https:\/\/apuntesdesanluis.com\/wp-content\/uploads\/2023\/07\/cropped-apuntesdesanluis.png","contentUrl":"https:\/\/apuntesdesanluis.com\/wp-content\/uploads\/2023\/07\/cropped-apuntesdesanluis.png","width":450,"height":112,"caption":"apuntesdesanluis.com"},"logo":{"@id":"https:\/\/apuntesdesanluis.com\/#\/schema\/person\/image\/"},"sameAs":["https:\/\/apuntesdesanluis.com"],"url":"https:\/\/apuntesdesanluis.com\/index.php\/author\/apuntesdesanluis-com\/"}]}},"featured_image_urls":{"full":["https:\/\/apuntesdesanluis.com\/wp-content\/uploads\/2024\/04\/daer-moyano-cgt.png",655,429,false],"thumbnail":["https:\/\/apuntesdesanluis.com\/wp-content\/uploads\/2024\/04\/daer-moyano-cgt-150x150.png",150,150,true],"medium":["https:\/\/apuntesdesanluis.com\/wp-content\/uploads\/2024\/04\/daer-moyano-cgt-300x196.png",300,196,true],"medium_large":["https:\/\/apuntesdesanluis.com\/wp-content\/uploads\/2024\/04\/daer-moyano-cgt.png",640,419,false],"large":["https:\/\/apuntesdesanluis.com\/wp-content\/uploads\/2024\/04\/daer-moyano-cgt.png",640,419,false],"1536x1536":["https:\/\/apuntesdesanluis.com\/wp-content\/uploads\/2024\/04\/daer-moyano-cgt.png",655,429,false],"2048x2048":["https:\/\/apuntesdesanluis.com\/wp-content\/uploads\/2024\/04\/daer-moyano-cgt.png",655,429,false],"newsever-slider-full":["https:\/\/apuntesdesanluis.com\/wp-content\/uploads\/2024\/04\/daer-moyano-cgt.png",655,429,false],"newsever-featured":["https:\/\/apuntesdesanluis.com\/wp-content\/uploads\/2024\/04\/daer-moyano-cgt.png",655,429,false],"newsever-medium":["https:\/\/apuntesdesanluis.com\/wp-content\/uploads\/2024\/04\/daer-moyano-cgt.png",655,429,false]},"author_info":{"display_name":"apuntesdesanluis.com","author_link":"https:\/\/apuntesdesanluis.com\/index.php\/author\/apuntesdesanluis-com\/"},"category_info":"<a href=\"https:\/\/apuntesdesanluis.com\/index.php\/category\/nacionales-internacionales\/\" rel=\"category tag\">Nacionales\/Internacionales<\/a>","tag_info":"Nacionales\/Internacionales","comment_count":"0","_links":{"self":[{"href":"https:\/\/apuntesdesanluis.com\/index.php\/wp-json\/wp\/v2\/posts\/15423","targetHints":{"allow":["GET"]}}],"collection":[{"href":"https:\/\/apuntesdesanluis.com\/index.php\/wp-json\/wp\/v2\/posts"}],"about":[{"href":"https:\/\/apuntesdesanluis.com\/index.php\/wp-json\/wp\/v2\/types\/post"}],"author":[{"embeddable":true,"href":"https:\/\/apuntesdesanluis.com\/index.php\/wp-json\/wp\/v2\/users\/1"}],"replies":[{"embeddable":true,"href":"https:\/\/apuntesdesanluis.com\/index.php\/wp-json\/wp\/v2\/comments?post=15423"}],"version-history":[{"count":1,"href":"https:\/\/apuntesdesanluis.com\/index.php\/wp-json\/wp\/v2\/posts\/15423\/revisions"}],"predecessor-version":[{"id":15425,"href":"https:\/\/apuntesdesanluis.com\/index.php\/wp-json\/wp\/v2\/posts\/15423\/revisions\/15425"}],"wp:featuredmedia":[{"embeddable":true,"href":"https:\/\/apuntesdesanluis.com\/index.php\/wp-json\/wp\/v2\/media\/15424"}],"wp:attachment":[{"href":"https:\/\/apuntesdesanluis.com\/index.php\/wp-json\/wp\/v2\/media?parent=15423"}],"wp:term":[{"taxonomy":"category","embeddable":true,"href":"https:\/\/apuntesdesanluis.com\/index.php\/wp-json\/wp\/v2\/categories?post=15423"},{"taxonomy":"post_tag","embeddable":true,"href":"https:\/\/apuntesdesanluis.com\/index.php\/wp-json\/wp\/v2\/tags?post=15423"}],"curies":[{"name":"wp","href":"https:\/\/api.w.org\/{rel}","templated":true}]}}