{"id":1543,"date":"2023-08-14T13:01:49","date_gmt":"2023-08-14T16:01:49","guid":{"rendered":"https:\/\/apuntesdesanluis.com\/?p=1543"},"modified":"2023-08-15T10:40:35","modified_gmt":"2023-08-15T13:40:35","slug":"adecuan-la-tarifa-eufemismo-de-aumento-de-los-peajes-provinciales","status":"publish","type":"post","link":"https:\/\/apuntesdesanluis.com\/index.php\/2023\/08\/14\/adecuan-la-tarifa-eufemismo-de-aumento-de-los-peajes-provinciales\/","title":{"rendered":"ADEC\u00daAN LA TARIFA (EUFEMISMO DE AUMENTO) DE LOS PEAJES PROVINCIALES"},"content":{"rendered":"<h3>La tarifa actualizada comenzar\u00e1 a regir a partir de las 00:00 del martes 15 de agosto. La \u00faltima adecuaci\u00f3n se realiz\u00f3 en mayo del 2022, hace m\u00e1s de un a\u00f1o y 2 meses. Para los puntanos se mantiene vigente el ahorro de hasta el 50% del costo del servicio a trav\u00e9s de la Tarjeta Sanluise\u00f1a y la CIPE 3.0.<\/h3>\n<h3>Desde el <strong>Ente Control de Rutas<\/strong> indicaron: \u201cEl Gobierno provincial asume los costos respecto a seguridad vial, operaci\u00f3n, administraci\u00f3n, mantenimiento, arreglo de las rutas y asistencia, costos que en el contexto econ\u00f3mico actual que vive el pa\u00eds se vieron incrementados, lo que hace necesaria una actualizaci\u00f3n del valor de la tarifa de los peajes\u201d.<\/h3>\n<h3>Destacaron, adem\u00e1s: \u201cEn un gran esfuerzo de la Provincia, se mantiene vigente el beneficio de la Tarjeta Sanluise\u00f1a que permite que todos aquellos usuarios que tengan el veh\u00edculo registrado en San Luis puedan acceder a un ahorro de hasta el 50% en el costo de la tarifa\u201d.<\/h3>\n<h3><strong>TARJETA SANLUISE\u00d1A<\/strong><\/h3>\n<h3>El pl\u00e1stico se obtiene de manera gratuita en cualquier peaje o en las oficinas del Ente Control de Rutas ubicadas en planta baja del edificio Conservador de Terrazas del Portezuelo. En caso de no poseer el pl\u00e1stico, tambi\u00e9n se puede utilizar la tarjeta CIPE 3.0.<\/h3>\n<h3>El tarifario actualizado es el siguiente (la columna identificada con la letra T corresponde a la tarifa para usuarios con Tarjeta Sanluise\u00f1a):<\/h3>\n<p><img fetchpriority=\"high\" decoding=\"async\" class=\"wp-image-1544 aligncenter\" src=\"https:\/\/apuntesdesanluis.com\/wp-content\/uploads\/2023\/08\/tarifario-300x169.jpg\" alt=\"\" width=\"614\" height=\"346\" srcset=\"https:\/\/apuntesdesanluis.com\/wp-content\/uploads\/2023\/08\/tarifario-300x169.jpg 300w, https:\/\/apuntesdesanluis.com\/wp-content\/uploads\/2023\/08\/tarifario.jpg 600w\" sizes=\"(max-width: 614px) 100vw, 614px\" \/><\/p>\n","protected":false},"excerpt":{"rendered":"<p>La tarifa actualizada comenzar\u00e1 a regir a partir de las 00:00 del martes 15 de&#8230;<\/p>\n","protected":false},"author":1,"featured_media":1545,"comment_status":"closed","ping_status":"closed","sticky":false,"template":"","format":"standard","meta":{"footnotes":""},"categories":[6],"tags":[],"class_list":["post-1543","post","type-post","status-publish","format-standard","has-post-thumbnail","hentry","category-ciudad-provincia"],"yoast_head":"<!-- This site is optimized with the Yoast SEO plugin v26.1.1 - https:\/\/yoast.com\/wordpress\/plugins\/seo\/ -->\n<title>ADEC\u00daAN LA TARIFA (EUFEMISMO DE AUMENTO) DE LOS PEAJES PROVINCIALES - Apuntes de San Luis<\/title>\n<meta name=\"robots\" content=\"index, follow, max-snippet:-1, max-image-preview:large, max-video-preview:-1\" \/>\n<link rel=\"canonical\" href=\"https:\/\/apuntesdesanluis.com\/index.php\/2023\/08\/14\/adecuan-la-tarifa-eufemismo-de-aumento-de-los-peajes-provinciales\/\" \/>\n<meta property=\"og:locale\" content=\"es_ES\" \/>\n<meta property=\"og:type\" content=\"article\" \/>\n<meta property=\"og:title\" content=\"ADEC\u00daAN LA TARIFA (EUFEMISMO DE AUMENTO) DE LOS PEAJES PROVINCIALES - Apuntes de San Luis\" \/>\n<meta property=\"og:description\" content=\"La tarifa actualizada comenzar\u00e1 a regir a partir de las 00:00 del martes 15 de...\" \/>\n<meta property=\"og:url\" content=\"https:\/\/apuntesdesanluis.com\/index.php\/2023\/08\/14\/adecuan-la-tarifa-eufemismo-de-aumento-de-los-peajes-provinciales\/\" \/>\n<meta property=\"og:site_name\" content=\"Apuntes de San Luis\" \/>\n<meta property=\"article:published_time\" content=\"2023-08-14T16:01:49+00:00\" \/>\n<meta property=\"article:modified_time\" content=\"2023-08-15T13:40:35+00:00\" \/>\n<meta property=\"og:image\" content=\"https:\/\/apuntesdesanluis.com\/wp-content\/uploads\/2023\/08\/peaje-la-toma.png\" \/>\n\t<meta property=\"og:image:width\" content=\"554\" \/>\n\t<meta property=\"og:image:height\" content=\"344\" \/>\n\t<meta property=\"og:image:type\" content=\"image\/png\" \/>\n<meta name=\"author\" content=\"apuntesdesanluis.com\" \/>\n<meta name=\"twitter:card\" content=\"summary_large_image\" \/>\n<meta name=\"twitter:label1\" content=\"Escrito por\" \/>\n\t<meta name=\"twitter:data1\" content=\"apuntesdesanluis.com\" \/>\n\t<meta name=\"twitter:label2\" content=\"Tiempo de lectura\" \/>\n\t<meta name=\"twitter:data2\" content=\"2 minutos\" \/>\n<script type=\"application\/ld+json\" class=\"yoast-schema-graph\">{\"@context\":\"https:\/\/schema.org\",\"@graph\":[{\"@type\":\"Article\",\"@id\":\"https:\/\/apuntesdesanluis.com\/index.php\/2023\/08\/14\/adecuan-la-tarifa-eufemismo-de-aumento-de-los-peajes-provinciales\/#article\",\"isPartOf\":{\"@id\":\"https:\/\/apuntesdesanluis.com\/index.php\/2023\/08\/14\/adecuan-la-tarifa-eufemismo-de-aumento-de-los-peajes-provinciales\/\"},\"author\":{\"name\":\"apuntesdesanluis.com\",\"@id\":\"https:\/\/apuntesdesanluis.com\/#\/schema\/person\/b55151d52296fcce64d1a72538a70b90\"},\"headline\":\"ADEC\u00daAN LA TARIFA (EUFEMISMO DE AUMENTO) DE LOS PEAJES PROVINCIALES\",\"datePublished\":\"2023-08-14T16:01:49+00:00\",\"dateModified\":\"2023-08-15T13:40:35+00:00\",\"mainEntityOfPage\":{\"@id\":\"https:\/\/apuntesdesanluis.com\/index.php\/2023\/08\/14\/adecuan-la-tarifa-eufemismo-de-aumento-de-los-peajes-provinciales\/\"},\"wordCount\":250,\"publisher\":{\"@id\":\"https:\/\/apuntesdesanluis.com\/#\/schema\/person\/b55151d52296fcce64d1a72538a70b90\"},\"image\":{\"@id\":\"https:\/\/apuntesdesanluis.com\/index.php\/2023\/08\/14\/adecuan-la-tarifa-eufemismo-de-aumento-de-los-peajes-provinciales\/#primaryimage\"},\"thumbnailUrl\":\"https:\/\/apuntesdesanluis.com\/wp-content\/uploads\/2023\/08\/peaje-la-toma.png\",\"articleSection\":[\"Ciudad\/Provincia\"],\"inLanguage\":\"es-AR\"},{\"@type\":\"WebPage\",\"@id\":\"https:\/\/apuntesdesanluis.com\/index.php\/2023\/08\/14\/adecuan-la-tarifa-eufemismo-de-aumento-de-los-peajes-provinciales\/\",\"url\":\"https:\/\/apuntesdesanluis.com\/index.php\/2023\/08\/14\/adecuan-la-tarifa-eufemismo-de-aumento-de-los-peajes-provinciales\/\",\"name\":\"ADEC\u00daAN LA TARIFA (EUFEMISMO DE AUMENTO) DE LOS PEAJES PROVINCIALES - Apuntes de San Luis\",\"isPartOf\":{\"@id\":\"https:\/\/apuntesdesanluis.com\/#website\"},\"primaryImageOfPage\":{\"@id\":\"https:\/\/apuntesdesanluis.com\/index.php\/2023\/08\/14\/adecuan-la-tarifa-eufemismo-de-aumento-de-los-peajes-provinciales\/#primaryimage\"},\"image\":{\"@id\":\"https:\/\/apuntesdesanluis.com\/index.php\/2023\/08\/14\/adecuan-la-tarifa-eufemismo-de-aumento-de-los-peajes-provinciales\/#primaryimage\"},\"thumbnailUrl\":\"https:\/\/apuntesdesanluis.com\/wp-content\/uploads\/2023\/08\/peaje-la-toma.png\",\"datePublished\":\"2023-08-14T16:01:49+00:00\",\"dateModified\":\"2023-08-15T13:40:35+00:00\",\"breadcrumb\":{\"@id\":\"https:\/\/apuntesdesanluis.com\/index.php\/2023\/08\/14\/adecuan-la-tarifa-eufemismo-de-aumento-de-los-peajes-provinciales\/#breadcrumb\"},\"inLanguage\":\"es-AR\",\"potentialAction\":[{\"@type\":\"ReadAction\",\"target\":[\"https:\/\/apuntesdesanluis.com\/index.php\/2023\/08\/14\/adecuan-la-tarifa-eufemismo-de-aumento-de-los-peajes-provinciales\/\"]}]},{\"@type\":\"ImageObject\",\"inLanguage\":\"es-AR\",\"@id\":\"https:\/\/apuntesdesanluis.com\/index.php\/2023\/08\/14\/adecuan-la-tarifa-eufemismo-de-aumento-de-los-peajes-provinciales\/#primaryimage\",\"url\":\"https:\/\/apuntesdesanluis.com\/wp-content\/uploads\/2023\/08\/peaje-la-toma.png\",\"contentUrl\":\"https:\/\/apuntesdesanluis.com\/wp-content\/uploads\/2023\/08\/peaje-la-toma.png\",\"width\":554,\"height\":344},{\"@type\":\"BreadcrumbList\",\"@id\":\"https:\/\/apuntesdesanluis.com\/index.php\/2023\/08\/14\/adecuan-la-tarifa-eufemismo-de-aumento-de-los-peajes-provinciales\/#breadcrumb\",\"itemListElement\":[{\"@type\":\"ListItem\",\"position\":1,\"name\":\"Inicio\",\"item\":\"https:\/\/apuntesdesanluis.com\/\"},{\"@type\":\"ListItem\",\"position\":2,\"name\":\"ADEC\u00daAN LA TARIFA (EUFEMISMO DE AUMENTO) DE LOS PEAJES PROVINCIALES\"}]},{\"@type\":\"WebSite\",\"@id\":\"https:\/\/apuntesdesanluis.com\/#website\",\"url\":\"https:\/\/apuntesdesanluis.com\/\",\"name\":\"Apuntes de San Luis\",\"description\":\"\",\"publisher\":{\"@id\":\"https:\/\/apuntesdesanluis.com\/#\/schema\/person\/b55151d52296fcce64d1a72538a70b90\"},\"potentialAction\":[{\"@type\":\"SearchAction\",\"target\":{\"@type\":\"EntryPoint\",\"urlTemplate\":\"https:\/\/apuntesdesanluis.com\/?s={search_term_string}\"},\"query-input\":{\"@type\":\"PropertyValueSpecification\",\"valueRequired\":true,\"valueName\":\"search_term_string\"}}],\"inLanguage\":\"es-AR\"},{\"@type\":[\"Person\",\"Organization\"],\"@id\":\"https:\/\/apuntesdesanluis.com\/#\/schema\/person\/b55151d52296fcce64d1a72538a70b90\",\"name\":\"apuntesdesanluis.com\",\"image\":{\"@type\":\"ImageObject\",\"inLanguage\":\"es-AR\",\"@id\":\"https:\/\/apuntesdesanluis.com\/#\/schema\/person\/image\/\",\"url\":\"https:\/\/apuntesdesanluis.com\/wp-content\/uploads\/2023\/07\/cropped-apuntesdesanluis.png\",\"contentUrl\":\"https:\/\/apuntesdesanluis.com\/wp-content\/uploads\/2023\/07\/cropped-apuntesdesanluis.png\",\"width\":450,\"height\":112,\"caption\":\"apuntesdesanluis.com\"},\"logo\":{\"@id\":\"https:\/\/apuntesdesanluis.com\/#\/schema\/person\/image\/\"},\"sameAs\":[\"https:\/\/apuntesdesanluis.com\"],\"url\":\"https:\/\/apuntesdesanluis.com\/index.php\/author\/apuntesdesanluis-com\/\"}]}<\/script>\n<!-- \/ Yoast SEO plugin. -->","yoast_head_json":{"title":"ADEC\u00daAN LA TARIFA (EUFEMISMO DE AUMENTO) DE LOS PEAJES PROVINCIALES - Apuntes de San Luis","robots":{"index":"index","follow":"follow","max-snippet":"max-snippet:-1","max-image-preview":"max-image-preview:large","max-video-preview":"max-video-preview:-1"},"canonical":"https:\/\/apuntesdesanluis.com\/index.php\/2023\/08\/14\/adecuan-la-tarifa-eufemismo-de-aumento-de-los-peajes-provinciales\/","og_locale":"es_ES","og_type":"article","og_title":"ADEC\u00daAN LA TARIFA (EUFEMISMO DE AUMENTO) DE LOS PEAJES PROVINCIALES - Apuntes de San Luis","og_description":"La tarifa actualizada comenzar\u00e1 a regir a partir de las 00:00 del martes 15 de...","og_url":"https:\/\/apuntesdesanluis.com\/index.php\/2023\/08\/14\/adecuan-la-tarifa-eufemismo-de-aumento-de-los-peajes-provinciales\/","og_site_name":"Apuntes de San Luis","article_published_time":"2023-08-14T16:01:49+00:00","article_modified_time":"2023-08-15T13:40:35+00:00","og_image":[{"width":554,"height":344,"url":"https:\/\/apuntesdesanluis.com\/wp-content\/uploads\/2023\/08\/peaje-la-toma.png","type":"image\/png"}],"author":"apuntesdesanluis.com","twitter_card":"summary_large_image","twitter_misc":{"Escrito por":"apuntesdesanluis.com","Tiempo de lectura":"2 minutos"},"schema":{"@context":"https:\/\/schema.org","@graph":[{"@type":"Article","@id":"https:\/\/apuntesdesanluis.com\/index.php\/2023\/08\/14\/adecuan-la-tarifa-eufemismo-de-aumento-de-los-peajes-provinciales\/#article","isPartOf":{"@id":"https:\/\/apuntesdesanluis.com\/index.php\/2023\/08\/14\/adecuan-la-tarifa-eufemismo-de-aumento-de-los-peajes-provinciales\/"},"author":{"name":"apuntesdesanluis.com","@id":"https:\/\/apuntesdesanluis.com\/#\/schema\/person\/b55151d52296fcce64d1a72538a70b90"},"headline":"ADEC\u00daAN LA TARIFA (EUFEMISMO DE AUMENTO) DE LOS PEAJES PROVINCIALES","datePublished":"2023-08-14T16:01:49+00:00","dateModified":"2023-08-15T13:40:35+00:00","mainEntityOfPage":{"@id":"https:\/\/apuntesdesanluis.com\/index.php\/2023\/08\/14\/adecuan-la-tarifa-eufemismo-de-aumento-de-los-peajes-provinciales\/"},"wordCount":250,"publisher":{"@id":"https:\/\/apuntesdesanluis.com\/#\/schema\/person\/b55151d52296fcce64d1a72538a70b90"},"image":{"@id":"https:\/\/apuntesdesanluis.com\/index.php\/2023\/08\/14\/adecuan-la-tarifa-eufemismo-de-aumento-de-los-peajes-provinciales\/#primaryimage"},"thumbnailUrl":"https:\/\/apuntesdesanluis.com\/wp-content\/uploads\/2023\/08\/peaje-la-toma.png","articleSection":["Ciudad\/Provincia"],"inLanguage":"es-AR"},{"@type":"WebPage","@id":"https:\/\/apuntesdesanluis.com\/index.php\/2023\/08\/14\/adecuan-la-tarifa-eufemismo-de-aumento-de-los-peajes-provinciales\/","url":"https:\/\/apuntesdesanluis.com\/index.php\/2023\/08\/14\/adecuan-la-tarifa-eufemismo-de-aumento-de-los-peajes-provinciales\/","name":"ADEC\u00daAN LA TARIFA (EUFEMISMO DE AUMENTO) DE LOS PEAJES PROVINCIALES - Apuntes de San Luis","isPartOf":{"@id":"https:\/\/apuntesdesanluis.com\/#website"},"primaryImageOfPage":{"@id":"https:\/\/apuntesdesanluis.com\/index.php\/2023\/08\/14\/adecuan-la-tarifa-eufemismo-de-aumento-de-los-peajes-provinciales\/#primaryimage"},"image":{"@id":"https:\/\/apuntesdesanluis.com\/index.php\/2023\/08\/14\/adecuan-la-tarifa-eufemismo-de-aumento-de-los-peajes-provinciales\/#primaryimage"},"thumbnailUrl":"https:\/\/apuntesdesanluis.com\/wp-content\/uploads\/2023\/08\/peaje-la-toma.png","datePublished":"2023-08-14T16:01:49+00:00","dateModified":"2023-08-15T13:40:35+00:00","breadcrumb":{"@id":"https:\/\/apuntesdesanluis.com\/index.php\/2023\/08\/14\/adecuan-la-tarifa-eufemismo-de-aumento-de-los-peajes-provinciales\/#breadcrumb"},"inLanguage":"es-AR","potentialAction":[{"@type":"ReadAction","target":["https:\/\/apuntesdesanluis.com\/index.php\/2023\/08\/14\/adecuan-la-tarifa-eufemismo-de-aumento-de-los-peajes-provinciales\/"]}]},{"@type":"ImageObject","inLanguage":"es-AR","@id":"https:\/\/apuntesdesanluis.com\/index.php\/2023\/08\/14\/adecuan-la-tarifa-eufemismo-de-aumento-de-los-peajes-provinciales\/#primaryimage","url":"https:\/\/apuntesdesanluis.com\/wp-content\/uploads\/2023\/08\/peaje-la-toma.png","contentUrl":"https:\/\/apuntesdesanluis.com\/wp-content\/uploads\/2023\/08\/peaje-la-toma.png","width":554,"height":344},{"@type":"BreadcrumbList","@id":"https:\/\/apuntesdesanluis.com\/index.php\/2023\/08\/14\/adecuan-la-tarifa-eufemismo-de-aumento-de-los-peajes-provinciales\/#breadcrumb","itemListElement":[{"@type":"ListItem","position":1,"name":"Inicio","item":"https:\/\/apuntesdesanluis.com\/"},{"@type":"ListItem","position":2,"name":"ADEC\u00daAN LA TARIFA (EUFEMISMO DE AUMENTO) DE LOS PEAJES PROVINCIALES"}]},{"@type":"WebSite","@id":"https:\/\/apuntesdesanluis.com\/#website","url":"https:\/\/apuntesdesanluis.com\/","name":"Apuntes de San Luis","description":"","publisher":{"@id":"https:\/\/apuntesdesanluis.com\/#\/schema\/person\/b55151d52296fcce64d1a72538a70b90"},"potentialAction":[{"@type":"SearchAction","target":{"@type":"EntryPoint","urlTemplate":"https:\/\/apuntesdesanluis.com\/?s={search_term_string}"},"query-input":{"@type":"PropertyValueSpecification","valueRequired":true,"valueName":"search_term_string"}}],"inLanguage":"es-AR"},{"@type":["Person","Organization"],"@id":"https:\/\/apuntesdesanluis.com\/#\/schema\/person\/b55151d52296fcce64d1a72538a70b90","name":"apuntesdesanluis.com","image":{"@type":"ImageObject","inLanguage":"es-AR","@id":"https:\/\/apuntesdesanluis.com\/#\/schema\/person\/image\/","url":"https:\/\/apuntesdesanluis.com\/wp-content\/uploads\/2023\/07\/cropped-apuntesdesanluis.png","contentUrl":"https:\/\/apuntesdesanluis.com\/wp-content\/uploads\/2023\/07\/cropped-apuntesdesanluis.png","width":450,"height":112,"caption":"apuntesdesanluis.com"},"logo":{"@id":"https:\/\/apuntesdesanluis.com\/#\/schema\/person\/image\/"},"sameAs":["https:\/\/apuntesdesanluis.com"],"url":"https:\/\/apuntesdesanluis.com\/index.php\/author\/apuntesdesanluis-com\/"}]}},"featured_image_urls":{"full":["https:\/\/apuntesdesanluis.com\/wp-content\/uploads\/2023\/08\/peaje-la-toma.png",554,344,false],"thumbnail":["https:\/\/apuntesdesanluis.com\/wp-content\/uploads\/2023\/08\/peaje-la-toma-150x150.png",150,150,true],"medium":["https:\/\/apuntesdesanluis.com\/wp-content\/uploads\/2023\/08\/peaje-la-toma-300x186.png",300,186,true],"medium_large":["https:\/\/apuntesdesanluis.com\/wp-content\/uploads\/2023\/08\/peaje-la-toma.png",554,344,false],"large":["https:\/\/apuntesdesanluis.com\/wp-content\/uploads\/2023\/08\/peaje-la-toma.png",554,344,false],"1536x1536":["https:\/\/apuntesdesanluis.com\/wp-content\/uploads\/2023\/08\/peaje-la-toma.png",554,344,false],"2048x2048":["https:\/\/apuntesdesanluis.com\/wp-content\/uploads\/2023\/08\/peaje-la-toma.png",554,344,false],"newsever-slider-full":["https:\/\/apuntesdesanluis.com\/wp-content\/uploads\/2023\/08\/peaje-la-toma.png",554,344,false],"newsever-featured":["https:\/\/apuntesdesanluis.com\/wp-content\/uploads\/2023\/08\/peaje-la-toma.png",554,344,false],"newsever-medium":["https:\/\/apuntesdesanluis.com\/wp-content\/uploads\/2023\/08\/peaje-la-toma.png",554,344,false]},"author_info":{"display_name":"apuntesdesanluis.com","author_link":"https:\/\/apuntesdesanluis.com\/index.php\/author\/apuntesdesanluis-com\/"},"category_info":"<a href=\"https:\/\/apuntesdesanluis.com\/index.php\/category\/ciudad-provincia\/\" rel=\"category tag\">Ciudad\/Provincia<\/a>","tag_info":"Ciudad\/Provincia","comment_count":"0","_links":{"self":[{"href":"https:\/\/apuntesdesanluis.com\/index.php\/wp-json\/wp\/v2\/posts\/1543","targetHints":{"allow":["GET"]}}],"collection":[{"href":"https:\/\/apuntesdesanluis.com\/index.php\/wp-json\/wp\/v2\/posts"}],"about":[{"href":"https:\/\/apuntesdesanluis.com\/index.php\/wp-json\/wp\/v2\/types\/post"}],"author":[{"embeddable":true,"href":"https:\/\/apuntesdesanluis.com\/index.php\/wp-json\/wp\/v2\/users\/1"}],"replies":[{"embeddable":true,"href":"https:\/\/apuntesdesanluis.com\/index.php\/wp-json\/wp\/v2\/comments?post=1543"}],"version-history":[{"count":3,"href":"https:\/\/apuntesdesanluis.com\/index.php\/wp-json\/wp\/v2\/posts\/1543\/revisions"}],"predecessor-version":[{"id":1599,"href":"https:\/\/apuntesdesanluis.com\/index.php\/wp-json\/wp\/v2\/posts\/1543\/revisions\/1599"}],"wp:featuredmedia":[{"embeddable":true,"href":"https:\/\/apuntesdesanluis.com\/index.php\/wp-json\/wp\/v2\/media\/1545"}],"wp:attachment":[{"href":"https:\/\/apuntesdesanluis.com\/index.php\/wp-json\/wp\/v2\/media?parent=1543"}],"wp:term":[{"taxonomy":"category","embeddable":true,"href":"https:\/\/apuntesdesanluis.com\/index.php\/wp-json\/wp\/v2\/categories?post=1543"},{"taxonomy":"post_tag","embeddable":true,"href":"https:\/\/apuntesdesanluis.com\/index.php\/wp-json\/wp\/v2\/tags?post=1543"}],"curies":[{"name":"wp","href":"https:\/\/api.w.org\/{rel}","templated":true}]}}