{"id":15434,"date":"2024-04-28T18:44:16","date_gmt":"2024-04-28T21:44:16","guid":{"rendered":"https:\/\/apuntesdesanluis.com\/?p=15434"},"modified":"2024-04-28T18:44:16","modified_gmt":"2024-04-28T21:44:16","slug":"el-gremio-de-aceiteros-para-deste-este-lunes-en-rechazo-a-la-ley-omnibus-y-el-paquete-fiscal","status":"publish","type":"post","link":"https:\/\/apuntesdesanluis.com\/index.php\/2024\/04\/28\/el-gremio-de-aceiteros-para-deste-este-lunes-en-rechazo-a-la-ley-omnibus-y-el-paquete-fiscal\/","title":{"rendered":"EL GREMIO DE ACEITEROS PARA DESTE ESTE LUNES EN RECHAZO A LA LEY \u00d3MNIBUS Y EL PAQUETE FISCAL"},"content":{"rendered":"<h3>Es por tiempo indeterminado. Se trata de una medida de fuerza que pega de lleno en el coraz\u00f3n de la econom\u00eda.<\/h3>\n<h3>El <strong>Sindicato de Obreros y Empleados Aceiteros<\/strong> (SOEA) anunci\u00f3 un paro por tiempo indeterminado desde este lunes en las terminales portuarias, en rechazo a la nueva versi\u00f3n de la Ley \u00d3mnibus -que el gobierno insiste en llamar Bases- y al paquete fiscal que comienzan a tratarse ese d\u00eda en la C\u00e1mara de Diputados.<\/h3>\n<h3>Los puntos que generan mayor resistencia en el gremio que conduce Daniel Succi son dos: el proyecto de Reforma Laboral (incluido en la Ley Bases) y el del impuesto a las Ganancias.<\/h3>\n<h3>El paro, adelant\u00f3 el sindicato, ser\u00e1 por tiempo indeterminado y afectar\u00e1 al 80% de las terminales portuarias, paralizando las exportaciones en el comienzo de la cosecha, una medida que pondr\u00e1 en apuros al Gobierno, que espera ansiosamente las divisas del agro para fortalecer las reservas.<\/h3>\n<h3>&#8220;Las empresas tendr\u00e1n que hacer lobby a favor de los trabajadores para detener este avasallamiento al salario aceitero y al art\u00edculo 14 bis de la Constituci\u00f3n&#8221;, presionando a las grandes empresas para que rechacen Ganancias y la reforma laboral, plante\u00f3 Succi, quien apunt\u00f3 contra &#8220;la indiferencia de los diputados dialoguistas y gobernadores que se sentaron a negociar con el Gobierno el salario de los trabajadores y van a permitir que los ricos blanqueen el capital fugado sin impuestos&#8221;.<\/h3>\n<p><img fetchpriority=\"high\" decoding=\"async\" class=\"wp-image-15436 aligncenter\" src=\"https:\/\/apuntesdesanluis.com\/wp-content\/uploads\/2024\/04\/exportaciones-300x163.png\" alt=\"\" width=\"629\" height=\"342\" srcset=\"https:\/\/apuntesdesanluis.com\/wp-content\/uploads\/2024\/04\/exportaciones-300x163.png 300w, https:\/\/apuntesdesanluis.com\/wp-content\/uploads\/2024\/04\/exportaciones.png 551w\" sizes=\"(max-width: 629px) 100vw, 629px\" \/><\/p>\n<h3>&#8220;Hay que decir las cosas claras: los diputados que voten en contra de los trabajadores con esta reforma laboral y el Impuesto a las Ganancias, no le est\u00e1n dando herramientas al Gobierno, solo est\u00e1n traicionando al pueblo trabajador&#8221;, remarc\u00f3.<\/h3>\n<h3>En ese sentido, apunt\u00f3 contra los legisladores Miguel Pichetto, Mart\u00edn Lousteau y Rodrigo De Loredo, ya que &#8220;no son dialoguistas, son negociadores de su propio inter\u00e9s, como qued\u00f3 claro en el aumento de las dietas de los senadores&#8221;, dijo y agreg\u00f3: &#8220;Son la verg\u00fcenza nacional y van a levantar la mano para ponernos un impuesto&#8221;.<\/h3>\n<h3>La medida de fuerza comenzar\u00e1 a las 11 de este lunes, cuando est\u00e1 previsto el inicio de la sesi\u00f3n de la C\u00e1mara de Diputados que tratar\u00e1 el dictamen de mayor\u00eda de la Ley de Bases y el paquete Fiscal. &#8220;El impuesto (a las Ganancias) va a afectar casi a la totalidad de nuestros afiliados, por eso est\u00e1 coordinada con todos los trabajadores&#8221;, confirm\u00f3 Succi sobre la adhesi\u00f3n a la medida, que fue anticipada a las empresas durante los encuentros paritarios.<\/h3>\n<p>&nbsp;<\/p>\n<p>&nbsp;<\/p>\n<p>&nbsp;<\/p>\n","protected":false},"excerpt":{"rendered":"<p>Es por tiempo indeterminado. Se trata de una medida de fuerza que pega de lleno&#8230;<\/p>\n","protected":false},"author":1,"featured_media":15435,"comment_status":"closed","ping_status":"closed","sticky":false,"template":"","format":"standard","meta":{"footnotes":""},"categories":[5],"tags":[],"class_list":["post-15434","post","type-post","status-publish","format-standard","has-post-thumbnail","hentry","category-nacionales-internacionales"],"yoast_head":"<!-- This site is optimized with the Yoast SEO plugin v26.1.1 - https:\/\/yoast.com\/wordpress\/plugins\/seo\/ -->\n<title>EL GREMIO DE ACEITEROS PARA DESTE ESTE LUNES EN RECHAZO A LA LEY \u00d3MNIBUS Y EL PAQUETE FISCAL - Apuntes de San Luis<\/title>\n<meta name=\"robots\" content=\"index, follow, max-snippet:-1, max-image-preview:large, max-video-preview:-1\" \/>\n<link rel=\"canonical\" href=\"https:\/\/apuntesdesanluis.com\/index.php\/2024\/04\/28\/el-gremio-de-aceiteros-para-deste-este-lunes-en-rechazo-a-la-ley-omnibus-y-el-paquete-fiscal\/\" \/>\n<meta property=\"og:locale\" content=\"es_ES\" \/>\n<meta property=\"og:type\" content=\"article\" \/>\n<meta property=\"og:title\" content=\"EL GREMIO DE ACEITEROS PARA DESTE ESTE LUNES EN RECHAZO A LA LEY \u00d3MNIBUS Y EL PAQUETE FISCAL - Apuntes de San Luis\" \/>\n<meta property=\"og:description\" content=\"Es por tiempo indeterminado. Se trata de una medida de fuerza que pega de lleno...\" \/>\n<meta property=\"og:url\" content=\"https:\/\/apuntesdesanluis.com\/index.php\/2024\/04\/28\/el-gremio-de-aceiteros-para-deste-este-lunes-en-rechazo-a-la-ley-omnibus-y-el-paquete-fiscal\/\" \/>\n<meta property=\"og:site_name\" content=\"Apuntes de San Luis\" \/>\n<meta property=\"article:published_time\" content=\"2024-04-28T21:44:16+00:00\" \/>\n<meta property=\"og:image\" content=\"https:\/\/apuntesdesanluis.com\/wp-content\/uploads\/2024\/04\/ACEITEROS.png\" \/>\n\t<meta property=\"og:image:width\" content=\"788\" \/>\n\t<meta property=\"og:image:height\" content=\"481\" \/>\n\t<meta property=\"og:image:type\" content=\"image\/png\" \/>\n<meta name=\"author\" content=\"apuntesdesanluis.com\" \/>\n<meta name=\"twitter:card\" content=\"summary_large_image\" \/>\n<meta name=\"twitter:label1\" content=\"Escrito por\" \/>\n\t<meta name=\"twitter:data1\" content=\"apuntesdesanluis.com\" \/>\n\t<meta name=\"twitter:label2\" content=\"Tiempo de lectura\" \/>\n\t<meta name=\"twitter:data2\" content=\"3 minutos\" \/>\n<script type=\"application\/ld+json\" class=\"yoast-schema-graph\">{\"@context\":\"https:\/\/schema.org\",\"@graph\":[{\"@type\":\"Article\",\"@id\":\"https:\/\/apuntesdesanluis.com\/index.php\/2024\/04\/28\/el-gremio-de-aceiteros-para-deste-este-lunes-en-rechazo-a-la-ley-omnibus-y-el-paquete-fiscal\/#article\",\"isPartOf\":{\"@id\":\"https:\/\/apuntesdesanluis.com\/index.php\/2024\/04\/28\/el-gremio-de-aceiteros-para-deste-este-lunes-en-rechazo-a-la-ley-omnibus-y-el-paquete-fiscal\/\"},\"author\":{\"name\":\"apuntesdesanluis.com\",\"@id\":\"https:\/\/apuntesdesanluis.com\/#\/schema\/person\/b55151d52296fcce64d1a72538a70b90\"},\"headline\":\"EL GREMIO DE ACEITEROS PARA DESTE ESTE LUNES EN RECHAZO A LA LEY \u00d3MNIBUS Y EL PAQUETE FISCAL\",\"datePublished\":\"2024-04-28T21:44:16+00:00\",\"mainEntityOfPage\":{\"@id\":\"https:\/\/apuntesdesanluis.com\/index.php\/2024\/04\/28\/el-gremio-de-aceiteros-para-deste-este-lunes-en-rechazo-a-la-ley-omnibus-y-el-paquete-fiscal\/\"},\"wordCount\":438,\"publisher\":{\"@id\":\"https:\/\/apuntesdesanluis.com\/#\/schema\/person\/b55151d52296fcce64d1a72538a70b90\"},\"image\":{\"@id\":\"https:\/\/apuntesdesanluis.com\/index.php\/2024\/04\/28\/el-gremio-de-aceiteros-para-deste-este-lunes-en-rechazo-a-la-ley-omnibus-y-el-paquete-fiscal\/#primaryimage\"},\"thumbnailUrl\":\"https:\/\/apuntesdesanluis.com\/wp-content\/uploads\/2024\/04\/ACEITEROS.png\",\"articleSection\":[\"Nacionales\/Internacionales\"],\"inLanguage\":\"es-AR\"},{\"@type\":\"WebPage\",\"@id\":\"https:\/\/apuntesdesanluis.com\/index.php\/2024\/04\/28\/el-gremio-de-aceiteros-para-deste-este-lunes-en-rechazo-a-la-ley-omnibus-y-el-paquete-fiscal\/\",\"url\":\"https:\/\/apuntesdesanluis.com\/index.php\/2024\/04\/28\/el-gremio-de-aceiteros-para-deste-este-lunes-en-rechazo-a-la-ley-omnibus-y-el-paquete-fiscal\/\",\"name\":\"EL GREMIO DE ACEITEROS PARA DESTE ESTE LUNES EN RECHAZO A LA LEY \u00d3MNIBUS Y EL PAQUETE FISCAL - Apuntes de San Luis\",\"isPartOf\":{\"@id\":\"https:\/\/apuntesdesanluis.com\/#website\"},\"primaryImageOfPage\":{\"@id\":\"https:\/\/apuntesdesanluis.com\/index.php\/2024\/04\/28\/el-gremio-de-aceiteros-para-deste-este-lunes-en-rechazo-a-la-ley-omnibus-y-el-paquete-fiscal\/#primaryimage\"},\"image\":{\"@id\":\"https:\/\/apuntesdesanluis.com\/index.php\/2024\/04\/28\/el-gremio-de-aceiteros-para-deste-este-lunes-en-rechazo-a-la-ley-omnibus-y-el-paquete-fiscal\/#primaryimage\"},\"thumbnailUrl\":\"https:\/\/apuntesdesanluis.com\/wp-content\/uploads\/2024\/04\/ACEITEROS.png\",\"datePublished\":\"2024-04-28T21:44:16+00:00\",\"breadcrumb\":{\"@id\":\"https:\/\/apuntesdesanluis.com\/index.php\/2024\/04\/28\/el-gremio-de-aceiteros-para-deste-este-lunes-en-rechazo-a-la-ley-omnibus-y-el-paquete-fiscal\/#breadcrumb\"},\"inLanguage\":\"es-AR\",\"potentialAction\":[{\"@type\":\"ReadAction\",\"target\":[\"https:\/\/apuntesdesanluis.com\/index.php\/2024\/04\/28\/el-gremio-de-aceiteros-para-deste-este-lunes-en-rechazo-a-la-ley-omnibus-y-el-paquete-fiscal\/\"]}]},{\"@type\":\"ImageObject\",\"inLanguage\":\"es-AR\",\"@id\":\"https:\/\/apuntesdesanluis.com\/index.php\/2024\/04\/28\/el-gremio-de-aceiteros-para-deste-este-lunes-en-rechazo-a-la-ley-omnibus-y-el-paquete-fiscal\/#primaryimage\",\"url\":\"https:\/\/apuntesdesanluis.com\/wp-content\/uploads\/2024\/04\/ACEITEROS.png\",\"contentUrl\":\"https:\/\/apuntesdesanluis.com\/wp-content\/uploads\/2024\/04\/ACEITEROS.png\",\"width\":788,\"height\":481},{\"@type\":\"BreadcrumbList\",\"@id\":\"https:\/\/apuntesdesanluis.com\/index.php\/2024\/04\/28\/el-gremio-de-aceiteros-para-deste-este-lunes-en-rechazo-a-la-ley-omnibus-y-el-paquete-fiscal\/#breadcrumb\",\"itemListElement\":[{\"@type\":\"ListItem\",\"position\":1,\"name\":\"Inicio\",\"item\":\"https:\/\/apuntesdesanluis.com\/\"},{\"@type\":\"ListItem\",\"position\":2,\"name\":\"EL GREMIO DE ACEITEROS PARA DESTE ESTE LUNES EN RECHAZO A LA LEY \u00d3MNIBUS Y EL PAQUETE FISCAL\"}]},{\"@type\":\"WebSite\",\"@id\":\"https:\/\/apuntesdesanluis.com\/#website\",\"url\":\"https:\/\/apuntesdesanluis.com\/\",\"name\":\"Apuntes de San Luis\",\"description\":\"\",\"publisher\":{\"@id\":\"https:\/\/apuntesdesanluis.com\/#\/schema\/person\/b55151d52296fcce64d1a72538a70b90\"},\"potentialAction\":[{\"@type\":\"SearchAction\",\"target\":{\"@type\":\"EntryPoint\",\"urlTemplate\":\"https:\/\/apuntesdesanluis.com\/?s={search_term_string}\"},\"query-input\":{\"@type\":\"PropertyValueSpecification\",\"valueRequired\":true,\"valueName\":\"search_term_string\"}}],\"inLanguage\":\"es-AR\"},{\"@type\":[\"Person\",\"Organization\"],\"@id\":\"https:\/\/apuntesdesanluis.com\/#\/schema\/person\/b55151d52296fcce64d1a72538a70b90\",\"name\":\"apuntesdesanluis.com\",\"image\":{\"@type\":\"ImageObject\",\"inLanguage\":\"es-AR\",\"@id\":\"https:\/\/apuntesdesanluis.com\/#\/schema\/person\/image\/\",\"url\":\"https:\/\/apuntesdesanluis.com\/wp-content\/uploads\/2023\/07\/cropped-apuntesdesanluis.png\",\"contentUrl\":\"https:\/\/apuntesdesanluis.com\/wp-content\/uploads\/2023\/07\/cropped-apuntesdesanluis.png\",\"width\":450,\"height\":112,\"caption\":\"apuntesdesanluis.com\"},\"logo\":{\"@id\":\"https:\/\/apuntesdesanluis.com\/#\/schema\/person\/image\/\"},\"sameAs\":[\"https:\/\/apuntesdesanluis.com\"],\"url\":\"https:\/\/apuntesdesanluis.com\/index.php\/author\/apuntesdesanluis-com\/\"}]}<\/script>\n<!-- \/ Yoast SEO plugin. -->","yoast_head_json":{"title":"EL GREMIO DE ACEITEROS PARA DESTE ESTE LUNES EN RECHAZO A LA LEY \u00d3MNIBUS Y EL PAQUETE FISCAL - Apuntes de San Luis","robots":{"index":"index","follow":"follow","max-snippet":"max-snippet:-1","max-image-preview":"max-image-preview:large","max-video-preview":"max-video-preview:-1"},"canonical":"https:\/\/apuntesdesanluis.com\/index.php\/2024\/04\/28\/el-gremio-de-aceiteros-para-deste-este-lunes-en-rechazo-a-la-ley-omnibus-y-el-paquete-fiscal\/","og_locale":"es_ES","og_type":"article","og_title":"EL GREMIO DE ACEITEROS PARA DESTE ESTE LUNES EN RECHAZO A LA LEY \u00d3MNIBUS Y EL PAQUETE FISCAL - Apuntes de San Luis","og_description":"Es por tiempo indeterminado. Se trata de una medida de fuerza que pega de lleno...","og_url":"https:\/\/apuntesdesanluis.com\/index.php\/2024\/04\/28\/el-gremio-de-aceiteros-para-deste-este-lunes-en-rechazo-a-la-ley-omnibus-y-el-paquete-fiscal\/","og_site_name":"Apuntes de San Luis","article_published_time":"2024-04-28T21:44:16+00:00","og_image":[{"width":788,"height":481,"url":"https:\/\/apuntesdesanluis.com\/wp-content\/uploads\/2024\/04\/ACEITEROS.png","type":"image\/png"}],"author":"apuntesdesanluis.com","twitter_card":"summary_large_image","twitter_misc":{"Escrito por":"apuntesdesanluis.com","Tiempo de lectura":"3 minutos"},"schema":{"@context":"https:\/\/schema.org","@graph":[{"@type":"Article","@id":"https:\/\/apuntesdesanluis.com\/index.php\/2024\/04\/28\/el-gremio-de-aceiteros-para-deste-este-lunes-en-rechazo-a-la-ley-omnibus-y-el-paquete-fiscal\/#article","isPartOf":{"@id":"https:\/\/apuntesdesanluis.com\/index.php\/2024\/04\/28\/el-gremio-de-aceiteros-para-deste-este-lunes-en-rechazo-a-la-ley-omnibus-y-el-paquete-fiscal\/"},"author":{"name":"apuntesdesanluis.com","@id":"https:\/\/apuntesdesanluis.com\/#\/schema\/person\/b55151d52296fcce64d1a72538a70b90"},"headline":"EL GREMIO DE ACEITEROS PARA DESTE ESTE LUNES EN RECHAZO A LA LEY \u00d3MNIBUS Y EL PAQUETE FISCAL","datePublished":"2024-04-28T21:44:16+00:00","mainEntityOfPage":{"@id":"https:\/\/apuntesdesanluis.com\/index.php\/2024\/04\/28\/el-gremio-de-aceiteros-para-deste-este-lunes-en-rechazo-a-la-ley-omnibus-y-el-paquete-fiscal\/"},"wordCount":438,"publisher":{"@id":"https:\/\/apuntesdesanluis.com\/#\/schema\/person\/b55151d52296fcce64d1a72538a70b90"},"image":{"@id":"https:\/\/apuntesdesanluis.com\/index.php\/2024\/04\/28\/el-gremio-de-aceiteros-para-deste-este-lunes-en-rechazo-a-la-ley-omnibus-y-el-paquete-fiscal\/#primaryimage"},"thumbnailUrl":"https:\/\/apuntesdesanluis.com\/wp-content\/uploads\/2024\/04\/ACEITEROS.png","articleSection":["Nacionales\/Internacionales"],"inLanguage":"es-AR"},{"@type":"WebPage","@id":"https:\/\/apuntesdesanluis.com\/index.php\/2024\/04\/28\/el-gremio-de-aceiteros-para-deste-este-lunes-en-rechazo-a-la-ley-omnibus-y-el-paquete-fiscal\/","url":"https:\/\/apuntesdesanluis.com\/index.php\/2024\/04\/28\/el-gremio-de-aceiteros-para-deste-este-lunes-en-rechazo-a-la-ley-omnibus-y-el-paquete-fiscal\/","name":"EL GREMIO DE ACEITEROS PARA DESTE ESTE LUNES EN RECHAZO A LA LEY \u00d3MNIBUS Y EL PAQUETE FISCAL - Apuntes de San Luis","isPartOf":{"@id":"https:\/\/apuntesdesanluis.com\/#website"},"primaryImageOfPage":{"@id":"https:\/\/apuntesdesanluis.com\/index.php\/2024\/04\/28\/el-gremio-de-aceiteros-para-deste-este-lunes-en-rechazo-a-la-ley-omnibus-y-el-paquete-fiscal\/#primaryimage"},"image":{"@id":"https:\/\/apuntesdesanluis.com\/index.php\/2024\/04\/28\/el-gremio-de-aceiteros-para-deste-este-lunes-en-rechazo-a-la-ley-omnibus-y-el-paquete-fiscal\/#primaryimage"},"thumbnailUrl":"https:\/\/apuntesdesanluis.com\/wp-content\/uploads\/2024\/04\/ACEITEROS.png","datePublished":"2024-04-28T21:44:16+00:00","breadcrumb":{"@id":"https:\/\/apuntesdesanluis.com\/index.php\/2024\/04\/28\/el-gremio-de-aceiteros-para-deste-este-lunes-en-rechazo-a-la-ley-omnibus-y-el-paquete-fiscal\/#breadcrumb"},"inLanguage":"es-AR","potentialAction":[{"@type":"ReadAction","target":["https:\/\/apuntesdesanluis.com\/index.php\/2024\/04\/28\/el-gremio-de-aceiteros-para-deste-este-lunes-en-rechazo-a-la-ley-omnibus-y-el-paquete-fiscal\/"]}]},{"@type":"ImageObject","inLanguage":"es-AR","@id":"https:\/\/apuntesdesanluis.com\/index.php\/2024\/04\/28\/el-gremio-de-aceiteros-para-deste-este-lunes-en-rechazo-a-la-ley-omnibus-y-el-paquete-fiscal\/#primaryimage","url":"https:\/\/apuntesdesanluis.com\/wp-content\/uploads\/2024\/04\/ACEITEROS.png","contentUrl":"https:\/\/apuntesdesanluis.com\/wp-content\/uploads\/2024\/04\/ACEITEROS.png","width":788,"height":481},{"@type":"BreadcrumbList","@id":"https:\/\/apuntesdesanluis.com\/index.php\/2024\/04\/28\/el-gremio-de-aceiteros-para-deste-este-lunes-en-rechazo-a-la-ley-omnibus-y-el-paquete-fiscal\/#breadcrumb","itemListElement":[{"@type":"ListItem","position":1,"name":"Inicio","item":"https:\/\/apuntesdesanluis.com\/"},{"@type":"ListItem","position":2,"name":"EL GREMIO DE ACEITEROS PARA DESTE ESTE LUNES EN RECHAZO A LA LEY \u00d3MNIBUS Y EL PAQUETE FISCAL"}]},{"@type":"WebSite","@id":"https:\/\/apuntesdesanluis.com\/#website","url":"https:\/\/apuntesdesanluis.com\/","name":"Apuntes de San Luis","description":"","publisher":{"@id":"https:\/\/apuntesdesanluis.com\/#\/schema\/person\/b55151d52296fcce64d1a72538a70b90"},"potentialAction":[{"@type":"SearchAction","target":{"@type":"EntryPoint","urlTemplate":"https:\/\/apuntesdesanluis.com\/?s={search_term_string}"},"query-input":{"@type":"PropertyValueSpecification","valueRequired":true,"valueName":"search_term_string"}}],"inLanguage":"es-AR"},{"@type":["Person","Organization"],"@id":"https:\/\/apuntesdesanluis.com\/#\/schema\/person\/b55151d52296fcce64d1a72538a70b90","name":"apuntesdesanluis.com","image":{"@type":"ImageObject","inLanguage":"es-AR","@id":"https:\/\/apuntesdesanluis.com\/#\/schema\/person\/image\/","url":"https:\/\/apuntesdesanluis.com\/wp-content\/uploads\/2023\/07\/cropped-apuntesdesanluis.png","contentUrl":"https:\/\/apuntesdesanluis.com\/wp-content\/uploads\/2023\/07\/cropped-apuntesdesanluis.png","width":450,"height":112,"caption":"apuntesdesanluis.com"},"logo":{"@id":"https:\/\/apuntesdesanluis.com\/#\/schema\/person\/image\/"},"sameAs":["https:\/\/apuntesdesanluis.com"],"url":"https:\/\/apuntesdesanluis.com\/index.php\/author\/apuntesdesanluis-com\/"}]}},"featured_image_urls":{"full":["https:\/\/apuntesdesanluis.com\/wp-content\/uploads\/2024\/04\/ACEITEROS.png",788,481,false],"thumbnail":["https:\/\/apuntesdesanluis.com\/wp-content\/uploads\/2024\/04\/ACEITEROS-150x150.png",150,150,true],"medium":["https:\/\/apuntesdesanluis.com\/wp-content\/uploads\/2024\/04\/ACEITEROS-300x183.png",300,183,true],"medium_large":["https:\/\/apuntesdesanluis.com\/wp-content\/uploads\/2024\/04\/ACEITEROS-768x469.png",640,391,true],"large":["https:\/\/apuntesdesanluis.com\/wp-content\/uploads\/2024\/04\/ACEITEROS.png",640,391,false],"1536x1536":["https:\/\/apuntesdesanluis.com\/wp-content\/uploads\/2024\/04\/ACEITEROS.png",788,481,false],"2048x2048":["https:\/\/apuntesdesanluis.com\/wp-content\/uploads\/2024\/04\/ACEITEROS.png",788,481,false],"newsever-slider-full":["https:\/\/apuntesdesanluis.com\/wp-content\/uploads\/2024\/04\/ACEITEROS.png",788,481,false],"newsever-featured":["https:\/\/apuntesdesanluis.com\/wp-content\/uploads\/2024\/04\/ACEITEROS.png",788,481,false],"newsever-medium":["https:\/\/apuntesdesanluis.com\/wp-content\/uploads\/2024\/04\/ACEITEROS-720x475.png",720,475,true]},"author_info":{"display_name":"apuntesdesanluis.com","author_link":"https:\/\/apuntesdesanluis.com\/index.php\/author\/apuntesdesanluis-com\/"},"category_info":"<a href=\"https:\/\/apuntesdesanluis.com\/index.php\/category\/nacionales-internacionales\/\" rel=\"category tag\">Nacionales\/Internacionales<\/a>","tag_info":"Nacionales\/Internacionales","comment_count":"0","_links":{"self":[{"href":"https:\/\/apuntesdesanluis.com\/index.php\/wp-json\/wp\/v2\/posts\/15434","targetHints":{"allow":["GET"]}}],"collection":[{"href":"https:\/\/apuntesdesanluis.com\/index.php\/wp-json\/wp\/v2\/posts"}],"about":[{"href":"https:\/\/apuntesdesanluis.com\/index.php\/wp-json\/wp\/v2\/types\/post"}],"author":[{"embeddable":true,"href":"https:\/\/apuntesdesanluis.com\/index.php\/wp-json\/wp\/v2\/users\/1"}],"replies":[{"embeddable":true,"href":"https:\/\/apuntesdesanluis.com\/index.php\/wp-json\/wp\/v2\/comments?post=15434"}],"version-history":[{"count":1,"href":"https:\/\/apuntesdesanluis.com\/index.php\/wp-json\/wp\/v2\/posts\/15434\/revisions"}],"predecessor-version":[{"id":15437,"href":"https:\/\/apuntesdesanluis.com\/index.php\/wp-json\/wp\/v2\/posts\/15434\/revisions\/15437"}],"wp:featuredmedia":[{"embeddable":true,"href":"https:\/\/apuntesdesanluis.com\/index.php\/wp-json\/wp\/v2\/media\/15435"}],"wp:attachment":[{"href":"https:\/\/apuntesdesanluis.com\/index.php\/wp-json\/wp\/v2\/media?parent=15434"}],"wp:term":[{"taxonomy":"category","embeddable":true,"href":"https:\/\/apuntesdesanluis.com\/index.php\/wp-json\/wp\/v2\/categories?post=15434"},{"taxonomy":"post_tag","embeddable":true,"href":"https:\/\/apuntesdesanluis.com\/index.php\/wp-json\/wp\/v2\/tags?post=15434"}],"curies":[{"name":"wp","href":"https:\/\/api.w.org\/{rel}","templated":true}]}}