{"id":15445,"date":"2024-04-26T05:03:18","date_gmt":"2024-04-26T08:03:18","guid":{"rendered":"https:\/\/apuntesdesanluis.com\/?p=15445"},"modified":"2024-04-28T19:25:40","modified_gmt":"2024-04-28T22:25:40","slug":"el-ministerio-de-educacion-y-la-unsl-firmaron-el-convenio-profes","status":"publish","type":"post","link":"https:\/\/apuntesdesanluis.com\/index.php\/2024\/04\/26\/el-ministerio-de-educacion-y-la-unsl-firmaron-el-convenio-profes\/","title":{"rendered":"EL MINISTERIO DE EDUCACI\u00d3N Y LA UNSL FIRMARON EL CONVENIO \u2018PROFES\u2019"},"content":{"rendered":"<h3>Se trata del \u2018Programa de Integraci\u00f3n Universidad \u2013 Escuela Secundaria\u2019, uno de los ejes fundamentales que se propuso el Ministerio de Educaci\u00f3n de la provincia para que a los chicos que terminan el colegio no se les dificulte el paso a la educaci\u00f3n superior.<\/h3>\n<h3>El acuerdo fue suscripto por el titular de la cartera educativa, <strong>Guillermo Araujo<\/strong>, y el Rector de la UNSL <strong>V\u00edctor Mori\u00f1igo, en el despacho de \u00e9ste \u00faltimo.<\/strong><\/h3>\n<h3>El objeto del convenio aborda el dise\u00f1o e implementaci\u00f3n de acciones de articulaci\u00f3n acad\u00e9mica tendientes a que los estudiantes del Nivel Secundario pr\u00f3ximos a egresar, que manifiesten inter\u00e9s por alguna carrera de la propuesta educativa brindada por la UNSL en las diferentes \u00e1reas del conocimiento, puedan acceder a los cursos de: Biolog\u00eda, Lengua, Matem\u00e1tica y Qu\u00edmica, especialmente preparados para el autoaprendizaje durante el \u00faltimo a\u00f1o del ciclo lectivo.<\/h3>\n<h3>Los estudiantes que aprueben el\/los curso\/s podr\u00e1n ingresar a alguna carrera de la UNSL para el ciclo inmediato posterior u obtener el reconocimiento de m\u00f3dulos en el caso de otras carreras de la universidad.<\/h3>\n<h3><strong>FORMACI\u00d3N COMPLEMENTARIA<\/strong><\/h3>\n<h3>La casa de altos estudios ofrece, adem\u00e1s, realizar charlas acad\u00e9micas, talleres y promoci\u00f3n de carreras a implementar en los establecimientos educativos o en las instalaciones de la Universidad destinadas a estudiantes de los \u00faltimos tres a\u00f1os del Nivel Medio.<\/h3>\n<h3>Estos encuentros iniciar\u00edan a partir de la firma del convenio y continuar\u00edan a lo largo del a\u00f1o.<\/h3>\n<h3>\u00bfCu\u00e1les ser\u00e1n las facultades para el dictado de cursos?<\/h3>\n<h3>Las de Biolog\u00eda, Lengua, Matem\u00e1tica, Qu\u00edmica, Bioqu\u00edmica y Farmacia, Ciencias F\u00edsico Matem\u00e1ticas y Naturales; Ciencias Humanas e Ingenier\u00eda y Ciencias Agropecuarias.<\/h3>\n<h3>Para m\u00e1s informaci\u00f3n: Llamar a la direcci\u00f3n Educaci\u00f3n Obligatoria, tel\u00e9fono: <strong>4452000 int 3289\/3429<\/strong>.<\/h3>\n<p>&nbsp;<\/p>\n<p>&nbsp;<\/p>\n<p>&nbsp;<\/p>\n","protected":false},"excerpt":{"rendered":"<p>Se trata del \u2018Programa de Integraci\u00f3n Universidad \u2013 Escuela Secundaria\u2019, uno de los ejes fundamentales&#8230;<\/p>\n","protected":false},"author":1,"featured_media":15447,"comment_status":"closed","ping_status":"closed","sticky":false,"template":"","format":"standard","meta":{"footnotes":""},"categories":[6],"tags":[],"class_list":["post-15445","post","type-post","status-publish","format-standard","has-post-thumbnail","hentry","category-ciudad-provincia"],"yoast_head":"<!-- This site is optimized with the Yoast SEO plugin v26.1.1 - https:\/\/yoast.com\/wordpress\/plugins\/seo\/ -->\n<title>EL MINISTERIO DE EDUCACI\u00d3N Y LA UNSL FIRMARON EL CONVENIO \u2018PROFES\u2019 - Apuntes de San Luis<\/title>\n<meta name=\"robots\" content=\"index, follow, max-snippet:-1, max-image-preview:large, max-video-preview:-1\" \/>\n<link rel=\"canonical\" href=\"https:\/\/apuntesdesanluis.com\/index.php\/2024\/04\/26\/el-ministerio-de-educacion-y-la-unsl-firmaron-el-convenio-profes\/\" \/>\n<meta property=\"og:locale\" content=\"es_ES\" \/>\n<meta property=\"og:type\" content=\"article\" \/>\n<meta property=\"og:title\" content=\"EL MINISTERIO DE EDUCACI\u00d3N Y LA UNSL FIRMARON EL CONVENIO \u2018PROFES\u2019 - Apuntes de San Luis\" \/>\n<meta property=\"og:description\" content=\"Se trata del \u2018Programa de Integraci\u00f3n Universidad \u2013 Escuela Secundaria\u2019, uno de los ejes fundamentales...\" \/>\n<meta property=\"og:url\" content=\"https:\/\/apuntesdesanluis.com\/index.php\/2024\/04\/26\/el-ministerio-de-educacion-y-la-unsl-firmaron-el-convenio-profes\/\" \/>\n<meta property=\"og:site_name\" content=\"Apuntes de San Luis\" \/>\n<meta property=\"article:published_time\" content=\"2024-04-26T08:03:18+00:00\" \/>\n<meta property=\"article:modified_time\" content=\"2024-04-28T22:25:40+00:00\" \/>\n<meta property=\"og:image\" content=\"https:\/\/apuntesdesanluis.com\/wp-content\/uploads\/2024\/04\/morinigo-araujo.png\" \/>\n\t<meta property=\"og:image:width\" content=\"600\" \/>\n\t<meta property=\"og:image:height\" content=\"372\" \/>\n\t<meta property=\"og:image:type\" content=\"image\/png\" \/>\n<meta name=\"author\" content=\"apuntesdesanluis.com\" \/>\n<meta name=\"twitter:card\" content=\"summary_large_image\" \/>\n<meta name=\"twitter:label1\" content=\"Escrito por\" \/>\n\t<meta name=\"twitter:data1\" content=\"apuntesdesanluis.com\" \/>\n\t<meta name=\"twitter:label2\" content=\"Tiempo de lectura\" \/>\n\t<meta name=\"twitter:data2\" content=\"2 minutos\" \/>\n<script type=\"application\/ld+json\" class=\"yoast-schema-graph\">{\"@context\":\"https:\/\/schema.org\",\"@graph\":[{\"@type\":\"Article\",\"@id\":\"https:\/\/apuntesdesanluis.com\/index.php\/2024\/04\/26\/el-ministerio-de-educacion-y-la-unsl-firmaron-el-convenio-profes\/#article\",\"isPartOf\":{\"@id\":\"https:\/\/apuntesdesanluis.com\/index.php\/2024\/04\/26\/el-ministerio-de-educacion-y-la-unsl-firmaron-el-convenio-profes\/\"},\"author\":{\"name\":\"apuntesdesanluis.com\",\"@id\":\"https:\/\/apuntesdesanluis.com\/#\/schema\/person\/b55151d52296fcce64d1a72538a70b90\"},\"headline\":\"EL MINISTERIO DE EDUCACI\u00d3N Y LA UNSL FIRMARON EL CONVENIO \u2018PROFES\u2019\",\"datePublished\":\"2024-04-26T08:03:18+00:00\",\"dateModified\":\"2024-04-28T22:25:40+00:00\",\"mainEntityOfPage\":{\"@id\":\"https:\/\/apuntesdesanluis.com\/index.php\/2024\/04\/26\/el-ministerio-de-educacion-y-la-unsl-firmaron-el-convenio-profes\/\"},\"wordCount\":327,\"publisher\":{\"@id\":\"https:\/\/apuntesdesanluis.com\/#\/schema\/person\/b55151d52296fcce64d1a72538a70b90\"},\"image\":{\"@id\":\"https:\/\/apuntesdesanluis.com\/index.php\/2024\/04\/26\/el-ministerio-de-educacion-y-la-unsl-firmaron-el-convenio-profes\/#primaryimage\"},\"thumbnailUrl\":\"https:\/\/apuntesdesanluis.com\/wp-content\/uploads\/2024\/04\/morinigo-araujo.png\",\"articleSection\":[\"Ciudad\/Provincia\"],\"inLanguage\":\"es-AR\"},{\"@type\":\"WebPage\",\"@id\":\"https:\/\/apuntesdesanluis.com\/index.php\/2024\/04\/26\/el-ministerio-de-educacion-y-la-unsl-firmaron-el-convenio-profes\/\",\"url\":\"https:\/\/apuntesdesanluis.com\/index.php\/2024\/04\/26\/el-ministerio-de-educacion-y-la-unsl-firmaron-el-convenio-profes\/\",\"name\":\"EL MINISTERIO DE EDUCACI\u00d3N Y LA UNSL FIRMARON EL CONVENIO \u2018PROFES\u2019 - Apuntes de San Luis\",\"isPartOf\":{\"@id\":\"https:\/\/apuntesdesanluis.com\/#website\"},\"primaryImageOfPage\":{\"@id\":\"https:\/\/apuntesdesanluis.com\/index.php\/2024\/04\/26\/el-ministerio-de-educacion-y-la-unsl-firmaron-el-convenio-profes\/#primaryimage\"},\"image\":{\"@id\":\"https:\/\/apuntesdesanluis.com\/index.php\/2024\/04\/26\/el-ministerio-de-educacion-y-la-unsl-firmaron-el-convenio-profes\/#primaryimage\"},\"thumbnailUrl\":\"https:\/\/apuntesdesanluis.com\/wp-content\/uploads\/2024\/04\/morinigo-araujo.png\",\"datePublished\":\"2024-04-26T08:03:18+00:00\",\"dateModified\":\"2024-04-28T22:25:40+00:00\",\"breadcrumb\":{\"@id\":\"https:\/\/apuntesdesanluis.com\/index.php\/2024\/04\/26\/el-ministerio-de-educacion-y-la-unsl-firmaron-el-convenio-profes\/#breadcrumb\"},\"inLanguage\":\"es-AR\",\"potentialAction\":[{\"@type\":\"ReadAction\",\"target\":[\"https:\/\/apuntesdesanluis.com\/index.php\/2024\/04\/26\/el-ministerio-de-educacion-y-la-unsl-firmaron-el-convenio-profes\/\"]}]},{\"@type\":\"ImageObject\",\"inLanguage\":\"es-AR\",\"@id\":\"https:\/\/apuntesdesanluis.com\/index.php\/2024\/04\/26\/el-ministerio-de-educacion-y-la-unsl-firmaron-el-convenio-profes\/#primaryimage\",\"url\":\"https:\/\/apuntesdesanluis.com\/wp-content\/uploads\/2024\/04\/morinigo-araujo.png\",\"contentUrl\":\"https:\/\/apuntesdesanluis.com\/wp-content\/uploads\/2024\/04\/morinigo-araujo.png\",\"width\":600,\"height\":372},{\"@type\":\"BreadcrumbList\",\"@id\":\"https:\/\/apuntesdesanluis.com\/index.php\/2024\/04\/26\/el-ministerio-de-educacion-y-la-unsl-firmaron-el-convenio-profes\/#breadcrumb\",\"itemListElement\":[{\"@type\":\"ListItem\",\"position\":1,\"name\":\"Inicio\",\"item\":\"https:\/\/apuntesdesanluis.com\/\"},{\"@type\":\"ListItem\",\"position\":2,\"name\":\"EL MINISTERIO DE EDUCACI\u00d3N Y LA UNSL FIRMARON EL CONVENIO \u2018PROFES\u2019\"}]},{\"@type\":\"WebSite\",\"@id\":\"https:\/\/apuntesdesanluis.com\/#website\",\"url\":\"https:\/\/apuntesdesanluis.com\/\",\"name\":\"Apuntes de San Luis\",\"description\":\"\",\"publisher\":{\"@id\":\"https:\/\/apuntesdesanluis.com\/#\/schema\/person\/b55151d52296fcce64d1a72538a70b90\"},\"potentialAction\":[{\"@type\":\"SearchAction\",\"target\":{\"@type\":\"EntryPoint\",\"urlTemplate\":\"https:\/\/apuntesdesanluis.com\/?s={search_term_string}\"},\"query-input\":{\"@type\":\"PropertyValueSpecification\",\"valueRequired\":true,\"valueName\":\"search_term_string\"}}],\"inLanguage\":\"es-AR\"},{\"@type\":[\"Person\",\"Organization\"],\"@id\":\"https:\/\/apuntesdesanluis.com\/#\/schema\/person\/b55151d52296fcce64d1a72538a70b90\",\"name\":\"apuntesdesanluis.com\",\"image\":{\"@type\":\"ImageObject\",\"inLanguage\":\"es-AR\",\"@id\":\"https:\/\/apuntesdesanluis.com\/#\/schema\/person\/image\/\",\"url\":\"https:\/\/apuntesdesanluis.com\/wp-content\/uploads\/2023\/07\/cropped-apuntesdesanluis.png\",\"contentUrl\":\"https:\/\/apuntesdesanluis.com\/wp-content\/uploads\/2023\/07\/cropped-apuntesdesanluis.png\",\"width\":450,\"height\":112,\"caption\":\"apuntesdesanluis.com\"},\"logo\":{\"@id\":\"https:\/\/apuntesdesanluis.com\/#\/schema\/person\/image\/\"},\"sameAs\":[\"https:\/\/apuntesdesanluis.com\"],\"url\":\"https:\/\/apuntesdesanluis.com\/index.php\/author\/apuntesdesanluis-com\/\"}]}<\/script>\n<!-- \/ Yoast SEO plugin. -->","yoast_head_json":{"title":"EL MINISTERIO DE EDUCACI\u00d3N Y LA UNSL FIRMARON EL CONVENIO \u2018PROFES\u2019 - Apuntes de San Luis","robots":{"index":"index","follow":"follow","max-snippet":"max-snippet:-1","max-image-preview":"max-image-preview:large","max-video-preview":"max-video-preview:-1"},"canonical":"https:\/\/apuntesdesanluis.com\/index.php\/2024\/04\/26\/el-ministerio-de-educacion-y-la-unsl-firmaron-el-convenio-profes\/","og_locale":"es_ES","og_type":"article","og_title":"EL MINISTERIO DE EDUCACI\u00d3N Y LA UNSL FIRMARON EL CONVENIO \u2018PROFES\u2019 - Apuntes de San Luis","og_description":"Se trata del \u2018Programa de Integraci\u00f3n Universidad \u2013 Escuela Secundaria\u2019, uno de los ejes fundamentales...","og_url":"https:\/\/apuntesdesanluis.com\/index.php\/2024\/04\/26\/el-ministerio-de-educacion-y-la-unsl-firmaron-el-convenio-profes\/","og_site_name":"Apuntes de San Luis","article_published_time":"2024-04-26T08:03:18+00:00","article_modified_time":"2024-04-28T22:25:40+00:00","og_image":[{"width":600,"height":372,"url":"https:\/\/apuntesdesanluis.com\/wp-content\/uploads\/2024\/04\/morinigo-araujo.png","type":"image\/png"}],"author":"apuntesdesanluis.com","twitter_card":"summary_large_image","twitter_misc":{"Escrito por":"apuntesdesanluis.com","Tiempo de lectura":"2 minutos"},"schema":{"@context":"https:\/\/schema.org","@graph":[{"@type":"Article","@id":"https:\/\/apuntesdesanluis.com\/index.php\/2024\/04\/26\/el-ministerio-de-educacion-y-la-unsl-firmaron-el-convenio-profes\/#article","isPartOf":{"@id":"https:\/\/apuntesdesanluis.com\/index.php\/2024\/04\/26\/el-ministerio-de-educacion-y-la-unsl-firmaron-el-convenio-profes\/"},"author":{"name":"apuntesdesanluis.com","@id":"https:\/\/apuntesdesanluis.com\/#\/schema\/person\/b55151d52296fcce64d1a72538a70b90"},"headline":"EL MINISTERIO DE EDUCACI\u00d3N Y LA UNSL FIRMARON EL CONVENIO \u2018PROFES\u2019","datePublished":"2024-04-26T08:03:18+00:00","dateModified":"2024-04-28T22:25:40+00:00","mainEntityOfPage":{"@id":"https:\/\/apuntesdesanluis.com\/index.php\/2024\/04\/26\/el-ministerio-de-educacion-y-la-unsl-firmaron-el-convenio-profes\/"},"wordCount":327,"publisher":{"@id":"https:\/\/apuntesdesanluis.com\/#\/schema\/person\/b55151d52296fcce64d1a72538a70b90"},"image":{"@id":"https:\/\/apuntesdesanluis.com\/index.php\/2024\/04\/26\/el-ministerio-de-educacion-y-la-unsl-firmaron-el-convenio-profes\/#primaryimage"},"thumbnailUrl":"https:\/\/apuntesdesanluis.com\/wp-content\/uploads\/2024\/04\/morinigo-araujo.png","articleSection":["Ciudad\/Provincia"],"inLanguage":"es-AR"},{"@type":"WebPage","@id":"https:\/\/apuntesdesanluis.com\/index.php\/2024\/04\/26\/el-ministerio-de-educacion-y-la-unsl-firmaron-el-convenio-profes\/","url":"https:\/\/apuntesdesanluis.com\/index.php\/2024\/04\/26\/el-ministerio-de-educacion-y-la-unsl-firmaron-el-convenio-profes\/","name":"EL MINISTERIO DE EDUCACI\u00d3N Y LA UNSL FIRMARON EL CONVENIO \u2018PROFES\u2019 - Apuntes de San Luis","isPartOf":{"@id":"https:\/\/apuntesdesanluis.com\/#website"},"primaryImageOfPage":{"@id":"https:\/\/apuntesdesanluis.com\/index.php\/2024\/04\/26\/el-ministerio-de-educacion-y-la-unsl-firmaron-el-convenio-profes\/#primaryimage"},"image":{"@id":"https:\/\/apuntesdesanluis.com\/index.php\/2024\/04\/26\/el-ministerio-de-educacion-y-la-unsl-firmaron-el-convenio-profes\/#primaryimage"},"thumbnailUrl":"https:\/\/apuntesdesanluis.com\/wp-content\/uploads\/2024\/04\/morinigo-araujo.png","datePublished":"2024-04-26T08:03:18+00:00","dateModified":"2024-04-28T22:25:40+00:00","breadcrumb":{"@id":"https:\/\/apuntesdesanluis.com\/index.php\/2024\/04\/26\/el-ministerio-de-educacion-y-la-unsl-firmaron-el-convenio-profes\/#breadcrumb"},"inLanguage":"es-AR","potentialAction":[{"@type":"ReadAction","target":["https:\/\/apuntesdesanluis.com\/index.php\/2024\/04\/26\/el-ministerio-de-educacion-y-la-unsl-firmaron-el-convenio-profes\/"]}]},{"@type":"ImageObject","inLanguage":"es-AR","@id":"https:\/\/apuntesdesanluis.com\/index.php\/2024\/04\/26\/el-ministerio-de-educacion-y-la-unsl-firmaron-el-convenio-profes\/#primaryimage","url":"https:\/\/apuntesdesanluis.com\/wp-content\/uploads\/2024\/04\/morinigo-araujo.png","contentUrl":"https:\/\/apuntesdesanluis.com\/wp-content\/uploads\/2024\/04\/morinigo-araujo.png","width":600,"height":372},{"@type":"BreadcrumbList","@id":"https:\/\/apuntesdesanluis.com\/index.php\/2024\/04\/26\/el-ministerio-de-educacion-y-la-unsl-firmaron-el-convenio-profes\/#breadcrumb","itemListElement":[{"@type":"ListItem","position":1,"name":"Inicio","item":"https:\/\/apuntesdesanluis.com\/"},{"@type":"ListItem","position":2,"name":"EL MINISTERIO DE EDUCACI\u00d3N Y LA UNSL FIRMARON EL CONVENIO \u2018PROFES\u2019"}]},{"@type":"WebSite","@id":"https:\/\/apuntesdesanluis.com\/#website","url":"https:\/\/apuntesdesanluis.com\/","name":"Apuntes de San Luis","description":"","publisher":{"@id":"https:\/\/apuntesdesanluis.com\/#\/schema\/person\/b55151d52296fcce64d1a72538a70b90"},"potentialAction":[{"@type":"SearchAction","target":{"@type":"EntryPoint","urlTemplate":"https:\/\/apuntesdesanluis.com\/?s={search_term_string}"},"query-input":{"@type":"PropertyValueSpecification","valueRequired":true,"valueName":"search_term_string"}}],"inLanguage":"es-AR"},{"@type":["Person","Organization"],"@id":"https:\/\/apuntesdesanluis.com\/#\/schema\/person\/b55151d52296fcce64d1a72538a70b90","name":"apuntesdesanluis.com","image":{"@type":"ImageObject","inLanguage":"es-AR","@id":"https:\/\/apuntesdesanluis.com\/#\/schema\/person\/image\/","url":"https:\/\/apuntesdesanluis.com\/wp-content\/uploads\/2023\/07\/cropped-apuntesdesanluis.png","contentUrl":"https:\/\/apuntesdesanluis.com\/wp-content\/uploads\/2023\/07\/cropped-apuntesdesanluis.png","width":450,"height":112,"caption":"apuntesdesanluis.com"},"logo":{"@id":"https:\/\/apuntesdesanluis.com\/#\/schema\/person\/image\/"},"sameAs":["https:\/\/apuntesdesanluis.com"],"url":"https:\/\/apuntesdesanluis.com\/index.php\/author\/apuntesdesanluis-com\/"}]}},"featured_image_urls":{"full":["https:\/\/apuntesdesanluis.com\/wp-content\/uploads\/2024\/04\/morinigo-araujo.png",600,372,false],"thumbnail":["https:\/\/apuntesdesanluis.com\/wp-content\/uploads\/2024\/04\/morinigo-araujo-150x150.png",150,150,true],"medium":["https:\/\/apuntesdesanluis.com\/wp-content\/uploads\/2024\/04\/morinigo-araujo-300x186.png",300,186,true],"medium_large":["https:\/\/apuntesdesanluis.com\/wp-content\/uploads\/2024\/04\/morinigo-araujo.png",600,372,false],"large":["https:\/\/apuntesdesanluis.com\/wp-content\/uploads\/2024\/04\/morinigo-araujo.png",600,372,false],"1536x1536":["https:\/\/apuntesdesanluis.com\/wp-content\/uploads\/2024\/04\/morinigo-araujo.png",600,372,false],"2048x2048":["https:\/\/apuntesdesanluis.com\/wp-content\/uploads\/2024\/04\/morinigo-araujo.png",600,372,false],"newsever-slider-full":["https:\/\/apuntesdesanluis.com\/wp-content\/uploads\/2024\/04\/morinigo-araujo.png",600,372,false],"newsever-featured":["https:\/\/apuntesdesanluis.com\/wp-content\/uploads\/2024\/04\/morinigo-araujo.png",600,372,false],"newsever-medium":["https:\/\/apuntesdesanluis.com\/wp-content\/uploads\/2024\/04\/morinigo-araujo.png",600,372,false]},"author_info":{"display_name":"apuntesdesanluis.com","author_link":"https:\/\/apuntesdesanluis.com\/index.php\/author\/apuntesdesanluis-com\/"},"category_info":"<a href=\"https:\/\/apuntesdesanluis.com\/index.php\/category\/ciudad-provincia\/\" rel=\"category tag\">Ciudad\/Provincia<\/a>","tag_info":"Ciudad\/Provincia","comment_count":"0","_links":{"self":[{"href":"https:\/\/apuntesdesanluis.com\/index.php\/wp-json\/wp\/v2\/posts\/15445","targetHints":{"allow":["GET"]}}],"collection":[{"href":"https:\/\/apuntesdesanluis.com\/index.php\/wp-json\/wp\/v2\/posts"}],"about":[{"href":"https:\/\/apuntesdesanluis.com\/index.php\/wp-json\/wp\/v2\/types\/post"}],"author":[{"embeddable":true,"href":"https:\/\/apuntesdesanluis.com\/index.php\/wp-json\/wp\/v2\/users\/1"}],"replies":[{"embeddable":true,"href":"https:\/\/apuntesdesanluis.com\/index.php\/wp-json\/wp\/v2\/comments?post=15445"}],"version-history":[{"count":3,"href":"https:\/\/apuntesdesanluis.com\/index.php\/wp-json\/wp\/v2\/posts\/15445\/revisions"}],"predecessor-version":[{"id":15449,"href":"https:\/\/apuntesdesanluis.com\/index.php\/wp-json\/wp\/v2\/posts\/15445\/revisions\/15449"}],"wp:featuredmedia":[{"embeddable":true,"href":"https:\/\/apuntesdesanluis.com\/index.php\/wp-json\/wp\/v2\/media\/15447"}],"wp:attachment":[{"href":"https:\/\/apuntesdesanluis.com\/index.php\/wp-json\/wp\/v2\/media?parent=15445"}],"wp:term":[{"taxonomy":"category","embeddable":true,"href":"https:\/\/apuntesdesanluis.com\/index.php\/wp-json\/wp\/v2\/categories?post=15445"},{"taxonomy":"post_tag","embeddable":true,"href":"https:\/\/apuntesdesanluis.com\/index.php\/wp-json\/wp\/v2\/tags?post=15445"}],"curies":[{"name":"wp","href":"https:\/\/api.w.org\/{rel}","templated":true}]}}