{"id":15487,"date":"2024-04-29T21:54:24","date_gmt":"2024-04-30T00:54:24","guid":{"rendered":"https:\/\/apuntesdesanluis.com\/?p=15487"},"modified":"2024-04-29T21:54:24","modified_gmt":"2024-04-30T00:54:24","slug":"frontera-presento-la-brigada-ecologica-equipamiento-y-anuncio-compra-de-mas-camionetas","status":"publish","type":"post","link":"https:\/\/apuntesdesanluis.com\/index.php\/2024\/04\/29\/frontera-presento-la-brigada-ecologica-equipamiento-y-anuncio-compra-de-mas-camionetas\/","title":{"rendered":"FRONTERA PRESENT\u00d3 LA BRIGADA ECOL\u00d3GICA, EQUIPAMIENTO Y ANUNCI\u00d3 COMPRA DE M\u00c1S CAMIONETAS"},"content":{"rendered":"<h3>El acto se llev\u00f3 a cabo este lunes por la tarde en la plaza Ver\u00f3nica Bailone, en el barrio Estaci\u00f3n. Particip\u00f3 el gobernador <strong>Claudio Poggi<\/strong>, invitado por el intendente <strong>Maximiliano Frontera<\/strong>, quien efectu\u00f3 nuevos anuncios.<\/h3>\n<h3>La Brigada Ecol\u00f3gica es un nuevo organismo de la Municipalidad de Villa Mercedes que, como su nombre lo indica, tendr\u00e1 a su cargo bregar por el cumplimiento de las normativas destinadas al cuidado del medio ambiente, como tambi\u00e9n articular medidas de prevenci\u00f3n ante distintas situaciones, como la emergencia que el dengue impuso a los sistemas sanitarios de gran parte del pa\u00eds.<\/h3>\n<p><img fetchpriority=\"high\" decoding=\"async\" class=\"wp-image-15489 aligncenter\" src=\"https:\/\/apuntesdesanluis.com\/wp-content\/uploads\/2024\/04\/dengue-equipamiento-apuntes-300x201.png\" alt=\"\" width=\"587\" height=\"393\" srcset=\"https:\/\/apuntesdesanluis.com\/wp-content\/uploads\/2024\/04\/dengue-equipamiento-apuntes-300x201.png 300w, https:\/\/apuntesdesanluis.com\/wp-content\/uploads\/2024\/04\/dengue-equipamiento-apuntes.png 600w\" sizes=\"(max-width: 587px) 100vw, 587px\" \/><\/p>\n<h3>En este sentido, el Gobernador resalt\u00f3 la importancia de poder trabajar codo a codo pese a representar banderas pol\u00edticas distintas. \u201cEs lo que nos pide el ciudadano, no hay grietas cuando uno no las genera\u201d, subray\u00f3.<\/h3>\n<h3>Por su parte, Frontera manifest\u00f3: \u201cAgradezco tambi\u00e9n personalmente al Gobernador y a todo su equipo de Salud, que desde el primer momento empezamos a trabajar para sacar adelante lo que es el tema del dengue\u201d. Y a\u00f1adi\u00f3: \u201cLa gente se pone muy contenta cuando nos ve juntos y a nuestros equipos hermanados, d\u00e1ndole soluci\u00f3n a la gente\u201d.<\/h3>\n<h3><img decoding=\"async\" class=\"wp-image-15490 aligncenter\" src=\"https:\/\/apuntesdesanluis.com\/wp-content\/uploads\/2024\/04\/dengue-fotos-apuntes-300x204.png\" alt=\"\" width=\"585\" height=\"398\" srcset=\"https:\/\/apuntesdesanluis.com\/wp-content\/uploads\/2024\/04\/dengue-fotos-apuntes-300x204.png 300w, https:\/\/apuntesdesanluis.com\/wp-content\/uploads\/2024\/04\/dengue-fotos-apuntes.png 600w\" sizes=\"(max-width: 585px) 100vw, 585px\" \/><\/h3>\n<h3>Tras la proyecci\u00f3n de un audiovisual alusivo a la labor que tendr\u00e1 a cargo la flamante repartici\u00f3n, el intendente Maximiliano Frontera remarc\u00f3 que la protecci\u00f3n del medio ambiente es una prioridad de la gesti\u00f3n, pues obedece al cuidado de la comunidad, que particularmente se vio afectada por el brote de la enfermedad transmitida por el mosquito Aedes aegypti, derivando en numerosos casos, tres de los cuales culminaron en la muerte de los afectados.<\/h3>\n<h3>\u201cEl dengue es un tema que nos une en transmitir tranquilidad a la sociedad. Estamos con la cabeza puesta en la prevenci\u00f3n, en la asistencia, en trabajar en coordinaci\u00f3n las \u00e1reas de salud de todo el Gobierno de la Provincia con todo el equipo de la Municipalidad de Villa Mercedes\u201d, coment\u00f3 el Gobernador.<\/h3>\n<h3>Seguidamente se present\u00f3 el equipamiento recientemente adquirido, lote que incluye a dos camiones, uno de ellos con batea, dispositivos de fumigaci\u00f3n intra y peri domiciliaria, desmalezadoras y otros art\u00edculos afines. Todos los elementos de trabajo recibieron la bendici\u00f3n del sacerdote Diego Torres, de la parroquia San Roque.<\/h3>\n<p><img decoding=\"async\" class=\"wp-image-15491 aligncenter\" src=\"https:\/\/apuntesdesanluis.com\/wp-content\/uploads\/2024\/04\/dengue-camion-300x209.png\" alt=\"\" width=\"593\" height=\"413\" srcset=\"https:\/\/apuntesdesanluis.com\/wp-content\/uploads\/2024\/04\/dengue-camion-300x209.png 300w, https:\/\/apuntesdesanluis.com\/wp-content\/uploads\/2024\/04\/dengue-camion-1024x714.png 1024w, https:\/\/apuntesdesanluis.com\/wp-content\/uploads\/2024\/04\/dengue-camion-768x535.png 768w, https:\/\/apuntesdesanluis.com\/wp-content\/uploads\/2024\/04\/dengue-camion.png 1047w\" sizes=\"(max-width: 593px) 100vw, 593px\" \/><\/p>\n<h3>\u201cContar con estas herramientas es algo muy importante, lo necesit\u00e1bamos. Nunca hab\u00eda sucedido un brote de dengue como el de este a\u00f1o, no solamente ac\u00e1 sino en todo el pa\u00eds\u201d, expres\u00f3 la jefa de Saneamiento Ambiental de Villa Mercedes, Bettina Rho. La funcionaria explic\u00f3 que hasta el momento \u201chemos estado trabajando con tratamientos intradomiciliarios, lo que llamamos bloqueo de foco. Con eso eliminamos criaderos y a su vez fumigamos para combatir el mosquito adulto\u201d.<\/h3>\n<p><img loading=\"lazy\" decoding=\"async\" class=\"wp-image-15492 aligncenter\" src=\"https:\/\/apuntesdesanluis.com\/wp-content\/uploads\/2024\/04\/dengue-camiones-300x150.png\" alt=\"\" width=\"592\" height=\"296\" srcset=\"https:\/\/apuntesdesanluis.com\/wp-content\/uploads\/2024\/04\/dengue-camiones-300x150.png 300w, https:\/\/apuntesdesanluis.com\/wp-content\/uploads\/2024\/04\/dengue-camiones.png 600w\" sizes=\"(max-width: 592px) 100vw, 592px\" \/><\/p>\n<h3><strong>SE COMPRAR\u00c1N M\u00c1S CAMIONES<\/strong><\/h3>\n<h3>El intendente Maximiliano Frontera no solo present\u00f3 nuevo equipamiento para la lucha contra el dengue, sino que tambi\u00e9n anunci\u00f3 la compra de m\u00e1s veh\u00edculos.<\/h3>\n<p><img loading=\"lazy\" decoding=\"async\" class=\"wp-image-15493 aligncenter\" src=\"https:\/\/apuntesdesanluis.com\/wp-content\/uploads\/2024\/04\/dengue-maxi-apuntes-300x169.png\" alt=\"\" width=\"591\" height=\"333\" srcset=\"https:\/\/apuntesdesanluis.com\/wp-content\/uploads\/2024\/04\/dengue-maxi-apuntes-300x169.png 300w, https:\/\/apuntesdesanluis.com\/wp-content\/uploads\/2024\/04\/dengue-maxi-apuntes-768x433.png 768w, https:\/\/apuntesdesanluis.com\/wp-content\/uploads\/2024\/04\/dengue-maxi-apuntes.png 784w\" sizes=\"(max-width: 591px) 100vw, 591px\" \/><\/p>\n<h3>Los rodados, dos camionetas y cinco motocicletas, ser\u00e1n utilizados por la Brigada Ecol\u00f3gica, para tener un mejor control en los Puntos Verdes y la Escombrera Municipal.<\/h3>\n<h3>Con esta pr\u00f3xima incorporaci\u00f3n, la municipalidad inform\u00f3 que se llegar\u00e1 a los 27 veh\u00edculos adquiridos por el Municipio durante esta gesti\u00f3n que lleva su segundo per\u00edodo, \u201cun hecho hist\u00f3rico y sin precedentes en nuestra ciudad\u201d.<\/h3>\n<h3>\u201cDe esta manera, seguimos sumando herramientas que son clave para la optimizaci\u00f3n de los servicios y mayor seguridad en nuestra querida Villa Mercedes\u201d, indic\u00f3 el jefe comunal.<\/h3>\n<p>&nbsp;<\/p>\n<p>&nbsp;<\/p>\n<p>&nbsp;<\/p>\n<p>&nbsp;<\/p>\n<p>&nbsp;<\/p>\n<p>&nbsp;<\/p>\n<p>&nbsp;<\/p>\n<p>&nbsp;<\/p>\n","protected":false},"excerpt":{"rendered":"<p>El acto se llev\u00f3 a cabo este lunes por la tarde en la plaza Ver\u00f3nica&#8230;<\/p>\n","protected":false},"author":1,"featured_media":15488,"comment_status":"closed","ping_status":"closed","sticky":false,"template":"","format":"standard","meta":{"footnotes":""},"categories":[6],"tags":[],"class_list":["post-15487","post","type-post","status-publish","format-standard","has-post-thumbnail","hentry","category-ciudad-provincia"],"yoast_head":"<!-- This site is optimized with the Yoast SEO plugin v26.1.1 - https:\/\/yoast.com\/wordpress\/plugins\/seo\/ -->\n<title>FRONTERA PRESENT\u00d3 LA BRIGADA ECOL\u00d3GICA, EQUIPAMIENTO Y ANUNCI\u00d3 COMPRA DE M\u00c1S CAMIONETAS - Apuntes de San Luis<\/title>\n<meta name=\"robots\" content=\"index, follow, max-snippet:-1, max-image-preview:large, max-video-preview:-1\" \/>\n<link rel=\"canonical\" href=\"https:\/\/apuntesdesanluis.com\/index.php\/2024\/04\/29\/frontera-presento-la-brigada-ecologica-equipamiento-y-anuncio-compra-de-mas-camionetas\/\" \/>\n<meta property=\"og:locale\" content=\"es_ES\" \/>\n<meta property=\"og:type\" content=\"article\" \/>\n<meta property=\"og:title\" content=\"FRONTERA PRESENT\u00d3 LA BRIGADA ECOL\u00d3GICA, EQUIPAMIENTO Y ANUNCI\u00d3 COMPRA DE M\u00c1S CAMIONETAS - Apuntes de San Luis\" \/>\n<meta property=\"og:description\" content=\"El acto se llev\u00f3 a cabo este lunes por la tarde en la plaza Ver\u00f3nica...\" \/>\n<meta property=\"og:url\" content=\"https:\/\/apuntesdesanluis.com\/index.php\/2024\/04\/29\/frontera-presento-la-brigada-ecologica-equipamiento-y-anuncio-compra-de-mas-camionetas\/\" \/>\n<meta property=\"og:site_name\" content=\"Apuntes de San Luis\" \/>\n<meta property=\"article:published_time\" content=\"2024-04-30T00:54:24+00:00\" \/>\n<meta property=\"og:image\" content=\"https:\/\/apuntesdesanluis.com\/wp-content\/uploads\/2024\/04\/dengue-presentacion-apuntes.png\" \/>\n\t<meta property=\"og:image:width\" content=\"600\" \/>\n\t<meta property=\"og:image:height\" content=\"355\" \/>\n\t<meta property=\"og:image:type\" content=\"image\/png\" \/>\n<meta name=\"author\" content=\"apuntesdesanluis.com\" \/>\n<meta name=\"twitter:card\" content=\"summary_large_image\" \/>\n<meta name=\"twitter:label1\" content=\"Escrito por\" \/>\n\t<meta name=\"twitter:data1\" content=\"apuntesdesanluis.com\" \/>\n\t<meta name=\"twitter:label2\" content=\"Tiempo de lectura\" \/>\n\t<meta name=\"twitter:data2\" content=\"4 minutos\" \/>\n<script type=\"application\/ld+json\" class=\"yoast-schema-graph\">{\"@context\":\"https:\/\/schema.org\",\"@graph\":[{\"@type\":\"Article\",\"@id\":\"https:\/\/apuntesdesanluis.com\/index.php\/2024\/04\/29\/frontera-presento-la-brigada-ecologica-equipamiento-y-anuncio-compra-de-mas-camionetas\/#article\",\"isPartOf\":{\"@id\":\"https:\/\/apuntesdesanluis.com\/index.php\/2024\/04\/29\/frontera-presento-la-brigada-ecologica-equipamiento-y-anuncio-compra-de-mas-camionetas\/\"},\"author\":{\"name\":\"apuntesdesanluis.com\",\"@id\":\"https:\/\/apuntesdesanluis.com\/#\/schema\/person\/b55151d52296fcce64d1a72538a70b90\"},\"headline\":\"FRONTERA PRESENT\u00d3 LA BRIGADA ECOL\u00d3GICA, EQUIPAMIENTO Y ANUNCI\u00d3 COMPRA DE M\u00c1S CAMIONETAS\",\"datePublished\":\"2024-04-30T00:54:24+00:00\",\"mainEntityOfPage\":{\"@id\":\"https:\/\/apuntesdesanluis.com\/index.php\/2024\/04\/29\/frontera-presento-la-brigada-ecologica-equipamiento-y-anuncio-compra-de-mas-camionetas\/\"},\"wordCount\":611,\"publisher\":{\"@id\":\"https:\/\/apuntesdesanluis.com\/#\/schema\/person\/b55151d52296fcce64d1a72538a70b90\"},\"image\":{\"@id\":\"https:\/\/apuntesdesanluis.com\/index.php\/2024\/04\/29\/frontera-presento-la-brigada-ecologica-equipamiento-y-anuncio-compra-de-mas-camionetas\/#primaryimage\"},\"thumbnailUrl\":\"https:\/\/apuntesdesanluis.com\/wp-content\/uploads\/2024\/04\/dengue-presentacion-apuntes.png\",\"articleSection\":[\"Ciudad\/Provincia\"],\"inLanguage\":\"es-AR\"},{\"@type\":\"WebPage\",\"@id\":\"https:\/\/apuntesdesanluis.com\/index.php\/2024\/04\/29\/frontera-presento-la-brigada-ecologica-equipamiento-y-anuncio-compra-de-mas-camionetas\/\",\"url\":\"https:\/\/apuntesdesanluis.com\/index.php\/2024\/04\/29\/frontera-presento-la-brigada-ecologica-equipamiento-y-anuncio-compra-de-mas-camionetas\/\",\"name\":\"FRONTERA PRESENT\u00d3 LA BRIGADA ECOL\u00d3GICA, EQUIPAMIENTO Y ANUNCI\u00d3 COMPRA DE M\u00c1S CAMIONETAS - Apuntes de San Luis\",\"isPartOf\":{\"@id\":\"https:\/\/apuntesdesanluis.com\/#website\"},\"primaryImageOfPage\":{\"@id\":\"https:\/\/apuntesdesanluis.com\/index.php\/2024\/04\/29\/frontera-presento-la-brigada-ecologica-equipamiento-y-anuncio-compra-de-mas-camionetas\/#primaryimage\"},\"image\":{\"@id\":\"https:\/\/apuntesdesanluis.com\/index.php\/2024\/04\/29\/frontera-presento-la-brigada-ecologica-equipamiento-y-anuncio-compra-de-mas-camionetas\/#primaryimage\"},\"thumbnailUrl\":\"https:\/\/apuntesdesanluis.com\/wp-content\/uploads\/2024\/04\/dengue-presentacion-apuntes.png\",\"datePublished\":\"2024-04-30T00:54:24+00:00\",\"breadcrumb\":{\"@id\":\"https:\/\/apuntesdesanluis.com\/index.php\/2024\/04\/29\/frontera-presento-la-brigada-ecologica-equipamiento-y-anuncio-compra-de-mas-camionetas\/#breadcrumb\"},\"inLanguage\":\"es-AR\",\"potentialAction\":[{\"@type\":\"ReadAction\",\"target\":[\"https:\/\/apuntesdesanluis.com\/index.php\/2024\/04\/29\/frontera-presento-la-brigada-ecologica-equipamiento-y-anuncio-compra-de-mas-camionetas\/\"]}]},{\"@type\":\"ImageObject\",\"inLanguage\":\"es-AR\",\"@id\":\"https:\/\/apuntesdesanluis.com\/index.php\/2024\/04\/29\/frontera-presento-la-brigada-ecologica-equipamiento-y-anuncio-compra-de-mas-camionetas\/#primaryimage\",\"url\":\"https:\/\/apuntesdesanluis.com\/wp-content\/uploads\/2024\/04\/dengue-presentacion-apuntes.png\",\"contentUrl\":\"https:\/\/apuntesdesanluis.com\/wp-content\/uploads\/2024\/04\/dengue-presentacion-apuntes.png\",\"width\":600,\"height\":355},{\"@type\":\"BreadcrumbList\",\"@id\":\"https:\/\/apuntesdesanluis.com\/index.php\/2024\/04\/29\/frontera-presento-la-brigada-ecologica-equipamiento-y-anuncio-compra-de-mas-camionetas\/#breadcrumb\",\"itemListElement\":[{\"@type\":\"ListItem\",\"position\":1,\"name\":\"Inicio\",\"item\":\"https:\/\/apuntesdesanluis.com\/\"},{\"@type\":\"ListItem\",\"position\":2,\"name\":\"FRONTERA PRESENT\u00d3 LA BRIGADA ECOL\u00d3GICA, EQUIPAMIENTO Y ANUNCI\u00d3 COMPRA DE M\u00c1S CAMIONETAS\"}]},{\"@type\":\"WebSite\",\"@id\":\"https:\/\/apuntesdesanluis.com\/#website\",\"url\":\"https:\/\/apuntesdesanluis.com\/\",\"name\":\"Apuntes de San Luis\",\"description\":\"\",\"publisher\":{\"@id\":\"https:\/\/apuntesdesanluis.com\/#\/schema\/person\/b55151d52296fcce64d1a72538a70b90\"},\"potentialAction\":[{\"@type\":\"SearchAction\",\"target\":{\"@type\":\"EntryPoint\",\"urlTemplate\":\"https:\/\/apuntesdesanluis.com\/?s={search_term_string}\"},\"query-input\":{\"@type\":\"PropertyValueSpecification\",\"valueRequired\":true,\"valueName\":\"search_term_string\"}}],\"inLanguage\":\"es-AR\"},{\"@type\":[\"Person\",\"Organization\"],\"@id\":\"https:\/\/apuntesdesanluis.com\/#\/schema\/person\/b55151d52296fcce64d1a72538a70b90\",\"name\":\"apuntesdesanluis.com\",\"image\":{\"@type\":\"ImageObject\",\"inLanguage\":\"es-AR\",\"@id\":\"https:\/\/apuntesdesanluis.com\/#\/schema\/person\/image\/\",\"url\":\"https:\/\/apuntesdesanluis.com\/wp-content\/uploads\/2023\/07\/cropped-apuntesdesanluis.png\",\"contentUrl\":\"https:\/\/apuntesdesanluis.com\/wp-content\/uploads\/2023\/07\/cropped-apuntesdesanluis.png\",\"width\":450,\"height\":112,\"caption\":\"apuntesdesanluis.com\"},\"logo\":{\"@id\":\"https:\/\/apuntesdesanluis.com\/#\/schema\/person\/image\/\"},\"sameAs\":[\"https:\/\/apuntesdesanluis.com\"],\"url\":\"https:\/\/apuntesdesanluis.com\/index.php\/author\/apuntesdesanluis-com\/\"}]}<\/script>\n<!-- \/ Yoast SEO plugin. -->","yoast_head_json":{"title":"FRONTERA PRESENT\u00d3 LA BRIGADA ECOL\u00d3GICA, EQUIPAMIENTO Y ANUNCI\u00d3 COMPRA DE M\u00c1S CAMIONETAS - Apuntes de San Luis","robots":{"index":"index","follow":"follow","max-snippet":"max-snippet:-1","max-image-preview":"max-image-preview:large","max-video-preview":"max-video-preview:-1"},"canonical":"https:\/\/apuntesdesanluis.com\/index.php\/2024\/04\/29\/frontera-presento-la-brigada-ecologica-equipamiento-y-anuncio-compra-de-mas-camionetas\/","og_locale":"es_ES","og_type":"article","og_title":"FRONTERA PRESENT\u00d3 LA BRIGADA ECOL\u00d3GICA, EQUIPAMIENTO Y ANUNCI\u00d3 COMPRA DE M\u00c1S CAMIONETAS - Apuntes de San Luis","og_description":"El acto se llev\u00f3 a cabo este lunes por la tarde en la plaza Ver\u00f3nica...","og_url":"https:\/\/apuntesdesanluis.com\/index.php\/2024\/04\/29\/frontera-presento-la-brigada-ecologica-equipamiento-y-anuncio-compra-de-mas-camionetas\/","og_site_name":"Apuntes de San Luis","article_published_time":"2024-04-30T00:54:24+00:00","og_image":[{"width":600,"height":355,"url":"https:\/\/apuntesdesanluis.com\/wp-content\/uploads\/2024\/04\/dengue-presentacion-apuntes.png","type":"image\/png"}],"author":"apuntesdesanluis.com","twitter_card":"summary_large_image","twitter_misc":{"Escrito por":"apuntesdesanluis.com","Tiempo de lectura":"4 minutos"},"schema":{"@context":"https:\/\/schema.org","@graph":[{"@type":"Article","@id":"https:\/\/apuntesdesanluis.com\/index.php\/2024\/04\/29\/frontera-presento-la-brigada-ecologica-equipamiento-y-anuncio-compra-de-mas-camionetas\/#article","isPartOf":{"@id":"https:\/\/apuntesdesanluis.com\/index.php\/2024\/04\/29\/frontera-presento-la-brigada-ecologica-equipamiento-y-anuncio-compra-de-mas-camionetas\/"},"author":{"name":"apuntesdesanluis.com","@id":"https:\/\/apuntesdesanluis.com\/#\/schema\/person\/b55151d52296fcce64d1a72538a70b90"},"headline":"FRONTERA PRESENT\u00d3 LA BRIGADA ECOL\u00d3GICA, EQUIPAMIENTO Y ANUNCI\u00d3 COMPRA DE M\u00c1S CAMIONETAS","datePublished":"2024-04-30T00:54:24+00:00","mainEntityOfPage":{"@id":"https:\/\/apuntesdesanluis.com\/index.php\/2024\/04\/29\/frontera-presento-la-brigada-ecologica-equipamiento-y-anuncio-compra-de-mas-camionetas\/"},"wordCount":611,"publisher":{"@id":"https:\/\/apuntesdesanluis.com\/#\/schema\/person\/b55151d52296fcce64d1a72538a70b90"},"image":{"@id":"https:\/\/apuntesdesanluis.com\/index.php\/2024\/04\/29\/frontera-presento-la-brigada-ecologica-equipamiento-y-anuncio-compra-de-mas-camionetas\/#primaryimage"},"thumbnailUrl":"https:\/\/apuntesdesanluis.com\/wp-content\/uploads\/2024\/04\/dengue-presentacion-apuntes.png","articleSection":["Ciudad\/Provincia"],"inLanguage":"es-AR"},{"@type":"WebPage","@id":"https:\/\/apuntesdesanluis.com\/index.php\/2024\/04\/29\/frontera-presento-la-brigada-ecologica-equipamiento-y-anuncio-compra-de-mas-camionetas\/","url":"https:\/\/apuntesdesanluis.com\/index.php\/2024\/04\/29\/frontera-presento-la-brigada-ecologica-equipamiento-y-anuncio-compra-de-mas-camionetas\/","name":"FRONTERA PRESENT\u00d3 LA BRIGADA ECOL\u00d3GICA, EQUIPAMIENTO Y ANUNCI\u00d3 COMPRA DE M\u00c1S CAMIONETAS - Apuntes de San Luis","isPartOf":{"@id":"https:\/\/apuntesdesanluis.com\/#website"},"primaryImageOfPage":{"@id":"https:\/\/apuntesdesanluis.com\/index.php\/2024\/04\/29\/frontera-presento-la-brigada-ecologica-equipamiento-y-anuncio-compra-de-mas-camionetas\/#primaryimage"},"image":{"@id":"https:\/\/apuntesdesanluis.com\/index.php\/2024\/04\/29\/frontera-presento-la-brigada-ecologica-equipamiento-y-anuncio-compra-de-mas-camionetas\/#primaryimage"},"thumbnailUrl":"https:\/\/apuntesdesanluis.com\/wp-content\/uploads\/2024\/04\/dengue-presentacion-apuntes.png","datePublished":"2024-04-30T00:54:24+00:00","breadcrumb":{"@id":"https:\/\/apuntesdesanluis.com\/index.php\/2024\/04\/29\/frontera-presento-la-brigada-ecologica-equipamiento-y-anuncio-compra-de-mas-camionetas\/#breadcrumb"},"inLanguage":"es-AR","potentialAction":[{"@type":"ReadAction","target":["https:\/\/apuntesdesanluis.com\/index.php\/2024\/04\/29\/frontera-presento-la-brigada-ecologica-equipamiento-y-anuncio-compra-de-mas-camionetas\/"]}]},{"@type":"ImageObject","inLanguage":"es-AR","@id":"https:\/\/apuntesdesanluis.com\/index.php\/2024\/04\/29\/frontera-presento-la-brigada-ecologica-equipamiento-y-anuncio-compra-de-mas-camionetas\/#primaryimage","url":"https:\/\/apuntesdesanluis.com\/wp-content\/uploads\/2024\/04\/dengue-presentacion-apuntes.png","contentUrl":"https:\/\/apuntesdesanluis.com\/wp-content\/uploads\/2024\/04\/dengue-presentacion-apuntes.png","width":600,"height":355},{"@type":"BreadcrumbList","@id":"https:\/\/apuntesdesanluis.com\/index.php\/2024\/04\/29\/frontera-presento-la-brigada-ecologica-equipamiento-y-anuncio-compra-de-mas-camionetas\/#breadcrumb","itemListElement":[{"@type":"ListItem","position":1,"name":"Inicio","item":"https:\/\/apuntesdesanluis.com\/"},{"@type":"ListItem","position":2,"name":"FRONTERA PRESENT\u00d3 LA BRIGADA ECOL\u00d3GICA, EQUIPAMIENTO Y ANUNCI\u00d3 COMPRA DE M\u00c1S CAMIONETAS"}]},{"@type":"WebSite","@id":"https:\/\/apuntesdesanluis.com\/#website","url":"https:\/\/apuntesdesanluis.com\/","name":"Apuntes de San Luis","description":"","publisher":{"@id":"https:\/\/apuntesdesanluis.com\/#\/schema\/person\/b55151d52296fcce64d1a72538a70b90"},"potentialAction":[{"@type":"SearchAction","target":{"@type":"EntryPoint","urlTemplate":"https:\/\/apuntesdesanluis.com\/?s={search_term_string}"},"query-input":{"@type":"PropertyValueSpecification","valueRequired":true,"valueName":"search_term_string"}}],"inLanguage":"es-AR"},{"@type":["Person","Organization"],"@id":"https:\/\/apuntesdesanluis.com\/#\/schema\/person\/b55151d52296fcce64d1a72538a70b90","name":"apuntesdesanluis.com","image":{"@type":"ImageObject","inLanguage":"es-AR","@id":"https:\/\/apuntesdesanluis.com\/#\/schema\/person\/image\/","url":"https:\/\/apuntesdesanluis.com\/wp-content\/uploads\/2023\/07\/cropped-apuntesdesanluis.png","contentUrl":"https:\/\/apuntesdesanluis.com\/wp-content\/uploads\/2023\/07\/cropped-apuntesdesanluis.png","width":450,"height":112,"caption":"apuntesdesanluis.com"},"logo":{"@id":"https:\/\/apuntesdesanluis.com\/#\/schema\/person\/image\/"},"sameAs":["https:\/\/apuntesdesanluis.com"],"url":"https:\/\/apuntesdesanluis.com\/index.php\/author\/apuntesdesanluis-com\/"}]}},"featured_image_urls":{"full":["https:\/\/apuntesdesanluis.com\/wp-content\/uploads\/2024\/04\/dengue-presentacion-apuntes.png",600,355,false],"thumbnail":["https:\/\/apuntesdesanluis.com\/wp-content\/uploads\/2024\/04\/dengue-presentacion-apuntes-150x150.png",150,150,true],"medium":["https:\/\/apuntesdesanluis.com\/wp-content\/uploads\/2024\/04\/dengue-presentacion-apuntes-300x178.png",300,178,true],"medium_large":["https:\/\/apuntesdesanluis.com\/wp-content\/uploads\/2024\/04\/dengue-presentacion-apuntes.png",600,355,false],"large":["https:\/\/apuntesdesanluis.com\/wp-content\/uploads\/2024\/04\/dengue-presentacion-apuntes.png",600,355,false],"1536x1536":["https:\/\/apuntesdesanluis.com\/wp-content\/uploads\/2024\/04\/dengue-presentacion-apuntes.png",600,355,false],"2048x2048":["https:\/\/apuntesdesanluis.com\/wp-content\/uploads\/2024\/04\/dengue-presentacion-apuntes.png",600,355,false],"newsever-slider-full":["https:\/\/apuntesdesanluis.com\/wp-content\/uploads\/2024\/04\/dengue-presentacion-apuntes.png",600,355,false],"newsever-featured":["https:\/\/apuntesdesanluis.com\/wp-content\/uploads\/2024\/04\/dengue-presentacion-apuntes.png",600,355,false],"newsever-medium":["https:\/\/apuntesdesanluis.com\/wp-content\/uploads\/2024\/04\/dengue-presentacion-apuntes.png",600,355,false]},"author_info":{"display_name":"apuntesdesanluis.com","author_link":"https:\/\/apuntesdesanluis.com\/index.php\/author\/apuntesdesanluis-com\/"},"category_info":"<a href=\"https:\/\/apuntesdesanluis.com\/index.php\/category\/ciudad-provincia\/\" rel=\"category tag\">Ciudad\/Provincia<\/a>","tag_info":"Ciudad\/Provincia","comment_count":"0","_links":{"self":[{"href":"https:\/\/apuntesdesanluis.com\/index.php\/wp-json\/wp\/v2\/posts\/15487","targetHints":{"allow":["GET"]}}],"collection":[{"href":"https:\/\/apuntesdesanluis.com\/index.php\/wp-json\/wp\/v2\/posts"}],"about":[{"href":"https:\/\/apuntesdesanluis.com\/index.php\/wp-json\/wp\/v2\/types\/post"}],"author":[{"embeddable":true,"href":"https:\/\/apuntesdesanluis.com\/index.php\/wp-json\/wp\/v2\/users\/1"}],"replies":[{"embeddable":true,"href":"https:\/\/apuntesdesanluis.com\/index.php\/wp-json\/wp\/v2\/comments?post=15487"}],"version-history":[{"count":1,"href":"https:\/\/apuntesdesanluis.com\/index.php\/wp-json\/wp\/v2\/posts\/15487\/revisions"}],"predecessor-version":[{"id":15494,"href":"https:\/\/apuntesdesanluis.com\/index.php\/wp-json\/wp\/v2\/posts\/15487\/revisions\/15494"}],"wp:featuredmedia":[{"embeddable":true,"href":"https:\/\/apuntesdesanluis.com\/index.php\/wp-json\/wp\/v2\/media\/15488"}],"wp:attachment":[{"href":"https:\/\/apuntesdesanluis.com\/index.php\/wp-json\/wp\/v2\/media?parent=15487"}],"wp:term":[{"taxonomy":"category","embeddable":true,"href":"https:\/\/apuntesdesanluis.com\/index.php\/wp-json\/wp\/v2\/categories?post=15487"},{"taxonomy":"post_tag","embeddable":true,"href":"https:\/\/apuntesdesanluis.com\/index.php\/wp-json\/wp\/v2\/tags?post=15487"}],"curies":[{"name":"wp","href":"https:\/\/api.w.org\/{rel}","templated":true}]}}