{"id":15503,"date":"2024-04-29T22:15:49","date_gmt":"2024-04-30T01:15:49","guid":{"rendered":"https:\/\/apuntesdesanluis.com\/?p=15503"},"modified":"2024-04-29T22:15:49","modified_gmt":"2024-04-30T01:15:49","slug":"prorroga-de-detencion-para-ex-policia-acusado-de-dispararle-a-dos-hombres-y-agredir-a-una-mujer","status":"publish","type":"post","link":"https:\/\/apuntesdesanluis.com\/index.php\/2024\/04\/29\/prorroga-de-detencion-para-ex-policia-acusado-de-dispararle-a-dos-hombres-y-agredir-a-una-mujer\/","title":{"rendered":"PR\u00d3RROGA DE DETENCI\u00d3N PARA EX POLIC\u00cdA ACUSADO DE DISPARARLE A DOS HOMBRES Y AGREDIR A UNA MUJER"},"content":{"rendered":"<h3>\u201cHubo una intenci\u00f3n un\u00edvoca de dar muerte a las v\u00edctimas. Los disparos de arma fueron realizados a corta distancia y a una zona vital que no nos da margen a duda alguna que el imputado quer\u00eda el resultado muerte\u201d, dijo el fiscal de Instrucci\u00f3n N\u00b0 1, Francisco Assat.<\/h3>\n<h3>Fue en la audiencia de formulaci\u00f3n de cargos que se realiz\u00f3 este lunes contra Wenceslao Ledesma, acusado de dispararles con un arma calibre 38 a dos vecinos del barrio 1\u00b0 de Mayo, en la ciudad de San Luis, y de golpear y amenazar a una mujer en el barrio Rep\u00fablica.<\/h3>\n<h3>El imputado se abstuvo de declarar y su abogado, Ezequiel Dom\u00ednguez, solicit\u00f3 la pr\u00f3rroga de detenci\u00f3n de ocho d\u00edas, petici\u00f3n a la que hizo lugar el juez de Garant\u00edas Juan Manuel Montiveros Chada.<\/h3>\n<h3>Mientras dure ese plazo, Ledesma permanecer\u00e1 detenido en una comisar\u00eda. La Fiscal\u00eda, por su parte, pidi\u00f3 que se le dicte al acusado la prisi\u00f3n preventiva por cuatro meses. Una vez cumplidos los d\u00edas de la pr\u00f3rroga, o si el abogado solicita la interrupci\u00f3n, el magistrado reanudar\u00e1 la audiencia y resolver\u00e1 la situaci\u00f3n procesal de Ledesma.<\/h3>\n<h3>Ledesma, que pertenec\u00eda a la Polic\u00eda de San Luis y se encontraba en situaci\u00f3n de disponibilidad hace m\u00e1s de un a\u00f1o, fue imputado por la Fiscal\u00eda por dos hechos ocurridos presuntamente el 23 de abril: la primera acusaci\u00f3n es por violaci\u00f3n de domicilio, da\u00f1os y amenazas calificadas por el uso de arma, todo en concurso real, en perjuicio de la ciudadana Patricia Rosales; y la segunda por homicidio calificado por el uso de arma de fuego en grado de tentativa y cuyas v\u00edctimas son Alexis Rivero y Alexis Su\u00e1rez.<\/h3>\n<h3>El s\u00e1bado a la siesta, luego de cuatro d\u00edas de ocurrido el hecho, Ledesma se present\u00f3 voluntariamente en la sede del Departamento de Homicidios para ponerse a disposici\u00f3n de la justicia y qued\u00f3 detenido. Adem\u00e1s, desde el Ministerio de Seguridad de la Provincia informaron que se le rescindi\u00f3 el contrato, luego de investigar sus antecedentes judiciales.<\/h3>\n<h3>LA TEOR\u00cdA DEL CASO DE LA FISCAL\u00cdA<\/h3>\n<h3>La fiscal adjunta, Roxana Alcaraz, relat\u00f3 que el martes pasado, aproximadamente a las 14 horas, el acusado lleg\u00f3 hasta la Manzana 700 del Barrio La Rep\u00fablica, irrumpi\u00f3 con un arma en el domicilio de Patricia Rosales y pregunt\u00f3 por Alexis Su\u00e1rez, hijo de la mujer.<\/h3>\n<h3>\u201cComo la se\u00f1ora no sab\u00eda, Ledesma se enoja y la golpea en el est\u00f3mago. Tambi\u00e9n le dijo que como a \u00e9l le hab\u00edan robado el tel\u00e9fono, se iba a llevar el de la mujer, pero como no lo logra le triz\u00f3 la pantalla. Antes de irse Ledesma amenaz\u00f3 a Rosales con prenderle fuego la casa\u201d, narr\u00f3 la fiscal.<\/h3>\n<h3>De acuerdo a la teor\u00eda del caso de la Fiscal\u00eda, unas horas despu\u00e9s, cerca de las 21, Su\u00e1rez sali\u00f3 a dar unas vueltas por el Barrio 1\u00b0 de Mayo cuando ve a lo lejos al imputado con un arma en la mano y acompa\u00f1ado por dos personas. Su\u00e1rez intenta alejarse, pero Ledesma le dispara y el proyectil le roza el cuero cabelludo.<\/h3>\n<h3>\u201cSu\u00e1rez se dirige a la casa de Alexis Rivero quien es atendido por su padre, Eulogio Rivero. En ese momento Su\u00e1rez mira hacia atr\u00e1s y dice \u00b4ah\u00ed vienen\u00b4, ingresa a la vivienda, salta el tapial que da al fondo y llega a la casa de su abuela para ponerse en resguardo\u201d, dijo la fiscal adjunta.<\/h3>\n<h3>Alexis Rivero, sorprendido de la situaci\u00f3n, asoma su cabeza hacia la calle para ver de qui\u00e9n hu\u00eda su vecino y, en eso, siente un proyectil que le impacta en el rostro. \u201c\u00c9l lo define como un fogonazo, que le quemaba la cara. Recuerda que en la casa estaba su pap\u00e1, su cu\u00f1ado y dos ni\u00f1os y ni bien cierra la puerta se desvanece\u201d, agreg\u00f3 Alcaraz.<\/h3>\n<h3>El proyectil ingres\u00f3 por su boca, la recorri\u00f3 en su interior y sali\u00f3 por su cachete izquierdo. Le perfor\u00f3 esa parte de la cara. La v\u00edctima fue trasladada al Hospital Carrillo donde logran estabilizarlo y le dan el alta horas despu\u00e9s, con un tiempo de curaci\u00f3n de entre 30 y 35 d\u00edas. Su\u00e1rez tambi\u00e9n fue revisado por los m\u00e9dicos, quienes dan cuenta que pose\u00eda una lesi\u00f3n cortante en su cabeza de seis cent\u00edmetros.<\/h3>\n<h3>EL PEDIDO DE PRISI\u00d3N PREVENTIVA<\/h3>\n<h3>\u201cLos hechos se conforman en dos etapas. La primera es la que ocurri\u00f3 m\u00e1s temprano, en perjuicio de Rosales, y luego los que encuadran como homicidio calificado por uso de arma de fuego en grado de tentativa en contra de Su\u00e1rez y Rivero. Valoramos los elementos de convicci\u00f3n que indican que hubo una intenci\u00f3n un\u00edvoca de dar muerte\u201d, explic\u00f3 Assat.<\/h3>\n<h3>Y agreg\u00f3: \u201cEl delito no ha podido consumarse por un factor ajeno a su voluntad que es la falta de precisi\u00f3n en los disparos. Si bien impactaron en las cabezas de Rivero y Su\u00e1rez, tuvieron la suerte de tocar ning\u00fan \u00f3rgano vital, en este caso el cerebro. Un disparo roz\u00f3 la parte del cuero cabelludo de uno y el otro ingres\u00f3 por la boca y sali\u00f3 por la mejilla, sumando la distancia y el calibre del arma. Valoro tambi\u00e9n que el imputado es personal policial, sabe usar o entiendo que sabe manipular armas de fuego\u201d.<\/h3>\n<h3>Para fundamentar la solicitud de prisi\u00f3n preventiva de 120 d\u00edas, el fiscal mencion\u00f3 que existen riesgos procesales que deben ser atendidos. \u201cHay riesgo de fuga, sobre todo porque los delitos endilgados elevan un m\u00ednimo en el cual no podr\u00eda existir una condena de ejecuci\u00f3n en suspenso, m\u00e1s la solidez de la investigaci\u00f3n y las evidencias recolectadas. El riesgo tambi\u00e9n es por la actitud posterior del imputado, quien estuvo varios d\u00edas pr\u00f3fugo de la justicia. Ya se fug\u00f3 por lo que tengo un elemento objetivo para acreditar que posteriormente tambi\u00e9n lo pueda hacer\u201d, explic\u00f3 Assat.<\/h3>\n<h3>El fiscal tambi\u00e9n refiri\u00f3 que existen riesgos de entorpecimiento de la investigaci\u00f3n y riesgo para las v\u00edctimas, de acuerdo a la violencia desplegada. \u201cMuchos de los testigos conocen a Ledesma, viven en el mismo barrio y algunos refirieron cierto temor, por lo que de mantener la libertad podr\u00eda inferir en las declaraciones de esos vecinos.\u00a0 La violencia desplegada hacia las v\u00edctimas, con disparos a la cabeza, me hace inferir que Ledesma de conservar su libertad, va atentar contra la vida de Su\u00e1rez y Rivero\u201d, sostuvo el fiscal de Instrucci\u00f3n.<\/h3>\n<p>&nbsp;<\/p>\n<p>&nbsp;<\/p>\n<p>&nbsp;<\/p>\n","protected":false},"excerpt":{"rendered":"<p>\u201cHubo una intenci\u00f3n un\u00edvoca de dar muerte a las v\u00edctimas. Los disparos de arma fueron&#8230;<\/p>\n","protected":false},"author":1,"featured_media":15504,"comment_status":"closed","ping_status":"closed","sticky":false,"template":"","format":"standard","meta":{"footnotes":""},"categories":[6],"tags":[],"class_list":["post-15503","post","type-post","status-publish","format-standard","has-post-thumbnail","hentry","category-ciudad-provincia"],"yoast_head":"<!-- This site is optimized with the Yoast SEO plugin v26.1.1 - https:\/\/yoast.com\/wordpress\/plugins\/seo\/ -->\n<title>PR\u00d3RROGA DE DETENCI\u00d3N PARA EX POLIC\u00cdA ACUSADO DE DISPARARLE A DOS HOMBRES Y AGREDIR A UNA MUJER - Apuntes de San Luis<\/title>\n<meta name=\"robots\" content=\"index, follow, max-snippet:-1, max-image-preview:large, max-video-preview:-1\" \/>\n<link rel=\"canonical\" href=\"https:\/\/apuntesdesanluis.com\/index.php\/2024\/04\/29\/prorroga-de-detencion-para-ex-policia-acusado-de-dispararle-a-dos-hombres-y-agredir-a-una-mujer\/\" \/>\n<meta property=\"og:locale\" content=\"es_ES\" \/>\n<meta property=\"og:type\" content=\"article\" \/>\n<meta property=\"og:title\" content=\"PR\u00d3RROGA DE DETENCI\u00d3N PARA EX POLIC\u00cdA ACUSADO DE DISPARARLE A DOS HOMBRES Y AGREDIR A UNA MUJER - Apuntes de San Luis\" \/>\n<meta property=\"og:description\" content=\"\u201cHubo una intenci\u00f3n un\u00edvoca de dar muerte a las v\u00edctimas. Los disparos de arma fueron...\" \/>\n<meta property=\"og:url\" content=\"https:\/\/apuntesdesanluis.com\/index.php\/2024\/04\/29\/prorroga-de-detencion-para-ex-policia-acusado-de-dispararle-a-dos-hombres-y-agredir-a-una-mujer\/\" \/>\n<meta property=\"og:site_name\" content=\"Apuntes de San Luis\" \/>\n<meta property=\"article:published_time\" content=\"2024-04-30T01:15:49+00:00\" \/>\n<meta property=\"og:image\" content=\"https:\/\/apuntesdesanluis.com\/wp-content\/uploads\/2024\/04\/AUDIENCIA-5.png\" \/>\n\t<meta property=\"og:image:width\" content=\"625\" \/>\n\t<meta property=\"og:image:height\" content=\"378\" \/>\n\t<meta property=\"og:image:type\" content=\"image\/png\" \/>\n<meta name=\"author\" content=\"apuntesdesanluis.com\" \/>\n<meta name=\"twitter:card\" content=\"summary_large_image\" \/>\n<meta name=\"twitter:label1\" content=\"Escrito por\" \/>\n\t<meta name=\"twitter:data1\" content=\"apuntesdesanluis.com\" \/>\n\t<meta name=\"twitter:label2\" content=\"Tiempo de lectura\" \/>\n\t<meta name=\"twitter:data2\" content=\"5 minutos\" \/>\n<script type=\"application\/ld+json\" class=\"yoast-schema-graph\">{\"@context\":\"https:\/\/schema.org\",\"@graph\":[{\"@type\":\"Article\",\"@id\":\"https:\/\/apuntesdesanluis.com\/index.php\/2024\/04\/29\/prorroga-de-detencion-para-ex-policia-acusado-de-dispararle-a-dos-hombres-y-agredir-a-una-mujer\/#article\",\"isPartOf\":{\"@id\":\"https:\/\/apuntesdesanluis.com\/index.php\/2024\/04\/29\/prorroga-de-detencion-para-ex-policia-acusado-de-dispararle-a-dos-hombres-y-agredir-a-una-mujer\/\"},\"author\":{\"name\":\"apuntesdesanluis.com\",\"@id\":\"https:\/\/apuntesdesanluis.com\/#\/schema\/person\/b55151d52296fcce64d1a72538a70b90\"},\"headline\":\"PR\u00d3RROGA DE DETENCI\u00d3N PARA EX POLIC\u00cdA ACUSADO DE DISPARARLE A DOS HOMBRES Y AGREDIR A UNA MUJER\",\"datePublished\":\"2024-04-30T01:15:49+00:00\",\"mainEntityOfPage\":{\"@id\":\"https:\/\/apuntesdesanluis.com\/index.php\/2024\/04\/29\/prorroga-de-detencion-para-ex-policia-acusado-de-dispararle-a-dos-hombres-y-agredir-a-una-mujer\/\"},\"wordCount\":1148,\"publisher\":{\"@id\":\"https:\/\/apuntesdesanluis.com\/#\/schema\/person\/b55151d52296fcce64d1a72538a70b90\"},\"image\":{\"@id\":\"https:\/\/apuntesdesanluis.com\/index.php\/2024\/04\/29\/prorroga-de-detencion-para-ex-policia-acusado-de-dispararle-a-dos-hombres-y-agredir-a-una-mujer\/#primaryimage\"},\"thumbnailUrl\":\"https:\/\/apuntesdesanluis.com\/wp-content\/uploads\/2024\/04\/AUDIENCIA-5.png\",\"articleSection\":[\"Ciudad\/Provincia\"],\"inLanguage\":\"es-AR\"},{\"@type\":\"WebPage\",\"@id\":\"https:\/\/apuntesdesanluis.com\/index.php\/2024\/04\/29\/prorroga-de-detencion-para-ex-policia-acusado-de-dispararle-a-dos-hombres-y-agredir-a-una-mujer\/\",\"url\":\"https:\/\/apuntesdesanluis.com\/index.php\/2024\/04\/29\/prorroga-de-detencion-para-ex-policia-acusado-de-dispararle-a-dos-hombres-y-agredir-a-una-mujer\/\",\"name\":\"PR\u00d3RROGA DE DETENCI\u00d3N PARA EX POLIC\u00cdA ACUSADO DE DISPARARLE A DOS HOMBRES Y AGREDIR A UNA MUJER - Apuntes de San Luis\",\"isPartOf\":{\"@id\":\"https:\/\/apuntesdesanluis.com\/#website\"},\"primaryImageOfPage\":{\"@id\":\"https:\/\/apuntesdesanluis.com\/index.php\/2024\/04\/29\/prorroga-de-detencion-para-ex-policia-acusado-de-dispararle-a-dos-hombres-y-agredir-a-una-mujer\/#primaryimage\"},\"image\":{\"@id\":\"https:\/\/apuntesdesanluis.com\/index.php\/2024\/04\/29\/prorroga-de-detencion-para-ex-policia-acusado-de-dispararle-a-dos-hombres-y-agredir-a-una-mujer\/#primaryimage\"},\"thumbnailUrl\":\"https:\/\/apuntesdesanluis.com\/wp-content\/uploads\/2024\/04\/AUDIENCIA-5.png\",\"datePublished\":\"2024-04-30T01:15:49+00:00\",\"breadcrumb\":{\"@id\":\"https:\/\/apuntesdesanluis.com\/index.php\/2024\/04\/29\/prorroga-de-detencion-para-ex-policia-acusado-de-dispararle-a-dos-hombres-y-agredir-a-una-mujer\/#breadcrumb\"},\"inLanguage\":\"es-AR\",\"potentialAction\":[{\"@type\":\"ReadAction\",\"target\":[\"https:\/\/apuntesdesanluis.com\/index.php\/2024\/04\/29\/prorroga-de-detencion-para-ex-policia-acusado-de-dispararle-a-dos-hombres-y-agredir-a-una-mujer\/\"]}]},{\"@type\":\"ImageObject\",\"inLanguage\":\"es-AR\",\"@id\":\"https:\/\/apuntesdesanluis.com\/index.php\/2024\/04\/29\/prorroga-de-detencion-para-ex-policia-acusado-de-dispararle-a-dos-hombres-y-agredir-a-una-mujer\/#primaryimage\",\"url\":\"https:\/\/apuntesdesanluis.com\/wp-content\/uploads\/2024\/04\/AUDIENCIA-5.png\",\"contentUrl\":\"https:\/\/apuntesdesanluis.com\/wp-content\/uploads\/2024\/04\/AUDIENCIA-5.png\",\"width\":625,\"height\":378},{\"@type\":\"BreadcrumbList\",\"@id\":\"https:\/\/apuntesdesanluis.com\/index.php\/2024\/04\/29\/prorroga-de-detencion-para-ex-policia-acusado-de-dispararle-a-dos-hombres-y-agredir-a-una-mujer\/#breadcrumb\",\"itemListElement\":[{\"@type\":\"ListItem\",\"position\":1,\"name\":\"Inicio\",\"item\":\"https:\/\/apuntesdesanluis.com\/\"},{\"@type\":\"ListItem\",\"position\":2,\"name\":\"PR\u00d3RROGA DE DETENCI\u00d3N PARA EX POLIC\u00cdA ACUSADO DE DISPARARLE A DOS HOMBRES Y AGREDIR A UNA MUJER\"}]},{\"@type\":\"WebSite\",\"@id\":\"https:\/\/apuntesdesanluis.com\/#website\",\"url\":\"https:\/\/apuntesdesanluis.com\/\",\"name\":\"Apuntes de San Luis\",\"description\":\"\",\"publisher\":{\"@id\":\"https:\/\/apuntesdesanluis.com\/#\/schema\/person\/b55151d52296fcce64d1a72538a70b90\"},\"potentialAction\":[{\"@type\":\"SearchAction\",\"target\":{\"@type\":\"EntryPoint\",\"urlTemplate\":\"https:\/\/apuntesdesanluis.com\/?s={search_term_string}\"},\"query-input\":{\"@type\":\"PropertyValueSpecification\",\"valueRequired\":true,\"valueName\":\"search_term_string\"}}],\"inLanguage\":\"es-AR\"},{\"@type\":[\"Person\",\"Organization\"],\"@id\":\"https:\/\/apuntesdesanluis.com\/#\/schema\/person\/b55151d52296fcce64d1a72538a70b90\",\"name\":\"apuntesdesanluis.com\",\"image\":{\"@type\":\"ImageObject\",\"inLanguage\":\"es-AR\",\"@id\":\"https:\/\/apuntesdesanluis.com\/#\/schema\/person\/image\/\",\"url\":\"https:\/\/apuntesdesanluis.com\/wp-content\/uploads\/2023\/07\/cropped-apuntesdesanluis.png\",\"contentUrl\":\"https:\/\/apuntesdesanluis.com\/wp-content\/uploads\/2023\/07\/cropped-apuntesdesanluis.png\",\"width\":450,\"height\":112,\"caption\":\"apuntesdesanluis.com\"},\"logo\":{\"@id\":\"https:\/\/apuntesdesanluis.com\/#\/schema\/person\/image\/\"},\"sameAs\":[\"https:\/\/apuntesdesanluis.com\"],\"url\":\"https:\/\/apuntesdesanluis.com\/index.php\/author\/apuntesdesanluis-com\/\"}]}<\/script>\n<!-- \/ Yoast SEO plugin. -->","yoast_head_json":{"title":"PR\u00d3RROGA DE DETENCI\u00d3N PARA EX POLIC\u00cdA ACUSADO DE DISPARARLE A DOS HOMBRES Y AGREDIR A UNA MUJER - Apuntes de San Luis","robots":{"index":"index","follow":"follow","max-snippet":"max-snippet:-1","max-image-preview":"max-image-preview:large","max-video-preview":"max-video-preview:-1"},"canonical":"https:\/\/apuntesdesanluis.com\/index.php\/2024\/04\/29\/prorroga-de-detencion-para-ex-policia-acusado-de-dispararle-a-dos-hombres-y-agredir-a-una-mujer\/","og_locale":"es_ES","og_type":"article","og_title":"PR\u00d3RROGA DE DETENCI\u00d3N PARA EX POLIC\u00cdA ACUSADO DE DISPARARLE A DOS HOMBRES Y AGREDIR A UNA MUJER - Apuntes de San Luis","og_description":"\u201cHubo una intenci\u00f3n un\u00edvoca de dar muerte a las v\u00edctimas. Los disparos de arma fueron...","og_url":"https:\/\/apuntesdesanluis.com\/index.php\/2024\/04\/29\/prorroga-de-detencion-para-ex-policia-acusado-de-dispararle-a-dos-hombres-y-agredir-a-una-mujer\/","og_site_name":"Apuntes de San Luis","article_published_time":"2024-04-30T01:15:49+00:00","og_image":[{"width":625,"height":378,"url":"https:\/\/apuntesdesanluis.com\/wp-content\/uploads\/2024\/04\/AUDIENCIA-5.png","type":"image\/png"}],"author":"apuntesdesanluis.com","twitter_card":"summary_large_image","twitter_misc":{"Escrito por":"apuntesdesanluis.com","Tiempo de lectura":"5 minutos"},"schema":{"@context":"https:\/\/schema.org","@graph":[{"@type":"Article","@id":"https:\/\/apuntesdesanluis.com\/index.php\/2024\/04\/29\/prorroga-de-detencion-para-ex-policia-acusado-de-dispararle-a-dos-hombres-y-agredir-a-una-mujer\/#article","isPartOf":{"@id":"https:\/\/apuntesdesanluis.com\/index.php\/2024\/04\/29\/prorroga-de-detencion-para-ex-policia-acusado-de-dispararle-a-dos-hombres-y-agredir-a-una-mujer\/"},"author":{"name":"apuntesdesanluis.com","@id":"https:\/\/apuntesdesanluis.com\/#\/schema\/person\/b55151d52296fcce64d1a72538a70b90"},"headline":"PR\u00d3RROGA DE DETENCI\u00d3N PARA EX POLIC\u00cdA ACUSADO DE DISPARARLE A DOS HOMBRES Y AGREDIR A UNA MUJER","datePublished":"2024-04-30T01:15:49+00:00","mainEntityOfPage":{"@id":"https:\/\/apuntesdesanluis.com\/index.php\/2024\/04\/29\/prorroga-de-detencion-para-ex-policia-acusado-de-dispararle-a-dos-hombres-y-agredir-a-una-mujer\/"},"wordCount":1148,"publisher":{"@id":"https:\/\/apuntesdesanluis.com\/#\/schema\/person\/b55151d52296fcce64d1a72538a70b90"},"image":{"@id":"https:\/\/apuntesdesanluis.com\/index.php\/2024\/04\/29\/prorroga-de-detencion-para-ex-policia-acusado-de-dispararle-a-dos-hombres-y-agredir-a-una-mujer\/#primaryimage"},"thumbnailUrl":"https:\/\/apuntesdesanluis.com\/wp-content\/uploads\/2024\/04\/AUDIENCIA-5.png","articleSection":["Ciudad\/Provincia"],"inLanguage":"es-AR"},{"@type":"WebPage","@id":"https:\/\/apuntesdesanluis.com\/index.php\/2024\/04\/29\/prorroga-de-detencion-para-ex-policia-acusado-de-dispararle-a-dos-hombres-y-agredir-a-una-mujer\/","url":"https:\/\/apuntesdesanluis.com\/index.php\/2024\/04\/29\/prorroga-de-detencion-para-ex-policia-acusado-de-dispararle-a-dos-hombres-y-agredir-a-una-mujer\/","name":"PR\u00d3RROGA DE DETENCI\u00d3N PARA EX POLIC\u00cdA ACUSADO DE DISPARARLE A DOS HOMBRES Y AGREDIR A UNA MUJER - Apuntes de San Luis","isPartOf":{"@id":"https:\/\/apuntesdesanluis.com\/#website"},"primaryImageOfPage":{"@id":"https:\/\/apuntesdesanluis.com\/index.php\/2024\/04\/29\/prorroga-de-detencion-para-ex-policia-acusado-de-dispararle-a-dos-hombres-y-agredir-a-una-mujer\/#primaryimage"},"image":{"@id":"https:\/\/apuntesdesanluis.com\/index.php\/2024\/04\/29\/prorroga-de-detencion-para-ex-policia-acusado-de-dispararle-a-dos-hombres-y-agredir-a-una-mujer\/#primaryimage"},"thumbnailUrl":"https:\/\/apuntesdesanluis.com\/wp-content\/uploads\/2024\/04\/AUDIENCIA-5.png","datePublished":"2024-04-30T01:15:49+00:00","breadcrumb":{"@id":"https:\/\/apuntesdesanluis.com\/index.php\/2024\/04\/29\/prorroga-de-detencion-para-ex-policia-acusado-de-dispararle-a-dos-hombres-y-agredir-a-una-mujer\/#breadcrumb"},"inLanguage":"es-AR","potentialAction":[{"@type":"ReadAction","target":["https:\/\/apuntesdesanluis.com\/index.php\/2024\/04\/29\/prorroga-de-detencion-para-ex-policia-acusado-de-dispararle-a-dos-hombres-y-agredir-a-una-mujer\/"]}]},{"@type":"ImageObject","inLanguage":"es-AR","@id":"https:\/\/apuntesdesanluis.com\/index.php\/2024\/04\/29\/prorroga-de-detencion-para-ex-policia-acusado-de-dispararle-a-dos-hombres-y-agredir-a-una-mujer\/#primaryimage","url":"https:\/\/apuntesdesanluis.com\/wp-content\/uploads\/2024\/04\/AUDIENCIA-5.png","contentUrl":"https:\/\/apuntesdesanluis.com\/wp-content\/uploads\/2024\/04\/AUDIENCIA-5.png","width":625,"height":378},{"@type":"BreadcrumbList","@id":"https:\/\/apuntesdesanluis.com\/index.php\/2024\/04\/29\/prorroga-de-detencion-para-ex-policia-acusado-de-dispararle-a-dos-hombres-y-agredir-a-una-mujer\/#breadcrumb","itemListElement":[{"@type":"ListItem","position":1,"name":"Inicio","item":"https:\/\/apuntesdesanluis.com\/"},{"@type":"ListItem","position":2,"name":"PR\u00d3RROGA DE DETENCI\u00d3N PARA EX POLIC\u00cdA ACUSADO DE DISPARARLE A DOS HOMBRES Y AGREDIR A UNA MUJER"}]},{"@type":"WebSite","@id":"https:\/\/apuntesdesanluis.com\/#website","url":"https:\/\/apuntesdesanluis.com\/","name":"Apuntes de San Luis","description":"","publisher":{"@id":"https:\/\/apuntesdesanluis.com\/#\/schema\/person\/b55151d52296fcce64d1a72538a70b90"},"potentialAction":[{"@type":"SearchAction","target":{"@type":"EntryPoint","urlTemplate":"https:\/\/apuntesdesanluis.com\/?s={search_term_string}"},"query-input":{"@type":"PropertyValueSpecification","valueRequired":true,"valueName":"search_term_string"}}],"inLanguage":"es-AR"},{"@type":["Person","Organization"],"@id":"https:\/\/apuntesdesanluis.com\/#\/schema\/person\/b55151d52296fcce64d1a72538a70b90","name":"apuntesdesanluis.com","image":{"@type":"ImageObject","inLanguage":"es-AR","@id":"https:\/\/apuntesdesanluis.com\/#\/schema\/person\/image\/","url":"https:\/\/apuntesdesanluis.com\/wp-content\/uploads\/2023\/07\/cropped-apuntesdesanluis.png","contentUrl":"https:\/\/apuntesdesanluis.com\/wp-content\/uploads\/2023\/07\/cropped-apuntesdesanluis.png","width":450,"height":112,"caption":"apuntesdesanluis.com"},"logo":{"@id":"https:\/\/apuntesdesanluis.com\/#\/schema\/person\/image\/"},"sameAs":["https:\/\/apuntesdesanluis.com"],"url":"https:\/\/apuntesdesanluis.com\/index.php\/author\/apuntesdesanluis-com\/"}]}},"featured_image_urls":{"full":["https:\/\/apuntesdesanluis.com\/wp-content\/uploads\/2024\/04\/AUDIENCIA-5.png",625,378,false],"thumbnail":["https:\/\/apuntesdesanluis.com\/wp-content\/uploads\/2024\/04\/AUDIENCIA-5-150x150.png",150,150,true],"medium":["https:\/\/apuntesdesanluis.com\/wp-content\/uploads\/2024\/04\/AUDIENCIA-5-300x181.png",300,181,true],"medium_large":["https:\/\/apuntesdesanluis.com\/wp-content\/uploads\/2024\/04\/AUDIENCIA-5.png",625,378,false],"large":["https:\/\/apuntesdesanluis.com\/wp-content\/uploads\/2024\/04\/AUDIENCIA-5.png",625,378,false],"1536x1536":["https:\/\/apuntesdesanluis.com\/wp-content\/uploads\/2024\/04\/AUDIENCIA-5.png",625,378,false],"2048x2048":["https:\/\/apuntesdesanluis.com\/wp-content\/uploads\/2024\/04\/AUDIENCIA-5.png",625,378,false],"newsever-slider-full":["https:\/\/apuntesdesanluis.com\/wp-content\/uploads\/2024\/04\/AUDIENCIA-5.png",625,378,false],"newsever-featured":["https:\/\/apuntesdesanluis.com\/wp-content\/uploads\/2024\/04\/AUDIENCIA-5.png",625,378,false],"newsever-medium":["https:\/\/apuntesdesanluis.com\/wp-content\/uploads\/2024\/04\/AUDIENCIA-5.png",625,378,false]},"author_info":{"display_name":"apuntesdesanluis.com","author_link":"https:\/\/apuntesdesanluis.com\/index.php\/author\/apuntesdesanluis-com\/"},"category_info":"<a href=\"https:\/\/apuntesdesanluis.com\/index.php\/category\/ciudad-provincia\/\" rel=\"category tag\">Ciudad\/Provincia<\/a>","tag_info":"Ciudad\/Provincia","comment_count":"0","_links":{"self":[{"href":"https:\/\/apuntesdesanluis.com\/index.php\/wp-json\/wp\/v2\/posts\/15503","targetHints":{"allow":["GET"]}}],"collection":[{"href":"https:\/\/apuntesdesanluis.com\/index.php\/wp-json\/wp\/v2\/posts"}],"about":[{"href":"https:\/\/apuntesdesanluis.com\/index.php\/wp-json\/wp\/v2\/types\/post"}],"author":[{"embeddable":true,"href":"https:\/\/apuntesdesanluis.com\/index.php\/wp-json\/wp\/v2\/users\/1"}],"replies":[{"embeddable":true,"href":"https:\/\/apuntesdesanluis.com\/index.php\/wp-json\/wp\/v2\/comments?post=15503"}],"version-history":[{"count":1,"href":"https:\/\/apuntesdesanluis.com\/index.php\/wp-json\/wp\/v2\/posts\/15503\/revisions"}],"predecessor-version":[{"id":15505,"href":"https:\/\/apuntesdesanluis.com\/index.php\/wp-json\/wp\/v2\/posts\/15503\/revisions\/15505"}],"wp:featuredmedia":[{"embeddable":true,"href":"https:\/\/apuntesdesanluis.com\/index.php\/wp-json\/wp\/v2\/media\/15504"}],"wp:attachment":[{"href":"https:\/\/apuntesdesanluis.com\/index.php\/wp-json\/wp\/v2\/media?parent=15503"}],"wp:term":[{"taxonomy":"category","embeddable":true,"href":"https:\/\/apuntesdesanluis.com\/index.php\/wp-json\/wp\/v2\/categories?post=15503"},{"taxonomy":"post_tag","embeddable":true,"href":"https:\/\/apuntesdesanluis.com\/index.php\/wp-json\/wp\/v2\/tags?post=15503"}],"curies":[{"name":"wp","href":"https:\/\/api.w.org\/{rel}","templated":true}]}}