{"id":15515,"date":"2024-04-29T23:17:13","date_gmt":"2024-04-30T02:17:13","guid":{"rendered":"https:\/\/apuntesdesanluis.com\/?p=15515"},"modified":"2024-04-29T23:17:13","modified_gmt":"2024-04-30T02:17:13","slug":"astrazeneca-admitio-que-su-vacuna-covid-puede-causar-efectos-secundarios-poco-comunes","status":"publish","type":"post","link":"https:\/\/apuntesdesanluis.com\/index.php\/2024\/04\/29\/astrazeneca-admitio-que-su-vacuna-covid-puede-causar-efectos-secundarios-poco-comunes\/","title":{"rendered":"ASTRAZENECA ADMITI\u00d3 QUE SU VACUNA COVID PUEDE CAUSAR EFECTOS SECUNDARIOS POCO COMUNES"},"content":{"rendered":"<h3>El laboratorio AstraZeneca admiti\u00f3 en documentos legales que su vacuna contra el COVID-19 podr\u00eda inducir un efecto secundario raro, informaron medios de prensa brit\u00e1nicos.<\/h3>\n<h3>Esta declaraci\u00f3n se produjo en el contexto de una demanda colectiva que se inici\u00f3 en el Reino Unido, donde se alega que el f\u00e1rmaco, producto de la colaboraci\u00f3n entre esa compa\u00f1\u00eda farmac\u00e9utica y la Universidad de Oxford, ser\u00eda la causa lesiones graves en un n\u00famero limitado de casos.<\/h3>\n<h3>La compa\u00f1\u00eda pharma ya hab\u00eda se\u00f1alado en un paper publicado en 2021 la posibilidad de ese efecto adverso en casos muy raros y no reconoce ahora las afirmaciones de que ha dado un giro en documentos judiciales.<\/h3>\n<h3>La demanda argumenta que el inoculante provoc\u00f3 una reacci\u00f3n adversa grave en algunas personas, que afect\u00f3 de manera devastadora a varias familias. Este reconocimiento por parte de AstraZeneca podr\u00eda sentar las bases para un acuerdo de compensaci\u00f3n de hasta 100 millones de libras esterlinas (unos 125 millones de d\u00f3lares) para los demandantes, inform\u00f3 The Telegraph.<\/h3>\n<p><img fetchpriority=\"high\" decoding=\"async\" class=\"wp-image-15517 aligncenter\" src=\"https:\/\/apuntesdesanluis.com\/wp-content\/uploads\/2024\/04\/PINCHAZO-300x181.png\" alt=\"\" width=\"646\" height=\"390\" srcset=\"https:\/\/apuntesdesanluis.com\/wp-content\/uploads\/2024\/04\/PINCHAZO-300x181.png 300w, https:\/\/apuntesdesanluis.com\/wp-content\/uploads\/2024\/04\/PINCHAZO.png 600w\" sizes=\"(max-width: 646px) 100vw, 646px\" \/><\/p>\n<h3>La vacunaci\u00f3n fue y sigue siendo una herramienta crucial en la lucha contra el COVID-19. Existen m\u00faltiples fabricantes, incluido AstraZeneca, que distribuy\u00f3 dosis a nivel global en el marco de la emergencia sanitaria y fue un actor importante en la prevenci\u00f3n de hospitalizaciones y muertes.<\/h3>\n<h3>El mencionado diario indic\u00f3 que en un primer momento el laboratorio rechaz\u00f3 las afirmaciones, pero luego, en febrero \u00faltimo, acept\u00f3, en un documento legal que present\u00f3 ante el Tribunal Superior que su formulaci\u00f3n \u201cpuede, en casos muy raros, causar TTS\u201d, es decir, s\u00edndrome de trombosis con trombocitopenia, que provoca que las personas tengan co\u00e1gulos de sangre y un recuento bajo de plaquetas en sangre.<\/h3>\n<h3>El Tribunal Superior del Reino Unido recibi\u00f3 la presentaci\u00f3n de 51 casos de personas que afirman haber sufrido estos cuadros o sus familiares.<\/h3>\n<h3>Seg\u00fan describe The Telegraph el laboratorio admiti\u00f3 la presencia de estos casos raros en el marco de una defensa legal ante la demanda de Jamie Scott, quien fue el primero en presentarse en 2023 ante la Justicia. El hombre sufri\u00f3 una lesi\u00f3n cerebral irreversible tras desarrollar un co\u00e1gulo de sangre y una hemorragia cerebral luego de ser vacunado en abril de 2021. El caso involucra un da\u00f1o moral teniendo en cuenta que el hospital avis\u00f3 a su esposa \u2014ambos son padres de dos ni\u00f1os\u2014 que morir\u00eda.<\/h3>\n<h3>Seg\u00fan describi\u00f3 el peri\u00f3dico, en mayo del a\u00f1o pasado en una carta a los abogados de Scott, AstraZeneca dijo: \u201cno aceptamos que el TTS sea causado por la vacuna a nivel gen\u00e9rico\u201d. Pero en el documento legal presentado ante el Tribunal Superior en febrero el laboratorio dijo: \u201cSe admite que la vacuna AZ puede, en casos muy raros, causar TTS. Se desconoce el mecanismo causal\u201d. Asimismo, destac\u00f3: \u201cAdem\u00e1s, el TTS tambi\u00e9n puede ocurrir en ausencia de la vacuna AZ (o cualquier vacuna). La causalidad en cualquier caso individual ser\u00e1 materia de prueba pericial\u201d.<\/h3>\n<p><img decoding=\"async\" class=\"wp-image-15518 aligncenter\" src=\"https:\/\/apuntesdesanluis.com\/wp-content\/uploads\/2024\/04\/VACUNA-300x193.png\" alt=\"\" width=\"701\" height=\"451\" srcset=\"https:\/\/apuntesdesanluis.com\/wp-content\/uploads\/2024\/04\/VACUNA-300x193.png 300w, https:\/\/apuntesdesanluis.com\/wp-content\/uploads\/2024\/04\/VACUNA.png 600w\" sizes=\"(max-width: 701px) 100vw, 701px\" \/><\/p>\n<h3>Un estudio publicado en la revista cient\u00edfica BMJ en octubre de 2022, sobre la base de una investigaci\u00f3n realizada entre diciembre de 2020 y mediados de 2021 en base de datos de salud de Francia, Alemania, los Pa\u00edses Bajos, Espa\u00f1a, el Reino Unido y los EE. UU. se identific\u00f3 por primera vez un v\u00ednculo entre la vacuna mencionada y la enfermedad que dieron en llamar entonces trombocitopenia y trombosis inmunitarias inducidas por vacunas (VITT).<\/h3>\n<h3>El 27 de julio de 2021, la revista The Lancet public\u00f3 un estudio titulado \u201cTrombosis muy rara con trombocitopenia despu\u00e9s de la segunda dosis de AZD1222: un an\u00e1lisis de la base de datos de seguridad global\u201d, de cient\u00edficos del propio laboratorio. All\u00ed, se\u00f1alan que \u201cdesde el lanzamiento de la vacuna COVID-19, se han informado casos muy raros de trombosis con s\u00edndrome de trombocitopenia (TTS), que se conoce como trombocitopenia tromb\u00f3tica inmune inducida por la vacuna\u201d.<\/h3>\n<h3>La vacuna de Oxford\/AstraZeneca mostr\u00f3, seg\u00fan inform\u00f3 en mayo de 2021 la Oficina de Salud P\u00fablica de Inglaterra (PHE, por sus siglas en ingl\u00e9s), que dos dosis tienen una eficacia de entre el 85% y el 90% contra la enfermedad sintom\u00e1tica y cit\u00f3 un an\u00e1lisis de los datos reales obtenidos en el despliegue de la vacuna.<\/h3>\n<h3>QU\u00c9 DIJO LA OMS SOBRE LA VACUNA DE ASTRAZENECA<\/h3>\n<h3>Acerca de la vacuna en cuesti\u00f3n, en una publicaci\u00f3n de la Organizaci\u00f3n Mundial de la Salud titulada \u201cTodo lo que se debe saber sobre la vacuna ChAdOx1-S (recombinante) de Oxford\/AstraZeneca contra la COVID-19\u2033, se inform\u00f3 sobre lo se\u00f1alado por el Comit\u00e9 Consultivo Mundial sobre Seguridad de las Vacunas, \u201cun grupo de expertos que ofrece a la OMS orientaciones independientes y bien fundamentadas sobre el uso seguro de las vacunas, recibe y eval\u00faa los informes sobre eventos de seguridad sospechosos que pueden tener consecuencias internacionales\u201d, seg\u00fan lo describe la organizaci\u00f3n multilateral.<\/h3>\n<h3>Ese Comit\u00e9 dijo: \u201cSe ha notificado un nuevo tipo de evento adverso muy raro, conocido como s\u00edndrome de trombosis con trombocitopenia, tras la administraci\u00f3n de esta vacuna. Este s\u00edndrome comporta alteraciones de la coagulaci\u00f3n sangu\u00ednea graves y poco frecuentes asociadas a recuentos plaquetarios bajos. En los pa\u00edses en que actualmente se registra transmisi\u00f3n del SARS-CoV-2, las ventajas de vacunarse superan con creces los riesgos, dada la protecci\u00f3n que confiere la vacuna frente a la COVID-19\u2033.<\/h3>\n<h3>QU\u00c9 DIJERON LAS PARTES P\u00daBLICAMENTE<\/h3>\n<h3>La abogada Sarah Moore, socia del estudio Leigh Day, que forma parte de la demanda se lament\u00f3 porque \u201ca AstraZeneca le ha llevado un a\u00f1o admitir formalmente que su vacuna puede causar co\u00e1gulos sangu\u00edneos devastadores, cuando este hecho ha sido ampliamente aceptado por el sector cl\u00ednico\u201d desde finales de 2021.<\/h3>\n<h3>Por su parte, en un comunicado de AstraZeneca sostuvo: \u201cNuestra solidaridad est\u00e1 con cualquiera que haya perdido a sus seres queridos o haya informado de problemas de salud. La seguridad del paciente es nuestra m\u00e1xima prioridad y las autoridades reguladoras cuentan con est\u00e1ndares claros y estrictos para garantizar el uso seguro de todos los medicamentos, incluidas las vacunas\u201d.<\/h3>\n<h3>\u201cA partir del conjunto de pruebas obtenidas en ensayos cl\u00ednicos y datos del mundo real, se ha demostrado continuamente que la vacuna AstraZeneca-Oxford tiene un perfil de seguridad aceptable y los reguladores de todo el mundo afirman sistem\u00e1ticamente que los beneficios de la vacunaci\u00f3n superan los riesgos de posibles efectos secundarios extremadamente raros\u201d.<\/h3>\n<h3>La compa\u00f1\u00eda se\u00f1al\u00f3 que la informaci\u00f3n del producto relacionada con la vacuna se actualiz\u00f3 en abril de 2021, con la aprobaci\u00f3n del regulador del Reino Unido, para incluir \u201cla posibilidad de que la vacuna AstraZeneca-Oxford sea capaz, en casos muy raros, de ser un desencadenante de TST\u201d.<\/h3>\n<h3>Estudios independientes muestran que la vacuna AstraZeneca fue incre\u00edblemente eficaz para abordar la pandemia, salvando m\u00e1s de seis millones de vidas en todo el mundo durante el primer a\u00f1o de su implementaci\u00f3n.<\/h3>\n<h3><\/h3>\n<p>&nbsp;<\/p>\n<p>&nbsp;<\/p>\n","protected":false},"excerpt":{"rendered":"<p>El laboratorio AstraZeneca admiti\u00f3 en documentos legales que su vacuna contra el COVID-19 podr\u00eda inducir&#8230;<\/p>\n","protected":false},"author":1,"featured_media":15516,"comment_status":"closed","ping_status":"closed","sticky":false,"template":"","format":"standard","meta":{"footnotes":""},"categories":[5],"tags":[],"class_list":["post-15515","post","type-post","status-publish","format-standard","has-post-thumbnail","hentry","category-nacionales-internacionales"],"yoast_head":"<!-- This site is optimized with the Yoast SEO plugin v26.1.1 - https:\/\/yoast.com\/wordpress\/plugins\/seo\/ -->\n<title>ASTRAZENECA ADMITI\u00d3 QUE SU VACUNA COVID PUEDE CAUSAR EFECTOS SECUNDARIOS POCO COMUNES - Apuntes de San Luis<\/title>\n<meta name=\"robots\" content=\"index, follow, max-snippet:-1, max-image-preview:large, max-video-preview:-1\" \/>\n<link rel=\"canonical\" href=\"https:\/\/apuntesdesanluis.com\/index.php\/2024\/04\/29\/astrazeneca-admitio-que-su-vacuna-covid-puede-causar-efectos-secundarios-poco-comunes\/\" \/>\n<meta property=\"og:locale\" content=\"es_ES\" \/>\n<meta property=\"og:type\" content=\"article\" \/>\n<meta property=\"og:title\" content=\"ASTRAZENECA ADMITI\u00d3 QUE SU VACUNA COVID PUEDE CAUSAR EFECTOS SECUNDARIOS POCO COMUNES - Apuntes de San Luis\" \/>\n<meta property=\"og:description\" content=\"El laboratorio AstraZeneca admiti\u00f3 en documentos legales que su vacuna contra el COVID-19 podr\u00eda inducir...\" \/>\n<meta property=\"og:url\" content=\"https:\/\/apuntesdesanluis.com\/index.php\/2024\/04\/29\/astrazeneca-admitio-que-su-vacuna-covid-puede-causar-efectos-secundarios-poco-comunes\/\" \/>\n<meta property=\"og:site_name\" content=\"Apuntes de San Luis\" \/>\n<meta property=\"article:published_time\" content=\"2024-04-30T02:17:13+00:00\" \/>\n<meta property=\"og:image\" content=\"https:\/\/apuntesdesanluis.com\/wp-content\/uploads\/2024\/04\/ASTRAZENECA.png\" \/>\n\t<meta property=\"og:image:width\" content=\"600\" \/>\n\t<meta property=\"og:image:height\" content=\"363\" \/>\n\t<meta property=\"og:image:type\" content=\"image\/png\" \/>\n<meta name=\"author\" content=\"apuntesdesanluis.com\" \/>\n<meta name=\"twitter:card\" content=\"summary_large_image\" \/>\n<meta name=\"twitter:label1\" content=\"Escrito por\" \/>\n\t<meta name=\"twitter:data1\" content=\"apuntesdesanluis.com\" \/>\n\t<meta name=\"twitter:label2\" content=\"Tiempo de lectura\" \/>\n\t<meta name=\"twitter:data2\" content=\"6 minutos\" \/>\n<script type=\"application\/ld+json\" class=\"yoast-schema-graph\">{\"@context\":\"https:\/\/schema.org\",\"@graph\":[{\"@type\":\"Article\",\"@id\":\"https:\/\/apuntesdesanluis.com\/index.php\/2024\/04\/29\/astrazeneca-admitio-que-su-vacuna-covid-puede-causar-efectos-secundarios-poco-comunes\/#article\",\"isPartOf\":{\"@id\":\"https:\/\/apuntesdesanluis.com\/index.php\/2024\/04\/29\/astrazeneca-admitio-que-su-vacuna-covid-puede-causar-efectos-secundarios-poco-comunes\/\"},\"author\":{\"name\":\"apuntesdesanluis.com\",\"@id\":\"https:\/\/apuntesdesanluis.com\/#\/schema\/person\/b55151d52296fcce64d1a72538a70b90\"},\"headline\":\"ASTRAZENECA ADMITI\u00d3 QUE SU VACUNA COVID PUEDE CAUSAR EFECTOS SECUNDARIOS POCO COMUNES\",\"datePublished\":\"2024-04-30T02:17:13+00:00\",\"mainEntityOfPage\":{\"@id\":\"https:\/\/apuntesdesanluis.com\/index.php\/2024\/04\/29\/astrazeneca-admitio-que-su-vacuna-covid-puede-causar-efectos-secundarios-poco-comunes\/\"},\"wordCount\":1184,\"publisher\":{\"@id\":\"https:\/\/apuntesdesanluis.com\/#\/schema\/person\/b55151d52296fcce64d1a72538a70b90\"},\"image\":{\"@id\":\"https:\/\/apuntesdesanluis.com\/index.php\/2024\/04\/29\/astrazeneca-admitio-que-su-vacuna-covid-puede-causar-efectos-secundarios-poco-comunes\/#primaryimage\"},\"thumbnailUrl\":\"https:\/\/apuntesdesanluis.com\/wp-content\/uploads\/2024\/04\/ASTRAZENECA.png\",\"articleSection\":[\"Nacionales\/Internacionales\"],\"inLanguage\":\"es-AR\"},{\"@type\":\"WebPage\",\"@id\":\"https:\/\/apuntesdesanluis.com\/index.php\/2024\/04\/29\/astrazeneca-admitio-que-su-vacuna-covid-puede-causar-efectos-secundarios-poco-comunes\/\",\"url\":\"https:\/\/apuntesdesanluis.com\/index.php\/2024\/04\/29\/astrazeneca-admitio-que-su-vacuna-covid-puede-causar-efectos-secundarios-poco-comunes\/\",\"name\":\"ASTRAZENECA ADMITI\u00d3 QUE SU VACUNA COVID PUEDE CAUSAR EFECTOS SECUNDARIOS POCO COMUNES - Apuntes de San Luis\",\"isPartOf\":{\"@id\":\"https:\/\/apuntesdesanluis.com\/#website\"},\"primaryImageOfPage\":{\"@id\":\"https:\/\/apuntesdesanluis.com\/index.php\/2024\/04\/29\/astrazeneca-admitio-que-su-vacuna-covid-puede-causar-efectos-secundarios-poco-comunes\/#primaryimage\"},\"image\":{\"@id\":\"https:\/\/apuntesdesanluis.com\/index.php\/2024\/04\/29\/astrazeneca-admitio-que-su-vacuna-covid-puede-causar-efectos-secundarios-poco-comunes\/#primaryimage\"},\"thumbnailUrl\":\"https:\/\/apuntesdesanluis.com\/wp-content\/uploads\/2024\/04\/ASTRAZENECA.png\",\"datePublished\":\"2024-04-30T02:17:13+00:00\",\"breadcrumb\":{\"@id\":\"https:\/\/apuntesdesanluis.com\/index.php\/2024\/04\/29\/astrazeneca-admitio-que-su-vacuna-covid-puede-causar-efectos-secundarios-poco-comunes\/#breadcrumb\"},\"inLanguage\":\"es-AR\",\"potentialAction\":[{\"@type\":\"ReadAction\",\"target\":[\"https:\/\/apuntesdesanluis.com\/index.php\/2024\/04\/29\/astrazeneca-admitio-que-su-vacuna-covid-puede-causar-efectos-secundarios-poco-comunes\/\"]}]},{\"@type\":\"ImageObject\",\"inLanguage\":\"es-AR\",\"@id\":\"https:\/\/apuntesdesanluis.com\/index.php\/2024\/04\/29\/astrazeneca-admitio-que-su-vacuna-covid-puede-causar-efectos-secundarios-poco-comunes\/#primaryimage\",\"url\":\"https:\/\/apuntesdesanluis.com\/wp-content\/uploads\/2024\/04\/ASTRAZENECA.png\",\"contentUrl\":\"https:\/\/apuntesdesanluis.com\/wp-content\/uploads\/2024\/04\/ASTRAZENECA.png\",\"width\":600,\"height\":363},{\"@type\":\"BreadcrumbList\",\"@id\":\"https:\/\/apuntesdesanluis.com\/index.php\/2024\/04\/29\/astrazeneca-admitio-que-su-vacuna-covid-puede-causar-efectos-secundarios-poco-comunes\/#breadcrumb\",\"itemListElement\":[{\"@type\":\"ListItem\",\"position\":1,\"name\":\"Inicio\",\"item\":\"https:\/\/apuntesdesanluis.com\/\"},{\"@type\":\"ListItem\",\"position\":2,\"name\":\"ASTRAZENECA ADMITI\u00d3 QUE SU VACUNA COVID PUEDE CAUSAR EFECTOS SECUNDARIOS POCO COMUNES\"}]},{\"@type\":\"WebSite\",\"@id\":\"https:\/\/apuntesdesanluis.com\/#website\",\"url\":\"https:\/\/apuntesdesanluis.com\/\",\"name\":\"Apuntes de San Luis\",\"description\":\"\",\"publisher\":{\"@id\":\"https:\/\/apuntesdesanluis.com\/#\/schema\/person\/b55151d52296fcce64d1a72538a70b90\"},\"potentialAction\":[{\"@type\":\"SearchAction\",\"target\":{\"@type\":\"EntryPoint\",\"urlTemplate\":\"https:\/\/apuntesdesanluis.com\/?s={search_term_string}\"},\"query-input\":{\"@type\":\"PropertyValueSpecification\",\"valueRequired\":true,\"valueName\":\"search_term_string\"}}],\"inLanguage\":\"es-AR\"},{\"@type\":[\"Person\",\"Organization\"],\"@id\":\"https:\/\/apuntesdesanluis.com\/#\/schema\/person\/b55151d52296fcce64d1a72538a70b90\",\"name\":\"apuntesdesanluis.com\",\"image\":{\"@type\":\"ImageObject\",\"inLanguage\":\"es-AR\",\"@id\":\"https:\/\/apuntesdesanluis.com\/#\/schema\/person\/image\/\",\"url\":\"https:\/\/apuntesdesanluis.com\/wp-content\/uploads\/2023\/07\/cropped-apuntesdesanluis.png\",\"contentUrl\":\"https:\/\/apuntesdesanluis.com\/wp-content\/uploads\/2023\/07\/cropped-apuntesdesanluis.png\",\"width\":450,\"height\":112,\"caption\":\"apuntesdesanluis.com\"},\"logo\":{\"@id\":\"https:\/\/apuntesdesanluis.com\/#\/schema\/person\/image\/\"},\"sameAs\":[\"https:\/\/apuntesdesanluis.com\"],\"url\":\"https:\/\/apuntesdesanluis.com\/index.php\/author\/apuntesdesanluis-com\/\"}]}<\/script>\n<!-- \/ Yoast SEO plugin. -->","yoast_head_json":{"title":"ASTRAZENECA ADMITI\u00d3 QUE SU VACUNA COVID PUEDE CAUSAR EFECTOS SECUNDARIOS POCO COMUNES - Apuntes de San Luis","robots":{"index":"index","follow":"follow","max-snippet":"max-snippet:-1","max-image-preview":"max-image-preview:large","max-video-preview":"max-video-preview:-1"},"canonical":"https:\/\/apuntesdesanluis.com\/index.php\/2024\/04\/29\/astrazeneca-admitio-que-su-vacuna-covid-puede-causar-efectos-secundarios-poco-comunes\/","og_locale":"es_ES","og_type":"article","og_title":"ASTRAZENECA ADMITI\u00d3 QUE SU VACUNA COVID PUEDE CAUSAR EFECTOS SECUNDARIOS POCO COMUNES - Apuntes de San Luis","og_description":"El laboratorio AstraZeneca admiti\u00f3 en documentos legales que su vacuna contra el COVID-19 podr\u00eda inducir...","og_url":"https:\/\/apuntesdesanluis.com\/index.php\/2024\/04\/29\/astrazeneca-admitio-que-su-vacuna-covid-puede-causar-efectos-secundarios-poco-comunes\/","og_site_name":"Apuntes de San Luis","article_published_time":"2024-04-30T02:17:13+00:00","og_image":[{"width":600,"height":363,"url":"https:\/\/apuntesdesanluis.com\/wp-content\/uploads\/2024\/04\/ASTRAZENECA.png","type":"image\/png"}],"author":"apuntesdesanluis.com","twitter_card":"summary_large_image","twitter_misc":{"Escrito por":"apuntesdesanluis.com","Tiempo de lectura":"6 minutos"},"schema":{"@context":"https:\/\/schema.org","@graph":[{"@type":"Article","@id":"https:\/\/apuntesdesanluis.com\/index.php\/2024\/04\/29\/astrazeneca-admitio-que-su-vacuna-covid-puede-causar-efectos-secundarios-poco-comunes\/#article","isPartOf":{"@id":"https:\/\/apuntesdesanluis.com\/index.php\/2024\/04\/29\/astrazeneca-admitio-que-su-vacuna-covid-puede-causar-efectos-secundarios-poco-comunes\/"},"author":{"name":"apuntesdesanluis.com","@id":"https:\/\/apuntesdesanluis.com\/#\/schema\/person\/b55151d52296fcce64d1a72538a70b90"},"headline":"ASTRAZENECA ADMITI\u00d3 QUE SU VACUNA COVID PUEDE CAUSAR EFECTOS SECUNDARIOS POCO COMUNES","datePublished":"2024-04-30T02:17:13+00:00","mainEntityOfPage":{"@id":"https:\/\/apuntesdesanluis.com\/index.php\/2024\/04\/29\/astrazeneca-admitio-que-su-vacuna-covid-puede-causar-efectos-secundarios-poco-comunes\/"},"wordCount":1184,"publisher":{"@id":"https:\/\/apuntesdesanluis.com\/#\/schema\/person\/b55151d52296fcce64d1a72538a70b90"},"image":{"@id":"https:\/\/apuntesdesanluis.com\/index.php\/2024\/04\/29\/astrazeneca-admitio-que-su-vacuna-covid-puede-causar-efectos-secundarios-poco-comunes\/#primaryimage"},"thumbnailUrl":"https:\/\/apuntesdesanluis.com\/wp-content\/uploads\/2024\/04\/ASTRAZENECA.png","articleSection":["Nacionales\/Internacionales"],"inLanguage":"es-AR"},{"@type":"WebPage","@id":"https:\/\/apuntesdesanluis.com\/index.php\/2024\/04\/29\/astrazeneca-admitio-que-su-vacuna-covid-puede-causar-efectos-secundarios-poco-comunes\/","url":"https:\/\/apuntesdesanluis.com\/index.php\/2024\/04\/29\/astrazeneca-admitio-que-su-vacuna-covid-puede-causar-efectos-secundarios-poco-comunes\/","name":"ASTRAZENECA ADMITI\u00d3 QUE SU VACUNA COVID PUEDE CAUSAR EFECTOS SECUNDARIOS POCO COMUNES - Apuntes de San Luis","isPartOf":{"@id":"https:\/\/apuntesdesanluis.com\/#website"},"primaryImageOfPage":{"@id":"https:\/\/apuntesdesanluis.com\/index.php\/2024\/04\/29\/astrazeneca-admitio-que-su-vacuna-covid-puede-causar-efectos-secundarios-poco-comunes\/#primaryimage"},"image":{"@id":"https:\/\/apuntesdesanluis.com\/index.php\/2024\/04\/29\/astrazeneca-admitio-que-su-vacuna-covid-puede-causar-efectos-secundarios-poco-comunes\/#primaryimage"},"thumbnailUrl":"https:\/\/apuntesdesanluis.com\/wp-content\/uploads\/2024\/04\/ASTRAZENECA.png","datePublished":"2024-04-30T02:17:13+00:00","breadcrumb":{"@id":"https:\/\/apuntesdesanluis.com\/index.php\/2024\/04\/29\/astrazeneca-admitio-que-su-vacuna-covid-puede-causar-efectos-secundarios-poco-comunes\/#breadcrumb"},"inLanguage":"es-AR","potentialAction":[{"@type":"ReadAction","target":["https:\/\/apuntesdesanluis.com\/index.php\/2024\/04\/29\/astrazeneca-admitio-que-su-vacuna-covid-puede-causar-efectos-secundarios-poco-comunes\/"]}]},{"@type":"ImageObject","inLanguage":"es-AR","@id":"https:\/\/apuntesdesanluis.com\/index.php\/2024\/04\/29\/astrazeneca-admitio-que-su-vacuna-covid-puede-causar-efectos-secundarios-poco-comunes\/#primaryimage","url":"https:\/\/apuntesdesanluis.com\/wp-content\/uploads\/2024\/04\/ASTRAZENECA.png","contentUrl":"https:\/\/apuntesdesanluis.com\/wp-content\/uploads\/2024\/04\/ASTRAZENECA.png","width":600,"height":363},{"@type":"BreadcrumbList","@id":"https:\/\/apuntesdesanluis.com\/index.php\/2024\/04\/29\/astrazeneca-admitio-que-su-vacuna-covid-puede-causar-efectos-secundarios-poco-comunes\/#breadcrumb","itemListElement":[{"@type":"ListItem","position":1,"name":"Inicio","item":"https:\/\/apuntesdesanluis.com\/"},{"@type":"ListItem","position":2,"name":"ASTRAZENECA ADMITI\u00d3 QUE SU VACUNA COVID PUEDE CAUSAR EFECTOS SECUNDARIOS POCO COMUNES"}]},{"@type":"WebSite","@id":"https:\/\/apuntesdesanluis.com\/#website","url":"https:\/\/apuntesdesanluis.com\/","name":"Apuntes de San Luis","description":"","publisher":{"@id":"https:\/\/apuntesdesanluis.com\/#\/schema\/person\/b55151d52296fcce64d1a72538a70b90"},"potentialAction":[{"@type":"SearchAction","target":{"@type":"EntryPoint","urlTemplate":"https:\/\/apuntesdesanluis.com\/?s={search_term_string}"},"query-input":{"@type":"PropertyValueSpecification","valueRequired":true,"valueName":"search_term_string"}}],"inLanguage":"es-AR"},{"@type":["Person","Organization"],"@id":"https:\/\/apuntesdesanluis.com\/#\/schema\/person\/b55151d52296fcce64d1a72538a70b90","name":"apuntesdesanluis.com","image":{"@type":"ImageObject","inLanguage":"es-AR","@id":"https:\/\/apuntesdesanluis.com\/#\/schema\/person\/image\/","url":"https:\/\/apuntesdesanluis.com\/wp-content\/uploads\/2023\/07\/cropped-apuntesdesanluis.png","contentUrl":"https:\/\/apuntesdesanluis.com\/wp-content\/uploads\/2023\/07\/cropped-apuntesdesanluis.png","width":450,"height":112,"caption":"apuntesdesanluis.com"},"logo":{"@id":"https:\/\/apuntesdesanluis.com\/#\/schema\/person\/image\/"},"sameAs":["https:\/\/apuntesdesanluis.com"],"url":"https:\/\/apuntesdesanluis.com\/index.php\/author\/apuntesdesanluis-com\/"}]}},"featured_image_urls":{"full":["https:\/\/apuntesdesanluis.com\/wp-content\/uploads\/2024\/04\/ASTRAZENECA.png",600,363,false],"thumbnail":["https:\/\/apuntesdesanluis.com\/wp-content\/uploads\/2024\/04\/ASTRAZENECA-150x150.png",150,150,true],"medium":["https:\/\/apuntesdesanluis.com\/wp-content\/uploads\/2024\/04\/ASTRAZENECA-300x182.png",300,182,true],"medium_large":["https:\/\/apuntesdesanluis.com\/wp-content\/uploads\/2024\/04\/ASTRAZENECA.png",600,363,false],"large":["https:\/\/apuntesdesanluis.com\/wp-content\/uploads\/2024\/04\/ASTRAZENECA.png",600,363,false],"1536x1536":["https:\/\/apuntesdesanluis.com\/wp-content\/uploads\/2024\/04\/ASTRAZENECA.png",600,363,false],"2048x2048":["https:\/\/apuntesdesanluis.com\/wp-content\/uploads\/2024\/04\/ASTRAZENECA.png",600,363,false],"newsever-slider-full":["https:\/\/apuntesdesanluis.com\/wp-content\/uploads\/2024\/04\/ASTRAZENECA.png",600,363,false],"newsever-featured":["https:\/\/apuntesdesanluis.com\/wp-content\/uploads\/2024\/04\/ASTRAZENECA.png",600,363,false],"newsever-medium":["https:\/\/apuntesdesanluis.com\/wp-content\/uploads\/2024\/04\/ASTRAZENECA.png",600,363,false]},"author_info":{"display_name":"apuntesdesanluis.com","author_link":"https:\/\/apuntesdesanluis.com\/index.php\/author\/apuntesdesanluis-com\/"},"category_info":"<a href=\"https:\/\/apuntesdesanluis.com\/index.php\/category\/nacionales-internacionales\/\" rel=\"category tag\">Nacionales\/Internacionales<\/a>","tag_info":"Nacionales\/Internacionales","comment_count":"0","_links":{"self":[{"href":"https:\/\/apuntesdesanluis.com\/index.php\/wp-json\/wp\/v2\/posts\/15515","targetHints":{"allow":["GET"]}}],"collection":[{"href":"https:\/\/apuntesdesanluis.com\/index.php\/wp-json\/wp\/v2\/posts"}],"about":[{"href":"https:\/\/apuntesdesanluis.com\/index.php\/wp-json\/wp\/v2\/types\/post"}],"author":[{"embeddable":true,"href":"https:\/\/apuntesdesanluis.com\/index.php\/wp-json\/wp\/v2\/users\/1"}],"replies":[{"embeddable":true,"href":"https:\/\/apuntesdesanluis.com\/index.php\/wp-json\/wp\/v2\/comments?post=15515"}],"version-history":[{"count":1,"href":"https:\/\/apuntesdesanluis.com\/index.php\/wp-json\/wp\/v2\/posts\/15515\/revisions"}],"predecessor-version":[{"id":15519,"href":"https:\/\/apuntesdesanluis.com\/index.php\/wp-json\/wp\/v2\/posts\/15515\/revisions\/15519"}],"wp:featuredmedia":[{"embeddable":true,"href":"https:\/\/apuntesdesanluis.com\/index.php\/wp-json\/wp\/v2\/media\/15516"}],"wp:attachment":[{"href":"https:\/\/apuntesdesanluis.com\/index.php\/wp-json\/wp\/v2\/media?parent=15515"}],"wp:term":[{"taxonomy":"category","embeddable":true,"href":"https:\/\/apuntesdesanluis.com\/index.php\/wp-json\/wp\/v2\/categories?post=15515"},{"taxonomy":"post_tag","embeddable":true,"href":"https:\/\/apuntesdesanluis.com\/index.php\/wp-json\/wp\/v2\/tags?post=15515"}],"curies":[{"name":"wp","href":"https:\/\/api.w.org\/{rel}","templated":true}]}}