{"id":15520,"date":"2024-04-29T23:25:57","date_gmt":"2024-04-30T02:25:57","guid":{"rendered":"https:\/\/apuntesdesanluis.com\/?p=15520"},"modified":"2024-04-29T23:25:57","modified_gmt":"2024-04-30T02:25:57","slug":"condenaron-a-felipe-pettinato-por-abuso-sexual-simple","status":"publish","type":"post","link":"https:\/\/apuntesdesanluis.com\/index.php\/2024\/04\/29\/condenaron-a-felipe-pettinato-por-abuso-sexual-simple\/","title":{"rendered":"CONDENARON A FELIPE PETTINATO POR ABUSO SEXUAL SIMPLE"},"content":{"rendered":"<h3>Felipe Pettinato fue condenado este lunes por el delito de abuso sexual simple cometido contra una joven que ten\u00eda 15 a\u00f1os en el momento de los hechos, el 8 marzo de 2018, y que formaba parte del entorno de su ex pareja y madre de su hija.<\/h3>\n<h3>La pena dictaminada por el Juzgado N\u00b01 de San Isidro fue de 9 meses de prisi\u00f3n en suspenso, con una serie de medidas restrictivas como someterse a un tratamiento y fijar residencia, que deber\u00e1 cumplir por dos a\u00f1os.<\/h3>\n<h3>La lectura del fallo estaba programada a las 12 del mediod\u00eda de hoy, pero fue demorada. El acusado, seg\u00fan pudo constatar Infobae, no se present\u00f3 en la sala. \u201cNo creo que venga\u201d, asegur\u00f3 Andr\u00e9s Bonicalzi, abogado querellante, minutos antes de la audiencia. Los motivos de su ausencia se desconocen. \u201cSiempre un veredicto de culpable es reparador para la v\u00edctima\u201d, afirm\u00f3 Bonicalzi al salir. Bonicalzi hab\u00eda pedido dos a\u00f1os y seis meses de prisi\u00f3n de cumplimiento efectivo, algo que fue denegado por el juez Andr\u00e9s Mateo, ya que, seg\u00fan el juez, Bonicalzi no fundament\u00f3 el pedido.<\/h3>\n<h3>El fiscal Mat\u00edas L\u00f3pez Vidal, por su parte, hab\u00eda pedido dos a\u00f1os de c\u00e1rcel.<\/h3>\n<h3>El juez Mateo razon\u00f3 que no correspond\u00eda una prisi\u00f3n efectiva ya que Pettinato no tiene antecedentes penales, seg\u00fan el fallo al que accedi\u00f3 Infobae. Por otra parte, valor\u00f3 en forma positiva que el acusado se encuentre hoy bajo tratamiento y le impuso como medida continuarlo.<\/h3>\n<h3>La denunciante relat\u00f3 en la audiencia del 23 de abril c\u00f3mo fue el abuso que sufri\u00f3. Agreg\u00f3 que Felipe Pettinato, en aquel entonces, estaba bajo tratamiento por su adicci\u00f3n a las drogas y se quedaba en la casa familiar porque no ten\u00eda un domicilio para vivir.<\/h3>\n<h3>A su vez, los familiares de la v\u00edctima tambi\u00e9n brindaron sus testimonios. Mientras que la perito psicol\u00f3ga present\u00f3 un informe en el que asegur\u00f3 que la joven \u201cexpresa sus dificultades de develar lo sucedido en funci\u00f3n de los afectos que suscitaban en torno al acusado\u201d.<\/h3>\n<h3>Adem\u00e1s, se resalt\u00f3 que en el relato de la denunciante \u201cno se evidencian invasi\u00f3n de la fantas\u00eda ni alteraciones de la memoria\u201d. \u201cAsimismo, refiere que en esta oportunidad su madre pudo escucharla y acompa\u00f1arla en el proceso de la denuncia\u201d, enfatiz\u00f3 el reporte.<\/h3>\n<h3>Tambi\u00e9n se sum\u00f3 a la causa un relato esencial en el caso: el de Melchor Rodrigo, neur\u00f3logo personal de Pettinato, quien falleci\u00f3 en un confuso incendio producido en el departamento de Felipe, por el que est\u00e1 imputado el actor. All\u00ed, \u201cqueda claro que el acusado estaba en pleno uso de sus facultades mentales a la hora del abuso\u201d, argument\u00f3 uno de los participantes del proceso judicial.<\/h3>\n<h3>De igual modo, el informe correspondiente a la oficina de violencia de g\u00e9nero de Vicente L\u00f3pez ser\u00eda \u201ccontundente\u201d.<\/h3>\n<h3>Por parte del acusado, Felipe Pettinato se present\u00f3 en la audiencia \u00fanica del martes 23 de abril en el Juzgado N\u00b01 de San Isidro sin declarar ni decir las \u00faltimas palabras. La defensa del acusado ofreci\u00f3 a su hermana Tamara como testigo.<\/h3>\n<h3>Ahora, el actor espera que este lunes se conozca el veredicto en el juicio por abuso sexual simple.<\/h3>\n<h3>LA INVESTIGACI\u00d3N Y LAS PRUEBAS<\/h3>\n<h3>Seg\u00fan la causa, Felipe Pettinato atac\u00f3 a la adolescente de entonces 15 a\u00f1os en un departamento de la zona de Olivos el 8 de marzo de 2018, a la madrugada. Ah\u00ed fue donde la abord\u00f3 por sorpresa mientras estaba en el sill\u00f3n del living de su casa. All\u00ed, le toc\u00f3 la cola y la vagina por encima de la ropa.<\/h3>\n<h3>El hecho fue denunciado en septiembre de 2019. La v\u00edctima relat\u00f3 que Felipe Pettinato hab\u00eda vivido en su casa entre el 1\u00b0 y el 9 de marzo de 2018. La familia de la chica lo hab\u00eda contenido, le hab\u00edan dado cobijo, ya que se encontraba atravesando un tratamiento para enfrentar una supuesta adicci\u00f3n a las drogas.<\/h3>\n<h3>El caso fue investigado por la fiscal Lida Osores Soler, a cargo de la Unidad Funcional de Instrucci\u00f3n de Violencia de G\u00e9nero de Vicente L\u00f3pez.<\/h3>\n<p>&nbsp;<\/p>\n<p>&nbsp;<\/p>\n<p>&nbsp;<\/p>\n","protected":false},"excerpt":{"rendered":"<p>Felipe Pettinato fue condenado este lunes por el delito de abuso sexual simple cometido contra&#8230;<\/p>\n","protected":false},"author":1,"featured_media":15521,"comment_status":"closed","ping_status":"closed","sticky":false,"template":"","format":"standard","meta":{"footnotes":""},"categories":[5],"tags":[],"class_list":["post-15520","post","type-post","status-publish","format-standard","has-post-thumbnail","hentry","category-nacionales-internacionales"],"yoast_head":"<!-- This site is optimized with the Yoast SEO plugin v26.1.1 - https:\/\/yoast.com\/wordpress\/plugins\/seo\/ -->\n<title>CONDENARON A FELIPE PETTINATO POR ABUSO SEXUAL SIMPLE - Apuntes de San Luis<\/title>\n<meta name=\"robots\" content=\"index, follow, max-snippet:-1, max-image-preview:large, max-video-preview:-1\" \/>\n<link rel=\"canonical\" href=\"https:\/\/apuntesdesanluis.com\/index.php\/2024\/04\/29\/condenaron-a-felipe-pettinato-por-abuso-sexual-simple\/\" \/>\n<meta property=\"og:locale\" content=\"es_ES\" \/>\n<meta property=\"og:type\" content=\"article\" \/>\n<meta property=\"og:title\" content=\"CONDENARON A FELIPE PETTINATO POR ABUSO SEXUAL SIMPLE - Apuntes de San Luis\" \/>\n<meta property=\"og:description\" content=\"Felipe Pettinato fue condenado este lunes por el delito de abuso sexual simple cometido contra...\" \/>\n<meta property=\"og:url\" content=\"https:\/\/apuntesdesanluis.com\/index.php\/2024\/04\/29\/condenaron-a-felipe-pettinato-por-abuso-sexual-simple\/\" \/>\n<meta property=\"og:site_name\" content=\"Apuntes de San Luis\" \/>\n<meta property=\"article:published_time\" content=\"2024-04-30T02:25:57+00:00\" \/>\n<meta property=\"og:image\" content=\"https:\/\/apuntesdesanluis.com\/wp-content\/uploads\/2024\/04\/FELIPE-PETINATTO.png\" \/>\n\t<meta property=\"og:image:width\" content=\"756\" \/>\n\t<meta property=\"og:image:height\" content=\"461\" \/>\n\t<meta property=\"og:image:type\" content=\"image\/png\" \/>\n<meta name=\"author\" content=\"apuntesdesanluis.com\" \/>\n<meta name=\"twitter:card\" content=\"summary_large_image\" \/>\n<meta name=\"twitter:label1\" content=\"Escrito por\" \/>\n\t<meta name=\"twitter:data1\" content=\"apuntesdesanluis.com\" \/>\n\t<meta name=\"twitter:label2\" content=\"Tiempo de lectura\" \/>\n\t<meta name=\"twitter:data2\" content=\"4 minutos\" \/>\n<script type=\"application\/ld+json\" class=\"yoast-schema-graph\">{\"@context\":\"https:\/\/schema.org\",\"@graph\":[{\"@type\":\"Article\",\"@id\":\"https:\/\/apuntesdesanluis.com\/index.php\/2024\/04\/29\/condenaron-a-felipe-pettinato-por-abuso-sexual-simple\/#article\",\"isPartOf\":{\"@id\":\"https:\/\/apuntesdesanluis.com\/index.php\/2024\/04\/29\/condenaron-a-felipe-pettinato-por-abuso-sexual-simple\/\"},\"author\":{\"name\":\"apuntesdesanluis.com\",\"@id\":\"https:\/\/apuntesdesanluis.com\/#\/schema\/person\/b55151d52296fcce64d1a72538a70b90\"},\"headline\":\"CONDENARON A FELIPE PETTINATO POR ABUSO SEXUAL SIMPLE\",\"datePublished\":\"2024-04-30T02:25:57+00:00\",\"mainEntityOfPage\":{\"@id\":\"https:\/\/apuntesdesanluis.com\/index.php\/2024\/04\/29\/condenaron-a-felipe-pettinato-por-abuso-sexual-simple\/\"},\"wordCount\":709,\"publisher\":{\"@id\":\"https:\/\/apuntesdesanluis.com\/#\/schema\/person\/b55151d52296fcce64d1a72538a70b90\"},\"image\":{\"@id\":\"https:\/\/apuntesdesanluis.com\/index.php\/2024\/04\/29\/condenaron-a-felipe-pettinato-por-abuso-sexual-simple\/#primaryimage\"},\"thumbnailUrl\":\"https:\/\/apuntesdesanluis.com\/wp-content\/uploads\/2024\/04\/FELIPE-PETINATTO.png\",\"articleSection\":[\"Nacionales\/Internacionales\"],\"inLanguage\":\"es-AR\"},{\"@type\":\"WebPage\",\"@id\":\"https:\/\/apuntesdesanluis.com\/index.php\/2024\/04\/29\/condenaron-a-felipe-pettinato-por-abuso-sexual-simple\/\",\"url\":\"https:\/\/apuntesdesanluis.com\/index.php\/2024\/04\/29\/condenaron-a-felipe-pettinato-por-abuso-sexual-simple\/\",\"name\":\"CONDENARON A FELIPE PETTINATO POR ABUSO SEXUAL SIMPLE - Apuntes de San Luis\",\"isPartOf\":{\"@id\":\"https:\/\/apuntesdesanluis.com\/#website\"},\"primaryImageOfPage\":{\"@id\":\"https:\/\/apuntesdesanluis.com\/index.php\/2024\/04\/29\/condenaron-a-felipe-pettinato-por-abuso-sexual-simple\/#primaryimage\"},\"image\":{\"@id\":\"https:\/\/apuntesdesanluis.com\/index.php\/2024\/04\/29\/condenaron-a-felipe-pettinato-por-abuso-sexual-simple\/#primaryimage\"},\"thumbnailUrl\":\"https:\/\/apuntesdesanluis.com\/wp-content\/uploads\/2024\/04\/FELIPE-PETINATTO.png\",\"datePublished\":\"2024-04-30T02:25:57+00:00\",\"breadcrumb\":{\"@id\":\"https:\/\/apuntesdesanluis.com\/index.php\/2024\/04\/29\/condenaron-a-felipe-pettinato-por-abuso-sexual-simple\/#breadcrumb\"},\"inLanguage\":\"es-AR\",\"potentialAction\":[{\"@type\":\"ReadAction\",\"target\":[\"https:\/\/apuntesdesanluis.com\/index.php\/2024\/04\/29\/condenaron-a-felipe-pettinato-por-abuso-sexual-simple\/\"]}]},{\"@type\":\"ImageObject\",\"inLanguage\":\"es-AR\",\"@id\":\"https:\/\/apuntesdesanluis.com\/index.php\/2024\/04\/29\/condenaron-a-felipe-pettinato-por-abuso-sexual-simple\/#primaryimage\",\"url\":\"https:\/\/apuntesdesanluis.com\/wp-content\/uploads\/2024\/04\/FELIPE-PETINATTO.png\",\"contentUrl\":\"https:\/\/apuntesdesanluis.com\/wp-content\/uploads\/2024\/04\/FELIPE-PETINATTO.png\",\"width\":756,\"height\":461},{\"@type\":\"BreadcrumbList\",\"@id\":\"https:\/\/apuntesdesanluis.com\/index.php\/2024\/04\/29\/condenaron-a-felipe-pettinato-por-abuso-sexual-simple\/#breadcrumb\",\"itemListElement\":[{\"@type\":\"ListItem\",\"position\":1,\"name\":\"Inicio\",\"item\":\"https:\/\/apuntesdesanluis.com\/\"},{\"@type\":\"ListItem\",\"position\":2,\"name\":\"CONDENARON A FELIPE PETTINATO POR ABUSO SEXUAL SIMPLE\"}]},{\"@type\":\"WebSite\",\"@id\":\"https:\/\/apuntesdesanluis.com\/#website\",\"url\":\"https:\/\/apuntesdesanluis.com\/\",\"name\":\"Apuntes de San Luis\",\"description\":\"\",\"publisher\":{\"@id\":\"https:\/\/apuntesdesanluis.com\/#\/schema\/person\/b55151d52296fcce64d1a72538a70b90\"},\"potentialAction\":[{\"@type\":\"SearchAction\",\"target\":{\"@type\":\"EntryPoint\",\"urlTemplate\":\"https:\/\/apuntesdesanluis.com\/?s={search_term_string}\"},\"query-input\":{\"@type\":\"PropertyValueSpecification\",\"valueRequired\":true,\"valueName\":\"search_term_string\"}}],\"inLanguage\":\"es-AR\"},{\"@type\":[\"Person\",\"Organization\"],\"@id\":\"https:\/\/apuntesdesanluis.com\/#\/schema\/person\/b55151d52296fcce64d1a72538a70b90\",\"name\":\"apuntesdesanluis.com\",\"image\":{\"@type\":\"ImageObject\",\"inLanguage\":\"es-AR\",\"@id\":\"https:\/\/apuntesdesanluis.com\/#\/schema\/person\/image\/\",\"url\":\"https:\/\/apuntesdesanluis.com\/wp-content\/uploads\/2023\/07\/cropped-apuntesdesanluis.png\",\"contentUrl\":\"https:\/\/apuntesdesanluis.com\/wp-content\/uploads\/2023\/07\/cropped-apuntesdesanluis.png\",\"width\":450,\"height\":112,\"caption\":\"apuntesdesanluis.com\"},\"logo\":{\"@id\":\"https:\/\/apuntesdesanluis.com\/#\/schema\/person\/image\/\"},\"sameAs\":[\"https:\/\/apuntesdesanluis.com\"],\"url\":\"https:\/\/apuntesdesanluis.com\/index.php\/author\/apuntesdesanluis-com\/\"}]}<\/script>\n<!-- \/ Yoast SEO plugin. -->","yoast_head_json":{"title":"CONDENARON A FELIPE PETTINATO POR ABUSO SEXUAL SIMPLE - Apuntes de San Luis","robots":{"index":"index","follow":"follow","max-snippet":"max-snippet:-1","max-image-preview":"max-image-preview:large","max-video-preview":"max-video-preview:-1"},"canonical":"https:\/\/apuntesdesanluis.com\/index.php\/2024\/04\/29\/condenaron-a-felipe-pettinato-por-abuso-sexual-simple\/","og_locale":"es_ES","og_type":"article","og_title":"CONDENARON A FELIPE PETTINATO POR ABUSO SEXUAL SIMPLE - Apuntes de San Luis","og_description":"Felipe Pettinato fue condenado este lunes por el delito de abuso sexual simple cometido contra...","og_url":"https:\/\/apuntesdesanluis.com\/index.php\/2024\/04\/29\/condenaron-a-felipe-pettinato-por-abuso-sexual-simple\/","og_site_name":"Apuntes de San Luis","article_published_time":"2024-04-30T02:25:57+00:00","og_image":[{"width":756,"height":461,"url":"https:\/\/apuntesdesanluis.com\/wp-content\/uploads\/2024\/04\/FELIPE-PETINATTO.png","type":"image\/png"}],"author":"apuntesdesanluis.com","twitter_card":"summary_large_image","twitter_misc":{"Escrito por":"apuntesdesanluis.com","Tiempo de lectura":"4 minutos"},"schema":{"@context":"https:\/\/schema.org","@graph":[{"@type":"Article","@id":"https:\/\/apuntesdesanluis.com\/index.php\/2024\/04\/29\/condenaron-a-felipe-pettinato-por-abuso-sexual-simple\/#article","isPartOf":{"@id":"https:\/\/apuntesdesanluis.com\/index.php\/2024\/04\/29\/condenaron-a-felipe-pettinato-por-abuso-sexual-simple\/"},"author":{"name":"apuntesdesanluis.com","@id":"https:\/\/apuntesdesanluis.com\/#\/schema\/person\/b55151d52296fcce64d1a72538a70b90"},"headline":"CONDENARON A FELIPE PETTINATO POR ABUSO SEXUAL SIMPLE","datePublished":"2024-04-30T02:25:57+00:00","mainEntityOfPage":{"@id":"https:\/\/apuntesdesanluis.com\/index.php\/2024\/04\/29\/condenaron-a-felipe-pettinato-por-abuso-sexual-simple\/"},"wordCount":709,"publisher":{"@id":"https:\/\/apuntesdesanluis.com\/#\/schema\/person\/b55151d52296fcce64d1a72538a70b90"},"image":{"@id":"https:\/\/apuntesdesanluis.com\/index.php\/2024\/04\/29\/condenaron-a-felipe-pettinato-por-abuso-sexual-simple\/#primaryimage"},"thumbnailUrl":"https:\/\/apuntesdesanluis.com\/wp-content\/uploads\/2024\/04\/FELIPE-PETINATTO.png","articleSection":["Nacionales\/Internacionales"],"inLanguage":"es-AR"},{"@type":"WebPage","@id":"https:\/\/apuntesdesanluis.com\/index.php\/2024\/04\/29\/condenaron-a-felipe-pettinato-por-abuso-sexual-simple\/","url":"https:\/\/apuntesdesanluis.com\/index.php\/2024\/04\/29\/condenaron-a-felipe-pettinato-por-abuso-sexual-simple\/","name":"CONDENARON A FELIPE PETTINATO POR ABUSO SEXUAL SIMPLE - Apuntes de San Luis","isPartOf":{"@id":"https:\/\/apuntesdesanluis.com\/#website"},"primaryImageOfPage":{"@id":"https:\/\/apuntesdesanluis.com\/index.php\/2024\/04\/29\/condenaron-a-felipe-pettinato-por-abuso-sexual-simple\/#primaryimage"},"image":{"@id":"https:\/\/apuntesdesanluis.com\/index.php\/2024\/04\/29\/condenaron-a-felipe-pettinato-por-abuso-sexual-simple\/#primaryimage"},"thumbnailUrl":"https:\/\/apuntesdesanluis.com\/wp-content\/uploads\/2024\/04\/FELIPE-PETINATTO.png","datePublished":"2024-04-30T02:25:57+00:00","breadcrumb":{"@id":"https:\/\/apuntesdesanluis.com\/index.php\/2024\/04\/29\/condenaron-a-felipe-pettinato-por-abuso-sexual-simple\/#breadcrumb"},"inLanguage":"es-AR","potentialAction":[{"@type":"ReadAction","target":["https:\/\/apuntesdesanluis.com\/index.php\/2024\/04\/29\/condenaron-a-felipe-pettinato-por-abuso-sexual-simple\/"]}]},{"@type":"ImageObject","inLanguage":"es-AR","@id":"https:\/\/apuntesdesanluis.com\/index.php\/2024\/04\/29\/condenaron-a-felipe-pettinato-por-abuso-sexual-simple\/#primaryimage","url":"https:\/\/apuntesdesanluis.com\/wp-content\/uploads\/2024\/04\/FELIPE-PETINATTO.png","contentUrl":"https:\/\/apuntesdesanluis.com\/wp-content\/uploads\/2024\/04\/FELIPE-PETINATTO.png","width":756,"height":461},{"@type":"BreadcrumbList","@id":"https:\/\/apuntesdesanluis.com\/index.php\/2024\/04\/29\/condenaron-a-felipe-pettinato-por-abuso-sexual-simple\/#breadcrumb","itemListElement":[{"@type":"ListItem","position":1,"name":"Inicio","item":"https:\/\/apuntesdesanluis.com\/"},{"@type":"ListItem","position":2,"name":"CONDENARON A FELIPE PETTINATO POR ABUSO SEXUAL SIMPLE"}]},{"@type":"WebSite","@id":"https:\/\/apuntesdesanluis.com\/#website","url":"https:\/\/apuntesdesanluis.com\/","name":"Apuntes de San Luis","description":"","publisher":{"@id":"https:\/\/apuntesdesanluis.com\/#\/schema\/person\/b55151d52296fcce64d1a72538a70b90"},"potentialAction":[{"@type":"SearchAction","target":{"@type":"EntryPoint","urlTemplate":"https:\/\/apuntesdesanluis.com\/?s={search_term_string}"},"query-input":{"@type":"PropertyValueSpecification","valueRequired":true,"valueName":"search_term_string"}}],"inLanguage":"es-AR"},{"@type":["Person","Organization"],"@id":"https:\/\/apuntesdesanluis.com\/#\/schema\/person\/b55151d52296fcce64d1a72538a70b90","name":"apuntesdesanluis.com","image":{"@type":"ImageObject","inLanguage":"es-AR","@id":"https:\/\/apuntesdesanluis.com\/#\/schema\/person\/image\/","url":"https:\/\/apuntesdesanluis.com\/wp-content\/uploads\/2023\/07\/cropped-apuntesdesanluis.png","contentUrl":"https:\/\/apuntesdesanluis.com\/wp-content\/uploads\/2023\/07\/cropped-apuntesdesanluis.png","width":450,"height":112,"caption":"apuntesdesanluis.com"},"logo":{"@id":"https:\/\/apuntesdesanluis.com\/#\/schema\/person\/image\/"},"sameAs":["https:\/\/apuntesdesanluis.com"],"url":"https:\/\/apuntesdesanluis.com\/index.php\/author\/apuntesdesanluis-com\/"}]}},"featured_image_urls":{"full":["https:\/\/apuntesdesanluis.com\/wp-content\/uploads\/2024\/04\/FELIPE-PETINATTO.png",756,461,false],"thumbnail":["https:\/\/apuntesdesanluis.com\/wp-content\/uploads\/2024\/04\/FELIPE-PETINATTO-150x150.png",150,150,true],"medium":["https:\/\/apuntesdesanluis.com\/wp-content\/uploads\/2024\/04\/FELIPE-PETINATTO-300x183.png",300,183,true],"medium_large":["https:\/\/apuntesdesanluis.com\/wp-content\/uploads\/2024\/04\/FELIPE-PETINATTO.png",640,390,false],"large":["https:\/\/apuntesdesanluis.com\/wp-content\/uploads\/2024\/04\/FELIPE-PETINATTO.png",640,390,false],"1536x1536":["https:\/\/apuntesdesanluis.com\/wp-content\/uploads\/2024\/04\/FELIPE-PETINATTO.png",756,461,false],"2048x2048":["https:\/\/apuntesdesanluis.com\/wp-content\/uploads\/2024\/04\/FELIPE-PETINATTO.png",756,461,false],"newsever-slider-full":["https:\/\/apuntesdesanluis.com\/wp-content\/uploads\/2024\/04\/FELIPE-PETINATTO.png",756,461,false],"newsever-featured":["https:\/\/apuntesdesanluis.com\/wp-content\/uploads\/2024\/04\/FELIPE-PETINATTO.png",756,461,false],"newsever-medium":["https:\/\/apuntesdesanluis.com\/wp-content\/uploads\/2024\/04\/FELIPE-PETINATTO-720x461.png",720,461,true]},"author_info":{"display_name":"apuntesdesanluis.com","author_link":"https:\/\/apuntesdesanluis.com\/index.php\/author\/apuntesdesanluis-com\/"},"category_info":"<a href=\"https:\/\/apuntesdesanluis.com\/index.php\/category\/nacionales-internacionales\/\" rel=\"category tag\">Nacionales\/Internacionales<\/a>","tag_info":"Nacionales\/Internacionales","comment_count":"0","_links":{"self":[{"href":"https:\/\/apuntesdesanluis.com\/index.php\/wp-json\/wp\/v2\/posts\/15520","targetHints":{"allow":["GET"]}}],"collection":[{"href":"https:\/\/apuntesdesanluis.com\/index.php\/wp-json\/wp\/v2\/posts"}],"about":[{"href":"https:\/\/apuntesdesanluis.com\/index.php\/wp-json\/wp\/v2\/types\/post"}],"author":[{"embeddable":true,"href":"https:\/\/apuntesdesanluis.com\/index.php\/wp-json\/wp\/v2\/users\/1"}],"replies":[{"embeddable":true,"href":"https:\/\/apuntesdesanluis.com\/index.php\/wp-json\/wp\/v2\/comments?post=15520"}],"version-history":[{"count":1,"href":"https:\/\/apuntesdesanluis.com\/index.php\/wp-json\/wp\/v2\/posts\/15520\/revisions"}],"predecessor-version":[{"id":15522,"href":"https:\/\/apuntesdesanluis.com\/index.php\/wp-json\/wp\/v2\/posts\/15520\/revisions\/15522"}],"wp:featuredmedia":[{"embeddable":true,"href":"https:\/\/apuntesdesanluis.com\/index.php\/wp-json\/wp\/v2\/media\/15521"}],"wp:attachment":[{"href":"https:\/\/apuntesdesanluis.com\/index.php\/wp-json\/wp\/v2\/media?parent=15520"}],"wp:term":[{"taxonomy":"category","embeddable":true,"href":"https:\/\/apuntesdesanluis.com\/index.php\/wp-json\/wp\/v2\/categories?post=15520"},{"taxonomy":"post_tag","embeddable":true,"href":"https:\/\/apuntesdesanluis.com\/index.php\/wp-json\/wp\/v2\/tags?post=15520"}],"curies":[{"name":"wp","href":"https:\/\/api.w.org\/{rel}","templated":true}]}}