{"id":15523,"date":"2024-04-29T23:32:08","date_gmt":"2024-04-30T02:32:08","guid":{"rendered":"https:\/\/apuntesdesanluis.com\/?p=15523"},"modified":"2024-04-29T23:32:08","modified_gmt":"2024-04-30T02:32:08","slug":"el-gobierno-aprobo-la-compra-de-24-aeronaves-f-16-a-dinamarca-por-301-millones-de-dolares","status":"publish","type":"post","link":"https:\/\/apuntesdesanluis.com\/index.php\/2024\/04\/29\/el-gobierno-aprobo-la-compra-de-24-aeronaves-f-16-a-dinamarca-por-301-millones-de-dolares\/","title":{"rendered":"EL GOBIERNO APROB\u00d3 LA COMPRA DE 24 AERONAVES F-16 A DINAMARCA POR 301 MILLONES DE D\u00d3LARES"},"content":{"rendered":"<h3>El Gobierno nacional aprob\u00f3 hoy la compra por m\u00e1s de 300 millones de d\u00f3lares de los 24 aviones del Sistema Armas F-16 a Dinamarca. La adquisici\u00f3n hab\u00eda sido anunciada por el Ministro de Defensa, Luis Petri, el pasado 16 abril, en una comunicaci\u00f3n virtual con el presidente Javier Milei.<\/h3>\n<h3>&#8220;Apru\u00e9base el gasto derivado del Contrato entre el Ministerio de Defensa y la Organizaci\u00f3n de Adquisiciones y Log\u00edstica del Ministerio de Defensa dan\u00e9s para la adquisici\u00f3n del Sistema de Armas F-16, el que incluye diecis\u00e9is (16) aeronaves Monoplazas, ocho (8) aeronaves Biplazas, componentes y servicios&#8221;, indica la Decisi\u00f3n Administrativa 252\/2024, publicada este lunes 29 de abril en el Bolet\u00edn Oficial.<\/h3>\n<h3>Adem\u00e1s, la resoluci\u00f3n firmada por Petri y el Jefe de Gabinete, Nicol\u00e1s Posse, precisa que el monto total de USD 301.200.000 se pagar\u00e1 en cinco cuotas anuales.<\/h3>\n<h3>La compra de las aeronaves se enmarca en el proyecto BAPIN N\u00ba 107.799 para la incorporaci\u00f3n de aviones caza multirol, y desde el Gobierno explicaron que la Argentina lo requiere por &#8220;la gran extensi\u00f3n territorial y litoral mar\u00edtimo un Sistema de Defensa Nacional con capacidad de reacci\u00f3n inmediata y alcance suficiente para la reacci\u00f3n ante amenazas que se desplacen por el aeroespacio&#8221;.<\/h3>\n<p><img fetchpriority=\"high\" decoding=\"async\" class=\"wp-image-15525 aligncenter\" src=\"https:\/\/apuntesdesanluis.com\/wp-content\/uploads\/2024\/04\/avion-300x150.png\" alt=\"\" width=\"632\" height=\"316\" srcset=\"https:\/\/apuntesdesanluis.com\/wp-content\/uploads\/2024\/04\/avion-300x150.png 300w, https:\/\/apuntesdesanluis.com\/wp-content\/uploads\/2024\/04\/avion.png 667w\" sizes=\"(max-width: 632px) 100vw, 632px\" \/><\/p>\n<h3>\u201cLa Fuerza A\u00e9rea Argentina ha realizado un proceso de an\u00e1lisis y selecci\u00f3n de diferentes aeronaves y concluy\u00f3 que el Sistema de Armas F-16, Fighting Falcon, y la propuesta formulada por el organismo competente del Reino de Dinamarca constituyen la mejor soluci\u00f3n para el Instrumento Militar Argentino\u201d, a\u00f1adieron.<\/h3>\n<h3>Tambi\u00e9n se inform\u00f3 que el gasto de los m\u00e1s de 300 millones de d\u00f3lares \u201cse imputar\u00e1 a la Jurisdicci\u00f3n 45 &#8211; Ministerio de Defensa, Subjurisdicci\u00f3n 23 -Estado Mayor General de la Fuerza \u00c1rea\u201d y tomaron intervenci\u00f3n los organismos t\u00e9cnicos competentes del Ministerio de Relaciones Exteriores y del Ministerio de Econom\u00eda.<\/h3>\n<h3>&#8220;Estamos concretando la adquisici\u00f3n aeron\u00e1utica militar m\u00e1s importante desde 1983. Se trata de 24 aviones F-16 que han sido modernizados y equipados con la mejor tecnolog\u00eda&#8221;, hab\u00eda manifestado Luis Petri durante su discurso en Dinamarca junto a autoridades militares y de Gobierno de ese pa\u00eds.<\/h3>\n<h3>\u201cCon estos nuevos aviones estamos dando un paso trascendental en nuestra pol\u00edtica de defensa, recuperando la capacidad supers\u00f3nica de nuestra aviaci\u00f3n y logrando el ingreso definitivo de nuestra Fuerza A\u00e9rea a los desaf\u00edos tecnol\u00f3gicos del Siglo XXI\u201d, asegur\u00f3.<\/h3>\n<h3>La decisi\u00f3n de la Administraci\u00f3n de La Libertad Avanza se encolumna en su postura geopol\u00edtica de alinearse a Estados Unidos, anunciada en distintas oportunidades por Milei desde su campa\u00f1a electoral. En distintas reuniones con funcionarios del Gobierno de Estados Unidos, como el secretario de Estado, Antony Blinken, le se\u00f1al\u00f3 su preocupaci\u00f3n por China y su &#8220;ofensiva&#8221; en Am\u00e9rica Latina.<\/h3>\n<h3>En esa l\u00ednea, sugirieron que Milei desestime la oferta de Beijing de 34 aviones de guerra F17 y se ofreci\u00f3 la compra de la naves en posesi\u00f3n de Dinamarca m\u00e1s un subsidio de 40 millones de d\u00f3lares -para reforzar la seguridad nacional del pa\u00eds- luego de que Petri volar\u00e1 a B\u00e9lgica para pedir la incorporaci\u00f3n de Argentina como \u201csocio global\u201d a la OTAN (Organizaci\u00f3n del Tratado del Atl\u00e1ntico Norte).<\/h3>\n<h3>El sistema de Armas Caza Multirol incluye aeronaves, armamento, paquete log\u00edstico, capacitaci\u00f3n y formaci\u00f3n de personal. Por contrato, se determin\u00f3 que la soluci\u00f3n de controversias se har\u00e1 a trav\u00e9s de una comunicaci\u00f3n cordial entre naciones, y en una segunda instancia, con la mediaci\u00f3n del Instituto Dan\u00e9s de Arbitraje.<\/h3>\n<h3>Las aeronaves pueden volar m\u00e1s de 860 kil\u00f3metros, a trav\u00e9s de un sistema de control de vuelo fly-by-wire, mejor conocido como \u201cpilotaje por mandos electr\u00f3nicos\u201d, y cuentan con sistemas de posicionamiento global de alta precisi\u00f3n y sistemas de navegaci\u00f3n inercial.<\/h3>\n<h3>Los aviones de origen norteamericano, dise\u00f1ados en la d\u00e9cada de 1970, tienen 9,8 metros de ancho, una longitud de 14,8 metros y una altura de 4,8 metros. Pesan 8.936 kilogramos y alcanzan una velocidad de 1500 mph (Mach 2 en altitud).<\/h3>\n<p>&nbsp;<\/p>\n<p>&nbsp;<\/p>\n<p>&nbsp;<\/p>\n<p>&nbsp;<\/p>\n<p>&nbsp;<\/p>\n<p>&nbsp;<\/p>\n","protected":false},"excerpt":{"rendered":"<p>El Gobierno nacional aprob\u00f3 hoy la compra por m\u00e1s de 300 millones de d\u00f3lares de&#8230;<\/p>\n","protected":false},"author":1,"featured_media":15524,"comment_status":"closed","ping_status":"closed","sticky":false,"template":"","format":"standard","meta":{"footnotes":""},"categories":[5],"tags":[],"class_list":["post-15523","post","type-post","status-publish","format-standard","has-post-thumbnail","hentry","category-nacionales-internacionales"],"yoast_head":"<!-- This site is optimized with the Yoast SEO plugin v26.1.1 - https:\/\/yoast.com\/wordpress\/plugins\/seo\/ -->\n<title>EL GOBIERNO APROB\u00d3 LA COMPRA DE 24 AERONAVES F-16 A DINAMARCA POR 301 MILLONES DE D\u00d3LARES - Apuntes de San Luis<\/title>\n<meta name=\"robots\" content=\"index, follow, max-snippet:-1, max-image-preview:large, max-video-preview:-1\" \/>\n<link rel=\"canonical\" href=\"https:\/\/apuntesdesanluis.com\/index.php\/2024\/04\/29\/el-gobierno-aprobo-la-compra-de-24-aeronaves-f-16-a-dinamarca-por-301-millones-de-dolares\/\" \/>\n<meta property=\"og:locale\" content=\"es_ES\" \/>\n<meta property=\"og:type\" content=\"article\" \/>\n<meta property=\"og:title\" content=\"EL GOBIERNO APROB\u00d3 LA COMPRA DE 24 AERONAVES F-16 A DINAMARCA POR 301 MILLONES DE D\u00d3LARES - Apuntes de San Luis\" \/>\n<meta property=\"og:description\" content=\"El Gobierno nacional aprob\u00f3 hoy la compra por m\u00e1s de 300 millones de d\u00f3lares de...\" \/>\n<meta property=\"og:url\" content=\"https:\/\/apuntesdesanluis.com\/index.php\/2024\/04\/29\/el-gobierno-aprobo-la-compra-de-24-aeronaves-f-16-a-dinamarca-por-301-millones-de-dolares\/\" \/>\n<meta property=\"og:site_name\" content=\"Apuntes de San Luis\" \/>\n<meta property=\"article:published_time\" content=\"2024-04-30T02:32:08+00:00\" \/>\n<meta property=\"og:image\" content=\"https:\/\/apuntesdesanluis.com\/wp-content\/uploads\/2024\/04\/compra-aviones.png\" \/>\n\t<meta property=\"og:image:width\" content=\"624\" \/>\n\t<meta property=\"og:image:height\" content=\"361\" \/>\n\t<meta property=\"og:image:type\" content=\"image\/png\" \/>\n<meta name=\"author\" content=\"apuntesdesanluis.com\" \/>\n<meta name=\"twitter:card\" content=\"summary_large_image\" \/>\n<meta name=\"twitter:label1\" content=\"Escrito por\" \/>\n\t<meta name=\"twitter:data1\" content=\"apuntesdesanluis.com\" \/>\n\t<meta name=\"twitter:label2\" content=\"Tiempo de lectura\" \/>\n\t<meta name=\"twitter:data2\" content=\"4 minutos\" \/>\n<script type=\"application\/ld+json\" class=\"yoast-schema-graph\">{\"@context\":\"https:\/\/schema.org\",\"@graph\":[{\"@type\":\"Article\",\"@id\":\"https:\/\/apuntesdesanluis.com\/index.php\/2024\/04\/29\/el-gobierno-aprobo-la-compra-de-24-aeronaves-f-16-a-dinamarca-por-301-millones-de-dolares\/#article\",\"isPartOf\":{\"@id\":\"https:\/\/apuntesdesanluis.com\/index.php\/2024\/04\/29\/el-gobierno-aprobo-la-compra-de-24-aeronaves-f-16-a-dinamarca-por-301-millones-de-dolares\/\"},\"author\":{\"name\":\"apuntesdesanluis.com\",\"@id\":\"https:\/\/apuntesdesanluis.com\/#\/schema\/person\/b55151d52296fcce64d1a72538a70b90\"},\"headline\":\"EL GOBIERNO APROB\u00d3 LA COMPRA DE 24 AERONAVES F-16 A DINAMARCA POR 301 MILLONES DE D\u00d3LARES\",\"datePublished\":\"2024-04-30T02:32:08+00:00\",\"mainEntityOfPage\":{\"@id\":\"https:\/\/apuntesdesanluis.com\/index.php\/2024\/04\/29\/el-gobierno-aprobo-la-compra-de-24-aeronaves-f-16-a-dinamarca-por-301-millones-de-dolares\/\"},\"wordCount\":710,\"publisher\":{\"@id\":\"https:\/\/apuntesdesanluis.com\/#\/schema\/person\/b55151d52296fcce64d1a72538a70b90\"},\"image\":{\"@id\":\"https:\/\/apuntesdesanluis.com\/index.php\/2024\/04\/29\/el-gobierno-aprobo-la-compra-de-24-aeronaves-f-16-a-dinamarca-por-301-millones-de-dolares\/#primaryimage\"},\"thumbnailUrl\":\"https:\/\/apuntesdesanluis.com\/wp-content\/uploads\/2024\/04\/compra-aviones.png\",\"articleSection\":[\"Nacionales\/Internacionales\"],\"inLanguage\":\"es-AR\"},{\"@type\":\"WebPage\",\"@id\":\"https:\/\/apuntesdesanluis.com\/index.php\/2024\/04\/29\/el-gobierno-aprobo-la-compra-de-24-aeronaves-f-16-a-dinamarca-por-301-millones-de-dolares\/\",\"url\":\"https:\/\/apuntesdesanluis.com\/index.php\/2024\/04\/29\/el-gobierno-aprobo-la-compra-de-24-aeronaves-f-16-a-dinamarca-por-301-millones-de-dolares\/\",\"name\":\"EL GOBIERNO APROB\u00d3 LA COMPRA DE 24 AERONAVES F-16 A DINAMARCA POR 301 MILLONES DE D\u00d3LARES - Apuntes de San Luis\",\"isPartOf\":{\"@id\":\"https:\/\/apuntesdesanluis.com\/#website\"},\"primaryImageOfPage\":{\"@id\":\"https:\/\/apuntesdesanluis.com\/index.php\/2024\/04\/29\/el-gobierno-aprobo-la-compra-de-24-aeronaves-f-16-a-dinamarca-por-301-millones-de-dolares\/#primaryimage\"},\"image\":{\"@id\":\"https:\/\/apuntesdesanluis.com\/index.php\/2024\/04\/29\/el-gobierno-aprobo-la-compra-de-24-aeronaves-f-16-a-dinamarca-por-301-millones-de-dolares\/#primaryimage\"},\"thumbnailUrl\":\"https:\/\/apuntesdesanluis.com\/wp-content\/uploads\/2024\/04\/compra-aviones.png\",\"datePublished\":\"2024-04-30T02:32:08+00:00\",\"breadcrumb\":{\"@id\":\"https:\/\/apuntesdesanluis.com\/index.php\/2024\/04\/29\/el-gobierno-aprobo-la-compra-de-24-aeronaves-f-16-a-dinamarca-por-301-millones-de-dolares\/#breadcrumb\"},\"inLanguage\":\"es-AR\",\"potentialAction\":[{\"@type\":\"ReadAction\",\"target\":[\"https:\/\/apuntesdesanluis.com\/index.php\/2024\/04\/29\/el-gobierno-aprobo-la-compra-de-24-aeronaves-f-16-a-dinamarca-por-301-millones-de-dolares\/\"]}]},{\"@type\":\"ImageObject\",\"inLanguage\":\"es-AR\",\"@id\":\"https:\/\/apuntesdesanluis.com\/index.php\/2024\/04\/29\/el-gobierno-aprobo-la-compra-de-24-aeronaves-f-16-a-dinamarca-por-301-millones-de-dolares\/#primaryimage\",\"url\":\"https:\/\/apuntesdesanluis.com\/wp-content\/uploads\/2024\/04\/compra-aviones.png\",\"contentUrl\":\"https:\/\/apuntesdesanluis.com\/wp-content\/uploads\/2024\/04\/compra-aviones.png\",\"width\":624,\"height\":361},{\"@type\":\"BreadcrumbList\",\"@id\":\"https:\/\/apuntesdesanluis.com\/index.php\/2024\/04\/29\/el-gobierno-aprobo-la-compra-de-24-aeronaves-f-16-a-dinamarca-por-301-millones-de-dolares\/#breadcrumb\",\"itemListElement\":[{\"@type\":\"ListItem\",\"position\":1,\"name\":\"Inicio\",\"item\":\"https:\/\/apuntesdesanluis.com\/\"},{\"@type\":\"ListItem\",\"position\":2,\"name\":\"EL GOBIERNO APROB\u00d3 LA COMPRA DE 24 AERONAVES F-16 A DINAMARCA POR 301 MILLONES DE D\u00d3LARES\"}]},{\"@type\":\"WebSite\",\"@id\":\"https:\/\/apuntesdesanluis.com\/#website\",\"url\":\"https:\/\/apuntesdesanluis.com\/\",\"name\":\"Apuntes de San Luis\",\"description\":\"\",\"publisher\":{\"@id\":\"https:\/\/apuntesdesanluis.com\/#\/schema\/person\/b55151d52296fcce64d1a72538a70b90\"},\"potentialAction\":[{\"@type\":\"SearchAction\",\"target\":{\"@type\":\"EntryPoint\",\"urlTemplate\":\"https:\/\/apuntesdesanluis.com\/?s={search_term_string}\"},\"query-input\":{\"@type\":\"PropertyValueSpecification\",\"valueRequired\":true,\"valueName\":\"search_term_string\"}}],\"inLanguage\":\"es-AR\"},{\"@type\":[\"Person\",\"Organization\"],\"@id\":\"https:\/\/apuntesdesanluis.com\/#\/schema\/person\/b55151d52296fcce64d1a72538a70b90\",\"name\":\"apuntesdesanluis.com\",\"image\":{\"@type\":\"ImageObject\",\"inLanguage\":\"es-AR\",\"@id\":\"https:\/\/apuntesdesanluis.com\/#\/schema\/person\/image\/\",\"url\":\"https:\/\/apuntesdesanluis.com\/wp-content\/uploads\/2023\/07\/cropped-apuntesdesanluis.png\",\"contentUrl\":\"https:\/\/apuntesdesanluis.com\/wp-content\/uploads\/2023\/07\/cropped-apuntesdesanluis.png\",\"width\":450,\"height\":112,\"caption\":\"apuntesdesanluis.com\"},\"logo\":{\"@id\":\"https:\/\/apuntesdesanluis.com\/#\/schema\/person\/image\/\"},\"sameAs\":[\"https:\/\/apuntesdesanluis.com\"],\"url\":\"https:\/\/apuntesdesanluis.com\/index.php\/author\/apuntesdesanluis-com\/\"}]}<\/script>\n<!-- \/ Yoast SEO plugin. -->","yoast_head_json":{"title":"EL GOBIERNO APROB\u00d3 LA COMPRA DE 24 AERONAVES F-16 A DINAMARCA POR 301 MILLONES DE D\u00d3LARES - Apuntes de San Luis","robots":{"index":"index","follow":"follow","max-snippet":"max-snippet:-1","max-image-preview":"max-image-preview:large","max-video-preview":"max-video-preview:-1"},"canonical":"https:\/\/apuntesdesanluis.com\/index.php\/2024\/04\/29\/el-gobierno-aprobo-la-compra-de-24-aeronaves-f-16-a-dinamarca-por-301-millones-de-dolares\/","og_locale":"es_ES","og_type":"article","og_title":"EL GOBIERNO APROB\u00d3 LA COMPRA DE 24 AERONAVES F-16 A DINAMARCA POR 301 MILLONES DE D\u00d3LARES - Apuntes de San Luis","og_description":"El Gobierno nacional aprob\u00f3 hoy la compra por m\u00e1s de 300 millones de d\u00f3lares de...","og_url":"https:\/\/apuntesdesanluis.com\/index.php\/2024\/04\/29\/el-gobierno-aprobo-la-compra-de-24-aeronaves-f-16-a-dinamarca-por-301-millones-de-dolares\/","og_site_name":"Apuntes de San Luis","article_published_time":"2024-04-30T02:32:08+00:00","og_image":[{"width":624,"height":361,"url":"https:\/\/apuntesdesanluis.com\/wp-content\/uploads\/2024\/04\/compra-aviones.png","type":"image\/png"}],"author":"apuntesdesanluis.com","twitter_card":"summary_large_image","twitter_misc":{"Escrito por":"apuntesdesanluis.com","Tiempo de lectura":"4 minutos"},"schema":{"@context":"https:\/\/schema.org","@graph":[{"@type":"Article","@id":"https:\/\/apuntesdesanluis.com\/index.php\/2024\/04\/29\/el-gobierno-aprobo-la-compra-de-24-aeronaves-f-16-a-dinamarca-por-301-millones-de-dolares\/#article","isPartOf":{"@id":"https:\/\/apuntesdesanluis.com\/index.php\/2024\/04\/29\/el-gobierno-aprobo-la-compra-de-24-aeronaves-f-16-a-dinamarca-por-301-millones-de-dolares\/"},"author":{"name":"apuntesdesanluis.com","@id":"https:\/\/apuntesdesanluis.com\/#\/schema\/person\/b55151d52296fcce64d1a72538a70b90"},"headline":"EL GOBIERNO APROB\u00d3 LA COMPRA DE 24 AERONAVES F-16 A DINAMARCA POR 301 MILLONES DE D\u00d3LARES","datePublished":"2024-04-30T02:32:08+00:00","mainEntityOfPage":{"@id":"https:\/\/apuntesdesanluis.com\/index.php\/2024\/04\/29\/el-gobierno-aprobo-la-compra-de-24-aeronaves-f-16-a-dinamarca-por-301-millones-de-dolares\/"},"wordCount":710,"publisher":{"@id":"https:\/\/apuntesdesanluis.com\/#\/schema\/person\/b55151d52296fcce64d1a72538a70b90"},"image":{"@id":"https:\/\/apuntesdesanluis.com\/index.php\/2024\/04\/29\/el-gobierno-aprobo-la-compra-de-24-aeronaves-f-16-a-dinamarca-por-301-millones-de-dolares\/#primaryimage"},"thumbnailUrl":"https:\/\/apuntesdesanluis.com\/wp-content\/uploads\/2024\/04\/compra-aviones.png","articleSection":["Nacionales\/Internacionales"],"inLanguage":"es-AR"},{"@type":"WebPage","@id":"https:\/\/apuntesdesanluis.com\/index.php\/2024\/04\/29\/el-gobierno-aprobo-la-compra-de-24-aeronaves-f-16-a-dinamarca-por-301-millones-de-dolares\/","url":"https:\/\/apuntesdesanluis.com\/index.php\/2024\/04\/29\/el-gobierno-aprobo-la-compra-de-24-aeronaves-f-16-a-dinamarca-por-301-millones-de-dolares\/","name":"EL GOBIERNO APROB\u00d3 LA COMPRA DE 24 AERONAVES F-16 A DINAMARCA POR 301 MILLONES DE D\u00d3LARES - Apuntes de San Luis","isPartOf":{"@id":"https:\/\/apuntesdesanluis.com\/#website"},"primaryImageOfPage":{"@id":"https:\/\/apuntesdesanluis.com\/index.php\/2024\/04\/29\/el-gobierno-aprobo-la-compra-de-24-aeronaves-f-16-a-dinamarca-por-301-millones-de-dolares\/#primaryimage"},"image":{"@id":"https:\/\/apuntesdesanluis.com\/index.php\/2024\/04\/29\/el-gobierno-aprobo-la-compra-de-24-aeronaves-f-16-a-dinamarca-por-301-millones-de-dolares\/#primaryimage"},"thumbnailUrl":"https:\/\/apuntesdesanluis.com\/wp-content\/uploads\/2024\/04\/compra-aviones.png","datePublished":"2024-04-30T02:32:08+00:00","breadcrumb":{"@id":"https:\/\/apuntesdesanluis.com\/index.php\/2024\/04\/29\/el-gobierno-aprobo-la-compra-de-24-aeronaves-f-16-a-dinamarca-por-301-millones-de-dolares\/#breadcrumb"},"inLanguage":"es-AR","potentialAction":[{"@type":"ReadAction","target":["https:\/\/apuntesdesanluis.com\/index.php\/2024\/04\/29\/el-gobierno-aprobo-la-compra-de-24-aeronaves-f-16-a-dinamarca-por-301-millones-de-dolares\/"]}]},{"@type":"ImageObject","inLanguage":"es-AR","@id":"https:\/\/apuntesdesanluis.com\/index.php\/2024\/04\/29\/el-gobierno-aprobo-la-compra-de-24-aeronaves-f-16-a-dinamarca-por-301-millones-de-dolares\/#primaryimage","url":"https:\/\/apuntesdesanluis.com\/wp-content\/uploads\/2024\/04\/compra-aviones.png","contentUrl":"https:\/\/apuntesdesanluis.com\/wp-content\/uploads\/2024\/04\/compra-aviones.png","width":624,"height":361},{"@type":"BreadcrumbList","@id":"https:\/\/apuntesdesanluis.com\/index.php\/2024\/04\/29\/el-gobierno-aprobo-la-compra-de-24-aeronaves-f-16-a-dinamarca-por-301-millones-de-dolares\/#breadcrumb","itemListElement":[{"@type":"ListItem","position":1,"name":"Inicio","item":"https:\/\/apuntesdesanluis.com\/"},{"@type":"ListItem","position":2,"name":"EL GOBIERNO APROB\u00d3 LA COMPRA DE 24 AERONAVES F-16 A DINAMARCA POR 301 MILLONES DE D\u00d3LARES"}]},{"@type":"WebSite","@id":"https:\/\/apuntesdesanluis.com\/#website","url":"https:\/\/apuntesdesanluis.com\/","name":"Apuntes de San Luis","description":"","publisher":{"@id":"https:\/\/apuntesdesanluis.com\/#\/schema\/person\/b55151d52296fcce64d1a72538a70b90"},"potentialAction":[{"@type":"SearchAction","target":{"@type":"EntryPoint","urlTemplate":"https:\/\/apuntesdesanluis.com\/?s={search_term_string}"},"query-input":{"@type":"PropertyValueSpecification","valueRequired":true,"valueName":"search_term_string"}}],"inLanguage":"es-AR"},{"@type":["Person","Organization"],"@id":"https:\/\/apuntesdesanluis.com\/#\/schema\/person\/b55151d52296fcce64d1a72538a70b90","name":"apuntesdesanluis.com","image":{"@type":"ImageObject","inLanguage":"es-AR","@id":"https:\/\/apuntesdesanluis.com\/#\/schema\/person\/image\/","url":"https:\/\/apuntesdesanluis.com\/wp-content\/uploads\/2023\/07\/cropped-apuntesdesanluis.png","contentUrl":"https:\/\/apuntesdesanluis.com\/wp-content\/uploads\/2023\/07\/cropped-apuntesdesanluis.png","width":450,"height":112,"caption":"apuntesdesanluis.com"},"logo":{"@id":"https:\/\/apuntesdesanluis.com\/#\/schema\/person\/image\/"},"sameAs":["https:\/\/apuntesdesanluis.com"],"url":"https:\/\/apuntesdesanluis.com\/index.php\/author\/apuntesdesanluis-com\/"}]}},"featured_image_urls":{"full":["https:\/\/apuntesdesanluis.com\/wp-content\/uploads\/2024\/04\/compra-aviones.png",624,361,false],"thumbnail":["https:\/\/apuntesdesanluis.com\/wp-content\/uploads\/2024\/04\/compra-aviones-150x150.png",150,150,true],"medium":["https:\/\/apuntesdesanluis.com\/wp-content\/uploads\/2024\/04\/compra-aviones-300x174.png",300,174,true],"medium_large":["https:\/\/apuntesdesanluis.com\/wp-content\/uploads\/2024\/04\/compra-aviones.png",624,361,false],"large":["https:\/\/apuntesdesanluis.com\/wp-content\/uploads\/2024\/04\/compra-aviones.png",624,361,false],"1536x1536":["https:\/\/apuntesdesanluis.com\/wp-content\/uploads\/2024\/04\/compra-aviones.png",624,361,false],"2048x2048":["https:\/\/apuntesdesanluis.com\/wp-content\/uploads\/2024\/04\/compra-aviones.png",624,361,false],"newsever-slider-full":["https:\/\/apuntesdesanluis.com\/wp-content\/uploads\/2024\/04\/compra-aviones.png",624,361,false],"newsever-featured":["https:\/\/apuntesdesanluis.com\/wp-content\/uploads\/2024\/04\/compra-aviones.png",624,361,false],"newsever-medium":["https:\/\/apuntesdesanluis.com\/wp-content\/uploads\/2024\/04\/compra-aviones.png",624,361,false]},"author_info":{"display_name":"apuntesdesanluis.com","author_link":"https:\/\/apuntesdesanluis.com\/index.php\/author\/apuntesdesanluis-com\/"},"category_info":"<a href=\"https:\/\/apuntesdesanluis.com\/index.php\/category\/nacionales-internacionales\/\" rel=\"category tag\">Nacionales\/Internacionales<\/a>","tag_info":"Nacionales\/Internacionales","comment_count":"0","_links":{"self":[{"href":"https:\/\/apuntesdesanluis.com\/index.php\/wp-json\/wp\/v2\/posts\/15523","targetHints":{"allow":["GET"]}}],"collection":[{"href":"https:\/\/apuntesdesanluis.com\/index.php\/wp-json\/wp\/v2\/posts"}],"about":[{"href":"https:\/\/apuntesdesanluis.com\/index.php\/wp-json\/wp\/v2\/types\/post"}],"author":[{"embeddable":true,"href":"https:\/\/apuntesdesanluis.com\/index.php\/wp-json\/wp\/v2\/users\/1"}],"replies":[{"embeddable":true,"href":"https:\/\/apuntesdesanluis.com\/index.php\/wp-json\/wp\/v2\/comments?post=15523"}],"version-history":[{"count":2,"href":"https:\/\/apuntesdesanluis.com\/index.php\/wp-json\/wp\/v2\/posts\/15523\/revisions"}],"predecessor-version":[{"id":15527,"href":"https:\/\/apuntesdesanluis.com\/index.php\/wp-json\/wp\/v2\/posts\/15523\/revisions\/15527"}],"wp:featuredmedia":[{"embeddable":true,"href":"https:\/\/apuntesdesanluis.com\/index.php\/wp-json\/wp\/v2\/media\/15524"}],"wp:attachment":[{"href":"https:\/\/apuntesdesanluis.com\/index.php\/wp-json\/wp\/v2\/media?parent=15523"}],"wp:term":[{"taxonomy":"category","embeddable":true,"href":"https:\/\/apuntesdesanluis.com\/index.php\/wp-json\/wp\/v2\/categories?post=15523"},{"taxonomy":"post_tag","embeddable":true,"href":"https:\/\/apuntesdesanluis.com\/index.php\/wp-json\/wp\/v2\/tags?post=15523"}],"curies":[{"name":"wp","href":"https:\/\/api.w.org\/{rel}","templated":true}]}}