{"id":15532,"date":"2024-04-30T00:11:56","date_gmt":"2024-04-30T03:11:56","guid":{"rendered":"https:\/\/apuntesdesanluis.com\/?p=15532"},"modified":"2024-04-30T00:16:58","modified_gmt":"2024-04-30T03:16:58","slug":"diego-gonzalez-soy-un-peronista-racional","status":"publish","type":"post","link":"https:\/\/apuntesdesanluis.com\/index.php\/2024\/04\/30\/diego-gonzalez-soy-un-peronista-racional\/","title":{"rendered":"DIEGO GONZ\u00c1LEZ\u201d: \u201cSOY UN PERONISTA RACIONAL\u201d"},"content":{"rendered":"<h3>Despu\u00e9s de haber sido, tal vez, uno de los candidatos que m\u00e1s &#8220;tore\u00f3&#8221; a <strong>Claudio Poggi<\/strong> en la \u00faltima campa\u00f1a electoral, en la actualidad el dirigente <strong>Diego Gonz\u00e1lez<\/strong> asume una postura \u201cajustada a los nuevos tiempos\u201d, como queda en evidencia durante la entrevista en <strong>\u201cDejame un T\u00edtulo\u201d<\/strong>.<\/h3>\n<h3>No duda en afirmar que \u201cPoggi es un dirigente que tiene los pies sobre la tierra\u201d. Definici\u00f3n que tambi\u00e9n emplea para caracterizar al intendente <strong>Maximiliano Frontera,<\/strong> a quien le reconoce ser un buen administrador y con el que mantiene buen di\u00e1logo.<\/h3>\n<h3>Dice tambi\u00e9n que coincide \u201cen un 80%\u201d con el discurso que pronunci\u00f3 el gobernador ante la Asamblea Legislativa y, claro, le disgusta que \u00e9ste mire hacia atr\u00e1s y diga que recibi\u00f3 &#8220;una provincia fundida&#8221;.<\/h3>\n<h3>A diferencia de buena parte de la dirigencia peronista, que propicia la expulsi\u00f3n de los diputados que se escindieron de su bloque y votan con el oficialismo, Gonz\u00e1lez les reconoce su trayectoria y pertenencia partidaria y dice que hay que saber respetar las diferentes opiniones. Creer o reventar.<\/h3>\n<h3>Aunque se baja el precio por el cargo partidario que ocupa, sus definiciones sorprenden por provenir de quien es uno de los tres apoderados del Partido Justicialista, con una larga trayectoria pol\u00edtica como ministro de Seguridad de la provincia y ex concejal, entre otros cargos.<\/h3>\n<h3>\u201cSoy un peronista racional\u201d, se define, t\u00edtulo que deja descolocada a buena parte de la oposici\u00f3n que encabeza el propio <strong>Alberto Rodr\u00edguez Sa\u00e1<\/strong>.<\/h3>\n<p>&nbsp;<\/p>\n<p><iframe title=\"DIEGO GONZ\u00c1LEZ. Apoderado provincial P.J.\" width=\"640\" height=\"360\" src=\"https:\/\/www.youtube.com\/embed\/WucKy9BhIiI?feature=oembed\" frameborder=\"0\" allow=\"accelerometer; autoplay; clipboard-write; encrypted-media; gyroscope; picture-in-picture; web-share\" referrerpolicy=\"strict-origin-when-cross-origin\" allowfullscreen><\/iframe><\/p>\n<p>&nbsp;<\/p>\n<p>&nbsp;<\/p>\n<p>&nbsp;<\/p>\n<p>&nbsp;<\/p>\n<p>&nbsp;<\/p>\n","protected":false},"excerpt":{"rendered":"<p>Despu\u00e9s de haber sido, tal vez, uno de los candidatos que m\u00e1s &#8220;tore\u00f3&#8221; a Claudio&#8230;<\/p>\n","protected":false},"author":1,"featured_media":15533,"comment_status":"closed","ping_status":"closed","sticky":false,"template":"","format":"standard","meta":{"footnotes":""},"categories":[9],"tags":[],"class_list":["post-15532","post","type-post","status-publish","format-standard","has-post-thumbnail","hentry","category-opinion"],"yoast_head":"<!-- This site is optimized with the Yoast SEO plugin v26.1.1 - https:\/\/yoast.com\/wordpress\/plugins\/seo\/ -->\n<title>DIEGO GONZ\u00c1LEZ\u201d: \u201cSOY UN PERONISTA RACIONAL\u201d - Apuntes de San Luis<\/title>\n<meta name=\"robots\" content=\"index, follow, max-snippet:-1, max-image-preview:large, max-video-preview:-1\" \/>\n<link rel=\"canonical\" href=\"https:\/\/apuntesdesanluis.com\/index.php\/2024\/04\/30\/diego-gonzalez-soy-un-peronista-racional\/\" \/>\n<meta property=\"og:locale\" content=\"es_ES\" \/>\n<meta property=\"og:type\" content=\"article\" \/>\n<meta property=\"og:title\" content=\"DIEGO GONZ\u00c1LEZ\u201d: \u201cSOY UN PERONISTA RACIONAL\u201d - Apuntes de San Luis\" \/>\n<meta property=\"og:description\" content=\"Despu\u00e9s de haber sido, tal vez, uno de los candidatos que m\u00e1s &#8220;tore\u00f3&#8221; a Claudio...\" \/>\n<meta property=\"og:url\" content=\"https:\/\/apuntesdesanluis.com\/index.php\/2024\/04\/30\/diego-gonzalez-soy-un-peronista-racional\/\" \/>\n<meta property=\"og:site_name\" content=\"Apuntes de San Luis\" \/>\n<meta property=\"article:published_time\" content=\"2024-04-30T03:11:56+00:00\" \/>\n<meta property=\"article:modified_time\" content=\"2024-04-30T03:16:58+00:00\" \/>\n<meta property=\"og:image\" content=\"https:\/\/apuntesdesanluis.com\/wp-content\/uploads\/2024\/04\/diego-gonzalez.png\" \/>\n\t<meta property=\"og:image:width\" content=\"744\" \/>\n\t<meta property=\"og:image:height\" content=\"457\" \/>\n\t<meta property=\"og:image:type\" content=\"image\/png\" \/>\n<meta name=\"author\" content=\"apuntesdesanluis.com\" \/>\n<meta name=\"twitter:card\" content=\"summary_large_image\" \/>\n<meta name=\"twitter:label1\" content=\"Escrito por\" \/>\n\t<meta name=\"twitter:data1\" content=\"apuntesdesanluis.com\" \/>\n\t<meta name=\"twitter:label2\" content=\"Tiempo de lectura\" \/>\n\t<meta name=\"twitter:data2\" content=\"2 minutos\" \/>\n<script type=\"application\/ld+json\" class=\"yoast-schema-graph\">{\"@context\":\"https:\/\/schema.org\",\"@graph\":[{\"@type\":\"Article\",\"@id\":\"https:\/\/apuntesdesanluis.com\/index.php\/2024\/04\/30\/diego-gonzalez-soy-un-peronista-racional\/#article\",\"isPartOf\":{\"@id\":\"https:\/\/apuntesdesanluis.com\/index.php\/2024\/04\/30\/diego-gonzalez-soy-un-peronista-racional\/\"},\"author\":{\"name\":\"apuntesdesanluis.com\",\"@id\":\"https:\/\/apuntesdesanluis.com\/#\/schema\/person\/b55151d52296fcce64d1a72538a70b90\"},\"headline\":\"DIEGO GONZ\u00c1LEZ\u201d: \u201cSOY UN PERONISTA RACIONAL\u201d\",\"datePublished\":\"2024-04-30T03:11:56+00:00\",\"dateModified\":\"2024-04-30T03:16:58+00:00\",\"mainEntityOfPage\":{\"@id\":\"https:\/\/apuntesdesanluis.com\/index.php\/2024\/04\/30\/diego-gonzalez-soy-un-peronista-racional\/\"},\"wordCount\":279,\"publisher\":{\"@id\":\"https:\/\/apuntesdesanluis.com\/#\/schema\/person\/b55151d52296fcce64d1a72538a70b90\"},\"image\":{\"@id\":\"https:\/\/apuntesdesanluis.com\/index.php\/2024\/04\/30\/diego-gonzalez-soy-un-peronista-racional\/#primaryimage\"},\"thumbnailUrl\":\"https:\/\/apuntesdesanluis.com\/wp-content\/uploads\/2024\/04\/diego-gonzalez.png\",\"articleSection\":[\"Opini\u00f3n\"],\"inLanguage\":\"es-AR\"},{\"@type\":\"WebPage\",\"@id\":\"https:\/\/apuntesdesanluis.com\/index.php\/2024\/04\/30\/diego-gonzalez-soy-un-peronista-racional\/\",\"url\":\"https:\/\/apuntesdesanluis.com\/index.php\/2024\/04\/30\/diego-gonzalez-soy-un-peronista-racional\/\",\"name\":\"DIEGO GONZ\u00c1LEZ\u201d: \u201cSOY UN PERONISTA RACIONAL\u201d - Apuntes de San Luis\",\"isPartOf\":{\"@id\":\"https:\/\/apuntesdesanluis.com\/#website\"},\"primaryImageOfPage\":{\"@id\":\"https:\/\/apuntesdesanluis.com\/index.php\/2024\/04\/30\/diego-gonzalez-soy-un-peronista-racional\/#primaryimage\"},\"image\":{\"@id\":\"https:\/\/apuntesdesanluis.com\/index.php\/2024\/04\/30\/diego-gonzalez-soy-un-peronista-racional\/#primaryimage\"},\"thumbnailUrl\":\"https:\/\/apuntesdesanluis.com\/wp-content\/uploads\/2024\/04\/diego-gonzalez.png\",\"datePublished\":\"2024-04-30T03:11:56+00:00\",\"dateModified\":\"2024-04-30T03:16:58+00:00\",\"breadcrumb\":{\"@id\":\"https:\/\/apuntesdesanluis.com\/index.php\/2024\/04\/30\/diego-gonzalez-soy-un-peronista-racional\/#breadcrumb\"},\"inLanguage\":\"es-AR\",\"potentialAction\":[{\"@type\":\"ReadAction\",\"target\":[\"https:\/\/apuntesdesanluis.com\/index.php\/2024\/04\/30\/diego-gonzalez-soy-un-peronista-racional\/\"]}]},{\"@type\":\"ImageObject\",\"inLanguage\":\"es-AR\",\"@id\":\"https:\/\/apuntesdesanluis.com\/index.php\/2024\/04\/30\/diego-gonzalez-soy-un-peronista-racional\/#primaryimage\",\"url\":\"https:\/\/apuntesdesanluis.com\/wp-content\/uploads\/2024\/04\/diego-gonzalez.png\",\"contentUrl\":\"https:\/\/apuntesdesanluis.com\/wp-content\/uploads\/2024\/04\/diego-gonzalez.png\",\"width\":744,\"height\":457},{\"@type\":\"BreadcrumbList\",\"@id\":\"https:\/\/apuntesdesanluis.com\/index.php\/2024\/04\/30\/diego-gonzalez-soy-un-peronista-racional\/#breadcrumb\",\"itemListElement\":[{\"@type\":\"ListItem\",\"position\":1,\"name\":\"Inicio\",\"item\":\"https:\/\/apuntesdesanluis.com\/\"},{\"@type\":\"ListItem\",\"position\":2,\"name\":\"DIEGO GONZ\u00c1LEZ\u201d: \u201cSOY UN PERONISTA RACIONAL\u201d\"}]},{\"@type\":\"WebSite\",\"@id\":\"https:\/\/apuntesdesanluis.com\/#website\",\"url\":\"https:\/\/apuntesdesanluis.com\/\",\"name\":\"Apuntes de San Luis\",\"description\":\"\",\"publisher\":{\"@id\":\"https:\/\/apuntesdesanluis.com\/#\/schema\/person\/b55151d52296fcce64d1a72538a70b90\"},\"potentialAction\":[{\"@type\":\"SearchAction\",\"target\":{\"@type\":\"EntryPoint\",\"urlTemplate\":\"https:\/\/apuntesdesanluis.com\/?s={search_term_string}\"},\"query-input\":{\"@type\":\"PropertyValueSpecification\",\"valueRequired\":true,\"valueName\":\"search_term_string\"}}],\"inLanguage\":\"es-AR\"},{\"@type\":[\"Person\",\"Organization\"],\"@id\":\"https:\/\/apuntesdesanluis.com\/#\/schema\/person\/b55151d52296fcce64d1a72538a70b90\",\"name\":\"apuntesdesanluis.com\",\"image\":{\"@type\":\"ImageObject\",\"inLanguage\":\"es-AR\",\"@id\":\"https:\/\/apuntesdesanluis.com\/#\/schema\/person\/image\/\",\"url\":\"https:\/\/apuntesdesanluis.com\/wp-content\/uploads\/2023\/07\/cropped-apuntesdesanluis.png\",\"contentUrl\":\"https:\/\/apuntesdesanluis.com\/wp-content\/uploads\/2023\/07\/cropped-apuntesdesanluis.png\",\"width\":450,\"height\":112,\"caption\":\"apuntesdesanluis.com\"},\"logo\":{\"@id\":\"https:\/\/apuntesdesanluis.com\/#\/schema\/person\/image\/\"},\"sameAs\":[\"https:\/\/apuntesdesanluis.com\"],\"url\":\"https:\/\/apuntesdesanluis.com\/index.php\/author\/apuntesdesanluis-com\/\"}]}<\/script>\n<!-- \/ Yoast SEO plugin. -->","yoast_head_json":{"title":"DIEGO GONZ\u00c1LEZ\u201d: \u201cSOY UN PERONISTA RACIONAL\u201d - Apuntes de San Luis","robots":{"index":"index","follow":"follow","max-snippet":"max-snippet:-1","max-image-preview":"max-image-preview:large","max-video-preview":"max-video-preview:-1"},"canonical":"https:\/\/apuntesdesanluis.com\/index.php\/2024\/04\/30\/diego-gonzalez-soy-un-peronista-racional\/","og_locale":"es_ES","og_type":"article","og_title":"DIEGO GONZ\u00c1LEZ\u201d: \u201cSOY UN PERONISTA RACIONAL\u201d - Apuntes de San Luis","og_description":"Despu\u00e9s de haber sido, tal vez, uno de los candidatos que m\u00e1s &#8220;tore\u00f3&#8221; a Claudio...","og_url":"https:\/\/apuntesdesanluis.com\/index.php\/2024\/04\/30\/diego-gonzalez-soy-un-peronista-racional\/","og_site_name":"Apuntes de San Luis","article_published_time":"2024-04-30T03:11:56+00:00","article_modified_time":"2024-04-30T03:16:58+00:00","og_image":[{"width":744,"height":457,"url":"https:\/\/apuntesdesanluis.com\/wp-content\/uploads\/2024\/04\/diego-gonzalez.png","type":"image\/png"}],"author":"apuntesdesanluis.com","twitter_card":"summary_large_image","twitter_misc":{"Escrito por":"apuntesdesanluis.com","Tiempo de lectura":"2 minutos"},"schema":{"@context":"https:\/\/schema.org","@graph":[{"@type":"Article","@id":"https:\/\/apuntesdesanluis.com\/index.php\/2024\/04\/30\/diego-gonzalez-soy-un-peronista-racional\/#article","isPartOf":{"@id":"https:\/\/apuntesdesanluis.com\/index.php\/2024\/04\/30\/diego-gonzalez-soy-un-peronista-racional\/"},"author":{"name":"apuntesdesanluis.com","@id":"https:\/\/apuntesdesanluis.com\/#\/schema\/person\/b55151d52296fcce64d1a72538a70b90"},"headline":"DIEGO GONZ\u00c1LEZ\u201d: \u201cSOY UN PERONISTA RACIONAL\u201d","datePublished":"2024-04-30T03:11:56+00:00","dateModified":"2024-04-30T03:16:58+00:00","mainEntityOfPage":{"@id":"https:\/\/apuntesdesanluis.com\/index.php\/2024\/04\/30\/diego-gonzalez-soy-un-peronista-racional\/"},"wordCount":279,"publisher":{"@id":"https:\/\/apuntesdesanluis.com\/#\/schema\/person\/b55151d52296fcce64d1a72538a70b90"},"image":{"@id":"https:\/\/apuntesdesanluis.com\/index.php\/2024\/04\/30\/diego-gonzalez-soy-un-peronista-racional\/#primaryimage"},"thumbnailUrl":"https:\/\/apuntesdesanluis.com\/wp-content\/uploads\/2024\/04\/diego-gonzalez.png","articleSection":["Opini\u00f3n"],"inLanguage":"es-AR"},{"@type":"WebPage","@id":"https:\/\/apuntesdesanluis.com\/index.php\/2024\/04\/30\/diego-gonzalez-soy-un-peronista-racional\/","url":"https:\/\/apuntesdesanluis.com\/index.php\/2024\/04\/30\/diego-gonzalez-soy-un-peronista-racional\/","name":"DIEGO GONZ\u00c1LEZ\u201d: \u201cSOY UN PERONISTA RACIONAL\u201d - Apuntes de San Luis","isPartOf":{"@id":"https:\/\/apuntesdesanluis.com\/#website"},"primaryImageOfPage":{"@id":"https:\/\/apuntesdesanluis.com\/index.php\/2024\/04\/30\/diego-gonzalez-soy-un-peronista-racional\/#primaryimage"},"image":{"@id":"https:\/\/apuntesdesanluis.com\/index.php\/2024\/04\/30\/diego-gonzalez-soy-un-peronista-racional\/#primaryimage"},"thumbnailUrl":"https:\/\/apuntesdesanluis.com\/wp-content\/uploads\/2024\/04\/diego-gonzalez.png","datePublished":"2024-04-30T03:11:56+00:00","dateModified":"2024-04-30T03:16:58+00:00","breadcrumb":{"@id":"https:\/\/apuntesdesanluis.com\/index.php\/2024\/04\/30\/diego-gonzalez-soy-un-peronista-racional\/#breadcrumb"},"inLanguage":"es-AR","potentialAction":[{"@type":"ReadAction","target":["https:\/\/apuntesdesanluis.com\/index.php\/2024\/04\/30\/diego-gonzalez-soy-un-peronista-racional\/"]}]},{"@type":"ImageObject","inLanguage":"es-AR","@id":"https:\/\/apuntesdesanluis.com\/index.php\/2024\/04\/30\/diego-gonzalez-soy-un-peronista-racional\/#primaryimage","url":"https:\/\/apuntesdesanluis.com\/wp-content\/uploads\/2024\/04\/diego-gonzalez.png","contentUrl":"https:\/\/apuntesdesanluis.com\/wp-content\/uploads\/2024\/04\/diego-gonzalez.png","width":744,"height":457},{"@type":"BreadcrumbList","@id":"https:\/\/apuntesdesanluis.com\/index.php\/2024\/04\/30\/diego-gonzalez-soy-un-peronista-racional\/#breadcrumb","itemListElement":[{"@type":"ListItem","position":1,"name":"Inicio","item":"https:\/\/apuntesdesanluis.com\/"},{"@type":"ListItem","position":2,"name":"DIEGO GONZ\u00c1LEZ\u201d: \u201cSOY UN PERONISTA RACIONAL\u201d"}]},{"@type":"WebSite","@id":"https:\/\/apuntesdesanluis.com\/#website","url":"https:\/\/apuntesdesanluis.com\/","name":"Apuntes de San Luis","description":"","publisher":{"@id":"https:\/\/apuntesdesanluis.com\/#\/schema\/person\/b55151d52296fcce64d1a72538a70b90"},"potentialAction":[{"@type":"SearchAction","target":{"@type":"EntryPoint","urlTemplate":"https:\/\/apuntesdesanluis.com\/?s={search_term_string}"},"query-input":{"@type":"PropertyValueSpecification","valueRequired":true,"valueName":"search_term_string"}}],"inLanguage":"es-AR"},{"@type":["Person","Organization"],"@id":"https:\/\/apuntesdesanluis.com\/#\/schema\/person\/b55151d52296fcce64d1a72538a70b90","name":"apuntesdesanluis.com","image":{"@type":"ImageObject","inLanguage":"es-AR","@id":"https:\/\/apuntesdesanluis.com\/#\/schema\/person\/image\/","url":"https:\/\/apuntesdesanluis.com\/wp-content\/uploads\/2023\/07\/cropped-apuntesdesanluis.png","contentUrl":"https:\/\/apuntesdesanluis.com\/wp-content\/uploads\/2023\/07\/cropped-apuntesdesanluis.png","width":450,"height":112,"caption":"apuntesdesanluis.com"},"logo":{"@id":"https:\/\/apuntesdesanluis.com\/#\/schema\/person\/image\/"},"sameAs":["https:\/\/apuntesdesanluis.com"],"url":"https:\/\/apuntesdesanluis.com\/index.php\/author\/apuntesdesanluis-com\/"}]}},"featured_image_urls":{"full":["https:\/\/apuntesdesanluis.com\/wp-content\/uploads\/2024\/04\/diego-gonzalez.png",744,457,false],"thumbnail":["https:\/\/apuntesdesanluis.com\/wp-content\/uploads\/2024\/04\/diego-gonzalez-150x150.png",150,150,true],"medium":["https:\/\/apuntesdesanluis.com\/wp-content\/uploads\/2024\/04\/diego-gonzalez-300x184.png",300,184,true],"medium_large":["https:\/\/apuntesdesanluis.com\/wp-content\/uploads\/2024\/04\/diego-gonzalez.png",640,393,false],"large":["https:\/\/apuntesdesanluis.com\/wp-content\/uploads\/2024\/04\/diego-gonzalez.png",640,393,false],"1536x1536":["https:\/\/apuntesdesanluis.com\/wp-content\/uploads\/2024\/04\/diego-gonzalez.png",744,457,false],"2048x2048":["https:\/\/apuntesdesanluis.com\/wp-content\/uploads\/2024\/04\/diego-gonzalez.png",744,457,false],"newsever-slider-full":["https:\/\/apuntesdesanluis.com\/wp-content\/uploads\/2024\/04\/diego-gonzalez.png",744,457,false],"newsever-featured":["https:\/\/apuntesdesanluis.com\/wp-content\/uploads\/2024\/04\/diego-gonzalez.png",744,457,false],"newsever-medium":["https:\/\/apuntesdesanluis.com\/wp-content\/uploads\/2024\/04\/diego-gonzalez-720x457.png",720,457,true]},"author_info":{"display_name":"apuntesdesanluis.com","author_link":"https:\/\/apuntesdesanluis.com\/index.php\/author\/apuntesdesanluis-com\/"},"category_info":"<a href=\"https:\/\/apuntesdesanluis.com\/index.php\/category\/opinion\/\" rel=\"category tag\">Opini\u00f3n<\/a>","tag_info":"Opini\u00f3n","comment_count":"0","_links":{"self":[{"href":"https:\/\/apuntesdesanluis.com\/index.php\/wp-json\/wp\/v2\/posts\/15532","targetHints":{"allow":["GET"]}}],"collection":[{"href":"https:\/\/apuntesdesanluis.com\/index.php\/wp-json\/wp\/v2\/posts"}],"about":[{"href":"https:\/\/apuntesdesanluis.com\/index.php\/wp-json\/wp\/v2\/types\/post"}],"author":[{"embeddable":true,"href":"https:\/\/apuntesdesanluis.com\/index.php\/wp-json\/wp\/v2\/users\/1"}],"replies":[{"embeddable":true,"href":"https:\/\/apuntesdesanluis.com\/index.php\/wp-json\/wp\/v2\/comments?post=15532"}],"version-history":[{"count":5,"href":"https:\/\/apuntesdesanluis.com\/index.php\/wp-json\/wp\/v2\/posts\/15532\/revisions"}],"predecessor-version":[{"id":15538,"href":"https:\/\/apuntesdesanluis.com\/index.php\/wp-json\/wp\/v2\/posts\/15532\/revisions\/15538"}],"wp:featuredmedia":[{"embeddable":true,"href":"https:\/\/apuntesdesanluis.com\/index.php\/wp-json\/wp\/v2\/media\/15533"}],"wp:attachment":[{"href":"https:\/\/apuntesdesanluis.com\/index.php\/wp-json\/wp\/v2\/media?parent=15532"}],"wp:term":[{"taxonomy":"category","embeddable":true,"href":"https:\/\/apuntesdesanluis.com\/index.php\/wp-json\/wp\/v2\/categories?post=15532"},{"taxonomy":"post_tag","embeddable":true,"href":"https:\/\/apuntesdesanluis.com\/index.php\/wp-json\/wp\/v2\/tags?post=15532"}],"curies":[{"name":"wp","href":"https:\/\/api.w.org\/{rel}","templated":true}]}}