{"id":15543,"date":"2024-05-01T08:49:39","date_gmt":"2024-05-01T11:49:39","guid":{"rendered":"https:\/\/apuntesdesanluis.com\/?p=15543"},"modified":"2024-05-01T08:49:39","modified_gmt":"2024-05-01T11:49:39","slug":"diputados-aprobo-el-paquete-fiscal-propuesto-por-el-gobierno-incluida-la-vuelta-de-ganancias","status":"publish","type":"post","link":"https:\/\/apuntesdesanluis.com\/index.php\/2024\/05\/01\/diputados-aprobo-el-paquete-fiscal-propuesto-por-el-gobierno-incluida-la-vuelta-de-ganancias\/","title":{"rendered":"DIPUTADOS APROB\u00d3 EL PAQUETE FISCAL PROPUESTO POR EL GOBIERNO, INCLUIDA LA VUELTA DE GANANCIAS"},"content":{"rendered":"<h3>La C\u00e1mara de Diputados aprob\u00f3 hoy la <strong>Ley de Medidas Fiscales, Paliativas y Relevantes<\/strong>, que incluy\u00f3, entre otros puntos, la reposici\u00f3n de la cuarta categor\u00eda del impuesto a las Ganancias.<\/h3>\n<h3>Con 140 votos positivos, 103 negativos y 6 abstenciones, el Gobierno consigui\u00f3 su media sanci\u00f3n y ahora el debate se traslada al Senado.<\/h3>\n<h3>La Libertad Avanza tuvo el apoyo del Pro, la UCR, Hacemos Coalici\u00f3n Federal, Innovaci\u00f3n Federal y bloques minoritarios afines.<\/h3>\n<h3>En cambio, Uni\u00f3n por la Patria, los cinco diputados del Frente de Izquierda y los dos socialistas santafesinos (Esteban Paul\u00f3n y M\u00f3nica Fein) votaron en contra.<\/h3>\n<h3>Se abstuvieron los radicales Facundo Manes, Fernando Carbajal, Pablo Juliano y Marcela Coli, adem\u00e1s de Jorge Antonio \u00c1vila (Hacemos Coalici\u00f3n Federal) y Sergio Acevedo (Por Santa Cruz).<\/h3>\n<h3>Este proyecto comprende, entre otros puntos clave, la reversi\u00f3n del impuesto a las Ganancias, rebaja de Bienes Personales, moratoria tributaria, aduanera y de Seguridad Social, blanqueo de capitales, cambios en el r\u00e9gimen simplificado (incluye la eliminaci\u00f3n del monotributo social), eliminaci\u00f3n del Impuesto a la Transferencia de Inmuebles de Personas F\u00edsicas y Sucesiones Indivisas (ITI) y creaci\u00f3n del R\u00e9gimen de Transparencia Fiscal al Consumidor.<\/h3>\n<h3>Uno de los ejes m\u00e1s pol\u00e9micos tuvo que ver con la restituci\u00f3n del impuesto a las Ganancias. Si la medida quedara en pie tras la ratificaci\u00f3n de la C\u00e1mara alta, casi un mill\u00f3n de trabajadores volver\u00eda a pagar este tributo, renombrado \u201cimpuesto a los ingresos personales\u201d.<\/h3>\n<h3>Este quinto t\u00edtulo de la iniciativa fiscal se aprob\u00f3 con 132 votos positivos, 113 negativos y siete abstenciones durante la sesi\u00f3n especial que se desarroll\u00f3 desde ayer al mediod\u00eda en el recinto de la C\u00e1mara baja.<\/h3>\n<h3>Adem\u00e1s de los diputados de UP, del FIT y del PS se sumaron al rechazo Sergio Acevedo (Por Santa Cruz), Jorge Antonio \u00c1vila (HCF), Fernando Carbajal (UCR), Carla Carrizo (UCR), Mariela Coletta (UCR), Natalia de la Sota (HCF), Agust\u00edn Domingo (Innovaci\u00f3n Federal), Pablo Juliano (UCR), Osvaldo Llancafilo (Movimiento Popular Neuquino), Facundo Manes (UCR), Ana Clara Romero (PRO), Danya Tavela (UCR) y Mart\u00edn Tetaz (UCR).<\/h3>\n<h3>Con las modificaciones propuestas, estar\u00e1n alcanzados los trabajadores solteros que ganen m\u00e1s de 1.800.000 pesos y los trabajadores casados con hijos que perciban m\u00e1s de 2.200.000 pesos.<\/h3>\n<h3>El blanqueo de capitales no solamente no fue acompa\u00f1ad por UP, el FIT y el Partido Socialista, sino tampoco por los seis diputados de la Coalici\u00f3n C\u00edvica.<\/h3>\n<h3>Marcela Campagnoli adelant\u00f3 el no acompa\u00f1amiento del bloque liderado por Elisa Carri\u00f3 porque \u201cpuede ser que estemos en las puertas de permitir que entre dinero manchado de sangre\u201d.<\/h3>\n<h3>Otro tema controversial fue la rebaja del impuesto a los Bienes Personales. Al respecto, la diputada Julia Strada (UP) cuestion\u00f3 que es \u201cabsolutamente incoherente que propongan la reducci\u00f3n de la al\u00edcuota m\u00e1xima de 2,25 a 0,25%&#8221; en caso de adelantar el pago de cinco per\u00edodos fiscales juntos en concepto de este impuesto.<\/h3>\n<h3>&#8220;No se entiende porqu\u00e9 bajar la cuota m\u00e1xima del impuesto a los bienes personales que la pagan solo 125 mil grandes contribuyentes\u201d, se quej\u00f3.<\/h3>\n<h3>Strada explic\u00f3 que va reduci\u00e9ndose la al\u00edcuota hasta 2027 a 0,25% \u201csac\u00e1ndole recaudaci\u00f3n al pr\u00f3ximo gobierno\u201d.<\/h3>\n<h3>\u201cPara 2024 se pierde 0,41% del PBI, para 2027 0,61% del PBI sobre una recaudaci\u00f3n total del 0,68%\u201d, advirti\u00f3 la diputada kirchnerista.<\/h3>\n<h3><\/h3>\n<p>&nbsp;<\/p>\n<p><strong>\u00a0<\/strong><\/p>\n<p><strong>\u00a0<\/strong><\/p>\n","protected":false},"excerpt":{"rendered":"<p>La C\u00e1mara de Diputados aprob\u00f3 hoy la Ley de Medidas Fiscales, Paliativas y Relevantes, que&#8230;<\/p>\n","protected":false},"author":1,"featured_media":15549,"comment_status":"closed","ping_status":"closed","sticky":false,"template":"","format":"standard","meta":{"footnotes":""},"categories":[5],"tags":[],"class_list":["post-15543","post","type-post","status-publish","format-standard","has-post-thumbnail","hentry","category-nacionales-internacionales"],"yoast_head":"<!-- This site is optimized with the Yoast SEO plugin v26.1.1 - https:\/\/yoast.com\/wordpress\/plugins\/seo\/ -->\n<title>DIPUTADOS APROB\u00d3 EL PAQUETE FISCAL PROPUESTO POR EL GOBIERNO, INCLUIDA LA VUELTA DE GANANCIAS - Apuntes de San Luis<\/title>\n<meta name=\"robots\" content=\"index, follow, max-snippet:-1, max-image-preview:large, max-video-preview:-1\" \/>\n<link rel=\"canonical\" href=\"https:\/\/apuntesdesanluis.com\/index.php\/2024\/05\/01\/diputados-aprobo-el-paquete-fiscal-propuesto-por-el-gobierno-incluida-la-vuelta-de-ganancias\/\" \/>\n<meta property=\"og:locale\" content=\"es_ES\" \/>\n<meta property=\"og:type\" content=\"article\" \/>\n<meta property=\"og:title\" content=\"DIPUTADOS APROB\u00d3 EL PAQUETE FISCAL PROPUESTO POR EL GOBIERNO, INCLUIDA LA VUELTA DE GANANCIAS - Apuntes de San Luis\" \/>\n<meta property=\"og:description\" content=\"La C\u00e1mara de Diputados aprob\u00f3 hoy la Ley de Medidas Fiscales, Paliativas y Relevantes, que...\" \/>\n<meta property=\"og:url\" content=\"https:\/\/apuntesdesanluis.com\/index.php\/2024\/05\/01\/diputados-aprobo-el-paquete-fiscal-propuesto-por-el-gobierno-incluida-la-vuelta-de-ganancias\/\" \/>\n<meta property=\"og:site_name\" content=\"Apuntes de San Luis\" \/>\n<meta property=\"article:published_time\" content=\"2024-05-01T11:49:39+00:00\" \/>\n<meta property=\"og:image\" content=\"https:\/\/apuntesdesanluis.com\/wp-content\/uploads\/2024\/04\/paquete-fiscal.png\" \/>\n\t<meta property=\"og:image:width\" content=\"588\" \/>\n\t<meta property=\"og:image:height\" content=\"326\" \/>\n\t<meta property=\"og:image:type\" content=\"image\/png\" \/>\n<meta name=\"author\" content=\"apuntesdesanluis.com\" \/>\n<meta name=\"twitter:card\" content=\"summary_large_image\" \/>\n<meta name=\"twitter:label1\" content=\"Escrito por\" \/>\n\t<meta name=\"twitter:data1\" content=\"apuntesdesanluis.com\" \/>\n\t<meta name=\"twitter:label2\" content=\"Tiempo de lectura\" \/>\n\t<meta name=\"twitter:data2\" content=\"3 minutos\" \/>\n<script type=\"application\/ld+json\" class=\"yoast-schema-graph\">{\"@context\":\"https:\/\/schema.org\",\"@graph\":[{\"@type\":\"Article\",\"@id\":\"https:\/\/apuntesdesanluis.com\/index.php\/2024\/05\/01\/diputados-aprobo-el-paquete-fiscal-propuesto-por-el-gobierno-incluida-la-vuelta-de-ganancias\/#article\",\"isPartOf\":{\"@id\":\"https:\/\/apuntesdesanluis.com\/index.php\/2024\/05\/01\/diputados-aprobo-el-paquete-fiscal-propuesto-por-el-gobierno-incluida-la-vuelta-de-ganancias\/\"},\"author\":{\"name\":\"apuntesdesanluis.com\",\"@id\":\"https:\/\/apuntesdesanluis.com\/#\/schema\/person\/b55151d52296fcce64d1a72538a70b90\"},\"headline\":\"DIPUTADOS APROB\u00d3 EL PAQUETE FISCAL PROPUESTO POR EL GOBIERNO, INCLUIDA LA VUELTA DE GANANCIAS\",\"datePublished\":\"2024-05-01T11:49:39+00:00\",\"mainEntityOfPage\":{\"@id\":\"https:\/\/apuntesdesanluis.com\/index.php\/2024\/05\/01\/diputados-aprobo-el-paquete-fiscal-propuesto-por-el-gobierno-incluida-la-vuelta-de-ganancias\/\"},\"wordCount\":579,\"publisher\":{\"@id\":\"https:\/\/apuntesdesanluis.com\/#\/schema\/person\/b55151d52296fcce64d1a72538a70b90\"},\"image\":{\"@id\":\"https:\/\/apuntesdesanluis.com\/index.php\/2024\/05\/01\/diputados-aprobo-el-paquete-fiscal-propuesto-por-el-gobierno-incluida-la-vuelta-de-ganancias\/#primaryimage\"},\"thumbnailUrl\":\"https:\/\/apuntesdesanluis.com\/wp-content\/uploads\/2024\/04\/paquete-fiscal.png\",\"articleSection\":[\"Nacionales\/Internacionales\"],\"inLanguage\":\"es-AR\"},{\"@type\":\"WebPage\",\"@id\":\"https:\/\/apuntesdesanluis.com\/index.php\/2024\/05\/01\/diputados-aprobo-el-paquete-fiscal-propuesto-por-el-gobierno-incluida-la-vuelta-de-ganancias\/\",\"url\":\"https:\/\/apuntesdesanluis.com\/index.php\/2024\/05\/01\/diputados-aprobo-el-paquete-fiscal-propuesto-por-el-gobierno-incluida-la-vuelta-de-ganancias\/\",\"name\":\"DIPUTADOS APROB\u00d3 EL PAQUETE FISCAL PROPUESTO POR EL GOBIERNO, INCLUIDA LA VUELTA DE GANANCIAS - Apuntes de San Luis\",\"isPartOf\":{\"@id\":\"https:\/\/apuntesdesanluis.com\/#website\"},\"primaryImageOfPage\":{\"@id\":\"https:\/\/apuntesdesanluis.com\/index.php\/2024\/05\/01\/diputados-aprobo-el-paquete-fiscal-propuesto-por-el-gobierno-incluida-la-vuelta-de-ganancias\/#primaryimage\"},\"image\":{\"@id\":\"https:\/\/apuntesdesanluis.com\/index.php\/2024\/05\/01\/diputados-aprobo-el-paquete-fiscal-propuesto-por-el-gobierno-incluida-la-vuelta-de-ganancias\/#primaryimage\"},\"thumbnailUrl\":\"https:\/\/apuntesdesanluis.com\/wp-content\/uploads\/2024\/04\/paquete-fiscal.png\",\"datePublished\":\"2024-05-01T11:49:39+00:00\",\"breadcrumb\":{\"@id\":\"https:\/\/apuntesdesanluis.com\/index.php\/2024\/05\/01\/diputados-aprobo-el-paquete-fiscal-propuesto-por-el-gobierno-incluida-la-vuelta-de-ganancias\/#breadcrumb\"},\"inLanguage\":\"es-AR\",\"potentialAction\":[{\"@type\":\"ReadAction\",\"target\":[\"https:\/\/apuntesdesanluis.com\/index.php\/2024\/05\/01\/diputados-aprobo-el-paquete-fiscal-propuesto-por-el-gobierno-incluida-la-vuelta-de-ganancias\/\"]}]},{\"@type\":\"ImageObject\",\"inLanguage\":\"es-AR\",\"@id\":\"https:\/\/apuntesdesanluis.com\/index.php\/2024\/05\/01\/diputados-aprobo-el-paquete-fiscal-propuesto-por-el-gobierno-incluida-la-vuelta-de-ganancias\/#primaryimage\",\"url\":\"https:\/\/apuntesdesanluis.com\/wp-content\/uploads\/2024\/04\/paquete-fiscal.png\",\"contentUrl\":\"https:\/\/apuntesdesanluis.com\/wp-content\/uploads\/2024\/04\/paquete-fiscal.png\",\"width\":588,\"height\":326},{\"@type\":\"BreadcrumbList\",\"@id\":\"https:\/\/apuntesdesanluis.com\/index.php\/2024\/05\/01\/diputados-aprobo-el-paquete-fiscal-propuesto-por-el-gobierno-incluida-la-vuelta-de-ganancias\/#breadcrumb\",\"itemListElement\":[{\"@type\":\"ListItem\",\"position\":1,\"name\":\"Inicio\",\"item\":\"https:\/\/apuntesdesanluis.com\/\"},{\"@type\":\"ListItem\",\"position\":2,\"name\":\"DIPUTADOS APROB\u00d3 EL PAQUETE FISCAL PROPUESTO POR EL GOBIERNO, INCLUIDA LA VUELTA DE GANANCIAS\"}]},{\"@type\":\"WebSite\",\"@id\":\"https:\/\/apuntesdesanluis.com\/#website\",\"url\":\"https:\/\/apuntesdesanluis.com\/\",\"name\":\"Apuntes de San Luis\",\"description\":\"\",\"publisher\":{\"@id\":\"https:\/\/apuntesdesanluis.com\/#\/schema\/person\/b55151d52296fcce64d1a72538a70b90\"},\"potentialAction\":[{\"@type\":\"SearchAction\",\"target\":{\"@type\":\"EntryPoint\",\"urlTemplate\":\"https:\/\/apuntesdesanluis.com\/?s={search_term_string}\"},\"query-input\":{\"@type\":\"PropertyValueSpecification\",\"valueRequired\":true,\"valueName\":\"search_term_string\"}}],\"inLanguage\":\"es-AR\"},{\"@type\":[\"Person\",\"Organization\"],\"@id\":\"https:\/\/apuntesdesanluis.com\/#\/schema\/person\/b55151d52296fcce64d1a72538a70b90\",\"name\":\"apuntesdesanluis.com\",\"image\":{\"@type\":\"ImageObject\",\"inLanguage\":\"es-AR\",\"@id\":\"https:\/\/apuntesdesanluis.com\/#\/schema\/person\/image\/\",\"url\":\"https:\/\/apuntesdesanluis.com\/wp-content\/uploads\/2023\/07\/cropped-apuntesdesanluis.png\",\"contentUrl\":\"https:\/\/apuntesdesanluis.com\/wp-content\/uploads\/2023\/07\/cropped-apuntesdesanluis.png\",\"width\":450,\"height\":112,\"caption\":\"apuntesdesanluis.com\"},\"logo\":{\"@id\":\"https:\/\/apuntesdesanluis.com\/#\/schema\/person\/image\/\"},\"sameAs\":[\"https:\/\/apuntesdesanluis.com\"],\"url\":\"https:\/\/apuntesdesanluis.com\/index.php\/author\/apuntesdesanluis-com\/\"}]}<\/script>\n<!-- \/ Yoast SEO plugin. -->","yoast_head_json":{"title":"DIPUTADOS APROB\u00d3 EL PAQUETE FISCAL PROPUESTO POR EL GOBIERNO, INCLUIDA LA VUELTA DE GANANCIAS - Apuntes de San Luis","robots":{"index":"index","follow":"follow","max-snippet":"max-snippet:-1","max-image-preview":"max-image-preview:large","max-video-preview":"max-video-preview:-1"},"canonical":"https:\/\/apuntesdesanluis.com\/index.php\/2024\/05\/01\/diputados-aprobo-el-paquete-fiscal-propuesto-por-el-gobierno-incluida-la-vuelta-de-ganancias\/","og_locale":"es_ES","og_type":"article","og_title":"DIPUTADOS APROB\u00d3 EL PAQUETE FISCAL PROPUESTO POR EL GOBIERNO, INCLUIDA LA VUELTA DE GANANCIAS - Apuntes de San Luis","og_description":"La C\u00e1mara de Diputados aprob\u00f3 hoy la Ley de Medidas Fiscales, Paliativas y Relevantes, que...","og_url":"https:\/\/apuntesdesanluis.com\/index.php\/2024\/05\/01\/diputados-aprobo-el-paquete-fiscal-propuesto-por-el-gobierno-incluida-la-vuelta-de-ganancias\/","og_site_name":"Apuntes de San Luis","article_published_time":"2024-05-01T11:49:39+00:00","og_image":[{"width":588,"height":326,"url":"https:\/\/apuntesdesanluis.com\/wp-content\/uploads\/2024\/04\/paquete-fiscal.png","type":"image\/png"}],"author":"apuntesdesanluis.com","twitter_card":"summary_large_image","twitter_misc":{"Escrito por":"apuntesdesanluis.com","Tiempo de lectura":"3 minutos"},"schema":{"@context":"https:\/\/schema.org","@graph":[{"@type":"Article","@id":"https:\/\/apuntesdesanluis.com\/index.php\/2024\/05\/01\/diputados-aprobo-el-paquete-fiscal-propuesto-por-el-gobierno-incluida-la-vuelta-de-ganancias\/#article","isPartOf":{"@id":"https:\/\/apuntesdesanluis.com\/index.php\/2024\/05\/01\/diputados-aprobo-el-paquete-fiscal-propuesto-por-el-gobierno-incluida-la-vuelta-de-ganancias\/"},"author":{"name":"apuntesdesanluis.com","@id":"https:\/\/apuntesdesanluis.com\/#\/schema\/person\/b55151d52296fcce64d1a72538a70b90"},"headline":"DIPUTADOS APROB\u00d3 EL PAQUETE FISCAL PROPUESTO POR EL GOBIERNO, INCLUIDA LA VUELTA DE GANANCIAS","datePublished":"2024-05-01T11:49:39+00:00","mainEntityOfPage":{"@id":"https:\/\/apuntesdesanluis.com\/index.php\/2024\/05\/01\/diputados-aprobo-el-paquete-fiscal-propuesto-por-el-gobierno-incluida-la-vuelta-de-ganancias\/"},"wordCount":579,"publisher":{"@id":"https:\/\/apuntesdesanluis.com\/#\/schema\/person\/b55151d52296fcce64d1a72538a70b90"},"image":{"@id":"https:\/\/apuntesdesanluis.com\/index.php\/2024\/05\/01\/diputados-aprobo-el-paquete-fiscal-propuesto-por-el-gobierno-incluida-la-vuelta-de-ganancias\/#primaryimage"},"thumbnailUrl":"https:\/\/apuntesdesanluis.com\/wp-content\/uploads\/2024\/04\/paquete-fiscal.png","articleSection":["Nacionales\/Internacionales"],"inLanguage":"es-AR"},{"@type":"WebPage","@id":"https:\/\/apuntesdesanluis.com\/index.php\/2024\/05\/01\/diputados-aprobo-el-paquete-fiscal-propuesto-por-el-gobierno-incluida-la-vuelta-de-ganancias\/","url":"https:\/\/apuntesdesanluis.com\/index.php\/2024\/05\/01\/diputados-aprobo-el-paquete-fiscal-propuesto-por-el-gobierno-incluida-la-vuelta-de-ganancias\/","name":"DIPUTADOS APROB\u00d3 EL PAQUETE FISCAL PROPUESTO POR EL GOBIERNO, INCLUIDA LA VUELTA DE GANANCIAS - Apuntes de San Luis","isPartOf":{"@id":"https:\/\/apuntesdesanluis.com\/#website"},"primaryImageOfPage":{"@id":"https:\/\/apuntesdesanluis.com\/index.php\/2024\/05\/01\/diputados-aprobo-el-paquete-fiscal-propuesto-por-el-gobierno-incluida-la-vuelta-de-ganancias\/#primaryimage"},"image":{"@id":"https:\/\/apuntesdesanluis.com\/index.php\/2024\/05\/01\/diputados-aprobo-el-paquete-fiscal-propuesto-por-el-gobierno-incluida-la-vuelta-de-ganancias\/#primaryimage"},"thumbnailUrl":"https:\/\/apuntesdesanluis.com\/wp-content\/uploads\/2024\/04\/paquete-fiscal.png","datePublished":"2024-05-01T11:49:39+00:00","breadcrumb":{"@id":"https:\/\/apuntesdesanluis.com\/index.php\/2024\/05\/01\/diputados-aprobo-el-paquete-fiscal-propuesto-por-el-gobierno-incluida-la-vuelta-de-ganancias\/#breadcrumb"},"inLanguage":"es-AR","potentialAction":[{"@type":"ReadAction","target":["https:\/\/apuntesdesanluis.com\/index.php\/2024\/05\/01\/diputados-aprobo-el-paquete-fiscal-propuesto-por-el-gobierno-incluida-la-vuelta-de-ganancias\/"]}]},{"@type":"ImageObject","inLanguage":"es-AR","@id":"https:\/\/apuntesdesanluis.com\/index.php\/2024\/05\/01\/diputados-aprobo-el-paquete-fiscal-propuesto-por-el-gobierno-incluida-la-vuelta-de-ganancias\/#primaryimage","url":"https:\/\/apuntesdesanluis.com\/wp-content\/uploads\/2024\/04\/paquete-fiscal.png","contentUrl":"https:\/\/apuntesdesanluis.com\/wp-content\/uploads\/2024\/04\/paquete-fiscal.png","width":588,"height":326},{"@type":"BreadcrumbList","@id":"https:\/\/apuntesdesanluis.com\/index.php\/2024\/05\/01\/diputados-aprobo-el-paquete-fiscal-propuesto-por-el-gobierno-incluida-la-vuelta-de-ganancias\/#breadcrumb","itemListElement":[{"@type":"ListItem","position":1,"name":"Inicio","item":"https:\/\/apuntesdesanluis.com\/"},{"@type":"ListItem","position":2,"name":"DIPUTADOS APROB\u00d3 EL PAQUETE FISCAL PROPUESTO POR EL GOBIERNO, INCLUIDA LA VUELTA DE GANANCIAS"}]},{"@type":"WebSite","@id":"https:\/\/apuntesdesanluis.com\/#website","url":"https:\/\/apuntesdesanluis.com\/","name":"Apuntes de San Luis","description":"","publisher":{"@id":"https:\/\/apuntesdesanluis.com\/#\/schema\/person\/b55151d52296fcce64d1a72538a70b90"},"potentialAction":[{"@type":"SearchAction","target":{"@type":"EntryPoint","urlTemplate":"https:\/\/apuntesdesanluis.com\/?s={search_term_string}"},"query-input":{"@type":"PropertyValueSpecification","valueRequired":true,"valueName":"search_term_string"}}],"inLanguage":"es-AR"},{"@type":["Person","Organization"],"@id":"https:\/\/apuntesdesanluis.com\/#\/schema\/person\/b55151d52296fcce64d1a72538a70b90","name":"apuntesdesanluis.com","image":{"@type":"ImageObject","inLanguage":"es-AR","@id":"https:\/\/apuntesdesanluis.com\/#\/schema\/person\/image\/","url":"https:\/\/apuntesdesanluis.com\/wp-content\/uploads\/2023\/07\/cropped-apuntesdesanluis.png","contentUrl":"https:\/\/apuntesdesanluis.com\/wp-content\/uploads\/2023\/07\/cropped-apuntesdesanluis.png","width":450,"height":112,"caption":"apuntesdesanluis.com"},"logo":{"@id":"https:\/\/apuntesdesanluis.com\/#\/schema\/person\/image\/"},"sameAs":["https:\/\/apuntesdesanluis.com"],"url":"https:\/\/apuntesdesanluis.com\/index.php\/author\/apuntesdesanluis-com\/"}]}},"featured_image_urls":{"full":["https:\/\/apuntesdesanluis.com\/wp-content\/uploads\/2024\/04\/paquete-fiscal.png",588,326,false],"thumbnail":["https:\/\/apuntesdesanluis.com\/wp-content\/uploads\/2024\/04\/paquete-fiscal-150x150.png",150,150,true],"medium":["https:\/\/apuntesdesanluis.com\/wp-content\/uploads\/2024\/04\/paquete-fiscal-300x166.png",300,166,true],"medium_large":["https:\/\/apuntesdesanluis.com\/wp-content\/uploads\/2024\/04\/paquete-fiscal.png",588,326,false],"large":["https:\/\/apuntesdesanluis.com\/wp-content\/uploads\/2024\/04\/paquete-fiscal.png",588,326,false],"1536x1536":["https:\/\/apuntesdesanluis.com\/wp-content\/uploads\/2024\/04\/paquete-fiscal.png",588,326,false],"2048x2048":["https:\/\/apuntesdesanluis.com\/wp-content\/uploads\/2024\/04\/paquete-fiscal.png",588,326,false],"newsever-slider-full":["https:\/\/apuntesdesanluis.com\/wp-content\/uploads\/2024\/04\/paquete-fiscal.png",588,326,false],"newsever-featured":["https:\/\/apuntesdesanluis.com\/wp-content\/uploads\/2024\/04\/paquete-fiscal.png",588,326,false],"newsever-medium":["https:\/\/apuntesdesanluis.com\/wp-content\/uploads\/2024\/04\/paquete-fiscal.png",588,326,false]},"author_info":{"display_name":"apuntesdesanluis.com","author_link":"https:\/\/apuntesdesanluis.com\/index.php\/author\/apuntesdesanluis-com\/"},"category_info":"<a href=\"https:\/\/apuntesdesanluis.com\/index.php\/category\/nacionales-internacionales\/\" rel=\"category tag\">Nacionales\/Internacionales<\/a>","tag_info":"Nacionales\/Internacionales","comment_count":"0","_links":{"self":[{"href":"https:\/\/apuntesdesanluis.com\/index.php\/wp-json\/wp\/v2\/posts\/15543","targetHints":{"allow":["GET"]}}],"collection":[{"href":"https:\/\/apuntesdesanluis.com\/index.php\/wp-json\/wp\/v2\/posts"}],"about":[{"href":"https:\/\/apuntesdesanluis.com\/index.php\/wp-json\/wp\/v2\/types\/post"}],"author":[{"embeddable":true,"href":"https:\/\/apuntesdesanluis.com\/index.php\/wp-json\/wp\/v2\/users\/1"}],"replies":[{"embeddable":true,"href":"https:\/\/apuntesdesanluis.com\/index.php\/wp-json\/wp\/v2\/comments?post=15543"}],"version-history":[{"count":1,"href":"https:\/\/apuntesdesanluis.com\/index.php\/wp-json\/wp\/v2\/posts\/15543\/revisions"}],"predecessor-version":[{"id":15544,"href":"https:\/\/apuntesdesanluis.com\/index.php\/wp-json\/wp\/v2\/posts\/15543\/revisions\/15544"}],"wp:featuredmedia":[{"embeddable":true,"href":"https:\/\/apuntesdesanluis.com\/index.php\/wp-json\/wp\/v2\/media\/15549"}],"wp:attachment":[{"href":"https:\/\/apuntesdesanluis.com\/index.php\/wp-json\/wp\/v2\/media?parent=15543"}],"wp:term":[{"taxonomy":"category","embeddable":true,"href":"https:\/\/apuntesdesanluis.com\/index.php\/wp-json\/wp\/v2\/categories?post=15543"},{"taxonomy":"post_tag","embeddable":true,"href":"https:\/\/apuntesdesanluis.com\/index.php\/wp-json\/wp\/v2\/tags?post=15543"}],"curies":[{"name":"wp","href":"https:\/\/api.w.org\/{rel}","templated":true}]}}