{"id":15545,"date":"2024-05-01T09:17:17","date_gmt":"2024-05-01T12:17:17","guid":{"rendered":"https:\/\/apuntesdesanluis.com\/?p=15545"},"modified":"2024-05-01T09:17:17","modified_gmt":"2024-05-01T12:17:17","slug":"milei-dijo-que-la-media-sancion-a-la-ley-bases-es-un-paso-fundamental-para-sacar-a-argentina-del-pantano","status":"publish","type":"post","link":"https:\/\/apuntesdesanluis.com\/index.php\/2024\/05\/01\/milei-dijo-que-la-media-sancion-a-la-ley-bases-es-un-paso-fundamental-para-sacar-a-argentina-del-pantano\/","title":{"rendered":"MILEI DIJO QUE LA MEDIA SANCI\u00d3N A LA LEY BASES \u201cES UN PASO FUNDAMENTAL PARA SACAR A ARGENTINA DEL PANTANO\u201d"},"content":{"rendered":"<h3>El presidente <strong>Javier Milei<\/strong> celebr\u00f3 este martes la media sanci\u00f3n de la Ley Bases en la C\u00e1mara de Diputados y consider\u00f3 que se trata de \u201cun paso fundamental para sacar a Argentina del pantano\u201d.<\/h3>\n<h3>El Presidente tambi\u00e9n dijo en su cuenta de la red social X que est\u00e1n \u201ccada vez m\u00e1s cerca\u201d de poder llevar a cabo el Pacto de Mayo en C\u00f3rdoba \u201cpara dar inicio a una nueva era de prosperidad para la Argentina\u201d.<\/h3>\n<h3>\u201cLa C\u00e1mara de Diputados de la Naci\u00f3n acaba de aprobar la media sanci\u00f3n de la totalidad de la ley &#8216;Bases y Puntos de Partida para la Libertad de los Argentinos&#8217;\u201d, expres\u00f3 el mandatario que obtuvo su primer gui\u00f1o del Congreso en casi cinco meses de gesti\u00f3n.<\/h3>\n<h3>\u201cEste es un primer paso fundamental para sacar a Argentina del pantano que ha sido las \u00faltimas d\u00e9cadas. Quiero agradecer la enorme tarea de todos los diputados que, entendiendo el momento hist\u00f3rico, decidieron acompa\u00f1ar nuestro proyecto\u201d, agreg\u00f3.<\/h3>\n<h3>Por otro lado, remarc\u00f3 \u201ccon este primer paso estamos cada vez m\u00e1s cerca de poder encontrarnos el 25 de Mayo en La Docta, C\u00f3rdoba, para dar inicio a una nueva era de prosperidad para la Argentina\u201d.<\/h3>\n<h3>Y cerr\u00f3: \u201cComo dec\u00eda el General San Mart\u00edn: \u2018Seamos libres, que lo dem\u00e1s no importa nada\u2019. VIVA LA LIBERTAD CARAJO!!!\u201d.<\/h3>\n<h3>Minutos despu\u00e9s, se difundi\u00f3 un comunicado de la Oficina del Presidente alusivo a la aprobaci\u00f3n de la ley de la c\u00e1mara baja, en el que se expres\u00f3 el reconocimiento a \u201cla labor patri\u00f3tica de los Sres. Diputados Nacionales que colaboraron en su elaboraci\u00f3n, defendieron la norma en el recinto, y apoyaron con su voto las reformas que nuestro pa\u00eds necesita\u201d.<\/h3>\n<h3>\u201cEspecialmente a los Sres. jefes de sus respectivos bloques, Cristian Ritondo, Miguel \u00c1ngel Pichetto y Rodrigo de Loredo, quienes han dejado de lado toda diferencia partidaria en favor de la Naci\u00f3n\u201d, puntualiz\u00f3.<\/h3>\n<h3>El texto remarc\u00f3 que \u201cel pueblo argentino requiere representantes dispuestos a terminar con los privilegios de la casta y la rep\u00fablica corporativa, en pos del futuro y el desarrollo de la Patria. La regencia de los protectores del statu quo concluy\u00f3 el 10 de diciembre\u201d. \u201cEs tiempo de aquellos dispuestos a poner el cuerpo para reinsertarnos en el camino de grandeza que un d\u00eda nos llev\u00f3 a ser un pa\u00eds pr\u00f3spero\u201d, se insisti\u00f3.<\/h3>\n<h3>\u201cLos argentinos que viven de su trabajo, aquellos que dedican sus esfuerzos al estudio y al progreso, quienes anhelan un porvenir prometedor para sus descendientes y las generaciones venideras, aguardan con expectativa que la grandeza vista hoy en el recinto de la Honorable C\u00e1mara de Diputados se reproduzca prontamente en el Senado de la Naci\u00f3n\u201d.<\/h3>\n<h3>Y en un claro mensaje mensaje a los senadores, finaliz\u00f3: \u201cLos representantes de las provincias tienen ahora la responsabilidad hist\u00f3rica de instaurar un verdadero r\u00e9gimen federal que devuelva la dignidad y la libertad a sus pueblos, guiando nuevamente al pa\u00eds hacia la senda de la prosperidad que conducir\u00e1 al resurgimiento de la Rep\u00fablica Argentina como potencia mundial\u201d.<\/h3>\n<p>&nbsp;<\/p>\n<p>&nbsp;<\/p>\n","protected":false},"excerpt":{"rendered":"<p>El presidente Javier Milei celebr\u00f3 este martes la media sanci\u00f3n de la Ley Bases en&#8230;<\/p>\n","protected":false},"author":1,"featured_media":15560,"comment_status":"closed","ping_status":"closed","sticky":false,"template":"","format":"standard","meta":{"footnotes":""},"categories":[5],"tags":[],"class_list":["post-15545","post","type-post","status-publish","format-standard","has-post-thumbnail","hentry","category-nacionales-internacionales"],"yoast_head":"<!-- This site is optimized with the Yoast SEO plugin v26.1.1 - https:\/\/yoast.com\/wordpress\/plugins\/seo\/ -->\n<title>MILEI DIJO QUE LA MEDIA SANCI\u00d3N A LA LEY BASES \u201cES UN PASO FUNDAMENTAL PARA SACAR A ARGENTINA DEL PANTANO\u201d - Apuntes de San Luis<\/title>\n<meta name=\"robots\" content=\"index, follow, max-snippet:-1, max-image-preview:large, max-video-preview:-1\" \/>\n<link rel=\"canonical\" href=\"https:\/\/apuntesdesanluis.com\/index.php\/2024\/05\/01\/milei-dijo-que-la-media-sancion-a-la-ley-bases-es-un-paso-fundamental-para-sacar-a-argentina-del-pantano\/\" \/>\n<meta property=\"og:locale\" content=\"es_ES\" \/>\n<meta property=\"og:type\" content=\"article\" \/>\n<meta property=\"og:title\" content=\"MILEI DIJO QUE LA MEDIA SANCI\u00d3N A LA LEY BASES \u201cES UN PASO FUNDAMENTAL PARA SACAR A ARGENTINA DEL PANTANO\u201d - Apuntes de San Luis\" \/>\n<meta property=\"og:description\" content=\"El presidente Javier Milei celebr\u00f3 este martes la media sanci\u00f3n de la Ley Bases en...\" \/>\n<meta property=\"og:url\" content=\"https:\/\/apuntesdesanluis.com\/index.php\/2024\/05\/01\/milei-dijo-que-la-media-sancion-a-la-ley-bases-es-un-paso-fundamental-para-sacar-a-argentina-del-pantano\/\" \/>\n<meta property=\"og:site_name\" content=\"Apuntes de San Luis\" \/>\n<meta property=\"article:published_time\" content=\"2024-05-01T12:17:17+00:00\" \/>\n<meta property=\"og:image\" content=\"https:\/\/apuntesdesanluis.com\/wp-content\/uploads\/2024\/04\/milei-7.png\" \/>\n\t<meta property=\"og:image:width\" content=\"720\" \/>\n\t<meta property=\"og:image:height\" content=\"441\" \/>\n\t<meta property=\"og:image:type\" content=\"image\/png\" \/>\n<meta name=\"author\" content=\"apuntesdesanluis.com\" \/>\n<meta name=\"twitter:card\" content=\"summary_large_image\" \/>\n<meta name=\"twitter:label1\" content=\"Escrito por\" \/>\n\t<meta name=\"twitter:data1\" content=\"apuntesdesanluis.com\" \/>\n\t<meta name=\"twitter:label2\" content=\"Tiempo de lectura\" \/>\n\t<meta name=\"twitter:data2\" content=\"3 minutos\" \/>\n<script type=\"application\/ld+json\" class=\"yoast-schema-graph\">{\"@context\":\"https:\/\/schema.org\",\"@graph\":[{\"@type\":\"Article\",\"@id\":\"https:\/\/apuntesdesanluis.com\/index.php\/2024\/05\/01\/milei-dijo-que-la-media-sancion-a-la-ley-bases-es-un-paso-fundamental-para-sacar-a-argentina-del-pantano\/#article\",\"isPartOf\":{\"@id\":\"https:\/\/apuntesdesanluis.com\/index.php\/2024\/05\/01\/milei-dijo-que-la-media-sancion-a-la-ley-bases-es-un-paso-fundamental-para-sacar-a-argentina-del-pantano\/\"},\"author\":{\"name\":\"apuntesdesanluis.com\",\"@id\":\"https:\/\/apuntesdesanluis.com\/#\/schema\/person\/b55151d52296fcce64d1a72538a70b90\"},\"headline\":\"MILEI DIJO QUE LA MEDIA SANCI\u00d3N A LA LEY BASES \u201cES UN PASO FUNDAMENTAL PARA SACAR A ARGENTINA DEL PANTANO\u201d\",\"datePublished\":\"2024-05-01T12:17:17+00:00\",\"mainEntityOfPage\":{\"@id\":\"https:\/\/apuntesdesanluis.com\/index.php\/2024\/05\/01\/milei-dijo-que-la-media-sancion-a-la-ley-bases-es-un-paso-fundamental-para-sacar-a-argentina-del-pantano\/\"},\"wordCount\":548,\"publisher\":{\"@id\":\"https:\/\/apuntesdesanluis.com\/#\/schema\/person\/b55151d52296fcce64d1a72538a70b90\"},\"image\":{\"@id\":\"https:\/\/apuntesdesanluis.com\/index.php\/2024\/05\/01\/milei-dijo-que-la-media-sancion-a-la-ley-bases-es-un-paso-fundamental-para-sacar-a-argentina-del-pantano\/#primaryimage\"},\"thumbnailUrl\":\"https:\/\/apuntesdesanluis.com\/wp-content\/uploads\/2024\/04\/milei-7.png\",\"articleSection\":[\"Nacionales\/Internacionales\"],\"inLanguage\":\"es-AR\"},{\"@type\":\"WebPage\",\"@id\":\"https:\/\/apuntesdesanluis.com\/index.php\/2024\/05\/01\/milei-dijo-que-la-media-sancion-a-la-ley-bases-es-un-paso-fundamental-para-sacar-a-argentina-del-pantano\/\",\"url\":\"https:\/\/apuntesdesanluis.com\/index.php\/2024\/05\/01\/milei-dijo-que-la-media-sancion-a-la-ley-bases-es-un-paso-fundamental-para-sacar-a-argentina-del-pantano\/\",\"name\":\"MILEI DIJO QUE LA MEDIA SANCI\u00d3N A LA LEY BASES \u201cES UN PASO FUNDAMENTAL PARA SACAR A ARGENTINA DEL PANTANO\u201d - Apuntes de San Luis\",\"isPartOf\":{\"@id\":\"https:\/\/apuntesdesanluis.com\/#website\"},\"primaryImageOfPage\":{\"@id\":\"https:\/\/apuntesdesanluis.com\/index.php\/2024\/05\/01\/milei-dijo-que-la-media-sancion-a-la-ley-bases-es-un-paso-fundamental-para-sacar-a-argentina-del-pantano\/#primaryimage\"},\"image\":{\"@id\":\"https:\/\/apuntesdesanluis.com\/index.php\/2024\/05\/01\/milei-dijo-que-la-media-sancion-a-la-ley-bases-es-un-paso-fundamental-para-sacar-a-argentina-del-pantano\/#primaryimage\"},\"thumbnailUrl\":\"https:\/\/apuntesdesanluis.com\/wp-content\/uploads\/2024\/04\/milei-7.png\",\"datePublished\":\"2024-05-01T12:17:17+00:00\",\"breadcrumb\":{\"@id\":\"https:\/\/apuntesdesanluis.com\/index.php\/2024\/05\/01\/milei-dijo-que-la-media-sancion-a-la-ley-bases-es-un-paso-fundamental-para-sacar-a-argentina-del-pantano\/#breadcrumb\"},\"inLanguage\":\"es-AR\",\"potentialAction\":[{\"@type\":\"ReadAction\",\"target\":[\"https:\/\/apuntesdesanluis.com\/index.php\/2024\/05\/01\/milei-dijo-que-la-media-sancion-a-la-ley-bases-es-un-paso-fundamental-para-sacar-a-argentina-del-pantano\/\"]}]},{\"@type\":\"ImageObject\",\"inLanguage\":\"es-AR\",\"@id\":\"https:\/\/apuntesdesanluis.com\/index.php\/2024\/05\/01\/milei-dijo-que-la-media-sancion-a-la-ley-bases-es-un-paso-fundamental-para-sacar-a-argentina-del-pantano\/#primaryimage\",\"url\":\"https:\/\/apuntesdesanluis.com\/wp-content\/uploads\/2024\/04\/milei-7.png\",\"contentUrl\":\"https:\/\/apuntesdesanluis.com\/wp-content\/uploads\/2024\/04\/milei-7.png\",\"width\":720,\"height\":441},{\"@type\":\"BreadcrumbList\",\"@id\":\"https:\/\/apuntesdesanluis.com\/index.php\/2024\/05\/01\/milei-dijo-que-la-media-sancion-a-la-ley-bases-es-un-paso-fundamental-para-sacar-a-argentina-del-pantano\/#breadcrumb\",\"itemListElement\":[{\"@type\":\"ListItem\",\"position\":1,\"name\":\"Inicio\",\"item\":\"https:\/\/apuntesdesanluis.com\/\"},{\"@type\":\"ListItem\",\"position\":2,\"name\":\"MILEI DIJO QUE LA MEDIA SANCI\u00d3N A LA LEY BASES \u201cES UN PASO FUNDAMENTAL PARA SACAR A ARGENTINA DEL PANTANO\u201d\"}]},{\"@type\":\"WebSite\",\"@id\":\"https:\/\/apuntesdesanluis.com\/#website\",\"url\":\"https:\/\/apuntesdesanluis.com\/\",\"name\":\"Apuntes de San Luis\",\"description\":\"\",\"publisher\":{\"@id\":\"https:\/\/apuntesdesanluis.com\/#\/schema\/person\/b55151d52296fcce64d1a72538a70b90\"},\"potentialAction\":[{\"@type\":\"SearchAction\",\"target\":{\"@type\":\"EntryPoint\",\"urlTemplate\":\"https:\/\/apuntesdesanluis.com\/?s={search_term_string}\"},\"query-input\":{\"@type\":\"PropertyValueSpecification\",\"valueRequired\":true,\"valueName\":\"search_term_string\"}}],\"inLanguage\":\"es-AR\"},{\"@type\":[\"Person\",\"Organization\"],\"@id\":\"https:\/\/apuntesdesanluis.com\/#\/schema\/person\/b55151d52296fcce64d1a72538a70b90\",\"name\":\"apuntesdesanluis.com\",\"image\":{\"@type\":\"ImageObject\",\"inLanguage\":\"es-AR\",\"@id\":\"https:\/\/apuntesdesanluis.com\/#\/schema\/person\/image\/\",\"url\":\"https:\/\/apuntesdesanluis.com\/wp-content\/uploads\/2023\/07\/cropped-apuntesdesanluis.png\",\"contentUrl\":\"https:\/\/apuntesdesanluis.com\/wp-content\/uploads\/2023\/07\/cropped-apuntesdesanluis.png\",\"width\":450,\"height\":112,\"caption\":\"apuntesdesanluis.com\"},\"logo\":{\"@id\":\"https:\/\/apuntesdesanluis.com\/#\/schema\/person\/image\/\"},\"sameAs\":[\"https:\/\/apuntesdesanluis.com\"],\"url\":\"https:\/\/apuntesdesanluis.com\/index.php\/author\/apuntesdesanluis-com\/\"}]}<\/script>\n<!-- \/ Yoast SEO plugin. -->","yoast_head_json":{"title":"MILEI DIJO QUE LA MEDIA SANCI\u00d3N A LA LEY BASES \u201cES UN PASO FUNDAMENTAL PARA SACAR A ARGENTINA DEL PANTANO\u201d - Apuntes de San Luis","robots":{"index":"index","follow":"follow","max-snippet":"max-snippet:-1","max-image-preview":"max-image-preview:large","max-video-preview":"max-video-preview:-1"},"canonical":"https:\/\/apuntesdesanluis.com\/index.php\/2024\/05\/01\/milei-dijo-que-la-media-sancion-a-la-ley-bases-es-un-paso-fundamental-para-sacar-a-argentina-del-pantano\/","og_locale":"es_ES","og_type":"article","og_title":"MILEI DIJO QUE LA MEDIA SANCI\u00d3N A LA LEY BASES \u201cES UN PASO FUNDAMENTAL PARA SACAR A ARGENTINA DEL PANTANO\u201d - Apuntes de San Luis","og_description":"El presidente Javier Milei celebr\u00f3 este martes la media sanci\u00f3n de la Ley Bases en...","og_url":"https:\/\/apuntesdesanluis.com\/index.php\/2024\/05\/01\/milei-dijo-que-la-media-sancion-a-la-ley-bases-es-un-paso-fundamental-para-sacar-a-argentina-del-pantano\/","og_site_name":"Apuntes de San Luis","article_published_time":"2024-05-01T12:17:17+00:00","og_image":[{"width":720,"height":441,"url":"https:\/\/apuntesdesanluis.com\/wp-content\/uploads\/2024\/04\/milei-7.png","type":"image\/png"}],"author":"apuntesdesanluis.com","twitter_card":"summary_large_image","twitter_misc":{"Escrito por":"apuntesdesanluis.com","Tiempo de lectura":"3 minutos"},"schema":{"@context":"https:\/\/schema.org","@graph":[{"@type":"Article","@id":"https:\/\/apuntesdesanluis.com\/index.php\/2024\/05\/01\/milei-dijo-que-la-media-sancion-a-la-ley-bases-es-un-paso-fundamental-para-sacar-a-argentina-del-pantano\/#article","isPartOf":{"@id":"https:\/\/apuntesdesanluis.com\/index.php\/2024\/05\/01\/milei-dijo-que-la-media-sancion-a-la-ley-bases-es-un-paso-fundamental-para-sacar-a-argentina-del-pantano\/"},"author":{"name":"apuntesdesanluis.com","@id":"https:\/\/apuntesdesanluis.com\/#\/schema\/person\/b55151d52296fcce64d1a72538a70b90"},"headline":"MILEI DIJO QUE LA MEDIA SANCI\u00d3N A LA LEY BASES \u201cES UN PASO FUNDAMENTAL PARA SACAR A ARGENTINA DEL PANTANO\u201d","datePublished":"2024-05-01T12:17:17+00:00","mainEntityOfPage":{"@id":"https:\/\/apuntesdesanluis.com\/index.php\/2024\/05\/01\/milei-dijo-que-la-media-sancion-a-la-ley-bases-es-un-paso-fundamental-para-sacar-a-argentina-del-pantano\/"},"wordCount":548,"publisher":{"@id":"https:\/\/apuntesdesanluis.com\/#\/schema\/person\/b55151d52296fcce64d1a72538a70b90"},"image":{"@id":"https:\/\/apuntesdesanluis.com\/index.php\/2024\/05\/01\/milei-dijo-que-la-media-sancion-a-la-ley-bases-es-un-paso-fundamental-para-sacar-a-argentina-del-pantano\/#primaryimage"},"thumbnailUrl":"https:\/\/apuntesdesanluis.com\/wp-content\/uploads\/2024\/04\/milei-7.png","articleSection":["Nacionales\/Internacionales"],"inLanguage":"es-AR"},{"@type":"WebPage","@id":"https:\/\/apuntesdesanluis.com\/index.php\/2024\/05\/01\/milei-dijo-que-la-media-sancion-a-la-ley-bases-es-un-paso-fundamental-para-sacar-a-argentina-del-pantano\/","url":"https:\/\/apuntesdesanluis.com\/index.php\/2024\/05\/01\/milei-dijo-que-la-media-sancion-a-la-ley-bases-es-un-paso-fundamental-para-sacar-a-argentina-del-pantano\/","name":"MILEI DIJO QUE LA MEDIA SANCI\u00d3N A LA LEY BASES \u201cES UN PASO FUNDAMENTAL PARA SACAR A ARGENTINA DEL PANTANO\u201d - Apuntes de San Luis","isPartOf":{"@id":"https:\/\/apuntesdesanluis.com\/#website"},"primaryImageOfPage":{"@id":"https:\/\/apuntesdesanluis.com\/index.php\/2024\/05\/01\/milei-dijo-que-la-media-sancion-a-la-ley-bases-es-un-paso-fundamental-para-sacar-a-argentina-del-pantano\/#primaryimage"},"image":{"@id":"https:\/\/apuntesdesanluis.com\/index.php\/2024\/05\/01\/milei-dijo-que-la-media-sancion-a-la-ley-bases-es-un-paso-fundamental-para-sacar-a-argentina-del-pantano\/#primaryimage"},"thumbnailUrl":"https:\/\/apuntesdesanluis.com\/wp-content\/uploads\/2024\/04\/milei-7.png","datePublished":"2024-05-01T12:17:17+00:00","breadcrumb":{"@id":"https:\/\/apuntesdesanluis.com\/index.php\/2024\/05\/01\/milei-dijo-que-la-media-sancion-a-la-ley-bases-es-un-paso-fundamental-para-sacar-a-argentina-del-pantano\/#breadcrumb"},"inLanguage":"es-AR","potentialAction":[{"@type":"ReadAction","target":["https:\/\/apuntesdesanluis.com\/index.php\/2024\/05\/01\/milei-dijo-que-la-media-sancion-a-la-ley-bases-es-un-paso-fundamental-para-sacar-a-argentina-del-pantano\/"]}]},{"@type":"ImageObject","inLanguage":"es-AR","@id":"https:\/\/apuntesdesanluis.com\/index.php\/2024\/05\/01\/milei-dijo-que-la-media-sancion-a-la-ley-bases-es-un-paso-fundamental-para-sacar-a-argentina-del-pantano\/#primaryimage","url":"https:\/\/apuntesdesanluis.com\/wp-content\/uploads\/2024\/04\/milei-7.png","contentUrl":"https:\/\/apuntesdesanluis.com\/wp-content\/uploads\/2024\/04\/milei-7.png","width":720,"height":441},{"@type":"BreadcrumbList","@id":"https:\/\/apuntesdesanluis.com\/index.php\/2024\/05\/01\/milei-dijo-que-la-media-sancion-a-la-ley-bases-es-un-paso-fundamental-para-sacar-a-argentina-del-pantano\/#breadcrumb","itemListElement":[{"@type":"ListItem","position":1,"name":"Inicio","item":"https:\/\/apuntesdesanluis.com\/"},{"@type":"ListItem","position":2,"name":"MILEI DIJO QUE LA MEDIA SANCI\u00d3N A LA LEY BASES \u201cES UN PASO FUNDAMENTAL PARA SACAR A ARGENTINA DEL PANTANO\u201d"}]},{"@type":"WebSite","@id":"https:\/\/apuntesdesanluis.com\/#website","url":"https:\/\/apuntesdesanluis.com\/","name":"Apuntes de San Luis","description":"","publisher":{"@id":"https:\/\/apuntesdesanluis.com\/#\/schema\/person\/b55151d52296fcce64d1a72538a70b90"},"potentialAction":[{"@type":"SearchAction","target":{"@type":"EntryPoint","urlTemplate":"https:\/\/apuntesdesanluis.com\/?s={search_term_string}"},"query-input":{"@type":"PropertyValueSpecification","valueRequired":true,"valueName":"search_term_string"}}],"inLanguage":"es-AR"},{"@type":["Person","Organization"],"@id":"https:\/\/apuntesdesanluis.com\/#\/schema\/person\/b55151d52296fcce64d1a72538a70b90","name":"apuntesdesanluis.com","image":{"@type":"ImageObject","inLanguage":"es-AR","@id":"https:\/\/apuntesdesanluis.com\/#\/schema\/person\/image\/","url":"https:\/\/apuntesdesanluis.com\/wp-content\/uploads\/2023\/07\/cropped-apuntesdesanluis.png","contentUrl":"https:\/\/apuntesdesanluis.com\/wp-content\/uploads\/2023\/07\/cropped-apuntesdesanluis.png","width":450,"height":112,"caption":"apuntesdesanluis.com"},"logo":{"@id":"https:\/\/apuntesdesanluis.com\/#\/schema\/person\/image\/"},"sameAs":["https:\/\/apuntesdesanluis.com"],"url":"https:\/\/apuntesdesanluis.com\/index.php\/author\/apuntesdesanluis-com\/"}]}},"featured_image_urls":{"full":["https:\/\/apuntesdesanluis.com\/wp-content\/uploads\/2024\/04\/milei-7.png",720,441,false],"thumbnail":["https:\/\/apuntesdesanluis.com\/wp-content\/uploads\/2024\/04\/milei-7-150x150.png",150,150,true],"medium":["https:\/\/apuntesdesanluis.com\/wp-content\/uploads\/2024\/04\/milei-7-300x184.png",300,184,true],"medium_large":["https:\/\/apuntesdesanluis.com\/wp-content\/uploads\/2024\/04\/milei-7.png",640,392,false],"large":["https:\/\/apuntesdesanluis.com\/wp-content\/uploads\/2024\/04\/milei-7.png",640,392,false],"1536x1536":["https:\/\/apuntesdesanluis.com\/wp-content\/uploads\/2024\/04\/milei-7.png",720,441,false],"2048x2048":["https:\/\/apuntesdesanluis.com\/wp-content\/uploads\/2024\/04\/milei-7.png",720,441,false],"newsever-slider-full":["https:\/\/apuntesdesanluis.com\/wp-content\/uploads\/2024\/04\/milei-7.png",720,441,false],"newsever-featured":["https:\/\/apuntesdesanluis.com\/wp-content\/uploads\/2024\/04\/milei-7.png",720,441,false],"newsever-medium":["https:\/\/apuntesdesanluis.com\/wp-content\/uploads\/2024\/04\/milei-7.png",720,441,false]},"author_info":{"display_name":"apuntesdesanluis.com","author_link":"https:\/\/apuntesdesanluis.com\/index.php\/author\/apuntesdesanluis-com\/"},"category_info":"<a href=\"https:\/\/apuntesdesanluis.com\/index.php\/category\/nacionales-internacionales\/\" rel=\"category tag\">Nacionales\/Internacionales<\/a>","tag_info":"Nacionales\/Internacionales","comment_count":"0","_links":{"self":[{"href":"https:\/\/apuntesdesanluis.com\/index.php\/wp-json\/wp\/v2\/posts\/15545","targetHints":{"allow":["GET"]}}],"collection":[{"href":"https:\/\/apuntesdesanluis.com\/index.php\/wp-json\/wp\/v2\/posts"}],"about":[{"href":"https:\/\/apuntesdesanluis.com\/index.php\/wp-json\/wp\/v2\/types\/post"}],"author":[{"embeddable":true,"href":"https:\/\/apuntesdesanluis.com\/index.php\/wp-json\/wp\/v2\/users\/1"}],"replies":[{"embeddable":true,"href":"https:\/\/apuntesdesanluis.com\/index.php\/wp-json\/wp\/v2\/comments?post=15545"}],"version-history":[{"count":1,"href":"https:\/\/apuntesdesanluis.com\/index.php\/wp-json\/wp\/v2\/posts\/15545\/revisions"}],"predecessor-version":[{"id":15546,"href":"https:\/\/apuntesdesanluis.com\/index.php\/wp-json\/wp\/v2\/posts\/15545\/revisions\/15546"}],"wp:featuredmedia":[{"embeddable":true,"href":"https:\/\/apuntesdesanluis.com\/index.php\/wp-json\/wp\/v2\/media\/15560"}],"wp:attachment":[{"href":"https:\/\/apuntesdesanluis.com\/index.php\/wp-json\/wp\/v2\/media?parent=15545"}],"wp:term":[{"taxonomy":"category","embeddable":true,"href":"https:\/\/apuntesdesanluis.com\/index.php\/wp-json\/wp\/v2\/categories?post=15545"},{"taxonomy":"post_tag","embeddable":true,"href":"https:\/\/apuntesdesanluis.com\/index.php\/wp-json\/wp\/v2\/tags?post=15545"}],"curies":[{"name":"wp","href":"https:\/\/api.w.org\/{rel}","templated":true}]}}