{"id":15553,"date":"2024-04-30T09:05:01","date_gmt":"2024-04-30T12:05:01","guid":{"rendered":"https:\/\/apuntesdesanluis.com\/?p=15553"},"modified":"2024-05-01T09:07:16","modified_gmt":"2024-05-01T12:07:16","slug":"acuerdo-conciliatorio-con-ocupas-de-una-casa-en-villa-mercedes","status":"publish","type":"post","link":"https:\/\/apuntesdesanluis.com\/index.php\/2024\/04\/30\/acuerdo-conciliatorio-con-ocupas-de-una-casa-en-villa-mercedes\/","title":{"rendered":"ACUERDO CONCILIATORIO CON OCUPAS DE UNA CASA EN VILLA MERCEDES"},"content":{"rendered":"<h3>El inmueble objeto del conflicto est\u00e1 ubicado en la calle Tucum\u00e1n al 400, de Villa Mercedes. Los ocupantes deber\u00e1n desocuparlo en un plazo de 60 d\u00edas.<\/h3>\n<h3>Un grupo de personas a las que se les formul\u00f3 cargos por el delito de usurpaci\u00f3n deber\u00e1 desocupar un inmueble en un plazo de 60 d\u00edas. As\u00ed lo dispuso el Dr. Santiago Ortiz, Juez de Garant\u00eda N\u00ba 4 de la Segunda Circunscripci\u00f3n Judicial, en una audiencia que se desarroll\u00f3 en la ma\u00f1ana del martes, en la que las partes propusieron concluir la causa mediante un acuerdo conciliatorio.<\/h3>\n<h3>En primer lugar, la Dra. Ximena Bertoli \u2013 Defensora Adjunta, en representaci\u00f3n de los imputados \u2013 explic\u00f3 el alcance del acuerdo arribado en los t\u00e9rminos del Art. 223 del C\u00f3digo de Procedimiento Penal de la Provincia de San Luis. Asegur\u00f3 que el mismo consiste en la desocupaci\u00f3n del inmueble en un plazo de sesenta d\u00edas. Y solicit\u00f3 se fije una audiencia vencido ese plazo donde solicitar\u00e1n la extinci\u00f3n de la acci\u00f3n penal.<\/h3>\n<h3>\u201cCon respecto al acuerdo voy a adherir al mismo entendiendo que las circunstancias hacen posible la aplicaci\u00f3n de la conciliaci\u00f3n\u201d, dijo el Dr. Jos\u00e9 Olgu\u00edn, Fiscal de Instrucci\u00f3n. Mencion\u00f3 las circunstancias personales de los ocupantes y las condiciones del inmueble.<\/h3>\n<h3>Asimismo, agreg\u00f3 que el acuerdo deber\u00e1 verificarse con la entrega del inmueble.<\/h3>\n<h3>En la audiencia tambi\u00e9n particip\u00f3 la denunciante, quien expres\u00f3 su consentimiento al acuerdo y la preocupaci\u00f3n por que efectivamente se produzca la desocupaci\u00f3n del inmueble.<\/h3>\n<h3>Luego de escuchar a las partes, el Dr. Santiago Ortiz dispuso que el 01\/07\/2024 se deber\u00e1 constituir un Oficial de Justicia para constatar la desocupaci\u00f3n del inmueble bajo apercibimiento de desalojarlos inmediatamente con presencia de personal policial y poner a disposici\u00f3n de los herederos el inmueble. Asimismo, comunic\u00f3 que, una vez que se cuente con el acta de desocupaci\u00f3n, se fijar\u00e1 audiencia para la extinci\u00f3n de la acci\u00f3n penal y posterior sobreseimiento.<\/h3>\n<h3>Tambi\u00e9n particip\u00f3 de la audiencia la Dra. Victoria Suarez -Defensora Oficial- . Intervino como secretaria la Dra. Nadia Segura.<\/h3>\n<p>&nbsp;<\/p>\n<p>&nbsp;<\/p>\n<p>&nbsp;<\/p>\n","protected":false},"excerpt":{"rendered":"<p>El inmueble objeto del conflicto est\u00e1 ubicado en la calle Tucum\u00e1n al 400, de Villa&#8230;<\/p>\n","protected":false},"author":1,"featured_media":15554,"comment_status":"closed","ping_status":"closed","sticky":false,"template":"","format":"standard","meta":{"footnotes":""},"categories":[6],"tags":[],"class_list":["post-15553","post","type-post","status-publish","format-standard","has-post-thumbnail","hentry","category-ciudad-provincia"],"yoast_head":"<!-- This site is optimized with the Yoast SEO plugin v26.1.1 - https:\/\/yoast.com\/wordpress\/plugins\/seo\/ -->\n<title>ACUERDO CONCILIATORIO CON OCUPAS DE UNA CASA EN VILLA MERCEDES - Apuntes de San Luis<\/title>\n<meta name=\"robots\" content=\"index, follow, max-snippet:-1, max-image-preview:large, max-video-preview:-1\" \/>\n<link rel=\"canonical\" href=\"https:\/\/apuntesdesanluis.com\/index.php\/2024\/04\/30\/acuerdo-conciliatorio-con-ocupas-de-una-casa-en-villa-mercedes\/\" \/>\n<meta property=\"og:locale\" content=\"es_ES\" \/>\n<meta property=\"og:type\" content=\"article\" \/>\n<meta property=\"og:title\" content=\"ACUERDO CONCILIATORIO CON OCUPAS DE UNA CASA EN VILLA MERCEDES - Apuntes de San Luis\" \/>\n<meta property=\"og:description\" content=\"El inmueble objeto del conflicto est\u00e1 ubicado en la calle Tucum\u00e1n al 400, de Villa...\" \/>\n<meta property=\"og:url\" content=\"https:\/\/apuntesdesanluis.com\/index.php\/2024\/04\/30\/acuerdo-conciliatorio-con-ocupas-de-una-casa-en-villa-mercedes\/\" \/>\n<meta property=\"og:site_name\" content=\"Apuntes de San Luis\" \/>\n<meta property=\"article:published_time\" content=\"2024-04-30T12:05:01+00:00\" \/>\n<meta property=\"article:modified_time\" content=\"2024-05-01T12:07:16+00:00\" \/>\n<meta property=\"og:image\" content=\"https:\/\/apuntesdesanluis.com\/wp-content\/uploads\/2024\/05\/AUDIENCIA.png\" \/>\n\t<meta property=\"og:image:width\" content=\"691\" \/>\n\t<meta property=\"og:image:height\" content=\"359\" \/>\n\t<meta property=\"og:image:type\" content=\"image\/png\" \/>\n<meta name=\"author\" content=\"apuntesdesanluis.com\" \/>\n<meta name=\"twitter:card\" content=\"summary_large_image\" \/>\n<meta name=\"twitter:label1\" content=\"Escrito por\" \/>\n\t<meta name=\"twitter:data1\" content=\"apuntesdesanluis.com\" \/>\n\t<meta name=\"twitter:label2\" content=\"Tiempo de lectura\" \/>\n\t<meta name=\"twitter:data2\" content=\"2 minutos\" \/>\n<script type=\"application\/ld+json\" class=\"yoast-schema-graph\">{\"@context\":\"https:\/\/schema.org\",\"@graph\":[{\"@type\":\"Article\",\"@id\":\"https:\/\/apuntesdesanluis.com\/index.php\/2024\/04\/30\/acuerdo-conciliatorio-con-ocupas-de-una-casa-en-villa-mercedes\/#article\",\"isPartOf\":{\"@id\":\"https:\/\/apuntesdesanluis.com\/index.php\/2024\/04\/30\/acuerdo-conciliatorio-con-ocupas-de-una-casa-en-villa-mercedes\/\"},\"author\":{\"name\":\"apuntesdesanluis.com\",\"@id\":\"https:\/\/apuntesdesanluis.com\/#\/schema\/person\/b55151d52296fcce64d1a72538a70b90\"},\"headline\":\"ACUERDO CONCILIATORIO CON OCUPAS DE UNA CASA EN VILLA MERCEDES\",\"datePublished\":\"2024-04-30T12:05:01+00:00\",\"dateModified\":\"2024-05-01T12:07:16+00:00\",\"mainEntityOfPage\":{\"@id\":\"https:\/\/apuntesdesanluis.com\/index.php\/2024\/04\/30\/acuerdo-conciliatorio-con-ocupas-de-una-casa-en-villa-mercedes\/\"},\"wordCount\":366,\"publisher\":{\"@id\":\"https:\/\/apuntesdesanluis.com\/#\/schema\/person\/b55151d52296fcce64d1a72538a70b90\"},\"image\":{\"@id\":\"https:\/\/apuntesdesanluis.com\/index.php\/2024\/04\/30\/acuerdo-conciliatorio-con-ocupas-de-una-casa-en-villa-mercedes\/#primaryimage\"},\"thumbnailUrl\":\"https:\/\/apuntesdesanluis.com\/wp-content\/uploads\/2024\/05\/AUDIENCIA.png\",\"articleSection\":[\"Ciudad\/Provincia\"],\"inLanguage\":\"es-AR\"},{\"@type\":\"WebPage\",\"@id\":\"https:\/\/apuntesdesanluis.com\/index.php\/2024\/04\/30\/acuerdo-conciliatorio-con-ocupas-de-una-casa-en-villa-mercedes\/\",\"url\":\"https:\/\/apuntesdesanluis.com\/index.php\/2024\/04\/30\/acuerdo-conciliatorio-con-ocupas-de-una-casa-en-villa-mercedes\/\",\"name\":\"ACUERDO CONCILIATORIO CON OCUPAS DE UNA CASA EN VILLA MERCEDES - Apuntes de San Luis\",\"isPartOf\":{\"@id\":\"https:\/\/apuntesdesanluis.com\/#website\"},\"primaryImageOfPage\":{\"@id\":\"https:\/\/apuntesdesanluis.com\/index.php\/2024\/04\/30\/acuerdo-conciliatorio-con-ocupas-de-una-casa-en-villa-mercedes\/#primaryimage\"},\"image\":{\"@id\":\"https:\/\/apuntesdesanluis.com\/index.php\/2024\/04\/30\/acuerdo-conciliatorio-con-ocupas-de-una-casa-en-villa-mercedes\/#primaryimage\"},\"thumbnailUrl\":\"https:\/\/apuntesdesanluis.com\/wp-content\/uploads\/2024\/05\/AUDIENCIA.png\",\"datePublished\":\"2024-04-30T12:05:01+00:00\",\"dateModified\":\"2024-05-01T12:07:16+00:00\",\"breadcrumb\":{\"@id\":\"https:\/\/apuntesdesanluis.com\/index.php\/2024\/04\/30\/acuerdo-conciliatorio-con-ocupas-de-una-casa-en-villa-mercedes\/#breadcrumb\"},\"inLanguage\":\"es-AR\",\"potentialAction\":[{\"@type\":\"ReadAction\",\"target\":[\"https:\/\/apuntesdesanluis.com\/index.php\/2024\/04\/30\/acuerdo-conciliatorio-con-ocupas-de-una-casa-en-villa-mercedes\/\"]}]},{\"@type\":\"ImageObject\",\"inLanguage\":\"es-AR\",\"@id\":\"https:\/\/apuntesdesanluis.com\/index.php\/2024\/04\/30\/acuerdo-conciliatorio-con-ocupas-de-una-casa-en-villa-mercedes\/#primaryimage\",\"url\":\"https:\/\/apuntesdesanluis.com\/wp-content\/uploads\/2024\/05\/AUDIENCIA.png\",\"contentUrl\":\"https:\/\/apuntesdesanluis.com\/wp-content\/uploads\/2024\/05\/AUDIENCIA.png\",\"width\":691,\"height\":359},{\"@type\":\"BreadcrumbList\",\"@id\":\"https:\/\/apuntesdesanluis.com\/index.php\/2024\/04\/30\/acuerdo-conciliatorio-con-ocupas-de-una-casa-en-villa-mercedes\/#breadcrumb\",\"itemListElement\":[{\"@type\":\"ListItem\",\"position\":1,\"name\":\"Inicio\",\"item\":\"https:\/\/apuntesdesanluis.com\/\"},{\"@type\":\"ListItem\",\"position\":2,\"name\":\"ACUERDO CONCILIATORIO CON OCUPAS DE UNA CASA EN VILLA MERCEDES\"}]},{\"@type\":\"WebSite\",\"@id\":\"https:\/\/apuntesdesanluis.com\/#website\",\"url\":\"https:\/\/apuntesdesanluis.com\/\",\"name\":\"Apuntes de San Luis\",\"description\":\"\",\"publisher\":{\"@id\":\"https:\/\/apuntesdesanluis.com\/#\/schema\/person\/b55151d52296fcce64d1a72538a70b90\"},\"potentialAction\":[{\"@type\":\"SearchAction\",\"target\":{\"@type\":\"EntryPoint\",\"urlTemplate\":\"https:\/\/apuntesdesanluis.com\/?s={search_term_string}\"},\"query-input\":{\"@type\":\"PropertyValueSpecification\",\"valueRequired\":true,\"valueName\":\"search_term_string\"}}],\"inLanguage\":\"es-AR\"},{\"@type\":[\"Person\",\"Organization\"],\"@id\":\"https:\/\/apuntesdesanluis.com\/#\/schema\/person\/b55151d52296fcce64d1a72538a70b90\",\"name\":\"apuntesdesanluis.com\",\"image\":{\"@type\":\"ImageObject\",\"inLanguage\":\"es-AR\",\"@id\":\"https:\/\/apuntesdesanluis.com\/#\/schema\/person\/image\/\",\"url\":\"https:\/\/apuntesdesanluis.com\/wp-content\/uploads\/2023\/07\/cropped-apuntesdesanluis.png\",\"contentUrl\":\"https:\/\/apuntesdesanluis.com\/wp-content\/uploads\/2023\/07\/cropped-apuntesdesanluis.png\",\"width\":450,\"height\":112,\"caption\":\"apuntesdesanluis.com\"},\"logo\":{\"@id\":\"https:\/\/apuntesdesanluis.com\/#\/schema\/person\/image\/\"},\"sameAs\":[\"https:\/\/apuntesdesanluis.com\"],\"url\":\"https:\/\/apuntesdesanluis.com\/index.php\/author\/apuntesdesanluis-com\/\"}]}<\/script>\n<!-- \/ Yoast SEO plugin. -->","yoast_head_json":{"title":"ACUERDO CONCILIATORIO CON OCUPAS DE UNA CASA EN VILLA MERCEDES - Apuntes de San Luis","robots":{"index":"index","follow":"follow","max-snippet":"max-snippet:-1","max-image-preview":"max-image-preview:large","max-video-preview":"max-video-preview:-1"},"canonical":"https:\/\/apuntesdesanluis.com\/index.php\/2024\/04\/30\/acuerdo-conciliatorio-con-ocupas-de-una-casa-en-villa-mercedes\/","og_locale":"es_ES","og_type":"article","og_title":"ACUERDO CONCILIATORIO CON OCUPAS DE UNA CASA EN VILLA MERCEDES - Apuntes de San Luis","og_description":"El inmueble objeto del conflicto est\u00e1 ubicado en la calle Tucum\u00e1n al 400, de Villa...","og_url":"https:\/\/apuntesdesanluis.com\/index.php\/2024\/04\/30\/acuerdo-conciliatorio-con-ocupas-de-una-casa-en-villa-mercedes\/","og_site_name":"Apuntes de San Luis","article_published_time":"2024-04-30T12:05:01+00:00","article_modified_time":"2024-05-01T12:07:16+00:00","og_image":[{"width":691,"height":359,"url":"https:\/\/apuntesdesanluis.com\/wp-content\/uploads\/2024\/05\/AUDIENCIA.png","type":"image\/png"}],"author":"apuntesdesanluis.com","twitter_card":"summary_large_image","twitter_misc":{"Escrito por":"apuntesdesanluis.com","Tiempo de lectura":"2 minutos"},"schema":{"@context":"https:\/\/schema.org","@graph":[{"@type":"Article","@id":"https:\/\/apuntesdesanluis.com\/index.php\/2024\/04\/30\/acuerdo-conciliatorio-con-ocupas-de-una-casa-en-villa-mercedes\/#article","isPartOf":{"@id":"https:\/\/apuntesdesanluis.com\/index.php\/2024\/04\/30\/acuerdo-conciliatorio-con-ocupas-de-una-casa-en-villa-mercedes\/"},"author":{"name":"apuntesdesanluis.com","@id":"https:\/\/apuntesdesanluis.com\/#\/schema\/person\/b55151d52296fcce64d1a72538a70b90"},"headline":"ACUERDO CONCILIATORIO CON OCUPAS DE UNA CASA EN VILLA MERCEDES","datePublished":"2024-04-30T12:05:01+00:00","dateModified":"2024-05-01T12:07:16+00:00","mainEntityOfPage":{"@id":"https:\/\/apuntesdesanluis.com\/index.php\/2024\/04\/30\/acuerdo-conciliatorio-con-ocupas-de-una-casa-en-villa-mercedes\/"},"wordCount":366,"publisher":{"@id":"https:\/\/apuntesdesanluis.com\/#\/schema\/person\/b55151d52296fcce64d1a72538a70b90"},"image":{"@id":"https:\/\/apuntesdesanluis.com\/index.php\/2024\/04\/30\/acuerdo-conciliatorio-con-ocupas-de-una-casa-en-villa-mercedes\/#primaryimage"},"thumbnailUrl":"https:\/\/apuntesdesanluis.com\/wp-content\/uploads\/2024\/05\/AUDIENCIA.png","articleSection":["Ciudad\/Provincia"],"inLanguage":"es-AR"},{"@type":"WebPage","@id":"https:\/\/apuntesdesanluis.com\/index.php\/2024\/04\/30\/acuerdo-conciliatorio-con-ocupas-de-una-casa-en-villa-mercedes\/","url":"https:\/\/apuntesdesanluis.com\/index.php\/2024\/04\/30\/acuerdo-conciliatorio-con-ocupas-de-una-casa-en-villa-mercedes\/","name":"ACUERDO CONCILIATORIO CON OCUPAS DE UNA CASA EN VILLA MERCEDES - Apuntes de San Luis","isPartOf":{"@id":"https:\/\/apuntesdesanluis.com\/#website"},"primaryImageOfPage":{"@id":"https:\/\/apuntesdesanluis.com\/index.php\/2024\/04\/30\/acuerdo-conciliatorio-con-ocupas-de-una-casa-en-villa-mercedes\/#primaryimage"},"image":{"@id":"https:\/\/apuntesdesanluis.com\/index.php\/2024\/04\/30\/acuerdo-conciliatorio-con-ocupas-de-una-casa-en-villa-mercedes\/#primaryimage"},"thumbnailUrl":"https:\/\/apuntesdesanluis.com\/wp-content\/uploads\/2024\/05\/AUDIENCIA.png","datePublished":"2024-04-30T12:05:01+00:00","dateModified":"2024-05-01T12:07:16+00:00","breadcrumb":{"@id":"https:\/\/apuntesdesanluis.com\/index.php\/2024\/04\/30\/acuerdo-conciliatorio-con-ocupas-de-una-casa-en-villa-mercedes\/#breadcrumb"},"inLanguage":"es-AR","potentialAction":[{"@type":"ReadAction","target":["https:\/\/apuntesdesanluis.com\/index.php\/2024\/04\/30\/acuerdo-conciliatorio-con-ocupas-de-una-casa-en-villa-mercedes\/"]}]},{"@type":"ImageObject","inLanguage":"es-AR","@id":"https:\/\/apuntesdesanluis.com\/index.php\/2024\/04\/30\/acuerdo-conciliatorio-con-ocupas-de-una-casa-en-villa-mercedes\/#primaryimage","url":"https:\/\/apuntesdesanluis.com\/wp-content\/uploads\/2024\/05\/AUDIENCIA.png","contentUrl":"https:\/\/apuntesdesanluis.com\/wp-content\/uploads\/2024\/05\/AUDIENCIA.png","width":691,"height":359},{"@type":"BreadcrumbList","@id":"https:\/\/apuntesdesanluis.com\/index.php\/2024\/04\/30\/acuerdo-conciliatorio-con-ocupas-de-una-casa-en-villa-mercedes\/#breadcrumb","itemListElement":[{"@type":"ListItem","position":1,"name":"Inicio","item":"https:\/\/apuntesdesanluis.com\/"},{"@type":"ListItem","position":2,"name":"ACUERDO CONCILIATORIO CON OCUPAS DE UNA CASA EN VILLA MERCEDES"}]},{"@type":"WebSite","@id":"https:\/\/apuntesdesanluis.com\/#website","url":"https:\/\/apuntesdesanluis.com\/","name":"Apuntes de San Luis","description":"","publisher":{"@id":"https:\/\/apuntesdesanluis.com\/#\/schema\/person\/b55151d52296fcce64d1a72538a70b90"},"potentialAction":[{"@type":"SearchAction","target":{"@type":"EntryPoint","urlTemplate":"https:\/\/apuntesdesanluis.com\/?s={search_term_string}"},"query-input":{"@type":"PropertyValueSpecification","valueRequired":true,"valueName":"search_term_string"}}],"inLanguage":"es-AR"},{"@type":["Person","Organization"],"@id":"https:\/\/apuntesdesanluis.com\/#\/schema\/person\/b55151d52296fcce64d1a72538a70b90","name":"apuntesdesanluis.com","image":{"@type":"ImageObject","inLanguage":"es-AR","@id":"https:\/\/apuntesdesanluis.com\/#\/schema\/person\/image\/","url":"https:\/\/apuntesdesanluis.com\/wp-content\/uploads\/2023\/07\/cropped-apuntesdesanluis.png","contentUrl":"https:\/\/apuntesdesanluis.com\/wp-content\/uploads\/2023\/07\/cropped-apuntesdesanluis.png","width":450,"height":112,"caption":"apuntesdesanluis.com"},"logo":{"@id":"https:\/\/apuntesdesanluis.com\/#\/schema\/person\/image\/"},"sameAs":["https:\/\/apuntesdesanluis.com"],"url":"https:\/\/apuntesdesanluis.com\/index.php\/author\/apuntesdesanluis-com\/"}]}},"featured_image_urls":{"full":["https:\/\/apuntesdesanluis.com\/wp-content\/uploads\/2024\/05\/AUDIENCIA.png",691,359,false],"thumbnail":["https:\/\/apuntesdesanluis.com\/wp-content\/uploads\/2024\/05\/AUDIENCIA-150x150.png",150,150,true],"medium":["https:\/\/apuntesdesanluis.com\/wp-content\/uploads\/2024\/05\/AUDIENCIA-300x156.png",300,156,true],"medium_large":["https:\/\/apuntesdesanluis.com\/wp-content\/uploads\/2024\/05\/AUDIENCIA.png",640,333,false],"large":["https:\/\/apuntesdesanluis.com\/wp-content\/uploads\/2024\/05\/AUDIENCIA.png",640,333,false],"1536x1536":["https:\/\/apuntesdesanluis.com\/wp-content\/uploads\/2024\/05\/AUDIENCIA.png",691,359,false],"2048x2048":["https:\/\/apuntesdesanluis.com\/wp-content\/uploads\/2024\/05\/AUDIENCIA.png",691,359,false],"newsever-slider-full":["https:\/\/apuntesdesanluis.com\/wp-content\/uploads\/2024\/05\/AUDIENCIA.png",691,359,false],"newsever-featured":["https:\/\/apuntesdesanluis.com\/wp-content\/uploads\/2024\/05\/AUDIENCIA.png",691,359,false],"newsever-medium":["https:\/\/apuntesdesanluis.com\/wp-content\/uploads\/2024\/05\/AUDIENCIA.png",691,359,false]},"author_info":{"display_name":"apuntesdesanluis.com","author_link":"https:\/\/apuntesdesanluis.com\/index.php\/author\/apuntesdesanluis-com\/"},"category_info":"<a href=\"https:\/\/apuntesdesanluis.com\/index.php\/category\/ciudad-provincia\/\" rel=\"category tag\">Ciudad\/Provincia<\/a>","tag_info":"Ciudad\/Provincia","comment_count":"0","_links":{"self":[{"href":"https:\/\/apuntesdesanluis.com\/index.php\/wp-json\/wp\/v2\/posts\/15553","targetHints":{"allow":["GET"]}}],"collection":[{"href":"https:\/\/apuntesdesanluis.com\/index.php\/wp-json\/wp\/v2\/posts"}],"about":[{"href":"https:\/\/apuntesdesanluis.com\/index.php\/wp-json\/wp\/v2\/types\/post"}],"author":[{"embeddable":true,"href":"https:\/\/apuntesdesanluis.com\/index.php\/wp-json\/wp\/v2\/users\/1"}],"replies":[{"embeddable":true,"href":"https:\/\/apuntesdesanluis.com\/index.php\/wp-json\/wp\/v2\/comments?post=15553"}],"version-history":[{"count":1,"href":"https:\/\/apuntesdesanluis.com\/index.php\/wp-json\/wp\/v2\/posts\/15553\/revisions"}],"predecessor-version":[{"id":15555,"href":"https:\/\/apuntesdesanluis.com\/index.php\/wp-json\/wp\/v2\/posts\/15553\/revisions\/15555"}],"wp:featuredmedia":[{"embeddable":true,"href":"https:\/\/apuntesdesanluis.com\/index.php\/wp-json\/wp\/v2\/media\/15554"}],"wp:attachment":[{"href":"https:\/\/apuntesdesanluis.com\/index.php\/wp-json\/wp\/v2\/media?parent=15553"}],"wp:term":[{"taxonomy":"category","embeddable":true,"href":"https:\/\/apuntesdesanluis.com\/index.php\/wp-json\/wp\/v2\/categories?post=15553"},{"taxonomy":"post_tag","embeddable":true,"href":"https:\/\/apuntesdesanluis.com\/index.php\/wp-json\/wp\/v2\/tags?post=15553"}],"curies":[{"name":"wp","href":"https:\/\/api.w.org\/{rel}","templated":true}]}}