{"id":15569,"date":"2024-05-01T09:44:54","date_gmt":"2024-05-01T12:44:54","guid":{"rendered":"https:\/\/apuntesdesanluis.com\/?p=15569"},"modified":"2024-05-01T09:46:11","modified_gmt":"2024-05-01T12:46:11","slug":"anunciaron-un-megaparo-del-transporte-en-rechazo-a-la-restitucion-de-ganancias","status":"publish","type":"post","link":"https:\/\/apuntesdesanluis.com\/index.php\/2024\/05\/01\/anunciaron-un-megaparo-del-transporte-en-rechazo-a-la-restitucion-de-ganancias\/","title":{"rendered":"ANUNCIARON UN MEGAPARO DEL TRANSPORTE EN RECHAZO A LA RESTITUCI\u00d3N DE GANANCIAS"},"content":{"rendered":"<h3>Ser\u00e1 el pr\u00f3ximo lunes 6 de mayo y afectar\u00e1 durante tres horas al transporte a\u00e9reo, terrestre y mar\u00edtimo.<\/h3>\n<h3>La <strong>Confederaci\u00f3n Argentina de Trabajadores del Transporte<\/strong> (CATT) anunci\u00f3 un mega paro de transporte a\u00e9reo, terrestre y mar\u00edtimo en rechazo al paquete fiscal. La medida se realizar\u00e1 el pr\u00f3ximo lunes 6 de mayo.<\/h3>\n<p><img fetchpriority=\"high\" decoding=\"async\" class=\"wp-image-15571 aligncenter\" src=\"https:\/\/apuntesdesanluis.com\/wp-content\/uploads\/2024\/05\/SCHMITH-300x189.png\" alt=\"\" width=\"614\" height=\"387\" srcset=\"https:\/\/apuntesdesanluis.com\/wp-content\/uploads\/2024\/05\/SCHMITH-300x189.png 300w, https:\/\/apuntesdesanluis.com\/wp-content\/uploads\/2024\/05\/SCHMITH-768x484.png 768w, https:\/\/apuntesdesanluis.com\/wp-content\/uploads\/2024\/05\/SCHMITH.png 858w\" sizes=\"(max-width: 614px) 100vw, 614px\" \/><\/p>\n<h3>La medida de fuerza fue confirmada por el secretario general de la CATT,<strong> Juan Carlos Schmid<\/strong>, v\u00eda su cuenta de X. \u201cEl 6 de mayo en horas de ma\u00f1ana y cerca del mediod\u00eda se interrumpir\u00e1n las actividades en el transporte a\u00e9reo, terrestre, portuario y mar\u00edtimo en rechazo al acuerdo fiscal que nuevamente sanciona el impuesto a las ganancias\u201d, escribi\u00f3 Schmid en su cuenta de X (exTwitter).<\/h3>\n<p><img decoding=\"async\" class=\"wp-image-15570 aligncenter\" src=\"https:\/\/apuntesdesanluis.com\/wp-content\/uploads\/2024\/05\/TUIT-300x174.png\" alt=\"\" width=\"543\" height=\"315\" srcset=\"https:\/\/apuntesdesanluis.com\/wp-content\/uploads\/2024\/05\/TUIT-300x174.png 300w, https:\/\/apuntesdesanluis.com\/wp-content\/uploads\/2024\/05\/TUIT.png 561w\" sizes=\"(max-width: 543px) 100vw, 543px\" \/><\/p>\n<h3>Posteriormente, Schmid sostuvo este martes en declaraciones a\u00a0Radio Con Vos\u00a0que \u201chist\u00f3ricamente hemos cuestionado\u201d el punto del mpuesto a las Ganancias. \u201cHemos batallado por diez a\u00f1os, creemos que el salario no debe ser gravado\u201d, remarc\u00f3.<\/h3>\n<h3>\u201cAdem\u00e1s, no solamente est\u00e1 en juego esta situaci\u00f3n; nosotros creemos que el trazado econ\u00f3mico no es el adecuado. El ajuste no es el adecuado, el recorte sobre las cuentas fiscales sobre uno solo de los sectores, que son los asalariados, los jubilados y los sectores m\u00e1s vulnerables del pa\u00eds\u201d, agreg\u00f3 el dirigente.<\/h3>\n<h3>La medida nacional de los gremios del transporte del 6 de mayo se incorpora a la intensa agenda de acciones de los sindicatos de las centrales obreras, que ma\u00f1ana se movilizar\u00e1n a Plaza de en el D\u00eda Internacional del Trabajador, y el paro nacional del 9 de mayo convocada por las CGT, las dos CTA y los movimientos sociales.<\/h3>\n<h3>En ese contexto de las acciones gremiales contra las medidas econ\u00f3micas de Javier Milei, el sindicato de Aceiteros anunci\u00f3 ayer el comienzo de un \u201cplan de lucha\u201d en conjunto con el gremio local de San Lorenzo (SOEA), que incluye una huelga en las plantas aceiteras y desmotadores del pa\u00eds por tiempo indeterminado por salarios y condiciones laborales dignas para toda la clase trabajadora y en rechazo a la Ley Bases.<\/h3>\n<h3>En el comunicado, la Federaci\u00f3n de Trabajadores del Complejo Industrial Oleaginoso, Desmotadores de Algod\u00f3n y Afines de la Rep\u00fablica Argentina inform\u00f3 que el Gobierno \u201cpretende imponer una regresiva Reforma Laboral con tercerizaci\u00f3n, fraude laboral, facilidad para despidos discriminatorios, reinstalaci\u00f3n del Impuesto a las Ganancias y privatizaciones de empresas del Estado y recursos que son patrimonio de todo el pueblo argentino\u201d.<\/h3>\n<p>&nbsp;<\/p>\n<p>&nbsp;<\/p>\n<p>&nbsp;<\/p>\n<p>&nbsp;<\/p>\n<p>&nbsp;<\/p>\n<p>&nbsp;<\/p>\n","protected":false},"excerpt":{"rendered":"<p>Ser\u00e1 el pr\u00f3ximo lunes 6 de mayo y afectar\u00e1 durante tres horas al transporte a\u00e9reo,&#8230;<\/p>\n","protected":false},"author":1,"featured_media":15573,"comment_status":"closed","ping_status":"closed","sticky":false,"template":"","format":"standard","meta":{"footnotes":""},"categories":[5],"tags":[],"class_list":["post-15569","post","type-post","status-publish","format-standard","has-post-thumbnail","hentry","category-nacionales-internacionales"],"yoast_head":"<!-- This site is optimized with the Yoast SEO plugin v26.1.1 - https:\/\/yoast.com\/wordpress\/plugins\/seo\/ -->\n<title>ANUNCIARON UN MEGAPARO DEL TRANSPORTE EN RECHAZO A LA RESTITUCI\u00d3N DE GANANCIAS - Apuntes de San Luis<\/title>\n<meta name=\"robots\" content=\"index, follow, max-snippet:-1, max-image-preview:large, max-video-preview:-1\" \/>\n<link rel=\"canonical\" href=\"https:\/\/apuntesdesanluis.com\/index.php\/2024\/05\/01\/anunciaron-un-megaparo-del-transporte-en-rechazo-a-la-restitucion-de-ganancias\/\" \/>\n<meta property=\"og:locale\" content=\"es_ES\" \/>\n<meta property=\"og:type\" content=\"article\" \/>\n<meta property=\"og:title\" content=\"ANUNCIARON UN MEGAPARO DEL TRANSPORTE EN RECHAZO A LA RESTITUCI\u00d3N DE GANANCIAS - Apuntes de San Luis\" \/>\n<meta property=\"og:description\" content=\"Ser\u00e1 el pr\u00f3ximo lunes 6 de mayo y afectar\u00e1 durante tres horas al transporte a\u00e9reo,...\" \/>\n<meta property=\"og:url\" content=\"https:\/\/apuntesdesanluis.com\/index.php\/2024\/05\/01\/anunciaron-un-megaparo-del-transporte-en-rechazo-a-la-restitucion-de-ganancias\/\" \/>\n<meta property=\"og:site_name\" content=\"Apuntes de San Luis\" \/>\n<meta property=\"article:published_time\" content=\"2024-05-01T12:44:54+00:00\" \/>\n<meta property=\"article:modified_time\" content=\"2024-05-01T12:46:11+00:00\" \/>\n<meta property=\"og:image\" content=\"https:\/\/apuntesdesanluis.com\/wp-content\/uploads\/2024\/05\/PARO-DEL-TRANSPORTE.png\" \/>\n\t<meta property=\"og:image:width\" content=\"746\" \/>\n\t<meta property=\"og:image:height\" content=\"420\" \/>\n\t<meta property=\"og:image:type\" content=\"image\/png\" \/>\n<meta name=\"author\" content=\"apuntesdesanluis.com\" \/>\n<meta name=\"twitter:card\" content=\"summary_large_image\" \/>\n<meta name=\"twitter:label1\" content=\"Escrito por\" \/>\n\t<meta name=\"twitter:data1\" content=\"apuntesdesanluis.com\" \/>\n\t<meta name=\"twitter:label2\" content=\"Tiempo de lectura\" \/>\n\t<meta name=\"twitter:data2\" content=\"3 minutos\" \/>\n<script type=\"application\/ld+json\" class=\"yoast-schema-graph\">{\"@context\":\"https:\/\/schema.org\",\"@graph\":[{\"@type\":\"Article\",\"@id\":\"https:\/\/apuntesdesanluis.com\/index.php\/2024\/05\/01\/anunciaron-un-megaparo-del-transporte-en-rechazo-a-la-restitucion-de-ganancias\/#article\",\"isPartOf\":{\"@id\":\"https:\/\/apuntesdesanluis.com\/index.php\/2024\/05\/01\/anunciaron-un-megaparo-del-transporte-en-rechazo-a-la-restitucion-de-ganancias\/\"},\"author\":{\"name\":\"apuntesdesanluis.com\",\"@id\":\"https:\/\/apuntesdesanluis.com\/#\/schema\/person\/b55151d52296fcce64d1a72538a70b90\"},\"headline\":\"ANUNCIARON UN MEGAPARO DEL TRANSPORTE EN RECHAZO A LA RESTITUCI\u00d3N DE GANANCIAS\",\"datePublished\":\"2024-05-01T12:44:54+00:00\",\"dateModified\":\"2024-05-01T12:46:11+00:00\",\"mainEntityOfPage\":{\"@id\":\"https:\/\/apuntesdesanluis.com\/index.php\/2024\/05\/01\/anunciaron-un-megaparo-del-transporte-en-rechazo-a-la-restitucion-de-ganancias\/\"},\"wordCount\":438,\"publisher\":{\"@id\":\"https:\/\/apuntesdesanluis.com\/#\/schema\/person\/b55151d52296fcce64d1a72538a70b90\"},\"image\":{\"@id\":\"https:\/\/apuntesdesanluis.com\/index.php\/2024\/05\/01\/anunciaron-un-megaparo-del-transporte-en-rechazo-a-la-restitucion-de-ganancias\/#primaryimage\"},\"thumbnailUrl\":\"https:\/\/apuntesdesanluis.com\/wp-content\/uploads\/2024\/05\/PARO-DEL-TRANSPORTE.png\",\"articleSection\":[\"Nacionales\/Internacionales\"],\"inLanguage\":\"es-AR\"},{\"@type\":\"WebPage\",\"@id\":\"https:\/\/apuntesdesanluis.com\/index.php\/2024\/05\/01\/anunciaron-un-megaparo-del-transporte-en-rechazo-a-la-restitucion-de-ganancias\/\",\"url\":\"https:\/\/apuntesdesanluis.com\/index.php\/2024\/05\/01\/anunciaron-un-megaparo-del-transporte-en-rechazo-a-la-restitucion-de-ganancias\/\",\"name\":\"ANUNCIARON UN MEGAPARO DEL TRANSPORTE EN RECHAZO A LA RESTITUCI\u00d3N DE GANANCIAS - Apuntes de San Luis\",\"isPartOf\":{\"@id\":\"https:\/\/apuntesdesanluis.com\/#website\"},\"primaryImageOfPage\":{\"@id\":\"https:\/\/apuntesdesanluis.com\/index.php\/2024\/05\/01\/anunciaron-un-megaparo-del-transporte-en-rechazo-a-la-restitucion-de-ganancias\/#primaryimage\"},\"image\":{\"@id\":\"https:\/\/apuntesdesanluis.com\/index.php\/2024\/05\/01\/anunciaron-un-megaparo-del-transporte-en-rechazo-a-la-restitucion-de-ganancias\/#primaryimage\"},\"thumbnailUrl\":\"https:\/\/apuntesdesanluis.com\/wp-content\/uploads\/2024\/05\/PARO-DEL-TRANSPORTE.png\",\"datePublished\":\"2024-05-01T12:44:54+00:00\",\"dateModified\":\"2024-05-01T12:46:11+00:00\",\"breadcrumb\":{\"@id\":\"https:\/\/apuntesdesanluis.com\/index.php\/2024\/05\/01\/anunciaron-un-megaparo-del-transporte-en-rechazo-a-la-restitucion-de-ganancias\/#breadcrumb\"},\"inLanguage\":\"es-AR\",\"potentialAction\":[{\"@type\":\"ReadAction\",\"target\":[\"https:\/\/apuntesdesanluis.com\/index.php\/2024\/05\/01\/anunciaron-un-megaparo-del-transporte-en-rechazo-a-la-restitucion-de-ganancias\/\"]}]},{\"@type\":\"ImageObject\",\"inLanguage\":\"es-AR\",\"@id\":\"https:\/\/apuntesdesanluis.com\/index.php\/2024\/05\/01\/anunciaron-un-megaparo-del-transporte-en-rechazo-a-la-restitucion-de-ganancias\/#primaryimage\",\"url\":\"https:\/\/apuntesdesanluis.com\/wp-content\/uploads\/2024\/05\/PARO-DEL-TRANSPORTE.png\",\"contentUrl\":\"https:\/\/apuntesdesanluis.com\/wp-content\/uploads\/2024\/05\/PARO-DEL-TRANSPORTE.png\",\"width\":746,\"height\":420},{\"@type\":\"BreadcrumbList\",\"@id\":\"https:\/\/apuntesdesanluis.com\/index.php\/2024\/05\/01\/anunciaron-un-megaparo-del-transporte-en-rechazo-a-la-restitucion-de-ganancias\/#breadcrumb\",\"itemListElement\":[{\"@type\":\"ListItem\",\"position\":1,\"name\":\"Inicio\",\"item\":\"https:\/\/apuntesdesanluis.com\/\"},{\"@type\":\"ListItem\",\"position\":2,\"name\":\"ANUNCIARON UN MEGAPARO DEL TRANSPORTE EN RECHAZO A LA RESTITUCI\u00d3N DE GANANCIAS\"}]},{\"@type\":\"WebSite\",\"@id\":\"https:\/\/apuntesdesanluis.com\/#website\",\"url\":\"https:\/\/apuntesdesanluis.com\/\",\"name\":\"Apuntes de San Luis\",\"description\":\"\",\"publisher\":{\"@id\":\"https:\/\/apuntesdesanluis.com\/#\/schema\/person\/b55151d52296fcce64d1a72538a70b90\"},\"potentialAction\":[{\"@type\":\"SearchAction\",\"target\":{\"@type\":\"EntryPoint\",\"urlTemplate\":\"https:\/\/apuntesdesanluis.com\/?s={search_term_string}\"},\"query-input\":{\"@type\":\"PropertyValueSpecification\",\"valueRequired\":true,\"valueName\":\"search_term_string\"}}],\"inLanguage\":\"es-AR\"},{\"@type\":[\"Person\",\"Organization\"],\"@id\":\"https:\/\/apuntesdesanluis.com\/#\/schema\/person\/b55151d52296fcce64d1a72538a70b90\",\"name\":\"apuntesdesanluis.com\",\"image\":{\"@type\":\"ImageObject\",\"inLanguage\":\"es-AR\",\"@id\":\"https:\/\/apuntesdesanluis.com\/#\/schema\/person\/image\/\",\"url\":\"https:\/\/apuntesdesanluis.com\/wp-content\/uploads\/2023\/07\/cropped-apuntesdesanluis.png\",\"contentUrl\":\"https:\/\/apuntesdesanluis.com\/wp-content\/uploads\/2023\/07\/cropped-apuntesdesanluis.png\",\"width\":450,\"height\":112,\"caption\":\"apuntesdesanluis.com\"},\"logo\":{\"@id\":\"https:\/\/apuntesdesanluis.com\/#\/schema\/person\/image\/\"},\"sameAs\":[\"https:\/\/apuntesdesanluis.com\"],\"url\":\"https:\/\/apuntesdesanluis.com\/index.php\/author\/apuntesdesanluis-com\/\"}]}<\/script>\n<!-- \/ Yoast SEO plugin. -->","yoast_head_json":{"title":"ANUNCIARON UN MEGAPARO DEL TRANSPORTE EN RECHAZO A LA RESTITUCI\u00d3N DE GANANCIAS - Apuntes de San Luis","robots":{"index":"index","follow":"follow","max-snippet":"max-snippet:-1","max-image-preview":"max-image-preview:large","max-video-preview":"max-video-preview:-1"},"canonical":"https:\/\/apuntesdesanluis.com\/index.php\/2024\/05\/01\/anunciaron-un-megaparo-del-transporte-en-rechazo-a-la-restitucion-de-ganancias\/","og_locale":"es_ES","og_type":"article","og_title":"ANUNCIARON UN MEGAPARO DEL TRANSPORTE EN RECHAZO A LA RESTITUCI\u00d3N DE GANANCIAS - Apuntes de San Luis","og_description":"Ser\u00e1 el pr\u00f3ximo lunes 6 de mayo y afectar\u00e1 durante tres horas al transporte a\u00e9reo,...","og_url":"https:\/\/apuntesdesanluis.com\/index.php\/2024\/05\/01\/anunciaron-un-megaparo-del-transporte-en-rechazo-a-la-restitucion-de-ganancias\/","og_site_name":"Apuntes de San Luis","article_published_time":"2024-05-01T12:44:54+00:00","article_modified_time":"2024-05-01T12:46:11+00:00","og_image":[{"width":746,"height":420,"url":"https:\/\/apuntesdesanluis.com\/wp-content\/uploads\/2024\/05\/PARO-DEL-TRANSPORTE.png","type":"image\/png"}],"author":"apuntesdesanluis.com","twitter_card":"summary_large_image","twitter_misc":{"Escrito por":"apuntesdesanluis.com","Tiempo de lectura":"3 minutos"},"schema":{"@context":"https:\/\/schema.org","@graph":[{"@type":"Article","@id":"https:\/\/apuntesdesanluis.com\/index.php\/2024\/05\/01\/anunciaron-un-megaparo-del-transporte-en-rechazo-a-la-restitucion-de-ganancias\/#article","isPartOf":{"@id":"https:\/\/apuntesdesanluis.com\/index.php\/2024\/05\/01\/anunciaron-un-megaparo-del-transporte-en-rechazo-a-la-restitucion-de-ganancias\/"},"author":{"name":"apuntesdesanluis.com","@id":"https:\/\/apuntesdesanluis.com\/#\/schema\/person\/b55151d52296fcce64d1a72538a70b90"},"headline":"ANUNCIARON UN MEGAPARO DEL TRANSPORTE EN RECHAZO A LA RESTITUCI\u00d3N DE GANANCIAS","datePublished":"2024-05-01T12:44:54+00:00","dateModified":"2024-05-01T12:46:11+00:00","mainEntityOfPage":{"@id":"https:\/\/apuntesdesanluis.com\/index.php\/2024\/05\/01\/anunciaron-un-megaparo-del-transporte-en-rechazo-a-la-restitucion-de-ganancias\/"},"wordCount":438,"publisher":{"@id":"https:\/\/apuntesdesanluis.com\/#\/schema\/person\/b55151d52296fcce64d1a72538a70b90"},"image":{"@id":"https:\/\/apuntesdesanluis.com\/index.php\/2024\/05\/01\/anunciaron-un-megaparo-del-transporte-en-rechazo-a-la-restitucion-de-ganancias\/#primaryimage"},"thumbnailUrl":"https:\/\/apuntesdesanluis.com\/wp-content\/uploads\/2024\/05\/PARO-DEL-TRANSPORTE.png","articleSection":["Nacionales\/Internacionales"],"inLanguage":"es-AR"},{"@type":"WebPage","@id":"https:\/\/apuntesdesanluis.com\/index.php\/2024\/05\/01\/anunciaron-un-megaparo-del-transporte-en-rechazo-a-la-restitucion-de-ganancias\/","url":"https:\/\/apuntesdesanluis.com\/index.php\/2024\/05\/01\/anunciaron-un-megaparo-del-transporte-en-rechazo-a-la-restitucion-de-ganancias\/","name":"ANUNCIARON UN MEGAPARO DEL TRANSPORTE EN RECHAZO A LA RESTITUCI\u00d3N DE GANANCIAS - Apuntes de San Luis","isPartOf":{"@id":"https:\/\/apuntesdesanluis.com\/#website"},"primaryImageOfPage":{"@id":"https:\/\/apuntesdesanluis.com\/index.php\/2024\/05\/01\/anunciaron-un-megaparo-del-transporte-en-rechazo-a-la-restitucion-de-ganancias\/#primaryimage"},"image":{"@id":"https:\/\/apuntesdesanluis.com\/index.php\/2024\/05\/01\/anunciaron-un-megaparo-del-transporte-en-rechazo-a-la-restitucion-de-ganancias\/#primaryimage"},"thumbnailUrl":"https:\/\/apuntesdesanluis.com\/wp-content\/uploads\/2024\/05\/PARO-DEL-TRANSPORTE.png","datePublished":"2024-05-01T12:44:54+00:00","dateModified":"2024-05-01T12:46:11+00:00","breadcrumb":{"@id":"https:\/\/apuntesdesanluis.com\/index.php\/2024\/05\/01\/anunciaron-un-megaparo-del-transporte-en-rechazo-a-la-restitucion-de-ganancias\/#breadcrumb"},"inLanguage":"es-AR","potentialAction":[{"@type":"ReadAction","target":["https:\/\/apuntesdesanluis.com\/index.php\/2024\/05\/01\/anunciaron-un-megaparo-del-transporte-en-rechazo-a-la-restitucion-de-ganancias\/"]}]},{"@type":"ImageObject","inLanguage":"es-AR","@id":"https:\/\/apuntesdesanluis.com\/index.php\/2024\/05\/01\/anunciaron-un-megaparo-del-transporte-en-rechazo-a-la-restitucion-de-ganancias\/#primaryimage","url":"https:\/\/apuntesdesanluis.com\/wp-content\/uploads\/2024\/05\/PARO-DEL-TRANSPORTE.png","contentUrl":"https:\/\/apuntesdesanluis.com\/wp-content\/uploads\/2024\/05\/PARO-DEL-TRANSPORTE.png","width":746,"height":420},{"@type":"BreadcrumbList","@id":"https:\/\/apuntesdesanluis.com\/index.php\/2024\/05\/01\/anunciaron-un-megaparo-del-transporte-en-rechazo-a-la-restitucion-de-ganancias\/#breadcrumb","itemListElement":[{"@type":"ListItem","position":1,"name":"Inicio","item":"https:\/\/apuntesdesanluis.com\/"},{"@type":"ListItem","position":2,"name":"ANUNCIARON UN MEGAPARO DEL TRANSPORTE EN RECHAZO A LA RESTITUCI\u00d3N DE GANANCIAS"}]},{"@type":"WebSite","@id":"https:\/\/apuntesdesanluis.com\/#website","url":"https:\/\/apuntesdesanluis.com\/","name":"Apuntes de San Luis","description":"","publisher":{"@id":"https:\/\/apuntesdesanluis.com\/#\/schema\/person\/b55151d52296fcce64d1a72538a70b90"},"potentialAction":[{"@type":"SearchAction","target":{"@type":"EntryPoint","urlTemplate":"https:\/\/apuntesdesanluis.com\/?s={search_term_string}"},"query-input":{"@type":"PropertyValueSpecification","valueRequired":true,"valueName":"search_term_string"}}],"inLanguage":"es-AR"},{"@type":["Person","Organization"],"@id":"https:\/\/apuntesdesanluis.com\/#\/schema\/person\/b55151d52296fcce64d1a72538a70b90","name":"apuntesdesanluis.com","image":{"@type":"ImageObject","inLanguage":"es-AR","@id":"https:\/\/apuntesdesanluis.com\/#\/schema\/person\/image\/","url":"https:\/\/apuntesdesanluis.com\/wp-content\/uploads\/2023\/07\/cropped-apuntesdesanluis.png","contentUrl":"https:\/\/apuntesdesanluis.com\/wp-content\/uploads\/2023\/07\/cropped-apuntesdesanluis.png","width":450,"height":112,"caption":"apuntesdesanluis.com"},"logo":{"@id":"https:\/\/apuntesdesanluis.com\/#\/schema\/person\/image\/"},"sameAs":["https:\/\/apuntesdesanluis.com"],"url":"https:\/\/apuntesdesanluis.com\/index.php\/author\/apuntesdesanluis-com\/"}]}},"featured_image_urls":{"full":["https:\/\/apuntesdesanluis.com\/wp-content\/uploads\/2024\/05\/PARO-DEL-TRANSPORTE.png",746,420,false],"thumbnail":["https:\/\/apuntesdesanluis.com\/wp-content\/uploads\/2024\/05\/PARO-DEL-TRANSPORTE-150x150.png",150,150,true],"medium":["https:\/\/apuntesdesanluis.com\/wp-content\/uploads\/2024\/05\/PARO-DEL-TRANSPORTE-300x169.png",300,169,true],"medium_large":["https:\/\/apuntesdesanluis.com\/wp-content\/uploads\/2024\/05\/PARO-DEL-TRANSPORTE.png",640,360,false],"large":["https:\/\/apuntesdesanluis.com\/wp-content\/uploads\/2024\/05\/PARO-DEL-TRANSPORTE.png",640,360,false],"1536x1536":["https:\/\/apuntesdesanluis.com\/wp-content\/uploads\/2024\/05\/PARO-DEL-TRANSPORTE.png",746,420,false],"2048x2048":["https:\/\/apuntesdesanluis.com\/wp-content\/uploads\/2024\/05\/PARO-DEL-TRANSPORTE.png",746,420,false],"newsever-slider-full":["https:\/\/apuntesdesanluis.com\/wp-content\/uploads\/2024\/05\/PARO-DEL-TRANSPORTE.png",746,420,false],"newsever-featured":["https:\/\/apuntesdesanluis.com\/wp-content\/uploads\/2024\/05\/PARO-DEL-TRANSPORTE.png",746,420,false],"newsever-medium":["https:\/\/apuntesdesanluis.com\/wp-content\/uploads\/2024\/05\/PARO-DEL-TRANSPORTE-720x420.png",720,420,true]},"author_info":{"display_name":"apuntesdesanluis.com","author_link":"https:\/\/apuntesdesanluis.com\/index.php\/author\/apuntesdesanluis-com\/"},"category_info":"<a href=\"https:\/\/apuntesdesanluis.com\/index.php\/category\/nacionales-internacionales\/\" rel=\"category tag\">Nacionales\/Internacionales<\/a>","tag_info":"Nacionales\/Internacionales","comment_count":"0","_links":{"self":[{"href":"https:\/\/apuntesdesanluis.com\/index.php\/wp-json\/wp\/v2\/posts\/15569","targetHints":{"allow":["GET"]}}],"collection":[{"href":"https:\/\/apuntesdesanluis.com\/index.php\/wp-json\/wp\/v2\/posts"}],"about":[{"href":"https:\/\/apuntesdesanluis.com\/index.php\/wp-json\/wp\/v2\/types\/post"}],"author":[{"embeddable":true,"href":"https:\/\/apuntesdesanluis.com\/index.php\/wp-json\/wp\/v2\/users\/1"}],"replies":[{"embeddable":true,"href":"https:\/\/apuntesdesanluis.com\/index.php\/wp-json\/wp\/v2\/comments?post=15569"}],"version-history":[{"count":1,"href":"https:\/\/apuntesdesanluis.com\/index.php\/wp-json\/wp\/v2\/posts\/15569\/revisions"}],"predecessor-version":[{"id":15572,"href":"https:\/\/apuntesdesanluis.com\/index.php\/wp-json\/wp\/v2\/posts\/15569\/revisions\/15572"}],"wp:featuredmedia":[{"embeddable":true,"href":"https:\/\/apuntesdesanluis.com\/index.php\/wp-json\/wp\/v2\/media\/15573"}],"wp:attachment":[{"href":"https:\/\/apuntesdesanluis.com\/index.php\/wp-json\/wp\/v2\/media?parent=15569"}],"wp:term":[{"taxonomy":"category","embeddable":true,"href":"https:\/\/apuntesdesanluis.com\/index.php\/wp-json\/wp\/v2\/categories?post=15569"},{"taxonomy":"post_tag","embeddable":true,"href":"https:\/\/apuntesdesanluis.com\/index.php\/wp-json\/wp\/v2\/tags?post=15569"}],"curies":[{"name":"wp","href":"https:\/\/api.w.org\/{rel}","templated":true}]}}