{"id":15606,"date":"2024-05-01T12:41:32","date_gmt":"2024-05-01T15:41:32","guid":{"rendered":"https:\/\/apuntesdesanluis.com\/?p=15606"},"modified":"2024-05-01T12:41:32","modified_gmt":"2024-05-01T15:41:32","slug":"radio-nacional-sera-solo-portena","status":"publish","type":"post","link":"https:\/\/apuntesdesanluis.com\/index.php\/2024\/05\/01\/radio-nacional-sera-solo-portena\/","title":{"rendered":"RADIO NACIONAL SER\u00c1 SOLO PORTE\u00d1A"},"content":{"rendered":"<h3>Radio y Televisi\u00f3n Argentina Sociedad de Estado envi\u00f3 telegramas que &#8220;suprimen&#8221; a los directores. De este modo, los habitantes del territorio argentino depender\u00e1n solo de la programaci\u00f3n que se env\u00ede desde CABA. Eliminaron la direcci\u00f3n de 49 emisoras provinciales.<\/h3>\n<h3>Por <strong>Emanuel Respighi *<\/strong><\/h3>\n<h3><img fetchpriority=\"high\" decoding=\"async\" class=\"wp-image-15607 aligncenter\" src=\"https:\/\/apuntesdesanluis.com\/wp-content\/uploads\/2024\/05\/respighi-300x231.png\" alt=\"\" width=\"474\" height=\"365\" srcset=\"https:\/\/apuntesdesanluis.com\/wp-content\/uploads\/2024\/05\/respighi-300x231.png 300w, https:\/\/apuntesdesanluis.com\/wp-content\/uploads\/2024\/05\/respighi.png 372w\" sizes=\"(max-width: 474px) 100vw, 474px\" \/><\/h3>\n<h3><\/h3>\n<h3>El gobierno nacional apaga Radio Nacional. Continuando con el proceso que implement\u00f3 en los medios p\u00fablicos desde su asunci\u00f3n, con su misi\u00f3n de vaciarlos y quitarles pertenencia social con el fin de crear las condiciones para privatizarlos, la radio p\u00fablica pierde institucionalidad, operatividad y perspectiva federal. El m\u00e1s elocuente rasgo de esa pol\u00edtica es que ninguna de las 49 emisoras provinciales de Radio Nacional tiene director nombrado.<\/h3>\n<h3>Desde diciembre, el gobierno de Javier Milei fue deshaci\u00e9ndose de cada uno de los directores, sin nombrar reemplazos. En los \u00faltimos d\u00edas dio un paso m\u00e1s all\u00e1 para sacarse de encima a quienes a\u00fan estaban en funciones, con el env\u00edo de un telegrama en el que les comunicaban que \u201csuprim\u00edan\u201d directamente el cargo de director y que, por ende, prescind\u00edan de sus servicios. Es decir: no solo no nombraron reemplazantes de los directores salientes, sino que ahora han \u201cdesaparecido\u201d (textual) el cargo de \u201cdirector de emisora\u201d de cada radio.<\/h3>\n<h3>En los telegramas con fecha del 22 de abril que les lleg\u00f3 a los directores que a\u00fan estaban en funciones, Radio y Televisi\u00f3n Argentina les inform\u00f3 que &#8220;se prescinde de sus servicios como director\u201d de las distintas emisoras que Radio Nacional tiene diseminadas en todo el pa\u00eds. La determinaci\u00f3n se fundamenta en que el cargo de director de emisora \u201cse ha suprimido\u201d. \u201cAs\u00ed las cosas -se\u00f1ala el telegrama-, el objeto de contrato de trabajo que lo un\u00eda con Radio y Televisi\u00f3n Argentina Sociedad de Estado se ha agotado. En virtud de ello, y habiendo desaparecido la raz\u00f3n que justificaba la eventualidad de su contrataci\u00f3n\u2026 le comunicamos que la presente carta documento constituye una notificaci\u00f3n fehaciente de la finalizaci\u00f3n del su relaci\u00f3n laboral con RTA SE\u201d. Los telegramas que eliminan el cargo de \u201cdirector de emisora\u201d lleva la firma de Julio Hormaechea, gerente de asuntos legales y apoderado de RTA SE.<\/h3>\n<h3>La falta de reemplazantes de los directores que renunciaron entre diciembre de 2023 y febrero de 2024 en las distintas emisoras de Radio Nacional, sumado a la ahora supresi\u00f3n del cargo, constituye una pol\u00edtica comunicacional del gobierno nacional clara y contundente. Lo primero que salta a la vista es la p\u00e9rdida absoluta de federalismo que la gesti\u00f3n est\u00e1 llevando a cabo, ya que a partir de ahora las decisiones art\u00edsticas, period\u00edsticas y hasta administrativas de cada una de las 49 emisoras p\u00fablicas instaladas en todo el territorio nacional se tomar\u00e1n desde Buenos Aires. El actual director ejecutivo de Radio Nacional, el productor art\u00edstico H\u00e9ctor Cavallero, ser\u00e1 el que desde Buenos Aires planifique la operatividad de cada una de las frecuencias de AM y FM provinciales, junto a la gerente de emisoras Gabriela Mambretti.<\/h3>\n<h3>En la actualidad, ninguna de las 49 emisoras de Radio Nacional instaladas desde La Quiana hasta Ushuaia tiene nombrado a alg\u00fan director. La \u00fanica excepci\u00f3n a esta anomia es Radio Nacional al Exterior, que contin\u00faa siendo dirigida por Adri\u00e1n Korol, seg\u00fan se desprende de la consulta en la secci\u00f3n \u201cautoridades\u201d de la p\u00e1gina web oficial radionacional.com.ar.<\/h3>\n<p><img decoding=\"async\" class=\"wp-image-15609 aligncenter\" src=\"https:\/\/apuntesdesanluis.com\/wp-content\/uploads\/2024\/05\/raDIO-NACIONAL-300x171.png\" alt=\"\" width=\"653\" height=\"372\" srcset=\"https:\/\/apuntesdesanluis.com\/wp-content\/uploads\/2024\/05\/raDIO-NACIONAL-300x171.png 300w, https:\/\/apuntesdesanluis.com\/wp-content\/uploads\/2024\/05\/raDIO-NACIONAL.png 613w\" sizes=\"(max-width: 653px) 100vw, 653px\" \/><\/p>\n<h3>La eliminaci\u00f3n del cargo de director de emisora en Radio Nacional no es la \u00fanica manera con la que el gobierno nacional pretende centralizar en Buenos Aires el dise\u00f1o y la planificaci\u00f3n art\u00edstica y period\u00edstica de cada una de las radios. Otro recurso que la actual gesti\u00f3n est\u00e1 aplicando, afectando inequ\u00edvocamente la programaci\u00f3n local, es la de dejar de pagar horas extras y feriados al personal. Bajo el argumento presupuestario, la consecuencia es que durante los d\u00edas no laborales las emisoras provinciales deben levantar su programaci\u00f3n habitual, teniendo que retransmitir el aire de la AM 870 que sale desde la Ciudad de Buenos Aires. \u00bfCu\u00e1l es el inconveniente de esta medida? Que el federalismo se ve seriamente da\u00f1ado, ya que -por ejemplo- el 1\u00ba de mayo los ciudadanos cordobeses, santiague\u00f1os, chubutenses o entrerrianos -por citar cuatro casos pero que se extiende a todo el pa\u00eds- estar\u00e1n al tanto del tr\u00e1nsito en la Panamericana o de las condiciones climatol\u00f3gicas del AMBA, pero nada escuchar\u00e1n sobre lo que ocurre en el lugar en el que viven. Un absurdo que golpea el hist\u00f3rico sentido federal de la radio p\u00fablica.<\/h3>\n<h3>\u201cDesde Buenos Aires, gobierno de porte\u00f1os, no est\u00e1n entendiendo la din\u00e1mica y la importancia de Radio Nacional en el resto del pa\u00eds\u201d, le cuenta a P\u00e1gina\/12 Marcelo Parra, ex director de LRA 30 Radio Nacional Bariloche, que acaba de cumplir 80 a\u00f1os. \u201cNo solo en las zonas de frontera, donde la radio tiene una importancia total desde la soberan\u00eda porque en muchos lugares es la \u00fanica voz que llega de nuestro pa\u00eds, sino tambi\u00e9n en los parajes rurales y pueblos. En muchos lugares, el \u00fanico medio de comunicaci\u00f3n al que se accede es el p\u00fablico. No es rentable, no va a haber ninguna empresa comercial que d\u00e9 ese servicio. Si se corta el medio p\u00fablico, un amplio sector de ciudadanos se quedar\u00e1 sin comunicaci\u00f3n, porque no llega Internet ni la telefon\u00eda m\u00f3vil. Apelo a que las autoridades entiendan la importancia que tiene el medio p\u00fablico\u201d, subraya Parra.<\/h3>\n<h3>El temor a que las emisoras provinciales sean cerradas y\/o privatizadas, con la consecuente venta de los tentadores terrenos en los que cada sede est\u00e1 emplazada, parece comenzar a materializarse. El avance gubernamental trasciende lo discursivo: la eliminaci\u00f3n del cargo de \u201cdirector\u201d y la media sanci\u00f3n de la \u201cLey Bases\u201d que habilita la privatizaci\u00f3n de Radio y Televisi\u00f3n Argentina SE, entre otras empresas estatales, marcan un horizonte. Una situaci\u00f3n delicada que podr\u00eda dejar en la oscuridad informativa a cientos de miles de ciudadanos argentinos que viven en zonas que no le interesan al sector privado y en las que los medios p\u00fablicos cumplen una funci\u00f3n social e identitaria largamente arraigada.<\/h3>\n<p>&nbsp;<\/p>\n<h4><strong><em>* Periodista especializado en medios. Columnista. P\u00e1gina 12.<\/em><\/strong><\/h4>\n<p>&nbsp;<\/p>\n<p>&nbsp;<\/p>\n<p>&nbsp;<\/p>\n","protected":false},"excerpt":{"rendered":"<p>Radio y Televisi\u00f3n Argentina Sociedad de Estado envi\u00f3 telegramas que &#8220;suprimen&#8221; a los directores. De&#8230;<\/p>\n","protected":false},"author":1,"featured_media":15608,"comment_status":"closed","ping_status":"closed","sticky":false,"template":"","format":"standard","meta":{"footnotes":""},"categories":[9],"tags":[],"class_list":["post-15606","post","type-post","status-publish","format-standard","has-post-thumbnail","hentry","category-opinion"],"yoast_head":"<!-- This site is optimized with the Yoast SEO plugin v26.1.1 - https:\/\/yoast.com\/wordpress\/plugins\/seo\/ -->\n<title>RADIO NACIONAL SER\u00c1 SOLO PORTE\u00d1A - Apuntes de San Luis<\/title>\n<meta name=\"robots\" content=\"index, follow, max-snippet:-1, max-image-preview:large, max-video-preview:-1\" \/>\n<link rel=\"canonical\" href=\"https:\/\/apuntesdesanluis.com\/index.php\/2024\/05\/01\/radio-nacional-sera-solo-portena\/\" \/>\n<meta property=\"og:locale\" content=\"es_ES\" \/>\n<meta property=\"og:type\" content=\"article\" \/>\n<meta property=\"og:title\" content=\"RADIO NACIONAL SER\u00c1 SOLO PORTE\u00d1A - Apuntes de San Luis\" \/>\n<meta property=\"og:description\" content=\"Radio y Televisi\u00f3n Argentina Sociedad de Estado envi\u00f3 telegramas que &#8220;suprimen&#8221; a los directores. De...\" \/>\n<meta property=\"og:url\" content=\"https:\/\/apuntesdesanluis.com\/index.php\/2024\/05\/01\/radio-nacional-sera-solo-portena\/\" \/>\n<meta property=\"og:site_name\" content=\"Apuntes de San Luis\" \/>\n<meta property=\"article:published_time\" content=\"2024-05-01T15:41:32+00:00\" \/>\n<meta property=\"og:image\" content=\"https:\/\/apuntesdesanluis.com\/wp-content\/uploads\/2024\/05\/NACIONAL-RADIO.png\" \/>\n\t<meta property=\"og:image:width\" content=\"513\" \/>\n\t<meta property=\"og:image:height\" content=\"291\" \/>\n\t<meta property=\"og:image:type\" content=\"image\/png\" \/>\n<meta name=\"author\" content=\"apuntesdesanluis.com\" \/>\n<meta name=\"twitter:card\" content=\"summary_large_image\" \/>\n<meta name=\"twitter:label1\" content=\"Escrito por\" \/>\n\t<meta name=\"twitter:data1\" content=\"apuntesdesanluis.com\" \/>\n\t<meta name=\"twitter:label2\" content=\"Tiempo de lectura\" \/>\n\t<meta name=\"twitter:data2\" content=\"5 minutos\" \/>\n<script type=\"application\/ld+json\" class=\"yoast-schema-graph\">{\"@context\":\"https:\/\/schema.org\",\"@graph\":[{\"@type\":\"Article\",\"@id\":\"https:\/\/apuntesdesanluis.com\/index.php\/2024\/05\/01\/radio-nacional-sera-solo-portena\/#article\",\"isPartOf\":{\"@id\":\"https:\/\/apuntesdesanluis.com\/index.php\/2024\/05\/01\/radio-nacional-sera-solo-portena\/\"},\"author\":{\"name\":\"apuntesdesanluis.com\",\"@id\":\"https:\/\/apuntesdesanluis.com\/#\/schema\/person\/b55151d52296fcce64d1a72538a70b90\"},\"headline\":\"RADIO NACIONAL SER\u00c1 SOLO PORTE\u00d1A\",\"datePublished\":\"2024-05-01T15:41:32+00:00\",\"mainEntityOfPage\":{\"@id\":\"https:\/\/apuntesdesanluis.com\/index.php\/2024\/05\/01\/radio-nacional-sera-solo-portena\/\"},\"wordCount\":1080,\"publisher\":{\"@id\":\"https:\/\/apuntesdesanluis.com\/#\/schema\/person\/b55151d52296fcce64d1a72538a70b90\"},\"image\":{\"@id\":\"https:\/\/apuntesdesanluis.com\/index.php\/2024\/05\/01\/radio-nacional-sera-solo-portena\/#primaryimage\"},\"thumbnailUrl\":\"https:\/\/apuntesdesanluis.com\/wp-content\/uploads\/2024\/05\/NACIONAL-RADIO.png\",\"articleSection\":[\"Opini\u00f3n\"],\"inLanguage\":\"es-AR\"},{\"@type\":\"WebPage\",\"@id\":\"https:\/\/apuntesdesanluis.com\/index.php\/2024\/05\/01\/radio-nacional-sera-solo-portena\/\",\"url\":\"https:\/\/apuntesdesanluis.com\/index.php\/2024\/05\/01\/radio-nacional-sera-solo-portena\/\",\"name\":\"RADIO NACIONAL SER\u00c1 SOLO PORTE\u00d1A - Apuntes de San Luis\",\"isPartOf\":{\"@id\":\"https:\/\/apuntesdesanluis.com\/#website\"},\"primaryImageOfPage\":{\"@id\":\"https:\/\/apuntesdesanluis.com\/index.php\/2024\/05\/01\/radio-nacional-sera-solo-portena\/#primaryimage\"},\"image\":{\"@id\":\"https:\/\/apuntesdesanluis.com\/index.php\/2024\/05\/01\/radio-nacional-sera-solo-portena\/#primaryimage\"},\"thumbnailUrl\":\"https:\/\/apuntesdesanluis.com\/wp-content\/uploads\/2024\/05\/NACIONAL-RADIO.png\",\"datePublished\":\"2024-05-01T15:41:32+00:00\",\"breadcrumb\":{\"@id\":\"https:\/\/apuntesdesanluis.com\/index.php\/2024\/05\/01\/radio-nacional-sera-solo-portena\/#breadcrumb\"},\"inLanguage\":\"es-AR\",\"potentialAction\":[{\"@type\":\"ReadAction\",\"target\":[\"https:\/\/apuntesdesanluis.com\/index.php\/2024\/05\/01\/radio-nacional-sera-solo-portena\/\"]}]},{\"@type\":\"ImageObject\",\"inLanguage\":\"es-AR\",\"@id\":\"https:\/\/apuntesdesanluis.com\/index.php\/2024\/05\/01\/radio-nacional-sera-solo-portena\/#primaryimage\",\"url\":\"https:\/\/apuntesdesanluis.com\/wp-content\/uploads\/2024\/05\/NACIONAL-RADIO.png\",\"contentUrl\":\"https:\/\/apuntesdesanluis.com\/wp-content\/uploads\/2024\/05\/NACIONAL-RADIO.png\",\"width\":513,\"height\":291},{\"@type\":\"BreadcrumbList\",\"@id\":\"https:\/\/apuntesdesanluis.com\/index.php\/2024\/05\/01\/radio-nacional-sera-solo-portena\/#breadcrumb\",\"itemListElement\":[{\"@type\":\"ListItem\",\"position\":1,\"name\":\"Inicio\",\"item\":\"https:\/\/apuntesdesanluis.com\/\"},{\"@type\":\"ListItem\",\"position\":2,\"name\":\"RADIO NACIONAL SER\u00c1 SOLO PORTE\u00d1A\"}]},{\"@type\":\"WebSite\",\"@id\":\"https:\/\/apuntesdesanluis.com\/#website\",\"url\":\"https:\/\/apuntesdesanluis.com\/\",\"name\":\"Apuntes de San Luis\",\"description\":\"\",\"publisher\":{\"@id\":\"https:\/\/apuntesdesanluis.com\/#\/schema\/person\/b55151d52296fcce64d1a72538a70b90\"},\"potentialAction\":[{\"@type\":\"SearchAction\",\"target\":{\"@type\":\"EntryPoint\",\"urlTemplate\":\"https:\/\/apuntesdesanluis.com\/?s={search_term_string}\"},\"query-input\":{\"@type\":\"PropertyValueSpecification\",\"valueRequired\":true,\"valueName\":\"search_term_string\"}}],\"inLanguage\":\"es-AR\"},{\"@type\":[\"Person\",\"Organization\"],\"@id\":\"https:\/\/apuntesdesanluis.com\/#\/schema\/person\/b55151d52296fcce64d1a72538a70b90\",\"name\":\"apuntesdesanluis.com\",\"image\":{\"@type\":\"ImageObject\",\"inLanguage\":\"es-AR\",\"@id\":\"https:\/\/apuntesdesanluis.com\/#\/schema\/person\/image\/\",\"url\":\"https:\/\/apuntesdesanluis.com\/wp-content\/uploads\/2023\/07\/cropped-apuntesdesanluis.png\",\"contentUrl\":\"https:\/\/apuntesdesanluis.com\/wp-content\/uploads\/2023\/07\/cropped-apuntesdesanluis.png\",\"width\":450,\"height\":112,\"caption\":\"apuntesdesanluis.com\"},\"logo\":{\"@id\":\"https:\/\/apuntesdesanluis.com\/#\/schema\/person\/image\/\"},\"sameAs\":[\"https:\/\/apuntesdesanluis.com\"],\"url\":\"https:\/\/apuntesdesanluis.com\/index.php\/author\/apuntesdesanluis-com\/\"}]}<\/script>\n<!-- \/ Yoast SEO plugin. -->","yoast_head_json":{"title":"RADIO NACIONAL SER\u00c1 SOLO PORTE\u00d1A - Apuntes de San Luis","robots":{"index":"index","follow":"follow","max-snippet":"max-snippet:-1","max-image-preview":"max-image-preview:large","max-video-preview":"max-video-preview:-1"},"canonical":"https:\/\/apuntesdesanluis.com\/index.php\/2024\/05\/01\/radio-nacional-sera-solo-portena\/","og_locale":"es_ES","og_type":"article","og_title":"RADIO NACIONAL SER\u00c1 SOLO PORTE\u00d1A - Apuntes de San Luis","og_description":"Radio y Televisi\u00f3n Argentina Sociedad de Estado envi\u00f3 telegramas que &#8220;suprimen&#8221; a los directores. De...","og_url":"https:\/\/apuntesdesanluis.com\/index.php\/2024\/05\/01\/radio-nacional-sera-solo-portena\/","og_site_name":"Apuntes de San Luis","article_published_time":"2024-05-01T15:41:32+00:00","og_image":[{"width":513,"height":291,"url":"https:\/\/apuntesdesanluis.com\/wp-content\/uploads\/2024\/05\/NACIONAL-RADIO.png","type":"image\/png"}],"author":"apuntesdesanluis.com","twitter_card":"summary_large_image","twitter_misc":{"Escrito por":"apuntesdesanluis.com","Tiempo de lectura":"5 minutos"},"schema":{"@context":"https:\/\/schema.org","@graph":[{"@type":"Article","@id":"https:\/\/apuntesdesanluis.com\/index.php\/2024\/05\/01\/radio-nacional-sera-solo-portena\/#article","isPartOf":{"@id":"https:\/\/apuntesdesanluis.com\/index.php\/2024\/05\/01\/radio-nacional-sera-solo-portena\/"},"author":{"name":"apuntesdesanluis.com","@id":"https:\/\/apuntesdesanluis.com\/#\/schema\/person\/b55151d52296fcce64d1a72538a70b90"},"headline":"RADIO NACIONAL SER\u00c1 SOLO PORTE\u00d1A","datePublished":"2024-05-01T15:41:32+00:00","mainEntityOfPage":{"@id":"https:\/\/apuntesdesanluis.com\/index.php\/2024\/05\/01\/radio-nacional-sera-solo-portena\/"},"wordCount":1080,"publisher":{"@id":"https:\/\/apuntesdesanluis.com\/#\/schema\/person\/b55151d52296fcce64d1a72538a70b90"},"image":{"@id":"https:\/\/apuntesdesanluis.com\/index.php\/2024\/05\/01\/radio-nacional-sera-solo-portena\/#primaryimage"},"thumbnailUrl":"https:\/\/apuntesdesanluis.com\/wp-content\/uploads\/2024\/05\/NACIONAL-RADIO.png","articleSection":["Opini\u00f3n"],"inLanguage":"es-AR"},{"@type":"WebPage","@id":"https:\/\/apuntesdesanluis.com\/index.php\/2024\/05\/01\/radio-nacional-sera-solo-portena\/","url":"https:\/\/apuntesdesanluis.com\/index.php\/2024\/05\/01\/radio-nacional-sera-solo-portena\/","name":"RADIO NACIONAL SER\u00c1 SOLO PORTE\u00d1A - Apuntes de San Luis","isPartOf":{"@id":"https:\/\/apuntesdesanluis.com\/#website"},"primaryImageOfPage":{"@id":"https:\/\/apuntesdesanluis.com\/index.php\/2024\/05\/01\/radio-nacional-sera-solo-portena\/#primaryimage"},"image":{"@id":"https:\/\/apuntesdesanluis.com\/index.php\/2024\/05\/01\/radio-nacional-sera-solo-portena\/#primaryimage"},"thumbnailUrl":"https:\/\/apuntesdesanluis.com\/wp-content\/uploads\/2024\/05\/NACIONAL-RADIO.png","datePublished":"2024-05-01T15:41:32+00:00","breadcrumb":{"@id":"https:\/\/apuntesdesanluis.com\/index.php\/2024\/05\/01\/radio-nacional-sera-solo-portena\/#breadcrumb"},"inLanguage":"es-AR","potentialAction":[{"@type":"ReadAction","target":["https:\/\/apuntesdesanluis.com\/index.php\/2024\/05\/01\/radio-nacional-sera-solo-portena\/"]}]},{"@type":"ImageObject","inLanguage":"es-AR","@id":"https:\/\/apuntesdesanluis.com\/index.php\/2024\/05\/01\/radio-nacional-sera-solo-portena\/#primaryimage","url":"https:\/\/apuntesdesanluis.com\/wp-content\/uploads\/2024\/05\/NACIONAL-RADIO.png","contentUrl":"https:\/\/apuntesdesanluis.com\/wp-content\/uploads\/2024\/05\/NACIONAL-RADIO.png","width":513,"height":291},{"@type":"BreadcrumbList","@id":"https:\/\/apuntesdesanluis.com\/index.php\/2024\/05\/01\/radio-nacional-sera-solo-portena\/#breadcrumb","itemListElement":[{"@type":"ListItem","position":1,"name":"Inicio","item":"https:\/\/apuntesdesanluis.com\/"},{"@type":"ListItem","position":2,"name":"RADIO NACIONAL SER\u00c1 SOLO PORTE\u00d1A"}]},{"@type":"WebSite","@id":"https:\/\/apuntesdesanluis.com\/#website","url":"https:\/\/apuntesdesanluis.com\/","name":"Apuntes de San Luis","description":"","publisher":{"@id":"https:\/\/apuntesdesanluis.com\/#\/schema\/person\/b55151d52296fcce64d1a72538a70b90"},"potentialAction":[{"@type":"SearchAction","target":{"@type":"EntryPoint","urlTemplate":"https:\/\/apuntesdesanluis.com\/?s={search_term_string}"},"query-input":{"@type":"PropertyValueSpecification","valueRequired":true,"valueName":"search_term_string"}}],"inLanguage":"es-AR"},{"@type":["Person","Organization"],"@id":"https:\/\/apuntesdesanluis.com\/#\/schema\/person\/b55151d52296fcce64d1a72538a70b90","name":"apuntesdesanluis.com","image":{"@type":"ImageObject","inLanguage":"es-AR","@id":"https:\/\/apuntesdesanluis.com\/#\/schema\/person\/image\/","url":"https:\/\/apuntesdesanluis.com\/wp-content\/uploads\/2023\/07\/cropped-apuntesdesanluis.png","contentUrl":"https:\/\/apuntesdesanluis.com\/wp-content\/uploads\/2023\/07\/cropped-apuntesdesanluis.png","width":450,"height":112,"caption":"apuntesdesanluis.com"},"logo":{"@id":"https:\/\/apuntesdesanluis.com\/#\/schema\/person\/image\/"},"sameAs":["https:\/\/apuntesdesanluis.com"],"url":"https:\/\/apuntesdesanluis.com\/index.php\/author\/apuntesdesanluis-com\/"}]}},"featured_image_urls":{"full":["https:\/\/apuntesdesanluis.com\/wp-content\/uploads\/2024\/05\/NACIONAL-RADIO.png",513,291,false],"thumbnail":["https:\/\/apuntesdesanluis.com\/wp-content\/uploads\/2024\/05\/NACIONAL-RADIO-150x150.png",150,150,true],"medium":["https:\/\/apuntesdesanluis.com\/wp-content\/uploads\/2024\/05\/NACIONAL-RADIO-300x170.png",300,170,true],"medium_large":["https:\/\/apuntesdesanluis.com\/wp-content\/uploads\/2024\/05\/NACIONAL-RADIO.png",513,291,false],"large":["https:\/\/apuntesdesanluis.com\/wp-content\/uploads\/2024\/05\/NACIONAL-RADIO.png",513,291,false],"1536x1536":["https:\/\/apuntesdesanluis.com\/wp-content\/uploads\/2024\/05\/NACIONAL-RADIO.png",513,291,false],"2048x2048":["https:\/\/apuntesdesanluis.com\/wp-content\/uploads\/2024\/05\/NACIONAL-RADIO.png",513,291,false],"newsever-slider-full":["https:\/\/apuntesdesanluis.com\/wp-content\/uploads\/2024\/05\/NACIONAL-RADIO.png",513,291,false],"newsever-featured":["https:\/\/apuntesdesanluis.com\/wp-content\/uploads\/2024\/05\/NACIONAL-RADIO.png",513,291,false],"newsever-medium":["https:\/\/apuntesdesanluis.com\/wp-content\/uploads\/2024\/05\/NACIONAL-RADIO.png",513,291,false]},"author_info":{"display_name":"apuntesdesanluis.com","author_link":"https:\/\/apuntesdesanluis.com\/index.php\/author\/apuntesdesanluis-com\/"},"category_info":"<a href=\"https:\/\/apuntesdesanluis.com\/index.php\/category\/opinion\/\" rel=\"category tag\">Opini\u00f3n<\/a>","tag_info":"Opini\u00f3n","comment_count":"0","_links":{"self":[{"href":"https:\/\/apuntesdesanluis.com\/index.php\/wp-json\/wp\/v2\/posts\/15606","targetHints":{"allow":["GET"]}}],"collection":[{"href":"https:\/\/apuntesdesanluis.com\/index.php\/wp-json\/wp\/v2\/posts"}],"about":[{"href":"https:\/\/apuntesdesanluis.com\/index.php\/wp-json\/wp\/v2\/types\/post"}],"author":[{"embeddable":true,"href":"https:\/\/apuntesdesanluis.com\/index.php\/wp-json\/wp\/v2\/users\/1"}],"replies":[{"embeddable":true,"href":"https:\/\/apuntesdesanluis.com\/index.php\/wp-json\/wp\/v2\/comments?post=15606"}],"version-history":[{"count":1,"href":"https:\/\/apuntesdesanluis.com\/index.php\/wp-json\/wp\/v2\/posts\/15606\/revisions"}],"predecessor-version":[{"id":15610,"href":"https:\/\/apuntesdesanluis.com\/index.php\/wp-json\/wp\/v2\/posts\/15606\/revisions\/15610"}],"wp:featuredmedia":[{"embeddable":true,"href":"https:\/\/apuntesdesanluis.com\/index.php\/wp-json\/wp\/v2\/media\/15608"}],"wp:attachment":[{"href":"https:\/\/apuntesdesanluis.com\/index.php\/wp-json\/wp\/v2\/media?parent=15606"}],"wp:term":[{"taxonomy":"category","embeddable":true,"href":"https:\/\/apuntesdesanluis.com\/index.php\/wp-json\/wp\/v2\/categories?post=15606"},{"taxonomy":"post_tag","embeddable":true,"href":"https:\/\/apuntesdesanluis.com\/index.php\/wp-json\/wp\/v2\/tags?post=15606"}],"curies":[{"name":"wp","href":"https:\/\/api.w.org\/{rel}","templated":true}]}}