{"id":15628,"date":"2024-05-03T12:58:27","date_gmt":"2024-05-03T15:58:27","guid":{"rendered":"https:\/\/apuntesdesanluis.com\/?p=15628"},"modified":"2024-05-03T12:58:27","modified_gmt":"2024-05-03T15:58:27","slug":"el-gobierno-negocia-con-gobernadores-y-avanza-con-los-preparativos-del-pacto-de-mayo","status":"publish","type":"post","link":"https:\/\/apuntesdesanluis.com\/index.php\/2024\/05\/03\/el-gobierno-negocia-con-gobernadores-y-avanza-con-los-preparativos-del-pacto-de-mayo\/","title":{"rendered":"EL GOBIERNO NEGOCIA CON GOBERNADORES Y AVANZA CON LOS PREPARATIVOS DEL PACTO DE MAYO"},"content":{"rendered":"<h3>El Gobierno que encabeza <strong>Javier Milei<\/strong> trabaja en destrabar los n\u00fameros en la C\u00e1mara de Senadores para que la Ley Bases y el pacto fiscal sean sancionados. En paralelo, alista los detalles para el Pacto de Mayo previsto para el 25 de este mes en la provincia de C\u00f3rdoba, con la condici\u00f3n del apoyo al nuevo proyecto como garant\u00eda de asistencia.<\/h3>\n<h3>En la antesala del evento, el mandatario se encarg\u00f3 de especificar en p\u00fablico que los diez puntos establecidos no contar\u00e1n con las firmas de los 24 gobernadores sino las de \u201clos que acompa\u00f1en\u201d.<\/h3>\n<h3>Seg\u00fan supo la agencia Noticias Argentinas, la ceremonia tendr\u00e1 lugar en horas de la tarde del 25 de mayo, probablemente con sede en el Palacio de Justicia de C\u00f3rdoba, ubicado frente al Paseo Marqu\u00e9s de Sobremonte y lindante a la Plaza de la Intendencia y al Palacio Municipal.<\/h3>\n<h3>Como gesto compensatorio, el Gobierno planea condecorar a los gobernadores que acompa\u00f1en con la Orden de Mayo, una premiaci\u00f3n que se entrega s\u00f3lo a extranjeros, pero que Milei est\u00e1 dispuesto a otorgar a personalidades locales a trav\u00e9s de la modificaci\u00f3n de un decreto.<\/h3>\n<h3><strong>NEGOCIACIONES CON GOBERNADORES<\/strong><\/h3>\n<h3>En la pelea por los votos, el ministro del Interior, <strong>Guillermo Francos,<\/strong> concentra sus esfuerzos con la intenci\u00f3n de que cierren los n\u00fameros ante el complejo panorama en la C\u00e1mara Alta.<\/h3>\n<h3>Lo cierto es que el bloque de Uni\u00f3n por la Patria cuenta con 33 senadores de 72, por lo que le faltar\u00edan s\u00f3lo cuatro para el qu\u00f3rum, lo que obliga al oficialismo a sumar respaldos entre los 32 miembros restantes.<\/h3>\n<h3>Los legisladores que responden a Axel Kicillof (Buenos Aires), Gustavo Mella (Tierra del Fuego), Gildo Insfr\u00e1n (Formosa), Ricardo Quintela (La Rioja) y Sergio Ziliotto (La Pampa) son los descartados en la ingenier\u00eda del Senado.<\/h3>\n<h3>En las \u00faltimas horas, Francos se reuni\u00f3 con el gobernador de Tucum\u00e1n, Osvaldo Jaldo, uno de primeros y de los pocos peronistas en respaldar la convocatoria al Pacto de Mayo tras el anuncio que protagoniz\u00f3 el Presidente en el marco de la Asamblea Legislativa del 1\u00b0 de marzo, y que cuenta con tres senadores, aunque tan solo uno es propio.<\/h3>\n<h3>Por su parte, el catamarque\u00f1o Ra\u00fal Jalil se entrevist\u00f3 con el ministro de Econom\u00eda, Luis \u201cToto\u201d Caputo, y plante\u00f3 que &#8220;es muy importante que la ley se apruebe en el Senado\u201d.<\/h3>\n<h3>A pesar de los dichos de Jalil, la senadora que responde a Catamarca Luc\u00eda Corpacci anticip\u00f3 que no acompa\u00f1ar\u00e1 y justific\u00f3 los acercamientos del gobernador al Poder Ejecutivo a la necesidad de conseguir recursos.<\/h3>\n<h3>En Casa Rosada hay quienes dan por descontado el respaldo de los misioneros, luego de que los diputados votaron a favor de la ley y del pacto el pasado martes y a ra\u00edz de los acercamientos con Hugo Passalacqua y el giro de fondos para obras provinciales.<\/h3>\n<h3>Santiago del Estero es de las provincias m\u00e1s complejas. Si bien Francos mantuvo di\u00e1logo con Gerardo Zamora, incluso viaj\u00f3 a visitarlo, a\u00fan no tiene la garant\u00eda del respaldo.<\/h3>\n<h3>Lo propio sucede con Santa Cruz, cuyo gobernador, Claudio Vidal, alert\u00f3 que, sin recursos para su provincia, no acompa\u00f1ar\u00e1 ni la ley ni el Pacto de Mayo. Tras sus advertencias, el Gobierno logro varios acercamientos.<\/h3>\n<h3>El cordob\u00e9s Mart\u00edn Llaryora, a su turno, anticip\u00f3 su\u00a0 \u201ccompromiso\u201d y habl\u00f3 de la &#8220;importancia&#8221; de darle herramientas al Presidente en sinton\u00eda con los mandatarios provinciales de Juntos por el Cambio.<\/h3>\n<h3>Si bien el panorama es complejo, por los pasillos de Casa Rosada reina el optimismo.<\/h3>\n<p>&nbsp;<\/p>\n<p>&nbsp;<\/p>\n<p>&nbsp;<\/p>\n<p>&nbsp;<\/p>\n<p>&nbsp;<\/p>\n<p>&nbsp;<\/p>\n","protected":false},"excerpt":{"rendered":"<p>El Gobierno que encabeza Javier Milei trabaja en destrabar los n\u00fameros en la C\u00e1mara de&#8230;<\/p>\n","protected":false},"author":1,"featured_media":15629,"comment_status":"closed","ping_status":"closed","sticky":false,"template":"","format":"standard","meta":{"footnotes":""},"categories":[5],"tags":[],"class_list":["post-15628","post","type-post","status-publish","format-standard","has-post-thumbnail","hentry","category-nacionales-internacionales"],"yoast_head":"<!-- This site is optimized with the Yoast SEO plugin v26.1.1 - https:\/\/yoast.com\/wordpress\/plugins\/seo\/ -->\n<title>EL GOBIERNO NEGOCIA CON GOBERNADORES Y AVANZA CON LOS PREPARATIVOS DEL PACTO DE MAYO - Apuntes de San Luis<\/title>\n<meta name=\"robots\" content=\"index, follow, max-snippet:-1, max-image-preview:large, max-video-preview:-1\" \/>\n<link rel=\"canonical\" href=\"https:\/\/apuntesdesanluis.com\/index.php\/2024\/05\/03\/el-gobierno-negocia-con-gobernadores-y-avanza-con-los-preparativos-del-pacto-de-mayo\/\" \/>\n<meta property=\"og:locale\" content=\"es_ES\" \/>\n<meta property=\"og:type\" content=\"article\" \/>\n<meta property=\"og:title\" content=\"EL GOBIERNO NEGOCIA CON GOBERNADORES Y AVANZA CON LOS PREPARATIVOS DEL PACTO DE MAYO - Apuntes de San Luis\" \/>\n<meta property=\"og:description\" content=\"El Gobierno que encabeza Javier Milei trabaja en destrabar los n\u00fameros en la C\u00e1mara de...\" \/>\n<meta property=\"og:url\" content=\"https:\/\/apuntesdesanluis.com\/index.php\/2024\/05\/03\/el-gobierno-negocia-con-gobernadores-y-avanza-con-los-preparativos-del-pacto-de-mayo\/\" \/>\n<meta property=\"og:site_name\" content=\"Apuntes de San Luis\" \/>\n<meta property=\"article:published_time\" content=\"2024-05-03T15:58:27+00:00\" \/>\n<meta property=\"og:image\" content=\"https:\/\/apuntesdesanluis.com\/wp-content\/uploads\/2024\/05\/VILLARRUEL-Y-MILEI.png\" \/>\n\t<meta property=\"og:image:width\" content=\"640\" \/>\n\t<meta property=\"og:image:height\" content=\"414\" \/>\n\t<meta property=\"og:image:type\" content=\"image\/png\" \/>\n<meta name=\"author\" content=\"apuntesdesanluis.com\" \/>\n<meta name=\"twitter:card\" content=\"summary_large_image\" \/>\n<meta name=\"twitter:label1\" content=\"Escrito por\" \/>\n\t<meta name=\"twitter:data1\" content=\"apuntesdesanluis.com\" \/>\n\t<meta name=\"twitter:label2\" content=\"Tiempo de lectura\" \/>\n\t<meta name=\"twitter:data2\" content=\"3 minutos\" \/>\n<script type=\"application\/ld+json\" class=\"yoast-schema-graph\">{\"@context\":\"https:\/\/schema.org\",\"@graph\":[{\"@type\":\"Article\",\"@id\":\"https:\/\/apuntesdesanluis.com\/index.php\/2024\/05\/03\/el-gobierno-negocia-con-gobernadores-y-avanza-con-los-preparativos-del-pacto-de-mayo\/#article\",\"isPartOf\":{\"@id\":\"https:\/\/apuntesdesanluis.com\/index.php\/2024\/05\/03\/el-gobierno-negocia-con-gobernadores-y-avanza-con-los-preparativos-del-pacto-de-mayo\/\"},\"author\":{\"name\":\"apuntesdesanluis.com\",\"@id\":\"https:\/\/apuntesdesanluis.com\/#\/schema\/person\/b55151d52296fcce64d1a72538a70b90\"},\"headline\":\"EL GOBIERNO NEGOCIA CON GOBERNADORES Y AVANZA CON LOS PREPARATIVOS DEL PACTO DE MAYO\",\"datePublished\":\"2024-05-03T15:58:27+00:00\",\"mainEntityOfPage\":{\"@id\":\"https:\/\/apuntesdesanluis.com\/index.php\/2024\/05\/03\/el-gobierno-negocia-con-gobernadores-y-avanza-con-los-preparativos-del-pacto-de-mayo\/\"},\"wordCount\":627,\"publisher\":{\"@id\":\"https:\/\/apuntesdesanluis.com\/#\/schema\/person\/b55151d52296fcce64d1a72538a70b90\"},\"image\":{\"@id\":\"https:\/\/apuntesdesanluis.com\/index.php\/2024\/05\/03\/el-gobierno-negocia-con-gobernadores-y-avanza-con-los-preparativos-del-pacto-de-mayo\/#primaryimage\"},\"thumbnailUrl\":\"https:\/\/apuntesdesanluis.com\/wp-content\/uploads\/2024\/05\/VILLARRUEL-Y-MILEI.png\",\"articleSection\":[\"Nacionales\/Internacionales\"],\"inLanguage\":\"es-AR\"},{\"@type\":\"WebPage\",\"@id\":\"https:\/\/apuntesdesanluis.com\/index.php\/2024\/05\/03\/el-gobierno-negocia-con-gobernadores-y-avanza-con-los-preparativos-del-pacto-de-mayo\/\",\"url\":\"https:\/\/apuntesdesanluis.com\/index.php\/2024\/05\/03\/el-gobierno-negocia-con-gobernadores-y-avanza-con-los-preparativos-del-pacto-de-mayo\/\",\"name\":\"EL GOBIERNO NEGOCIA CON GOBERNADORES Y AVANZA CON LOS PREPARATIVOS DEL PACTO DE MAYO - Apuntes de San Luis\",\"isPartOf\":{\"@id\":\"https:\/\/apuntesdesanluis.com\/#website\"},\"primaryImageOfPage\":{\"@id\":\"https:\/\/apuntesdesanluis.com\/index.php\/2024\/05\/03\/el-gobierno-negocia-con-gobernadores-y-avanza-con-los-preparativos-del-pacto-de-mayo\/#primaryimage\"},\"image\":{\"@id\":\"https:\/\/apuntesdesanluis.com\/index.php\/2024\/05\/03\/el-gobierno-negocia-con-gobernadores-y-avanza-con-los-preparativos-del-pacto-de-mayo\/#primaryimage\"},\"thumbnailUrl\":\"https:\/\/apuntesdesanluis.com\/wp-content\/uploads\/2024\/05\/VILLARRUEL-Y-MILEI.png\",\"datePublished\":\"2024-05-03T15:58:27+00:00\",\"breadcrumb\":{\"@id\":\"https:\/\/apuntesdesanluis.com\/index.php\/2024\/05\/03\/el-gobierno-negocia-con-gobernadores-y-avanza-con-los-preparativos-del-pacto-de-mayo\/#breadcrumb\"},\"inLanguage\":\"es-AR\",\"potentialAction\":[{\"@type\":\"ReadAction\",\"target\":[\"https:\/\/apuntesdesanluis.com\/index.php\/2024\/05\/03\/el-gobierno-negocia-con-gobernadores-y-avanza-con-los-preparativos-del-pacto-de-mayo\/\"]}]},{\"@type\":\"ImageObject\",\"inLanguage\":\"es-AR\",\"@id\":\"https:\/\/apuntesdesanluis.com\/index.php\/2024\/05\/03\/el-gobierno-negocia-con-gobernadores-y-avanza-con-los-preparativos-del-pacto-de-mayo\/#primaryimage\",\"url\":\"https:\/\/apuntesdesanluis.com\/wp-content\/uploads\/2024\/05\/VILLARRUEL-Y-MILEI.png\",\"contentUrl\":\"https:\/\/apuntesdesanluis.com\/wp-content\/uploads\/2024\/05\/VILLARRUEL-Y-MILEI.png\",\"width\":640,\"height\":414},{\"@type\":\"BreadcrumbList\",\"@id\":\"https:\/\/apuntesdesanluis.com\/index.php\/2024\/05\/03\/el-gobierno-negocia-con-gobernadores-y-avanza-con-los-preparativos-del-pacto-de-mayo\/#breadcrumb\",\"itemListElement\":[{\"@type\":\"ListItem\",\"position\":1,\"name\":\"Inicio\",\"item\":\"https:\/\/apuntesdesanluis.com\/\"},{\"@type\":\"ListItem\",\"position\":2,\"name\":\"EL GOBIERNO NEGOCIA CON GOBERNADORES Y AVANZA CON LOS PREPARATIVOS DEL PACTO DE MAYO\"}]},{\"@type\":\"WebSite\",\"@id\":\"https:\/\/apuntesdesanluis.com\/#website\",\"url\":\"https:\/\/apuntesdesanluis.com\/\",\"name\":\"Apuntes de San Luis\",\"description\":\"\",\"publisher\":{\"@id\":\"https:\/\/apuntesdesanluis.com\/#\/schema\/person\/b55151d52296fcce64d1a72538a70b90\"},\"potentialAction\":[{\"@type\":\"SearchAction\",\"target\":{\"@type\":\"EntryPoint\",\"urlTemplate\":\"https:\/\/apuntesdesanluis.com\/?s={search_term_string}\"},\"query-input\":{\"@type\":\"PropertyValueSpecification\",\"valueRequired\":true,\"valueName\":\"search_term_string\"}}],\"inLanguage\":\"es-AR\"},{\"@type\":[\"Person\",\"Organization\"],\"@id\":\"https:\/\/apuntesdesanluis.com\/#\/schema\/person\/b55151d52296fcce64d1a72538a70b90\",\"name\":\"apuntesdesanluis.com\",\"image\":{\"@type\":\"ImageObject\",\"inLanguage\":\"es-AR\",\"@id\":\"https:\/\/apuntesdesanluis.com\/#\/schema\/person\/image\/\",\"url\":\"https:\/\/apuntesdesanluis.com\/wp-content\/uploads\/2023\/07\/cropped-apuntesdesanluis.png\",\"contentUrl\":\"https:\/\/apuntesdesanluis.com\/wp-content\/uploads\/2023\/07\/cropped-apuntesdesanluis.png\",\"width\":450,\"height\":112,\"caption\":\"apuntesdesanluis.com\"},\"logo\":{\"@id\":\"https:\/\/apuntesdesanluis.com\/#\/schema\/person\/image\/\"},\"sameAs\":[\"https:\/\/apuntesdesanluis.com\"],\"url\":\"https:\/\/apuntesdesanluis.com\/index.php\/author\/apuntesdesanluis-com\/\"}]}<\/script>\n<!-- \/ Yoast SEO plugin. -->","yoast_head_json":{"title":"EL GOBIERNO NEGOCIA CON GOBERNADORES Y AVANZA CON LOS PREPARATIVOS DEL PACTO DE MAYO - Apuntes de San Luis","robots":{"index":"index","follow":"follow","max-snippet":"max-snippet:-1","max-image-preview":"max-image-preview:large","max-video-preview":"max-video-preview:-1"},"canonical":"https:\/\/apuntesdesanluis.com\/index.php\/2024\/05\/03\/el-gobierno-negocia-con-gobernadores-y-avanza-con-los-preparativos-del-pacto-de-mayo\/","og_locale":"es_ES","og_type":"article","og_title":"EL GOBIERNO NEGOCIA CON GOBERNADORES Y AVANZA CON LOS PREPARATIVOS DEL PACTO DE MAYO - Apuntes de San Luis","og_description":"El Gobierno que encabeza Javier Milei trabaja en destrabar los n\u00fameros en la C\u00e1mara de...","og_url":"https:\/\/apuntesdesanluis.com\/index.php\/2024\/05\/03\/el-gobierno-negocia-con-gobernadores-y-avanza-con-los-preparativos-del-pacto-de-mayo\/","og_site_name":"Apuntes de San Luis","article_published_time":"2024-05-03T15:58:27+00:00","og_image":[{"width":640,"height":414,"url":"https:\/\/apuntesdesanluis.com\/wp-content\/uploads\/2024\/05\/VILLARRUEL-Y-MILEI.png","type":"image\/png"}],"author":"apuntesdesanluis.com","twitter_card":"summary_large_image","twitter_misc":{"Escrito por":"apuntesdesanluis.com","Tiempo de lectura":"3 minutos"},"schema":{"@context":"https:\/\/schema.org","@graph":[{"@type":"Article","@id":"https:\/\/apuntesdesanluis.com\/index.php\/2024\/05\/03\/el-gobierno-negocia-con-gobernadores-y-avanza-con-los-preparativos-del-pacto-de-mayo\/#article","isPartOf":{"@id":"https:\/\/apuntesdesanluis.com\/index.php\/2024\/05\/03\/el-gobierno-negocia-con-gobernadores-y-avanza-con-los-preparativos-del-pacto-de-mayo\/"},"author":{"name":"apuntesdesanluis.com","@id":"https:\/\/apuntesdesanluis.com\/#\/schema\/person\/b55151d52296fcce64d1a72538a70b90"},"headline":"EL GOBIERNO NEGOCIA CON GOBERNADORES Y AVANZA CON LOS PREPARATIVOS DEL PACTO DE MAYO","datePublished":"2024-05-03T15:58:27+00:00","mainEntityOfPage":{"@id":"https:\/\/apuntesdesanluis.com\/index.php\/2024\/05\/03\/el-gobierno-negocia-con-gobernadores-y-avanza-con-los-preparativos-del-pacto-de-mayo\/"},"wordCount":627,"publisher":{"@id":"https:\/\/apuntesdesanluis.com\/#\/schema\/person\/b55151d52296fcce64d1a72538a70b90"},"image":{"@id":"https:\/\/apuntesdesanluis.com\/index.php\/2024\/05\/03\/el-gobierno-negocia-con-gobernadores-y-avanza-con-los-preparativos-del-pacto-de-mayo\/#primaryimage"},"thumbnailUrl":"https:\/\/apuntesdesanluis.com\/wp-content\/uploads\/2024\/05\/VILLARRUEL-Y-MILEI.png","articleSection":["Nacionales\/Internacionales"],"inLanguage":"es-AR"},{"@type":"WebPage","@id":"https:\/\/apuntesdesanluis.com\/index.php\/2024\/05\/03\/el-gobierno-negocia-con-gobernadores-y-avanza-con-los-preparativos-del-pacto-de-mayo\/","url":"https:\/\/apuntesdesanluis.com\/index.php\/2024\/05\/03\/el-gobierno-negocia-con-gobernadores-y-avanza-con-los-preparativos-del-pacto-de-mayo\/","name":"EL GOBIERNO NEGOCIA CON GOBERNADORES Y AVANZA CON LOS PREPARATIVOS DEL PACTO DE MAYO - Apuntes de San Luis","isPartOf":{"@id":"https:\/\/apuntesdesanluis.com\/#website"},"primaryImageOfPage":{"@id":"https:\/\/apuntesdesanluis.com\/index.php\/2024\/05\/03\/el-gobierno-negocia-con-gobernadores-y-avanza-con-los-preparativos-del-pacto-de-mayo\/#primaryimage"},"image":{"@id":"https:\/\/apuntesdesanluis.com\/index.php\/2024\/05\/03\/el-gobierno-negocia-con-gobernadores-y-avanza-con-los-preparativos-del-pacto-de-mayo\/#primaryimage"},"thumbnailUrl":"https:\/\/apuntesdesanluis.com\/wp-content\/uploads\/2024\/05\/VILLARRUEL-Y-MILEI.png","datePublished":"2024-05-03T15:58:27+00:00","breadcrumb":{"@id":"https:\/\/apuntesdesanluis.com\/index.php\/2024\/05\/03\/el-gobierno-negocia-con-gobernadores-y-avanza-con-los-preparativos-del-pacto-de-mayo\/#breadcrumb"},"inLanguage":"es-AR","potentialAction":[{"@type":"ReadAction","target":["https:\/\/apuntesdesanluis.com\/index.php\/2024\/05\/03\/el-gobierno-negocia-con-gobernadores-y-avanza-con-los-preparativos-del-pacto-de-mayo\/"]}]},{"@type":"ImageObject","inLanguage":"es-AR","@id":"https:\/\/apuntesdesanluis.com\/index.php\/2024\/05\/03\/el-gobierno-negocia-con-gobernadores-y-avanza-con-los-preparativos-del-pacto-de-mayo\/#primaryimage","url":"https:\/\/apuntesdesanluis.com\/wp-content\/uploads\/2024\/05\/VILLARRUEL-Y-MILEI.png","contentUrl":"https:\/\/apuntesdesanluis.com\/wp-content\/uploads\/2024\/05\/VILLARRUEL-Y-MILEI.png","width":640,"height":414},{"@type":"BreadcrumbList","@id":"https:\/\/apuntesdesanluis.com\/index.php\/2024\/05\/03\/el-gobierno-negocia-con-gobernadores-y-avanza-con-los-preparativos-del-pacto-de-mayo\/#breadcrumb","itemListElement":[{"@type":"ListItem","position":1,"name":"Inicio","item":"https:\/\/apuntesdesanluis.com\/"},{"@type":"ListItem","position":2,"name":"EL GOBIERNO NEGOCIA CON GOBERNADORES Y AVANZA CON LOS PREPARATIVOS DEL PACTO DE MAYO"}]},{"@type":"WebSite","@id":"https:\/\/apuntesdesanluis.com\/#website","url":"https:\/\/apuntesdesanluis.com\/","name":"Apuntes de San Luis","description":"","publisher":{"@id":"https:\/\/apuntesdesanluis.com\/#\/schema\/person\/b55151d52296fcce64d1a72538a70b90"},"potentialAction":[{"@type":"SearchAction","target":{"@type":"EntryPoint","urlTemplate":"https:\/\/apuntesdesanluis.com\/?s={search_term_string}"},"query-input":{"@type":"PropertyValueSpecification","valueRequired":true,"valueName":"search_term_string"}}],"inLanguage":"es-AR"},{"@type":["Person","Organization"],"@id":"https:\/\/apuntesdesanluis.com\/#\/schema\/person\/b55151d52296fcce64d1a72538a70b90","name":"apuntesdesanluis.com","image":{"@type":"ImageObject","inLanguage":"es-AR","@id":"https:\/\/apuntesdesanluis.com\/#\/schema\/person\/image\/","url":"https:\/\/apuntesdesanluis.com\/wp-content\/uploads\/2023\/07\/cropped-apuntesdesanluis.png","contentUrl":"https:\/\/apuntesdesanluis.com\/wp-content\/uploads\/2023\/07\/cropped-apuntesdesanluis.png","width":450,"height":112,"caption":"apuntesdesanluis.com"},"logo":{"@id":"https:\/\/apuntesdesanluis.com\/#\/schema\/person\/image\/"},"sameAs":["https:\/\/apuntesdesanluis.com"],"url":"https:\/\/apuntesdesanluis.com\/index.php\/author\/apuntesdesanluis-com\/"}]}},"featured_image_urls":{"full":["https:\/\/apuntesdesanluis.com\/wp-content\/uploads\/2024\/05\/VILLARRUEL-Y-MILEI.png",640,414,false],"thumbnail":["https:\/\/apuntesdesanluis.com\/wp-content\/uploads\/2024\/05\/VILLARRUEL-Y-MILEI-150x150.png",150,150,true],"medium":["https:\/\/apuntesdesanluis.com\/wp-content\/uploads\/2024\/05\/VILLARRUEL-Y-MILEI-300x194.png",300,194,true],"medium_large":["https:\/\/apuntesdesanluis.com\/wp-content\/uploads\/2024\/05\/VILLARRUEL-Y-MILEI.png",640,414,false],"large":["https:\/\/apuntesdesanluis.com\/wp-content\/uploads\/2024\/05\/VILLARRUEL-Y-MILEI.png",640,414,false],"1536x1536":["https:\/\/apuntesdesanluis.com\/wp-content\/uploads\/2024\/05\/VILLARRUEL-Y-MILEI.png",640,414,false],"2048x2048":["https:\/\/apuntesdesanluis.com\/wp-content\/uploads\/2024\/05\/VILLARRUEL-Y-MILEI.png",640,414,false],"newsever-slider-full":["https:\/\/apuntesdesanluis.com\/wp-content\/uploads\/2024\/05\/VILLARRUEL-Y-MILEI.png",640,414,false],"newsever-featured":["https:\/\/apuntesdesanluis.com\/wp-content\/uploads\/2024\/05\/VILLARRUEL-Y-MILEI.png",640,414,false],"newsever-medium":["https:\/\/apuntesdesanluis.com\/wp-content\/uploads\/2024\/05\/VILLARRUEL-Y-MILEI.png",640,414,false]},"author_info":{"display_name":"apuntesdesanluis.com","author_link":"https:\/\/apuntesdesanluis.com\/index.php\/author\/apuntesdesanluis-com\/"},"category_info":"<a href=\"https:\/\/apuntesdesanluis.com\/index.php\/category\/nacionales-internacionales\/\" rel=\"category tag\">Nacionales\/Internacionales<\/a>","tag_info":"Nacionales\/Internacionales","comment_count":"0","_links":{"self":[{"href":"https:\/\/apuntesdesanluis.com\/index.php\/wp-json\/wp\/v2\/posts\/15628","targetHints":{"allow":["GET"]}}],"collection":[{"href":"https:\/\/apuntesdesanluis.com\/index.php\/wp-json\/wp\/v2\/posts"}],"about":[{"href":"https:\/\/apuntesdesanluis.com\/index.php\/wp-json\/wp\/v2\/types\/post"}],"author":[{"embeddable":true,"href":"https:\/\/apuntesdesanluis.com\/index.php\/wp-json\/wp\/v2\/users\/1"}],"replies":[{"embeddable":true,"href":"https:\/\/apuntesdesanluis.com\/index.php\/wp-json\/wp\/v2\/comments?post=15628"}],"version-history":[{"count":1,"href":"https:\/\/apuntesdesanluis.com\/index.php\/wp-json\/wp\/v2\/posts\/15628\/revisions"}],"predecessor-version":[{"id":15630,"href":"https:\/\/apuntesdesanluis.com\/index.php\/wp-json\/wp\/v2\/posts\/15628\/revisions\/15630"}],"wp:featuredmedia":[{"embeddable":true,"href":"https:\/\/apuntesdesanluis.com\/index.php\/wp-json\/wp\/v2\/media\/15629"}],"wp:attachment":[{"href":"https:\/\/apuntesdesanluis.com\/index.php\/wp-json\/wp\/v2\/media?parent=15628"}],"wp:term":[{"taxonomy":"category","embeddable":true,"href":"https:\/\/apuntesdesanluis.com\/index.php\/wp-json\/wp\/v2\/categories?post=15628"},{"taxonomy":"post_tag","embeddable":true,"href":"https:\/\/apuntesdesanluis.com\/index.php\/wp-json\/wp\/v2\/tags?post=15628"}],"curies":[{"name":"wp","href":"https:\/\/api.w.org\/{rel}","templated":true}]}}