{"id":15631,"date":"2024-05-03T21:50:55","date_gmt":"2024-05-04T00:50:55","guid":{"rendered":"https:\/\/apuntesdesanluis.com\/?p=15631"},"modified":"2024-05-04T00:54:25","modified_gmt":"2024-05-04T03:54:25","slug":"miles-de-creyentes-rindieron-homenaje-al-divino-senor-de-renca","status":"publish","type":"post","link":"https:\/\/apuntesdesanluis.com\/index.php\/2024\/05\/03\/miles-de-creyentes-rindieron-homenaje-al-divino-senor-de-renca\/","title":{"rendered":"MILES DE CREYENTES RINDIERON HOMENAJE AL DIVINO SE\u00d1OR DE RENCA"},"content":{"rendered":"<h3>Como sucede todos los 3 de mayo en San Luis, miles de peregrinos sanluise\u00f1os y de provincias y pa\u00edses vecinos se convocaron en<strong> Renca<\/strong> para rendirle honores al santo patrono de la localidad.<\/h3>\n<h3>Durante casi todo el a\u00f1o, los casi mil habitantes transitan sus vidas bajo un ritmo tranquilo y apacible, natural para pueblos de estas caracter\u00edsticas. Sin embargo, el tercer d\u00eda de mayo esa calma se ve reemplazada por la emoci\u00f3n y esperanza de miles de personas, que viajan desde largas distancias con el \u00fanico objetivo de orarle al Divino Se\u00f1or de Renca.<\/h3>\n<h3>La misa comenz\u00f3 oficialmente cerca de las 11:00, encabezada por el obispo de San Luis, Gabriel Barba, pero desde un par de horas antes se pudo observar la marea de personas que colmaban la plaza central para aguardar all\u00ed el inicio. En algunos gazebos, decenas de emprendedores ofrec\u00edan tortitas y caf\u00e9 para neutralizar el fr\u00edo de la ma\u00f1ana en el noreste provincial, mientras que otros exhib\u00edan artesan\u00edas que pudieran servir como recordatorio de la visita.<\/h3>\n<h3><img fetchpriority=\"high\" decoding=\"async\" class=\"wp-image-15634 aligncenter\" src=\"https:\/\/apuntesdesanluis.com\/wp-content\/uploads\/2024\/05\/poggi-y-villarruel-300x171.png\" alt=\"\" width=\"647\" height=\"369\" srcset=\"https:\/\/apuntesdesanluis.com\/wp-content\/uploads\/2024\/05\/poggi-y-villarruel-300x171.png 300w, https:\/\/apuntesdesanluis.com\/wp-content\/uploads\/2024\/05\/poggi-y-villarruel.png 600w\" sizes=\"(max-width: 647px) 100vw, 647px\" \/><\/h3>\n<h3>El gobernador Claudio Poggi y la vicepresidenta de la Naci\u00f3n, Victoria Villarruel, fueron dos de los tantos fieles que viajaron para compartir la festividad. En primera fila observaron la entrada del Cristo y la celebraci\u00f3n de la misa, y luego acompa\u00f1aron la procesi\u00f3n habitual junto con monse\u00f1or Barba, en la que cada promesante tuvo la posibilidad de tocar la figura del Divino Se\u00f1or y pedirle, rezo mediante, por algo particular de su vida, o agradecerle por los dones.<\/h3>\n<h3>El Jefe de Estado provincial se mostr\u00f3 feliz de poder contar con el acompa\u00f1amiento de Villarruel en una celebraci\u00f3n tan significativa para San Luis y agredeci\u00f3 su visita en medio de una agenda sumamente apretada. \u201cNos enorgullece, nos jerarquiza y nos hace sentir muy bien. A los sanluise\u00f1os nos gusta que nos visiten y seguramente lo va a percibir en el afecto de los ciudadanos\u201d, destac\u00f3 Poggi.<\/h3>\n<h3>La Vicepresidenta, por su parte, se hizo eco de la sensaci\u00f3n de alegr\u00eda por poder estar presente en la jornada hist\u00f3rica para Renca, y comparti\u00f3 abiertamente su oraci\u00f3n para el Divino Se\u00f1or: \u201cLe pedimos que proteja a la Rep\u00fablica Argentina, que d\u00e9 trabajo y paz para todos y que cada uno pueda cumplir su sue\u00f1o en nuestra Naci\u00f3n bendita\u201d, expres\u00f3 Villarroel.<\/h3>\n<h3>Son muchos los fieles que tienen marcada en el calendario la fecha y asisten a\u00f1o tras a\u00f1o para rendirle devoci\u00f3n al patrono de Renca. Luc\u00eda viaj\u00f3 120 kilometros desde Villa Dolores junto con su cu\u00f1ada y su sobrino, como hace todos los 3 de mayo. \u201cMi pap\u00e1 me tra\u00eda siempre de chica. Es lindo, venimos a darle gracias y pedirle por la familia, la salud, el pa\u00eds y las necesidades\u201d, se\u00f1al\u00f3.<\/h3>\n<h3><img decoding=\"async\" class=\"wp-image-15635 aligncenter\" src=\"https:\/\/apuntesdesanluis.com\/wp-content\/uploads\/2024\/05\/renca-frente-al-cristo-300x195.png\" alt=\"\" width=\"642\" height=\"417\" srcset=\"https:\/\/apuntesdesanluis.com\/wp-content\/uploads\/2024\/05\/renca-frente-al-cristo-300x195.png 300w, https:\/\/apuntesdesanluis.com\/wp-content\/uploads\/2024\/05\/renca-frente-al-cristo.png 600w\" sizes=\"(max-width: 642px) 100vw, 642px\" \/><\/h3>\n<h3>Pero tambi\u00e9n, son muchos los que llegaron para vivir la experiencia por primera vez. Es el caso de Patricia y su familia, quienes se trasladaron desde su Villa Mercedes natal y participaron de la festividad con mucha emoci\u00f3n. \u201cSomos muy creyentes, yo vine alguna vez con mi abuela de chica, aunque recuerdo muy poco\u201d, cont\u00f3.<\/h3>\n<h3>En algunos casos, el amor por el Divino Se\u00f1or de Renca es tan poderoso que los promesantes viajan largas distancias a pie como muestra de su fe y compromiso. As\u00ed lo vivi\u00f3 Ana Mar\u00eda, vecina de Concar\u00e1n que recorre caminando cada a\u00f1o que puede los 30 kilometros que la separan de la celebraci\u00f3n, siempre acompa\u00f1ada por su marido. \u201cEste Cristo es lo m\u00e1s grande que hay\u201d, asegur\u00f3 con su pa\u00f1uelo amarillo apuntando al cielo.<\/h3>\n<p>&nbsp;<\/p>\n<p>&nbsp;<\/p>\n<p>&nbsp;<\/p>\n<p>&nbsp;<\/p>\n<p>&nbsp;<\/p>\n<p>&nbsp;<\/p>\n","protected":false},"excerpt":{"rendered":"<p>Como sucede todos los 3 de mayo en San Luis, miles de peregrinos sanluise\u00f1os y&#8230;<\/p>\n","protected":false},"author":1,"featured_media":15633,"comment_status":"closed","ping_status":"closed","sticky":false,"template":"","format":"standard","meta":{"footnotes":""},"categories":[6],"tags":[],"class_list":["post-15631","post","type-post","status-publish","format-standard","has-post-thumbnail","hentry","category-ciudad-provincia"],"yoast_head":"<!-- This site is optimized with the Yoast SEO plugin v26.1.1 - https:\/\/yoast.com\/wordpress\/plugins\/seo\/ -->\n<title>MILES DE CREYENTES RINDIERON HOMENAJE AL DIVINO SE\u00d1OR DE RENCA - Apuntes de San Luis<\/title>\n<meta name=\"robots\" content=\"index, follow, max-snippet:-1, max-image-preview:large, max-video-preview:-1\" \/>\n<link rel=\"canonical\" href=\"https:\/\/apuntesdesanluis.com\/index.php\/2024\/05\/03\/miles-de-creyentes-rindieron-homenaje-al-divino-senor-de-renca\/\" \/>\n<meta property=\"og:locale\" content=\"es_ES\" \/>\n<meta property=\"og:type\" content=\"article\" \/>\n<meta property=\"og:title\" content=\"MILES DE CREYENTES RINDIERON HOMENAJE AL DIVINO SE\u00d1OR DE RENCA - Apuntes de San Luis\" \/>\n<meta property=\"og:description\" content=\"Como sucede todos los 3 de mayo en San Luis, miles de peregrinos sanluise\u00f1os y...\" \/>\n<meta property=\"og:url\" content=\"https:\/\/apuntesdesanluis.com\/index.php\/2024\/05\/03\/miles-de-creyentes-rindieron-homenaje-al-divino-senor-de-renca\/\" \/>\n<meta property=\"og:site_name\" content=\"Apuntes de San Luis\" \/>\n<meta property=\"article:published_time\" content=\"2024-05-04T00:50:55+00:00\" \/>\n<meta property=\"article:modified_time\" content=\"2024-05-04T03:54:25+00:00\" \/>\n<meta property=\"og:image\" content=\"https:\/\/apuntesdesanluis.com\/wp-content\/uploads\/2024\/05\/barba-renca.png\" \/>\n\t<meta property=\"og:image:width\" content=\"600\" \/>\n\t<meta property=\"og:image:height\" content=\"409\" \/>\n\t<meta property=\"og:image:type\" content=\"image\/png\" \/>\n<meta name=\"author\" content=\"apuntesdesanluis.com\" \/>\n<meta name=\"twitter:card\" content=\"summary_large_image\" \/>\n<meta name=\"twitter:label1\" content=\"Escrito por\" \/>\n\t<meta name=\"twitter:data1\" content=\"apuntesdesanluis.com\" \/>\n\t<meta name=\"twitter:label2\" content=\"Tiempo de lectura\" \/>\n\t<meta name=\"twitter:data2\" content=\"4 minutos\" \/>\n<script type=\"application\/ld+json\" class=\"yoast-schema-graph\">{\"@context\":\"https:\/\/schema.org\",\"@graph\":[{\"@type\":\"Article\",\"@id\":\"https:\/\/apuntesdesanluis.com\/index.php\/2024\/05\/03\/miles-de-creyentes-rindieron-homenaje-al-divino-senor-de-renca\/#article\",\"isPartOf\":{\"@id\":\"https:\/\/apuntesdesanluis.com\/index.php\/2024\/05\/03\/miles-de-creyentes-rindieron-homenaje-al-divino-senor-de-renca\/\"},\"author\":{\"name\":\"apuntesdesanluis.com\",\"@id\":\"https:\/\/apuntesdesanluis.com\/#\/schema\/person\/b55151d52296fcce64d1a72538a70b90\"},\"headline\":\"MILES DE CREYENTES RINDIERON HOMENAJE AL DIVINO SE\u00d1OR DE RENCA\",\"datePublished\":\"2024-05-04T00:50:55+00:00\",\"dateModified\":\"2024-05-04T03:54:25+00:00\",\"mainEntityOfPage\":{\"@id\":\"https:\/\/apuntesdesanluis.com\/index.php\/2024\/05\/03\/miles-de-creyentes-rindieron-homenaje-al-divino-senor-de-renca\/\"},\"wordCount\":634,\"publisher\":{\"@id\":\"https:\/\/apuntesdesanluis.com\/#\/schema\/person\/b55151d52296fcce64d1a72538a70b90\"},\"image\":{\"@id\":\"https:\/\/apuntesdesanluis.com\/index.php\/2024\/05\/03\/miles-de-creyentes-rindieron-homenaje-al-divino-senor-de-renca\/#primaryimage\"},\"thumbnailUrl\":\"https:\/\/apuntesdesanluis.com\/wp-content\/uploads\/2024\/05\/barba-renca.png\",\"articleSection\":[\"Ciudad\/Provincia\"],\"inLanguage\":\"es-AR\"},{\"@type\":\"WebPage\",\"@id\":\"https:\/\/apuntesdesanluis.com\/index.php\/2024\/05\/03\/miles-de-creyentes-rindieron-homenaje-al-divino-senor-de-renca\/\",\"url\":\"https:\/\/apuntesdesanluis.com\/index.php\/2024\/05\/03\/miles-de-creyentes-rindieron-homenaje-al-divino-senor-de-renca\/\",\"name\":\"MILES DE CREYENTES RINDIERON HOMENAJE AL DIVINO SE\u00d1OR DE RENCA - Apuntes de San Luis\",\"isPartOf\":{\"@id\":\"https:\/\/apuntesdesanluis.com\/#website\"},\"primaryImageOfPage\":{\"@id\":\"https:\/\/apuntesdesanluis.com\/index.php\/2024\/05\/03\/miles-de-creyentes-rindieron-homenaje-al-divino-senor-de-renca\/#primaryimage\"},\"image\":{\"@id\":\"https:\/\/apuntesdesanluis.com\/index.php\/2024\/05\/03\/miles-de-creyentes-rindieron-homenaje-al-divino-senor-de-renca\/#primaryimage\"},\"thumbnailUrl\":\"https:\/\/apuntesdesanluis.com\/wp-content\/uploads\/2024\/05\/barba-renca.png\",\"datePublished\":\"2024-05-04T00:50:55+00:00\",\"dateModified\":\"2024-05-04T03:54:25+00:00\",\"breadcrumb\":{\"@id\":\"https:\/\/apuntesdesanluis.com\/index.php\/2024\/05\/03\/miles-de-creyentes-rindieron-homenaje-al-divino-senor-de-renca\/#breadcrumb\"},\"inLanguage\":\"es-AR\",\"potentialAction\":[{\"@type\":\"ReadAction\",\"target\":[\"https:\/\/apuntesdesanluis.com\/index.php\/2024\/05\/03\/miles-de-creyentes-rindieron-homenaje-al-divino-senor-de-renca\/\"]}]},{\"@type\":\"ImageObject\",\"inLanguage\":\"es-AR\",\"@id\":\"https:\/\/apuntesdesanluis.com\/index.php\/2024\/05\/03\/miles-de-creyentes-rindieron-homenaje-al-divino-senor-de-renca\/#primaryimage\",\"url\":\"https:\/\/apuntesdesanluis.com\/wp-content\/uploads\/2024\/05\/barba-renca.png\",\"contentUrl\":\"https:\/\/apuntesdesanluis.com\/wp-content\/uploads\/2024\/05\/barba-renca.png\",\"width\":600,\"height\":409},{\"@type\":\"BreadcrumbList\",\"@id\":\"https:\/\/apuntesdesanluis.com\/index.php\/2024\/05\/03\/miles-de-creyentes-rindieron-homenaje-al-divino-senor-de-renca\/#breadcrumb\",\"itemListElement\":[{\"@type\":\"ListItem\",\"position\":1,\"name\":\"Inicio\",\"item\":\"https:\/\/apuntesdesanluis.com\/\"},{\"@type\":\"ListItem\",\"position\":2,\"name\":\"MILES DE CREYENTES RINDIERON HOMENAJE AL DIVINO SE\u00d1OR DE RENCA\"}]},{\"@type\":\"WebSite\",\"@id\":\"https:\/\/apuntesdesanluis.com\/#website\",\"url\":\"https:\/\/apuntesdesanluis.com\/\",\"name\":\"Apuntes de San Luis\",\"description\":\"\",\"publisher\":{\"@id\":\"https:\/\/apuntesdesanluis.com\/#\/schema\/person\/b55151d52296fcce64d1a72538a70b90\"},\"potentialAction\":[{\"@type\":\"SearchAction\",\"target\":{\"@type\":\"EntryPoint\",\"urlTemplate\":\"https:\/\/apuntesdesanluis.com\/?s={search_term_string}\"},\"query-input\":{\"@type\":\"PropertyValueSpecification\",\"valueRequired\":true,\"valueName\":\"search_term_string\"}}],\"inLanguage\":\"es-AR\"},{\"@type\":[\"Person\",\"Organization\"],\"@id\":\"https:\/\/apuntesdesanluis.com\/#\/schema\/person\/b55151d52296fcce64d1a72538a70b90\",\"name\":\"apuntesdesanluis.com\",\"image\":{\"@type\":\"ImageObject\",\"inLanguage\":\"es-AR\",\"@id\":\"https:\/\/apuntesdesanluis.com\/#\/schema\/person\/image\/\",\"url\":\"https:\/\/apuntesdesanluis.com\/wp-content\/uploads\/2023\/07\/cropped-apuntesdesanluis.png\",\"contentUrl\":\"https:\/\/apuntesdesanluis.com\/wp-content\/uploads\/2023\/07\/cropped-apuntesdesanluis.png\",\"width\":450,\"height\":112,\"caption\":\"apuntesdesanluis.com\"},\"logo\":{\"@id\":\"https:\/\/apuntesdesanluis.com\/#\/schema\/person\/image\/\"},\"sameAs\":[\"https:\/\/apuntesdesanluis.com\"],\"url\":\"https:\/\/apuntesdesanluis.com\/index.php\/author\/apuntesdesanluis-com\/\"}]}<\/script>\n<!-- \/ Yoast SEO plugin. -->","yoast_head_json":{"title":"MILES DE CREYENTES RINDIERON HOMENAJE AL DIVINO SE\u00d1OR DE RENCA - Apuntes de San Luis","robots":{"index":"index","follow":"follow","max-snippet":"max-snippet:-1","max-image-preview":"max-image-preview:large","max-video-preview":"max-video-preview:-1"},"canonical":"https:\/\/apuntesdesanluis.com\/index.php\/2024\/05\/03\/miles-de-creyentes-rindieron-homenaje-al-divino-senor-de-renca\/","og_locale":"es_ES","og_type":"article","og_title":"MILES DE CREYENTES RINDIERON HOMENAJE AL DIVINO SE\u00d1OR DE RENCA - Apuntes de San Luis","og_description":"Como sucede todos los 3 de mayo en San Luis, miles de peregrinos sanluise\u00f1os y...","og_url":"https:\/\/apuntesdesanluis.com\/index.php\/2024\/05\/03\/miles-de-creyentes-rindieron-homenaje-al-divino-senor-de-renca\/","og_site_name":"Apuntes de San Luis","article_published_time":"2024-05-04T00:50:55+00:00","article_modified_time":"2024-05-04T03:54:25+00:00","og_image":[{"width":600,"height":409,"url":"https:\/\/apuntesdesanluis.com\/wp-content\/uploads\/2024\/05\/barba-renca.png","type":"image\/png"}],"author":"apuntesdesanluis.com","twitter_card":"summary_large_image","twitter_misc":{"Escrito por":"apuntesdesanluis.com","Tiempo de lectura":"4 minutos"},"schema":{"@context":"https:\/\/schema.org","@graph":[{"@type":"Article","@id":"https:\/\/apuntesdesanluis.com\/index.php\/2024\/05\/03\/miles-de-creyentes-rindieron-homenaje-al-divino-senor-de-renca\/#article","isPartOf":{"@id":"https:\/\/apuntesdesanluis.com\/index.php\/2024\/05\/03\/miles-de-creyentes-rindieron-homenaje-al-divino-senor-de-renca\/"},"author":{"name":"apuntesdesanluis.com","@id":"https:\/\/apuntesdesanluis.com\/#\/schema\/person\/b55151d52296fcce64d1a72538a70b90"},"headline":"MILES DE CREYENTES RINDIERON HOMENAJE AL DIVINO SE\u00d1OR DE RENCA","datePublished":"2024-05-04T00:50:55+00:00","dateModified":"2024-05-04T03:54:25+00:00","mainEntityOfPage":{"@id":"https:\/\/apuntesdesanluis.com\/index.php\/2024\/05\/03\/miles-de-creyentes-rindieron-homenaje-al-divino-senor-de-renca\/"},"wordCount":634,"publisher":{"@id":"https:\/\/apuntesdesanluis.com\/#\/schema\/person\/b55151d52296fcce64d1a72538a70b90"},"image":{"@id":"https:\/\/apuntesdesanluis.com\/index.php\/2024\/05\/03\/miles-de-creyentes-rindieron-homenaje-al-divino-senor-de-renca\/#primaryimage"},"thumbnailUrl":"https:\/\/apuntesdesanluis.com\/wp-content\/uploads\/2024\/05\/barba-renca.png","articleSection":["Ciudad\/Provincia"],"inLanguage":"es-AR"},{"@type":"WebPage","@id":"https:\/\/apuntesdesanluis.com\/index.php\/2024\/05\/03\/miles-de-creyentes-rindieron-homenaje-al-divino-senor-de-renca\/","url":"https:\/\/apuntesdesanluis.com\/index.php\/2024\/05\/03\/miles-de-creyentes-rindieron-homenaje-al-divino-senor-de-renca\/","name":"MILES DE CREYENTES RINDIERON HOMENAJE AL DIVINO SE\u00d1OR DE RENCA - Apuntes de San Luis","isPartOf":{"@id":"https:\/\/apuntesdesanluis.com\/#website"},"primaryImageOfPage":{"@id":"https:\/\/apuntesdesanluis.com\/index.php\/2024\/05\/03\/miles-de-creyentes-rindieron-homenaje-al-divino-senor-de-renca\/#primaryimage"},"image":{"@id":"https:\/\/apuntesdesanluis.com\/index.php\/2024\/05\/03\/miles-de-creyentes-rindieron-homenaje-al-divino-senor-de-renca\/#primaryimage"},"thumbnailUrl":"https:\/\/apuntesdesanluis.com\/wp-content\/uploads\/2024\/05\/barba-renca.png","datePublished":"2024-05-04T00:50:55+00:00","dateModified":"2024-05-04T03:54:25+00:00","breadcrumb":{"@id":"https:\/\/apuntesdesanluis.com\/index.php\/2024\/05\/03\/miles-de-creyentes-rindieron-homenaje-al-divino-senor-de-renca\/#breadcrumb"},"inLanguage":"es-AR","potentialAction":[{"@type":"ReadAction","target":["https:\/\/apuntesdesanluis.com\/index.php\/2024\/05\/03\/miles-de-creyentes-rindieron-homenaje-al-divino-senor-de-renca\/"]}]},{"@type":"ImageObject","inLanguage":"es-AR","@id":"https:\/\/apuntesdesanluis.com\/index.php\/2024\/05\/03\/miles-de-creyentes-rindieron-homenaje-al-divino-senor-de-renca\/#primaryimage","url":"https:\/\/apuntesdesanluis.com\/wp-content\/uploads\/2024\/05\/barba-renca.png","contentUrl":"https:\/\/apuntesdesanluis.com\/wp-content\/uploads\/2024\/05\/barba-renca.png","width":600,"height":409},{"@type":"BreadcrumbList","@id":"https:\/\/apuntesdesanluis.com\/index.php\/2024\/05\/03\/miles-de-creyentes-rindieron-homenaje-al-divino-senor-de-renca\/#breadcrumb","itemListElement":[{"@type":"ListItem","position":1,"name":"Inicio","item":"https:\/\/apuntesdesanluis.com\/"},{"@type":"ListItem","position":2,"name":"MILES DE CREYENTES RINDIERON HOMENAJE AL DIVINO SE\u00d1OR DE RENCA"}]},{"@type":"WebSite","@id":"https:\/\/apuntesdesanluis.com\/#website","url":"https:\/\/apuntesdesanluis.com\/","name":"Apuntes de San Luis","description":"","publisher":{"@id":"https:\/\/apuntesdesanluis.com\/#\/schema\/person\/b55151d52296fcce64d1a72538a70b90"},"potentialAction":[{"@type":"SearchAction","target":{"@type":"EntryPoint","urlTemplate":"https:\/\/apuntesdesanluis.com\/?s={search_term_string}"},"query-input":{"@type":"PropertyValueSpecification","valueRequired":true,"valueName":"search_term_string"}}],"inLanguage":"es-AR"},{"@type":["Person","Organization"],"@id":"https:\/\/apuntesdesanluis.com\/#\/schema\/person\/b55151d52296fcce64d1a72538a70b90","name":"apuntesdesanluis.com","image":{"@type":"ImageObject","inLanguage":"es-AR","@id":"https:\/\/apuntesdesanluis.com\/#\/schema\/person\/image\/","url":"https:\/\/apuntesdesanluis.com\/wp-content\/uploads\/2023\/07\/cropped-apuntesdesanluis.png","contentUrl":"https:\/\/apuntesdesanluis.com\/wp-content\/uploads\/2023\/07\/cropped-apuntesdesanluis.png","width":450,"height":112,"caption":"apuntesdesanluis.com"},"logo":{"@id":"https:\/\/apuntesdesanluis.com\/#\/schema\/person\/image\/"},"sameAs":["https:\/\/apuntesdesanluis.com"],"url":"https:\/\/apuntesdesanluis.com\/index.php\/author\/apuntesdesanluis-com\/"}]}},"featured_image_urls":{"full":["https:\/\/apuntesdesanluis.com\/wp-content\/uploads\/2024\/05\/barba-renca.png",600,409,false],"thumbnail":["https:\/\/apuntesdesanluis.com\/wp-content\/uploads\/2024\/05\/barba-renca-150x150.png",150,150,true],"medium":["https:\/\/apuntesdesanluis.com\/wp-content\/uploads\/2024\/05\/barba-renca-300x205.png",300,205,true],"medium_large":["https:\/\/apuntesdesanluis.com\/wp-content\/uploads\/2024\/05\/barba-renca.png",600,409,false],"large":["https:\/\/apuntesdesanluis.com\/wp-content\/uploads\/2024\/05\/barba-renca.png",600,409,false],"1536x1536":["https:\/\/apuntesdesanluis.com\/wp-content\/uploads\/2024\/05\/barba-renca.png",600,409,false],"2048x2048":["https:\/\/apuntesdesanluis.com\/wp-content\/uploads\/2024\/05\/barba-renca.png",600,409,false],"newsever-slider-full":["https:\/\/apuntesdesanluis.com\/wp-content\/uploads\/2024\/05\/barba-renca.png",600,409,false],"newsever-featured":["https:\/\/apuntesdesanluis.com\/wp-content\/uploads\/2024\/05\/barba-renca.png",600,409,false],"newsever-medium":["https:\/\/apuntesdesanluis.com\/wp-content\/uploads\/2024\/05\/barba-renca.png",600,409,false]},"author_info":{"display_name":"apuntesdesanluis.com","author_link":"https:\/\/apuntesdesanluis.com\/index.php\/author\/apuntesdesanluis-com\/"},"category_info":"<a href=\"https:\/\/apuntesdesanluis.com\/index.php\/category\/ciudad-provincia\/\" rel=\"category tag\">Ciudad\/Provincia<\/a>","tag_info":"Ciudad\/Provincia","comment_count":"0","_links":{"self":[{"href":"https:\/\/apuntesdesanluis.com\/index.php\/wp-json\/wp\/v2\/posts\/15631","targetHints":{"allow":["GET"]}}],"collection":[{"href":"https:\/\/apuntesdesanluis.com\/index.php\/wp-json\/wp\/v2\/posts"}],"about":[{"href":"https:\/\/apuntesdesanluis.com\/index.php\/wp-json\/wp\/v2\/types\/post"}],"author":[{"embeddable":true,"href":"https:\/\/apuntesdesanluis.com\/index.php\/wp-json\/wp\/v2\/users\/1"}],"replies":[{"embeddable":true,"href":"https:\/\/apuntesdesanluis.com\/index.php\/wp-json\/wp\/v2\/comments?post=15631"}],"version-history":[{"count":1,"href":"https:\/\/apuntesdesanluis.com\/index.php\/wp-json\/wp\/v2\/posts\/15631\/revisions"}],"predecessor-version":[{"id":15636,"href":"https:\/\/apuntesdesanluis.com\/index.php\/wp-json\/wp\/v2\/posts\/15631\/revisions\/15636"}],"wp:featuredmedia":[{"embeddable":true,"href":"https:\/\/apuntesdesanluis.com\/index.php\/wp-json\/wp\/v2\/media\/15633"}],"wp:attachment":[{"href":"https:\/\/apuntesdesanluis.com\/index.php\/wp-json\/wp\/v2\/media?parent=15631"}],"wp:term":[{"taxonomy":"category","embeddable":true,"href":"https:\/\/apuntesdesanluis.com\/index.php\/wp-json\/wp\/v2\/categories?post=15631"},{"taxonomy":"post_tag","embeddable":true,"href":"https:\/\/apuntesdesanluis.com\/index.php\/wp-json\/wp\/v2\/tags?post=15631"}],"curies":[{"name":"wp","href":"https:\/\/api.w.org\/{rel}","templated":true}]}}