{"id":15637,"date":"2024-05-03T22:54:42","date_gmt":"2024-05-04T01:54:42","guid":{"rendered":"https:\/\/apuntesdesanluis.com\/?p=15637"},"modified":"2024-05-04T00:58:19","modified_gmt":"2024-05-04T03:58:19","slug":"multitudinaria-muestra-de-fe-y-devocion-hacia-el-cristo-de-la-quebrada","status":"publish","type":"post","link":"https:\/\/apuntesdesanluis.com\/index.php\/2024\/05\/03\/multitudinaria-muestra-de-fe-y-devocion-hacia-el-cristo-de-la-quebrada\/","title":{"rendered":"MULTITUDINARIA MUESTRA DE FE Y DEVOCI\u00d3N HACIA EL CRISTO DE LA QUEBRADA"},"content":{"rendered":"<h3>Entre aplausos, frente a la plaza principal \u2018Lucia Soler\u2019, fueron recibidos la vicepresidenta de la Naci\u00f3n, Victoria Villarruel; el gobernador, Claudio Poggi; el vicegobernador, Ricardo Endeiza y la intendenta, Rosa Calder\u00f3n, quienes dos minutos antes de las 15:00 ingresaron a la nave principal de la Iglesia para recibir la bendici\u00f3n de monse\u00f1or Gabriel Barba.<\/h3>\n<h3>\u201cLleg\u00f3 el momento de disponer el coraz\u00f3n para recibir con alegr\u00eda y gozo al Cristo de la Quebrada\u201d, pronunci\u00f3 el locutor a las 15:12. El Cristo qued\u00f3 custodiado a la izquierda de la Iglesia y luego los fieles se manifestaron con efusivos c\u00e1nticos.<\/h3>\n<h3>\u201cEste 3 de Mayo, San Luis se viste de fiesta con doble t\u00fanica, primero con el Se\u00f1or de Renca y ahora con el Cristo de la Quebrada, hay un solo sentido, venimos por Cristo, \u00c9l nos cuida\u201d, se\u00f1al\u00f3 el obispo al inicio de la ceremonia religiosa.<\/h3>\n<h3><img fetchpriority=\"high\" decoding=\"async\" class=\"wp-image-15639 aligncenter\" src=\"https:\/\/apuntesdesanluis.com\/wp-content\/uploads\/2024\/05\/CRISTO-DE-LA-QUEBRADA-BARBA-300x172.png\" alt=\"\" width=\"670\" height=\"384\" srcset=\"https:\/\/apuntesdesanluis.com\/wp-content\/uploads\/2024\/05\/CRISTO-DE-LA-QUEBRADA-BARBA-300x172.png 300w, https:\/\/apuntesdesanluis.com\/wp-content\/uploads\/2024\/05\/CRISTO-DE-LA-QUEBRADA-BARBA.png 600w\" sizes=\"(max-width: 670px) 100vw, 670px\" \/><\/h3>\n<h3>Luego llegaron la lectura del Apocalipsis de San Juan y la carta del ap\u00f3stol San Pablo a los apostoles de Filipo; y posteriormente el Aleluya, para seguir con el Santo Evangelio: \u201cNadie ha subido al cielo sino que fue \u00c9l quien baj\u00f3 del cielo, el hijo del hombre, para que todo el que crea tenga vida eterna en \u00c9l\u201d.<\/h3>\n<h3>El Cristo convoca a fieles de todo el pa\u00eds con sus intenciones y pedidos, pero sobre todo vienen a agradecer por la salud, el trabajo, la familia y el amor.<\/h3>\n<h3>Como Mabel Cruce\u00f1o, quien sali\u00f3 temprano a la ma\u00f1ana caminando desde la ciudad capital: \u201cCamin\u00e9 durante nueve a\u00f1os seguidos pidi\u00e9ndole al Cristo que mi pap\u00e1 soportara la di\u00e1lisis. Entr\u00f3 en di\u00e1lisis y, gracias a Dios, el Cristo me concedi\u00f3 eso. Hoy vengo a pedir por mi salud, por la salud de todas mis hermanas. Tambi\u00e9n por la patria, por nuestra Argentina y por nuestra provincia. Es un santo muy milagroso\u201d, reconoci\u00f3 con devoci\u00f3n.<\/h3>\n<h3>V\u00edctor P\u00e9rez, otro promesante, es de Nogol\u00ed y ha estado asistiendo a la festividad del Cristo desde que era ni\u00f1o. Ha venido a pie y a caballo, recordando que en su infancia hab\u00eda mucha m\u00e1s gente que se acercaba a la villa. Aunque ahora ha disminuido la cantidad, \u00e9l sigue agradecido con el Cristo por haber cumplido sus peticiones a lo largo de su vida. Por eso manifiesta su gratitud asistiendo a la misa.<\/h3>\n<h3><img decoding=\"async\" class=\"wp-image-15640 aligncenter\" src=\"https:\/\/apuntesdesanluis.com\/wp-content\/uploads\/2024\/05\/CRISTO-DE-LA-QUEB-RADA-300x169.png\" alt=\"\" width=\"753\" height=\"424\" srcset=\"https:\/\/apuntesdesanluis.com\/wp-content\/uploads\/2024\/05\/CRISTO-DE-LA-QUEB-RADA-300x169.png 300w, https:\/\/apuntesdesanluis.com\/wp-content\/uploads\/2024\/05\/CRISTO-DE-LA-QUEB-RADA.png 600w\" sizes=\"(max-width: 753px) 100vw, 753px\" \/><\/h3>\n<h3>Luego de una multitudinaria procesi\u00f3n por las calles del pueblo, a las 17:00 arrib\u00f3 el Cristo al atrio, en medio de papelitos blancos y amarillos, y se dio por culminada la tradicional caminata con la entonaci\u00f3n del Himno Nacional Argentino interpretado por la Banda de M\u00fasica de la Polic\u00eda y una bendici\u00f3n final.<\/h3>\n<h3>Rosa Calder\u00f3n, la intendenta de Villa de la Quebrada, declar\u00f3 visitante ilustre a la vicepresidenta Victoria Villarruel y le entreg\u00f3 como recuerdo de su visita un poncho tejido por artesanos locales. Para el Gobernador reserv\u00f3 una r\u00e9plica del Cristo que Poggi agradeci\u00f3 con mucho cari\u00f1o. Tambi\u00e9n Villarroel se llev\u00f3 una para que su visita a la fiesta religiosa m\u00e1s grande que tiene San Luis sea inolvidable.<\/h3>\n<p>&nbsp;<\/p>\n<p>&nbsp;<\/p>\n","protected":false},"excerpt":{"rendered":"<p>Entre aplausos, frente a la plaza principal \u2018Lucia Soler\u2019, fueron recibidos la vicepresidenta de la&#8230;<\/p>\n","protected":false},"author":1,"featured_media":15638,"comment_status":"closed","ping_status":"closed","sticky":false,"template":"","format":"standard","meta":{"footnotes":""},"categories":[6],"tags":[],"class_list":["post-15637","post","type-post","status-publish","format-standard","has-post-thumbnail","hentry","category-ciudad-provincia"],"yoast_head":"<!-- This site is optimized with the Yoast SEO plugin v26.1.1 - https:\/\/yoast.com\/wordpress\/plugins\/seo\/ -->\n<title>MULTITUDINARIA MUESTRA DE FE Y DEVOCI\u00d3N HACIA EL CRISTO DE LA QUEBRADA - Apuntes de San Luis<\/title>\n<meta name=\"robots\" content=\"index, follow, max-snippet:-1, max-image-preview:large, max-video-preview:-1\" \/>\n<link rel=\"canonical\" href=\"https:\/\/apuntesdesanluis.com\/index.php\/2024\/05\/03\/multitudinaria-muestra-de-fe-y-devocion-hacia-el-cristo-de-la-quebrada\/\" \/>\n<meta property=\"og:locale\" content=\"es_ES\" \/>\n<meta property=\"og:type\" content=\"article\" \/>\n<meta property=\"og:title\" content=\"MULTITUDINARIA MUESTRA DE FE Y DEVOCI\u00d3N HACIA EL CRISTO DE LA QUEBRADA - Apuntes de San Luis\" \/>\n<meta property=\"og:description\" content=\"Entre aplausos, frente a la plaza principal \u2018Lucia Soler\u2019, fueron recibidos la vicepresidenta de la...\" \/>\n<meta property=\"og:url\" content=\"https:\/\/apuntesdesanluis.com\/index.php\/2024\/05\/03\/multitudinaria-muestra-de-fe-y-devocion-hacia-el-cristo-de-la-quebrada\/\" \/>\n<meta property=\"og:site_name\" content=\"Apuntes de San Luis\" \/>\n<meta property=\"article:published_time\" content=\"2024-05-04T01:54:42+00:00\" \/>\n<meta property=\"article:modified_time\" content=\"2024-05-04T03:58:19+00:00\" \/>\n<meta property=\"og:image\" content=\"https:\/\/apuntesdesanluis.com\/wp-content\/uploads\/2024\/05\/CAPILLA-CRISTO-DE-LA-QUEBRADA.png\" \/>\n\t<meta property=\"og:image:width\" content=\"600\" \/>\n\t<meta property=\"og:image:height\" content=\"380\" \/>\n\t<meta property=\"og:image:type\" content=\"image\/png\" \/>\n<meta name=\"author\" content=\"apuntesdesanluis.com\" \/>\n<meta name=\"twitter:card\" content=\"summary_large_image\" \/>\n<meta name=\"twitter:label1\" content=\"Escrito por\" \/>\n\t<meta name=\"twitter:data1\" content=\"apuntesdesanluis.com\" \/>\n\t<meta name=\"twitter:label2\" content=\"Tiempo de lectura\" \/>\n\t<meta name=\"twitter:data2\" content=\"3 minutos\" \/>\n<script type=\"application\/ld+json\" class=\"yoast-schema-graph\">{\"@context\":\"https:\/\/schema.org\",\"@graph\":[{\"@type\":\"Article\",\"@id\":\"https:\/\/apuntesdesanluis.com\/index.php\/2024\/05\/03\/multitudinaria-muestra-de-fe-y-devocion-hacia-el-cristo-de-la-quebrada\/#article\",\"isPartOf\":{\"@id\":\"https:\/\/apuntesdesanluis.com\/index.php\/2024\/05\/03\/multitudinaria-muestra-de-fe-y-devocion-hacia-el-cristo-de-la-quebrada\/\"},\"author\":{\"name\":\"apuntesdesanluis.com\",\"@id\":\"https:\/\/apuntesdesanluis.com\/#\/schema\/person\/b55151d52296fcce64d1a72538a70b90\"},\"headline\":\"MULTITUDINARIA MUESTRA DE FE Y DEVOCI\u00d3N HACIA EL CRISTO DE LA QUEBRADA\",\"datePublished\":\"2024-05-04T01:54:42+00:00\",\"dateModified\":\"2024-05-04T03:58:19+00:00\",\"mainEntityOfPage\":{\"@id\":\"https:\/\/apuntesdesanluis.com\/index.php\/2024\/05\/03\/multitudinaria-muestra-de-fe-y-devocion-hacia-el-cristo-de-la-quebrada\/\"},\"wordCount\":544,\"publisher\":{\"@id\":\"https:\/\/apuntesdesanluis.com\/#\/schema\/person\/b55151d52296fcce64d1a72538a70b90\"},\"image\":{\"@id\":\"https:\/\/apuntesdesanluis.com\/index.php\/2024\/05\/03\/multitudinaria-muestra-de-fe-y-devocion-hacia-el-cristo-de-la-quebrada\/#primaryimage\"},\"thumbnailUrl\":\"https:\/\/apuntesdesanluis.com\/wp-content\/uploads\/2024\/05\/CAPILLA-CRISTO-DE-LA-QUEBRADA.png\",\"articleSection\":[\"Ciudad\/Provincia\"],\"inLanguage\":\"es-AR\"},{\"@type\":\"WebPage\",\"@id\":\"https:\/\/apuntesdesanluis.com\/index.php\/2024\/05\/03\/multitudinaria-muestra-de-fe-y-devocion-hacia-el-cristo-de-la-quebrada\/\",\"url\":\"https:\/\/apuntesdesanluis.com\/index.php\/2024\/05\/03\/multitudinaria-muestra-de-fe-y-devocion-hacia-el-cristo-de-la-quebrada\/\",\"name\":\"MULTITUDINARIA MUESTRA DE FE Y DEVOCI\u00d3N HACIA EL CRISTO DE LA QUEBRADA - Apuntes de San Luis\",\"isPartOf\":{\"@id\":\"https:\/\/apuntesdesanluis.com\/#website\"},\"primaryImageOfPage\":{\"@id\":\"https:\/\/apuntesdesanluis.com\/index.php\/2024\/05\/03\/multitudinaria-muestra-de-fe-y-devocion-hacia-el-cristo-de-la-quebrada\/#primaryimage\"},\"image\":{\"@id\":\"https:\/\/apuntesdesanluis.com\/index.php\/2024\/05\/03\/multitudinaria-muestra-de-fe-y-devocion-hacia-el-cristo-de-la-quebrada\/#primaryimage\"},\"thumbnailUrl\":\"https:\/\/apuntesdesanluis.com\/wp-content\/uploads\/2024\/05\/CAPILLA-CRISTO-DE-LA-QUEBRADA.png\",\"datePublished\":\"2024-05-04T01:54:42+00:00\",\"dateModified\":\"2024-05-04T03:58:19+00:00\",\"breadcrumb\":{\"@id\":\"https:\/\/apuntesdesanluis.com\/index.php\/2024\/05\/03\/multitudinaria-muestra-de-fe-y-devocion-hacia-el-cristo-de-la-quebrada\/#breadcrumb\"},\"inLanguage\":\"es-AR\",\"potentialAction\":[{\"@type\":\"ReadAction\",\"target\":[\"https:\/\/apuntesdesanluis.com\/index.php\/2024\/05\/03\/multitudinaria-muestra-de-fe-y-devocion-hacia-el-cristo-de-la-quebrada\/\"]}]},{\"@type\":\"ImageObject\",\"inLanguage\":\"es-AR\",\"@id\":\"https:\/\/apuntesdesanluis.com\/index.php\/2024\/05\/03\/multitudinaria-muestra-de-fe-y-devocion-hacia-el-cristo-de-la-quebrada\/#primaryimage\",\"url\":\"https:\/\/apuntesdesanluis.com\/wp-content\/uploads\/2024\/05\/CAPILLA-CRISTO-DE-LA-QUEBRADA.png\",\"contentUrl\":\"https:\/\/apuntesdesanluis.com\/wp-content\/uploads\/2024\/05\/CAPILLA-CRISTO-DE-LA-QUEBRADA.png\",\"width\":600,\"height\":380},{\"@type\":\"BreadcrumbList\",\"@id\":\"https:\/\/apuntesdesanluis.com\/index.php\/2024\/05\/03\/multitudinaria-muestra-de-fe-y-devocion-hacia-el-cristo-de-la-quebrada\/#breadcrumb\",\"itemListElement\":[{\"@type\":\"ListItem\",\"position\":1,\"name\":\"Inicio\",\"item\":\"https:\/\/apuntesdesanluis.com\/\"},{\"@type\":\"ListItem\",\"position\":2,\"name\":\"MULTITUDINARIA MUESTRA DE FE Y DEVOCI\u00d3N HACIA EL CRISTO DE LA QUEBRADA\"}]},{\"@type\":\"WebSite\",\"@id\":\"https:\/\/apuntesdesanluis.com\/#website\",\"url\":\"https:\/\/apuntesdesanluis.com\/\",\"name\":\"Apuntes de San Luis\",\"description\":\"\",\"publisher\":{\"@id\":\"https:\/\/apuntesdesanluis.com\/#\/schema\/person\/b55151d52296fcce64d1a72538a70b90\"},\"potentialAction\":[{\"@type\":\"SearchAction\",\"target\":{\"@type\":\"EntryPoint\",\"urlTemplate\":\"https:\/\/apuntesdesanluis.com\/?s={search_term_string}\"},\"query-input\":{\"@type\":\"PropertyValueSpecification\",\"valueRequired\":true,\"valueName\":\"search_term_string\"}}],\"inLanguage\":\"es-AR\"},{\"@type\":[\"Person\",\"Organization\"],\"@id\":\"https:\/\/apuntesdesanluis.com\/#\/schema\/person\/b55151d52296fcce64d1a72538a70b90\",\"name\":\"apuntesdesanluis.com\",\"image\":{\"@type\":\"ImageObject\",\"inLanguage\":\"es-AR\",\"@id\":\"https:\/\/apuntesdesanluis.com\/#\/schema\/person\/image\/\",\"url\":\"https:\/\/apuntesdesanluis.com\/wp-content\/uploads\/2023\/07\/cropped-apuntesdesanluis.png\",\"contentUrl\":\"https:\/\/apuntesdesanluis.com\/wp-content\/uploads\/2023\/07\/cropped-apuntesdesanluis.png\",\"width\":450,\"height\":112,\"caption\":\"apuntesdesanluis.com\"},\"logo\":{\"@id\":\"https:\/\/apuntesdesanluis.com\/#\/schema\/person\/image\/\"},\"sameAs\":[\"https:\/\/apuntesdesanluis.com\"],\"url\":\"https:\/\/apuntesdesanluis.com\/index.php\/author\/apuntesdesanluis-com\/\"}]}<\/script>\n<!-- \/ Yoast SEO plugin. -->","yoast_head_json":{"title":"MULTITUDINARIA MUESTRA DE FE Y DEVOCI\u00d3N HACIA EL CRISTO DE LA QUEBRADA - Apuntes de San Luis","robots":{"index":"index","follow":"follow","max-snippet":"max-snippet:-1","max-image-preview":"max-image-preview:large","max-video-preview":"max-video-preview:-1"},"canonical":"https:\/\/apuntesdesanluis.com\/index.php\/2024\/05\/03\/multitudinaria-muestra-de-fe-y-devocion-hacia-el-cristo-de-la-quebrada\/","og_locale":"es_ES","og_type":"article","og_title":"MULTITUDINARIA MUESTRA DE FE Y DEVOCI\u00d3N HACIA EL CRISTO DE LA QUEBRADA - Apuntes de San Luis","og_description":"Entre aplausos, frente a la plaza principal \u2018Lucia Soler\u2019, fueron recibidos la vicepresidenta de la...","og_url":"https:\/\/apuntesdesanluis.com\/index.php\/2024\/05\/03\/multitudinaria-muestra-de-fe-y-devocion-hacia-el-cristo-de-la-quebrada\/","og_site_name":"Apuntes de San Luis","article_published_time":"2024-05-04T01:54:42+00:00","article_modified_time":"2024-05-04T03:58:19+00:00","og_image":[{"width":600,"height":380,"url":"https:\/\/apuntesdesanluis.com\/wp-content\/uploads\/2024\/05\/CAPILLA-CRISTO-DE-LA-QUEBRADA.png","type":"image\/png"}],"author":"apuntesdesanluis.com","twitter_card":"summary_large_image","twitter_misc":{"Escrito por":"apuntesdesanluis.com","Tiempo de lectura":"3 minutos"},"schema":{"@context":"https:\/\/schema.org","@graph":[{"@type":"Article","@id":"https:\/\/apuntesdesanluis.com\/index.php\/2024\/05\/03\/multitudinaria-muestra-de-fe-y-devocion-hacia-el-cristo-de-la-quebrada\/#article","isPartOf":{"@id":"https:\/\/apuntesdesanluis.com\/index.php\/2024\/05\/03\/multitudinaria-muestra-de-fe-y-devocion-hacia-el-cristo-de-la-quebrada\/"},"author":{"name":"apuntesdesanluis.com","@id":"https:\/\/apuntesdesanluis.com\/#\/schema\/person\/b55151d52296fcce64d1a72538a70b90"},"headline":"MULTITUDINARIA MUESTRA DE FE Y DEVOCI\u00d3N HACIA EL CRISTO DE LA QUEBRADA","datePublished":"2024-05-04T01:54:42+00:00","dateModified":"2024-05-04T03:58:19+00:00","mainEntityOfPage":{"@id":"https:\/\/apuntesdesanluis.com\/index.php\/2024\/05\/03\/multitudinaria-muestra-de-fe-y-devocion-hacia-el-cristo-de-la-quebrada\/"},"wordCount":544,"publisher":{"@id":"https:\/\/apuntesdesanluis.com\/#\/schema\/person\/b55151d52296fcce64d1a72538a70b90"},"image":{"@id":"https:\/\/apuntesdesanluis.com\/index.php\/2024\/05\/03\/multitudinaria-muestra-de-fe-y-devocion-hacia-el-cristo-de-la-quebrada\/#primaryimage"},"thumbnailUrl":"https:\/\/apuntesdesanluis.com\/wp-content\/uploads\/2024\/05\/CAPILLA-CRISTO-DE-LA-QUEBRADA.png","articleSection":["Ciudad\/Provincia"],"inLanguage":"es-AR"},{"@type":"WebPage","@id":"https:\/\/apuntesdesanluis.com\/index.php\/2024\/05\/03\/multitudinaria-muestra-de-fe-y-devocion-hacia-el-cristo-de-la-quebrada\/","url":"https:\/\/apuntesdesanluis.com\/index.php\/2024\/05\/03\/multitudinaria-muestra-de-fe-y-devocion-hacia-el-cristo-de-la-quebrada\/","name":"MULTITUDINARIA MUESTRA DE FE Y DEVOCI\u00d3N HACIA EL CRISTO DE LA QUEBRADA - Apuntes de San Luis","isPartOf":{"@id":"https:\/\/apuntesdesanluis.com\/#website"},"primaryImageOfPage":{"@id":"https:\/\/apuntesdesanluis.com\/index.php\/2024\/05\/03\/multitudinaria-muestra-de-fe-y-devocion-hacia-el-cristo-de-la-quebrada\/#primaryimage"},"image":{"@id":"https:\/\/apuntesdesanluis.com\/index.php\/2024\/05\/03\/multitudinaria-muestra-de-fe-y-devocion-hacia-el-cristo-de-la-quebrada\/#primaryimage"},"thumbnailUrl":"https:\/\/apuntesdesanluis.com\/wp-content\/uploads\/2024\/05\/CAPILLA-CRISTO-DE-LA-QUEBRADA.png","datePublished":"2024-05-04T01:54:42+00:00","dateModified":"2024-05-04T03:58:19+00:00","breadcrumb":{"@id":"https:\/\/apuntesdesanluis.com\/index.php\/2024\/05\/03\/multitudinaria-muestra-de-fe-y-devocion-hacia-el-cristo-de-la-quebrada\/#breadcrumb"},"inLanguage":"es-AR","potentialAction":[{"@type":"ReadAction","target":["https:\/\/apuntesdesanluis.com\/index.php\/2024\/05\/03\/multitudinaria-muestra-de-fe-y-devocion-hacia-el-cristo-de-la-quebrada\/"]}]},{"@type":"ImageObject","inLanguage":"es-AR","@id":"https:\/\/apuntesdesanluis.com\/index.php\/2024\/05\/03\/multitudinaria-muestra-de-fe-y-devocion-hacia-el-cristo-de-la-quebrada\/#primaryimage","url":"https:\/\/apuntesdesanluis.com\/wp-content\/uploads\/2024\/05\/CAPILLA-CRISTO-DE-LA-QUEBRADA.png","contentUrl":"https:\/\/apuntesdesanluis.com\/wp-content\/uploads\/2024\/05\/CAPILLA-CRISTO-DE-LA-QUEBRADA.png","width":600,"height":380},{"@type":"BreadcrumbList","@id":"https:\/\/apuntesdesanluis.com\/index.php\/2024\/05\/03\/multitudinaria-muestra-de-fe-y-devocion-hacia-el-cristo-de-la-quebrada\/#breadcrumb","itemListElement":[{"@type":"ListItem","position":1,"name":"Inicio","item":"https:\/\/apuntesdesanluis.com\/"},{"@type":"ListItem","position":2,"name":"MULTITUDINARIA MUESTRA DE FE Y DEVOCI\u00d3N HACIA EL CRISTO DE LA QUEBRADA"}]},{"@type":"WebSite","@id":"https:\/\/apuntesdesanluis.com\/#website","url":"https:\/\/apuntesdesanluis.com\/","name":"Apuntes de San Luis","description":"","publisher":{"@id":"https:\/\/apuntesdesanluis.com\/#\/schema\/person\/b55151d52296fcce64d1a72538a70b90"},"potentialAction":[{"@type":"SearchAction","target":{"@type":"EntryPoint","urlTemplate":"https:\/\/apuntesdesanluis.com\/?s={search_term_string}"},"query-input":{"@type":"PropertyValueSpecification","valueRequired":true,"valueName":"search_term_string"}}],"inLanguage":"es-AR"},{"@type":["Person","Organization"],"@id":"https:\/\/apuntesdesanluis.com\/#\/schema\/person\/b55151d52296fcce64d1a72538a70b90","name":"apuntesdesanluis.com","image":{"@type":"ImageObject","inLanguage":"es-AR","@id":"https:\/\/apuntesdesanluis.com\/#\/schema\/person\/image\/","url":"https:\/\/apuntesdesanluis.com\/wp-content\/uploads\/2023\/07\/cropped-apuntesdesanluis.png","contentUrl":"https:\/\/apuntesdesanluis.com\/wp-content\/uploads\/2023\/07\/cropped-apuntesdesanluis.png","width":450,"height":112,"caption":"apuntesdesanluis.com"},"logo":{"@id":"https:\/\/apuntesdesanluis.com\/#\/schema\/person\/image\/"},"sameAs":["https:\/\/apuntesdesanluis.com"],"url":"https:\/\/apuntesdesanluis.com\/index.php\/author\/apuntesdesanluis-com\/"}]}},"featured_image_urls":{"full":["https:\/\/apuntesdesanluis.com\/wp-content\/uploads\/2024\/05\/CAPILLA-CRISTO-DE-LA-QUEBRADA.png",600,380,false],"thumbnail":["https:\/\/apuntesdesanluis.com\/wp-content\/uploads\/2024\/05\/CAPILLA-CRISTO-DE-LA-QUEBRADA-150x150.png",150,150,true],"medium":["https:\/\/apuntesdesanluis.com\/wp-content\/uploads\/2024\/05\/CAPILLA-CRISTO-DE-LA-QUEBRADA-300x190.png",300,190,true],"medium_large":["https:\/\/apuntesdesanluis.com\/wp-content\/uploads\/2024\/05\/CAPILLA-CRISTO-DE-LA-QUEBRADA.png",600,380,false],"large":["https:\/\/apuntesdesanluis.com\/wp-content\/uploads\/2024\/05\/CAPILLA-CRISTO-DE-LA-QUEBRADA.png",600,380,false],"1536x1536":["https:\/\/apuntesdesanluis.com\/wp-content\/uploads\/2024\/05\/CAPILLA-CRISTO-DE-LA-QUEBRADA.png",600,380,false],"2048x2048":["https:\/\/apuntesdesanluis.com\/wp-content\/uploads\/2024\/05\/CAPILLA-CRISTO-DE-LA-QUEBRADA.png",600,380,false],"newsever-slider-full":["https:\/\/apuntesdesanluis.com\/wp-content\/uploads\/2024\/05\/CAPILLA-CRISTO-DE-LA-QUEBRADA.png",600,380,false],"newsever-featured":["https:\/\/apuntesdesanluis.com\/wp-content\/uploads\/2024\/05\/CAPILLA-CRISTO-DE-LA-QUEBRADA.png",600,380,false],"newsever-medium":["https:\/\/apuntesdesanluis.com\/wp-content\/uploads\/2024\/05\/CAPILLA-CRISTO-DE-LA-QUEBRADA.png",600,380,false]},"author_info":{"display_name":"apuntesdesanluis.com","author_link":"https:\/\/apuntesdesanluis.com\/index.php\/author\/apuntesdesanluis-com\/"},"category_info":"<a href=\"https:\/\/apuntesdesanluis.com\/index.php\/category\/ciudad-provincia\/\" rel=\"category tag\">Ciudad\/Provincia<\/a>","tag_info":"Ciudad\/Provincia","comment_count":"0","_links":{"self":[{"href":"https:\/\/apuntesdesanluis.com\/index.php\/wp-json\/wp\/v2\/posts\/15637","targetHints":{"allow":["GET"]}}],"collection":[{"href":"https:\/\/apuntesdesanluis.com\/index.php\/wp-json\/wp\/v2\/posts"}],"about":[{"href":"https:\/\/apuntesdesanluis.com\/index.php\/wp-json\/wp\/v2\/types\/post"}],"author":[{"embeddable":true,"href":"https:\/\/apuntesdesanluis.com\/index.php\/wp-json\/wp\/v2\/users\/1"}],"replies":[{"embeddable":true,"href":"https:\/\/apuntesdesanluis.com\/index.php\/wp-json\/wp\/v2\/comments?post=15637"}],"version-history":[{"count":1,"href":"https:\/\/apuntesdesanluis.com\/index.php\/wp-json\/wp\/v2\/posts\/15637\/revisions"}],"predecessor-version":[{"id":15641,"href":"https:\/\/apuntesdesanluis.com\/index.php\/wp-json\/wp\/v2\/posts\/15637\/revisions\/15641"}],"wp:featuredmedia":[{"embeddable":true,"href":"https:\/\/apuntesdesanluis.com\/index.php\/wp-json\/wp\/v2\/media\/15638"}],"wp:attachment":[{"href":"https:\/\/apuntesdesanluis.com\/index.php\/wp-json\/wp\/v2\/media?parent=15637"}],"wp:term":[{"taxonomy":"category","embeddable":true,"href":"https:\/\/apuntesdesanluis.com\/index.php\/wp-json\/wp\/v2\/categories?post=15637"},{"taxonomy":"post_tag","embeddable":true,"href":"https:\/\/apuntesdesanluis.com\/index.php\/wp-json\/wp\/v2\/tags?post=15637"}],"curies":[{"name":"wp","href":"https:\/\/api.w.org\/{rel}","templated":true}]}}