{"id":15653,"date":"2024-05-04T20:41:26","date_gmt":"2024-05-04T23:41:26","guid":{"rendered":"https:\/\/apuntesdesanluis.com\/?p=15653"},"modified":"2024-05-04T20:41:26","modified_gmt":"2024-05-04T23:41:26","slug":"unvime-la-justicia-confirmo-el-triunfo-de-roxana-tropich-en-ciencias-sociales","status":"publish","type":"post","link":"https:\/\/apuntesdesanluis.com\/index.php\/2024\/05\/04\/unvime-la-justicia-confirmo-el-triunfo-de-roxana-tropich-en-ciencias-sociales\/","title":{"rendered":"UNVIME: LA JUSTICIA CONFIRM\u00d3 EL TRIUNFO DE ROXANA TROPICH EN CIENCIAS SOCIALES"},"content":{"rendered":"<h3>La noticia la dio a conocer el propio Rector <strong>Marcelo Sosa<\/strong>, quien afirm\u00f3 que \u00abde esta manera se pone punto final a esta controversia y se reconoce lo que siempre sostuvimos, el pleno respeto a la autonom\u00eda universitaria, consagrada en las resoluciones emanadas de su Consejo Superior\u00bb.<\/h3>\n<h3>Agreg\u00f3 que \u00abde ahora en adelante, superada la cuesti\u00f3n electoral, se inicia una nueva etapa para hacer una gran universidad y voy a ser el garante personal e institucional de esa ansiada unidad en la UNViMe\u00bb.<\/h3>\n<h3>La Universidad fue notificada formalmente el viernes 3 de mayo de la Resoluci\u00f3n N\u00b0 37194 de la <strong>C\u00e1mara Federal de Mendoza, Sala A<\/strong>, que rechaz\u00f3 el recurso interpuesto por la profesora <strong>Mar\u00eda Cristina Nieto<\/strong>. En consecuencia, qued\u00f3 firme la resoluci\u00f3n emitida por el Consejo Superior de la UNViMe, que proclam\u00f3 el triunfo de la Lic. <strong>Roxana Tropich<\/strong>, candidata a Directora de la Escuela de Ciencias Sociales y Educaci\u00f3n, en las elecciones del 16 de agosto de 2023.<\/h3>\n<p><img fetchpriority=\"high\" decoding=\"async\" class=\"wp-image-15655 aligncenter\" src=\"https:\/\/apuntesdesanluis.com\/wp-content\/uploads\/2024\/05\/camara-federal-de-mendoza-300x145.png\" alt=\"\" width=\"619\" height=\"299\" srcset=\"https:\/\/apuntesdesanluis.com\/wp-content\/uploads\/2024\/05\/camara-federal-de-mendoza-300x145.png 300w, https:\/\/apuntesdesanluis.com\/wp-content\/uploads\/2024\/05\/camara-federal-de-mendoza.png 612w\" sizes=\"(max-width: 619px) 100vw, 619px\" \/><\/p>\n<h3>\u201cEntrando en consideraci\u00f3n del recurso directo impetrado, esta Sala entiende que debe ser rechazado y, en consecuencia, corresponde levantar la medida cautelar dictada en fecha 27\/10\/2023\u201d, indica en sus considerandos.<\/h3>\n<h3>Los principales fragmentos de la resoluci\u00f3n de la Justicia Federal indican:<\/h3>\n<h3>\u2013 \u201cEn el caso bajo examen, la cuesti\u00f3n central a dilucidar es si la Resoluci\u00f3n N\u00b065\/2023, emitida por el Consejo Superior de la Universidad\u00a0 Nacional de Villa Mercedes, utiliz\u00f3 un criterio para ponderar los votos en la elecci\u00f3n universitaria, arbitrario, ileg\u00edtimo o haya presentado defectos que puedan cuestionar su validez, tal como argumenta la parte recurrente\u201d.<\/h3>\n<h3>\u2013 \u201cPara comenzar el an\u00e1lisis, debemos delimitar el marco jur\u00eddico imperante en la materia, toda vez que existen principios constitucionales espec\u00edficos (\u2026) En el a\u00f1o 1994, la reforma de la Constituci\u00f3n Nacional contempl\u00f3, entre las atribuciones del Congreso, la de: \u201c\u2026 sancionar leyes de organizaci\u00f3n y de base de la educaci\u00f3n que consoliden la unidad nacional respetando las particularidades provinciales y locales (\u2026) que garanticen los principios de gratuidad y equidad de la educaci\u00f3n p\u00fablica estatal y la autonom\u00eda y autarqu\u00eda de las universidades nacionales\u2026\u201d (Art. 75, inc. 19)\u201d.<\/h3>\n<h3>\u2013 \u201cEsta disposici\u00f3n tiene plena vigencia, debe ser aplicada y ejecutada por las autoridades correspondientes, en otras palabras, es plenamente operativa.\u00a0\u00a0\u00a0\u00a0\u00a0\u00a0\u00a0\u00a0\u00a0 En efecto, ense\u00f1a el reconocido constitucionalista German Bidart Campos que \u201c\u2026La autonom\u00eda de las universidades nacionales tiene autom\u00e1tica y directamente por imperio de la cl\u00e1usula constitucional, el efecto de erigirlas y reconocerlas como personas jur\u00eddicas de derecho p\u00fablico no estatal, lo que, entre otras consecuencias , surte la de colocarlas al margen de toda clase de intervenci\u00f3n respecto del Estado, como no sea en lo que pueda tener vinculaci\u00f3n con los recursos que el Estado les depara a trav\u00e9s del presupuesto\u2026\u00bb (Bidart Campos, Germ\u00e1n, Manual de la Constituci\u00f3n reformada, Ediar Bs As, 1997, t II .46)\u201d.<\/h3>\n<h3>\u2013 \u201cPor su parte, la ley 24521, al reglamentar el precepto constitucional, regula los aspectos fundamentales de la vida universitaria a la par, que establece las principales directrices que gu\u00edan la organizaci\u00f3n de las pol\u00edticas universitarias\u201d.<\/h3>\n<h3>\u2013 \u201cDentro de ese escenario, define la autonom\u00eda y la autarqu\u00eda universitaria en su art. 29 en cuanto dispone: \u201c\u2026Las instituciones universitarias tendr\u00e1n autonom\u00eda acad\u00e9mica e institucional, que comprende b\u00e1sicamente las siguientes atribuciones: a) Dictar y reformar sus estatutos, los que ser\u00e1n comunicados al Ministerio de Cultura y Educaci\u00f3n a los fines establecidos en el art\u00edculo 34 de la presente ley ; b) Definir sus \u00f3rganos de gobierno, establecer sus funciones, decidir su integraci\u00f3n y elegir sus autoridades de acuerdo a lo que establezcan los estatutos y lo que prescribe la presente ley\u2026\u201d.<\/h3>\n<h3>\u2013 \u201cEs decir, que cada universidad nacional tiene la potestad para dictar el estatuto que la rija, los cuales deben incluir disposiciones relacionadas con la organizaci\u00f3n de sus \u00f3rganos de gobierno. Es as\u00ed que el art. 52 de la norma bajo an\u00e1lisis, establece que los estatutos de las instituciones universitarias nacionales: \u201c\u2026deben prever sus \u00f3rganos de gobierno, tanto colegiados como unipersonales, as\u00ed como su composici\u00f3n y atribuciones. Los \u00f3rganos colegiados tendr\u00e1n b\u00e1sicamente funciones normativas generales, de definici\u00f3n de pol\u00edticas y de control en sus respectivos \u00e1mbitos, en tanto los unipersonales tendr\u00e1n funciones ejecutivas\u2026\u201d.<\/h3>\n<h3>\u2013 \u201cSiguiendo esa misma l\u00f3gica, el autor anteriormente citado explica que: \u00ab\u2026las leyes del Congreso sobre educaci\u00f3n universitaria no pueden reglamentar la organizaci\u00f3n interna de las universidades nacionales, debiendo limitarse a proporcionar las pautas globales de naturaleza estrictamente educativa y cultural que tienen que guiar la impartici\u00f3n de la ense\u00f1anza\u2026\u201d (Bidart Campos, Manual de Derecho Constitucional, ed.1998: pg. 45 y 46)\u201d.<\/h3>\n<h3>\u2013 \u201cEn definitiva, las universidades en ejercicio de su autonom\u00eda gozan de la atribuci\u00f3n para definir sus \u00f3rganos de gobierno, establecer sus funciones, decidir su integraci\u00f3n y elegir sus autoridades. (Del dictamen de la Procuraci\u00f3n General al que remite la Corte, Fallo 342:1315 del 22\/08 \/2019)\u201d.<\/h3>\n<h3>\u2013 \u201c(\u2026) tales principios no son absolutos, sino que la misma ley establece en el art\u00edculo 32, un mecanismo de control de las decisiones adoptadas por los \u00f3rganos de gobierno. Aparece el recurso directo como la herramienta para impugnar las resoluciones definitivas en caso de que se considere que contravienen la normativa vigente o afectan derechos fundamentales\u201d.<\/h3>\n<h3>\u00a0\u2013 Esta disposici\u00f3n act\u00faa como salvaguarda, para asegurar que las acciones de la universidad est\u00e9n sujetas a escrutinio y que los derechos de los miembros de la comunidad universitaria sean debidamente protegidos\u201d.<\/h3>\n<h3>\u2013 \u201cEn tal sentido, dispone el art. 32 de la ley 24.521\u00a0 \u201c(\u2026) Contra las resoluciones definitivas de las instituciones universitarias nacionales impugnadas con fundamento en la interpretaci\u00f3n de las leyes de la Naci\u00f3n, los estatutos y dem\u00e1s normas internas, s\u00f3lo podr\u00e1 interponerse recurso de apelaci\u00f3n ante la C\u00e1mara Federal de Apelaciones con competencia en el lugar donde tiene su sede principal la instituci\u00f3n universitaria (\u2026)\u201d.<\/h3>\n<h3>\u2013 La posibilidad de control, de ning\u00fan modo implica desconocer o menoscabar la mentada autonom\u00eda, sino que la revisi\u00f3n de los actos universitarios debe ser realizada en caso de arbitrariedad o si se presentan vicios que pudieran tornar la decisi\u00f3n tomada nula o anulable (arts. 14 y 15 ley 19.539)\u201d.<\/h3>\n<h3>\u2013 \u201cTomando en cuenta tales acepciones, ha sido entendido que la justicia no puede inmiscuirse en aspectos meramente acad\u00e9micos o administrativos de las universidades, sino que su intervenci\u00f3n est\u00e1 limitada a garantizar el respeto de los derechos fundamentales y las normas legales. Por lo tanto, la evaluaci\u00f3n de la forma de computar los votos en una elecci\u00f3n universitaria estar\u00eda sujeta a este criterio de legalidad y respeto de los derechos\u201d.<\/h3>\n<h3>\u2013 Por lo tanto, el m\u00e1ximo \u00f3rgano jer\u00e1rquico de la Universidad Nacional de Villa Mercedes, en una sesi\u00f3n extraordinaria, luego de analizar las posturas y de votar de manera nominal, resolvi\u00f3 mediante una resoluci\u00f3n debidamente fundamentada que la f\u00f3rmula matem\u00e1tica que condice con lo dispuesto por el art. 50 del Reglamento Electoral, es la planteada por el representante de la lista N\u00b0 11\u201d.<\/h3>\n<h3>\u2013 \u201cDe lo anterior, se sigue que, no hay pruebas que indiquen que se trata de una decisi\u00f3n arbitraria que justifique que esta C\u00e1mara revoque y reemplace la voluntad del Consejo Superior\u201d.<\/h3>\n<h3>\u2013 \u201cEn m\u00e9rito del resultado que instruye el acuerdo precedente, por unanimidad, se resuelve: 1) RECHAZAR el recurso interpuesto por la Sra. Nieto y en consecuencia CONFIRMAR la Resoluci\u00f3n 65 del Consejo Superior de la Universidad Nacional de Villa Mercedes; 2) LEVANTAR LA MEDIDA CAUTELAR dictada de fecha 27\/10\/2023; 3) IMPONER las costas de la presente causa a la recurrente, objetivamente perdidosa (Art. 68 C.P.C.C.N.)\u2026\u201d.<\/h3>\n<h3><\/h3>\n<p>&nbsp;<\/p>\n<p>&nbsp;<\/p>\n","protected":false},"excerpt":{"rendered":"<p>La noticia la dio a conocer el propio Rector Marcelo Sosa, quien afirm\u00f3 que \u00abde&#8230;<\/p>\n","protected":false},"author":1,"featured_media":15654,"comment_status":"closed","ping_status":"closed","sticky":false,"template":"","format":"standard","meta":{"footnotes":""},"categories":[6],"tags":[],"class_list":["post-15653","post","type-post","status-publish","format-standard","has-post-thumbnail","hentry","category-ciudad-provincia"],"yoast_head":"<!-- This site is optimized with the Yoast SEO plugin v26.1.1 - https:\/\/yoast.com\/wordpress\/plugins\/seo\/ -->\n<title>UNVIME: LA JUSTICIA CONFIRM\u00d3 EL TRIUNFO DE ROXANA TROPICH EN CIENCIAS SOCIALES - Apuntes de San Luis<\/title>\n<meta name=\"robots\" content=\"index, follow, max-snippet:-1, max-image-preview:large, max-video-preview:-1\" \/>\n<link rel=\"canonical\" href=\"https:\/\/apuntesdesanluis.com\/index.php\/2024\/05\/04\/unvime-la-justicia-confirmo-el-triunfo-de-roxana-tropich-en-ciencias-sociales\/\" \/>\n<meta property=\"og:locale\" content=\"es_ES\" \/>\n<meta property=\"og:type\" content=\"article\" \/>\n<meta property=\"og:title\" content=\"UNVIME: LA JUSTICIA CONFIRM\u00d3 EL TRIUNFO DE ROXANA TROPICH EN CIENCIAS SOCIALES - Apuntes de San Luis\" \/>\n<meta property=\"og:description\" content=\"La noticia la dio a conocer el propio Rector Marcelo Sosa, quien afirm\u00f3 que \u00abde...\" \/>\n<meta property=\"og:url\" content=\"https:\/\/apuntesdesanluis.com\/index.php\/2024\/05\/04\/unvime-la-justicia-confirmo-el-triunfo-de-roxana-tropich-en-ciencias-sociales\/\" \/>\n<meta property=\"og:site_name\" content=\"Apuntes de San Luis\" \/>\n<meta property=\"article:published_time\" content=\"2024-05-04T23:41:26+00:00\" \/>\n<meta property=\"og:image\" content=\"https:\/\/apuntesdesanluis.com\/wp-content\/uploads\/2024\/05\/rector-marcelo-sosa.png\" \/>\n\t<meta property=\"og:image:width\" content=\"718\" \/>\n\t<meta property=\"og:image:height\" content=\"402\" \/>\n\t<meta property=\"og:image:type\" content=\"image\/png\" \/>\n<meta name=\"author\" content=\"apuntesdesanluis.com\" \/>\n<meta name=\"twitter:card\" content=\"summary_large_image\" \/>\n<meta name=\"twitter:label1\" content=\"Escrito por\" \/>\n\t<meta name=\"twitter:data1\" content=\"apuntesdesanluis.com\" \/>\n\t<meta name=\"twitter:label2\" content=\"Tiempo de lectura\" \/>\n\t<meta name=\"twitter:data2\" content=\"6 minutos\" \/>\n<script type=\"application\/ld+json\" class=\"yoast-schema-graph\">{\"@context\":\"https:\/\/schema.org\",\"@graph\":[{\"@type\":\"Article\",\"@id\":\"https:\/\/apuntesdesanluis.com\/index.php\/2024\/05\/04\/unvime-la-justicia-confirmo-el-triunfo-de-roxana-tropich-en-ciencias-sociales\/#article\",\"isPartOf\":{\"@id\":\"https:\/\/apuntesdesanluis.com\/index.php\/2024\/05\/04\/unvime-la-justicia-confirmo-el-triunfo-de-roxana-tropich-en-ciencias-sociales\/\"},\"author\":{\"name\":\"apuntesdesanluis.com\",\"@id\":\"https:\/\/apuntesdesanluis.com\/#\/schema\/person\/b55151d52296fcce64d1a72538a70b90\"},\"headline\":\"UNVIME: LA JUSTICIA CONFIRM\u00d3 EL TRIUNFO DE ROXANA TROPICH EN CIENCIAS SOCIALES\",\"datePublished\":\"2024-05-04T23:41:26+00:00\",\"mainEntityOfPage\":{\"@id\":\"https:\/\/apuntesdesanluis.com\/index.php\/2024\/05\/04\/unvime-la-justicia-confirmo-el-triunfo-de-roxana-tropich-en-ciencias-sociales\/\"},\"wordCount\":1284,\"publisher\":{\"@id\":\"https:\/\/apuntesdesanluis.com\/#\/schema\/person\/b55151d52296fcce64d1a72538a70b90\"},\"image\":{\"@id\":\"https:\/\/apuntesdesanluis.com\/index.php\/2024\/05\/04\/unvime-la-justicia-confirmo-el-triunfo-de-roxana-tropich-en-ciencias-sociales\/#primaryimage\"},\"thumbnailUrl\":\"https:\/\/apuntesdesanluis.com\/wp-content\/uploads\/2024\/05\/rector-marcelo-sosa.png\",\"articleSection\":[\"Ciudad\/Provincia\"],\"inLanguage\":\"es-AR\"},{\"@type\":\"WebPage\",\"@id\":\"https:\/\/apuntesdesanluis.com\/index.php\/2024\/05\/04\/unvime-la-justicia-confirmo-el-triunfo-de-roxana-tropich-en-ciencias-sociales\/\",\"url\":\"https:\/\/apuntesdesanluis.com\/index.php\/2024\/05\/04\/unvime-la-justicia-confirmo-el-triunfo-de-roxana-tropich-en-ciencias-sociales\/\",\"name\":\"UNVIME: LA JUSTICIA CONFIRM\u00d3 EL TRIUNFO DE ROXANA TROPICH EN CIENCIAS SOCIALES - Apuntes de San Luis\",\"isPartOf\":{\"@id\":\"https:\/\/apuntesdesanluis.com\/#website\"},\"primaryImageOfPage\":{\"@id\":\"https:\/\/apuntesdesanluis.com\/index.php\/2024\/05\/04\/unvime-la-justicia-confirmo-el-triunfo-de-roxana-tropich-en-ciencias-sociales\/#primaryimage\"},\"image\":{\"@id\":\"https:\/\/apuntesdesanluis.com\/index.php\/2024\/05\/04\/unvime-la-justicia-confirmo-el-triunfo-de-roxana-tropich-en-ciencias-sociales\/#primaryimage\"},\"thumbnailUrl\":\"https:\/\/apuntesdesanluis.com\/wp-content\/uploads\/2024\/05\/rector-marcelo-sosa.png\",\"datePublished\":\"2024-05-04T23:41:26+00:00\",\"breadcrumb\":{\"@id\":\"https:\/\/apuntesdesanluis.com\/index.php\/2024\/05\/04\/unvime-la-justicia-confirmo-el-triunfo-de-roxana-tropich-en-ciencias-sociales\/#breadcrumb\"},\"inLanguage\":\"es-AR\",\"potentialAction\":[{\"@type\":\"ReadAction\",\"target\":[\"https:\/\/apuntesdesanluis.com\/index.php\/2024\/05\/04\/unvime-la-justicia-confirmo-el-triunfo-de-roxana-tropich-en-ciencias-sociales\/\"]}]},{\"@type\":\"ImageObject\",\"inLanguage\":\"es-AR\",\"@id\":\"https:\/\/apuntesdesanluis.com\/index.php\/2024\/05\/04\/unvime-la-justicia-confirmo-el-triunfo-de-roxana-tropich-en-ciencias-sociales\/#primaryimage\",\"url\":\"https:\/\/apuntesdesanluis.com\/wp-content\/uploads\/2024\/05\/rector-marcelo-sosa.png\",\"contentUrl\":\"https:\/\/apuntesdesanluis.com\/wp-content\/uploads\/2024\/05\/rector-marcelo-sosa.png\",\"width\":718,\"height\":402},{\"@type\":\"BreadcrumbList\",\"@id\":\"https:\/\/apuntesdesanluis.com\/index.php\/2024\/05\/04\/unvime-la-justicia-confirmo-el-triunfo-de-roxana-tropich-en-ciencias-sociales\/#breadcrumb\",\"itemListElement\":[{\"@type\":\"ListItem\",\"position\":1,\"name\":\"Inicio\",\"item\":\"https:\/\/apuntesdesanluis.com\/\"},{\"@type\":\"ListItem\",\"position\":2,\"name\":\"UNVIME: LA JUSTICIA CONFIRM\u00d3 EL TRIUNFO DE ROXANA TROPICH EN CIENCIAS SOCIALES\"}]},{\"@type\":\"WebSite\",\"@id\":\"https:\/\/apuntesdesanluis.com\/#website\",\"url\":\"https:\/\/apuntesdesanluis.com\/\",\"name\":\"Apuntes de San Luis\",\"description\":\"\",\"publisher\":{\"@id\":\"https:\/\/apuntesdesanluis.com\/#\/schema\/person\/b55151d52296fcce64d1a72538a70b90\"},\"potentialAction\":[{\"@type\":\"SearchAction\",\"target\":{\"@type\":\"EntryPoint\",\"urlTemplate\":\"https:\/\/apuntesdesanluis.com\/?s={search_term_string}\"},\"query-input\":{\"@type\":\"PropertyValueSpecification\",\"valueRequired\":true,\"valueName\":\"search_term_string\"}}],\"inLanguage\":\"es-AR\"},{\"@type\":[\"Person\",\"Organization\"],\"@id\":\"https:\/\/apuntesdesanluis.com\/#\/schema\/person\/b55151d52296fcce64d1a72538a70b90\",\"name\":\"apuntesdesanluis.com\",\"image\":{\"@type\":\"ImageObject\",\"inLanguage\":\"es-AR\",\"@id\":\"https:\/\/apuntesdesanluis.com\/#\/schema\/person\/image\/\",\"url\":\"https:\/\/apuntesdesanluis.com\/wp-content\/uploads\/2023\/07\/cropped-apuntesdesanluis.png\",\"contentUrl\":\"https:\/\/apuntesdesanluis.com\/wp-content\/uploads\/2023\/07\/cropped-apuntesdesanluis.png\",\"width\":450,\"height\":112,\"caption\":\"apuntesdesanluis.com\"},\"logo\":{\"@id\":\"https:\/\/apuntesdesanluis.com\/#\/schema\/person\/image\/\"},\"sameAs\":[\"https:\/\/apuntesdesanluis.com\"],\"url\":\"https:\/\/apuntesdesanluis.com\/index.php\/author\/apuntesdesanluis-com\/\"}]}<\/script>\n<!-- \/ Yoast SEO plugin. -->","yoast_head_json":{"title":"UNVIME: LA JUSTICIA CONFIRM\u00d3 EL TRIUNFO DE ROXANA TROPICH EN CIENCIAS SOCIALES - Apuntes de San Luis","robots":{"index":"index","follow":"follow","max-snippet":"max-snippet:-1","max-image-preview":"max-image-preview:large","max-video-preview":"max-video-preview:-1"},"canonical":"https:\/\/apuntesdesanluis.com\/index.php\/2024\/05\/04\/unvime-la-justicia-confirmo-el-triunfo-de-roxana-tropich-en-ciencias-sociales\/","og_locale":"es_ES","og_type":"article","og_title":"UNVIME: LA JUSTICIA CONFIRM\u00d3 EL TRIUNFO DE ROXANA TROPICH EN CIENCIAS SOCIALES - Apuntes de San Luis","og_description":"La noticia la dio a conocer el propio Rector Marcelo Sosa, quien afirm\u00f3 que \u00abde...","og_url":"https:\/\/apuntesdesanluis.com\/index.php\/2024\/05\/04\/unvime-la-justicia-confirmo-el-triunfo-de-roxana-tropich-en-ciencias-sociales\/","og_site_name":"Apuntes de San Luis","article_published_time":"2024-05-04T23:41:26+00:00","og_image":[{"width":718,"height":402,"url":"https:\/\/apuntesdesanluis.com\/wp-content\/uploads\/2024\/05\/rector-marcelo-sosa.png","type":"image\/png"}],"author":"apuntesdesanluis.com","twitter_card":"summary_large_image","twitter_misc":{"Escrito por":"apuntesdesanluis.com","Tiempo de lectura":"6 minutos"},"schema":{"@context":"https:\/\/schema.org","@graph":[{"@type":"Article","@id":"https:\/\/apuntesdesanluis.com\/index.php\/2024\/05\/04\/unvime-la-justicia-confirmo-el-triunfo-de-roxana-tropich-en-ciencias-sociales\/#article","isPartOf":{"@id":"https:\/\/apuntesdesanluis.com\/index.php\/2024\/05\/04\/unvime-la-justicia-confirmo-el-triunfo-de-roxana-tropich-en-ciencias-sociales\/"},"author":{"name":"apuntesdesanluis.com","@id":"https:\/\/apuntesdesanluis.com\/#\/schema\/person\/b55151d52296fcce64d1a72538a70b90"},"headline":"UNVIME: LA JUSTICIA CONFIRM\u00d3 EL TRIUNFO DE ROXANA TROPICH EN CIENCIAS SOCIALES","datePublished":"2024-05-04T23:41:26+00:00","mainEntityOfPage":{"@id":"https:\/\/apuntesdesanluis.com\/index.php\/2024\/05\/04\/unvime-la-justicia-confirmo-el-triunfo-de-roxana-tropich-en-ciencias-sociales\/"},"wordCount":1284,"publisher":{"@id":"https:\/\/apuntesdesanluis.com\/#\/schema\/person\/b55151d52296fcce64d1a72538a70b90"},"image":{"@id":"https:\/\/apuntesdesanluis.com\/index.php\/2024\/05\/04\/unvime-la-justicia-confirmo-el-triunfo-de-roxana-tropich-en-ciencias-sociales\/#primaryimage"},"thumbnailUrl":"https:\/\/apuntesdesanluis.com\/wp-content\/uploads\/2024\/05\/rector-marcelo-sosa.png","articleSection":["Ciudad\/Provincia"],"inLanguage":"es-AR"},{"@type":"WebPage","@id":"https:\/\/apuntesdesanluis.com\/index.php\/2024\/05\/04\/unvime-la-justicia-confirmo-el-triunfo-de-roxana-tropich-en-ciencias-sociales\/","url":"https:\/\/apuntesdesanluis.com\/index.php\/2024\/05\/04\/unvime-la-justicia-confirmo-el-triunfo-de-roxana-tropich-en-ciencias-sociales\/","name":"UNVIME: LA JUSTICIA CONFIRM\u00d3 EL TRIUNFO DE ROXANA TROPICH EN CIENCIAS SOCIALES - Apuntes de San Luis","isPartOf":{"@id":"https:\/\/apuntesdesanluis.com\/#website"},"primaryImageOfPage":{"@id":"https:\/\/apuntesdesanluis.com\/index.php\/2024\/05\/04\/unvime-la-justicia-confirmo-el-triunfo-de-roxana-tropich-en-ciencias-sociales\/#primaryimage"},"image":{"@id":"https:\/\/apuntesdesanluis.com\/index.php\/2024\/05\/04\/unvime-la-justicia-confirmo-el-triunfo-de-roxana-tropich-en-ciencias-sociales\/#primaryimage"},"thumbnailUrl":"https:\/\/apuntesdesanluis.com\/wp-content\/uploads\/2024\/05\/rector-marcelo-sosa.png","datePublished":"2024-05-04T23:41:26+00:00","breadcrumb":{"@id":"https:\/\/apuntesdesanluis.com\/index.php\/2024\/05\/04\/unvime-la-justicia-confirmo-el-triunfo-de-roxana-tropich-en-ciencias-sociales\/#breadcrumb"},"inLanguage":"es-AR","potentialAction":[{"@type":"ReadAction","target":["https:\/\/apuntesdesanluis.com\/index.php\/2024\/05\/04\/unvime-la-justicia-confirmo-el-triunfo-de-roxana-tropich-en-ciencias-sociales\/"]}]},{"@type":"ImageObject","inLanguage":"es-AR","@id":"https:\/\/apuntesdesanluis.com\/index.php\/2024\/05\/04\/unvime-la-justicia-confirmo-el-triunfo-de-roxana-tropich-en-ciencias-sociales\/#primaryimage","url":"https:\/\/apuntesdesanluis.com\/wp-content\/uploads\/2024\/05\/rector-marcelo-sosa.png","contentUrl":"https:\/\/apuntesdesanluis.com\/wp-content\/uploads\/2024\/05\/rector-marcelo-sosa.png","width":718,"height":402},{"@type":"BreadcrumbList","@id":"https:\/\/apuntesdesanluis.com\/index.php\/2024\/05\/04\/unvime-la-justicia-confirmo-el-triunfo-de-roxana-tropich-en-ciencias-sociales\/#breadcrumb","itemListElement":[{"@type":"ListItem","position":1,"name":"Inicio","item":"https:\/\/apuntesdesanluis.com\/"},{"@type":"ListItem","position":2,"name":"UNVIME: LA JUSTICIA CONFIRM\u00d3 EL TRIUNFO DE ROXANA TROPICH EN CIENCIAS SOCIALES"}]},{"@type":"WebSite","@id":"https:\/\/apuntesdesanluis.com\/#website","url":"https:\/\/apuntesdesanluis.com\/","name":"Apuntes de San Luis","description":"","publisher":{"@id":"https:\/\/apuntesdesanluis.com\/#\/schema\/person\/b55151d52296fcce64d1a72538a70b90"},"potentialAction":[{"@type":"SearchAction","target":{"@type":"EntryPoint","urlTemplate":"https:\/\/apuntesdesanluis.com\/?s={search_term_string}"},"query-input":{"@type":"PropertyValueSpecification","valueRequired":true,"valueName":"search_term_string"}}],"inLanguage":"es-AR"},{"@type":["Person","Organization"],"@id":"https:\/\/apuntesdesanluis.com\/#\/schema\/person\/b55151d52296fcce64d1a72538a70b90","name":"apuntesdesanluis.com","image":{"@type":"ImageObject","inLanguage":"es-AR","@id":"https:\/\/apuntesdesanluis.com\/#\/schema\/person\/image\/","url":"https:\/\/apuntesdesanluis.com\/wp-content\/uploads\/2023\/07\/cropped-apuntesdesanluis.png","contentUrl":"https:\/\/apuntesdesanluis.com\/wp-content\/uploads\/2023\/07\/cropped-apuntesdesanluis.png","width":450,"height":112,"caption":"apuntesdesanluis.com"},"logo":{"@id":"https:\/\/apuntesdesanluis.com\/#\/schema\/person\/image\/"},"sameAs":["https:\/\/apuntesdesanluis.com"],"url":"https:\/\/apuntesdesanluis.com\/index.php\/author\/apuntesdesanluis-com\/"}]}},"featured_image_urls":{"full":["https:\/\/apuntesdesanluis.com\/wp-content\/uploads\/2024\/05\/rector-marcelo-sosa.png",718,402,false],"thumbnail":["https:\/\/apuntesdesanluis.com\/wp-content\/uploads\/2024\/05\/rector-marcelo-sosa-150x150.png",150,150,true],"medium":["https:\/\/apuntesdesanluis.com\/wp-content\/uploads\/2024\/05\/rector-marcelo-sosa-300x168.png",300,168,true],"medium_large":["https:\/\/apuntesdesanluis.com\/wp-content\/uploads\/2024\/05\/rector-marcelo-sosa.png",640,358,false],"large":["https:\/\/apuntesdesanluis.com\/wp-content\/uploads\/2024\/05\/rector-marcelo-sosa.png",640,358,false],"1536x1536":["https:\/\/apuntesdesanluis.com\/wp-content\/uploads\/2024\/05\/rector-marcelo-sosa.png",718,402,false],"2048x2048":["https:\/\/apuntesdesanluis.com\/wp-content\/uploads\/2024\/05\/rector-marcelo-sosa.png",718,402,false],"newsever-slider-full":["https:\/\/apuntesdesanluis.com\/wp-content\/uploads\/2024\/05\/rector-marcelo-sosa.png",718,402,false],"newsever-featured":["https:\/\/apuntesdesanluis.com\/wp-content\/uploads\/2024\/05\/rector-marcelo-sosa.png",718,402,false],"newsever-medium":["https:\/\/apuntesdesanluis.com\/wp-content\/uploads\/2024\/05\/rector-marcelo-sosa.png",718,402,false]},"author_info":{"display_name":"apuntesdesanluis.com","author_link":"https:\/\/apuntesdesanluis.com\/index.php\/author\/apuntesdesanluis-com\/"},"category_info":"<a href=\"https:\/\/apuntesdesanluis.com\/index.php\/category\/ciudad-provincia\/\" rel=\"category tag\">Ciudad\/Provincia<\/a>","tag_info":"Ciudad\/Provincia","comment_count":"0","_links":{"self":[{"href":"https:\/\/apuntesdesanluis.com\/index.php\/wp-json\/wp\/v2\/posts\/15653","targetHints":{"allow":["GET"]}}],"collection":[{"href":"https:\/\/apuntesdesanluis.com\/index.php\/wp-json\/wp\/v2\/posts"}],"about":[{"href":"https:\/\/apuntesdesanluis.com\/index.php\/wp-json\/wp\/v2\/types\/post"}],"author":[{"embeddable":true,"href":"https:\/\/apuntesdesanluis.com\/index.php\/wp-json\/wp\/v2\/users\/1"}],"replies":[{"embeddable":true,"href":"https:\/\/apuntesdesanluis.com\/index.php\/wp-json\/wp\/v2\/comments?post=15653"}],"version-history":[{"count":1,"href":"https:\/\/apuntesdesanluis.com\/index.php\/wp-json\/wp\/v2\/posts\/15653\/revisions"}],"predecessor-version":[{"id":15656,"href":"https:\/\/apuntesdesanluis.com\/index.php\/wp-json\/wp\/v2\/posts\/15653\/revisions\/15656"}],"wp:featuredmedia":[{"embeddable":true,"href":"https:\/\/apuntesdesanluis.com\/index.php\/wp-json\/wp\/v2\/media\/15654"}],"wp:attachment":[{"href":"https:\/\/apuntesdesanluis.com\/index.php\/wp-json\/wp\/v2\/media?parent=15653"}],"wp:term":[{"taxonomy":"category","embeddable":true,"href":"https:\/\/apuntesdesanluis.com\/index.php\/wp-json\/wp\/v2\/categories?post=15653"},{"taxonomy":"post_tag","embeddable":true,"href":"https:\/\/apuntesdesanluis.com\/index.php\/wp-json\/wp\/v2\/tags?post=15653"}],"curies":[{"name":"wp","href":"https:\/\/api.w.org\/{rel}","templated":true}]}}