{"id":1567,"date":"2023-08-14T19:17:20","date_gmt":"2023-08-14T22:17:20","guid":{"rendered":"https:\/\/apuntesdesanluis.com\/?p=1567"},"modified":"2023-08-14T19:17:20","modified_gmt":"2023-08-14T22:17:20","slug":"mi-gabinete-esta-lo-tengo-listo-para-asumir-ahora-aseguro-javier-milei","status":"publish","type":"post","link":"https:\/\/apuntesdesanluis.com\/index.php\/2023\/08\/14\/mi-gabinete-esta-lo-tengo-listo-para-asumir-ahora-aseguro-javier-milei\/","title":{"rendered":"&#8220;MI GABINETE EST\u00c1, LO TENGO LISTO PARA ASUMIR AHORA&#8221;, ASEGUR\u00d3 JAVIER MILEI"},"content":{"rendered":"<h3>El candidato presidencial de La Libertad Avanza (LLA), <strong>Javier Milei<\/strong>, asegur\u00f3 que ya tiene definido su eventual Gabinete de gobierno y se\u00f1al\u00f3 que lo tiene &#8220;listo para asumir ahora&#8221;.<\/h3>\n<h3>&#8220;Lo tengo listo para sumir ahora, mi Gabinete est\u00e1&#8221;, subray\u00f3 el economista, el d\u00eda despu\u00e9s de ganar las elecciones primarias con el 30 por ciento de los votos.\u00a0Tambi\u00e9n se refiri\u00f3 a su relaci\u00f3n con la candidata presidencial de Juntos por el Cambio, <strong>Patricia Bullrich<\/strong>, y se\u00f1al\u00f3 que lo decepcion\u00f3, por lo que ser\u00eda muy dif\u00edcil sumarla a su proyecto.<\/h3>\n<h3>&#8220;No lo s\u00e9, tengo muchas dudas porque ha estado muy involucrada en las operaciones que me hicieron en los \u00faltimos meses, ha tenido un rol muy activo&#8221;, sostuvo Milei sobre si pod\u00eda convocar a Bullrich a su gobierno en caso de ganar.<\/h3>\n<h3>Al ser consultado sobre si no hab\u00eda chances de recomponer esa situaci\u00f3n, fue tajante: &#8220;Hubo un intento, yo hice un alto al fuego y me clav\u00f3 otro pu\u00f1al m\u00e1s. A m\u00ed me defraud\u00f3, yo pens\u00e9 que ten\u00eda una forma de hacer pol\u00edtica distinta&#8221;.<\/h3>\n<h3>El libertario reconoci\u00f3 que el \u00fanico dirigente pol\u00edtico que lo llam\u00f3 para felicitarlo fue el ex presidente <strong>Mauricio Macri<\/strong>, pero no lleg\u00f3 a comunicarse: &#8220;Me escribi\u00f3, cuando me llam\u00f3 yo justo me estaba ba\u00f1ando&#8221;.<\/h3>\n<h3>Al analizar el resultado de este domingo, dijo que &#8220;la sociedad est\u00e1 enojada&#8221; y admiti\u00f3 que &#8220;no esperaba&#8221; ese desenlace, que lo coloc\u00f3 como m\u00e1s votado y con serias chances para el 22 de octubre.<\/h3>\n<h3>&#8220;Se como hacer crecer una econom\u00eda y se como hacer bajar la inflaci\u00f3n. Est\u00e1 en todos los libros, pero por qu\u00e9 no lo hacen, porque aplicar esas medidas va en contra de los intereses de los pol\u00edticos&#8221;, evalu\u00f3 Milei.<\/h3>\n<h3>En declaraciones al programa &#8220;Pan y circo&#8221;, que conduce Jonathan Viale por Radio Rivadavia, el economista dijo que al plantear la dolarizaci\u00f3n est\u00e1 &#8220;diciendo que esa deuda&#8221; con el FMI la va a pagar.<\/h3>\n<h3>Adem\u00e1s, asegur\u00f3 que el Fondo Monetario Internacional (FMI) &#8220;no deber\u00eda tener problemas&#8221; con su programa econ\u00f3mico porque plantea &#8220;un ajuste fiscal mucho m\u00e1s profundo&#8221; que el Gobierno.<\/h3>\n<h3>Luego de haber sido el postulante m\u00e1s votado de las PASO, Milei sostuvo que los problemas del Gobierno con el organismo internacional fueron &#8220;porque nunca puso en orden las cuentas fiscales&#8221;.<\/h3>\n<h3>\u201cEl FMI no deber\u00eda tener problemas con el programa que planteamos que es un ajuste fiscal mucho m\u00e1s profundo que el que ellos plantean. Lo m\u00e1s importante es la convicci\u00f3n. Tenemos claro el diagn\u00f3stico\u201d, remarc\u00f3 el libertario.<\/h3>\n<h3>En declaraciones radiales, sostuvo: \u201cEstamos preparados para distintos escenarios\u201d hasta octubre.<\/h3>\n<h3>&#8220;El miedo es una t\u00e9cnica muy utilizada por la pol\u00edtica. Lo ha hecho el kirchnerismo y Juntos por el Cambio. Frente a la falta de propuestas e ideas recurren a meter miedo&#8221;, subray\u00f3 Milei, que se\u00f1al\u00f3 que seguir\u00e1 &#8220;trabajando con la misma pasi\u00f3n&#8221;.<\/h3>\n<h3>&#8220;Nosotros tenemos claro el diagn\u00f3stico, tenemos claro lo que queremos hacer, c\u00f3mo hacerlo, fuimos los \u00fanicos que presentamos una propuesta completa&#8221;, explic\u00f3 el candidato presidencial m\u00e1s votado de las PASO.<\/h3>\n<h3>Al hablar de la econom\u00eda, se pregunt\u00f3 &#8220;\u00bfQu\u00e9 mejor para el mercado que un economista promercado?&#8221;.<\/h3>\n<h3>\u201cEn realidad hay dos elementos que juegan de un modo contradictorio. Porque, por un lado, hay un resultado de una expresi\u00f3n promercado, la verdad es que muchos de los an\u00e1lisis que est\u00e1n dando vueltas son bastante precarios. Pero claro, lo que pasa es que muchos de los analistas internacionales se nutren de lo que dicen analistas locales que adem\u00e1s juegan pol\u00edticamente. Entonces, imagin\u00e1te que las cosas que le dicen de m\u00ed no son nada positivas y llegan a una contradicci\u00f3n en los t\u00e9rminos porque, \u00bfQu\u00e9 mejor para el mercado que un economista promercado?\u201d, dijo Milei.<\/h3>\n<h3>\u201cY por otro lado, la parte negativa en esto es que el resultado tan malo del Frente de Todos complica el poder para el ministro de Econom\u00eda, Sergio Massa y eso puede derivar en que si se derrumba la demanda de dinero, termina directamente con una hiperinflaci\u00f3n\u201d, asegur\u00f3 el diputado nacional.<\/h3>\n<h3>Adem\u00e1s, al referirse a la interna de Juntos por el Cambio y la victoria de Patricia Bullrich, sostuvo: &#8220;Es un alivio para los argentinos que alguien tan siniestro haya perdido (Horacio Rodr\u00edguez Larreta)&#8221;.<\/h3>\n","protected":false},"excerpt":{"rendered":"<p>El candidato presidencial de La Libertad Avanza (LLA), Javier Milei, asegur\u00f3 que ya tiene definido&#8230;<\/p>\n","protected":false},"author":1,"featured_media":1568,"comment_status":"closed","ping_status":"closed","sticky":false,"template":"","format":"standard","meta":{"footnotes":""},"categories":[5],"tags":[],"class_list":["post-1567","post","type-post","status-publish","format-standard","has-post-thumbnail","hentry","category-nacionales-internacionales"],"yoast_head":"<!-- This site is optimized with the Yoast SEO plugin v26.1.1 - https:\/\/yoast.com\/wordpress\/plugins\/seo\/ -->\n<title>&quot;MI GABINETE EST\u00c1, LO TENGO LISTO PARA ASUMIR AHORA&quot;, ASEGUR\u00d3 JAVIER MILEI - Apuntes de San Luis<\/title>\n<meta name=\"robots\" content=\"index, follow, max-snippet:-1, max-image-preview:large, max-video-preview:-1\" \/>\n<link rel=\"canonical\" href=\"https:\/\/apuntesdesanluis.com\/index.php\/2023\/08\/14\/mi-gabinete-esta-lo-tengo-listo-para-asumir-ahora-aseguro-javier-milei\/\" \/>\n<meta property=\"og:locale\" content=\"es_ES\" \/>\n<meta property=\"og:type\" content=\"article\" \/>\n<meta property=\"og:title\" content=\"&quot;MI GABINETE EST\u00c1, LO TENGO LISTO PARA ASUMIR AHORA&quot;, ASEGUR\u00d3 JAVIER MILEI - Apuntes de San Luis\" \/>\n<meta property=\"og:description\" content=\"El candidato presidencial de La Libertad Avanza (LLA), Javier Milei, asegur\u00f3 que ya tiene definido...\" \/>\n<meta property=\"og:url\" content=\"https:\/\/apuntesdesanluis.com\/index.php\/2023\/08\/14\/mi-gabinete-esta-lo-tengo-listo-para-asumir-ahora-aseguro-javier-milei\/\" \/>\n<meta property=\"og:site_name\" content=\"Apuntes de San Luis\" \/>\n<meta property=\"article:published_time\" content=\"2023-08-14T22:17:20+00:00\" \/>\n<meta property=\"og:image\" content=\"https:\/\/apuntesdesanluis.com\/wp-content\/uploads\/2023\/08\/milei-1.png\" \/>\n\t<meta property=\"og:image:width\" content=\"600\" \/>\n\t<meta property=\"og:image:height\" content=\"371\" \/>\n\t<meta property=\"og:image:type\" content=\"image\/png\" \/>\n<meta name=\"author\" content=\"apuntesdesanluis.com\" \/>\n<meta name=\"twitter:card\" content=\"summary_large_image\" \/>\n<meta name=\"twitter:label1\" content=\"Escrito por\" \/>\n\t<meta name=\"twitter:data1\" content=\"apuntesdesanluis.com\" \/>\n\t<meta name=\"twitter:label2\" content=\"Tiempo de lectura\" \/>\n\t<meta name=\"twitter:data2\" content=\"4 minutos\" \/>\n<script type=\"application\/ld+json\" class=\"yoast-schema-graph\">{\"@context\":\"https:\/\/schema.org\",\"@graph\":[{\"@type\":\"Article\",\"@id\":\"https:\/\/apuntesdesanluis.com\/index.php\/2023\/08\/14\/mi-gabinete-esta-lo-tengo-listo-para-asumir-ahora-aseguro-javier-milei\/#article\",\"isPartOf\":{\"@id\":\"https:\/\/apuntesdesanluis.com\/index.php\/2023\/08\/14\/mi-gabinete-esta-lo-tengo-listo-para-asumir-ahora-aseguro-javier-milei\/\"},\"author\":{\"name\":\"apuntesdesanluis.com\",\"@id\":\"https:\/\/apuntesdesanluis.com\/#\/schema\/person\/b55151d52296fcce64d1a72538a70b90\"},\"headline\":\"&#8220;MI GABINETE EST\u00c1, LO TENGO LISTO PARA ASUMIR AHORA&#8221;, ASEGUR\u00d3 JAVIER MILEI\",\"datePublished\":\"2023-08-14T22:17:20+00:00\",\"mainEntityOfPage\":{\"@id\":\"https:\/\/apuntesdesanluis.com\/index.php\/2023\/08\/14\/mi-gabinete-esta-lo-tengo-listo-para-asumir-ahora-aseguro-javier-milei\/\"},\"wordCount\":752,\"publisher\":{\"@id\":\"https:\/\/apuntesdesanluis.com\/#\/schema\/person\/b55151d52296fcce64d1a72538a70b90\"},\"image\":{\"@id\":\"https:\/\/apuntesdesanluis.com\/index.php\/2023\/08\/14\/mi-gabinete-esta-lo-tengo-listo-para-asumir-ahora-aseguro-javier-milei\/#primaryimage\"},\"thumbnailUrl\":\"https:\/\/apuntesdesanluis.com\/wp-content\/uploads\/2023\/08\/milei-1.png\",\"articleSection\":[\"Nacionales\/Internacionales\"],\"inLanguage\":\"es-AR\"},{\"@type\":\"WebPage\",\"@id\":\"https:\/\/apuntesdesanluis.com\/index.php\/2023\/08\/14\/mi-gabinete-esta-lo-tengo-listo-para-asumir-ahora-aseguro-javier-milei\/\",\"url\":\"https:\/\/apuntesdesanluis.com\/index.php\/2023\/08\/14\/mi-gabinete-esta-lo-tengo-listo-para-asumir-ahora-aseguro-javier-milei\/\",\"name\":\"\\\"MI GABINETE EST\u00c1, LO TENGO LISTO PARA ASUMIR AHORA\\\", ASEGUR\u00d3 JAVIER MILEI - Apuntes de San Luis\",\"isPartOf\":{\"@id\":\"https:\/\/apuntesdesanluis.com\/#website\"},\"primaryImageOfPage\":{\"@id\":\"https:\/\/apuntesdesanluis.com\/index.php\/2023\/08\/14\/mi-gabinete-esta-lo-tengo-listo-para-asumir-ahora-aseguro-javier-milei\/#primaryimage\"},\"image\":{\"@id\":\"https:\/\/apuntesdesanluis.com\/index.php\/2023\/08\/14\/mi-gabinete-esta-lo-tengo-listo-para-asumir-ahora-aseguro-javier-milei\/#primaryimage\"},\"thumbnailUrl\":\"https:\/\/apuntesdesanluis.com\/wp-content\/uploads\/2023\/08\/milei-1.png\",\"datePublished\":\"2023-08-14T22:17:20+00:00\",\"breadcrumb\":{\"@id\":\"https:\/\/apuntesdesanluis.com\/index.php\/2023\/08\/14\/mi-gabinete-esta-lo-tengo-listo-para-asumir-ahora-aseguro-javier-milei\/#breadcrumb\"},\"inLanguage\":\"es-AR\",\"potentialAction\":[{\"@type\":\"ReadAction\",\"target\":[\"https:\/\/apuntesdesanluis.com\/index.php\/2023\/08\/14\/mi-gabinete-esta-lo-tengo-listo-para-asumir-ahora-aseguro-javier-milei\/\"]}]},{\"@type\":\"ImageObject\",\"inLanguage\":\"es-AR\",\"@id\":\"https:\/\/apuntesdesanluis.com\/index.php\/2023\/08\/14\/mi-gabinete-esta-lo-tengo-listo-para-asumir-ahora-aseguro-javier-milei\/#primaryimage\",\"url\":\"https:\/\/apuntesdesanluis.com\/wp-content\/uploads\/2023\/08\/milei-1.png\",\"contentUrl\":\"https:\/\/apuntesdesanluis.com\/wp-content\/uploads\/2023\/08\/milei-1.png\",\"width\":600,\"height\":371},{\"@type\":\"BreadcrumbList\",\"@id\":\"https:\/\/apuntesdesanluis.com\/index.php\/2023\/08\/14\/mi-gabinete-esta-lo-tengo-listo-para-asumir-ahora-aseguro-javier-milei\/#breadcrumb\",\"itemListElement\":[{\"@type\":\"ListItem\",\"position\":1,\"name\":\"Inicio\",\"item\":\"https:\/\/apuntesdesanluis.com\/\"},{\"@type\":\"ListItem\",\"position\":2,\"name\":\"&#8220;MI GABINETE EST\u00c1, LO TENGO LISTO PARA ASUMIR AHORA&#8221;, ASEGUR\u00d3 JAVIER MILEI\"}]},{\"@type\":\"WebSite\",\"@id\":\"https:\/\/apuntesdesanluis.com\/#website\",\"url\":\"https:\/\/apuntesdesanluis.com\/\",\"name\":\"Apuntes de San Luis\",\"description\":\"\",\"publisher\":{\"@id\":\"https:\/\/apuntesdesanluis.com\/#\/schema\/person\/b55151d52296fcce64d1a72538a70b90\"},\"potentialAction\":[{\"@type\":\"SearchAction\",\"target\":{\"@type\":\"EntryPoint\",\"urlTemplate\":\"https:\/\/apuntesdesanluis.com\/?s={search_term_string}\"},\"query-input\":{\"@type\":\"PropertyValueSpecification\",\"valueRequired\":true,\"valueName\":\"search_term_string\"}}],\"inLanguage\":\"es-AR\"},{\"@type\":[\"Person\",\"Organization\"],\"@id\":\"https:\/\/apuntesdesanluis.com\/#\/schema\/person\/b55151d52296fcce64d1a72538a70b90\",\"name\":\"apuntesdesanluis.com\",\"image\":{\"@type\":\"ImageObject\",\"inLanguage\":\"es-AR\",\"@id\":\"https:\/\/apuntesdesanluis.com\/#\/schema\/person\/image\/\",\"url\":\"https:\/\/apuntesdesanluis.com\/wp-content\/uploads\/2023\/07\/cropped-apuntesdesanluis.png\",\"contentUrl\":\"https:\/\/apuntesdesanluis.com\/wp-content\/uploads\/2023\/07\/cropped-apuntesdesanluis.png\",\"width\":450,\"height\":112,\"caption\":\"apuntesdesanluis.com\"},\"logo\":{\"@id\":\"https:\/\/apuntesdesanluis.com\/#\/schema\/person\/image\/\"},\"sameAs\":[\"https:\/\/apuntesdesanluis.com\"],\"url\":\"https:\/\/apuntesdesanluis.com\/index.php\/author\/apuntesdesanluis-com\/\"}]}<\/script>\n<!-- \/ Yoast SEO plugin. -->","yoast_head_json":{"title":"\"MI GABINETE EST\u00c1, LO TENGO LISTO PARA ASUMIR AHORA\", ASEGUR\u00d3 JAVIER MILEI - Apuntes de San Luis","robots":{"index":"index","follow":"follow","max-snippet":"max-snippet:-1","max-image-preview":"max-image-preview:large","max-video-preview":"max-video-preview:-1"},"canonical":"https:\/\/apuntesdesanluis.com\/index.php\/2023\/08\/14\/mi-gabinete-esta-lo-tengo-listo-para-asumir-ahora-aseguro-javier-milei\/","og_locale":"es_ES","og_type":"article","og_title":"\"MI GABINETE EST\u00c1, LO TENGO LISTO PARA ASUMIR AHORA\", ASEGUR\u00d3 JAVIER MILEI - Apuntes de San Luis","og_description":"El candidato presidencial de La Libertad Avanza (LLA), Javier Milei, asegur\u00f3 que ya tiene definido...","og_url":"https:\/\/apuntesdesanluis.com\/index.php\/2023\/08\/14\/mi-gabinete-esta-lo-tengo-listo-para-asumir-ahora-aseguro-javier-milei\/","og_site_name":"Apuntes de San Luis","article_published_time":"2023-08-14T22:17:20+00:00","og_image":[{"width":600,"height":371,"url":"https:\/\/apuntesdesanluis.com\/wp-content\/uploads\/2023\/08\/milei-1.png","type":"image\/png"}],"author":"apuntesdesanluis.com","twitter_card":"summary_large_image","twitter_misc":{"Escrito por":"apuntesdesanluis.com","Tiempo de lectura":"4 minutos"},"schema":{"@context":"https:\/\/schema.org","@graph":[{"@type":"Article","@id":"https:\/\/apuntesdesanluis.com\/index.php\/2023\/08\/14\/mi-gabinete-esta-lo-tengo-listo-para-asumir-ahora-aseguro-javier-milei\/#article","isPartOf":{"@id":"https:\/\/apuntesdesanluis.com\/index.php\/2023\/08\/14\/mi-gabinete-esta-lo-tengo-listo-para-asumir-ahora-aseguro-javier-milei\/"},"author":{"name":"apuntesdesanluis.com","@id":"https:\/\/apuntesdesanluis.com\/#\/schema\/person\/b55151d52296fcce64d1a72538a70b90"},"headline":"&#8220;MI GABINETE EST\u00c1, LO TENGO LISTO PARA ASUMIR AHORA&#8221;, ASEGUR\u00d3 JAVIER MILEI","datePublished":"2023-08-14T22:17:20+00:00","mainEntityOfPage":{"@id":"https:\/\/apuntesdesanluis.com\/index.php\/2023\/08\/14\/mi-gabinete-esta-lo-tengo-listo-para-asumir-ahora-aseguro-javier-milei\/"},"wordCount":752,"publisher":{"@id":"https:\/\/apuntesdesanluis.com\/#\/schema\/person\/b55151d52296fcce64d1a72538a70b90"},"image":{"@id":"https:\/\/apuntesdesanluis.com\/index.php\/2023\/08\/14\/mi-gabinete-esta-lo-tengo-listo-para-asumir-ahora-aseguro-javier-milei\/#primaryimage"},"thumbnailUrl":"https:\/\/apuntesdesanluis.com\/wp-content\/uploads\/2023\/08\/milei-1.png","articleSection":["Nacionales\/Internacionales"],"inLanguage":"es-AR"},{"@type":"WebPage","@id":"https:\/\/apuntesdesanluis.com\/index.php\/2023\/08\/14\/mi-gabinete-esta-lo-tengo-listo-para-asumir-ahora-aseguro-javier-milei\/","url":"https:\/\/apuntesdesanluis.com\/index.php\/2023\/08\/14\/mi-gabinete-esta-lo-tengo-listo-para-asumir-ahora-aseguro-javier-milei\/","name":"\"MI GABINETE EST\u00c1, LO TENGO LISTO PARA ASUMIR AHORA\", ASEGUR\u00d3 JAVIER MILEI - Apuntes de San Luis","isPartOf":{"@id":"https:\/\/apuntesdesanluis.com\/#website"},"primaryImageOfPage":{"@id":"https:\/\/apuntesdesanluis.com\/index.php\/2023\/08\/14\/mi-gabinete-esta-lo-tengo-listo-para-asumir-ahora-aseguro-javier-milei\/#primaryimage"},"image":{"@id":"https:\/\/apuntesdesanluis.com\/index.php\/2023\/08\/14\/mi-gabinete-esta-lo-tengo-listo-para-asumir-ahora-aseguro-javier-milei\/#primaryimage"},"thumbnailUrl":"https:\/\/apuntesdesanluis.com\/wp-content\/uploads\/2023\/08\/milei-1.png","datePublished":"2023-08-14T22:17:20+00:00","breadcrumb":{"@id":"https:\/\/apuntesdesanluis.com\/index.php\/2023\/08\/14\/mi-gabinete-esta-lo-tengo-listo-para-asumir-ahora-aseguro-javier-milei\/#breadcrumb"},"inLanguage":"es-AR","potentialAction":[{"@type":"ReadAction","target":["https:\/\/apuntesdesanluis.com\/index.php\/2023\/08\/14\/mi-gabinete-esta-lo-tengo-listo-para-asumir-ahora-aseguro-javier-milei\/"]}]},{"@type":"ImageObject","inLanguage":"es-AR","@id":"https:\/\/apuntesdesanluis.com\/index.php\/2023\/08\/14\/mi-gabinete-esta-lo-tengo-listo-para-asumir-ahora-aseguro-javier-milei\/#primaryimage","url":"https:\/\/apuntesdesanluis.com\/wp-content\/uploads\/2023\/08\/milei-1.png","contentUrl":"https:\/\/apuntesdesanluis.com\/wp-content\/uploads\/2023\/08\/milei-1.png","width":600,"height":371},{"@type":"BreadcrumbList","@id":"https:\/\/apuntesdesanluis.com\/index.php\/2023\/08\/14\/mi-gabinete-esta-lo-tengo-listo-para-asumir-ahora-aseguro-javier-milei\/#breadcrumb","itemListElement":[{"@type":"ListItem","position":1,"name":"Inicio","item":"https:\/\/apuntesdesanluis.com\/"},{"@type":"ListItem","position":2,"name":"&#8220;MI GABINETE EST\u00c1, LO TENGO LISTO PARA ASUMIR AHORA&#8221;, ASEGUR\u00d3 JAVIER MILEI"}]},{"@type":"WebSite","@id":"https:\/\/apuntesdesanluis.com\/#website","url":"https:\/\/apuntesdesanluis.com\/","name":"Apuntes de San Luis","description":"","publisher":{"@id":"https:\/\/apuntesdesanluis.com\/#\/schema\/person\/b55151d52296fcce64d1a72538a70b90"},"potentialAction":[{"@type":"SearchAction","target":{"@type":"EntryPoint","urlTemplate":"https:\/\/apuntesdesanluis.com\/?s={search_term_string}"},"query-input":{"@type":"PropertyValueSpecification","valueRequired":true,"valueName":"search_term_string"}}],"inLanguage":"es-AR"},{"@type":["Person","Organization"],"@id":"https:\/\/apuntesdesanluis.com\/#\/schema\/person\/b55151d52296fcce64d1a72538a70b90","name":"apuntesdesanluis.com","image":{"@type":"ImageObject","inLanguage":"es-AR","@id":"https:\/\/apuntesdesanluis.com\/#\/schema\/person\/image\/","url":"https:\/\/apuntesdesanluis.com\/wp-content\/uploads\/2023\/07\/cropped-apuntesdesanluis.png","contentUrl":"https:\/\/apuntesdesanluis.com\/wp-content\/uploads\/2023\/07\/cropped-apuntesdesanluis.png","width":450,"height":112,"caption":"apuntesdesanluis.com"},"logo":{"@id":"https:\/\/apuntesdesanluis.com\/#\/schema\/person\/image\/"},"sameAs":["https:\/\/apuntesdesanluis.com"],"url":"https:\/\/apuntesdesanluis.com\/index.php\/author\/apuntesdesanluis-com\/"}]}},"featured_image_urls":{"full":["https:\/\/apuntesdesanluis.com\/wp-content\/uploads\/2023\/08\/milei-1.png",600,371,false],"thumbnail":["https:\/\/apuntesdesanluis.com\/wp-content\/uploads\/2023\/08\/milei-1-150x150.png",150,150,true],"medium":["https:\/\/apuntesdesanluis.com\/wp-content\/uploads\/2023\/08\/milei-1-300x186.png",300,186,true],"medium_large":["https:\/\/apuntesdesanluis.com\/wp-content\/uploads\/2023\/08\/milei-1.png",600,371,false],"large":["https:\/\/apuntesdesanluis.com\/wp-content\/uploads\/2023\/08\/milei-1.png",600,371,false],"1536x1536":["https:\/\/apuntesdesanluis.com\/wp-content\/uploads\/2023\/08\/milei-1.png",600,371,false],"2048x2048":["https:\/\/apuntesdesanluis.com\/wp-content\/uploads\/2023\/08\/milei-1.png",600,371,false],"newsever-slider-full":["https:\/\/apuntesdesanluis.com\/wp-content\/uploads\/2023\/08\/milei-1.png",600,371,false],"newsever-featured":["https:\/\/apuntesdesanluis.com\/wp-content\/uploads\/2023\/08\/milei-1.png",600,371,false],"newsever-medium":["https:\/\/apuntesdesanluis.com\/wp-content\/uploads\/2023\/08\/milei-1.png",600,371,false]},"author_info":{"display_name":"apuntesdesanluis.com","author_link":"https:\/\/apuntesdesanluis.com\/index.php\/author\/apuntesdesanluis-com\/"},"category_info":"<a href=\"https:\/\/apuntesdesanluis.com\/index.php\/category\/nacionales-internacionales\/\" rel=\"category tag\">Nacionales\/Internacionales<\/a>","tag_info":"Nacionales\/Internacionales","comment_count":"0","_links":{"self":[{"href":"https:\/\/apuntesdesanluis.com\/index.php\/wp-json\/wp\/v2\/posts\/1567","targetHints":{"allow":["GET"]}}],"collection":[{"href":"https:\/\/apuntesdesanluis.com\/index.php\/wp-json\/wp\/v2\/posts"}],"about":[{"href":"https:\/\/apuntesdesanluis.com\/index.php\/wp-json\/wp\/v2\/types\/post"}],"author":[{"embeddable":true,"href":"https:\/\/apuntesdesanluis.com\/index.php\/wp-json\/wp\/v2\/users\/1"}],"replies":[{"embeddable":true,"href":"https:\/\/apuntesdesanluis.com\/index.php\/wp-json\/wp\/v2\/comments?post=1567"}],"version-history":[{"count":1,"href":"https:\/\/apuntesdesanluis.com\/index.php\/wp-json\/wp\/v2\/posts\/1567\/revisions"}],"predecessor-version":[{"id":1569,"href":"https:\/\/apuntesdesanluis.com\/index.php\/wp-json\/wp\/v2\/posts\/1567\/revisions\/1569"}],"wp:featuredmedia":[{"embeddable":true,"href":"https:\/\/apuntesdesanluis.com\/index.php\/wp-json\/wp\/v2\/media\/1568"}],"wp:attachment":[{"href":"https:\/\/apuntesdesanluis.com\/index.php\/wp-json\/wp\/v2\/media?parent=1567"}],"wp:term":[{"taxonomy":"category","embeddable":true,"href":"https:\/\/apuntesdesanluis.com\/index.php\/wp-json\/wp\/v2\/categories?post=1567"},{"taxonomy":"post_tag","embeddable":true,"href":"https:\/\/apuntesdesanluis.com\/index.php\/wp-json\/wp\/v2\/tags?post=1567"}],"curies":[{"name":"wp","href":"https:\/\/api.w.org\/{rel}","templated":true}]}}