{"id":15696,"date":"2024-05-06T18:22:18","date_gmt":"2024-05-06T21:22:18","guid":{"rendered":"https:\/\/apuntesdesanluis.com\/?p=15696"},"modified":"2024-05-06T18:22:18","modified_gmt":"2024-05-06T21:22:18","slug":"incucai-capacitara-sobre-normativas-de-donacion-de-organos-y-tejidos","status":"publish","type":"post","link":"https:\/\/apuntesdesanluis.com\/index.php\/2024\/05\/06\/incucai-capacitara-sobre-normativas-de-donacion-de-organos-y-tejidos\/","title":{"rendered":"INCUCAI CAPACITAR\u00c1 SOBRE NORMATIVAS DE DONACI\u00d3N DE \u00d3RGANOS Y TEJIDOS"},"content":{"rendered":"<h3>Este mi\u00e9rcoles 8 de mayo se llevar\u00e1 a cabo la capacitaci\u00f3n <strong>\u201cEl marco jur\u00eddico que regula el proceso de donaci\u00f3n y trasplantes de \u00f3rganos y tejidos en la Rep\u00fablica Argentina\u201d<\/strong>, en el Sal\u00f3n Blanco del Palacio de Justicia, de 17:00 a 19:00 hs.<\/h3>\n<h3>La actividad estar\u00e1 a cargo del Dr. H\u00e9ctor Iudiccisa, integrante de la Direcci\u00f3n de Asuntos Jur\u00eddicos del Instituto Nacional Central \u00danico Coordinador de Ablaci\u00f3n e Implante (INCUCAI), quien profundizar\u00e1 sobre las leyes y las normativas nacionales de donaci\u00f3n de \u00f3rganos y tejidos, con el objetivo de que los participantes conozcan los procedimientos administrativos y legales.<\/h3>\n<h3>Esta jornada est\u00e1 dirigida a magistrados, funcionarios, agentes judiciales y p\u00fablico en general.<\/h3>\n<p><img fetchpriority=\"high\" decoding=\"async\" class=\"wp-image-15698 aligncenter\" src=\"https:\/\/apuntesdesanluis.com\/wp-content\/uploads\/2024\/05\/incucai-243x300.png\" alt=\"\" width=\"410\" height=\"506\" srcset=\"https:\/\/apuntesdesanluis.com\/wp-content\/uploads\/2024\/05\/incucai-243x300.png 243w, https:\/\/apuntesdesanluis.com\/wp-content\/uploads\/2024\/05\/incucai.png 373w\" sizes=\"(max-width: 410px) 100vw, 410px\" \/><\/p>\n<h3><span style=\"color: #3366ff;\">INSCRIPCIONES<\/span><\/h3>\n<h3>Las personas interesadas pueden registrar su inscripci\u00f3n <strong><a href=\"https:\/\/docs.google.com\/forms\/d\/e\/1FAIpQLSc8f6tF4Wp-9pt5brXYlVjkfqMnn4kf9_PdL2zyLMxNskmSWw\/viewform\"><span style=\"color: #3366ff;\">AQU\u00cd<\/span><\/a>.<\/strong><\/h3>\n<h3><strong>SOBRE EL INCUCAI<\/strong><\/h3>\n<h3>El Instituto Nacional Central \u00danico Coordinador de Ablaci\u00f3n e Implante (INCUCAI) es un organismo que impulsa, normatiza, coordina y fiscaliza las actividades de donaci\u00f3n y trasplante de \u00f3rganos, tejidos y c\u00e9lulas en nuestro pa\u00eds.<\/h3>\n<h3>En la actualidad el sistema de donaci\u00f3n y trasplante cuenta con miles de profesionales capacitados, equipos de trasplante de \u00f3rganos habilitados y Bancos de Tejidos. La conciencia sobre la importancia de la donaci\u00f3n ha crecido y hoy cada vez m\u00e1s son las personas que manifiestan la decisi\u00f3n de donar sus \u00f3rganos y tejidos.<\/h3>\n<p>&nbsp;<\/p>\n<p>&nbsp;<\/p>\n<p>&nbsp;<\/p>\n","protected":false},"excerpt":{"rendered":"<p>Este mi\u00e9rcoles 8 de mayo se llevar\u00e1 a cabo la capacitaci\u00f3n \u201cEl marco jur\u00eddico que&#8230;<\/p>\n","protected":false},"author":1,"featured_media":15697,"comment_status":"closed","ping_status":"closed","sticky":false,"template":"","format":"standard","meta":{"footnotes":""},"categories":[6],"tags":[],"class_list":["post-15696","post","type-post","status-publish","format-standard","has-post-thumbnail","hentry","category-ciudad-provincia"],"yoast_head":"<!-- This site is optimized with the Yoast SEO plugin v26.1.1 - https:\/\/yoast.com\/wordpress\/plugins\/seo\/ -->\n<title>INCUCAI CAPACITAR\u00c1 SOBRE NORMATIVAS DE DONACI\u00d3N DE \u00d3RGANOS Y TEJIDOS - Apuntes de San Luis<\/title>\n<meta name=\"robots\" content=\"index, follow, max-snippet:-1, max-image-preview:large, max-video-preview:-1\" \/>\n<link rel=\"canonical\" href=\"https:\/\/apuntesdesanluis.com\/index.php\/2024\/05\/06\/incucai-capacitara-sobre-normativas-de-donacion-de-organos-y-tejidos\/\" \/>\n<meta property=\"og:locale\" content=\"es_ES\" \/>\n<meta property=\"og:type\" content=\"article\" \/>\n<meta property=\"og:title\" content=\"INCUCAI CAPACITAR\u00c1 SOBRE NORMATIVAS DE DONACI\u00d3N DE \u00d3RGANOS Y TEJIDOS - Apuntes de San Luis\" \/>\n<meta property=\"og:description\" content=\"Este mi\u00e9rcoles 8 de mayo se llevar\u00e1 a cabo la capacitaci\u00f3n \u201cEl marco jur\u00eddico que...\" \/>\n<meta property=\"og:url\" content=\"https:\/\/apuntesdesanluis.com\/index.php\/2024\/05\/06\/incucai-capacitara-sobre-normativas-de-donacion-de-organos-y-tejidos\/\" \/>\n<meta property=\"og:site_name\" content=\"Apuntes de San Luis\" \/>\n<meta property=\"article:published_time\" content=\"2024-05-06T21:22:18+00:00\" \/>\n<meta property=\"og:image\" content=\"https:\/\/apuntesdesanluis.com\/wp-content\/uploads\/2024\/05\/donacion-de-organos.jpg\" \/>\n\t<meta property=\"og:image:width\" content=\"600\" \/>\n\t<meta property=\"og:image:height\" content=\"306\" \/>\n\t<meta property=\"og:image:type\" content=\"image\/jpeg\" \/>\n<meta name=\"author\" content=\"apuntesdesanluis.com\" \/>\n<meta name=\"twitter:card\" content=\"summary_large_image\" \/>\n<meta name=\"twitter:label1\" content=\"Escrito por\" \/>\n\t<meta name=\"twitter:data1\" content=\"apuntesdesanluis.com\" \/>\n\t<meta name=\"twitter:label2\" content=\"Tiempo de lectura\" \/>\n\t<meta name=\"twitter:data2\" content=\"2 minutos\" \/>\n<script type=\"application\/ld+json\" class=\"yoast-schema-graph\">{\"@context\":\"https:\/\/schema.org\",\"@graph\":[{\"@type\":\"Article\",\"@id\":\"https:\/\/apuntesdesanluis.com\/index.php\/2024\/05\/06\/incucai-capacitara-sobre-normativas-de-donacion-de-organos-y-tejidos\/#article\",\"isPartOf\":{\"@id\":\"https:\/\/apuntesdesanluis.com\/index.php\/2024\/05\/06\/incucai-capacitara-sobre-normativas-de-donacion-de-organos-y-tejidos\/\"},\"author\":{\"name\":\"apuntesdesanluis.com\",\"@id\":\"https:\/\/apuntesdesanluis.com\/#\/schema\/person\/b55151d52296fcce64d1a72538a70b90\"},\"headline\":\"INCUCAI CAPACITAR\u00c1 SOBRE NORMATIVAS DE DONACI\u00d3N DE \u00d3RGANOS Y TEJIDOS\",\"datePublished\":\"2024-05-06T21:22:18+00:00\",\"mainEntityOfPage\":{\"@id\":\"https:\/\/apuntesdesanluis.com\/index.php\/2024\/05\/06\/incucai-capacitara-sobre-normativas-de-donacion-de-organos-y-tejidos\/\"},\"wordCount\":242,\"publisher\":{\"@id\":\"https:\/\/apuntesdesanluis.com\/#\/schema\/person\/b55151d52296fcce64d1a72538a70b90\"},\"image\":{\"@id\":\"https:\/\/apuntesdesanluis.com\/index.php\/2024\/05\/06\/incucai-capacitara-sobre-normativas-de-donacion-de-organos-y-tejidos\/#primaryimage\"},\"thumbnailUrl\":\"https:\/\/apuntesdesanluis.com\/wp-content\/uploads\/2024\/05\/donacion-de-organos.jpg\",\"articleSection\":[\"Ciudad\/Provincia\"],\"inLanguage\":\"es-AR\"},{\"@type\":\"WebPage\",\"@id\":\"https:\/\/apuntesdesanluis.com\/index.php\/2024\/05\/06\/incucai-capacitara-sobre-normativas-de-donacion-de-organos-y-tejidos\/\",\"url\":\"https:\/\/apuntesdesanluis.com\/index.php\/2024\/05\/06\/incucai-capacitara-sobre-normativas-de-donacion-de-organos-y-tejidos\/\",\"name\":\"INCUCAI CAPACITAR\u00c1 SOBRE NORMATIVAS DE DONACI\u00d3N DE \u00d3RGANOS Y TEJIDOS - Apuntes de San Luis\",\"isPartOf\":{\"@id\":\"https:\/\/apuntesdesanluis.com\/#website\"},\"primaryImageOfPage\":{\"@id\":\"https:\/\/apuntesdesanluis.com\/index.php\/2024\/05\/06\/incucai-capacitara-sobre-normativas-de-donacion-de-organos-y-tejidos\/#primaryimage\"},\"image\":{\"@id\":\"https:\/\/apuntesdesanluis.com\/index.php\/2024\/05\/06\/incucai-capacitara-sobre-normativas-de-donacion-de-organos-y-tejidos\/#primaryimage\"},\"thumbnailUrl\":\"https:\/\/apuntesdesanluis.com\/wp-content\/uploads\/2024\/05\/donacion-de-organos.jpg\",\"datePublished\":\"2024-05-06T21:22:18+00:00\",\"breadcrumb\":{\"@id\":\"https:\/\/apuntesdesanluis.com\/index.php\/2024\/05\/06\/incucai-capacitara-sobre-normativas-de-donacion-de-organos-y-tejidos\/#breadcrumb\"},\"inLanguage\":\"es-AR\",\"potentialAction\":[{\"@type\":\"ReadAction\",\"target\":[\"https:\/\/apuntesdesanluis.com\/index.php\/2024\/05\/06\/incucai-capacitara-sobre-normativas-de-donacion-de-organos-y-tejidos\/\"]}]},{\"@type\":\"ImageObject\",\"inLanguage\":\"es-AR\",\"@id\":\"https:\/\/apuntesdesanluis.com\/index.php\/2024\/05\/06\/incucai-capacitara-sobre-normativas-de-donacion-de-organos-y-tejidos\/#primaryimage\",\"url\":\"https:\/\/apuntesdesanluis.com\/wp-content\/uploads\/2024\/05\/donacion-de-organos.jpg\",\"contentUrl\":\"https:\/\/apuntesdesanluis.com\/wp-content\/uploads\/2024\/05\/donacion-de-organos.jpg\",\"width\":600,\"height\":306},{\"@type\":\"BreadcrumbList\",\"@id\":\"https:\/\/apuntesdesanluis.com\/index.php\/2024\/05\/06\/incucai-capacitara-sobre-normativas-de-donacion-de-organos-y-tejidos\/#breadcrumb\",\"itemListElement\":[{\"@type\":\"ListItem\",\"position\":1,\"name\":\"Inicio\",\"item\":\"https:\/\/apuntesdesanluis.com\/\"},{\"@type\":\"ListItem\",\"position\":2,\"name\":\"INCUCAI CAPACITAR\u00c1 SOBRE NORMATIVAS DE DONACI\u00d3N DE \u00d3RGANOS Y TEJIDOS\"}]},{\"@type\":\"WebSite\",\"@id\":\"https:\/\/apuntesdesanluis.com\/#website\",\"url\":\"https:\/\/apuntesdesanluis.com\/\",\"name\":\"Apuntes de San Luis\",\"description\":\"\",\"publisher\":{\"@id\":\"https:\/\/apuntesdesanluis.com\/#\/schema\/person\/b55151d52296fcce64d1a72538a70b90\"},\"potentialAction\":[{\"@type\":\"SearchAction\",\"target\":{\"@type\":\"EntryPoint\",\"urlTemplate\":\"https:\/\/apuntesdesanluis.com\/?s={search_term_string}\"},\"query-input\":{\"@type\":\"PropertyValueSpecification\",\"valueRequired\":true,\"valueName\":\"search_term_string\"}}],\"inLanguage\":\"es-AR\"},{\"@type\":[\"Person\",\"Organization\"],\"@id\":\"https:\/\/apuntesdesanluis.com\/#\/schema\/person\/b55151d52296fcce64d1a72538a70b90\",\"name\":\"apuntesdesanluis.com\",\"image\":{\"@type\":\"ImageObject\",\"inLanguage\":\"es-AR\",\"@id\":\"https:\/\/apuntesdesanluis.com\/#\/schema\/person\/image\/\",\"url\":\"https:\/\/apuntesdesanluis.com\/wp-content\/uploads\/2023\/07\/cropped-apuntesdesanluis.png\",\"contentUrl\":\"https:\/\/apuntesdesanluis.com\/wp-content\/uploads\/2023\/07\/cropped-apuntesdesanluis.png\",\"width\":450,\"height\":112,\"caption\":\"apuntesdesanluis.com\"},\"logo\":{\"@id\":\"https:\/\/apuntesdesanluis.com\/#\/schema\/person\/image\/\"},\"sameAs\":[\"https:\/\/apuntesdesanluis.com\"],\"url\":\"https:\/\/apuntesdesanluis.com\/index.php\/author\/apuntesdesanluis-com\/\"}]}<\/script>\n<!-- \/ Yoast SEO plugin. -->","yoast_head_json":{"title":"INCUCAI CAPACITAR\u00c1 SOBRE NORMATIVAS DE DONACI\u00d3N DE \u00d3RGANOS Y TEJIDOS - Apuntes de San Luis","robots":{"index":"index","follow":"follow","max-snippet":"max-snippet:-1","max-image-preview":"max-image-preview:large","max-video-preview":"max-video-preview:-1"},"canonical":"https:\/\/apuntesdesanluis.com\/index.php\/2024\/05\/06\/incucai-capacitara-sobre-normativas-de-donacion-de-organos-y-tejidos\/","og_locale":"es_ES","og_type":"article","og_title":"INCUCAI CAPACITAR\u00c1 SOBRE NORMATIVAS DE DONACI\u00d3N DE \u00d3RGANOS Y TEJIDOS - Apuntes de San Luis","og_description":"Este mi\u00e9rcoles 8 de mayo se llevar\u00e1 a cabo la capacitaci\u00f3n \u201cEl marco jur\u00eddico que...","og_url":"https:\/\/apuntesdesanluis.com\/index.php\/2024\/05\/06\/incucai-capacitara-sobre-normativas-de-donacion-de-organos-y-tejidos\/","og_site_name":"Apuntes de San Luis","article_published_time":"2024-05-06T21:22:18+00:00","og_image":[{"width":600,"height":306,"url":"https:\/\/apuntesdesanluis.com\/wp-content\/uploads\/2024\/05\/donacion-de-organos.jpg","type":"image\/jpeg"}],"author":"apuntesdesanluis.com","twitter_card":"summary_large_image","twitter_misc":{"Escrito por":"apuntesdesanluis.com","Tiempo de lectura":"2 minutos"},"schema":{"@context":"https:\/\/schema.org","@graph":[{"@type":"Article","@id":"https:\/\/apuntesdesanluis.com\/index.php\/2024\/05\/06\/incucai-capacitara-sobre-normativas-de-donacion-de-organos-y-tejidos\/#article","isPartOf":{"@id":"https:\/\/apuntesdesanluis.com\/index.php\/2024\/05\/06\/incucai-capacitara-sobre-normativas-de-donacion-de-organos-y-tejidos\/"},"author":{"name":"apuntesdesanluis.com","@id":"https:\/\/apuntesdesanluis.com\/#\/schema\/person\/b55151d52296fcce64d1a72538a70b90"},"headline":"INCUCAI CAPACITAR\u00c1 SOBRE NORMATIVAS DE DONACI\u00d3N DE \u00d3RGANOS Y TEJIDOS","datePublished":"2024-05-06T21:22:18+00:00","mainEntityOfPage":{"@id":"https:\/\/apuntesdesanluis.com\/index.php\/2024\/05\/06\/incucai-capacitara-sobre-normativas-de-donacion-de-organos-y-tejidos\/"},"wordCount":242,"publisher":{"@id":"https:\/\/apuntesdesanluis.com\/#\/schema\/person\/b55151d52296fcce64d1a72538a70b90"},"image":{"@id":"https:\/\/apuntesdesanluis.com\/index.php\/2024\/05\/06\/incucai-capacitara-sobre-normativas-de-donacion-de-organos-y-tejidos\/#primaryimage"},"thumbnailUrl":"https:\/\/apuntesdesanluis.com\/wp-content\/uploads\/2024\/05\/donacion-de-organos.jpg","articleSection":["Ciudad\/Provincia"],"inLanguage":"es-AR"},{"@type":"WebPage","@id":"https:\/\/apuntesdesanluis.com\/index.php\/2024\/05\/06\/incucai-capacitara-sobre-normativas-de-donacion-de-organos-y-tejidos\/","url":"https:\/\/apuntesdesanluis.com\/index.php\/2024\/05\/06\/incucai-capacitara-sobre-normativas-de-donacion-de-organos-y-tejidos\/","name":"INCUCAI CAPACITAR\u00c1 SOBRE NORMATIVAS DE DONACI\u00d3N DE \u00d3RGANOS Y TEJIDOS - Apuntes de San Luis","isPartOf":{"@id":"https:\/\/apuntesdesanluis.com\/#website"},"primaryImageOfPage":{"@id":"https:\/\/apuntesdesanluis.com\/index.php\/2024\/05\/06\/incucai-capacitara-sobre-normativas-de-donacion-de-organos-y-tejidos\/#primaryimage"},"image":{"@id":"https:\/\/apuntesdesanluis.com\/index.php\/2024\/05\/06\/incucai-capacitara-sobre-normativas-de-donacion-de-organos-y-tejidos\/#primaryimage"},"thumbnailUrl":"https:\/\/apuntesdesanluis.com\/wp-content\/uploads\/2024\/05\/donacion-de-organos.jpg","datePublished":"2024-05-06T21:22:18+00:00","breadcrumb":{"@id":"https:\/\/apuntesdesanluis.com\/index.php\/2024\/05\/06\/incucai-capacitara-sobre-normativas-de-donacion-de-organos-y-tejidos\/#breadcrumb"},"inLanguage":"es-AR","potentialAction":[{"@type":"ReadAction","target":["https:\/\/apuntesdesanluis.com\/index.php\/2024\/05\/06\/incucai-capacitara-sobre-normativas-de-donacion-de-organos-y-tejidos\/"]}]},{"@type":"ImageObject","inLanguage":"es-AR","@id":"https:\/\/apuntesdesanluis.com\/index.php\/2024\/05\/06\/incucai-capacitara-sobre-normativas-de-donacion-de-organos-y-tejidos\/#primaryimage","url":"https:\/\/apuntesdesanluis.com\/wp-content\/uploads\/2024\/05\/donacion-de-organos.jpg","contentUrl":"https:\/\/apuntesdesanluis.com\/wp-content\/uploads\/2024\/05\/donacion-de-organos.jpg","width":600,"height":306},{"@type":"BreadcrumbList","@id":"https:\/\/apuntesdesanluis.com\/index.php\/2024\/05\/06\/incucai-capacitara-sobre-normativas-de-donacion-de-organos-y-tejidos\/#breadcrumb","itemListElement":[{"@type":"ListItem","position":1,"name":"Inicio","item":"https:\/\/apuntesdesanluis.com\/"},{"@type":"ListItem","position":2,"name":"INCUCAI CAPACITAR\u00c1 SOBRE NORMATIVAS DE DONACI\u00d3N DE \u00d3RGANOS Y TEJIDOS"}]},{"@type":"WebSite","@id":"https:\/\/apuntesdesanluis.com\/#website","url":"https:\/\/apuntesdesanluis.com\/","name":"Apuntes de San Luis","description":"","publisher":{"@id":"https:\/\/apuntesdesanluis.com\/#\/schema\/person\/b55151d52296fcce64d1a72538a70b90"},"potentialAction":[{"@type":"SearchAction","target":{"@type":"EntryPoint","urlTemplate":"https:\/\/apuntesdesanluis.com\/?s={search_term_string}"},"query-input":{"@type":"PropertyValueSpecification","valueRequired":true,"valueName":"search_term_string"}}],"inLanguage":"es-AR"},{"@type":["Person","Organization"],"@id":"https:\/\/apuntesdesanluis.com\/#\/schema\/person\/b55151d52296fcce64d1a72538a70b90","name":"apuntesdesanluis.com","image":{"@type":"ImageObject","inLanguage":"es-AR","@id":"https:\/\/apuntesdesanluis.com\/#\/schema\/person\/image\/","url":"https:\/\/apuntesdesanluis.com\/wp-content\/uploads\/2023\/07\/cropped-apuntesdesanluis.png","contentUrl":"https:\/\/apuntesdesanluis.com\/wp-content\/uploads\/2023\/07\/cropped-apuntesdesanluis.png","width":450,"height":112,"caption":"apuntesdesanluis.com"},"logo":{"@id":"https:\/\/apuntesdesanluis.com\/#\/schema\/person\/image\/"},"sameAs":["https:\/\/apuntesdesanluis.com"],"url":"https:\/\/apuntesdesanluis.com\/index.php\/author\/apuntesdesanluis-com\/"}]}},"featured_image_urls":{"full":["https:\/\/apuntesdesanluis.com\/wp-content\/uploads\/2024\/05\/donacion-de-organos.jpg",600,306,false],"thumbnail":["https:\/\/apuntesdesanluis.com\/wp-content\/uploads\/2024\/05\/donacion-de-organos-150x150.jpg",150,150,true],"medium":["https:\/\/apuntesdesanluis.com\/wp-content\/uploads\/2024\/05\/donacion-de-organos-300x153.jpg",300,153,true],"medium_large":["https:\/\/apuntesdesanluis.com\/wp-content\/uploads\/2024\/05\/donacion-de-organos.jpg",600,306,false],"large":["https:\/\/apuntesdesanluis.com\/wp-content\/uploads\/2024\/05\/donacion-de-organos.jpg",600,306,false],"1536x1536":["https:\/\/apuntesdesanluis.com\/wp-content\/uploads\/2024\/05\/donacion-de-organos.jpg",600,306,false],"2048x2048":["https:\/\/apuntesdesanluis.com\/wp-content\/uploads\/2024\/05\/donacion-de-organos.jpg",600,306,false],"newsever-slider-full":["https:\/\/apuntesdesanluis.com\/wp-content\/uploads\/2024\/05\/donacion-de-organos.jpg",600,306,false],"newsever-featured":["https:\/\/apuntesdesanluis.com\/wp-content\/uploads\/2024\/05\/donacion-de-organos.jpg",600,306,false],"newsever-medium":["https:\/\/apuntesdesanluis.com\/wp-content\/uploads\/2024\/05\/donacion-de-organos.jpg",600,306,false]},"author_info":{"display_name":"apuntesdesanluis.com","author_link":"https:\/\/apuntesdesanluis.com\/index.php\/author\/apuntesdesanluis-com\/"},"category_info":"<a href=\"https:\/\/apuntesdesanluis.com\/index.php\/category\/ciudad-provincia\/\" rel=\"category tag\">Ciudad\/Provincia<\/a>","tag_info":"Ciudad\/Provincia","comment_count":"0","_links":{"self":[{"href":"https:\/\/apuntesdesanluis.com\/index.php\/wp-json\/wp\/v2\/posts\/15696","targetHints":{"allow":["GET"]}}],"collection":[{"href":"https:\/\/apuntesdesanluis.com\/index.php\/wp-json\/wp\/v2\/posts"}],"about":[{"href":"https:\/\/apuntesdesanluis.com\/index.php\/wp-json\/wp\/v2\/types\/post"}],"author":[{"embeddable":true,"href":"https:\/\/apuntesdesanluis.com\/index.php\/wp-json\/wp\/v2\/users\/1"}],"replies":[{"embeddable":true,"href":"https:\/\/apuntesdesanluis.com\/index.php\/wp-json\/wp\/v2\/comments?post=15696"}],"version-history":[{"count":1,"href":"https:\/\/apuntesdesanluis.com\/index.php\/wp-json\/wp\/v2\/posts\/15696\/revisions"}],"predecessor-version":[{"id":15699,"href":"https:\/\/apuntesdesanluis.com\/index.php\/wp-json\/wp\/v2\/posts\/15696\/revisions\/15699"}],"wp:featuredmedia":[{"embeddable":true,"href":"https:\/\/apuntesdesanluis.com\/index.php\/wp-json\/wp\/v2\/media\/15697"}],"wp:attachment":[{"href":"https:\/\/apuntesdesanluis.com\/index.php\/wp-json\/wp\/v2\/media?parent=15696"}],"wp:term":[{"taxonomy":"category","embeddable":true,"href":"https:\/\/apuntesdesanluis.com\/index.php\/wp-json\/wp\/v2\/categories?post=15696"},{"taxonomy":"post_tag","embeddable":true,"href":"https:\/\/apuntesdesanluis.com\/index.php\/wp-json\/wp\/v2\/tags?post=15696"}],"curies":[{"name":"wp","href":"https:\/\/api.w.org\/{rel}","templated":true}]}}