{"id":15708,"date":"2024-05-06T10:51:56","date_gmt":"2024-05-06T13:51:56","guid":{"rendered":"https:\/\/apuntesdesanluis.com\/?p=15708"},"modified":"2024-05-06T18:53:33","modified_gmt":"2024-05-06T21:53:33","slug":"pasado-de-copas-se-llevo-puesto-un-cartel-nomenclador-de-calles","status":"publish","type":"post","link":"https:\/\/apuntesdesanluis.com\/index.php\/2024\/05\/06\/pasado-de-copas-se-llevo-puesto-un-cartel-nomenclador-de-calles\/","title":{"rendered":"PASADO DE COPAS, SE LLEV\u00d3 PUESTO UN CARTEL NOMENCLADOR DE CALLES"},"content":{"rendered":"<h3>El accidente ocurri\u00f3 este domingo en inmediaciones de las calles Arist\u00f3bulo del Valle y Villa Larca, en la ciudad de San Luis-<\/h3>\n<h3>En el mismo estuvo involucrado un auto Renault 19, conducido por un hombre de 67 a\u00f1os de edad.<\/h3>\n<h3>De acuerdo a las averiguaciones, el hombre perdi\u00f3 el control del veh\u00edculo en esa zona e impact\u00f3 contra un cartel nomenclador de calles y contra un tejido perimetral de una vivienda ubicada en esa esquina.<\/h3>\n<h3>Personal de Accidentolog\u00eda Vial se hizo presente en el lugar y le realiz\u00f3 el alcotest al conductor, arrojando como resultado 1,75 gr\/lts de alcohol en sangre.<\/h3>\n<h3>Por tal motivo, el hombre fue demorado y trasladado a la dependencia policial.<\/h3>\n<h3>En el lugar trabajaron efectivos del Comando Radioel\u00e9ctrico y de la Comisar\u00eda Seccional 2\u00b0.<\/h3>\n<p>&nbsp;<\/p>\n<p>&nbsp;<\/p>\n<p>&nbsp;<\/p>\n","protected":false},"excerpt":{"rendered":"<p>El accidente ocurri\u00f3 este domingo en inmediaciones de las calles Arist\u00f3bulo del Valle y Villa&#8230;<\/p>\n","protected":false},"author":1,"featured_media":15709,"comment_status":"closed","ping_status":"closed","sticky":false,"template":"","format":"standard","meta":{"footnotes":""},"categories":[6],"tags":[],"class_list":["post-15708","post","type-post","status-publish","format-standard","has-post-thumbnail","hentry","category-ciudad-provincia"],"yoast_head":"<!-- This site is optimized with the Yoast SEO plugin v26.1.1 - https:\/\/yoast.com\/wordpress\/plugins\/seo\/ -->\n<title>PASADO DE COPAS, SE LLEV\u00d3 PUESTO UN CARTEL NOMENCLADOR DE CALLES - Apuntes de San Luis<\/title>\n<meta name=\"robots\" content=\"index, follow, max-snippet:-1, max-image-preview:large, max-video-preview:-1\" \/>\n<link rel=\"canonical\" href=\"https:\/\/apuntesdesanluis.com\/index.php\/2024\/05\/06\/pasado-de-copas-se-llevo-puesto-un-cartel-nomenclador-de-calles\/\" \/>\n<meta property=\"og:locale\" content=\"es_ES\" \/>\n<meta property=\"og:type\" content=\"article\" \/>\n<meta property=\"og:title\" content=\"PASADO DE COPAS, SE LLEV\u00d3 PUESTO UN CARTEL NOMENCLADOR DE CALLES - Apuntes de San Luis\" \/>\n<meta property=\"og:description\" content=\"El accidente ocurri\u00f3 este domingo en inmediaciones de las calles Arist\u00f3bulo del Valle y Villa...\" \/>\n<meta property=\"og:url\" content=\"https:\/\/apuntesdesanluis.com\/index.php\/2024\/05\/06\/pasado-de-copas-se-llevo-puesto-un-cartel-nomenclador-de-calles\/\" \/>\n<meta property=\"og:site_name\" content=\"Apuntes de San Luis\" \/>\n<meta property=\"article:published_time\" content=\"2024-05-06T13:51:56+00:00\" \/>\n<meta property=\"article:modified_time\" content=\"2024-05-06T21:53:33+00:00\" \/>\n<meta property=\"og:image\" content=\"https:\/\/apuntesdesanluis.com\/wp-content\/uploads\/2024\/05\/auto.jpg\" \/>\n\t<meta property=\"og:image:width\" content=\"599\" \/>\n\t<meta property=\"og:image:height\" content=\"384\" \/>\n\t<meta property=\"og:image:type\" content=\"image\/jpeg\" \/>\n<meta name=\"author\" content=\"apuntesdesanluis.com\" \/>\n<meta name=\"twitter:card\" content=\"summary_large_image\" \/>\n<meta name=\"twitter:label1\" content=\"Escrito por\" \/>\n\t<meta name=\"twitter:data1\" content=\"apuntesdesanluis.com\" \/>\n\t<meta name=\"twitter:label2\" content=\"Tiempo de lectura\" \/>\n\t<meta name=\"twitter:data2\" content=\"1 minuto\" \/>\n<script type=\"application\/ld+json\" class=\"yoast-schema-graph\">{\"@context\":\"https:\/\/schema.org\",\"@graph\":[{\"@type\":\"Article\",\"@id\":\"https:\/\/apuntesdesanluis.com\/index.php\/2024\/05\/06\/pasado-de-copas-se-llevo-puesto-un-cartel-nomenclador-de-calles\/#article\",\"isPartOf\":{\"@id\":\"https:\/\/apuntesdesanluis.com\/index.php\/2024\/05\/06\/pasado-de-copas-se-llevo-puesto-un-cartel-nomenclador-de-calles\/\"},\"author\":{\"name\":\"apuntesdesanluis.com\",\"@id\":\"https:\/\/apuntesdesanluis.com\/#\/schema\/person\/b55151d52296fcce64d1a72538a70b90\"},\"headline\":\"PASADO DE COPAS, SE LLEV\u00d3 PUESTO UN CARTEL NOMENCLADOR DE CALLES\",\"datePublished\":\"2024-05-06T13:51:56+00:00\",\"dateModified\":\"2024-05-06T21:53:33+00:00\",\"mainEntityOfPage\":{\"@id\":\"https:\/\/apuntesdesanluis.com\/index.php\/2024\/05\/06\/pasado-de-copas-se-llevo-puesto-un-cartel-nomenclador-de-calles\/\"},\"wordCount\":145,\"publisher\":{\"@id\":\"https:\/\/apuntesdesanluis.com\/#\/schema\/person\/b55151d52296fcce64d1a72538a70b90\"},\"image\":{\"@id\":\"https:\/\/apuntesdesanluis.com\/index.php\/2024\/05\/06\/pasado-de-copas-se-llevo-puesto-un-cartel-nomenclador-de-calles\/#primaryimage\"},\"thumbnailUrl\":\"https:\/\/apuntesdesanluis.com\/wp-content\/uploads\/2024\/05\/auto.jpg\",\"articleSection\":[\"Ciudad\/Provincia\"],\"inLanguage\":\"es-AR\"},{\"@type\":\"WebPage\",\"@id\":\"https:\/\/apuntesdesanluis.com\/index.php\/2024\/05\/06\/pasado-de-copas-se-llevo-puesto-un-cartel-nomenclador-de-calles\/\",\"url\":\"https:\/\/apuntesdesanluis.com\/index.php\/2024\/05\/06\/pasado-de-copas-se-llevo-puesto-un-cartel-nomenclador-de-calles\/\",\"name\":\"PASADO DE COPAS, SE LLEV\u00d3 PUESTO UN CARTEL NOMENCLADOR DE CALLES - Apuntes de San Luis\",\"isPartOf\":{\"@id\":\"https:\/\/apuntesdesanluis.com\/#website\"},\"primaryImageOfPage\":{\"@id\":\"https:\/\/apuntesdesanluis.com\/index.php\/2024\/05\/06\/pasado-de-copas-se-llevo-puesto-un-cartel-nomenclador-de-calles\/#primaryimage\"},\"image\":{\"@id\":\"https:\/\/apuntesdesanluis.com\/index.php\/2024\/05\/06\/pasado-de-copas-se-llevo-puesto-un-cartel-nomenclador-de-calles\/#primaryimage\"},\"thumbnailUrl\":\"https:\/\/apuntesdesanluis.com\/wp-content\/uploads\/2024\/05\/auto.jpg\",\"datePublished\":\"2024-05-06T13:51:56+00:00\",\"dateModified\":\"2024-05-06T21:53:33+00:00\",\"breadcrumb\":{\"@id\":\"https:\/\/apuntesdesanluis.com\/index.php\/2024\/05\/06\/pasado-de-copas-se-llevo-puesto-un-cartel-nomenclador-de-calles\/#breadcrumb\"},\"inLanguage\":\"es-AR\",\"potentialAction\":[{\"@type\":\"ReadAction\",\"target\":[\"https:\/\/apuntesdesanluis.com\/index.php\/2024\/05\/06\/pasado-de-copas-se-llevo-puesto-un-cartel-nomenclador-de-calles\/\"]}]},{\"@type\":\"ImageObject\",\"inLanguage\":\"es-AR\",\"@id\":\"https:\/\/apuntesdesanluis.com\/index.php\/2024\/05\/06\/pasado-de-copas-se-llevo-puesto-un-cartel-nomenclador-de-calles\/#primaryimage\",\"url\":\"https:\/\/apuntesdesanluis.com\/wp-content\/uploads\/2024\/05\/auto.jpg\",\"contentUrl\":\"https:\/\/apuntesdesanluis.com\/wp-content\/uploads\/2024\/05\/auto.jpg\",\"width\":599,\"height\":384},{\"@type\":\"BreadcrumbList\",\"@id\":\"https:\/\/apuntesdesanluis.com\/index.php\/2024\/05\/06\/pasado-de-copas-se-llevo-puesto-un-cartel-nomenclador-de-calles\/#breadcrumb\",\"itemListElement\":[{\"@type\":\"ListItem\",\"position\":1,\"name\":\"Inicio\",\"item\":\"https:\/\/apuntesdesanluis.com\/\"},{\"@type\":\"ListItem\",\"position\":2,\"name\":\"PASADO DE COPAS, SE LLEV\u00d3 PUESTO UN CARTEL NOMENCLADOR DE CALLES\"}]},{\"@type\":\"WebSite\",\"@id\":\"https:\/\/apuntesdesanluis.com\/#website\",\"url\":\"https:\/\/apuntesdesanluis.com\/\",\"name\":\"Apuntes de San Luis\",\"description\":\"\",\"publisher\":{\"@id\":\"https:\/\/apuntesdesanluis.com\/#\/schema\/person\/b55151d52296fcce64d1a72538a70b90\"},\"potentialAction\":[{\"@type\":\"SearchAction\",\"target\":{\"@type\":\"EntryPoint\",\"urlTemplate\":\"https:\/\/apuntesdesanluis.com\/?s={search_term_string}\"},\"query-input\":{\"@type\":\"PropertyValueSpecification\",\"valueRequired\":true,\"valueName\":\"search_term_string\"}}],\"inLanguage\":\"es-AR\"},{\"@type\":[\"Person\",\"Organization\"],\"@id\":\"https:\/\/apuntesdesanluis.com\/#\/schema\/person\/b55151d52296fcce64d1a72538a70b90\",\"name\":\"apuntesdesanluis.com\",\"image\":{\"@type\":\"ImageObject\",\"inLanguage\":\"es-AR\",\"@id\":\"https:\/\/apuntesdesanluis.com\/#\/schema\/person\/image\/\",\"url\":\"https:\/\/apuntesdesanluis.com\/wp-content\/uploads\/2023\/07\/cropped-apuntesdesanluis.png\",\"contentUrl\":\"https:\/\/apuntesdesanluis.com\/wp-content\/uploads\/2023\/07\/cropped-apuntesdesanluis.png\",\"width\":450,\"height\":112,\"caption\":\"apuntesdesanluis.com\"},\"logo\":{\"@id\":\"https:\/\/apuntesdesanluis.com\/#\/schema\/person\/image\/\"},\"sameAs\":[\"https:\/\/apuntesdesanluis.com\"],\"url\":\"https:\/\/apuntesdesanluis.com\/index.php\/author\/apuntesdesanluis-com\/\"}]}<\/script>\n<!-- \/ Yoast SEO plugin. -->","yoast_head_json":{"title":"PASADO DE COPAS, SE LLEV\u00d3 PUESTO UN CARTEL NOMENCLADOR DE CALLES - Apuntes de San Luis","robots":{"index":"index","follow":"follow","max-snippet":"max-snippet:-1","max-image-preview":"max-image-preview:large","max-video-preview":"max-video-preview:-1"},"canonical":"https:\/\/apuntesdesanluis.com\/index.php\/2024\/05\/06\/pasado-de-copas-se-llevo-puesto-un-cartel-nomenclador-de-calles\/","og_locale":"es_ES","og_type":"article","og_title":"PASADO DE COPAS, SE LLEV\u00d3 PUESTO UN CARTEL NOMENCLADOR DE CALLES - Apuntes de San Luis","og_description":"El accidente ocurri\u00f3 este domingo en inmediaciones de las calles Arist\u00f3bulo del Valle y Villa...","og_url":"https:\/\/apuntesdesanluis.com\/index.php\/2024\/05\/06\/pasado-de-copas-se-llevo-puesto-un-cartel-nomenclador-de-calles\/","og_site_name":"Apuntes de San Luis","article_published_time":"2024-05-06T13:51:56+00:00","article_modified_time":"2024-05-06T21:53:33+00:00","og_image":[{"width":599,"height":384,"url":"https:\/\/apuntesdesanluis.com\/wp-content\/uploads\/2024\/05\/auto.jpg","type":"image\/jpeg"}],"author":"apuntesdesanluis.com","twitter_card":"summary_large_image","twitter_misc":{"Escrito por":"apuntesdesanluis.com","Tiempo de lectura":"1 minuto"},"schema":{"@context":"https:\/\/schema.org","@graph":[{"@type":"Article","@id":"https:\/\/apuntesdesanluis.com\/index.php\/2024\/05\/06\/pasado-de-copas-se-llevo-puesto-un-cartel-nomenclador-de-calles\/#article","isPartOf":{"@id":"https:\/\/apuntesdesanluis.com\/index.php\/2024\/05\/06\/pasado-de-copas-se-llevo-puesto-un-cartel-nomenclador-de-calles\/"},"author":{"name":"apuntesdesanluis.com","@id":"https:\/\/apuntesdesanluis.com\/#\/schema\/person\/b55151d52296fcce64d1a72538a70b90"},"headline":"PASADO DE COPAS, SE LLEV\u00d3 PUESTO UN CARTEL NOMENCLADOR DE CALLES","datePublished":"2024-05-06T13:51:56+00:00","dateModified":"2024-05-06T21:53:33+00:00","mainEntityOfPage":{"@id":"https:\/\/apuntesdesanluis.com\/index.php\/2024\/05\/06\/pasado-de-copas-se-llevo-puesto-un-cartel-nomenclador-de-calles\/"},"wordCount":145,"publisher":{"@id":"https:\/\/apuntesdesanluis.com\/#\/schema\/person\/b55151d52296fcce64d1a72538a70b90"},"image":{"@id":"https:\/\/apuntesdesanluis.com\/index.php\/2024\/05\/06\/pasado-de-copas-se-llevo-puesto-un-cartel-nomenclador-de-calles\/#primaryimage"},"thumbnailUrl":"https:\/\/apuntesdesanluis.com\/wp-content\/uploads\/2024\/05\/auto.jpg","articleSection":["Ciudad\/Provincia"],"inLanguage":"es-AR"},{"@type":"WebPage","@id":"https:\/\/apuntesdesanluis.com\/index.php\/2024\/05\/06\/pasado-de-copas-se-llevo-puesto-un-cartel-nomenclador-de-calles\/","url":"https:\/\/apuntesdesanluis.com\/index.php\/2024\/05\/06\/pasado-de-copas-se-llevo-puesto-un-cartel-nomenclador-de-calles\/","name":"PASADO DE COPAS, SE LLEV\u00d3 PUESTO UN CARTEL NOMENCLADOR DE CALLES - Apuntes de San Luis","isPartOf":{"@id":"https:\/\/apuntesdesanluis.com\/#website"},"primaryImageOfPage":{"@id":"https:\/\/apuntesdesanluis.com\/index.php\/2024\/05\/06\/pasado-de-copas-se-llevo-puesto-un-cartel-nomenclador-de-calles\/#primaryimage"},"image":{"@id":"https:\/\/apuntesdesanluis.com\/index.php\/2024\/05\/06\/pasado-de-copas-se-llevo-puesto-un-cartel-nomenclador-de-calles\/#primaryimage"},"thumbnailUrl":"https:\/\/apuntesdesanluis.com\/wp-content\/uploads\/2024\/05\/auto.jpg","datePublished":"2024-05-06T13:51:56+00:00","dateModified":"2024-05-06T21:53:33+00:00","breadcrumb":{"@id":"https:\/\/apuntesdesanluis.com\/index.php\/2024\/05\/06\/pasado-de-copas-se-llevo-puesto-un-cartel-nomenclador-de-calles\/#breadcrumb"},"inLanguage":"es-AR","potentialAction":[{"@type":"ReadAction","target":["https:\/\/apuntesdesanluis.com\/index.php\/2024\/05\/06\/pasado-de-copas-se-llevo-puesto-un-cartel-nomenclador-de-calles\/"]}]},{"@type":"ImageObject","inLanguage":"es-AR","@id":"https:\/\/apuntesdesanluis.com\/index.php\/2024\/05\/06\/pasado-de-copas-se-llevo-puesto-un-cartel-nomenclador-de-calles\/#primaryimage","url":"https:\/\/apuntesdesanluis.com\/wp-content\/uploads\/2024\/05\/auto.jpg","contentUrl":"https:\/\/apuntesdesanluis.com\/wp-content\/uploads\/2024\/05\/auto.jpg","width":599,"height":384},{"@type":"BreadcrumbList","@id":"https:\/\/apuntesdesanluis.com\/index.php\/2024\/05\/06\/pasado-de-copas-se-llevo-puesto-un-cartel-nomenclador-de-calles\/#breadcrumb","itemListElement":[{"@type":"ListItem","position":1,"name":"Inicio","item":"https:\/\/apuntesdesanluis.com\/"},{"@type":"ListItem","position":2,"name":"PASADO DE COPAS, SE LLEV\u00d3 PUESTO UN CARTEL NOMENCLADOR DE CALLES"}]},{"@type":"WebSite","@id":"https:\/\/apuntesdesanluis.com\/#website","url":"https:\/\/apuntesdesanluis.com\/","name":"Apuntes de San Luis","description":"","publisher":{"@id":"https:\/\/apuntesdesanluis.com\/#\/schema\/person\/b55151d52296fcce64d1a72538a70b90"},"potentialAction":[{"@type":"SearchAction","target":{"@type":"EntryPoint","urlTemplate":"https:\/\/apuntesdesanluis.com\/?s={search_term_string}"},"query-input":{"@type":"PropertyValueSpecification","valueRequired":true,"valueName":"search_term_string"}}],"inLanguage":"es-AR"},{"@type":["Person","Organization"],"@id":"https:\/\/apuntesdesanluis.com\/#\/schema\/person\/b55151d52296fcce64d1a72538a70b90","name":"apuntesdesanluis.com","image":{"@type":"ImageObject","inLanguage":"es-AR","@id":"https:\/\/apuntesdesanluis.com\/#\/schema\/person\/image\/","url":"https:\/\/apuntesdesanluis.com\/wp-content\/uploads\/2023\/07\/cropped-apuntesdesanluis.png","contentUrl":"https:\/\/apuntesdesanluis.com\/wp-content\/uploads\/2023\/07\/cropped-apuntesdesanluis.png","width":450,"height":112,"caption":"apuntesdesanluis.com"},"logo":{"@id":"https:\/\/apuntesdesanluis.com\/#\/schema\/person\/image\/"},"sameAs":["https:\/\/apuntesdesanluis.com"],"url":"https:\/\/apuntesdesanluis.com\/index.php\/author\/apuntesdesanluis-com\/"}]}},"featured_image_urls":{"full":["https:\/\/apuntesdesanluis.com\/wp-content\/uploads\/2024\/05\/auto.jpg",599,384,false],"thumbnail":["https:\/\/apuntesdesanluis.com\/wp-content\/uploads\/2024\/05\/auto-150x150.jpg",150,150,true],"medium":["https:\/\/apuntesdesanluis.com\/wp-content\/uploads\/2024\/05\/auto-300x192.jpg",300,192,true],"medium_large":["https:\/\/apuntesdesanluis.com\/wp-content\/uploads\/2024\/05\/auto.jpg",599,384,false],"large":["https:\/\/apuntesdesanluis.com\/wp-content\/uploads\/2024\/05\/auto.jpg",599,384,false],"1536x1536":["https:\/\/apuntesdesanluis.com\/wp-content\/uploads\/2024\/05\/auto.jpg",599,384,false],"2048x2048":["https:\/\/apuntesdesanluis.com\/wp-content\/uploads\/2024\/05\/auto.jpg",599,384,false],"newsever-slider-full":["https:\/\/apuntesdesanluis.com\/wp-content\/uploads\/2024\/05\/auto.jpg",599,384,false],"newsever-featured":["https:\/\/apuntesdesanluis.com\/wp-content\/uploads\/2024\/05\/auto.jpg",599,384,false],"newsever-medium":["https:\/\/apuntesdesanluis.com\/wp-content\/uploads\/2024\/05\/auto.jpg",599,384,false]},"author_info":{"display_name":"apuntesdesanluis.com","author_link":"https:\/\/apuntesdesanluis.com\/index.php\/author\/apuntesdesanluis-com\/"},"category_info":"<a href=\"https:\/\/apuntesdesanluis.com\/index.php\/category\/ciudad-provincia\/\" rel=\"category tag\">Ciudad\/Provincia<\/a>","tag_info":"Ciudad\/Provincia","comment_count":"0","_links":{"self":[{"href":"https:\/\/apuntesdesanluis.com\/index.php\/wp-json\/wp\/v2\/posts\/15708","targetHints":{"allow":["GET"]}}],"collection":[{"href":"https:\/\/apuntesdesanluis.com\/index.php\/wp-json\/wp\/v2\/posts"}],"about":[{"href":"https:\/\/apuntesdesanluis.com\/index.php\/wp-json\/wp\/v2\/types\/post"}],"author":[{"embeddable":true,"href":"https:\/\/apuntesdesanluis.com\/index.php\/wp-json\/wp\/v2\/users\/1"}],"replies":[{"embeddable":true,"href":"https:\/\/apuntesdesanluis.com\/index.php\/wp-json\/wp\/v2\/comments?post=15708"}],"version-history":[{"count":1,"href":"https:\/\/apuntesdesanluis.com\/index.php\/wp-json\/wp\/v2\/posts\/15708\/revisions"}],"predecessor-version":[{"id":15710,"href":"https:\/\/apuntesdesanluis.com\/index.php\/wp-json\/wp\/v2\/posts\/15708\/revisions\/15710"}],"wp:featuredmedia":[{"embeddable":true,"href":"https:\/\/apuntesdesanluis.com\/index.php\/wp-json\/wp\/v2\/media\/15709"}],"wp:attachment":[{"href":"https:\/\/apuntesdesanluis.com\/index.php\/wp-json\/wp\/v2\/media?parent=15708"}],"wp:term":[{"taxonomy":"category","embeddable":true,"href":"https:\/\/apuntesdesanluis.com\/index.php\/wp-json\/wp\/v2\/categories?post=15708"},{"taxonomy":"post_tag","embeddable":true,"href":"https:\/\/apuntesdesanluis.com\/index.php\/wp-json\/wp\/v2\/tags?post=15708"}],"curies":[{"name":"wp","href":"https:\/\/api.w.org\/{rel}","templated":true}]}}