{"id":15724,"date":"2024-05-06T23:11:16","date_gmt":"2024-05-07T02:11:16","guid":{"rendered":"https:\/\/apuntesdesanluis.com\/?p=15724"},"modified":"2024-05-06T23:11:16","modified_gmt":"2024-05-07T02:11:16","slug":"milei-en-los-angeles-argentina-tiene-todas-las-condiciones-para-ser-la-nueva-meca-de-occidente","status":"publish","type":"post","link":"https:\/\/apuntesdesanluis.com\/index.php\/2024\/05\/06\/milei-en-los-angeles-argentina-tiene-todas-las-condiciones-para-ser-la-nueva-meca-de-occidente\/","title":{"rendered":"MILEI EN LOS \u00c1NGELES: &#8220;ARGENTINA TIENE TODAS LAS CONDICIONES PARA SER LA NUEVA MECA DE OCCIDENTE&#8221;"},"content":{"rendered":"<h3>El presidente <strong>Javier Milei disert\u00f3<\/strong> este lunes en la Conferencia Global en la ciudad estadounidense de Los \u00c1ngeles, frente a una platea de empresarios y economistas de ese pa\u00eds, ante quienes sostuvo que &#8220;Argentina tiene todas las condiciones para ser la nueva meca de Occidente&#8221;. Tambi\u00e9n se reuni\u00f3 con Elon Musk e Infantino.<\/h3>\n<h3>&#8220;Es un pa\u00eds abierto a entablar relaciones comerciales con todo el mundo, que es adem\u00e1s la mayor garant\u00eda posible de perpetuar la colaboraci\u00f3n y alejarse de la guerra&#8221;, remarc\u00f3.<\/h3>\n<h3>&#8220;Y hoy, por primera vez en 150 a\u00f1os, y a contramano de un mundo cada vez menos libre, la Argentina se convierte d\u00eda a d\u00eda en un pa\u00eds m\u00e1s libre&#8221;, agreg\u00f3.<\/h3>\n<h3>Sobre el final de su exposici\u00f3n, el Presidente tuvo su mensaje m\u00e1s n\u00edtido hacia los hombre de negocios norteamericanos: &#8220;Son los h\u00e9roes de la historia, si creen como yo, en la superioridad del capitalismo de libre empresa, en que Occidente se encamina a un lento pero seguro retroceso, en que el m\u00e9rito, la ambici\u00f3n la libertad, la innovaci\u00f3n y el optimismo son valores esenciales, quiero invitarlos a que apuesten por la Argentina&#8221;.<\/h3>\n<h3>&#8220;Ayudenm\u00e9 ustedes, que son el progreso humano encarnado, a hacer a la Argentina la nueva Roma del Siglo XXI, a hacer a la Argentina una tierra de oportunidades para todos aquellos que est\u00e9n dispuestos a habitar nuestro suelo&#8221;, agreg\u00f3.<\/h3>\n<h3>Y les remarc\u00f3 que &#8220;la baja capitalizaci\u00f3n de la econom\u00eda fruto de 20 a\u00f1os de un populismo empecinado en destruir el capital, va a generar oportunidades de inversi\u00f3n enormes para aquellos que apuesten por el pa\u00eds&#8221;.<\/h3>\n<h3>Minutos antes, en su discurso record\u00f3 que lo que dijo en su exposici\u00f3n en el Foro de Davos, en enero pasado, &#8220;que aparentemente fue muy comentada, es que Occidente est\u00e1 en peligro&#8221;. &#8220;Est\u00e1 en peligro porque sus l\u00edderes hace tiempo se alejaron de las ideas de la libertad, ideas que hicieron de Occidente la haza\u00f1a civilizadora m\u00e1s importante de la historia humana&#8221;, insisti\u00f3 Milei.<\/h3>\n<h3>Por eso, se quej\u00f3 de que &#8220;en vez de defender las ideas que generaron la prosperidad de la que todos aqu\u00ed gozan, escuchan cantos de sirena que conducen inexorablemente al socialismo y en consecuencia a la pobreza&#8221;.<\/h3>\n<h3>&#8220;Para nosotros la \u00fanica tarea del Estado es proteger la vida, la libertad y la propiedad de los argentinos, para que cada uno pueda ser arquitecto de su propio destino. Es una visi\u00f3n parecida a la que sostuvieron todos los pa\u00edses pr\u00f3speros de Occidente en los momentos grandes de su historia. La tarea del Estado no es poner plata inventada en el bolsillo de la gente&#8221;, se\u00f1al\u00f3.<\/h3>\n<h3>CON ELON MUSK<\/h3>\n<h3>Javier Milei y Elon Musk mantuvieron la segunda reuni\u00f3n en menos de un mes. Esta vez coincidieron en la cumbre global de inversores que se realiza en Los \u00c1ngeles, en donde el jefe de Estado argentino lleg\u00f3 como principal orador invitado por el Instituto Milken.<\/h3>\n<p><img fetchpriority=\"high\" decoding=\"async\" class=\"wp-image-15726 aligncenter\" src=\"https:\/\/apuntesdesanluis.com\/wp-content\/uploads\/2024\/05\/MILEI-Y-ELON-MUSK-300x161.png\" alt=\"\" width=\"641\" height=\"344\" srcset=\"https:\/\/apuntesdesanluis.com\/wp-content\/uploads\/2024\/05\/MILEI-Y-ELON-MUSK-300x161.png 300w, https:\/\/apuntesdesanluis.com\/wp-content\/uploads\/2024\/05\/MILEI-Y-ELON-MUSK.png 767w\" sizes=\"(max-width: 641px) 100vw, 641px\" \/><\/p>\n<h3>Junto al presidente se alinearon la secretaria General de la Presidencia, Karina Milei, y el embajador argentino en Estados Unidos, Gerardo Werthein. El c\u00f3nclave se entendi\u00f3 casi una hora.<\/h3>\n<h3>\u201cGran encuentro con el Presidente Milei\u201d, poste\u00f3 Musk en X, tras su encuentro con el jefe de Estado en California.<\/h3>\n<h3>El 12 de abril, el presidente y el poderoso empresario se encontraron por primera vez en la planta de Tesla en Austin (Texas) para ratificar la sinton\u00eda personal e ideol\u00f3gica que exhibieron en los sucesivos contactos que tuvieron en la red social X (antes Twitter).<\/h3>\n<h3>-Es un gran placer para m\u00ed. Es incre\u00edble. Gracias por todo lo que hac\u00e9s por el mundo\u201d-, dijo Milei a Musk cuando lo conoci\u00f3 en su despacho de Tesla.<\/h3>\n<h3>Milei lo ten\u00eda a Musk agarrado de la mano cuando le present\u00f3 a Karina Milei, secretaria General de la Presidencia.<\/h3>\n<h3>\u201cEsta es mi hermana Karina, el jefe\u201d, agreg\u00f3 Milei.<\/h3>\n<h3>Ese c\u00f3nclave mostr\u00f3 las coincidencias del presidente y el poderoso empresario sudafricano respecto a la importancia de la libertad de mercados, al progreso de los pa\u00edses, a la necesidad de terminar con las trabas burocr\u00e1ticas, al desarrollo de la tecnolog\u00eda y a la necesidad de preservas las reglas de juego.<\/h3>\n<h3>\u201cHubo qu\u00edmica. Fue amor a primera vista\u201d, sintetiz\u00f3 Werthein, cuando Infobae le pregunt\u00f3 c\u00f3mo hab\u00eda sido la reuni\u00f3n en Austin.<\/h3>\n<h3>Antes de este segundo encuentro, Milei hab\u00eda definido una hoja de ruta sobre posibles inversiones en tecnolog\u00eda y miner\u00eda para plantear a Musk. Adem\u00e1s, el presidente ten\u00eda intenciones de dialogar sobre el impacto cotidiano de la inteligencia artificial y su aplicaci\u00f3n en el desarrollo econ\u00f3mico.<\/h3>\n<h3>\u201cLa inteligencia artificial nos har\u00e1 potencia mundial\u201d, comento Milei en Los \u00c1ngeles. Y sobre su c\u00f3nclave con Musk hab\u00eda adelantado a su comitiva: \u201cQuiero que invierta. Adonde quiera\u201d.<\/h3>\n<h3>\u201cHemos puesto hombres en la Luna y ahora miramos a Marte. Y lo hemos hecho gracias a la ambici\u00f3n, la creatividad y el optimismo de hombres como ustedes, que se asociaron entre s\u00ed en pos de la b\u00fasqueda de la propia felicidad. (&#8230;) Somos una especie de exploradores, de creadores, de inventores. No de bur\u00f3cratas. Y es el empresario-aventurero, no el bur\u00f3crata de escritorio, la clase de hombre que encarna en el presente esta cualidad atemporal del esp\u00edritu humano. Por eso, no quiero dejar de celebrar el esfuerzo de mi amigo Elon Musk por pisar Marte\u201d, reconoci\u00f3 el presidente al propietario de X (antes Twitter).<\/h3>\n<h3>CON INFANTINO<\/h3>\n<h3>En primer t\u00e9rmino, el mandatario argentino, acompa\u00f1ado por la Secretaria General de la Presidencia, Karina Milei y el Embajador argentino ante los Estados Unidos, Gerardo Werthein, se junt\u00f3 con Infantino para exponerle el proyecto del espacio libertario para impulsar las Sociedades An\u00f3nimas Deportivas (SAD) en el f\u00fatbol local.<\/h3>\n<h3><img decoding=\"async\" class=\"wp-image-15727 aligncenter\" src=\"https:\/\/apuntesdesanluis.com\/wp-content\/uploads\/2024\/05\/MILEI-CON-INFANTINO-300x170.png\" alt=\"\" width=\"672\" height=\"381\" srcset=\"https:\/\/apuntesdesanluis.com\/wp-content\/uploads\/2024\/05\/MILEI-CON-INFANTINO-300x170.png 300w, https:\/\/apuntesdesanluis.com\/wp-content\/uploads\/2024\/05\/MILEI-CON-INFANTINO.png 767w\" sizes=\"(max-width: 672px) 100vw, 672px\" \/><\/h3>\n<h3>Tras el encuentro se difundieron fotos de ambos luciendo distendidos y sonrientes, en las que se observa que el mandam\u00e1s del f\u00fatbol le regal\u00f3 a Milei un bander\u00edn de la FIFA, una pelota y una camiseta con el apellido del presidente argentino en la espalda.<\/h3>\n<h3>Posteriormente, como figuraba en la agenda, Milei volvi\u00f3 a reunirse con Musk en menos de un mes, ya que en su anterior visita a los Estados Unidos, el l\u00edder de la Libertad Avanza concurri\u00f3 a la sede de Tesla, la firma de autos el\u00e9ctricos que cre\u00f3 el magnate de origen sudafricano.<\/h3>\n<h3>Trascendi\u00f3, que ambos volvieron a hablar sobre la chance de que Tesla realice inversiones en la Argentina, de cara a la visita que har\u00e1 Musk a la Argentina en la segunda mitad de este a\u00f1o.<\/h3>\n<p>&nbsp;<\/p>\n<p>&nbsp;<\/p>\n<p>&nbsp;<\/p>\n<p>&nbsp;<\/p>\n<p>&nbsp;<\/p>\n","protected":false},"excerpt":{"rendered":"<p>El presidente Javier Milei disert\u00f3 este lunes en la Conferencia Global en la ciudad estadounidense&#8230;<\/p>\n","protected":false},"author":1,"featured_media":15725,"comment_status":"closed","ping_status":"closed","sticky":false,"template":"","format":"standard","meta":{"footnotes":""},"categories":[5],"tags":[],"class_list":["post-15724","post","type-post","status-publish","format-standard","has-post-thumbnail","hentry","category-nacionales-internacionales"],"yoast_head":"<!-- This site is optimized with the Yoast SEO plugin v26.1.1 - https:\/\/yoast.com\/wordpress\/plugins\/seo\/ -->\n<title>MILEI EN LOS \u00c1NGELES: &quot;ARGENTINA TIENE TODAS LAS CONDICIONES PARA SER LA NUEVA MECA DE OCCIDENTE&quot; - Apuntes de San Luis<\/title>\n<meta name=\"robots\" content=\"index, follow, max-snippet:-1, max-image-preview:large, max-video-preview:-1\" \/>\n<link rel=\"canonical\" href=\"https:\/\/apuntesdesanluis.com\/index.php\/2024\/05\/06\/milei-en-los-angeles-argentina-tiene-todas-las-condiciones-para-ser-la-nueva-meca-de-occidente\/\" \/>\n<meta property=\"og:locale\" content=\"es_ES\" \/>\n<meta property=\"og:type\" content=\"article\" \/>\n<meta property=\"og:title\" content=\"MILEI EN LOS \u00c1NGELES: &quot;ARGENTINA TIENE TODAS LAS CONDICIONES PARA SER LA NUEVA MECA DE OCCIDENTE&quot; - Apuntes de San Luis\" \/>\n<meta property=\"og:description\" content=\"El presidente Javier Milei disert\u00f3 este lunes en la Conferencia Global en la ciudad estadounidense...\" \/>\n<meta property=\"og:url\" content=\"https:\/\/apuntesdesanluis.com\/index.php\/2024\/05\/06\/milei-en-los-angeles-argentina-tiene-todas-las-condiciones-para-ser-la-nueva-meca-de-occidente\/\" \/>\n<meta property=\"og:site_name\" content=\"Apuntes de San Luis\" \/>\n<meta property=\"article:published_time\" content=\"2024-05-07T02:11:16+00:00\" \/>\n<meta property=\"og:image\" content=\"https:\/\/apuntesdesanluis.com\/wp-content\/uploads\/2024\/05\/MILEI.png\" \/>\n\t<meta property=\"og:image:width\" content=\"853\" \/>\n\t<meta property=\"og:image:height\" content=\"471\" \/>\n\t<meta property=\"og:image:type\" content=\"image\/png\" \/>\n<meta name=\"author\" content=\"apuntesdesanluis.com\" \/>\n<meta name=\"twitter:card\" content=\"summary_large_image\" \/>\n<meta name=\"twitter:label1\" content=\"Escrito por\" \/>\n\t<meta name=\"twitter:data1\" content=\"apuntesdesanluis.com\" \/>\n\t<meta name=\"twitter:label2\" content=\"Tiempo de lectura\" \/>\n\t<meta name=\"twitter:data2\" content=\"6 minutos\" \/>\n<script type=\"application\/ld+json\" class=\"yoast-schema-graph\">{\"@context\":\"https:\/\/schema.org\",\"@graph\":[{\"@type\":\"Article\",\"@id\":\"https:\/\/apuntesdesanluis.com\/index.php\/2024\/05\/06\/milei-en-los-angeles-argentina-tiene-todas-las-condiciones-para-ser-la-nueva-meca-de-occidente\/#article\",\"isPartOf\":{\"@id\":\"https:\/\/apuntesdesanluis.com\/index.php\/2024\/05\/06\/milei-en-los-angeles-argentina-tiene-todas-las-condiciones-para-ser-la-nueva-meca-de-occidente\/\"},\"author\":{\"name\":\"apuntesdesanluis.com\",\"@id\":\"https:\/\/apuntesdesanluis.com\/#\/schema\/person\/b55151d52296fcce64d1a72538a70b90\"},\"headline\":\"MILEI EN LOS \u00c1NGELES: &#8220;ARGENTINA TIENE TODAS LAS CONDICIONES PARA SER LA NUEVA MECA DE OCCIDENTE&#8221;\",\"datePublished\":\"2024-05-07T02:11:16+00:00\",\"mainEntityOfPage\":{\"@id\":\"https:\/\/apuntesdesanluis.com\/index.php\/2024\/05\/06\/milei-en-los-angeles-argentina-tiene-todas-las-condiciones-para-ser-la-nueva-meca-de-occidente\/\"},\"wordCount\":1146,\"publisher\":{\"@id\":\"https:\/\/apuntesdesanluis.com\/#\/schema\/person\/b55151d52296fcce64d1a72538a70b90\"},\"image\":{\"@id\":\"https:\/\/apuntesdesanluis.com\/index.php\/2024\/05\/06\/milei-en-los-angeles-argentina-tiene-todas-las-condiciones-para-ser-la-nueva-meca-de-occidente\/#primaryimage\"},\"thumbnailUrl\":\"https:\/\/apuntesdesanluis.com\/wp-content\/uploads\/2024\/05\/MILEI.png\",\"articleSection\":[\"Nacionales\/Internacionales\"],\"inLanguage\":\"es-AR\"},{\"@type\":\"WebPage\",\"@id\":\"https:\/\/apuntesdesanluis.com\/index.php\/2024\/05\/06\/milei-en-los-angeles-argentina-tiene-todas-las-condiciones-para-ser-la-nueva-meca-de-occidente\/\",\"url\":\"https:\/\/apuntesdesanluis.com\/index.php\/2024\/05\/06\/milei-en-los-angeles-argentina-tiene-todas-las-condiciones-para-ser-la-nueva-meca-de-occidente\/\",\"name\":\"MILEI EN LOS \u00c1NGELES: \\\"ARGENTINA TIENE TODAS LAS CONDICIONES PARA SER LA NUEVA MECA DE OCCIDENTE\\\" - Apuntes de San Luis\",\"isPartOf\":{\"@id\":\"https:\/\/apuntesdesanluis.com\/#website\"},\"primaryImageOfPage\":{\"@id\":\"https:\/\/apuntesdesanluis.com\/index.php\/2024\/05\/06\/milei-en-los-angeles-argentina-tiene-todas-las-condiciones-para-ser-la-nueva-meca-de-occidente\/#primaryimage\"},\"image\":{\"@id\":\"https:\/\/apuntesdesanluis.com\/index.php\/2024\/05\/06\/milei-en-los-angeles-argentina-tiene-todas-las-condiciones-para-ser-la-nueva-meca-de-occidente\/#primaryimage\"},\"thumbnailUrl\":\"https:\/\/apuntesdesanluis.com\/wp-content\/uploads\/2024\/05\/MILEI.png\",\"datePublished\":\"2024-05-07T02:11:16+00:00\",\"breadcrumb\":{\"@id\":\"https:\/\/apuntesdesanluis.com\/index.php\/2024\/05\/06\/milei-en-los-angeles-argentina-tiene-todas-las-condiciones-para-ser-la-nueva-meca-de-occidente\/#breadcrumb\"},\"inLanguage\":\"es-AR\",\"potentialAction\":[{\"@type\":\"ReadAction\",\"target\":[\"https:\/\/apuntesdesanluis.com\/index.php\/2024\/05\/06\/milei-en-los-angeles-argentina-tiene-todas-las-condiciones-para-ser-la-nueva-meca-de-occidente\/\"]}]},{\"@type\":\"ImageObject\",\"inLanguage\":\"es-AR\",\"@id\":\"https:\/\/apuntesdesanluis.com\/index.php\/2024\/05\/06\/milei-en-los-angeles-argentina-tiene-todas-las-condiciones-para-ser-la-nueva-meca-de-occidente\/#primaryimage\",\"url\":\"https:\/\/apuntesdesanluis.com\/wp-content\/uploads\/2024\/05\/MILEI.png\",\"contentUrl\":\"https:\/\/apuntesdesanluis.com\/wp-content\/uploads\/2024\/05\/MILEI.png\",\"width\":853,\"height\":471},{\"@type\":\"BreadcrumbList\",\"@id\":\"https:\/\/apuntesdesanluis.com\/index.php\/2024\/05\/06\/milei-en-los-angeles-argentina-tiene-todas-las-condiciones-para-ser-la-nueva-meca-de-occidente\/#breadcrumb\",\"itemListElement\":[{\"@type\":\"ListItem\",\"position\":1,\"name\":\"Inicio\",\"item\":\"https:\/\/apuntesdesanluis.com\/\"},{\"@type\":\"ListItem\",\"position\":2,\"name\":\"MILEI EN LOS \u00c1NGELES: &#8220;ARGENTINA TIENE TODAS LAS CONDICIONES PARA SER LA NUEVA MECA DE OCCIDENTE&#8221;\"}]},{\"@type\":\"WebSite\",\"@id\":\"https:\/\/apuntesdesanluis.com\/#website\",\"url\":\"https:\/\/apuntesdesanluis.com\/\",\"name\":\"Apuntes de San Luis\",\"description\":\"\",\"publisher\":{\"@id\":\"https:\/\/apuntesdesanluis.com\/#\/schema\/person\/b55151d52296fcce64d1a72538a70b90\"},\"potentialAction\":[{\"@type\":\"SearchAction\",\"target\":{\"@type\":\"EntryPoint\",\"urlTemplate\":\"https:\/\/apuntesdesanluis.com\/?s={search_term_string}\"},\"query-input\":{\"@type\":\"PropertyValueSpecification\",\"valueRequired\":true,\"valueName\":\"search_term_string\"}}],\"inLanguage\":\"es-AR\"},{\"@type\":[\"Person\",\"Organization\"],\"@id\":\"https:\/\/apuntesdesanluis.com\/#\/schema\/person\/b55151d52296fcce64d1a72538a70b90\",\"name\":\"apuntesdesanluis.com\",\"image\":{\"@type\":\"ImageObject\",\"inLanguage\":\"es-AR\",\"@id\":\"https:\/\/apuntesdesanluis.com\/#\/schema\/person\/image\/\",\"url\":\"https:\/\/apuntesdesanluis.com\/wp-content\/uploads\/2023\/07\/cropped-apuntesdesanluis.png\",\"contentUrl\":\"https:\/\/apuntesdesanluis.com\/wp-content\/uploads\/2023\/07\/cropped-apuntesdesanluis.png\",\"width\":450,\"height\":112,\"caption\":\"apuntesdesanluis.com\"},\"logo\":{\"@id\":\"https:\/\/apuntesdesanluis.com\/#\/schema\/person\/image\/\"},\"sameAs\":[\"https:\/\/apuntesdesanluis.com\"],\"url\":\"https:\/\/apuntesdesanluis.com\/index.php\/author\/apuntesdesanluis-com\/\"}]}<\/script>\n<!-- \/ Yoast SEO plugin. -->","yoast_head_json":{"title":"MILEI EN LOS \u00c1NGELES: \"ARGENTINA TIENE TODAS LAS CONDICIONES PARA SER LA NUEVA MECA DE OCCIDENTE\" - Apuntes de San Luis","robots":{"index":"index","follow":"follow","max-snippet":"max-snippet:-1","max-image-preview":"max-image-preview:large","max-video-preview":"max-video-preview:-1"},"canonical":"https:\/\/apuntesdesanluis.com\/index.php\/2024\/05\/06\/milei-en-los-angeles-argentina-tiene-todas-las-condiciones-para-ser-la-nueva-meca-de-occidente\/","og_locale":"es_ES","og_type":"article","og_title":"MILEI EN LOS \u00c1NGELES: \"ARGENTINA TIENE TODAS LAS CONDICIONES PARA SER LA NUEVA MECA DE OCCIDENTE\" - Apuntes de San Luis","og_description":"El presidente Javier Milei disert\u00f3 este lunes en la Conferencia Global en la ciudad estadounidense...","og_url":"https:\/\/apuntesdesanluis.com\/index.php\/2024\/05\/06\/milei-en-los-angeles-argentina-tiene-todas-las-condiciones-para-ser-la-nueva-meca-de-occidente\/","og_site_name":"Apuntes de San Luis","article_published_time":"2024-05-07T02:11:16+00:00","og_image":[{"width":853,"height":471,"url":"https:\/\/apuntesdesanluis.com\/wp-content\/uploads\/2024\/05\/MILEI.png","type":"image\/png"}],"author":"apuntesdesanluis.com","twitter_card":"summary_large_image","twitter_misc":{"Escrito por":"apuntesdesanluis.com","Tiempo de lectura":"6 minutos"},"schema":{"@context":"https:\/\/schema.org","@graph":[{"@type":"Article","@id":"https:\/\/apuntesdesanluis.com\/index.php\/2024\/05\/06\/milei-en-los-angeles-argentina-tiene-todas-las-condiciones-para-ser-la-nueva-meca-de-occidente\/#article","isPartOf":{"@id":"https:\/\/apuntesdesanluis.com\/index.php\/2024\/05\/06\/milei-en-los-angeles-argentina-tiene-todas-las-condiciones-para-ser-la-nueva-meca-de-occidente\/"},"author":{"name":"apuntesdesanluis.com","@id":"https:\/\/apuntesdesanluis.com\/#\/schema\/person\/b55151d52296fcce64d1a72538a70b90"},"headline":"MILEI EN LOS \u00c1NGELES: &#8220;ARGENTINA TIENE TODAS LAS CONDICIONES PARA SER LA NUEVA MECA DE OCCIDENTE&#8221;","datePublished":"2024-05-07T02:11:16+00:00","mainEntityOfPage":{"@id":"https:\/\/apuntesdesanluis.com\/index.php\/2024\/05\/06\/milei-en-los-angeles-argentina-tiene-todas-las-condiciones-para-ser-la-nueva-meca-de-occidente\/"},"wordCount":1146,"publisher":{"@id":"https:\/\/apuntesdesanluis.com\/#\/schema\/person\/b55151d52296fcce64d1a72538a70b90"},"image":{"@id":"https:\/\/apuntesdesanluis.com\/index.php\/2024\/05\/06\/milei-en-los-angeles-argentina-tiene-todas-las-condiciones-para-ser-la-nueva-meca-de-occidente\/#primaryimage"},"thumbnailUrl":"https:\/\/apuntesdesanluis.com\/wp-content\/uploads\/2024\/05\/MILEI.png","articleSection":["Nacionales\/Internacionales"],"inLanguage":"es-AR"},{"@type":"WebPage","@id":"https:\/\/apuntesdesanluis.com\/index.php\/2024\/05\/06\/milei-en-los-angeles-argentina-tiene-todas-las-condiciones-para-ser-la-nueva-meca-de-occidente\/","url":"https:\/\/apuntesdesanluis.com\/index.php\/2024\/05\/06\/milei-en-los-angeles-argentina-tiene-todas-las-condiciones-para-ser-la-nueva-meca-de-occidente\/","name":"MILEI EN LOS \u00c1NGELES: \"ARGENTINA TIENE TODAS LAS CONDICIONES PARA SER LA NUEVA MECA DE OCCIDENTE\" - Apuntes de San Luis","isPartOf":{"@id":"https:\/\/apuntesdesanluis.com\/#website"},"primaryImageOfPage":{"@id":"https:\/\/apuntesdesanluis.com\/index.php\/2024\/05\/06\/milei-en-los-angeles-argentina-tiene-todas-las-condiciones-para-ser-la-nueva-meca-de-occidente\/#primaryimage"},"image":{"@id":"https:\/\/apuntesdesanluis.com\/index.php\/2024\/05\/06\/milei-en-los-angeles-argentina-tiene-todas-las-condiciones-para-ser-la-nueva-meca-de-occidente\/#primaryimage"},"thumbnailUrl":"https:\/\/apuntesdesanluis.com\/wp-content\/uploads\/2024\/05\/MILEI.png","datePublished":"2024-05-07T02:11:16+00:00","breadcrumb":{"@id":"https:\/\/apuntesdesanluis.com\/index.php\/2024\/05\/06\/milei-en-los-angeles-argentina-tiene-todas-las-condiciones-para-ser-la-nueva-meca-de-occidente\/#breadcrumb"},"inLanguage":"es-AR","potentialAction":[{"@type":"ReadAction","target":["https:\/\/apuntesdesanluis.com\/index.php\/2024\/05\/06\/milei-en-los-angeles-argentina-tiene-todas-las-condiciones-para-ser-la-nueva-meca-de-occidente\/"]}]},{"@type":"ImageObject","inLanguage":"es-AR","@id":"https:\/\/apuntesdesanluis.com\/index.php\/2024\/05\/06\/milei-en-los-angeles-argentina-tiene-todas-las-condiciones-para-ser-la-nueva-meca-de-occidente\/#primaryimage","url":"https:\/\/apuntesdesanluis.com\/wp-content\/uploads\/2024\/05\/MILEI.png","contentUrl":"https:\/\/apuntesdesanluis.com\/wp-content\/uploads\/2024\/05\/MILEI.png","width":853,"height":471},{"@type":"BreadcrumbList","@id":"https:\/\/apuntesdesanluis.com\/index.php\/2024\/05\/06\/milei-en-los-angeles-argentina-tiene-todas-las-condiciones-para-ser-la-nueva-meca-de-occidente\/#breadcrumb","itemListElement":[{"@type":"ListItem","position":1,"name":"Inicio","item":"https:\/\/apuntesdesanluis.com\/"},{"@type":"ListItem","position":2,"name":"MILEI EN LOS \u00c1NGELES: &#8220;ARGENTINA TIENE TODAS LAS CONDICIONES PARA SER LA NUEVA MECA DE OCCIDENTE&#8221;"}]},{"@type":"WebSite","@id":"https:\/\/apuntesdesanluis.com\/#website","url":"https:\/\/apuntesdesanluis.com\/","name":"Apuntes de San Luis","description":"","publisher":{"@id":"https:\/\/apuntesdesanluis.com\/#\/schema\/person\/b55151d52296fcce64d1a72538a70b90"},"potentialAction":[{"@type":"SearchAction","target":{"@type":"EntryPoint","urlTemplate":"https:\/\/apuntesdesanluis.com\/?s={search_term_string}"},"query-input":{"@type":"PropertyValueSpecification","valueRequired":true,"valueName":"search_term_string"}}],"inLanguage":"es-AR"},{"@type":["Person","Organization"],"@id":"https:\/\/apuntesdesanluis.com\/#\/schema\/person\/b55151d52296fcce64d1a72538a70b90","name":"apuntesdesanluis.com","image":{"@type":"ImageObject","inLanguage":"es-AR","@id":"https:\/\/apuntesdesanluis.com\/#\/schema\/person\/image\/","url":"https:\/\/apuntesdesanluis.com\/wp-content\/uploads\/2023\/07\/cropped-apuntesdesanluis.png","contentUrl":"https:\/\/apuntesdesanluis.com\/wp-content\/uploads\/2023\/07\/cropped-apuntesdesanluis.png","width":450,"height":112,"caption":"apuntesdesanluis.com"},"logo":{"@id":"https:\/\/apuntesdesanluis.com\/#\/schema\/person\/image\/"},"sameAs":["https:\/\/apuntesdesanluis.com"],"url":"https:\/\/apuntesdesanluis.com\/index.php\/author\/apuntesdesanluis-com\/"}]}},"featured_image_urls":{"full":["https:\/\/apuntesdesanluis.com\/wp-content\/uploads\/2024\/05\/MILEI.png",853,471,false],"thumbnail":["https:\/\/apuntesdesanluis.com\/wp-content\/uploads\/2024\/05\/MILEI-150x150.png",150,150,true],"medium":["https:\/\/apuntesdesanluis.com\/wp-content\/uploads\/2024\/05\/MILEI-300x166.png",300,166,true],"medium_large":["https:\/\/apuntesdesanluis.com\/wp-content\/uploads\/2024\/05\/MILEI-768x424.png",640,353,true],"large":["https:\/\/apuntesdesanluis.com\/wp-content\/uploads\/2024\/05\/MILEI.png",640,353,false],"1536x1536":["https:\/\/apuntesdesanluis.com\/wp-content\/uploads\/2024\/05\/MILEI.png",853,471,false],"2048x2048":["https:\/\/apuntesdesanluis.com\/wp-content\/uploads\/2024\/05\/MILEI.png",853,471,false],"newsever-slider-full":["https:\/\/apuntesdesanluis.com\/wp-content\/uploads\/2024\/05\/MILEI.png",853,471,false],"newsever-featured":["https:\/\/apuntesdesanluis.com\/wp-content\/uploads\/2024\/05\/MILEI.png",853,471,false],"newsever-medium":["https:\/\/apuntesdesanluis.com\/wp-content\/uploads\/2024\/05\/MILEI-720x471.png",720,471,true]},"author_info":{"display_name":"apuntesdesanluis.com","author_link":"https:\/\/apuntesdesanluis.com\/index.php\/author\/apuntesdesanluis-com\/"},"category_info":"<a href=\"https:\/\/apuntesdesanluis.com\/index.php\/category\/nacionales-internacionales\/\" rel=\"category tag\">Nacionales\/Internacionales<\/a>","tag_info":"Nacionales\/Internacionales","comment_count":"0","_links":{"self":[{"href":"https:\/\/apuntesdesanluis.com\/index.php\/wp-json\/wp\/v2\/posts\/15724","targetHints":{"allow":["GET"]}}],"collection":[{"href":"https:\/\/apuntesdesanluis.com\/index.php\/wp-json\/wp\/v2\/posts"}],"about":[{"href":"https:\/\/apuntesdesanluis.com\/index.php\/wp-json\/wp\/v2\/types\/post"}],"author":[{"embeddable":true,"href":"https:\/\/apuntesdesanluis.com\/index.php\/wp-json\/wp\/v2\/users\/1"}],"replies":[{"embeddable":true,"href":"https:\/\/apuntesdesanluis.com\/index.php\/wp-json\/wp\/v2\/comments?post=15724"}],"version-history":[{"count":1,"href":"https:\/\/apuntesdesanluis.com\/index.php\/wp-json\/wp\/v2\/posts\/15724\/revisions"}],"predecessor-version":[{"id":15728,"href":"https:\/\/apuntesdesanluis.com\/index.php\/wp-json\/wp\/v2\/posts\/15724\/revisions\/15728"}],"wp:featuredmedia":[{"embeddable":true,"href":"https:\/\/apuntesdesanluis.com\/index.php\/wp-json\/wp\/v2\/media\/15725"}],"wp:attachment":[{"href":"https:\/\/apuntesdesanluis.com\/index.php\/wp-json\/wp\/v2\/media?parent=15724"}],"wp:term":[{"taxonomy":"category","embeddable":true,"href":"https:\/\/apuntesdesanluis.com\/index.php\/wp-json\/wp\/v2\/categories?post=15724"},{"taxonomy":"post_tag","embeddable":true,"href":"https:\/\/apuntesdesanluis.com\/index.php\/wp-json\/wp\/v2\/tags?post=15724"}],"curies":[{"name":"wp","href":"https:\/\/api.w.org\/{rel}","templated":true}]}}