{"id":15749,"date":"2024-05-07T00:32:00","date_gmt":"2024-05-07T03:32:00","guid":{"rendered":"https:\/\/apuntesdesanluis.com\/?p=15749"},"modified":"2024-05-07T00:32:00","modified_gmt":"2024-05-07T03:32:00","slug":"despues-de-la-polemica-informan-que-el-centro-oncologico-quedara-en-el-mismo-lugar","status":"publish","type":"post","link":"https:\/\/apuntesdesanluis.com\/index.php\/2024\/05\/07\/despues-de-la-polemica-informan-que-el-centro-oncologico-quedara-en-el-mismo-lugar\/","title":{"rendered":"DESPU\u00c9S DE LA POL\u00c9MICA, INFORMAN QUE EL CENTRO ONCOL\u00d3GICO QUEDAR\u00c1 EN EL MISMO LUGAR"},"content":{"rendered":"<h3>Luego de la etapa de evaluaci\u00f3n realizada por los equipos del Hospital Ram\u00f3n Carrillo, Centro Oncol\u00f3gico y Ministerio de Salud, y haciendo eje central en la opini\u00f3n de pacientes y familiares, desde el Ministerio se tom\u00f3 la decisi\u00f3n de mantener en el mismo espacio f\u00edsico al <strong>Centro Oncol\u00f3gico Provincial<\/strong>.<\/h3>\n<h3>El proyecto estaba en etapa de evaluaci\u00f3n y an\u00e1lisis, cuando la preocupaci\u00f3n e incertidumbre se apoder\u00f3 de la comunidad de pacientes oncol\u00f3gicos, y si bien estaba en una etapa embrionaria, la principal preocupaci\u00f3n ministerial fue llevar tranquilidad a los pacientes, a sus familiares y despejar la incertidumbre que se hab\u00eda generado, indic\u00f3 la Agencia Noticias San Luis.<\/h3>\n<h3>\u201cNos interesa darles certezas y tranquilidad. Nunca los vamos a abandonar, nunca vamos a realizar acciones que vayan en contra de la salud de ning\u00fan sanluise\u00f1o\u201d expres\u00f3 en su momento Claudia Spagnuolo, titular de la cartera de Salud.<\/h3>\n<h3>A partir del dialogo mantenido con organizaciones no gubernamentales relacionadas con pacientes oncol\u00f3gicos y con quienes acuden al centro m\u00e9dico ubicado sobre Avenida del Fundador, desde el Ministerio se opt\u00f3 por clausurar la etapa evaluativa del proyecto y descartar por completo la posibilidad del traslado al Hospital Ram\u00f3n Carrillo.<\/h3>\n<h3>Si bien el proyecto se encontraba en una etapa de evaluaci\u00f3n m\u00e9dico-cient\u00edfica, se decidi\u00f3 cuidar de la tranquilidad emocional de los pacientes que, ante versiones infundadas relacionadas con el cierre de la prestaci\u00f3n oncol\u00f3gica, hab\u00edan visto alterada la tranquilidad de su tratamiento. \u201cHemos escuchado y decidido priorizar la opini\u00f3n de los pacientes, ante cualquier otro argumento\u201d, enfatiz\u00f3 la Ministra.<\/h3>\n<p>&nbsp;<\/p>\n<p>&nbsp;<\/p>\n<p>&nbsp;<\/p>\n<p>&nbsp;<\/p>\n<p>&nbsp;<\/p>\n<p>&nbsp;<\/p>\n","protected":false},"excerpt":{"rendered":"<p>Luego de la etapa de evaluaci\u00f3n realizada por los equipos del Hospital Ram\u00f3n Carrillo, Centro&#8230;<\/p>\n","protected":false},"author":1,"featured_media":15750,"comment_status":"closed","ping_status":"closed","sticky":false,"template":"","format":"standard","meta":{"footnotes":""},"categories":[6],"tags":[],"class_list":["post-15749","post","type-post","status-publish","format-standard","has-post-thumbnail","hentry","category-ciudad-provincia"],"yoast_head":"<!-- This site is optimized with the Yoast SEO plugin v26.1.1 - https:\/\/yoast.com\/wordpress\/plugins\/seo\/ -->\n<title>DESPU\u00c9S DE LA POL\u00c9MICA, INFORMAN QUE EL CENTRO ONCOL\u00d3GICO QUEDAR\u00c1 EN EL MISMO LUGAR - Apuntes de San Luis<\/title>\n<meta name=\"robots\" content=\"index, follow, max-snippet:-1, max-image-preview:large, max-video-preview:-1\" \/>\n<link rel=\"canonical\" href=\"https:\/\/apuntesdesanluis.com\/index.php\/2024\/05\/07\/despues-de-la-polemica-informan-que-el-centro-oncologico-quedara-en-el-mismo-lugar\/\" \/>\n<meta property=\"og:locale\" content=\"es_ES\" \/>\n<meta property=\"og:type\" content=\"article\" \/>\n<meta property=\"og:title\" content=\"DESPU\u00c9S DE LA POL\u00c9MICA, INFORMAN QUE EL CENTRO ONCOL\u00d3GICO QUEDAR\u00c1 EN EL MISMO LUGAR - Apuntes de San Luis\" \/>\n<meta property=\"og:description\" content=\"Luego de la etapa de evaluaci\u00f3n realizada por los equipos del Hospital Ram\u00f3n Carrillo, Centro...\" \/>\n<meta property=\"og:url\" content=\"https:\/\/apuntesdesanluis.com\/index.php\/2024\/05\/07\/despues-de-la-polemica-informan-que-el-centro-oncologico-quedara-en-el-mismo-lugar\/\" \/>\n<meta property=\"og:site_name\" content=\"Apuntes de San Luis\" \/>\n<meta property=\"article:published_time\" content=\"2024-05-07T03:32:00+00:00\" \/>\n<meta property=\"og:image\" content=\"https:\/\/apuntesdesanluis.com\/wp-content\/uploads\/2024\/05\/centro-oncologico.png\" \/>\n\t<meta property=\"og:image:width\" content=\"673\" \/>\n\t<meta property=\"og:image:height\" content=\"360\" \/>\n\t<meta property=\"og:image:type\" content=\"image\/png\" \/>\n<meta name=\"author\" content=\"apuntesdesanluis.com\" \/>\n<meta name=\"twitter:card\" content=\"summary_large_image\" \/>\n<meta name=\"twitter:label1\" content=\"Escrito por\" \/>\n\t<meta name=\"twitter:data1\" content=\"apuntesdesanluis.com\" \/>\n\t<meta name=\"twitter:label2\" content=\"Tiempo de lectura\" \/>\n\t<meta name=\"twitter:data2\" content=\"2 minutos\" \/>\n<script type=\"application\/ld+json\" class=\"yoast-schema-graph\">{\"@context\":\"https:\/\/schema.org\",\"@graph\":[{\"@type\":\"Article\",\"@id\":\"https:\/\/apuntesdesanluis.com\/index.php\/2024\/05\/07\/despues-de-la-polemica-informan-que-el-centro-oncologico-quedara-en-el-mismo-lugar\/#article\",\"isPartOf\":{\"@id\":\"https:\/\/apuntesdesanluis.com\/index.php\/2024\/05\/07\/despues-de-la-polemica-informan-que-el-centro-oncologico-quedara-en-el-mismo-lugar\/\"},\"author\":{\"name\":\"apuntesdesanluis.com\",\"@id\":\"https:\/\/apuntesdesanluis.com\/#\/schema\/person\/b55151d52296fcce64d1a72538a70b90\"},\"headline\":\"DESPU\u00c9S DE LA POL\u00c9MICA, INFORMAN QUE EL CENTRO ONCOL\u00d3GICO QUEDAR\u00c1 EN EL MISMO LUGAR\",\"datePublished\":\"2024-05-07T03:32:00+00:00\",\"mainEntityOfPage\":{\"@id\":\"https:\/\/apuntesdesanluis.com\/index.php\/2024\/05\/07\/despues-de-la-polemica-informan-que-el-centro-oncologico-quedara-en-el-mismo-lugar\/\"},\"wordCount\":300,\"publisher\":{\"@id\":\"https:\/\/apuntesdesanluis.com\/#\/schema\/person\/b55151d52296fcce64d1a72538a70b90\"},\"image\":{\"@id\":\"https:\/\/apuntesdesanluis.com\/index.php\/2024\/05\/07\/despues-de-la-polemica-informan-que-el-centro-oncologico-quedara-en-el-mismo-lugar\/#primaryimage\"},\"thumbnailUrl\":\"https:\/\/apuntesdesanluis.com\/wp-content\/uploads\/2024\/05\/centro-oncologico.png\",\"articleSection\":[\"Ciudad\/Provincia\"],\"inLanguage\":\"es-AR\"},{\"@type\":\"WebPage\",\"@id\":\"https:\/\/apuntesdesanluis.com\/index.php\/2024\/05\/07\/despues-de-la-polemica-informan-que-el-centro-oncologico-quedara-en-el-mismo-lugar\/\",\"url\":\"https:\/\/apuntesdesanluis.com\/index.php\/2024\/05\/07\/despues-de-la-polemica-informan-que-el-centro-oncologico-quedara-en-el-mismo-lugar\/\",\"name\":\"DESPU\u00c9S DE LA POL\u00c9MICA, INFORMAN QUE EL CENTRO ONCOL\u00d3GICO QUEDAR\u00c1 EN EL MISMO LUGAR - Apuntes de San Luis\",\"isPartOf\":{\"@id\":\"https:\/\/apuntesdesanluis.com\/#website\"},\"primaryImageOfPage\":{\"@id\":\"https:\/\/apuntesdesanluis.com\/index.php\/2024\/05\/07\/despues-de-la-polemica-informan-que-el-centro-oncologico-quedara-en-el-mismo-lugar\/#primaryimage\"},\"image\":{\"@id\":\"https:\/\/apuntesdesanluis.com\/index.php\/2024\/05\/07\/despues-de-la-polemica-informan-que-el-centro-oncologico-quedara-en-el-mismo-lugar\/#primaryimage\"},\"thumbnailUrl\":\"https:\/\/apuntesdesanluis.com\/wp-content\/uploads\/2024\/05\/centro-oncologico.png\",\"datePublished\":\"2024-05-07T03:32:00+00:00\",\"breadcrumb\":{\"@id\":\"https:\/\/apuntesdesanluis.com\/index.php\/2024\/05\/07\/despues-de-la-polemica-informan-que-el-centro-oncologico-quedara-en-el-mismo-lugar\/#breadcrumb\"},\"inLanguage\":\"es-AR\",\"potentialAction\":[{\"@type\":\"ReadAction\",\"target\":[\"https:\/\/apuntesdesanluis.com\/index.php\/2024\/05\/07\/despues-de-la-polemica-informan-que-el-centro-oncologico-quedara-en-el-mismo-lugar\/\"]}]},{\"@type\":\"ImageObject\",\"inLanguage\":\"es-AR\",\"@id\":\"https:\/\/apuntesdesanluis.com\/index.php\/2024\/05\/07\/despues-de-la-polemica-informan-que-el-centro-oncologico-quedara-en-el-mismo-lugar\/#primaryimage\",\"url\":\"https:\/\/apuntesdesanluis.com\/wp-content\/uploads\/2024\/05\/centro-oncologico.png\",\"contentUrl\":\"https:\/\/apuntesdesanluis.com\/wp-content\/uploads\/2024\/05\/centro-oncologico.png\",\"width\":673,\"height\":360},{\"@type\":\"BreadcrumbList\",\"@id\":\"https:\/\/apuntesdesanluis.com\/index.php\/2024\/05\/07\/despues-de-la-polemica-informan-que-el-centro-oncologico-quedara-en-el-mismo-lugar\/#breadcrumb\",\"itemListElement\":[{\"@type\":\"ListItem\",\"position\":1,\"name\":\"Inicio\",\"item\":\"https:\/\/apuntesdesanluis.com\/\"},{\"@type\":\"ListItem\",\"position\":2,\"name\":\"DESPU\u00c9S DE LA POL\u00c9MICA, INFORMAN QUE EL CENTRO ONCOL\u00d3GICO QUEDAR\u00c1 EN EL MISMO LUGAR\"}]},{\"@type\":\"WebSite\",\"@id\":\"https:\/\/apuntesdesanluis.com\/#website\",\"url\":\"https:\/\/apuntesdesanluis.com\/\",\"name\":\"Apuntes de San Luis\",\"description\":\"\",\"publisher\":{\"@id\":\"https:\/\/apuntesdesanluis.com\/#\/schema\/person\/b55151d52296fcce64d1a72538a70b90\"},\"potentialAction\":[{\"@type\":\"SearchAction\",\"target\":{\"@type\":\"EntryPoint\",\"urlTemplate\":\"https:\/\/apuntesdesanluis.com\/?s={search_term_string}\"},\"query-input\":{\"@type\":\"PropertyValueSpecification\",\"valueRequired\":true,\"valueName\":\"search_term_string\"}}],\"inLanguage\":\"es-AR\"},{\"@type\":[\"Person\",\"Organization\"],\"@id\":\"https:\/\/apuntesdesanluis.com\/#\/schema\/person\/b55151d52296fcce64d1a72538a70b90\",\"name\":\"apuntesdesanluis.com\",\"image\":{\"@type\":\"ImageObject\",\"inLanguage\":\"es-AR\",\"@id\":\"https:\/\/apuntesdesanluis.com\/#\/schema\/person\/image\/\",\"url\":\"https:\/\/apuntesdesanluis.com\/wp-content\/uploads\/2023\/07\/cropped-apuntesdesanluis.png\",\"contentUrl\":\"https:\/\/apuntesdesanluis.com\/wp-content\/uploads\/2023\/07\/cropped-apuntesdesanluis.png\",\"width\":450,\"height\":112,\"caption\":\"apuntesdesanluis.com\"},\"logo\":{\"@id\":\"https:\/\/apuntesdesanluis.com\/#\/schema\/person\/image\/\"},\"sameAs\":[\"https:\/\/apuntesdesanluis.com\"],\"url\":\"https:\/\/apuntesdesanluis.com\/index.php\/author\/apuntesdesanluis-com\/\"}]}<\/script>\n<!-- \/ Yoast SEO plugin. -->","yoast_head_json":{"title":"DESPU\u00c9S DE LA POL\u00c9MICA, INFORMAN QUE EL CENTRO ONCOL\u00d3GICO QUEDAR\u00c1 EN EL MISMO LUGAR - Apuntes de San Luis","robots":{"index":"index","follow":"follow","max-snippet":"max-snippet:-1","max-image-preview":"max-image-preview:large","max-video-preview":"max-video-preview:-1"},"canonical":"https:\/\/apuntesdesanluis.com\/index.php\/2024\/05\/07\/despues-de-la-polemica-informan-que-el-centro-oncologico-quedara-en-el-mismo-lugar\/","og_locale":"es_ES","og_type":"article","og_title":"DESPU\u00c9S DE LA POL\u00c9MICA, INFORMAN QUE EL CENTRO ONCOL\u00d3GICO QUEDAR\u00c1 EN EL MISMO LUGAR - Apuntes de San Luis","og_description":"Luego de la etapa de evaluaci\u00f3n realizada por los equipos del Hospital Ram\u00f3n Carrillo, Centro...","og_url":"https:\/\/apuntesdesanluis.com\/index.php\/2024\/05\/07\/despues-de-la-polemica-informan-que-el-centro-oncologico-quedara-en-el-mismo-lugar\/","og_site_name":"Apuntes de San Luis","article_published_time":"2024-05-07T03:32:00+00:00","og_image":[{"width":673,"height":360,"url":"https:\/\/apuntesdesanluis.com\/wp-content\/uploads\/2024\/05\/centro-oncologico.png","type":"image\/png"}],"author":"apuntesdesanluis.com","twitter_card":"summary_large_image","twitter_misc":{"Escrito por":"apuntesdesanluis.com","Tiempo de lectura":"2 minutos"},"schema":{"@context":"https:\/\/schema.org","@graph":[{"@type":"Article","@id":"https:\/\/apuntesdesanluis.com\/index.php\/2024\/05\/07\/despues-de-la-polemica-informan-que-el-centro-oncologico-quedara-en-el-mismo-lugar\/#article","isPartOf":{"@id":"https:\/\/apuntesdesanluis.com\/index.php\/2024\/05\/07\/despues-de-la-polemica-informan-que-el-centro-oncologico-quedara-en-el-mismo-lugar\/"},"author":{"name":"apuntesdesanluis.com","@id":"https:\/\/apuntesdesanluis.com\/#\/schema\/person\/b55151d52296fcce64d1a72538a70b90"},"headline":"DESPU\u00c9S DE LA POL\u00c9MICA, INFORMAN QUE EL CENTRO ONCOL\u00d3GICO QUEDAR\u00c1 EN EL MISMO LUGAR","datePublished":"2024-05-07T03:32:00+00:00","mainEntityOfPage":{"@id":"https:\/\/apuntesdesanluis.com\/index.php\/2024\/05\/07\/despues-de-la-polemica-informan-que-el-centro-oncologico-quedara-en-el-mismo-lugar\/"},"wordCount":300,"publisher":{"@id":"https:\/\/apuntesdesanluis.com\/#\/schema\/person\/b55151d52296fcce64d1a72538a70b90"},"image":{"@id":"https:\/\/apuntesdesanluis.com\/index.php\/2024\/05\/07\/despues-de-la-polemica-informan-que-el-centro-oncologico-quedara-en-el-mismo-lugar\/#primaryimage"},"thumbnailUrl":"https:\/\/apuntesdesanluis.com\/wp-content\/uploads\/2024\/05\/centro-oncologico.png","articleSection":["Ciudad\/Provincia"],"inLanguage":"es-AR"},{"@type":"WebPage","@id":"https:\/\/apuntesdesanluis.com\/index.php\/2024\/05\/07\/despues-de-la-polemica-informan-que-el-centro-oncologico-quedara-en-el-mismo-lugar\/","url":"https:\/\/apuntesdesanluis.com\/index.php\/2024\/05\/07\/despues-de-la-polemica-informan-que-el-centro-oncologico-quedara-en-el-mismo-lugar\/","name":"DESPU\u00c9S DE LA POL\u00c9MICA, INFORMAN QUE EL CENTRO ONCOL\u00d3GICO QUEDAR\u00c1 EN EL MISMO LUGAR - Apuntes de San Luis","isPartOf":{"@id":"https:\/\/apuntesdesanluis.com\/#website"},"primaryImageOfPage":{"@id":"https:\/\/apuntesdesanluis.com\/index.php\/2024\/05\/07\/despues-de-la-polemica-informan-que-el-centro-oncologico-quedara-en-el-mismo-lugar\/#primaryimage"},"image":{"@id":"https:\/\/apuntesdesanluis.com\/index.php\/2024\/05\/07\/despues-de-la-polemica-informan-que-el-centro-oncologico-quedara-en-el-mismo-lugar\/#primaryimage"},"thumbnailUrl":"https:\/\/apuntesdesanluis.com\/wp-content\/uploads\/2024\/05\/centro-oncologico.png","datePublished":"2024-05-07T03:32:00+00:00","breadcrumb":{"@id":"https:\/\/apuntesdesanluis.com\/index.php\/2024\/05\/07\/despues-de-la-polemica-informan-que-el-centro-oncologico-quedara-en-el-mismo-lugar\/#breadcrumb"},"inLanguage":"es-AR","potentialAction":[{"@type":"ReadAction","target":["https:\/\/apuntesdesanluis.com\/index.php\/2024\/05\/07\/despues-de-la-polemica-informan-que-el-centro-oncologico-quedara-en-el-mismo-lugar\/"]}]},{"@type":"ImageObject","inLanguage":"es-AR","@id":"https:\/\/apuntesdesanluis.com\/index.php\/2024\/05\/07\/despues-de-la-polemica-informan-que-el-centro-oncologico-quedara-en-el-mismo-lugar\/#primaryimage","url":"https:\/\/apuntesdesanluis.com\/wp-content\/uploads\/2024\/05\/centro-oncologico.png","contentUrl":"https:\/\/apuntesdesanluis.com\/wp-content\/uploads\/2024\/05\/centro-oncologico.png","width":673,"height":360},{"@type":"BreadcrumbList","@id":"https:\/\/apuntesdesanluis.com\/index.php\/2024\/05\/07\/despues-de-la-polemica-informan-que-el-centro-oncologico-quedara-en-el-mismo-lugar\/#breadcrumb","itemListElement":[{"@type":"ListItem","position":1,"name":"Inicio","item":"https:\/\/apuntesdesanluis.com\/"},{"@type":"ListItem","position":2,"name":"DESPU\u00c9S DE LA POL\u00c9MICA, INFORMAN QUE EL CENTRO ONCOL\u00d3GICO QUEDAR\u00c1 EN EL MISMO LUGAR"}]},{"@type":"WebSite","@id":"https:\/\/apuntesdesanluis.com\/#website","url":"https:\/\/apuntesdesanluis.com\/","name":"Apuntes de San Luis","description":"","publisher":{"@id":"https:\/\/apuntesdesanluis.com\/#\/schema\/person\/b55151d52296fcce64d1a72538a70b90"},"potentialAction":[{"@type":"SearchAction","target":{"@type":"EntryPoint","urlTemplate":"https:\/\/apuntesdesanluis.com\/?s={search_term_string}"},"query-input":{"@type":"PropertyValueSpecification","valueRequired":true,"valueName":"search_term_string"}}],"inLanguage":"es-AR"},{"@type":["Person","Organization"],"@id":"https:\/\/apuntesdesanluis.com\/#\/schema\/person\/b55151d52296fcce64d1a72538a70b90","name":"apuntesdesanluis.com","image":{"@type":"ImageObject","inLanguage":"es-AR","@id":"https:\/\/apuntesdesanluis.com\/#\/schema\/person\/image\/","url":"https:\/\/apuntesdesanluis.com\/wp-content\/uploads\/2023\/07\/cropped-apuntesdesanluis.png","contentUrl":"https:\/\/apuntesdesanluis.com\/wp-content\/uploads\/2023\/07\/cropped-apuntesdesanluis.png","width":450,"height":112,"caption":"apuntesdesanluis.com"},"logo":{"@id":"https:\/\/apuntesdesanluis.com\/#\/schema\/person\/image\/"},"sameAs":["https:\/\/apuntesdesanluis.com"],"url":"https:\/\/apuntesdesanluis.com\/index.php\/author\/apuntesdesanluis-com\/"}]}},"featured_image_urls":{"full":["https:\/\/apuntesdesanluis.com\/wp-content\/uploads\/2024\/05\/centro-oncologico.png",673,360,false],"thumbnail":["https:\/\/apuntesdesanluis.com\/wp-content\/uploads\/2024\/05\/centro-oncologico-150x150.png",150,150,true],"medium":["https:\/\/apuntesdesanluis.com\/wp-content\/uploads\/2024\/05\/centro-oncologico-300x160.png",300,160,true],"medium_large":["https:\/\/apuntesdesanluis.com\/wp-content\/uploads\/2024\/05\/centro-oncologico.png",640,342,false],"large":["https:\/\/apuntesdesanluis.com\/wp-content\/uploads\/2024\/05\/centro-oncologico.png",640,342,false],"1536x1536":["https:\/\/apuntesdesanluis.com\/wp-content\/uploads\/2024\/05\/centro-oncologico.png",673,360,false],"2048x2048":["https:\/\/apuntesdesanluis.com\/wp-content\/uploads\/2024\/05\/centro-oncologico.png",673,360,false],"newsever-slider-full":["https:\/\/apuntesdesanluis.com\/wp-content\/uploads\/2024\/05\/centro-oncologico.png",673,360,false],"newsever-featured":["https:\/\/apuntesdesanluis.com\/wp-content\/uploads\/2024\/05\/centro-oncologico.png",673,360,false],"newsever-medium":["https:\/\/apuntesdesanluis.com\/wp-content\/uploads\/2024\/05\/centro-oncologico.png",673,360,false]},"author_info":{"display_name":"apuntesdesanluis.com","author_link":"https:\/\/apuntesdesanluis.com\/index.php\/author\/apuntesdesanluis-com\/"},"category_info":"<a href=\"https:\/\/apuntesdesanluis.com\/index.php\/category\/ciudad-provincia\/\" rel=\"category tag\">Ciudad\/Provincia<\/a>","tag_info":"Ciudad\/Provincia","comment_count":"0","_links":{"self":[{"href":"https:\/\/apuntesdesanluis.com\/index.php\/wp-json\/wp\/v2\/posts\/15749","targetHints":{"allow":["GET"]}}],"collection":[{"href":"https:\/\/apuntesdesanluis.com\/index.php\/wp-json\/wp\/v2\/posts"}],"about":[{"href":"https:\/\/apuntesdesanluis.com\/index.php\/wp-json\/wp\/v2\/types\/post"}],"author":[{"embeddable":true,"href":"https:\/\/apuntesdesanluis.com\/index.php\/wp-json\/wp\/v2\/users\/1"}],"replies":[{"embeddable":true,"href":"https:\/\/apuntesdesanluis.com\/index.php\/wp-json\/wp\/v2\/comments?post=15749"}],"version-history":[{"count":1,"href":"https:\/\/apuntesdesanluis.com\/index.php\/wp-json\/wp\/v2\/posts\/15749\/revisions"}],"predecessor-version":[{"id":15751,"href":"https:\/\/apuntesdesanluis.com\/index.php\/wp-json\/wp\/v2\/posts\/15749\/revisions\/15751"}],"wp:featuredmedia":[{"embeddable":true,"href":"https:\/\/apuntesdesanluis.com\/index.php\/wp-json\/wp\/v2\/media\/15750"}],"wp:attachment":[{"href":"https:\/\/apuntesdesanluis.com\/index.php\/wp-json\/wp\/v2\/media?parent=15749"}],"wp:term":[{"taxonomy":"category","embeddable":true,"href":"https:\/\/apuntesdesanluis.com\/index.php\/wp-json\/wp\/v2\/categories?post=15749"},{"taxonomy":"post_tag","embeddable":true,"href":"https:\/\/apuntesdesanluis.com\/index.php\/wp-json\/wp\/v2\/tags?post=15749"}],"curies":[{"name":"wp","href":"https:\/\/api.w.org\/{rel}","templated":true}]}}