{"id":1576,"date":"2023-08-14T19:53:39","date_gmt":"2023-08-14T22:53:39","guid":{"rendered":"https:\/\/apuntesdesanluis.com\/?p=1576"},"modified":"2023-08-14T19:53:39","modified_gmt":"2023-08-14T22:53:39","slug":"designan-a-hector-flores-titular-de-comision-nacional-de-proyectos-de-desarrollo-tecnologico-y-social","status":"publish","type":"post","link":"https:\/\/apuntesdesanluis.com\/index.php\/2023\/08\/14\/designan-a-hector-flores-titular-de-comision-nacional-de-proyectos-de-desarrollo-tecnologico-y-social\/","title":{"rendered":"DESIGNAN A H\u00c9CTOR FLORES TITULAR DE COMISI\u00d3N NACIONAL DE PROYECTOS DE DESARROLLO TECNOL\u00d3GICO Y SOCIAL"},"content":{"rendered":"<h3>Recientemente, el vicerrector de la Universidad Nacional de San Luis (UNSL), Mgtr. <strong>H\u00e9ctor Flores<\/strong>, fue designado miembro titular de la <strong>Comisi\u00f3n de Acreditaci\u00f3n de Ciencias Sociales y Humanidades del Banco Nacional de Proyectos de Desarrollo Tecnol\u00f3gico y Social<\/strong> (PDTS). Entrevistado por Noticias UNSL, coment\u00f3 cu\u00e1les son los objetivos y expectativas de este nuevo desaf\u00edo y los antecedentes como representante en mesas de negociaci\u00f3n a nivel nacional e internacional.<\/h3>\n<h3>Adem\u00e1s de este cargo, Flores se desempe\u00f1a como Coordinador de proyectos especiales y cooperaci\u00f3n t\u00e9cnica de la Asociaci\u00f3n Iberoamericana en Materia Espacial y Director de Proyectos de Convocatorias del Programa de las Naciones Unidas para el Desarrollo en el Ministerio del Interior de la Naci\u00f3n.<\/h3>\n<h3><strong>\u00bfC\u00f3mo surgi\u00f3 su designaci\u00f3n como titular de la Comisi\u00f3n de Acreditaci\u00f3n de Ciencias Sociales y Humanidades?<\/strong><\/h3>\n<h3>Fue una grata sorpresa. Me lleg\u00f3 la comunicaci\u00f3n por email de parte de la Subsecretar\u00eda de Evaluaci\u00f3n Institucional del Ministerio de Ciencia, Tecnolog\u00eda e Innovaci\u00f3n Productiva. Fue una sorpresa desde lo personal y como docente e investigador de la Universidad. Tambi\u00e9n es un orgullo para la Instituci\u00f3n poder formar parte de este espacio, que se encarga de acreditar los proyectos de desarrollo tecnol\u00f3gico y social.<\/h3>\n<h3>Tendremos como Universidad Nacional de San Luis un espacio en esta Comisi\u00f3n nacional, que trabaja para enriquecer el Banco Nacional de este tipo de proyectos, que tienen caracter\u00edsticas especiales: son de corto plazo, nacen a partir de demandas concretas para resolver problemas de instituciones, de la gente, o del sector p\u00fablico o privado o por cuestiones estrat\u00e9gicas y regionales.<\/h3>\n<h3>Estos proyectos son los que como Universidad y a trav\u00e9s de la Secretar\u00eda de Vinculaci\u00f3n Tecnol\u00f3gica y Social (SVTS) siempre hemos tratado de apoyar, defender y acompa\u00f1ar en las distintas convocatorias. Los mismos tienen objetivos concretos financieros y f\u00edsicos, hay un adoptante atr\u00e1s, es decir, alguien que lo respalda, lo requiere o demanda.<\/h3>\n<h3><strong>\u00bfCu\u00e1les ser\u00e1n las actividades que desempe\u00f1ar\u00e1?<\/strong><\/h3>\n<h3>Las reuniones son tres (3) o cuatro (4) veces al a\u00f1o. En las mismas se eval\u00faan los distintos proyectos para que pasen a formar parte del Banco. Luego, tienen un adoptante, que es quien los financia. Espero poder aportar una visi\u00f3n sobre la posibilidad de desarrollo de la Provincia, la regi\u00f3n y el pa\u00eds. Espero llevar esos criterios, para poder decir que estos proyectos son estrat\u00e9gicos para encarar una econom\u00eda regional, por ejemplo, eso es lo rico de ser parte y sentarse en esa mesa.<\/h3>\n<h3><img fetchpriority=\"high\" decoding=\"async\" class=\"wp-image-1577 aligncenter\" src=\"https:\/\/apuntesdesanluis.com\/wp-content\/uploads\/2023\/08\/flores-con-martinez-300x155.png\" alt=\"\" width=\"852\" height=\"440\" srcset=\"https:\/\/apuntesdesanluis.com\/wp-content\/uploads\/2023\/08\/flores-con-martinez-300x155.png 300w, https:\/\/apuntesdesanluis.com\/wp-content\/uploads\/2023\/08\/flores-con-martinez-768x396.png 768w, https:\/\/apuntesdesanluis.com\/wp-content\/uploads\/2023\/08\/flores-con-martinez.png 1006w\" sizes=\"(max-width: 852px) 100vw, 852px\" \/><\/h3>\n<h3><strong>\u00bfCu\u00e1les son los desaf\u00edos por delante?<\/strong><\/h3>\n<h3>Me atraen mucho los desaf\u00edos, me movilizan. Si me han convocado por la trayectoria y los antecedentes entiendo que alguien ha visto en m\u00ed un potencial que puede aportar a esto.<\/h3>\n<h3>Pondremos lo mejor para que la UNSL quede bien representada y poder sumar a ese Banco la mayor cantidad de proyectos posibles que tengan que ver con cuestiones estrat\u00e9gicas o necesidades que se requieran en la Provincia.<\/h3>\n<h3>Como Vicerrector e integrante de esta Comisi\u00f3n, quiero destacar que la Universidad es una instituci\u00f3n que puede hacer un aporte importante y debe hacerlo a la comunidad en la que est\u00e1 inserta.<\/h3>\n<h3><strong>\u00bfEn qu\u00e9 enriquece esto a tu experiencia en la UNSL?<\/strong><\/h3>\n<h3>Soy un convencido de que todo tiene que ver con construcciones colectivas y tengo un dicho: \u00abCuando uno quiere ver o entender mejor algo, m\u00e1s que abrir los ojos hay que abrir los o\u00eddos\u00bb y esto implica escuchar. Es ponerse e intentar generar una empat\u00eda con otros. Si uno se sienta en una mesa y genera un mon\u00f3logo, no sirve de nada. Nosotros como Universidad necesitamos esto, es fundamental no solo como dirigentes, sino como docentes e investigadores.<\/h3>\n<h3>El mundo cambia muy r\u00e1pido, entonces poder definir un \u00e1rea de vacancia o estrat\u00e9gica implica poder conocer y tener una mirada m\u00e1s integral para decir: \u00absi esta carrera me dar\u00e1 el primer egresado dentro de siete (7) a\u00f1os, \u00bfc\u00f3mo va a ser la realidad en ese momento?\u00bb. Esto implica poder hacer una prospectiva de hacia d\u00f3nde va el mundo y la sociedad, porque sino formaremos profesionales que no tengan inserci\u00f3n laboral o que sean de disciplinas que no contribuyan a mejorar la calidad de vida de la gente o del pa\u00eds.<\/h3>\n<h3><strong>\u00bfCu\u00e1les son sus actividades en la Comisi\u00f3n de la Asociaci\u00f3n Iberoamericana en Materia Espacial?<\/strong><\/h3>\n<h3>La Comisi\u00f3n es una Asociaci\u00f3n sin fines de lucro, tiene un Secretario Ejecutivo y tres (3) grandes \u00e1reas. Tengo el honor como integrante de la UNSL de ser coordinador del \u00e1rea de proyectos especiales y cooperaci\u00f3n t\u00e9cnica. All\u00ed hacemos v\u00ednculos con el sector p\u00fablico y privado y trabajamos con organismos multilaterales que generalmente aportan el financiamiento.<\/h3>\n<h3>En ese espacio puedo llevar y plantear proyectos para conseguir financiamiento en organismos internacionales. Junto a esto, soy parte del Centro Interamericano de Cooperaci\u00f3n y Capacitaci\u00f3n (CICCAP), sede Montevideo. All\u00ed integro el Comit\u00e9 Ejecutivo y trabajo en el asesoramiento del desarrollo de pol\u00edticas p\u00fablicas.<\/h3>\n<h3><strong>\u00bfCu\u00e1l es la importancia de ser parte de estas mesas de decisi\u00f3n?<\/strong><\/h3>\n<h3>Fundamentalmente implica aprender, enriquecerse y llevar la mirada y puntos de vista que uno tiene como docente o como conducci\u00f3n de una universidad p\u00fablica y nacional sobre la visi\u00f3n en cuanto a determinadas tem\u00e1ticas. Hoy puedo sentarme en estas mesas para poder decir cu\u00e1les son las necesidades de la regi\u00f3n que visualizo en cuanto a cu\u00e1l podr\u00eda ser la utilidad de la informaci\u00f3n satelital para resolver problem\u00e1ticas puntuales o aquellas que tengan que ver con econom\u00edas regionales o cuestiones estrat\u00e9gicas.<\/h3>\n<h3>Aunque ya finaliz\u00f3, haber sido Coordinador nacional de un programa de naciones unidas que tiene que ver con el fortalecimiento de los estados provinciales me permiti\u00f3 conocer la situaci\u00f3n de las distintas provincias de la Argentina y entender la l\u00f3gica de por qu\u00e9 algunas cosas son como son y no como a veces uno piensa que deber\u00edan ser.<\/h3>\n<h3>Destaco tambi\u00e9n el trabajar y compartir con otros, porque en estos espacios uno siempre est\u00e1 sentado con otros profesionales y dirigentes. Entonces, lo que uno ve ah\u00ed son miradas o proyectos que desde determinados lugares se ven como estrat\u00e9gicos, y uno puede decir \u00abme parece que esto es o no es as\u00ed\u00bb. Adem\u00e1s es importante el aporte que uno puede hacer a trav\u00e9s de haberse formado como investigador, tener la posibilidad de llevar otras miradas y experiencias que uno ha tenido a estos debates, con el objetivo de aportar.<\/h3>\n<h3>Creo que ahora m\u00e1s que nunca necesitamos tener presencia en todos los espacios, porque se hace casi una obligaci\u00f3n moral y una necesidad t\u00e9cnica imprescindible poder escuchar todas las posiciones y entender por d\u00f3nde van los cambios y no tomar decisiones que nos lleven a un camino que no sea correcto.<\/h3>\n<p>&nbsp;<\/p>\n<p>&nbsp;<\/p>\n","protected":false},"excerpt":{"rendered":"<p>Recientemente, el vicerrector de la Universidad Nacional de San Luis (UNSL), Mgtr. H\u00e9ctor Flores, fue&#8230;<\/p>\n","protected":false},"author":1,"featured_media":1578,"comment_status":"closed","ping_status":"closed","sticky":false,"template":"","format":"standard","meta":{"footnotes":""},"categories":[6],"tags":[],"class_list":["post-1576","post","type-post","status-publish","format-standard","has-post-thumbnail","hentry","category-ciudad-provincia"],"yoast_head":"<!-- This site is optimized with the Yoast SEO plugin v26.1.1 - https:\/\/yoast.com\/wordpress\/plugins\/seo\/ -->\n<title>DESIGNAN A H\u00c9CTOR FLORES TITULAR DE COMISI\u00d3N NACIONAL DE PROYECTOS DE DESARROLLO TECNOL\u00d3GICO Y SOCIAL - Apuntes de San Luis<\/title>\n<meta name=\"robots\" content=\"index, follow, max-snippet:-1, max-image-preview:large, max-video-preview:-1\" \/>\n<link rel=\"canonical\" href=\"https:\/\/apuntesdesanluis.com\/index.php\/2023\/08\/14\/designan-a-hector-flores-titular-de-comision-nacional-de-proyectos-de-desarrollo-tecnologico-y-social\/\" \/>\n<meta property=\"og:locale\" content=\"es_ES\" \/>\n<meta property=\"og:type\" content=\"article\" \/>\n<meta property=\"og:title\" content=\"DESIGNAN A H\u00c9CTOR FLORES TITULAR DE COMISI\u00d3N NACIONAL DE PROYECTOS DE DESARROLLO TECNOL\u00d3GICO Y SOCIAL - Apuntes de San Luis\" \/>\n<meta property=\"og:description\" content=\"Recientemente, el vicerrector de la Universidad Nacional de San Luis (UNSL), Mgtr. H\u00e9ctor Flores, fue...\" \/>\n<meta property=\"og:url\" content=\"https:\/\/apuntesdesanluis.com\/index.php\/2023\/08\/14\/designan-a-hector-flores-titular-de-comision-nacional-de-proyectos-de-desarrollo-tecnologico-y-social\/\" \/>\n<meta property=\"og:site_name\" content=\"Apuntes de San Luis\" \/>\n<meta property=\"article:published_time\" content=\"2023-08-14T22:53:39+00:00\" \/>\n<meta property=\"og:image\" content=\"https:\/\/apuntesdesanluis.com\/wp-content\/uploads\/2023\/08\/hector-flores.png\" \/>\n\t<meta property=\"og:image:width\" content=\"997\" \/>\n\t<meta property=\"og:image:height\" content=\"595\" \/>\n\t<meta property=\"og:image:type\" content=\"image\/png\" \/>\n<meta name=\"author\" content=\"apuntesdesanluis.com\" \/>\n<meta name=\"twitter:card\" content=\"summary_large_image\" \/>\n<meta name=\"twitter:label1\" content=\"Escrito por\" \/>\n\t<meta name=\"twitter:data1\" content=\"apuntesdesanluis.com\" \/>\n\t<meta name=\"twitter:label2\" content=\"Tiempo de lectura\" \/>\n\t<meta name=\"twitter:data2\" content=\"6 minutos\" \/>\n<script type=\"application\/ld+json\" class=\"yoast-schema-graph\">{\"@context\":\"https:\/\/schema.org\",\"@graph\":[{\"@type\":\"Article\",\"@id\":\"https:\/\/apuntesdesanluis.com\/index.php\/2023\/08\/14\/designan-a-hector-flores-titular-de-comision-nacional-de-proyectos-de-desarrollo-tecnologico-y-social\/#article\",\"isPartOf\":{\"@id\":\"https:\/\/apuntesdesanluis.com\/index.php\/2023\/08\/14\/designan-a-hector-flores-titular-de-comision-nacional-de-proyectos-de-desarrollo-tecnologico-y-social\/\"},\"author\":{\"name\":\"apuntesdesanluis.com\",\"@id\":\"https:\/\/apuntesdesanluis.com\/#\/schema\/person\/b55151d52296fcce64d1a72538a70b90\"},\"headline\":\"DESIGNAN A H\u00c9CTOR FLORES TITULAR DE COMISI\u00d3N NACIONAL DE PROYECTOS DE DESARROLLO TECNOL\u00d3GICO Y SOCIAL\",\"datePublished\":\"2023-08-14T22:53:39+00:00\",\"mainEntityOfPage\":{\"@id\":\"https:\/\/apuntesdesanluis.com\/index.php\/2023\/08\/14\/designan-a-hector-flores-titular-de-comision-nacional-de-proyectos-de-desarrollo-tecnologico-y-social\/\"},\"wordCount\":1204,\"publisher\":{\"@id\":\"https:\/\/apuntesdesanluis.com\/#\/schema\/person\/b55151d52296fcce64d1a72538a70b90\"},\"image\":{\"@id\":\"https:\/\/apuntesdesanluis.com\/index.php\/2023\/08\/14\/designan-a-hector-flores-titular-de-comision-nacional-de-proyectos-de-desarrollo-tecnologico-y-social\/#primaryimage\"},\"thumbnailUrl\":\"https:\/\/apuntesdesanluis.com\/wp-content\/uploads\/2023\/08\/hector-flores.png\",\"articleSection\":[\"Ciudad\/Provincia\"],\"inLanguage\":\"es-AR\"},{\"@type\":\"WebPage\",\"@id\":\"https:\/\/apuntesdesanluis.com\/index.php\/2023\/08\/14\/designan-a-hector-flores-titular-de-comision-nacional-de-proyectos-de-desarrollo-tecnologico-y-social\/\",\"url\":\"https:\/\/apuntesdesanluis.com\/index.php\/2023\/08\/14\/designan-a-hector-flores-titular-de-comision-nacional-de-proyectos-de-desarrollo-tecnologico-y-social\/\",\"name\":\"DESIGNAN A H\u00c9CTOR FLORES TITULAR DE COMISI\u00d3N NACIONAL DE PROYECTOS DE DESARROLLO TECNOL\u00d3GICO Y SOCIAL - Apuntes de San Luis\",\"isPartOf\":{\"@id\":\"https:\/\/apuntesdesanluis.com\/#website\"},\"primaryImageOfPage\":{\"@id\":\"https:\/\/apuntesdesanluis.com\/index.php\/2023\/08\/14\/designan-a-hector-flores-titular-de-comision-nacional-de-proyectos-de-desarrollo-tecnologico-y-social\/#primaryimage\"},\"image\":{\"@id\":\"https:\/\/apuntesdesanluis.com\/index.php\/2023\/08\/14\/designan-a-hector-flores-titular-de-comision-nacional-de-proyectos-de-desarrollo-tecnologico-y-social\/#primaryimage\"},\"thumbnailUrl\":\"https:\/\/apuntesdesanluis.com\/wp-content\/uploads\/2023\/08\/hector-flores.png\",\"datePublished\":\"2023-08-14T22:53:39+00:00\",\"breadcrumb\":{\"@id\":\"https:\/\/apuntesdesanluis.com\/index.php\/2023\/08\/14\/designan-a-hector-flores-titular-de-comision-nacional-de-proyectos-de-desarrollo-tecnologico-y-social\/#breadcrumb\"},\"inLanguage\":\"es-AR\",\"potentialAction\":[{\"@type\":\"ReadAction\",\"target\":[\"https:\/\/apuntesdesanluis.com\/index.php\/2023\/08\/14\/designan-a-hector-flores-titular-de-comision-nacional-de-proyectos-de-desarrollo-tecnologico-y-social\/\"]}]},{\"@type\":\"ImageObject\",\"inLanguage\":\"es-AR\",\"@id\":\"https:\/\/apuntesdesanluis.com\/index.php\/2023\/08\/14\/designan-a-hector-flores-titular-de-comision-nacional-de-proyectos-de-desarrollo-tecnologico-y-social\/#primaryimage\",\"url\":\"https:\/\/apuntesdesanluis.com\/wp-content\/uploads\/2023\/08\/hector-flores.png\",\"contentUrl\":\"https:\/\/apuntesdesanluis.com\/wp-content\/uploads\/2023\/08\/hector-flores.png\",\"width\":997,\"height\":595},{\"@type\":\"BreadcrumbList\",\"@id\":\"https:\/\/apuntesdesanluis.com\/index.php\/2023\/08\/14\/designan-a-hector-flores-titular-de-comision-nacional-de-proyectos-de-desarrollo-tecnologico-y-social\/#breadcrumb\",\"itemListElement\":[{\"@type\":\"ListItem\",\"position\":1,\"name\":\"Inicio\",\"item\":\"https:\/\/apuntesdesanluis.com\/\"},{\"@type\":\"ListItem\",\"position\":2,\"name\":\"DESIGNAN A H\u00c9CTOR FLORES TITULAR DE COMISI\u00d3N NACIONAL DE PROYECTOS DE DESARROLLO TECNOL\u00d3GICO Y SOCIAL\"}]},{\"@type\":\"WebSite\",\"@id\":\"https:\/\/apuntesdesanluis.com\/#website\",\"url\":\"https:\/\/apuntesdesanluis.com\/\",\"name\":\"Apuntes de San Luis\",\"description\":\"\",\"publisher\":{\"@id\":\"https:\/\/apuntesdesanluis.com\/#\/schema\/person\/b55151d52296fcce64d1a72538a70b90\"},\"potentialAction\":[{\"@type\":\"SearchAction\",\"target\":{\"@type\":\"EntryPoint\",\"urlTemplate\":\"https:\/\/apuntesdesanluis.com\/?s={search_term_string}\"},\"query-input\":{\"@type\":\"PropertyValueSpecification\",\"valueRequired\":true,\"valueName\":\"search_term_string\"}}],\"inLanguage\":\"es-AR\"},{\"@type\":[\"Person\",\"Organization\"],\"@id\":\"https:\/\/apuntesdesanluis.com\/#\/schema\/person\/b55151d52296fcce64d1a72538a70b90\",\"name\":\"apuntesdesanluis.com\",\"image\":{\"@type\":\"ImageObject\",\"inLanguage\":\"es-AR\",\"@id\":\"https:\/\/apuntesdesanluis.com\/#\/schema\/person\/image\/\",\"url\":\"https:\/\/apuntesdesanluis.com\/wp-content\/uploads\/2023\/07\/cropped-apuntesdesanluis.png\",\"contentUrl\":\"https:\/\/apuntesdesanluis.com\/wp-content\/uploads\/2023\/07\/cropped-apuntesdesanluis.png\",\"width\":450,\"height\":112,\"caption\":\"apuntesdesanluis.com\"},\"logo\":{\"@id\":\"https:\/\/apuntesdesanluis.com\/#\/schema\/person\/image\/\"},\"sameAs\":[\"https:\/\/apuntesdesanluis.com\"],\"url\":\"https:\/\/apuntesdesanluis.com\/index.php\/author\/apuntesdesanluis-com\/\"}]}<\/script>\n<!-- \/ Yoast SEO plugin. -->","yoast_head_json":{"title":"DESIGNAN A H\u00c9CTOR FLORES TITULAR DE COMISI\u00d3N NACIONAL DE PROYECTOS DE DESARROLLO TECNOL\u00d3GICO Y SOCIAL - Apuntes de San Luis","robots":{"index":"index","follow":"follow","max-snippet":"max-snippet:-1","max-image-preview":"max-image-preview:large","max-video-preview":"max-video-preview:-1"},"canonical":"https:\/\/apuntesdesanluis.com\/index.php\/2023\/08\/14\/designan-a-hector-flores-titular-de-comision-nacional-de-proyectos-de-desarrollo-tecnologico-y-social\/","og_locale":"es_ES","og_type":"article","og_title":"DESIGNAN A H\u00c9CTOR FLORES TITULAR DE COMISI\u00d3N NACIONAL DE PROYECTOS DE DESARROLLO TECNOL\u00d3GICO Y SOCIAL - Apuntes de San Luis","og_description":"Recientemente, el vicerrector de la Universidad Nacional de San Luis (UNSL), Mgtr. H\u00e9ctor Flores, fue...","og_url":"https:\/\/apuntesdesanluis.com\/index.php\/2023\/08\/14\/designan-a-hector-flores-titular-de-comision-nacional-de-proyectos-de-desarrollo-tecnologico-y-social\/","og_site_name":"Apuntes de San Luis","article_published_time":"2023-08-14T22:53:39+00:00","og_image":[{"width":997,"height":595,"url":"https:\/\/apuntesdesanluis.com\/wp-content\/uploads\/2023\/08\/hector-flores.png","type":"image\/png"}],"author":"apuntesdesanluis.com","twitter_card":"summary_large_image","twitter_misc":{"Escrito por":"apuntesdesanluis.com","Tiempo de lectura":"6 minutos"},"schema":{"@context":"https:\/\/schema.org","@graph":[{"@type":"Article","@id":"https:\/\/apuntesdesanluis.com\/index.php\/2023\/08\/14\/designan-a-hector-flores-titular-de-comision-nacional-de-proyectos-de-desarrollo-tecnologico-y-social\/#article","isPartOf":{"@id":"https:\/\/apuntesdesanluis.com\/index.php\/2023\/08\/14\/designan-a-hector-flores-titular-de-comision-nacional-de-proyectos-de-desarrollo-tecnologico-y-social\/"},"author":{"name":"apuntesdesanluis.com","@id":"https:\/\/apuntesdesanluis.com\/#\/schema\/person\/b55151d52296fcce64d1a72538a70b90"},"headline":"DESIGNAN A H\u00c9CTOR FLORES TITULAR DE COMISI\u00d3N NACIONAL DE PROYECTOS DE DESARROLLO TECNOL\u00d3GICO Y SOCIAL","datePublished":"2023-08-14T22:53:39+00:00","mainEntityOfPage":{"@id":"https:\/\/apuntesdesanluis.com\/index.php\/2023\/08\/14\/designan-a-hector-flores-titular-de-comision-nacional-de-proyectos-de-desarrollo-tecnologico-y-social\/"},"wordCount":1204,"publisher":{"@id":"https:\/\/apuntesdesanluis.com\/#\/schema\/person\/b55151d52296fcce64d1a72538a70b90"},"image":{"@id":"https:\/\/apuntesdesanluis.com\/index.php\/2023\/08\/14\/designan-a-hector-flores-titular-de-comision-nacional-de-proyectos-de-desarrollo-tecnologico-y-social\/#primaryimage"},"thumbnailUrl":"https:\/\/apuntesdesanluis.com\/wp-content\/uploads\/2023\/08\/hector-flores.png","articleSection":["Ciudad\/Provincia"],"inLanguage":"es-AR"},{"@type":"WebPage","@id":"https:\/\/apuntesdesanluis.com\/index.php\/2023\/08\/14\/designan-a-hector-flores-titular-de-comision-nacional-de-proyectos-de-desarrollo-tecnologico-y-social\/","url":"https:\/\/apuntesdesanluis.com\/index.php\/2023\/08\/14\/designan-a-hector-flores-titular-de-comision-nacional-de-proyectos-de-desarrollo-tecnologico-y-social\/","name":"DESIGNAN A H\u00c9CTOR FLORES TITULAR DE COMISI\u00d3N NACIONAL DE PROYECTOS DE DESARROLLO TECNOL\u00d3GICO Y SOCIAL - Apuntes de San Luis","isPartOf":{"@id":"https:\/\/apuntesdesanluis.com\/#website"},"primaryImageOfPage":{"@id":"https:\/\/apuntesdesanluis.com\/index.php\/2023\/08\/14\/designan-a-hector-flores-titular-de-comision-nacional-de-proyectos-de-desarrollo-tecnologico-y-social\/#primaryimage"},"image":{"@id":"https:\/\/apuntesdesanluis.com\/index.php\/2023\/08\/14\/designan-a-hector-flores-titular-de-comision-nacional-de-proyectos-de-desarrollo-tecnologico-y-social\/#primaryimage"},"thumbnailUrl":"https:\/\/apuntesdesanluis.com\/wp-content\/uploads\/2023\/08\/hector-flores.png","datePublished":"2023-08-14T22:53:39+00:00","breadcrumb":{"@id":"https:\/\/apuntesdesanluis.com\/index.php\/2023\/08\/14\/designan-a-hector-flores-titular-de-comision-nacional-de-proyectos-de-desarrollo-tecnologico-y-social\/#breadcrumb"},"inLanguage":"es-AR","potentialAction":[{"@type":"ReadAction","target":["https:\/\/apuntesdesanluis.com\/index.php\/2023\/08\/14\/designan-a-hector-flores-titular-de-comision-nacional-de-proyectos-de-desarrollo-tecnologico-y-social\/"]}]},{"@type":"ImageObject","inLanguage":"es-AR","@id":"https:\/\/apuntesdesanluis.com\/index.php\/2023\/08\/14\/designan-a-hector-flores-titular-de-comision-nacional-de-proyectos-de-desarrollo-tecnologico-y-social\/#primaryimage","url":"https:\/\/apuntesdesanluis.com\/wp-content\/uploads\/2023\/08\/hector-flores.png","contentUrl":"https:\/\/apuntesdesanluis.com\/wp-content\/uploads\/2023\/08\/hector-flores.png","width":997,"height":595},{"@type":"BreadcrumbList","@id":"https:\/\/apuntesdesanluis.com\/index.php\/2023\/08\/14\/designan-a-hector-flores-titular-de-comision-nacional-de-proyectos-de-desarrollo-tecnologico-y-social\/#breadcrumb","itemListElement":[{"@type":"ListItem","position":1,"name":"Inicio","item":"https:\/\/apuntesdesanluis.com\/"},{"@type":"ListItem","position":2,"name":"DESIGNAN A H\u00c9CTOR FLORES TITULAR DE COMISI\u00d3N NACIONAL DE PROYECTOS DE DESARROLLO TECNOL\u00d3GICO Y SOCIAL"}]},{"@type":"WebSite","@id":"https:\/\/apuntesdesanluis.com\/#website","url":"https:\/\/apuntesdesanluis.com\/","name":"Apuntes de San Luis","description":"","publisher":{"@id":"https:\/\/apuntesdesanluis.com\/#\/schema\/person\/b55151d52296fcce64d1a72538a70b90"},"potentialAction":[{"@type":"SearchAction","target":{"@type":"EntryPoint","urlTemplate":"https:\/\/apuntesdesanluis.com\/?s={search_term_string}"},"query-input":{"@type":"PropertyValueSpecification","valueRequired":true,"valueName":"search_term_string"}}],"inLanguage":"es-AR"},{"@type":["Person","Organization"],"@id":"https:\/\/apuntesdesanluis.com\/#\/schema\/person\/b55151d52296fcce64d1a72538a70b90","name":"apuntesdesanluis.com","image":{"@type":"ImageObject","inLanguage":"es-AR","@id":"https:\/\/apuntesdesanluis.com\/#\/schema\/person\/image\/","url":"https:\/\/apuntesdesanluis.com\/wp-content\/uploads\/2023\/07\/cropped-apuntesdesanluis.png","contentUrl":"https:\/\/apuntesdesanluis.com\/wp-content\/uploads\/2023\/07\/cropped-apuntesdesanluis.png","width":450,"height":112,"caption":"apuntesdesanluis.com"},"logo":{"@id":"https:\/\/apuntesdesanluis.com\/#\/schema\/person\/image\/"},"sameAs":["https:\/\/apuntesdesanluis.com"],"url":"https:\/\/apuntesdesanluis.com\/index.php\/author\/apuntesdesanluis-com\/"}]}},"featured_image_urls":{"full":["https:\/\/apuntesdesanluis.com\/wp-content\/uploads\/2023\/08\/hector-flores.png",997,595,false],"thumbnail":["https:\/\/apuntesdesanluis.com\/wp-content\/uploads\/2023\/08\/hector-flores-150x150.png",150,150,true],"medium":["https:\/\/apuntesdesanluis.com\/wp-content\/uploads\/2023\/08\/hector-flores-300x179.png",300,179,true],"medium_large":["https:\/\/apuntesdesanluis.com\/wp-content\/uploads\/2023\/08\/hector-flores-768x458.png",640,382,true],"large":["https:\/\/apuntesdesanluis.com\/wp-content\/uploads\/2023\/08\/hector-flores.png",640,382,false],"1536x1536":["https:\/\/apuntesdesanluis.com\/wp-content\/uploads\/2023\/08\/hector-flores.png",997,595,false],"2048x2048":["https:\/\/apuntesdesanluis.com\/wp-content\/uploads\/2023\/08\/hector-flores.png",997,595,false],"newsever-slider-full":["https:\/\/apuntesdesanluis.com\/wp-content\/uploads\/2023\/08\/hector-flores.png",997,595,false],"newsever-featured":["https:\/\/apuntesdesanluis.com\/wp-content\/uploads\/2023\/08\/hector-flores.png",997,595,false],"newsever-medium":["https:\/\/apuntesdesanluis.com\/wp-content\/uploads\/2023\/08\/hector-flores-720x475.png",720,475,true]},"author_info":{"display_name":"apuntesdesanluis.com","author_link":"https:\/\/apuntesdesanluis.com\/index.php\/author\/apuntesdesanluis-com\/"},"category_info":"<a href=\"https:\/\/apuntesdesanluis.com\/index.php\/category\/ciudad-provincia\/\" rel=\"category tag\">Ciudad\/Provincia<\/a>","tag_info":"Ciudad\/Provincia","comment_count":"0","_links":{"self":[{"href":"https:\/\/apuntesdesanluis.com\/index.php\/wp-json\/wp\/v2\/posts\/1576","targetHints":{"allow":["GET"]}}],"collection":[{"href":"https:\/\/apuntesdesanluis.com\/index.php\/wp-json\/wp\/v2\/posts"}],"about":[{"href":"https:\/\/apuntesdesanluis.com\/index.php\/wp-json\/wp\/v2\/types\/post"}],"author":[{"embeddable":true,"href":"https:\/\/apuntesdesanluis.com\/index.php\/wp-json\/wp\/v2\/users\/1"}],"replies":[{"embeddable":true,"href":"https:\/\/apuntesdesanluis.com\/index.php\/wp-json\/wp\/v2\/comments?post=1576"}],"version-history":[{"count":1,"href":"https:\/\/apuntesdesanluis.com\/index.php\/wp-json\/wp\/v2\/posts\/1576\/revisions"}],"predecessor-version":[{"id":1579,"href":"https:\/\/apuntesdesanluis.com\/index.php\/wp-json\/wp\/v2\/posts\/1576\/revisions\/1579"}],"wp:featuredmedia":[{"embeddable":true,"href":"https:\/\/apuntesdesanluis.com\/index.php\/wp-json\/wp\/v2\/media\/1578"}],"wp:attachment":[{"href":"https:\/\/apuntesdesanluis.com\/index.php\/wp-json\/wp\/v2\/media?parent=1576"}],"wp:term":[{"taxonomy":"category","embeddable":true,"href":"https:\/\/apuntesdesanluis.com\/index.php\/wp-json\/wp\/v2\/categories?post=1576"},{"taxonomy":"post_tag","embeddable":true,"href":"https:\/\/apuntesdesanluis.com\/index.php\/wp-json\/wp\/v2\/tags?post=1576"}],"curies":[{"name":"wp","href":"https:\/\/api.w.org\/{rel}","templated":true}]}}