{"id":15763,"date":"2024-05-07T21:02:43","date_gmt":"2024-05-08T00:02:43","guid":{"rendered":"https:\/\/apuntesdesanluis.com\/?p=15763"},"modified":"2024-05-07T21:50:00","modified_gmt":"2024-05-08T00:50:00","slug":"sobre-el-paro-del-9-tomar-conciencia-que-esto-es-en-defensa-propia","status":"publish","type":"post","link":"https:\/\/apuntesdesanluis.com\/index.php\/2024\/05\/07\/sobre-el-paro-del-9-tomar-conciencia-que-esto-es-en-defensa-propia\/","title":{"rendered":"SOBRE EL PARO DEL 9: \u201cTOMAR CONCIENCIA QUE ESTO ES EN DEFENSA PROPIA\u201d"},"content":{"rendered":"<h3>El Secretario General de ATSA, <strong>An\u00edbal G\u00f3mez<\/strong>, consider\u00f3 en referencia al paro general dispuesto por la CGT para este jueves 9, que \u201clos trabajadores deben tomar conciencia que lo que est\u00e1 en juego no es s\u00f3lo una cuesti\u00f3n salarial, sino todos los derechos que nos asisten como trabajadores, y que est\u00e1n contemplados en los convenios colectivos de trabajo\u201d.<\/h3>\n<h3>El dirigente gremial, uno de los secretarios generales de la CGT Regional Villa Mercedes, explic\u00f3 que con la media sanci\u00f3n de la Ley Bases el gobierno \u201cha avanzado sobre indudables conquistas, como son la estabilidad laboral, las indemnizaciones que alientan el despido y ahora el retorno del impuesto al salario, mal llamado ganancias, entre otras. Todo esto con la complicidad de legisladores que responden a gobernantes a los que se extorsiona con la billetera\u201d.<\/h3>\n<h3><img fetchpriority=\"high\" decoding=\"async\" class=\"wp-image-15765 aligncenter\" src=\"https:\/\/apuntesdesanluis.com\/wp-content\/uploads\/2024\/05\/A.-gomez-atsa-289x300.jpg\" alt=\"\" width=\"563\" height=\"584\" srcset=\"https:\/\/apuntesdesanluis.com\/wp-content\/uploads\/2024\/05\/A.-gomez-atsa-289x300.jpg 289w, https:\/\/apuntesdesanluis.com\/wp-content\/uploads\/2024\/05\/A.-gomez-atsa.jpg 600w\" sizes=\"(max-width: 563px) 100vw, 563px\" \/><\/h3>\n<h3>\u201cPero vemos que esto es apenas el primer paso. El apriete hacia trabajadores y jubilados empez\u00f3 antes, con la brutal devaluaci\u00f3n, el aumento de combustibles y tarifas, salarios congelados y desconocimiento de acuerdos paritarios, adem\u00e1s de miles de despidos en todo el pa\u00eds y desfinanciamiento de la educaci\u00f3n y la salud\u201d.<\/h3>\n<h3>An\u00edbal G\u00f3mez evalu\u00f3 que \u201cestas medidas han aumentado la pobreza hasta niveles dram\u00e1ticos, mientras se sigue afirmando que el ajuste recae sobre la casta, lo cual no es m\u00e1s que una burda mentira\u201d.<\/h3>\n<h3>A\u00f1adi\u00f3 que \u201cson los gremios los que van siempre al frente para defender los derechos. Es el gremio el \u00e1mbito de contenci\u00f3n que encuentra el trabajador cuando lo despiden, o cuando necesita atenci\u00f3n m\u00e9dica, o como en nuestro caso, ATSA, desea capacitarse para progresar.\u00a0 Eso casi nunca se lo escucho reconocer a buena parte del periodismo que le hace el caldo gordo a los sectores pol\u00edticos y empresarios, que juegan permanentemente al ajuste y a la quita de derechos para aumentar sus ganancias\u201d, enfatiz\u00f3.<\/h3>\n<p><img decoding=\"async\" class=\"wp-image-15766 aligncenter\" src=\"https:\/\/apuntesdesanluis.com\/wp-content\/uploads\/2024\/05\/agomez-paro-atsa-296x300.jpg\" alt=\"\" width=\"617\" height=\"625\" srcset=\"https:\/\/apuntesdesanluis.com\/wp-content\/uploads\/2024\/05\/agomez-paro-atsa-296x300.jpg 296w, https:\/\/apuntesdesanluis.com\/wp-content\/uploads\/2024\/05\/agomez-paro-atsa.jpg 551w\" sizes=\"(max-width: 617px) 100vw, 617px\" \/><\/p>\n<h3>Por \u00faltimo, exhort\u00f3 a los trabajadores \u201ca que entiendan que este paro es en defensa propia, para hacer escuchar nuestra voz y nuestra lucha. Para resistir al ataque que sufrimos en nuestros convenios colectivos de trabajo, que son el \u00fanico y \u00faltimo reaseguro que nos queda como laburantes. Hoy debemos estar m\u00e1s unidos que nunca, tener eso claro, que solo la solidaridad y la lucha pueden evitar o al menos poner un freno a los atropellos del poder\u201d.<\/h3>\n<h3>El gremio de la sanidad comunic\u00f3 que adherir\u00e1 al paro general de este jueves, cumpliendo con las guardias m\u00ednimas.<\/h3>\n<p>&nbsp;<\/p>\n<p>&nbsp;<\/p>\n<p>&nbsp;<\/p>\n","protected":false},"excerpt":{"rendered":"<p>El Secretario General de ATSA, An\u00edbal G\u00f3mez, consider\u00f3 en referencia al paro general dispuesto por&#8230;<\/p>\n","protected":false},"author":1,"featured_media":15764,"comment_status":"closed","ping_status":"closed","sticky":false,"template":"","format":"standard","meta":{"footnotes":""},"categories":[6],"tags":[],"class_list":["post-15763","post","type-post","status-publish","format-standard","has-post-thumbnail","hentry","category-ciudad-provincia"],"yoast_head":"<!-- This site is optimized with the Yoast SEO plugin v26.1.1 - https:\/\/yoast.com\/wordpress\/plugins\/seo\/ -->\n<title>SOBRE EL PARO DEL 9: \u201cTOMAR CONCIENCIA QUE ESTO ES EN DEFENSA PROPIA\u201d - Apuntes de San Luis<\/title>\n<meta name=\"robots\" content=\"index, follow, max-snippet:-1, max-image-preview:large, max-video-preview:-1\" \/>\n<link rel=\"canonical\" href=\"https:\/\/apuntesdesanluis.com\/index.php\/2024\/05\/07\/sobre-el-paro-del-9-tomar-conciencia-que-esto-es-en-defensa-propia\/\" \/>\n<meta property=\"og:locale\" content=\"es_ES\" \/>\n<meta property=\"og:type\" content=\"article\" \/>\n<meta property=\"og:title\" content=\"SOBRE EL PARO DEL 9: \u201cTOMAR CONCIENCIA QUE ESTO ES EN DEFENSA PROPIA\u201d - Apuntes de San Luis\" \/>\n<meta property=\"og:description\" content=\"El Secretario General de ATSA, An\u00edbal G\u00f3mez, consider\u00f3 en referencia al paro general dispuesto por...\" \/>\n<meta property=\"og:url\" content=\"https:\/\/apuntesdesanluis.com\/index.php\/2024\/05\/07\/sobre-el-paro-del-9-tomar-conciencia-que-esto-es-en-defensa-propia\/\" \/>\n<meta property=\"og:site_name\" content=\"Apuntes de San Luis\" \/>\n<meta property=\"article:published_time\" content=\"2024-05-08T00:02:43+00:00\" \/>\n<meta property=\"article:modified_time\" content=\"2024-05-08T00:50:00+00:00\" \/>\n<meta property=\"og:image\" content=\"https:\/\/apuntesdesanluis.com\/wp-content\/uploads\/2024\/05\/Imagen-de-WhatsApp-2024-05-07-a-las-18.38.59_02e4d82c.jpg\" \/>\n\t<meta property=\"og:image:width\" content=\"600\" \/>\n\t<meta property=\"og:image:height\" content=\"350\" \/>\n\t<meta property=\"og:image:type\" content=\"image\/jpeg\" \/>\n<meta name=\"author\" content=\"apuntesdesanluis.com\" \/>\n<meta name=\"twitter:card\" content=\"summary_large_image\" \/>\n<meta name=\"twitter:label1\" content=\"Escrito por\" \/>\n\t<meta name=\"twitter:data1\" content=\"apuntesdesanluis.com\" \/>\n\t<meta name=\"twitter:label2\" content=\"Tiempo de lectura\" \/>\n\t<meta name=\"twitter:data2\" content=\"3 minutos\" \/>\n<script type=\"application\/ld+json\" class=\"yoast-schema-graph\">{\"@context\":\"https:\/\/schema.org\",\"@graph\":[{\"@type\":\"Article\",\"@id\":\"https:\/\/apuntesdesanluis.com\/index.php\/2024\/05\/07\/sobre-el-paro-del-9-tomar-conciencia-que-esto-es-en-defensa-propia\/#article\",\"isPartOf\":{\"@id\":\"https:\/\/apuntesdesanluis.com\/index.php\/2024\/05\/07\/sobre-el-paro-del-9-tomar-conciencia-que-esto-es-en-defensa-propia\/\"},\"author\":{\"name\":\"apuntesdesanluis.com\",\"@id\":\"https:\/\/apuntesdesanluis.com\/#\/schema\/person\/b55151d52296fcce64d1a72538a70b90\"},\"headline\":\"SOBRE EL PARO DEL 9: \u201cTOMAR CONCIENCIA QUE ESTO ES EN DEFENSA PROPIA\u201d\",\"datePublished\":\"2024-05-08T00:02:43+00:00\",\"dateModified\":\"2024-05-08T00:50:00+00:00\",\"mainEntityOfPage\":{\"@id\":\"https:\/\/apuntesdesanluis.com\/index.php\/2024\/05\/07\/sobre-el-paro-del-9-tomar-conciencia-que-esto-es-en-defensa-propia\/\"},\"wordCount\":432,\"publisher\":{\"@id\":\"https:\/\/apuntesdesanluis.com\/#\/schema\/person\/b55151d52296fcce64d1a72538a70b90\"},\"image\":{\"@id\":\"https:\/\/apuntesdesanluis.com\/index.php\/2024\/05\/07\/sobre-el-paro-del-9-tomar-conciencia-que-esto-es-en-defensa-propia\/#primaryimage\"},\"thumbnailUrl\":\"https:\/\/apuntesdesanluis.com\/wp-content\/uploads\/2024\/05\/Imagen-de-WhatsApp-2024-05-07-a-las-18.38.59_02e4d82c.jpg\",\"articleSection\":[\"Ciudad\/Provincia\"],\"inLanguage\":\"es-AR\"},{\"@type\":\"WebPage\",\"@id\":\"https:\/\/apuntesdesanluis.com\/index.php\/2024\/05\/07\/sobre-el-paro-del-9-tomar-conciencia-que-esto-es-en-defensa-propia\/\",\"url\":\"https:\/\/apuntesdesanluis.com\/index.php\/2024\/05\/07\/sobre-el-paro-del-9-tomar-conciencia-que-esto-es-en-defensa-propia\/\",\"name\":\"SOBRE EL PARO DEL 9: \u201cTOMAR CONCIENCIA QUE ESTO ES EN DEFENSA PROPIA\u201d - Apuntes de San Luis\",\"isPartOf\":{\"@id\":\"https:\/\/apuntesdesanluis.com\/#website\"},\"primaryImageOfPage\":{\"@id\":\"https:\/\/apuntesdesanluis.com\/index.php\/2024\/05\/07\/sobre-el-paro-del-9-tomar-conciencia-que-esto-es-en-defensa-propia\/#primaryimage\"},\"image\":{\"@id\":\"https:\/\/apuntesdesanluis.com\/index.php\/2024\/05\/07\/sobre-el-paro-del-9-tomar-conciencia-que-esto-es-en-defensa-propia\/#primaryimage\"},\"thumbnailUrl\":\"https:\/\/apuntesdesanluis.com\/wp-content\/uploads\/2024\/05\/Imagen-de-WhatsApp-2024-05-07-a-las-18.38.59_02e4d82c.jpg\",\"datePublished\":\"2024-05-08T00:02:43+00:00\",\"dateModified\":\"2024-05-08T00:50:00+00:00\",\"breadcrumb\":{\"@id\":\"https:\/\/apuntesdesanluis.com\/index.php\/2024\/05\/07\/sobre-el-paro-del-9-tomar-conciencia-que-esto-es-en-defensa-propia\/#breadcrumb\"},\"inLanguage\":\"es-AR\",\"potentialAction\":[{\"@type\":\"ReadAction\",\"target\":[\"https:\/\/apuntesdesanluis.com\/index.php\/2024\/05\/07\/sobre-el-paro-del-9-tomar-conciencia-que-esto-es-en-defensa-propia\/\"]}]},{\"@type\":\"ImageObject\",\"inLanguage\":\"es-AR\",\"@id\":\"https:\/\/apuntesdesanluis.com\/index.php\/2024\/05\/07\/sobre-el-paro-del-9-tomar-conciencia-que-esto-es-en-defensa-propia\/#primaryimage\",\"url\":\"https:\/\/apuntesdesanluis.com\/wp-content\/uploads\/2024\/05\/Imagen-de-WhatsApp-2024-05-07-a-las-18.38.59_02e4d82c.jpg\",\"contentUrl\":\"https:\/\/apuntesdesanluis.com\/wp-content\/uploads\/2024\/05\/Imagen-de-WhatsApp-2024-05-07-a-las-18.38.59_02e4d82c.jpg\",\"width\":600,\"height\":350},{\"@type\":\"BreadcrumbList\",\"@id\":\"https:\/\/apuntesdesanluis.com\/index.php\/2024\/05\/07\/sobre-el-paro-del-9-tomar-conciencia-que-esto-es-en-defensa-propia\/#breadcrumb\",\"itemListElement\":[{\"@type\":\"ListItem\",\"position\":1,\"name\":\"Inicio\",\"item\":\"https:\/\/apuntesdesanluis.com\/\"},{\"@type\":\"ListItem\",\"position\":2,\"name\":\"SOBRE EL PARO DEL 9: \u201cTOMAR CONCIENCIA QUE ESTO ES EN DEFENSA PROPIA\u201d\"}]},{\"@type\":\"WebSite\",\"@id\":\"https:\/\/apuntesdesanluis.com\/#website\",\"url\":\"https:\/\/apuntesdesanluis.com\/\",\"name\":\"Apuntes de San Luis\",\"description\":\"\",\"publisher\":{\"@id\":\"https:\/\/apuntesdesanluis.com\/#\/schema\/person\/b55151d52296fcce64d1a72538a70b90\"},\"potentialAction\":[{\"@type\":\"SearchAction\",\"target\":{\"@type\":\"EntryPoint\",\"urlTemplate\":\"https:\/\/apuntesdesanluis.com\/?s={search_term_string}\"},\"query-input\":{\"@type\":\"PropertyValueSpecification\",\"valueRequired\":true,\"valueName\":\"search_term_string\"}}],\"inLanguage\":\"es-AR\"},{\"@type\":[\"Person\",\"Organization\"],\"@id\":\"https:\/\/apuntesdesanluis.com\/#\/schema\/person\/b55151d52296fcce64d1a72538a70b90\",\"name\":\"apuntesdesanluis.com\",\"image\":{\"@type\":\"ImageObject\",\"inLanguage\":\"es-AR\",\"@id\":\"https:\/\/apuntesdesanluis.com\/#\/schema\/person\/image\/\",\"url\":\"https:\/\/apuntesdesanluis.com\/wp-content\/uploads\/2023\/07\/cropped-apuntesdesanluis.png\",\"contentUrl\":\"https:\/\/apuntesdesanluis.com\/wp-content\/uploads\/2023\/07\/cropped-apuntesdesanluis.png\",\"width\":450,\"height\":112,\"caption\":\"apuntesdesanluis.com\"},\"logo\":{\"@id\":\"https:\/\/apuntesdesanluis.com\/#\/schema\/person\/image\/\"},\"sameAs\":[\"https:\/\/apuntesdesanluis.com\"],\"url\":\"https:\/\/apuntesdesanluis.com\/index.php\/author\/apuntesdesanluis-com\/\"}]}<\/script>\n<!-- \/ Yoast SEO plugin. -->","yoast_head_json":{"title":"SOBRE EL PARO DEL 9: \u201cTOMAR CONCIENCIA QUE ESTO ES EN DEFENSA PROPIA\u201d - Apuntes de San Luis","robots":{"index":"index","follow":"follow","max-snippet":"max-snippet:-1","max-image-preview":"max-image-preview:large","max-video-preview":"max-video-preview:-1"},"canonical":"https:\/\/apuntesdesanluis.com\/index.php\/2024\/05\/07\/sobre-el-paro-del-9-tomar-conciencia-que-esto-es-en-defensa-propia\/","og_locale":"es_ES","og_type":"article","og_title":"SOBRE EL PARO DEL 9: \u201cTOMAR CONCIENCIA QUE ESTO ES EN DEFENSA PROPIA\u201d - Apuntes de San Luis","og_description":"El Secretario General de ATSA, An\u00edbal G\u00f3mez, consider\u00f3 en referencia al paro general dispuesto por...","og_url":"https:\/\/apuntesdesanluis.com\/index.php\/2024\/05\/07\/sobre-el-paro-del-9-tomar-conciencia-que-esto-es-en-defensa-propia\/","og_site_name":"Apuntes de San Luis","article_published_time":"2024-05-08T00:02:43+00:00","article_modified_time":"2024-05-08T00:50:00+00:00","og_image":[{"width":600,"height":350,"url":"https:\/\/apuntesdesanluis.com\/wp-content\/uploads\/2024\/05\/Imagen-de-WhatsApp-2024-05-07-a-las-18.38.59_02e4d82c.jpg","type":"image\/jpeg"}],"author":"apuntesdesanluis.com","twitter_card":"summary_large_image","twitter_misc":{"Escrito por":"apuntesdesanluis.com","Tiempo de lectura":"3 minutos"},"schema":{"@context":"https:\/\/schema.org","@graph":[{"@type":"Article","@id":"https:\/\/apuntesdesanluis.com\/index.php\/2024\/05\/07\/sobre-el-paro-del-9-tomar-conciencia-que-esto-es-en-defensa-propia\/#article","isPartOf":{"@id":"https:\/\/apuntesdesanluis.com\/index.php\/2024\/05\/07\/sobre-el-paro-del-9-tomar-conciencia-que-esto-es-en-defensa-propia\/"},"author":{"name":"apuntesdesanluis.com","@id":"https:\/\/apuntesdesanluis.com\/#\/schema\/person\/b55151d52296fcce64d1a72538a70b90"},"headline":"SOBRE EL PARO DEL 9: \u201cTOMAR CONCIENCIA QUE ESTO ES EN DEFENSA PROPIA\u201d","datePublished":"2024-05-08T00:02:43+00:00","dateModified":"2024-05-08T00:50:00+00:00","mainEntityOfPage":{"@id":"https:\/\/apuntesdesanluis.com\/index.php\/2024\/05\/07\/sobre-el-paro-del-9-tomar-conciencia-que-esto-es-en-defensa-propia\/"},"wordCount":432,"publisher":{"@id":"https:\/\/apuntesdesanluis.com\/#\/schema\/person\/b55151d52296fcce64d1a72538a70b90"},"image":{"@id":"https:\/\/apuntesdesanluis.com\/index.php\/2024\/05\/07\/sobre-el-paro-del-9-tomar-conciencia-que-esto-es-en-defensa-propia\/#primaryimage"},"thumbnailUrl":"https:\/\/apuntesdesanluis.com\/wp-content\/uploads\/2024\/05\/Imagen-de-WhatsApp-2024-05-07-a-las-18.38.59_02e4d82c.jpg","articleSection":["Ciudad\/Provincia"],"inLanguage":"es-AR"},{"@type":"WebPage","@id":"https:\/\/apuntesdesanluis.com\/index.php\/2024\/05\/07\/sobre-el-paro-del-9-tomar-conciencia-que-esto-es-en-defensa-propia\/","url":"https:\/\/apuntesdesanluis.com\/index.php\/2024\/05\/07\/sobre-el-paro-del-9-tomar-conciencia-que-esto-es-en-defensa-propia\/","name":"SOBRE EL PARO DEL 9: \u201cTOMAR CONCIENCIA QUE ESTO ES EN DEFENSA PROPIA\u201d - Apuntes de San Luis","isPartOf":{"@id":"https:\/\/apuntesdesanluis.com\/#website"},"primaryImageOfPage":{"@id":"https:\/\/apuntesdesanluis.com\/index.php\/2024\/05\/07\/sobre-el-paro-del-9-tomar-conciencia-que-esto-es-en-defensa-propia\/#primaryimage"},"image":{"@id":"https:\/\/apuntesdesanluis.com\/index.php\/2024\/05\/07\/sobre-el-paro-del-9-tomar-conciencia-que-esto-es-en-defensa-propia\/#primaryimage"},"thumbnailUrl":"https:\/\/apuntesdesanluis.com\/wp-content\/uploads\/2024\/05\/Imagen-de-WhatsApp-2024-05-07-a-las-18.38.59_02e4d82c.jpg","datePublished":"2024-05-08T00:02:43+00:00","dateModified":"2024-05-08T00:50:00+00:00","breadcrumb":{"@id":"https:\/\/apuntesdesanluis.com\/index.php\/2024\/05\/07\/sobre-el-paro-del-9-tomar-conciencia-que-esto-es-en-defensa-propia\/#breadcrumb"},"inLanguage":"es-AR","potentialAction":[{"@type":"ReadAction","target":["https:\/\/apuntesdesanluis.com\/index.php\/2024\/05\/07\/sobre-el-paro-del-9-tomar-conciencia-que-esto-es-en-defensa-propia\/"]}]},{"@type":"ImageObject","inLanguage":"es-AR","@id":"https:\/\/apuntesdesanluis.com\/index.php\/2024\/05\/07\/sobre-el-paro-del-9-tomar-conciencia-que-esto-es-en-defensa-propia\/#primaryimage","url":"https:\/\/apuntesdesanluis.com\/wp-content\/uploads\/2024\/05\/Imagen-de-WhatsApp-2024-05-07-a-las-18.38.59_02e4d82c.jpg","contentUrl":"https:\/\/apuntesdesanluis.com\/wp-content\/uploads\/2024\/05\/Imagen-de-WhatsApp-2024-05-07-a-las-18.38.59_02e4d82c.jpg","width":600,"height":350},{"@type":"BreadcrumbList","@id":"https:\/\/apuntesdesanluis.com\/index.php\/2024\/05\/07\/sobre-el-paro-del-9-tomar-conciencia-que-esto-es-en-defensa-propia\/#breadcrumb","itemListElement":[{"@type":"ListItem","position":1,"name":"Inicio","item":"https:\/\/apuntesdesanluis.com\/"},{"@type":"ListItem","position":2,"name":"SOBRE EL PARO DEL 9: \u201cTOMAR CONCIENCIA QUE ESTO ES EN DEFENSA PROPIA\u201d"}]},{"@type":"WebSite","@id":"https:\/\/apuntesdesanluis.com\/#website","url":"https:\/\/apuntesdesanluis.com\/","name":"Apuntes de San Luis","description":"","publisher":{"@id":"https:\/\/apuntesdesanluis.com\/#\/schema\/person\/b55151d52296fcce64d1a72538a70b90"},"potentialAction":[{"@type":"SearchAction","target":{"@type":"EntryPoint","urlTemplate":"https:\/\/apuntesdesanluis.com\/?s={search_term_string}"},"query-input":{"@type":"PropertyValueSpecification","valueRequired":true,"valueName":"search_term_string"}}],"inLanguage":"es-AR"},{"@type":["Person","Organization"],"@id":"https:\/\/apuntesdesanluis.com\/#\/schema\/person\/b55151d52296fcce64d1a72538a70b90","name":"apuntesdesanluis.com","image":{"@type":"ImageObject","inLanguage":"es-AR","@id":"https:\/\/apuntesdesanluis.com\/#\/schema\/person\/image\/","url":"https:\/\/apuntesdesanluis.com\/wp-content\/uploads\/2023\/07\/cropped-apuntesdesanluis.png","contentUrl":"https:\/\/apuntesdesanluis.com\/wp-content\/uploads\/2023\/07\/cropped-apuntesdesanluis.png","width":450,"height":112,"caption":"apuntesdesanluis.com"},"logo":{"@id":"https:\/\/apuntesdesanluis.com\/#\/schema\/person\/image\/"},"sameAs":["https:\/\/apuntesdesanluis.com"],"url":"https:\/\/apuntesdesanluis.com\/index.php\/author\/apuntesdesanluis-com\/"}]}},"featured_image_urls":{"full":["https:\/\/apuntesdesanluis.com\/wp-content\/uploads\/2024\/05\/Imagen-de-WhatsApp-2024-05-07-a-las-18.38.59_02e4d82c.jpg",600,350,false],"thumbnail":["https:\/\/apuntesdesanluis.com\/wp-content\/uploads\/2024\/05\/Imagen-de-WhatsApp-2024-05-07-a-las-18.38.59_02e4d82c-150x150.jpg",150,150,true],"medium":["https:\/\/apuntesdesanluis.com\/wp-content\/uploads\/2024\/05\/Imagen-de-WhatsApp-2024-05-07-a-las-18.38.59_02e4d82c-300x175.jpg",300,175,true],"medium_large":["https:\/\/apuntesdesanluis.com\/wp-content\/uploads\/2024\/05\/Imagen-de-WhatsApp-2024-05-07-a-las-18.38.59_02e4d82c.jpg",600,350,false],"large":["https:\/\/apuntesdesanluis.com\/wp-content\/uploads\/2024\/05\/Imagen-de-WhatsApp-2024-05-07-a-las-18.38.59_02e4d82c.jpg",600,350,false],"1536x1536":["https:\/\/apuntesdesanluis.com\/wp-content\/uploads\/2024\/05\/Imagen-de-WhatsApp-2024-05-07-a-las-18.38.59_02e4d82c.jpg",600,350,false],"2048x2048":["https:\/\/apuntesdesanluis.com\/wp-content\/uploads\/2024\/05\/Imagen-de-WhatsApp-2024-05-07-a-las-18.38.59_02e4d82c.jpg",600,350,false],"newsever-slider-full":["https:\/\/apuntesdesanluis.com\/wp-content\/uploads\/2024\/05\/Imagen-de-WhatsApp-2024-05-07-a-las-18.38.59_02e4d82c.jpg",600,350,false],"newsever-featured":["https:\/\/apuntesdesanluis.com\/wp-content\/uploads\/2024\/05\/Imagen-de-WhatsApp-2024-05-07-a-las-18.38.59_02e4d82c.jpg",600,350,false],"newsever-medium":["https:\/\/apuntesdesanluis.com\/wp-content\/uploads\/2024\/05\/Imagen-de-WhatsApp-2024-05-07-a-las-18.38.59_02e4d82c.jpg",600,350,false]},"author_info":{"display_name":"apuntesdesanluis.com","author_link":"https:\/\/apuntesdesanluis.com\/index.php\/author\/apuntesdesanluis-com\/"},"category_info":"<a href=\"https:\/\/apuntesdesanluis.com\/index.php\/category\/ciudad-provincia\/\" rel=\"category tag\">Ciudad\/Provincia<\/a>","tag_info":"Ciudad\/Provincia","comment_count":"0","_links":{"self":[{"href":"https:\/\/apuntesdesanluis.com\/index.php\/wp-json\/wp\/v2\/posts\/15763","targetHints":{"allow":["GET"]}}],"collection":[{"href":"https:\/\/apuntesdesanluis.com\/index.php\/wp-json\/wp\/v2\/posts"}],"about":[{"href":"https:\/\/apuntesdesanluis.com\/index.php\/wp-json\/wp\/v2\/types\/post"}],"author":[{"embeddable":true,"href":"https:\/\/apuntesdesanluis.com\/index.php\/wp-json\/wp\/v2\/users\/1"}],"replies":[{"embeddable":true,"href":"https:\/\/apuntesdesanluis.com\/index.php\/wp-json\/wp\/v2\/comments?post=15763"}],"version-history":[{"count":2,"href":"https:\/\/apuntesdesanluis.com\/index.php\/wp-json\/wp\/v2\/posts\/15763\/revisions"}],"predecessor-version":[{"id":15768,"href":"https:\/\/apuntesdesanluis.com\/index.php\/wp-json\/wp\/v2\/posts\/15763\/revisions\/15768"}],"wp:featuredmedia":[{"embeddable":true,"href":"https:\/\/apuntesdesanluis.com\/index.php\/wp-json\/wp\/v2\/media\/15764"}],"wp:attachment":[{"href":"https:\/\/apuntesdesanluis.com\/index.php\/wp-json\/wp\/v2\/media?parent=15763"}],"wp:term":[{"taxonomy":"category","embeddable":true,"href":"https:\/\/apuntesdesanluis.com\/index.php\/wp-json\/wp\/v2\/categories?post=15763"},{"taxonomy":"post_tag","embeddable":true,"href":"https:\/\/apuntesdesanluis.com\/index.php\/wp-json\/wp\/v2\/tags?post=15763"}],"curies":[{"name":"wp","href":"https:\/\/api.w.org\/{rel}","templated":true}]}}